{"id":66038,"date":"2025-04-21T12:14:47","date_gmt":"2025-04-21T11:14:47","guid":{"rendered":"https:\/\/lasentinelle.dz\/?p=66038"},"modified":"2025-04-21T12:14:48","modified_gmt":"2025-04-21T11:14:48","slug":"15e-edition-du-festival-national-du-theatre-universitaire-de-constantine-en-hommage-a-ahmed-hamoumi","status":"publish","type":"post","link":"https:\/\/lasentinelle.dz\/index.php\/2025\/04\/21\/15e-edition-du-festival-national-du-theatre-universitaire-de-constantine-en-hommage-a-ahmed-hamoumi\/","title":{"rendered":"15e \u00e9dition du Festival National du Th\u00e9\u00e2tre Universitaire de Constantine : En hommage \u00e0 Ahmed Hamoumi"},"content":{"rendered":"\n<p>Cette \u00e9dition rev\u00eat une symbolique particuli\u00e8re puisqu&rsquo;elle porte le nom d&rsquo;Ahmed Hamoumi, l&rsquo;un des pionniers du th\u00e9\u00e2tre universitaire alg\u00e9rien, en hommage \u00e0 son parcours exceptionnel et \u00e0 sa contribution d\u00e9cisive au rayonnement de la culture th\u00e9\u00e2trale en milieu acad\u00e9mique.<\/p>\n\n\n\n<p>La ville des ponts suspendus, Constantine, a accueilli samedi dernier le lancement de la 15\u00e8me \u00e9dition du Festival National du Th\u00e9\u00e2tre Universitaire, un \u00e9v\u00e9nement qui s&rsquo;affirme ann\u00e9e apr\u00e8s ann\u00e9e comme l&rsquo;un des rendez-vous incontournables de la sc\u00e8ne th\u00e9\u00e2trale estudiantine. &nbsp;Cette manifestation, qui se tient au prestigieux Th\u00e9\u00e2tre r\u00e9gional Mohamed-Tahar Fergani jusqu&rsquo;au 24 avril 2025, rassemble 21 \u00e9tablissements universitaires issus de diff\u00e9rentes wilayas du pays, ainsi que trois universit\u00e9s arabes venues du Sultanat d&rsquo;Oman, de Libye et de Tunisie, refl\u00e9tant ainsi la dimension internationale que prend progressivement ce festival. Cette \u00e9dition rev\u00eat une symbolique particuli\u00e8re puisqu&rsquo;elle porte le nom d&rsquo;Ahmed Hamoumi (1947-2023), l&rsquo;un des pionniers du th\u00e9\u00e2tre universitaire alg\u00e9rien, en hommage \u00e0 son parcours exceptionnel et \u00e0 sa contribution d\u00e9cisive au rayonnement de la culture th\u00e9\u00e2trale en milieu acad\u00e9mique. Lors de la c\u00e9r\u00e9monie d&rsquo;ouverture, le message du ministre de l&rsquo;Enseignement sup\u00e9rieur et de la Recherche scientifique, Kamel Baddari, lu par Assia Sahraoui, directrice de la vie estudiantine au minist\u00e8re, a mis en lumi\u00e8re \u00ab\u00a0l&rsquo;importance du th\u00e9\u00e2tre universitaire alg\u00e9rien qui a permis l&rsquo;\u00e9mergence de grands artistes qui ont brill\u00e9 dans le 4\u00e8me art professionnel\u00a0\u00bb. Le ministre a \u00e9galement salu\u00e9 \u00ab\u00a0la pr\u00e9sence de nombreuses figures artistiques, dont des acteurs, des metteurs en sc\u00e8ne et des d\u00e9l\u00e9gations arabes\u00a0\u00bb, estimant que cet espace artistique \u00ab\u00a0incarne les plus hautes significations de l&rsquo;unit\u00e9 et de la diversit\u00e9, et raffermit le lien entre l&rsquo;universit\u00e9 et le monde de la culture et des arts\u00a0\u00bb.<\/p>\n\n\n\n<p>Dans ce contexte de c\u00e9l\u00e9bration de l&rsquo;art dramatique estudiantin, Azzedine Rebiga, directeur-adjoint de l&rsquo;action culturelle au m\u00eame minist\u00e8re, a pr\u00e9cis\u00e9 dans une d\u00e9claration \u00e0 l&rsquo;APS que les \u00e9tudiants participant \u00e0 cet \u00e9v\u00e9nement \u00ab\u00a0sont de futurs artistes qui auront l&rsquo;occasion, au cours du festival, de c\u00f4toyer des \u00e9lites th\u00e9\u00e2trales et de b\u00e9n\u00e9ficier de leurs exp\u00e9riences\u00a0\u00bb. Le programme de cette 15\u00e8me \u00e9dition s&rsquo;annonce particuli\u00e8rement riche et diversifi\u00e9, avec la pr\u00e9sentation de 21 productions th\u00e9\u00e2trales qui seront jou\u00e9es dans deux espaces majeurs : le Th\u00e9\u00e2tre r\u00e9gional Mohamed-Tahar Fergani et l&rsquo;universit\u00e9 Salah-Boubnider (Constantine 3). Parmi ces cr\u00e9ations, huit \u0153uvres ont \u00e9t\u00e9 s\u00e9lectionn\u00e9es pour concourir au prestigieux prix du \u00ab\u00a0Meilleur spectacle th\u00e9\u00e2tral universitaire\u00a0\u00bb, une distinction qui r\u00e9compense l&rsquo;excellence et l&rsquo;innovation dans le domaine du th\u00e9\u00e2tre estudiantin. Au-del\u00e0 des repr\u00e9sentations, le festival propose \u00e9galement un volet formatif substantiel \u00e0 travers des ateliers d\u00e9di\u00e9s notamment \u00e0 l&rsquo;\u00e9criture cr\u00e9ative, \u00e0 la mise en sc\u00e8ne et \u00e0 la sc\u00e9nographie. Ces modules pratiques seront compl\u00e9t\u00e9s par des s\u00e9ances de d\u00e9bats et des tables rondes qui permettront aux \u00e9tudiants d&rsquo;\u00e9changer avec des professionnels et des experts du domaine th\u00e9\u00e2tral, cr\u00e9ant ainsi un espace de dialogue interg\u00e9n\u00e9rationnel propice \u00e0 la transmission du savoir et \u00e0 l&rsquo;\u00e9mergence de nouvelles approches artistiques. L&rsquo;\u00e9valuation des \u0153uvres en comp\u00e9tition sera assur\u00e9e par un jury compos\u00e9 de personnalit\u00e9s artistiques de premier plan, garantissant ainsi une appr\u00e9ciation rigoureuse et qualitative des productions pr\u00e9sent\u00e9es. Cette dimension comp\u00e9titive stimule la cr\u00e9ativit\u00e9 des troupes participantes tout en maintenant un niveau d&rsquo;exigence \u00e9lev\u00e9. La c\u00e9r\u00e9monie d&rsquo;ouverture a marqu\u00e9 les esprits par un spectacle chor\u00e9graphique saisissant qui a su captiver l&rsquo;audience en reproduisant des sc\u00e8nes de l&rsquo;histoire ancienne de l&rsquo;Alg\u00e9rie dans un style artistique novateur, m\u00ealant jeu d&rsquo;acteurs et gestuelle expressive. Cette performance a cr\u00e9\u00e9 une ambiance empreinte d&rsquo;\u00e9motion, refl\u00e9tant la profondeur de l&rsquo;appartenance culturelle de la r\u00e9gion constantinoise, territoire aux racines mill\u00e9naires. L&rsquo;un des moments forts de cette soir\u00e9e inaugurale fut sans conteste la projection d&rsquo;une vid\u00e9o retra\u00e7ant les moments marquants de la vie du regrett\u00e9 dramaturge et chercheur universitaire Ahmed Hamoumi. Ce document audiovisuel a mis en lumi\u00e8re ses contributions majeures au d\u00e9veloppement du th\u00e9\u00e2tre universitaire en Alg\u00e9rie, perp\u00e9tuant ainsi sa m\u00e9moire aupr\u00e8s des g\u00e9n\u00e9rations montantes et inspirant les \u00e9tudiants \u00e0 poursuivre leur cheminement sur la voie de la cr\u00e9ativit\u00e9 et de l&rsquo;engagement artistique.<\/p>\n\n\n\n<p>Mohand Seghir<\/p>\n","protected":false},"excerpt":{"rendered":"<p>Cette \u00e9dition rev\u00eat une symbolique particuli\u00e8re puisqu&rsquo;elle porte le nom d&rsquo;Ahmed Hamoumi, l&rsquo;un des pionniers du th\u00e9\u00e2tre universitaire alg\u00e9rien, en<\/p>\n","protected":false},"author":6,"featured_media":66039,"comment_status":"open","ping_status":"closed","sticky":false,"template":"","format":"standard","meta":{"colormag_page_container_layout":"default_layout","colormag_page_sidebar_layout":"default_layout","om_disable_all_campaigns":false,"_monsterinsights_skip_tracking":false,"_monsterinsights_sitenote_active":false,"_monsterinsights_sitenote_note":"","_monsterinsights_sitenote_category":0,"footnotes":"","_wpscppro_dont_share_socialmedia":false,"_wpscppro_custom_social_share_image":0,"_facebook_share_type":"default","_twitter_share_type":"default","_linkedin_share_type":"default","_pinterest_share_type":"default","_linkedin_share_type_page":"","_instagram_share_type":"default","_medium_share_type":"default","_threads_share_type":"","_google_business_share_type":"","_selected_social_profile":[],"_wpsp_enable_custom_social_template":false,"_wpsp_social_scheduling":{"enabled":false,"datetime":null,"platforms":[],"status":"template_only","dateOption":"today","timeOption":"now","customDays":"","customHours":"","customDate":"","customTime":"","schedulingType":"absolute"},"_wpsp_active_default_template":true},"categories":[36],"tags":[],"class_list":["post-66038","post","type-post","status-publish","format-standard","has-post-thumbnail","hentry","category-culture"],"aioseo_notices":[],"yoast_head":"<!-- This site is optimized with the Yoast SEO plugin v27.5 - https:\/\/yoast.com\/product\/yoast-seo-wordpress\/ -->\n<title>15e \u00e9dition du Festival National du Th\u00e9\u00e2tre Universitaire de Constantine : En hommage \u00e0 Ahmed Hamoumi - La Sentinelle<\/title>\n<meta name=\"robots\" content=\"index, follow, max-snippet:-1, max-image-preview:large, max-video-preview:-1\" \/>\n<link rel=\"canonical\" href=\"https:\/\/lasentinelle.dz\/index.php\/2025\/04\/21\/15e-edition-du-festival-national-du-theatre-universitaire-de-constantine-en-hommage-a-ahmed-hamoumi\/\" \/>\n<meta property=\"og:locale\" content=\"fr_FR\" \/>\n<meta property=\"og:type\" content=\"article\" \/>\n<meta property=\"og:title\" content=\"15e \u00e9dition du Festival National du Th\u00e9\u00e2tre Universitaire de Constantine : En hommage \u00e0 Ahmed Hamoumi - La Sentinelle\" \/>\n<meta property=\"og:description\" content=\"Cette \u00e9dition rev\u00eat une symbolique particuli\u00e8re puisqu&rsquo;elle porte le nom d&rsquo;Ahmed Hamoumi, l&rsquo;un des pionniers du th\u00e9\u00e2tre universitaire alg\u00e9rien, en\" \/>\n<meta property=\"og:url\" content=\"https:\/\/lasentinelle.dz\/index.php\/2025\/04\/21\/15e-edition-du-festival-national-du-theatre-universitaire-de-constantine-en-hommage-a-ahmed-hamoumi\/\" \/>\n<meta property=\"og:site_name\" content=\"La Sentinelle\" \/>\n<meta property=\"article:publisher\" content=\"https:\/\/www.facebook.com\/La-Sentinelle-104059864394773\" \/>\n<meta property=\"article:published_time\" content=\"2025-04-21T11:14:47+00:00\" \/>\n<meta property=\"article:modified_time\" content=\"2025-04-21T11:14:48+00:00\" \/>\n<meta property=\"og:image\" content=\"https:\/\/lasentinelle.dz\/wp-content\/uploads\/2025\/04\/theatre-universitaire.jpeg\" \/>\n\t<meta property=\"og:image:width\" content=\"1080\" \/>\n\t<meta property=\"og:image:height\" content=\"720\" \/>\n\t<meta property=\"og:image:type\" content=\"image\/jpeg\" \/>\n<meta name=\"author\" content=\"admin\" \/>\n<meta name=\"twitter:card\" content=\"summary_large_image\" \/>\n<meta name=\"twitter:label1\" content=\"\u00c9crit par\" \/>\n\t<meta name=\"twitter:data1\" content=\"admin\" \/>\n\t<meta name=\"twitter:label2\" content=\"Dur\u00e9e de lecture estim\u00e9e\" \/>\n\t<meta name=\"twitter:data2\" content=\"4 minutes\" \/>\n<script type=\"application\/ld+json\" class=\"yoast-schema-graph\">{\"@context\":\"https:\\\/\\\/schema.org\",\"@graph\":[{\"@type\":\"Article\",\"@id\":\"https:\\\/\\\/lasentinelle.dz\\\/index.php\\\/2025\\\/04\\\/21\\\/15e-edition-du-festival-national-du-theatre-universitaire-de-constantine-en-hommage-a-ahmed-hamoumi\\\/#article\",\"isPartOf\":{\"@id\":\"https:\\\/\\\/lasentinelle.dz\\\/index.php\\\/2025\\\/04\\\/21\\\/15e-edition-du-festival-national-du-theatre-universitaire-de-constantine-en-hommage-a-ahmed-hamoumi\\\/\"},\"author\":{\"name\":\"admin\",\"@id\":\"https:\\\/\\\/lasentinelle.dz\\\/#\\\/schema\\\/person\\\/729ee0024f24e0b8c5ec17232f8e8b41\"},\"headline\":\"15e \u00e9dition du Festival National du Th\u00e9\u00e2tre Universitaire de Constantine : En hommage \u00e0 Ahmed Hamoumi\",\"datePublished\":\"2025-04-21T11:14:47+00:00\",\"dateModified\":\"2025-04-21T11:14:48+00:00\",\"mainEntityOfPage\":{\"@id\":\"https:\\\/\\\/lasentinelle.dz\\\/index.php\\\/2025\\\/04\\\/21\\\/15e-edition-du-festival-national-du-theatre-universitaire-de-constantine-en-hommage-a-ahmed-hamoumi\\\/\"},\"wordCount\":790,\"commentCount\":0,\"publisher\":{\"@id\":\"https:\\\/\\\/lasentinelle.dz\\\/#organization\"},\"image\":{\"@id\":\"https:\\\/\\\/lasentinelle.dz\\\/index.php\\\/2025\\\/04\\\/21\\\/15e-edition-du-festival-national-du-theatre-universitaire-de-constantine-en-hommage-a-ahmed-hamoumi\\\/#primaryimage\"},\"thumbnailUrl\":\"https:\\\/\\\/lasentinelle.dz\\\/wp-content\\\/uploads\\\/2025\\\/04\\\/theatre-universitaire.jpeg\",\"articleSection\":[\"Culture\"],\"inLanguage\":\"fr-FR\",\"potentialAction\":[{\"@type\":\"CommentAction\",\"name\":\"Comment\",\"target\":[\"https:\\\/\\\/lasentinelle.dz\\\/index.php\\\/2025\\\/04\\\/21\\\/15e-edition-du-festival-national-du-theatre-universitaire-de-constantine-en-hommage-a-ahmed-hamoumi\\\/#respond\"]}]},{\"@type\":\"WebPage\",\"@id\":\"https:\\\/\\\/lasentinelle.dz\\\/index.php\\\/2025\\\/04\\\/21\\\/15e-edition-du-festival-national-du-theatre-universitaire-de-constantine-en-hommage-a-ahmed-hamoumi\\\/\",\"url\":\"https:\\\/\\\/lasentinelle.dz\\\/index.php\\\/2025\\\/04\\\/21\\\/15e-edition-du-festival-national-du-theatre-universitaire-de-constantine-en-hommage-a-ahmed-hamoumi\\\/\",\"name\":\"15e \u00e9dition du Festival National du Th\u00e9\u00e2tre Universitaire de Constantine : En hommage \u00e0 Ahmed Hamoumi - La Sentinelle\",\"isPartOf\":{\"@id\":\"https:\\\/\\\/lasentinelle.dz\\\/#website\"},\"primaryImageOfPage\":{\"@id\":\"https:\\\/\\\/lasentinelle.dz\\\/index.php\\\/2025\\\/04\\\/21\\\/15e-edition-du-festival-national-du-theatre-universitaire-de-constantine-en-hommage-a-ahmed-hamoumi\\\/#primaryimage\"},\"image\":{\"@id\":\"https:\\\/\\\/lasentinelle.dz\\\/index.php\\\/2025\\\/04\\\/21\\\/15e-edition-du-festival-national-du-theatre-universitaire-de-constantine-en-hommage-a-ahmed-hamoumi\\\/#primaryimage\"},\"thumbnailUrl\":\"https:\\\/\\\/lasentinelle.dz\\\/wp-content\\\/uploads\\\/2025\\\/04\\\/theatre-universitaire.jpeg\",\"datePublished\":\"2025-04-21T11:14:47+00:00\",\"dateModified\":\"2025-04-21T11:14:48+00:00\",\"breadcrumb\":{\"@id\":\"https:\\\/\\\/lasentinelle.dz\\\/index.php\\\/2025\\\/04\\\/21\\\/15e-edition-du-festival-national-du-theatre-universitaire-de-constantine-en-hommage-a-ahmed-hamoumi\\\/#breadcrumb\"},\"inLanguage\":\"fr-FR\",\"potentialAction\":[{\"@type\":\"ReadAction\",\"target\":[\"https:\\\/\\\/lasentinelle.dz\\\/index.php\\\/2025\\\/04\\\/21\\\/15e-edition-du-festival-national-du-theatre-universitaire-de-constantine-en-hommage-a-ahmed-hamoumi\\\/\"]}]},{\"@type\":\"ImageObject\",\"inLanguage\":\"fr-FR\",\"@id\":\"https:\\\/\\\/lasentinelle.dz\\\/index.php\\\/2025\\\/04\\\/21\\\/15e-edition-du-festival-national-du-theatre-universitaire-de-constantine-en-hommage-a-ahmed-hamoumi\\\/#primaryimage\",\"url\":\"https:\\\/\\\/lasentinelle.dz\\\/wp-content\\\/uploads\\\/2025\\\/04\\\/theatre-universitaire.jpeg\",\"contentUrl\":\"https:\\\/\\\/lasentinelle.dz\\\/wp-content\\\/uploads\\\/2025\\\/04\\\/theatre-universitaire.jpeg\",\"width\":1080,\"height\":720},{\"@type\":\"BreadcrumbList\",\"@id\":\"https:\\\/\\\/lasentinelle.dz\\\/index.php\\\/2025\\\/04\\\/21\\\/15e-edition-du-festival-national-du-theatre-universitaire-de-constantine-en-hommage-a-ahmed-hamoumi\\\/#breadcrumb\",\"itemListElement\":[{\"@type\":\"ListItem\",\"position\":1,\"name\":\"Accueil\",\"item\":\"https:\\\/\\\/lasentinelle.dz\\\/\"},{\"@type\":\"ListItem\",\"position\":2,\"name\":\"15e \u00e9dition du Festival National du Th\u00e9\u00e2tre Universitaire de Constantine : En hommage \u00e0 Ahmed Hamoumi\"}]},{\"@type\":\"WebSite\",\"@id\":\"https:\\\/\\\/lasentinelle.dz\\\/#website\",\"url\":\"https:\\\/\\\/lasentinelle.dz\\\/\",\"name\":\"La Sentinelle\",\"description\":\"Quotidien national d&#039;information\",\"publisher\":{\"@id\":\"https:\\\/\\\/lasentinelle.dz\\\/#organization\"},\"potentialAction\":[{\"@type\":\"SearchAction\",\"target\":{\"@type\":\"EntryPoint\",\"urlTemplate\":\"https:\\\/\\\/lasentinelle.dz\\\/?s={search_term_string}\"},\"query-input\":{\"@type\":\"PropertyValueSpecification\",\"valueRequired\":true,\"valueName\":\"search_term_string\"}}],\"inLanguage\":\"fr-FR\"},{\"@type\":\"Organization\",\"@id\":\"https:\\\/\\\/lasentinelle.dz\\\/#organization\",\"name\":\"Quotidien La Sentinelle\",\"url\":\"https:\\\/\\\/lasentinelle.dz\\\/\",\"logo\":{\"@type\":\"ImageObject\",\"inLanguage\":\"fr-FR\",\"@id\":\"https:\\\/\\\/lasentinelle.dz\\\/#\\\/schema\\\/logo\\\/image\\\/\",\"url\":\"https:\\\/\\\/lasentinelle.dz\\\/wp-content\\\/uploads\\\/2021\\\/09\\\/logo-sentinelleSLOGAN-1.png\",\"contentUrl\":\"https:\\\/\\\/lasentinelle.dz\\\/wp-content\\\/uploads\\\/2021\\\/09\\\/logo-sentinelleSLOGAN-1.png\",\"width\":615,\"height\":142,\"caption\":\"Quotidien La Sentinelle\"},\"image\":{\"@id\":\"https:\\\/\\\/lasentinelle.dz\\\/#\\\/schema\\\/logo\\\/image\\\/\"},\"sameAs\":[\"https:\\\/\\\/www.facebook.com\\\/La-Sentinelle-104059864394773\"]},{\"@type\":\"Person\",\"@id\":\"https:\\\/\\\/lasentinelle.dz\\\/#\\\/schema\\\/person\\\/729ee0024f24e0b8c5ec17232f8e8b41\",\"name\":\"admin\",\"image\":{\"@type\":\"ImageObject\",\"inLanguage\":\"fr-FR\",\"@id\":\"https:\\\/\\\/secure.gravatar.com\\\/avatar\\\/4c81fed838786e9b53f540bf46533e750f5d292099ae3b66cfc6fb1982e29df7?s=96&d=mm&r=g\",\"url\":\"https:\\\/\\\/secure.gravatar.com\\\/avatar\\\/4c81fed838786e9b53f540bf46533e750f5d292099ae3b66cfc6fb1982e29df7?s=96&d=mm&r=g\",\"contentUrl\":\"https:\\\/\\\/secure.gravatar.com\\\/avatar\\\/4c81fed838786e9b53f540bf46533e750f5d292099ae3b66cfc6fb1982e29df7?s=96&d=mm&r=g\",\"caption\":\"admin\"},\"description\":\"admin\",\"url\":\"https:\\\/\\\/lasentinelle.dz\\\/author\\\/admin\\\/\"}]}<\/script>\n<!-- \/ Yoast SEO plugin. -->","yoast_head_json":{"title":"15e \u00e9dition du Festival National du Th\u00e9\u00e2tre Universitaire de Constantine : En hommage \u00e0 Ahmed Hamoumi - La Sentinelle","robots":{"index":"index","follow":"follow","max-snippet":"max-snippet:-1","max-image-preview":"max-image-preview:large","max-video-preview":"max-video-preview:-1"},"canonical":"https:\/\/lasentinelle.dz\/index.php\/2025\/04\/21\/15e-edition-du-festival-national-du-theatre-universitaire-de-constantine-en-hommage-a-ahmed-hamoumi\/","og_locale":"fr_FR","og_type":"article","og_title":"15e \u00e9dition du Festival National du Th\u00e9\u00e2tre Universitaire de Constantine : En hommage \u00e0 Ahmed Hamoumi - La Sentinelle","og_description":"Cette \u00e9dition rev\u00eat une symbolique particuli\u00e8re puisqu&rsquo;elle porte le nom d&rsquo;Ahmed Hamoumi, l&rsquo;un des pionniers du th\u00e9\u00e2tre universitaire alg\u00e9rien, en","og_url":"https:\/\/lasentinelle.dz\/index.php\/2025\/04\/21\/15e-edition-du-festival-national-du-theatre-universitaire-de-constantine-en-hommage-a-ahmed-hamoumi\/","og_site_name":"La Sentinelle","article_publisher":"https:\/\/www.facebook.com\/La-Sentinelle-104059864394773","article_published_time":"2025-04-21T11:14:47+00:00","article_modified_time":"2025-04-21T11:14:48+00:00","og_image":[{"width":1080,"height":720,"url":"https:\/\/lasentinelle.dz\/wp-content\/uploads\/2025\/04\/theatre-universitaire.jpeg","type":"image\/jpeg"}],"author":"admin","twitter_card":"summary_large_image","twitter_misc":{"\u00c9crit par":"admin","Dur\u00e9e de lecture estim\u00e9e":"4 minutes"},"schema":{"@context":"https:\/\/schema.org","@graph":[{"@type":"Article","@id":"https:\/\/lasentinelle.dz\/index.php\/2025\/04\/21\/15e-edition-du-festival-national-du-theatre-universitaire-de-constantine-en-hommage-a-ahmed-hamoumi\/#article","isPartOf":{"@id":"https:\/\/lasentinelle.dz\/index.php\/2025\/04\/21\/15e-edition-du-festival-national-du-theatre-universitaire-de-constantine-en-hommage-a-ahmed-hamoumi\/"},"author":{"name":"admin","@id":"https:\/\/lasentinelle.dz\/#\/schema\/person\/729ee0024f24e0b8c5ec17232f8e8b41"},"headline":"15e \u00e9dition du Festival National du Th\u00e9\u00e2tre Universitaire de Constantine : En hommage \u00e0 Ahmed Hamoumi","datePublished":"2025-04-21T11:14:47+00:00","dateModified":"2025-04-21T11:14:48+00:00","mainEntityOfPage":{"@id":"https:\/\/lasentinelle.dz\/index.php\/2025\/04\/21\/15e-edition-du-festival-national-du-theatre-universitaire-de-constantine-en-hommage-a-ahmed-hamoumi\/"},"wordCount":790,"commentCount":0,"publisher":{"@id":"https:\/\/lasentinelle.dz\/#organization"},"image":{"@id":"https:\/\/lasentinelle.dz\/index.php\/2025\/04\/21\/15e-edition-du-festival-national-du-theatre-universitaire-de-constantine-en-hommage-a-ahmed-hamoumi\/#primaryimage"},"thumbnailUrl":"https:\/\/lasentinelle.dz\/wp-content\/uploads\/2025\/04\/theatre-universitaire.jpeg","articleSection":["Culture"],"inLanguage":"fr-FR","potentialAction":[{"@type":"CommentAction","name":"Comment","target":["https:\/\/lasentinelle.dz\/index.php\/2025\/04\/21\/15e-edition-du-festival-national-du-theatre-universitaire-de-constantine-en-hommage-a-ahmed-hamoumi\/#respond"]}]},{"@type":"WebPage","@id":"https:\/\/lasentinelle.dz\/index.php\/2025\/04\/21\/15e-edition-du-festival-national-du-theatre-universitaire-de-constantine-en-hommage-a-ahmed-hamoumi\/","url":"https:\/\/lasentinelle.dz\/index.php\/2025\/04\/21\/15e-edition-du-festival-national-du-theatre-universitaire-de-constantine-en-hommage-a-ahmed-hamoumi\/","name":"15e \u00e9dition du Festival National du Th\u00e9\u00e2tre Universitaire de Constantine : En hommage \u00e0 Ahmed Hamoumi - La Sentinelle","isPartOf":{"@id":"https:\/\/lasentinelle.dz\/#website"},"primaryImageOfPage":{"@id":"https:\/\/lasentinelle.dz\/index.php\/2025\/04\/21\/15e-edition-du-festival-national-du-theatre-universitaire-de-constantine-en-hommage-a-ahmed-hamoumi\/#primaryimage"},"image":{"@id":"https:\/\/lasentinelle.dz\/index.php\/2025\/04\/21\/15e-edition-du-festival-national-du-theatre-universitaire-de-constantine-en-hommage-a-ahmed-hamoumi\/#primaryimage"},"thumbnailUrl":"https:\/\/lasentinelle.dz\/wp-content\/uploads\/2025\/04\/theatre-universitaire.jpeg","datePublished":"2025-04-21T11:14:47+00:00","dateModified":"2025-04-21T11:14:48+00:00","breadcrumb":{"@id":"https:\/\/lasentinelle.dz\/index.php\/2025\/04\/21\/15e-edition-du-festival-national-du-theatre-universitaire-de-constantine-en-hommage-a-ahmed-hamoumi\/#breadcrumb"},"inLanguage":"fr-FR","potentialAction":[{"@type":"ReadAction","target":["https:\/\/lasentinelle.dz\/index.php\/2025\/04\/21\/15e-edition-du-festival-national-du-theatre-universitaire-de-constantine-en-hommage-a-ahmed-hamoumi\/"]}]},{"@type":"ImageObject","inLanguage":"fr-FR","@id":"https:\/\/lasentinelle.dz\/index.php\/2025\/04\/21\/15e-edition-du-festival-national-du-theatre-universitaire-de-constantine-en-hommage-a-ahmed-hamoumi\/#primaryimage","url":"https:\/\/lasentinelle.dz\/wp-content\/uploads\/2025\/04\/theatre-universitaire.jpeg","contentUrl":"https:\/\/lasentinelle.dz\/wp-content\/uploads\/2025\/04\/theatre-universitaire.jpeg","width":1080,"height":720},{"@type":"BreadcrumbList","@id":"https:\/\/lasentinelle.dz\/index.php\/2025\/04\/21\/15e-edition-du-festival-national-du-theatre-universitaire-de-constantine-en-hommage-a-ahmed-hamoumi\/#breadcrumb","itemListElement":[{"@type":"ListItem","position":1,"name":"Accueil","item":"https:\/\/lasentinelle.dz\/"},{"@type":"ListItem","position":2,"name":"15e \u00e9dition du Festival National du Th\u00e9\u00e2tre Universitaire de Constantine : En hommage \u00e0 Ahmed Hamoumi"}]},{"@type":"WebSite","@id":"https:\/\/lasentinelle.dz\/#website","url":"https:\/\/lasentinelle.dz\/","name":"La Sentinelle","description":"Quotidien national d&#039;information","publisher":{"@id":"https:\/\/lasentinelle.dz\/#organization"},"potentialAction":[{"@type":"SearchAction","target":{"@type":"EntryPoint","urlTemplate":"https:\/\/lasentinelle.dz\/?s={search_term_string}"},"query-input":{"@type":"PropertyValueSpecification","valueRequired":true,"valueName":"search_term_string"}}],"inLanguage":"fr-FR"},{"@type":"Organization","@id":"https:\/\/lasentinelle.dz\/#organization","name":"Quotidien La Sentinelle","url":"https:\/\/lasentinelle.dz\/","logo":{"@type":"ImageObject","inLanguage":"fr-FR","@id":"https:\/\/lasentinelle.dz\/#\/schema\/logo\/image\/","url":"https:\/\/lasentinelle.dz\/wp-content\/uploads\/2021\/09\/logo-sentinelleSLOGAN-1.png","contentUrl":"https:\/\/lasentinelle.dz\/wp-content\/uploads\/2021\/09\/logo-sentinelleSLOGAN-1.png","width":615,"height":142,"caption":"Quotidien La Sentinelle"},"image":{"@id":"https:\/\/lasentinelle.dz\/#\/schema\/logo\/image\/"},"sameAs":["https:\/\/www.facebook.com\/La-Sentinelle-104059864394773"]},{"@type":"Person","@id":"https:\/\/lasentinelle.dz\/#\/schema\/person\/729ee0024f24e0b8c5ec17232f8e8b41","name":"admin","image":{"@type":"ImageObject","inLanguage":"fr-FR","@id":"https:\/\/secure.gravatar.com\/avatar\/4c81fed838786e9b53f540bf46533e750f5d292099ae3b66cfc6fb1982e29df7?s=96&d=mm&r=g","url":"https:\/\/secure.gravatar.com\/avatar\/4c81fed838786e9b53f540bf46533e750f5d292099ae3b66cfc6fb1982e29df7?s=96&d=mm&r=g","contentUrl":"https:\/\/secure.gravatar.com\/avatar\/4c81fed838786e9b53f540bf46533e750f5d292099ae3b66cfc6fb1982e29df7?s=96&d=mm&r=g","caption":"admin"},"description":"admin","url":"https:\/\/lasentinelle.dz\/author\/admin\/"}]}},"_links":{"self":[{"href":"https:\/\/lasentinelle.dz\/index.php\/wp-json\/wp\/v2\/posts\/66038","targetHints":{"allow":["GET"]}}],"collection":[{"href":"https:\/\/lasentinelle.dz\/index.php\/wp-json\/wp\/v2\/posts"}],"about":[{"href":"https:\/\/lasentinelle.dz\/index.php\/wp-json\/wp\/v2\/types\/post"}],"author":[{"embeddable":true,"href":"https:\/\/lasentinelle.dz\/index.php\/wp-json\/wp\/v2\/users\/6"}],"replies":[{"embeddable":true,"href":"https:\/\/lasentinelle.dz\/index.php\/wp-json\/wp\/v2\/comments?post=66038"}],"version-history":[{"count":1,"href":"https:\/\/lasentinelle.dz\/index.php\/wp-json\/wp\/v2\/posts\/66038\/revisions"}],"predecessor-version":[{"id":66040,"href":"https:\/\/lasentinelle.dz\/index.php\/wp-json\/wp\/v2\/posts\/66038\/revisions\/66040"}],"wp:featuredmedia":[{"embeddable":true,"href":"https:\/\/lasentinelle.dz\/index.php\/wp-json\/wp\/v2\/media\/66039"}],"wp:attachment":[{"href":"https:\/\/lasentinelle.dz\/index.php\/wp-json\/wp\/v2\/media?parent=66038"}],"wp:term":[{"taxonomy":"category","embeddable":true,"href":"https:\/\/lasentinelle.dz\/index.php\/wp-json\/wp\/v2\/categories?post=66038"},{"taxonomy":"post_tag","embeddable":true,"href":"https:\/\/lasentinelle.dz\/index.php\/wp-json\/wp\/v2\/tags?post=66038"}],"curies":[{"name":"wp","href":"https:\/\/api.w.org\/{rel}","templated":true}]}}