{"id":66045,"date":"2025-04-21T12:17:15","date_gmt":"2025-04-21T11:17:15","guid":{"rendered":"https:\/\/lasentinelle.dz\/?p=66045"},"modified":"2025-04-21T12:17:16","modified_gmt":"2025-04-21T11:17:16","slug":"ligue-2-el-harrach-prend-une-option-pour-laccession","status":"publish","type":"post","link":"https:\/\/lasentinelle.dz\/index.php\/2025\/04\/21\/ligue-2-el-harrach-prend-une-option-pour-laccession\/","title":{"rendered":"Ligue 2 : El Harrach prend une option pour l&rsquo;accession"},"content":{"rendered":"\n<p>La 27e journ\u00e9e du championnat de Ligue 2 amateur a sans doute marqu\u00e9 un tournant d\u00e9cisif dans la course \u00e0 l&rsquo;accession. \u00c0 trois journ\u00e9es du baisser de rideau, l&rsquo;USM El Harrach a frapp\u00e9 un grand coup en s&#8217;emparant seule des commandes du groupe Centre-Est, suite \u00e0 sa pr\u00e9cieuse victoire en d\u00e9placement face \u00e0 l&rsquo;IRB Ouargla (2-1). Une performance qui pourrait s&rsquo;av\u00e9rer d\u00e9terminante dans la qu\u00eate du seul ticket donnant acc\u00e8s \u00e0 l&rsquo;\u00e9lite. Profitant du faux pas de son ex-co-leader, le MB Rouissat, tenu en \u00e9chec chez la JSD Jijel (0-0), les Harrachis ont d\u00e9sormais deux longueurs d&rsquo;avance sur leur plus proche poursuivant. Avec 61 points au compteur contre 59 pour les gars de Rouissat, les hommes de la banlieue est d&rsquo;Alger prennent une s\u00e9rieuse option pour un retour parmi l&rsquo;\u00e9lite, plusieurs ann\u00e9es apr\u00e8s leur descente aux enfers. Toutefois, un \u00e9l\u00e9ment pourrait encore redistribuer les cartes dans cette course haletante \u00e0 l&rsquo;accession : la d\u00e9cision attendue de la Ligue nationale de football amateur concernant le match en retard opposant les deux pr\u00e9tendants. Dans l&rsquo;attente de ce verdict qui pourrait s&rsquo;av\u00e9rer crucial, les Jaune et Noir peuvent savourer cette position de leader qui leur conf\u00e8re un avantage psychologique non n\u00e9gligeable \u00e0 l&rsquo;approche du sprint final. Pour l&rsquo;IRB Ouargla, cette d\u00e9faite \u00e0 domicile complique s\u00e9rieusement la situation. Premier rel\u00e9gable avec 28 points, le club du sud-est alg\u00e9rien semble s&rsquo;enfoncer inexorablement vers la division inf\u00e9rieure. Les carottes semblent d\u00e9j\u00e0 cuites pour l&rsquo;Olympique Magrane (15e, 19 pts) et l&rsquo;US Souf (16e, 11 pts), quasiment condamn\u00e9s \u00e0 \u00e9voluer en Inter-R\u00e9gions la saison prochaine. Dans la lutte acharn\u00e9e pour le maintien, la JS Bordj Mena\u00efel a r\u00e9alis\u00e9 une bonne op\u00e9ration en dominant l&rsquo;Olympique Magrane (4-2), se hissant \u00e0 la 10e place avec 36 unit\u00e9s, ce qui lui permet de respirer provisoirement. Le NRB Teleghma (13e, 32 pts) reste sous la menace mais conserve ses chances apr\u00e8s son match nul face au CA Batna. Dans les autres rencontres de cette journ\u00e9e charni\u00e8re, l&rsquo;IB Khemis El Khechna n&rsquo;a fait qu&rsquo;une bouch\u00e9e de la lanterne rouge l&rsquo;US Souf (4-1), tandis que l&rsquo;AS Khroub s&rsquo;est offert un succ\u00e8s de prestige contre l&rsquo;USM Annaba (2-1). Le MO Constantine a quant \u00e0 lui r\u00e9alis\u00e9 une belle performance en allant s&rsquo;imposer sur la pelouse de l&rsquo;US Chaouia (1-0) \u00e0 Oum Bouaghi. Dans le groupe Centre-Ouest, l&rsquo;ES Ben Aknoun a fait un pas de g\u00e9ant vers l&rsquo;accession en Ligue 1. Malgr\u00e9 un match nul \u00e0 l&rsquo;ext\u00e9rieur contre l&rsquo;US B\u00e9char Djedid (0-0), les banlieusards d&rsquo;Alger ont profit\u00e9 de la d\u00e9faite surprise de leur dauphin, le RC Kouba, face au RC Arba\u00e2 (0-1). Avec d\u00e9sormais huit points d&rsquo;avance sur son poursuivant direct, l&rsquo;\u00c9toile n&rsquo;a plus besoin que d&rsquo;une victoire lors de la prochaine journ\u00e9e contre le RC Arba\u00e2 pour valider math\u00e9matiquement son retour parmi l&rsquo;\u00e9lite, apr\u00e8s une premi\u00e8re exp\u00e9rience infructueuse en 2023. Pour le Raed de Kouba, cette d\u00e9faite semble sonner le glas des espoirs d&rsquo;accession. Avec 50 points au compteur, soit huit de moins que le leader \u00e0 trois journ\u00e9es de la fin, les co\u00e9quipiers du capitaine koub\u00e9en paraissent avoir d\u00e9finitivement dit adieu \u00e0 leurs ambitions de retrouver l&rsquo;\u00e9lite. La d\u00e9faite face au RC Arba\u00e2 repr\u00e9sente un coup dur difficile \u00e0 surmonter dans cette derni\u00e8re ligne droite du championnat. Si le haut du tableau semble pratiquement scell\u00e9 dans ce groupe, la bataille fait rage pour \u00e9viter la rel\u00e9gation. Le RC Arba\u00e2 (11e, 34 pts) a r\u00e9alis\u00e9 une excellente op\u00e9ration en s&rsquo;imposant chez le RC Kouba, tout comme le SKAF Khemis Miliana, large vainqueur face au MCB Oued Sly (3-0). Ce dernier reste englu\u00e9 \u00e0 la 15e place avec 24 points et voit ses chances de maintien s&rsquo;amenuiser dangereusement. Le GC Mascara (14e, 30 pts) occupe actuellement le dernier si\u00e8ge rel\u00e9gable apr\u00e8s son match nul spectaculaire contre le CR T\u00e9mouchent (3-3), tandis que le MC Saida (12e, 33 pts) a arrach\u00e9 un point pr\u00e9cieux sur le terrain de l&rsquo;ASM Oran (1-1). Dans la partie haute du classement de ce groupe, la JS El-Biar consolide sa troisi\u00e8me place apr\u00e8s sa victoire face au WA Mostaganem (2-0), alors que le NA Hussein-Dey reste au pied du podium apr\u00e8s avoir \u00e9cras\u00e9 la lanterne rouge, le SC Mecheria (5-1).<\/p>\n\n\n\n<p><strong>M.D.<\/strong><\/p>\n","protected":false},"excerpt":{"rendered":"<p>La 27e journ\u00e9e du championnat de Ligue 2 amateur a sans doute marqu\u00e9 un tournant d\u00e9cisif dans la course \u00e0<\/p>\n","protected":false},"author":6,"featured_media":33141,"comment_status":"open","ping_status":"closed","sticky":false,"template":"","format":"standard","meta":{"colormag_page_container_layout":"default_layout","colormag_page_sidebar_layout":"default_layout","om_disable_all_campaigns":false,"_monsterinsights_skip_tracking":false,"_monsterinsights_sitenote_active":false,"_monsterinsights_sitenote_note":"","_monsterinsights_sitenote_category":0,"footnotes":"","_wpscppro_dont_share_socialmedia":false,"_wpscppro_custom_social_share_image":0,"_facebook_share_type":"default","_twitter_share_type":"default","_linkedin_share_type":"default","_pinterest_share_type":"default","_linkedin_share_type_page":"","_instagram_share_type":"default","_medium_share_type":"default","_threads_share_type":"","_google_business_share_type":"","_selected_social_profile":[],"_wpsp_enable_custom_social_template":false,"_wpsp_social_scheduling":{"enabled":false,"datetime":null,"platforms":[],"status":"template_only","dateOption":"today","timeOption":"now","customDays":"","customHours":"","customDate":"","customTime":"","schedulingType":"absolute"},"_wpsp_active_default_template":true},"categories":[33],"tags":[],"class_list":["post-66045","post","type-post","status-publish","format-standard","has-post-thumbnail","hentry","category-sports"],"aioseo_notices":[],"yoast_head":"<!-- This site is optimized with the Yoast SEO plugin v27.5 - https:\/\/yoast.com\/product\/yoast-seo-wordpress\/ -->\n<title>Ligue 2 : El Harrach prend une option pour l&rsquo;accession - La Sentinelle<\/title>\n<meta name=\"robots\" content=\"index, follow, max-snippet:-1, max-image-preview:large, max-video-preview:-1\" \/>\n<link rel=\"canonical\" href=\"https:\/\/lasentinelle.dz\/index.php\/2025\/04\/21\/ligue-2-el-harrach-prend-une-option-pour-laccession\/\" \/>\n<meta property=\"og:locale\" content=\"fr_FR\" \/>\n<meta property=\"og:type\" content=\"article\" \/>\n<meta property=\"og:title\" content=\"Ligue 2 : El Harrach prend une option pour l&rsquo;accession - La Sentinelle\" \/>\n<meta property=\"og:description\" content=\"La 27e journ\u00e9e du championnat de Ligue 2 amateur a sans doute marqu\u00e9 un tournant d\u00e9cisif dans la course \u00e0\" \/>\n<meta property=\"og:url\" content=\"https:\/\/lasentinelle.dz\/index.php\/2025\/04\/21\/ligue-2-el-harrach-prend-une-option-pour-laccession\/\" \/>\n<meta property=\"og:site_name\" content=\"La Sentinelle\" \/>\n<meta property=\"article:publisher\" content=\"https:\/\/www.facebook.com\/La-Sentinelle-104059864394773\" \/>\n<meta property=\"article:published_time\" content=\"2025-04-21T11:17:15+00:00\" \/>\n<meta property=\"article:modified_time\" content=\"2025-04-21T11:17:16+00:00\" \/>\n<meta property=\"og:image\" content=\"https:\/\/lasentinelle.dz\/wp-content\/uploads\/2022\/12\/Ligue-2.png\" \/>\n\t<meta property=\"og:image:width\" content=\"1385\" \/>\n\t<meta property=\"og:image:height\" content=\"900\" \/>\n\t<meta property=\"og:image:type\" content=\"image\/png\" \/>\n<meta name=\"author\" content=\"admin\" \/>\n<meta name=\"twitter:card\" content=\"summary_large_image\" \/>\n<meta name=\"twitter:label1\" content=\"\u00c9crit par\" \/>\n\t<meta name=\"twitter:data1\" content=\"admin\" \/>\n\t<meta name=\"twitter:label2\" content=\"Dur\u00e9e de lecture estim\u00e9e\" \/>\n\t<meta name=\"twitter:data2\" content=\"4 minutes\" \/>\n<script type=\"application\/ld+json\" class=\"yoast-schema-graph\">{\"@context\":\"https:\\\/\\\/schema.org\",\"@graph\":[{\"@type\":\"Article\",\"@id\":\"https:\\\/\\\/lasentinelle.dz\\\/index.php\\\/2025\\\/04\\\/21\\\/ligue-2-el-harrach-prend-une-option-pour-laccession\\\/#article\",\"isPartOf\":{\"@id\":\"https:\\\/\\\/lasentinelle.dz\\\/index.php\\\/2025\\\/04\\\/21\\\/ligue-2-el-harrach-prend-une-option-pour-laccession\\\/\"},\"author\":{\"name\":\"admin\",\"@id\":\"https:\\\/\\\/lasentinelle.dz\\\/#\\\/schema\\\/person\\\/729ee0024f24e0b8c5ec17232f8e8b41\"},\"headline\":\"Ligue 2 : El Harrach prend une option pour l&rsquo;accession\",\"datePublished\":\"2025-04-21T11:17:15+00:00\",\"dateModified\":\"2025-04-21T11:17:16+00:00\",\"mainEntityOfPage\":{\"@id\":\"https:\\\/\\\/lasentinelle.dz\\\/index.php\\\/2025\\\/04\\\/21\\\/ligue-2-el-harrach-prend-une-option-pour-laccession\\\/\"},\"wordCount\":776,\"commentCount\":0,\"publisher\":{\"@id\":\"https:\\\/\\\/lasentinelle.dz\\\/#organization\"},\"image\":{\"@id\":\"https:\\\/\\\/lasentinelle.dz\\\/index.php\\\/2025\\\/04\\\/21\\\/ligue-2-el-harrach-prend-une-option-pour-laccession\\\/#primaryimage\"},\"thumbnailUrl\":\"https:\\\/\\\/lasentinelle.dz\\\/wp-content\\\/uploads\\\/2022\\\/12\\\/Ligue-2.png\",\"articleSection\":[\"Sports\"],\"inLanguage\":\"fr-FR\",\"potentialAction\":[{\"@type\":\"CommentAction\",\"name\":\"Comment\",\"target\":[\"https:\\\/\\\/lasentinelle.dz\\\/index.php\\\/2025\\\/04\\\/21\\\/ligue-2-el-harrach-prend-une-option-pour-laccession\\\/#respond\"]}]},{\"@type\":\"WebPage\",\"@id\":\"https:\\\/\\\/lasentinelle.dz\\\/index.php\\\/2025\\\/04\\\/21\\\/ligue-2-el-harrach-prend-une-option-pour-laccession\\\/\",\"url\":\"https:\\\/\\\/lasentinelle.dz\\\/index.php\\\/2025\\\/04\\\/21\\\/ligue-2-el-harrach-prend-une-option-pour-laccession\\\/\",\"name\":\"Ligue 2 : El Harrach prend une option pour l&rsquo;accession - La Sentinelle\",\"isPartOf\":{\"@id\":\"https:\\\/\\\/lasentinelle.dz\\\/#website\"},\"primaryImageOfPage\":{\"@id\":\"https:\\\/\\\/lasentinelle.dz\\\/index.php\\\/2025\\\/04\\\/21\\\/ligue-2-el-harrach-prend-une-option-pour-laccession\\\/#primaryimage\"},\"image\":{\"@id\":\"https:\\\/\\\/lasentinelle.dz\\\/index.php\\\/2025\\\/04\\\/21\\\/ligue-2-el-harrach-prend-une-option-pour-laccession\\\/#primaryimage\"},\"thumbnailUrl\":\"https:\\\/\\\/lasentinelle.dz\\\/wp-content\\\/uploads\\\/2022\\\/12\\\/Ligue-2.png\",\"datePublished\":\"2025-04-21T11:17:15+00:00\",\"dateModified\":\"2025-04-21T11:17:16+00:00\",\"breadcrumb\":{\"@id\":\"https:\\\/\\\/lasentinelle.dz\\\/index.php\\\/2025\\\/04\\\/21\\\/ligue-2-el-harrach-prend-une-option-pour-laccession\\\/#breadcrumb\"},\"inLanguage\":\"fr-FR\",\"potentialAction\":[{\"@type\":\"ReadAction\",\"target\":[\"https:\\\/\\\/lasentinelle.dz\\\/index.php\\\/2025\\\/04\\\/21\\\/ligue-2-el-harrach-prend-une-option-pour-laccession\\\/\"]}]},{\"@type\":\"ImageObject\",\"inLanguage\":\"fr-FR\",\"@id\":\"https:\\\/\\\/lasentinelle.dz\\\/index.php\\\/2025\\\/04\\\/21\\\/ligue-2-el-harrach-prend-une-option-pour-laccession\\\/#primaryimage\",\"url\":\"https:\\\/\\\/lasentinelle.dz\\\/wp-content\\\/uploads\\\/2022\\\/12\\\/Ligue-2.png\",\"contentUrl\":\"https:\\\/\\\/lasentinelle.dz\\\/wp-content\\\/uploads\\\/2022\\\/12\\\/Ligue-2.png\",\"width\":1385,\"height\":900},{\"@type\":\"BreadcrumbList\",\"@id\":\"https:\\\/\\\/lasentinelle.dz\\\/index.php\\\/2025\\\/04\\\/21\\\/ligue-2-el-harrach-prend-une-option-pour-laccession\\\/#breadcrumb\",\"itemListElement\":[{\"@type\":\"ListItem\",\"position\":1,\"name\":\"Accueil\",\"item\":\"https:\\\/\\\/lasentinelle.dz\\\/\"},{\"@type\":\"ListItem\",\"position\":2,\"name\":\"Ligue 2 : El Harrach prend une option pour l&rsquo;accession\"}]},{\"@type\":\"WebSite\",\"@id\":\"https:\\\/\\\/lasentinelle.dz\\\/#website\",\"url\":\"https:\\\/\\\/lasentinelle.dz\\\/\",\"name\":\"La Sentinelle\",\"description\":\"Quotidien national d&#039;information\",\"publisher\":{\"@id\":\"https:\\\/\\\/lasentinelle.dz\\\/#organization\"},\"potentialAction\":[{\"@type\":\"SearchAction\",\"target\":{\"@type\":\"EntryPoint\",\"urlTemplate\":\"https:\\\/\\\/lasentinelle.dz\\\/?s={search_term_string}\"},\"query-input\":{\"@type\":\"PropertyValueSpecification\",\"valueRequired\":true,\"valueName\":\"search_term_string\"}}],\"inLanguage\":\"fr-FR\"},{\"@type\":\"Organization\",\"@id\":\"https:\\\/\\\/lasentinelle.dz\\\/#organization\",\"name\":\"Quotidien La Sentinelle\",\"url\":\"https:\\\/\\\/lasentinelle.dz\\\/\",\"logo\":{\"@type\":\"ImageObject\",\"inLanguage\":\"fr-FR\",\"@id\":\"https:\\\/\\\/lasentinelle.dz\\\/#\\\/schema\\\/logo\\\/image\\\/\",\"url\":\"https:\\\/\\\/lasentinelle.dz\\\/wp-content\\\/uploads\\\/2021\\\/09\\\/logo-sentinelleSLOGAN-1.png\",\"contentUrl\":\"https:\\\/\\\/lasentinelle.dz\\\/wp-content\\\/uploads\\\/2021\\\/09\\\/logo-sentinelleSLOGAN-1.png\",\"width\":615,\"height\":142,\"caption\":\"Quotidien La Sentinelle\"},\"image\":{\"@id\":\"https:\\\/\\\/lasentinelle.dz\\\/#\\\/schema\\\/logo\\\/image\\\/\"},\"sameAs\":[\"https:\\\/\\\/www.facebook.com\\\/La-Sentinelle-104059864394773\"]},{\"@type\":\"Person\",\"@id\":\"https:\\\/\\\/lasentinelle.dz\\\/#\\\/schema\\\/person\\\/729ee0024f24e0b8c5ec17232f8e8b41\",\"name\":\"admin\",\"image\":{\"@type\":\"ImageObject\",\"inLanguage\":\"fr-FR\",\"@id\":\"https:\\\/\\\/secure.gravatar.com\\\/avatar\\\/4c81fed838786e9b53f540bf46533e750f5d292099ae3b66cfc6fb1982e29df7?s=96&d=mm&r=g\",\"url\":\"https:\\\/\\\/secure.gravatar.com\\\/avatar\\\/4c81fed838786e9b53f540bf46533e750f5d292099ae3b66cfc6fb1982e29df7?s=96&d=mm&r=g\",\"contentUrl\":\"https:\\\/\\\/secure.gravatar.com\\\/avatar\\\/4c81fed838786e9b53f540bf46533e750f5d292099ae3b66cfc6fb1982e29df7?s=96&d=mm&r=g\",\"caption\":\"admin\"},\"description\":\"admin\",\"url\":\"https:\\\/\\\/lasentinelle.dz\\\/author\\\/admin\\\/\"}]}<\/script>\n<!-- \/ Yoast SEO plugin. -->","yoast_head_json":{"title":"Ligue 2 : El Harrach prend une option pour l&rsquo;accession - La Sentinelle","robots":{"index":"index","follow":"follow","max-snippet":"max-snippet:-1","max-image-preview":"max-image-preview:large","max-video-preview":"max-video-preview:-1"},"canonical":"https:\/\/lasentinelle.dz\/index.php\/2025\/04\/21\/ligue-2-el-harrach-prend-une-option-pour-laccession\/","og_locale":"fr_FR","og_type":"article","og_title":"Ligue 2 : El Harrach prend une option pour l&rsquo;accession - La Sentinelle","og_description":"La 27e journ\u00e9e du championnat de Ligue 2 amateur a sans doute marqu\u00e9 un tournant d\u00e9cisif dans la course \u00e0","og_url":"https:\/\/lasentinelle.dz\/index.php\/2025\/04\/21\/ligue-2-el-harrach-prend-une-option-pour-laccession\/","og_site_name":"La Sentinelle","article_publisher":"https:\/\/www.facebook.com\/La-Sentinelle-104059864394773","article_published_time":"2025-04-21T11:17:15+00:00","article_modified_time":"2025-04-21T11:17:16+00:00","og_image":[{"width":1385,"height":900,"url":"https:\/\/lasentinelle.dz\/wp-content\/uploads\/2022\/12\/Ligue-2.png","type":"image\/png"}],"author":"admin","twitter_card":"summary_large_image","twitter_misc":{"\u00c9crit par":"admin","Dur\u00e9e de lecture estim\u00e9e":"4 minutes"},"schema":{"@context":"https:\/\/schema.org","@graph":[{"@type":"Article","@id":"https:\/\/lasentinelle.dz\/index.php\/2025\/04\/21\/ligue-2-el-harrach-prend-une-option-pour-laccession\/#article","isPartOf":{"@id":"https:\/\/lasentinelle.dz\/index.php\/2025\/04\/21\/ligue-2-el-harrach-prend-une-option-pour-laccession\/"},"author":{"name":"admin","@id":"https:\/\/lasentinelle.dz\/#\/schema\/person\/729ee0024f24e0b8c5ec17232f8e8b41"},"headline":"Ligue 2 : El Harrach prend une option pour l&rsquo;accession","datePublished":"2025-04-21T11:17:15+00:00","dateModified":"2025-04-21T11:17:16+00:00","mainEntityOfPage":{"@id":"https:\/\/lasentinelle.dz\/index.php\/2025\/04\/21\/ligue-2-el-harrach-prend-une-option-pour-laccession\/"},"wordCount":776,"commentCount":0,"publisher":{"@id":"https:\/\/lasentinelle.dz\/#organization"},"image":{"@id":"https:\/\/lasentinelle.dz\/index.php\/2025\/04\/21\/ligue-2-el-harrach-prend-une-option-pour-laccession\/#primaryimage"},"thumbnailUrl":"https:\/\/lasentinelle.dz\/wp-content\/uploads\/2022\/12\/Ligue-2.png","articleSection":["Sports"],"inLanguage":"fr-FR","potentialAction":[{"@type":"CommentAction","name":"Comment","target":["https:\/\/lasentinelle.dz\/index.php\/2025\/04\/21\/ligue-2-el-harrach-prend-une-option-pour-laccession\/#respond"]}]},{"@type":"WebPage","@id":"https:\/\/lasentinelle.dz\/index.php\/2025\/04\/21\/ligue-2-el-harrach-prend-une-option-pour-laccession\/","url":"https:\/\/lasentinelle.dz\/index.php\/2025\/04\/21\/ligue-2-el-harrach-prend-une-option-pour-laccession\/","name":"Ligue 2 : El Harrach prend une option pour l&rsquo;accession - La Sentinelle","isPartOf":{"@id":"https:\/\/lasentinelle.dz\/#website"},"primaryImageOfPage":{"@id":"https:\/\/lasentinelle.dz\/index.php\/2025\/04\/21\/ligue-2-el-harrach-prend-une-option-pour-laccession\/#primaryimage"},"image":{"@id":"https:\/\/lasentinelle.dz\/index.php\/2025\/04\/21\/ligue-2-el-harrach-prend-une-option-pour-laccession\/#primaryimage"},"thumbnailUrl":"https:\/\/lasentinelle.dz\/wp-content\/uploads\/2022\/12\/Ligue-2.png","datePublished":"2025-04-21T11:17:15+00:00","dateModified":"2025-04-21T11:17:16+00:00","breadcrumb":{"@id":"https:\/\/lasentinelle.dz\/index.php\/2025\/04\/21\/ligue-2-el-harrach-prend-une-option-pour-laccession\/#breadcrumb"},"inLanguage":"fr-FR","potentialAction":[{"@type":"ReadAction","target":["https:\/\/lasentinelle.dz\/index.php\/2025\/04\/21\/ligue-2-el-harrach-prend-une-option-pour-laccession\/"]}]},{"@type":"ImageObject","inLanguage":"fr-FR","@id":"https:\/\/lasentinelle.dz\/index.php\/2025\/04\/21\/ligue-2-el-harrach-prend-une-option-pour-laccession\/#primaryimage","url":"https:\/\/lasentinelle.dz\/wp-content\/uploads\/2022\/12\/Ligue-2.png","contentUrl":"https:\/\/lasentinelle.dz\/wp-content\/uploads\/2022\/12\/Ligue-2.png","width":1385,"height":900},{"@type":"BreadcrumbList","@id":"https:\/\/lasentinelle.dz\/index.php\/2025\/04\/21\/ligue-2-el-harrach-prend-une-option-pour-laccession\/#breadcrumb","itemListElement":[{"@type":"ListItem","position":1,"name":"Accueil","item":"https:\/\/lasentinelle.dz\/"},{"@type":"ListItem","position":2,"name":"Ligue 2 : El Harrach prend une option pour l&rsquo;accession"}]},{"@type":"WebSite","@id":"https:\/\/lasentinelle.dz\/#website","url":"https:\/\/lasentinelle.dz\/","name":"La Sentinelle","description":"Quotidien national d&#039;information","publisher":{"@id":"https:\/\/lasentinelle.dz\/#organization"},"potentialAction":[{"@type":"SearchAction","target":{"@type":"EntryPoint","urlTemplate":"https:\/\/lasentinelle.dz\/?s={search_term_string}"},"query-input":{"@type":"PropertyValueSpecification","valueRequired":true,"valueName":"search_term_string"}}],"inLanguage":"fr-FR"},{"@type":"Organization","@id":"https:\/\/lasentinelle.dz\/#organization","name":"Quotidien La Sentinelle","url":"https:\/\/lasentinelle.dz\/","logo":{"@type":"ImageObject","inLanguage":"fr-FR","@id":"https:\/\/lasentinelle.dz\/#\/schema\/logo\/image\/","url":"https:\/\/lasentinelle.dz\/wp-content\/uploads\/2021\/09\/logo-sentinelleSLOGAN-1.png","contentUrl":"https:\/\/lasentinelle.dz\/wp-content\/uploads\/2021\/09\/logo-sentinelleSLOGAN-1.png","width":615,"height":142,"caption":"Quotidien La Sentinelle"},"image":{"@id":"https:\/\/lasentinelle.dz\/#\/schema\/logo\/image\/"},"sameAs":["https:\/\/www.facebook.com\/La-Sentinelle-104059864394773"]},{"@type":"Person","@id":"https:\/\/lasentinelle.dz\/#\/schema\/person\/729ee0024f24e0b8c5ec17232f8e8b41","name":"admin","image":{"@type":"ImageObject","inLanguage":"fr-FR","@id":"https:\/\/secure.gravatar.com\/avatar\/4c81fed838786e9b53f540bf46533e750f5d292099ae3b66cfc6fb1982e29df7?s=96&d=mm&r=g","url":"https:\/\/secure.gravatar.com\/avatar\/4c81fed838786e9b53f540bf46533e750f5d292099ae3b66cfc6fb1982e29df7?s=96&d=mm&r=g","contentUrl":"https:\/\/secure.gravatar.com\/avatar\/4c81fed838786e9b53f540bf46533e750f5d292099ae3b66cfc6fb1982e29df7?s=96&d=mm&r=g","caption":"admin"},"description":"admin","url":"https:\/\/lasentinelle.dz\/author\/admin\/"}]}},"_links":{"self":[{"href":"https:\/\/lasentinelle.dz\/index.php\/wp-json\/wp\/v2\/posts\/66045","targetHints":{"allow":["GET"]}}],"collection":[{"href":"https:\/\/lasentinelle.dz\/index.php\/wp-json\/wp\/v2\/posts"}],"about":[{"href":"https:\/\/lasentinelle.dz\/index.php\/wp-json\/wp\/v2\/types\/post"}],"author":[{"embeddable":true,"href":"https:\/\/lasentinelle.dz\/index.php\/wp-json\/wp\/v2\/users\/6"}],"replies":[{"embeddable":true,"href":"https:\/\/lasentinelle.dz\/index.php\/wp-json\/wp\/v2\/comments?post=66045"}],"version-history":[{"count":2,"href":"https:\/\/lasentinelle.dz\/index.php\/wp-json\/wp\/v2\/posts\/66045\/revisions"}],"predecessor-version":[{"id":66047,"href":"https:\/\/lasentinelle.dz\/index.php\/wp-json\/wp\/v2\/posts\/66045\/revisions\/66047"}],"wp:featuredmedia":[{"embeddable":true,"href":"https:\/\/lasentinelle.dz\/index.php\/wp-json\/wp\/v2\/media\/33141"}],"wp:attachment":[{"href":"https:\/\/lasentinelle.dz\/index.php\/wp-json\/wp\/v2\/media?parent=66045"}],"wp:term":[{"taxonomy":"category","embeddable":true,"href":"https:\/\/lasentinelle.dz\/index.php\/wp-json\/wp\/v2\/categories?post=66045"},{"taxonomy":"post_tag","embeddable":true,"href":"https:\/\/lasentinelle.dz\/index.php\/wp-json\/wp\/v2\/tags?post=66045"}],"curies":[{"name":"wp","href":"https:\/\/api.w.org\/{rel}","templated":true}]}}