{"id":66055,"date":"2025-04-21T12:20:20","date_gmt":"2025-04-21T11:20:20","guid":{"rendered":"https:\/\/lasentinelle.dz\/?p=66055"},"modified":"2025-04-21T12:20:21","modified_gmt":"2025-04-21T11:20:21","slug":"violences-dans-les-stades-sadi-reunit-les-clubs-en-urgence","status":"publish","type":"post","link":"https:\/\/lasentinelle.dz\/index.php\/2025\/04\/21\/violences-dans-les-stades-sadi-reunit-les-clubs-en-urgence\/","title":{"rendered":"Violences dans les stades: Sadi r\u00e9unit les clubs en urgence !"},"content":{"rendered":"\n<p>Face \u00e0 une escalade pr\u00e9occupante de la violence qui gangr\u00e8ne les stades alg\u00e9riens depuis plusieurs mois, le pr\u00e9sident de la F\u00e9d\u00e9ration Alg\u00e9rienne de Football (FAF), Walid Sadi, a convoqu\u00e9 une r\u00e9union d&rsquo;urgence pour ce mardi avec l&rsquo;ensemble des pr\u00e9sidents des clubs de la ligue professionnelle.<\/p>\n\n\n\n<p>Cette initiative intervient \u00e0 un moment critique o\u00f9 plusieurs incidents graves ont \u00e9maill\u00e9 la fin de saison du championnat national, mettant en p\u00e9ril l&rsquo;int\u00e9grit\u00e9 de la comp\u00e9tition et l&rsquo;image du football alg\u00e9rien. Le dernier \u00e9pisode en date concerne les supporters du Mouloudia d&rsquo;Alger, victimes d&rsquo;agressions particuli\u00e8rement violentes lors de leur retour de Biskra, apr\u00e8s la victoire samedi de leur \u00e9quipe (0-1) sur le terrain de l&rsquo;USB. Des images et vid\u00e9os choquantes diffus\u00e9es sur les r\u00e9seaux sociaux montrent des bus caillass\u00e9s au niveau des localit\u00e9s de Ben Srour dans la wilaya de M&rsquo;sila et Bir Naam dans celle de Biskra. Plus grave encore, un minibus transportant des fans mouloud\u00e9ens a \u00e9t\u00e9 incendi\u00e9, causant des d\u00e9g\u00e2ts mat\u00e9riels consid\u00e9rables. La direction du MCA n&rsquo;a pas tard\u00e9 \u00e0 r\u00e9agir en publiant un communiqu\u00e9 sur sa page Facebook officielle condamnant fermement \u00ab\u00a0les agressions dont ont \u00e9t\u00e9 victimes les supporters de l&rsquo;\u00e9quipe \u00e0 leur retour de Biskra\u00a0\u00bb et appelant \u00e0 \u00ab\u00a0une enqu\u00eate urgente et \u00e0 la poursuite des responsables de ces incidents\u00a0\u00bb. Pourtant, avant la rencontre, les responsables de l&rsquo;US Biskra avaient lanc\u00e9 un appel au calme, invitant les supporters des deux \u00e9quipes \u00e0 \u00ab\u00a0bien se comporter avant, pendant et \u00e0 la fin du match\u00a0\u00bb et saluant \u00ab\u00a0les efforts d\u00e9ploy\u00e9s par les partenaires dans le processus d&rsquo;organisation de cette rencontre, et \u00e0 leur t\u00eate les services de s\u00e9curit\u00e9\u00a0\u00bb. Force est de constater que ces appels \u00e0 la raison n&rsquo;ont pas suffi \u00e0 emp\u00eacher les d\u00e9bordements qui ont suivi. Cet incident s&rsquo;inscrit dans une s\u00e9rie d&rsquo;\u00e9v\u00e9nements violents qui entachent le football national ces derniers mois. Fin f\u00e9vrier, la rencontre entre le MB Rouissat et l&rsquo;USM El Harrach, comptant pour la 21\u00e8me journ\u00e9e de la Ligue Nationale de Football Amateur (Groupe Centre-Est), avait d\u00fb \u00eatre annul\u00e9e suite \u00e0 des actes de violence survenus au stade du 18 f\u00e9vrier \u00e0 Ouargla. La FAF avait alors exprim\u00e9 \u00ab\u00a0son profond regret et sa ferme condamnation\u00a0\u00bb de ces actes, soulignant qu&rsquo;ils \u00e9taient \u00ab\u00a0d&rsquo;autant plus d\u00e9plorables qu&rsquo;ils surviennent \u00e0 la veille du mois sacr\u00e9 de Ramadhan\u00a0\u00bb. Une enqu\u00eate avait \u00e9t\u00e9 ouverte pour \u00ab\u00a0faire toute la lumi\u00e8re sur ces malheureux \u00e9v\u00e9nements et \u00e9tablir les responsabilit\u00e9s\u00a0\u00bb. La F\u00e9d\u00e9ration s&rsquo;\u00e9tait \u00e9galement f\u00e9licit\u00e9e, quelques semaines plus tard, \u00ab\u00a0de l&rsquo;initiative prise en faveur de la r\u00e9conciliation entre les clubs de Rouissat et d&rsquo;El Harrach\u00a0\u00bb, exhortant \u00ab\u00a0les supporters des deux \u00e9quipes \u00e0 faire preuve de sagesse et de fair-play\u00a0\u00bb. C&rsquo;est dans ce contexte extr\u00eamement tendu qu&rsquo;intervient la convocation par Walid Sadi d&rsquo;une r\u00e9union d&rsquo;urgence avec les pr\u00e9sidents des clubs professionnels.<\/p>\n\n\n\n<p>La responsabilit\u00e9 de chacun est engag\u00e9e<\/p>\n\n\n\n<p>Dans son communiqu\u00e9 publi\u00e9 hier, la FAF rappelle que cette rencontre se tient \u00ab\u00a0dans un contexte marqu\u00e9 par une escalade pr\u00e9occupante de la violence et des discours incitant \u00e0 la haine dans les stades\u00a0\u00bb et insiste sur le fait qu'\u00a0\u00bb\u00e0 l&rsquo;approche de la derni\u00e8re ligne droite du championnat, la responsabilit\u00e9 de chaque acteur du football national est plus que jamais engag\u00e9e pour garantir le bon d\u00e9roulement de la comp\u00e9tition dans le respect des r\u00e8gles et des valeurs du sport\u00a0\u00bb. L&rsquo;instance f\u00e9d\u00e9rale r\u00e9affirme par ailleurs \u00ab\u00a0son engagement total en faveur de l&rsquo;\u00e9thique sportive et du fair-play, et appelle \u00e0 l&rsquo;unit\u00e9, \u00e0 la retenue et \u00e0 un sens \u00e9lev\u00e9 des responsabilit\u00e9s de la part de tous les intervenants\u00a0\u00bb. Cette fermet\u00e9 n&rsquo;est pas nouvelle de la part de la F\u00e9d\u00e9ration, qui avait d\u00e9j\u00e0 averti les clubs en mars dernier que \u00ab\u00a0des mesures s\u00e9v\u00e8res seront prises \u00e0 l&rsquo;encontre des responsables\u00a0\u00bb d&rsquo;actes de violence, tout en lan\u00e7ant \u00ab\u00a0un appel aux dirigeants, comit\u00e9s de supporters et la famille de la presse, \u00e0 l&rsquo;effet de participer \u00e0 l&rsquo;initiative de la FAF pour lutter contre le ph\u00e9nom\u00e8ne de la violence et pr\u00e9server l&rsquo;esprit du sport\u00a0\u00bb. Elle avait \u00e9galement salu\u00e9 \u00ab\u00a0les efforts consentis par les services d&rsquo;ordre et de la protection civile pour l&rsquo;encadrement et le bon d\u00e9roulement des rencontres\u00a0\u00bb. Les r\u00e9centes d\u00e9clarations et actions de la FAF s&rsquo;inscrivent dans une d\u00e9marche plus large visant \u00e0 promouvoir \u00ab\u00a0un football bas\u00e9 sur les valeurs de respect, de fair-play et de convivialit\u00e9\u00a0\u00bb. Toutefois, force est de constater que malgr\u00e9 ces multiples appels et initiatives, la violence continue de gangrener les stades alg\u00e9riens et leurs alentours. La r\u00e9union d&rsquo;urgence convoqu\u00e9e par Walid Sadi appara\u00eet donc comme une tentative de dernier recours pour endiguer ce ph\u00e9nom\u00e8ne avant la fin de la saison. Les mesures qui seront d\u00e9cid\u00e9es lors de cette rencontre seront cruciales pour l&rsquo;avenir, tant sur le plan sportif que sur celui de son image. Il est \u00e0 esp\u00e9rer que l&rsquo;ensemble des acteurs concern\u00e9s prendra conscience de l&rsquo;urgence de la situation et s&rsquo;engagera r\u00e9solument dans la lutte contre toutes les formes de violence. Car au-del\u00e0 des r\u00e9sultats sportifs, c&rsquo;est bien l&rsquo;essence m\u00eame du football, en tant que sport populaire vecteur de valeurs positives, qui est en jeu.<\/p>\n\n\n\n<p>L&rsquo;arbitrage au c\u0153ur d&rsquo;une nouvelle pol\u00e9mique<\/p>\n\n\n\n<p>Dans le m\u00eame sillage, le pr\u00e9sident Sadi r\u00e9unira les arbitres d\u2019\u00e9lite ainsi que les membres de la Commission f\u00e9d\u00e9rale d\u2019arbitrage (CFA), aujourd&rsquo;hui lundi dans le cadre d\u2019une rencontre importante \u00e0 l\u2019approche de la derni\u00e8re ligne droite du championnat de Ligue 1 Mobilis. \u00ab\u00a0Cette r\u00e9union a pour principal objectif de sensibiliser les arbitres aux enjeux de cette phase d\u00e9cisive de la saison, tout en r\u00e9affirmant la confiance de la F\u00e9d\u00e9ration en leur professionnalisme et leur engagement pour garantir une fin de saison \u00e9quitable et sereine\u00a0\u00bb, a expliqu\u00e9 le communiqu\u00e9 de l&rsquo;instance f\u00e9d\u00e9rale. Cette r\u00e9union intervient, rappelons-le, dans le sillage de la pol\u00e9mique d\u00e9clench\u00e9 \u00e0 la suite de la d\u00e9faite du MCA face \u00e0 l&rsquo;Olympique Akbou \u00e0 B\u00e9ja\u00efa la semaine derni\u00e8re et \u00e0 la suite de laquelle le Doyen avait mis en cause l&rsquo;arbitrage du referee international et num\u00e9ro 1 du pays Mustapha Gorbal.<\/p>\n\n\n\n<p>Moncef Dahleb<\/p>\n","protected":false},"excerpt":{"rendered":"<p>Face \u00e0 une escalade pr\u00e9occupante de la violence qui gangr\u00e8ne les stades alg\u00e9riens depuis plusieurs mois, le pr\u00e9sident de la<\/p>\n","protected":false},"author":6,"featured_media":66056,"comment_status":"open","ping_status":"closed","sticky":false,"template":"","format":"standard","meta":{"colormag_page_container_layout":"default_layout","colormag_page_sidebar_layout":"default_layout","om_disable_all_campaigns":false,"_monsterinsights_skip_tracking":false,"_monsterinsights_sitenote_active":false,"_monsterinsights_sitenote_note":"","_monsterinsights_sitenote_category":0,"footnotes":"","_wpscppro_dont_share_socialmedia":false,"_wpscppro_custom_social_share_image":0,"_facebook_share_type":"default","_twitter_share_type":"default","_linkedin_share_type":"default","_pinterest_share_type":"default","_linkedin_share_type_page":"","_instagram_share_type":"default","_medium_share_type":"default","_threads_share_type":"","_google_business_share_type":"","_selected_social_profile":[],"_wpsp_enable_custom_social_template":false,"_wpsp_social_scheduling":{"enabled":false,"datetime":null,"platforms":[],"status":"template_only","dateOption":"today","timeOption":"now","customDays":"","customHours":"","customDate":"","customTime":"","schedulingType":"absolute"},"_wpsp_active_default_template":true},"categories":[52,33],"tags":[],"class_list":["post-66055","post","type-post","status-publish","format-standard","has-post-thumbnail","hentry","category-a-la-une","category-sports"],"aioseo_notices":[],"yoast_head":"<!-- This site is optimized with the Yoast SEO plugin v27.5 - https:\/\/yoast.com\/product\/yoast-seo-wordpress\/ -->\n<title>Violences dans les stades: Sadi r\u00e9unit les clubs en urgence ! - La Sentinelle<\/title>\n<meta name=\"robots\" content=\"index, follow, max-snippet:-1, max-image-preview:large, max-video-preview:-1\" \/>\n<link rel=\"canonical\" href=\"https:\/\/lasentinelle.dz\/index.php\/2025\/04\/21\/violences-dans-les-stades-sadi-reunit-les-clubs-en-urgence\/\" \/>\n<meta property=\"og:locale\" content=\"fr_FR\" \/>\n<meta property=\"og:type\" content=\"article\" \/>\n<meta property=\"og:title\" content=\"Violences dans les stades: Sadi r\u00e9unit les clubs en urgence ! - La Sentinelle\" \/>\n<meta property=\"og:description\" content=\"Face \u00e0 une escalade pr\u00e9occupante de la violence qui gangr\u00e8ne les stades alg\u00e9riens depuis plusieurs mois, le pr\u00e9sident de la\" \/>\n<meta property=\"og:url\" content=\"https:\/\/lasentinelle.dz\/index.php\/2025\/04\/21\/violences-dans-les-stades-sadi-reunit-les-clubs-en-urgence\/\" \/>\n<meta property=\"og:site_name\" content=\"La Sentinelle\" \/>\n<meta property=\"article:publisher\" content=\"https:\/\/www.facebook.com\/La-Sentinelle-104059864394773\" \/>\n<meta property=\"article:published_time\" content=\"2025-04-21T11:20:20+00:00\" \/>\n<meta property=\"article:modified_time\" content=\"2025-04-21T11:20:21+00:00\" \/>\n<meta property=\"og:image\" content=\"https:\/\/lasentinelle.dz\/wp-content\/uploads\/2025\/04\/Sadi-1.webp\" \/>\n\t<meta property=\"og:image:width\" content=\"966\" \/>\n\t<meta property=\"og:image:height\" content=\"544\" \/>\n\t<meta property=\"og:image:type\" content=\"image\/webp\" \/>\n<meta name=\"author\" content=\"admin\" \/>\n<meta name=\"twitter:card\" content=\"summary_large_image\" \/>\n<meta name=\"twitter:label1\" content=\"\u00c9crit par\" \/>\n\t<meta name=\"twitter:data1\" content=\"admin\" \/>\n\t<meta name=\"twitter:label2\" content=\"Dur\u00e9e de lecture estim\u00e9e\" \/>\n\t<meta name=\"twitter:data2\" content=\"6 minutes\" \/>\n<script type=\"application\/ld+json\" class=\"yoast-schema-graph\">{\"@context\":\"https:\\\/\\\/schema.org\",\"@graph\":[{\"@type\":\"Article\",\"@id\":\"https:\\\/\\\/lasentinelle.dz\\\/index.php\\\/2025\\\/04\\\/21\\\/violences-dans-les-stades-sadi-reunit-les-clubs-en-urgence\\\/#article\",\"isPartOf\":{\"@id\":\"https:\\\/\\\/lasentinelle.dz\\\/index.php\\\/2025\\\/04\\\/21\\\/violences-dans-les-stades-sadi-reunit-les-clubs-en-urgence\\\/\"},\"author\":{\"name\":\"admin\",\"@id\":\"https:\\\/\\\/lasentinelle.dz\\\/#\\\/schema\\\/person\\\/729ee0024f24e0b8c5ec17232f8e8b41\"},\"headline\":\"Violences dans les stades: Sadi r\u00e9unit les clubs en urgence !\",\"datePublished\":\"2025-04-21T11:20:20+00:00\",\"dateModified\":\"2025-04-21T11:20:21+00:00\",\"mainEntityOfPage\":{\"@id\":\"https:\\\/\\\/lasentinelle.dz\\\/index.php\\\/2025\\\/04\\\/21\\\/violences-dans-les-stades-sadi-reunit-les-clubs-en-urgence\\\/\"},\"wordCount\":1125,\"commentCount\":0,\"publisher\":{\"@id\":\"https:\\\/\\\/lasentinelle.dz\\\/#organization\"},\"image\":{\"@id\":\"https:\\\/\\\/lasentinelle.dz\\\/index.php\\\/2025\\\/04\\\/21\\\/violences-dans-les-stades-sadi-reunit-les-clubs-en-urgence\\\/#primaryimage\"},\"thumbnailUrl\":\"https:\\\/\\\/lasentinelle.dz\\\/wp-content\\\/uploads\\\/2025\\\/04\\\/Sadi-1.webp\",\"articleSection\":[\"\u00c0 la Une\",\"Sports\"],\"inLanguage\":\"fr-FR\",\"potentialAction\":[{\"@type\":\"CommentAction\",\"name\":\"Comment\",\"target\":[\"https:\\\/\\\/lasentinelle.dz\\\/index.php\\\/2025\\\/04\\\/21\\\/violences-dans-les-stades-sadi-reunit-les-clubs-en-urgence\\\/#respond\"]}]},{\"@type\":\"WebPage\",\"@id\":\"https:\\\/\\\/lasentinelle.dz\\\/index.php\\\/2025\\\/04\\\/21\\\/violences-dans-les-stades-sadi-reunit-les-clubs-en-urgence\\\/\",\"url\":\"https:\\\/\\\/lasentinelle.dz\\\/index.php\\\/2025\\\/04\\\/21\\\/violences-dans-les-stades-sadi-reunit-les-clubs-en-urgence\\\/\",\"name\":\"Violences dans les stades: Sadi r\u00e9unit les clubs en urgence ! - La Sentinelle\",\"isPartOf\":{\"@id\":\"https:\\\/\\\/lasentinelle.dz\\\/#website\"},\"primaryImageOfPage\":{\"@id\":\"https:\\\/\\\/lasentinelle.dz\\\/index.php\\\/2025\\\/04\\\/21\\\/violences-dans-les-stades-sadi-reunit-les-clubs-en-urgence\\\/#primaryimage\"},\"image\":{\"@id\":\"https:\\\/\\\/lasentinelle.dz\\\/index.php\\\/2025\\\/04\\\/21\\\/violences-dans-les-stades-sadi-reunit-les-clubs-en-urgence\\\/#primaryimage\"},\"thumbnailUrl\":\"https:\\\/\\\/lasentinelle.dz\\\/wp-content\\\/uploads\\\/2025\\\/04\\\/Sadi-1.webp\",\"datePublished\":\"2025-04-21T11:20:20+00:00\",\"dateModified\":\"2025-04-21T11:20:21+00:00\",\"breadcrumb\":{\"@id\":\"https:\\\/\\\/lasentinelle.dz\\\/index.php\\\/2025\\\/04\\\/21\\\/violences-dans-les-stades-sadi-reunit-les-clubs-en-urgence\\\/#breadcrumb\"},\"inLanguage\":\"fr-FR\",\"potentialAction\":[{\"@type\":\"ReadAction\",\"target\":[\"https:\\\/\\\/lasentinelle.dz\\\/index.php\\\/2025\\\/04\\\/21\\\/violences-dans-les-stades-sadi-reunit-les-clubs-en-urgence\\\/\"]}]},{\"@type\":\"ImageObject\",\"inLanguage\":\"fr-FR\",\"@id\":\"https:\\\/\\\/lasentinelle.dz\\\/index.php\\\/2025\\\/04\\\/21\\\/violences-dans-les-stades-sadi-reunit-les-clubs-en-urgence\\\/#primaryimage\",\"url\":\"https:\\\/\\\/lasentinelle.dz\\\/wp-content\\\/uploads\\\/2025\\\/04\\\/Sadi-1.webp\",\"contentUrl\":\"https:\\\/\\\/lasentinelle.dz\\\/wp-content\\\/uploads\\\/2025\\\/04\\\/Sadi-1.webp\",\"width\":966,\"height\":544},{\"@type\":\"BreadcrumbList\",\"@id\":\"https:\\\/\\\/lasentinelle.dz\\\/index.php\\\/2025\\\/04\\\/21\\\/violences-dans-les-stades-sadi-reunit-les-clubs-en-urgence\\\/#breadcrumb\",\"itemListElement\":[{\"@type\":\"ListItem\",\"position\":1,\"name\":\"Accueil\",\"item\":\"https:\\\/\\\/lasentinelle.dz\\\/\"},{\"@type\":\"ListItem\",\"position\":2,\"name\":\"Violences dans les stades: Sadi r\u00e9unit les clubs en urgence !\"}]},{\"@type\":\"WebSite\",\"@id\":\"https:\\\/\\\/lasentinelle.dz\\\/#website\",\"url\":\"https:\\\/\\\/lasentinelle.dz\\\/\",\"name\":\"La Sentinelle\",\"description\":\"Quotidien national d&#039;information\",\"publisher\":{\"@id\":\"https:\\\/\\\/lasentinelle.dz\\\/#organization\"},\"potentialAction\":[{\"@type\":\"SearchAction\",\"target\":{\"@type\":\"EntryPoint\",\"urlTemplate\":\"https:\\\/\\\/lasentinelle.dz\\\/?s={search_term_string}\"},\"query-input\":{\"@type\":\"PropertyValueSpecification\",\"valueRequired\":true,\"valueName\":\"search_term_string\"}}],\"inLanguage\":\"fr-FR\"},{\"@type\":\"Organization\",\"@id\":\"https:\\\/\\\/lasentinelle.dz\\\/#organization\",\"name\":\"Quotidien La Sentinelle\",\"url\":\"https:\\\/\\\/lasentinelle.dz\\\/\",\"logo\":{\"@type\":\"ImageObject\",\"inLanguage\":\"fr-FR\",\"@id\":\"https:\\\/\\\/lasentinelle.dz\\\/#\\\/schema\\\/logo\\\/image\\\/\",\"url\":\"https:\\\/\\\/lasentinelle.dz\\\/wp-content\\\/uploads\\\/2021\\\/09\\\/logo-sentinelleSLOGAN-1.png\",\"contentUrl\":\"https:\\\/\\\/lasentinelle.dz\\\/wp-content\\\/uploads\\\/2021\\\/09\\\/logo-sentinelleSLOGAN-1.png\",\"width\":615,\"height\":142,\"caption\":\"Quotidien La Sentinelle\"},\"image\":{\"@id\":\"https:\\\/\\\/lasentinelle.dz\\\/#\\\/schema\\\/logo\\\/image\\\/\"},\"sameAs\":[\"https:\\\/\\\/www.facebook.com\\\/La-Sentinelle-104059864394773\"]},{\"@type\":\"Person\",\"@id\":\"https:\\\/\\\/lasentinelle.dz\\\/#\\\/schema\\\/person\\\/729ee0024f24e0b8c5ec17232f8e8b41\",\"name\":\"admin\",\"image\":{\"@type\":\"ImageObject\",\"inLanguage\":\"fr-FR\",\"@id\":\"https:\\\/\\\/secure.gravatar.com\\\/avatar\\\/4c81fed838786e9b53f540bf46533e750f5d292099ae3b66cfc6fb1982e29df7?s=96&d=mm&r=g\",\"url\":\"https:\\\/\\\/secure.gravatar.com\\\/avatar\\\/4c81fed838786e9b53f540bf46533e750f5d292099ae3b66cfc6fb1982e29df7?s=96&d=mm&r=g\",\"contentUrl\":\"https:\\\/\\\/secure.gravatar.com\\\/avatar\\\/4c81fed838786e9b53f540bf46533e750f5d292099ae3b66cfc6fb1982e29df7?s=96&d=mm&r=g\",\"caption\":\"admin\"},\"description\":\"admin\",\"url\":\"https:\\\/\\\/lasentinelle.dz\\\/author\\\/admin\\\/\"}]}<\/script>\n<!-- \/ Yoast SEO plugin. -->","yoast_head_json":{"title":"Violences dans les stades: Sadi r\u00e9unit les clubs en urgence ! - La Sentinelle","robots":{"index":"index","follow":"follow","max-snippet":"max-snippet:-1","max-image-preview":"max-image-preview:large","max-video-preview":"max-video-preview:-1"},"canonical":"https:\/\/lasentinelle.dz\/index.php\/2025\/04\/21\/violences-dans-les-stades-sadi-reunit-les-clubs-en-urgence\/","og_locale":"fr_FR","og_type":"article","og_title":"Violences dans les stades: Sadi r\u00e9unit les clubs en urgence ! - La Sentinelle","og_description":"Face \u00e0 une escalade pr\u00e9occupante de la violence qui gangr\u00e8ne les stades alg\u00e9riens depuis plusieurs mois, le pr\u00e9sident de la","og_url":"https:\/\/lasentinelle.dz\/index.php\/2025\/04\/21\/violences-dans-les-stades-sadi-reunit-les-clubs-en-urgence\/","og_site_name":"La Sentinelle","article_publisher":"https:\/\/www.facebook.com\/La-Sentinelle-104059864394773","article_published_time":"2025-04-21T11:20:20+00:00","article_modified_time":"2025-04-21T11:20:21+00:00","og_image":[{"width":966,"height":544,"url":"https:\/\/lasentinelle.dz\/wp-content\/uploads\/2025\/04\/Sadi-1.webp","type":"image\/webp"}],"author":"admin","twitter_card":"summary_large_image","twitter_misc":{"\u00c9crit par":"admin","Dur\u00e9e de lecture estim\u00e9e":"6 minutes"},"schema":{"@context":"https:\/\/schema.org","@graph":[{"@type":"Article","@id":"https:\/\/lasentinelle.dz\/index.php\/2025\/04\/21\/violences-dans-les-stades-sadi-reunit-les-clubs-en-urgence\/#article","isPartOf":{"@id":"https:\/\/lasentinelle.dz\/index.php\/2025\/04\/21\/violences-dans-les-stades-sadi-reunit-les-clubs-en-urgence\/"},"author":{"name":"admin","@id":"https:\/\/lasentinelle.dz\/#\/schema\/person\/729ee0024f24e0b8c5ec17232f8e8b41"},"headline":"Violences dans les stades: Sadi r\u00e9unit les clubs en urgence !","datePublished":"2025-04-21T11:20:20+00:00","dateModified":"2025-04-21T11:20:21+00:00","mainEntityOfPage":{"@id":"https:\/\/lasentinelle.dz\/index.php\/2025\/04\/21\/violences-dans-les-stades-sadi-reunit-les-clubs-en-urgence\/"},"wordCount":1125,"commentCount":0,"publisher":{"@id":"https:\/\/lasentinelle.dz\/#organization"},"image":{"@id":"https:\/\/lasentinelle.dz\/index.php\/2025\/04\/21\/violences-dans-les-stades-sadi-reunit-les-clubs-en-urgence\/#primaryimage"},"thumbnailUrl":"https:\/\/lasentinelle.dz\/wp-content\/uploads\/2025\/04\/Sadi-1.webp","articleSection":["\u00c0 la Une","Sports"],"inLanguage":"fr-FR","potentialAction":[{"@type":"CommentAction","name":"Comment","target":["https:\/\/lasentinelle.dz\/index.php\/2025\/04\/21\/violences-dans-les-stades-sadi-reunit-les-clubs-en-urgence\/#respond"]}]},{"@type":"WebPage","@id":"https:\/\/lasentinelle.dz\/index.php\/2025\/04\/21\/violences-dans-les-stades-sadi-reunit-les-clubs-en-urgence\/","url":"https:\/\/lasentinelle.dz\/index.php\/2025\/04\/21\/violences-dans-les-stades-sadi-reunit-les-clubs-en-urgence\/","name":"Violences dans les stades: Sadi r\u00e9unit les clubs en urgence ! - La Sentinelle","isPartOf":{"@id":"https:\/\/lasentinelle.dz\/#website"},"primaryImageOfPage":{"@id":"https:\/\/lasentinelle.dz\/index.php\/2025\/04\/21\/violences-dans-les-stades-sadi-reunit-les-clubs-en-urgence\/#primaryimage"},"image":{"@id":"https:\/\/lasentinelle.dz\/index.php\/2025\/04\/21\/violences-dans-les-stades-sadi-reunit-les-clubs-en-urgence\/#primaryimage"},"thumbnailUrl":"https:\/\/lasentinelle.dz\/wp-content\/uploads\/2025\/04\/Sadi-1.webp","datePublished":"2025-04-21T11:20:20+00:00","dateModified":"2025-04-21T11:20:21+00:00","breadcrumb":{"@id":"https:\/\/lasentinelle.dz\/index.php\/2025\/04\/21\/violences-dans-les-stades-sadi-reunit-les-clubs-en-urgence\/#breadcrumb"},"inLanguage":"fr-FR","potentialAction":[{"@type":"ReadAction","target":["https:\/\/lasentinelle.dz\/index.php\/2025\/04\/21\/violences-dans-les-stades-sadi-reunit-les-clubs-en-urgence\/"]}]},{"@type":"ImageObject","inLanguage":"fr-FR","@id":"https:\/\/lasentinelle.dz\/index.php\/2025\/04\/21\/violences-dans-les-stades-sadi-reunit-les-clubs-en-urgence\/#primaryimage","url":"https:\/\/lasentinelle.dz\/wp-content\/uploads\/2025\/04\/Sadi-1.webp","contentUrl":"https:\/\/lasentinelle.dz\/wp-content\/uploads\/2025\/04\/Sadi-1.webp","width":966,"height":544},{"@type":"BreadcrumbList","@id":"https:\/\/lasentinelle.dz\/index.php\/2025\/04\/21\/violences-dans-les-stades-sadi-reunit-les-clubs-en-urgence\/#breadcrumb","itemListElement":[{"@type":"ListItem","position":1,"name":"Accueil","item":"https:\/\/lasentinelle.dz\/"},{"@type":"ListItem","position":2,"name":"Violences dans les stades: Sadi r\u00e9unit les clubs en urgence !"}]},{"@type":"WebSite","@id":"https:\/\/lasentinelle.dz\/#website","url":"https:\/\/lasentinelle.dz\/","name":"La Sentinelle","description":"Quotidien national d&#039;information","publisher":{"@id":"https:\/\/lasentinelle.dz\/#organization"},"potentialAction":[{"@type":"SearchAction","target":{"@type":"EntryPoint","urlTemplate":"https:\/\/lasentinelle.dz\/?s={search_term_string}"},"query-input":{"@type":"PropertyValueSpecification","valueRequired":true,"valueName":"search_term_string"}}],"inLanguage":"fr-FR"},{"@type":"Organization","@id":"https:\/\/lasentinelle.dz\/#organization","name":"Quotidien La Sentinelle","url":"https:\/\/lasentinelle.dz\/","logo":{"@type":"ImageObject","inLanguage":"fr-FR","@id":"https:\/\/lasentinelle.dz\/#\/schema\/logo\/image\/","url":"https:\/\/lasentinelle.dz\/wp-content\/uploads\/2021\/09\/logo-sentinelleSLOGAN-1.png","contentUrl":"https:\/\/lasentinelle.dz\/wp-content\/uploads\/2021\/09\/logo-sentinelleSLOGAN-1.png","width":615,"height":142,"caption":"Quotidien La Sentinelle"},"image":{"@id":"https:\/\/lasentinelle.dz\/#\/schema\/logo\/image\/"},"sameAs":["https:\/\/www.facebook.com\/La-Sentinelle-104059864394773"]},{"@type":"Person","@id":"https:\/\/lasentinelle.dz\/#\/schema\/person\/729ee0024f24e0b8c5ec17232f8e8b41","name":"admin","image":{"@type":"ImageObject","inLanguage":"fr-FR","@id":"https:\/\/secure.gravatar.com\/avatar\/4c81fed838786e9b53f540bf46533e750f5d292099ae3b66cfc6fb1982e29df7?s=96&d=mm&r=g","url":"https:\/\/secure.gravatar.com\/avatar\/4c81fed838786e9b53f540bf46533e750f5d292099ae3b66cfc6fb1982e29df7?s=96&d=mm&r=g","contentUrl":"https:\/\/secure.gravatar.com\/avatar\/4c81fed838786e9b53f540bf46533e750f5d292099ae3b66cfc6fb1982e29df7?s=96&d=mm&r=g","caption":"admin"},"description":"admin","url":"https:\/\/lasentinelle.dz\/author\/admin\/"}]}},"_links":{"self":[{"href":"https:\/\/lasentinelle.dz\/index.php\/wp-json\/wp\/v2\/posts\/66055","targetHints":{"allow":["GET"]}}],"collection":[{"href":"https:\/\/lasentinelle.dz\/index.php\/wp-json\/wp\/v2\/posts"}],"about":[{"href":"https:\/\/lasentinelle.dz\/index.php\/wp-json\/wp\/v2\/types\/post"}],"author":[{"embeddable":true,"href":"https:\/\/lasentinelle.dz\/index.php\/wp-json\/wp\/v2\/users\/6"}],"replies":[{"embeddable":true,"href":"https:\/\/lasentinelle.dz\/index.php\/wp-json\/wp\/v2\/comments?post=66055"}],"version-history":[{"count":1,"href":"https:\/\/lasentinelle.dz\/index.php\/wp-json\/wp\/v2\/posts\/66055\/revisions"}],"predecessor-version":[{"id":66057,"href":"https:\/\/lasentinelle.dz\/index.php\/wp-json\/wp\/v2\/posts\/66055\/revisions\/66057"}],"wp:featuredmedia":[{"embeddable":true,"href":"https:\/\/lasentinelle.dz\/index.php\/wp-json\/wp\/v2\/media\/66056"}],"wp:attachment":[{"href":"https:\/\/lasentinelle.dz\/index.php\/wp-json\/wp\/v2\/media?parent=66055"}],"wp:term":[{"taxonomy":"category","embeddable":true,"href":"https:\/\/lasentinelle.dz\/index.php\/wp-json\/wp\/v2\/categories?post=66055"},{"taxonomy":"post_tag","embeddable":true,"href":"https:\/\/lasentinelle.dz\/index.php\/wp-json\/wp\/v2\/tags?post=66055"}],"curies":[{"name":"wp","href":"https:\/\/api.w.org\/{rel}","templated":true}]}}