{"id":66058,"date":"2025-04-21T12:21:58","date_gmt":"2025-04-21T11:21:58","guid":{"rendered":"https:\/\/lasentinelle.dz\/?p=66058"},"modified":"2025-04-21T12:21:59","modified_gmt":"2025-04-21T11:21:59","slug":"universite-de-khenchela-convention-de-cooperation-avec-lanvredet","status":"publish","type":"post","link":"https:\/\/lasentinelle.dz\/index.php\/2025\/04\/21\/universite-de-khenchela-convention-de-cooperation-avec-lanvredet\/","title":{"rendered":"Universit\u00e9 de Khenchela : Convention de coop\u00e9ration avec l\u2019ANVREDET"},"content":{"rendered":"\n<p>Une convention de partenariat et de coop\u00e9ration a \u00e9t\u00e9 sign\u00e9e \u00e0 la fin de semaine derni\u00e8re, entre l&rsquo;universit\u00e9 Abb\u00e8s Laghrour de Khenchela et l&rsquo;Agence Nationale de Valorisation des R\u00e9sultats de la recherche et du D\u00e9veloppement Technologique (ANVREDET), a rapport\u00e9 une source administrative. Selon les pr\u00e9cisions apport\u00e9es par cette source relevant du rectorat de l\u2019universit\u00e9, la c\u00e9r\u00e9monie de la signature de cet accord a \u00e9t\u00e9 organis\u00e9e au p\u00f4le universitaire Rafik Abdelhak Berarhi (Khenchela), \u00e0 l\u2019occasion d\u2019une journ\u00e9e d&rsquo;\u00e9tude ayant pour th\u00e9matique \u00ab\u00a0Brevets et Intelligence Artificielle\u00a0\u00bb. La convention est destin\u00e9e, ont pr\u00e9cis\u00e9 nos sources, \u00e0 valoriser les r\u00e9sultats de la recherche et du d\u00e9veloppement technologique et \u00e0 apporter un soutien par le biais d&rsquo;\u00e9tudes et de consultations, en plus de la formation et l&rsquo;\u00e9change d&rsquo;exp\u00e9riences entre les deux parties, ont ajout\u00e9 les m\u00eames sources. Les principaux axes de cet accord de partenariat pr\u00e9voient, \u00e9galement, l&rsquo;organisation d&rsquo;ateliers et de sessions de formation en mati\u00e8re d&rsquo;innovation, le renforcement du r\u00f4le de l&rsquo;incubateur dans l&rsquo;accompagnement des porteurs de projets innovants et une contribution \u00e0 la valorisation des produits de la recherche par l\u2019apport de solutions innovantes en vue du transfert des id\u00e9es vers la sph\u00e8re \u00e9conomique, a-t-on d\u00e9taill\u00e9. Nos sources ont fait savoir qu\u2019aux termes de cette convention de coop\u00e9ration, les deux parties, d\u00e9sormais partenaires, s&rsquo;engagent \u00e0 \u00e9changer des connaissances, des exp\u00e9riences et des comp\u00e9tences administratives, scientifiques et techniques, \u00e0 \u00e9tablir la faisabilit\u00e9 technique et \u00e9conomique des projets et \u00e0 aider les inventeurs, les jeunes entrepreneurs et les startups en mati\u00e8re de propri\u00e9t\u00e9 intellectuelle et de brevets. Dans le m\u00eame ordre d\u2019id\u00e9es, les personnels des deux parties b\u00e9n\u00e9ficieront, selon les termes de cette convention, de formations et d\u2019une \u00e9tude conjointe des projets susceptibles de participer au d\u00e9veloppement \u00e9conomique gr\u00e2ce \u00e0 la cr\u00e9ation de nouvelles startups ou \u00e0 la cession de licences et au soutien et \u00e0 l&rsquo;accompagnement des projets innovants au sein des p\u00e9pini\u00e8res universitaires. Cet accord de partenariat a \u00e9t\u00e9 sign\u00e9 par le Pr Abdelouahab Chala, recteur de l\u2019universit\u00e9 Abbas Laghrour et Nadir Azizi, directeur g\u00e9n\u00e9ral de l&rsquo;ANVREDET. Intervenant pour l&rsquo;occasion, le recteur de l\u2019universit\u00e9 de Khenchela a fait savoir que l\u2019ANVREDET constitue une passerelle entre la recherche scientifique et le secteur \u00e9conomique. D\u2019o\u00f9 l\u2019objectif vis\u00e9 \u00e0 travers la signature de la convention, consiste \u00e0 permettre aux \u00e9tudiants et aux chercheurs de mener \u00e0 bien leurs projets et de renforcer leur esprit entrepreneurial, a soulign\u00e9 le m\u00eame responsable. Le directeur g\u00e9n\u00e9ral de l&rsquo;ANVREDET, pour sa part, s&rsquo;est f\u00e9licit\u00e9 de la signature de cette convention. Il a soulign\u00e9 par la m\u00eame occasion que l&rsquo;agence accorde un grand int\u00e9r\u00eat aux projets de recherche, \u00e0 leur financement et \u00e0 leur accompagnement \u00e9conomique. L\u2019agence encourage les \u00e9tudiants \u00e0 s&rsquo;inscrire sur la plateforme num\u00e9rique des p\u00e9pini\u00e8res et sur la plateforme num\u00e9rique \u00ab\u00a0Smart Algeria Hackathon\u00bb, a-t-il expliqu\u00e9. L\u2019intervenant a rappel\u00e9 dans ce sillage que cette plateforme offre aux partenaires socio-\u00e9conomiques la possibilit\u00e9 de soumettre leurs probl\u00e9matiques, apr\u00e8s \u00e9valuation par des experts, afin qu\u2019elles puissent \u00eatre \u00e9tudi\u00e9es par les chercheurs et les \u00e9tudiants, en vue de proposer des solutions innovantes.<\/p>\n\n\n\n<p><strong>Sofia Chahine<\/strong><\/p>\n","protected":false},"excerpt":{"rendered":"<p>Une convention de partenariat et de coop\u00e9ration a \u00e9t\u00e9 sign\u00e9e \u00e0 la fin de semaine derni\u00e8re, entre l&rsquo;universit\u00e9 Abb\u00e8s Laghrour<\/p>\n","protected":false},"author":6,"featured_media":66059,"comment_status":"open","ping_status":"closed","sticky":false,"template":"","format":"standard","meta":{"colormag_page_container_layout":"default_layout","colormag_page_sidebar_layout":"default_layout","om_disable_all_campaigns":false,"_monsterinsights_skip_tracking":false,"_monsterinsights_sitenote_active":false,"_monsterinsights_sitenote_note":"","_monsterinsights_sitenote_category":0,"footnotes":"","_wpscppro_dont_share_socialmedia":false,"_wpscppro_custom_social_share_image":0,"_facebook_share_type":"default","_twitter_share_type":"default","_linkedin_share_type":"default","_pinterest_share_type":"default","_linkedin_share_type_page":"","_instagram_share_type":"default","_medium_share_type":"default","_threads_share_type":"","_google_business_share_type":"","_selected_social_profile":[],"_wpsp_enable_custom_social_template":false,"_wpsp_social_scheduling":{"enabled":false,"datetime":null,"platforms":[],"status":"template_only","dateOption":"today","timeOption":"now","customDays":"","customHours":"","customDate":"","customTime":"","schedulingType":"absolute"},"_wpsp_active_default_template":true},"categories":[31],"tags":[],"class_list":["post-66058","post","type-post","status-publish","format-standard","has-post-thumbnail","hentry","category-regions"],"aioseo_notices":[],"yoast_head":"<!-- This site is optimized with the Yoast SEO plugin v27.5 - https:\/\/yoast.com\/product\/yoast-seo-wordpress\/ -->\n<title>Universit\u00e9 de Khenchela : Convention de coop\u00e9ration avec l\u2019ANVREDET - La Sentinelle<\/title>\n<meta name=\"robots\" content=\"index, follow, max-snippet:-1, max-image-preview:large, max-video-preview:-1\" \/>\n<link rel=\"canonical\" href=\"https:\/\/lasentinelle.dz\/index.php\/2025\/04\/21\/universite-de-khenchela-convention-de-cooperation-avec-lanvredet\/\" \/>\n<meta property=\"og:locale\" content=\"fr_FR\" \/>\n<meta property=\"og:type\" content=\"article\" \/>\n<meta property=\"og:title\" content=\"Universit\u00e9 de Khenchela : Convention de coop\u00e9ration avec l\u2019ANVREDET - La Sentinelle\" \/>\n<meta property=\"og:description\" content=\"Une convention de partenariat et de coop\u00e9ration a \u00e9t\u00e9 sign\u00e9e \u00e0 la fin de semaine derni\u00e8re, entre l&rsquo;universit\u00e9 Abb\u00e8s Laghrour\" \/>\n<meta property=\"og:url\" content=\"https:\/\/lasentinelle.dz\/index.php\/2025\/04\/21\/universite-de-khenchela-convention-de-cooperation-avec-lanvredet\/\" \/>\n<meta property=\"og:site_name\" content=\"La Sentinelle\" \/>\n<meta property=\"article:publisher\" content=\"https:\/\/www.facebook.com\/La-Sentinelle-104059864394773\" \/>\n<meta property=\"article:published_time\" content=\"2025-04-21T11:21:58+00:00\" \/>\n<meta property=\"article:modified_time\" content=\"2025-04-21T11:21:59+00:00\" \/>\n<meta property=\"og:image\" content=\"https:\/\/lasentinelle.dz\/wp-content\/uploads\/2025\/04\/universite-de-khenchela.png\" \/>\n\t<meta property=\"og:image:width\" content=\"1276\" \/>\n\t<meta property=\"og:image:height\" content=\"900\" \/>\n\t<meta property=\"og:image:type\" content=\"image\/png\" \/>\n<meta name=\"author\" content=\"admin\" \/>\n<meta name=\"twitter:card\" content=\"summary_large_image\" \/>\n<meta name=\"twitter:label1\" content=\"\u00c9crit par\" \/>\n\t<meta name=\"twitter:data1\" content=\"admin\" \/>\n\t<meta name=\"twitter:label2\" content=\"Dur\u00e9e de lecture estim\u00e9e\" \/>\n\t<meta name=\"twitter:data2\" content=\"3 minutes\" \/>\n<script type=\"application\/ld+json\" class=\"yoast-schema-graph\">{\"@context\":\"https:\\\/\\\/schema.org\",\"@graph\":[{\"@type\":\"Article\",\"@id\":\"https:\\\/\\\/lasentinelle.dz\\\/index.php\\\/2025\\\/04\\\/21\\\/universite-de-khenchela-convention-de-cooperation-avec-lanvredet\\\/#article\",\"isPartOf\":{\"@id\":\"https:\\\/\\\/lasentinelle.dz\\\/index.php\\\/2025\\\/04\\\/21\\\/universite-de-khenchela-convention-de-cooperation-avec-lanvredet\\\/\"},\"author\":{\"name\":\"admin\",\"@id\":\"https:\\\/\\\/lasentinelle.dz\\\/#\\\/schema\\\/person\\\/729ee0024f24e0b8c5ec17232f8e8b41\"},\"headline\":\"Universit\u00e9 de Khenchela : Convention de coop\u00e9ration avec l\u2019ANVREDET\",\"datePublished\":\"2025-04-21T11:21:58+00:00\",\"dateModified\":\"2025-04-21T11:21:59+00:00\",\"mainEntityOfPage\":{\"@id\":\"https:\\\/\\\/lasentinelle.dz\\\/index.php\\\/2025\\\/04\\\/21\\\/universite-de-khenchela-convention-de-cooperation-avec-lanvredet\\\/\"},\"wordCount\":586,\"commentCount\":0,\"publisher\":{\"@id\":\"https:\\\/\\\/lasentinelle.dz\\\/#organization\"},\"image\":{\"@id\":\"https:\\\/\\\/lasentinelle.dz\\\/index.php\\\/2025\\\/04\\\/21\\\/universite-de-khenchela-convention-de-cooperation-avec-lanvredet\\\/#primaryimage\"},\"thumbnailUrl\":\"https:\\\/\\\/lasentinelle.dz\\\/wp-content\\\/uploads\\\/2025\\\/04\\\/universite-de-khenchela.png\",\"articleSection\":[\"R\u00e9gions\"],\"inLanguage\":\"fr-FR\",\"potentialAction\":[{\"@type\":\"CommentAction\",\"name\":\"Comment\",\"target\":[\"https:\\\/\\\/lasentinelle.dz\\\/index.php\\\/2025\\\/04\\\/21\\\/universite-de-khenchela-convention-de-cooperation-avec-lanvredet\\\/#respond\"]}]},{\"@type\":\"WebPage\",\"@id\":\"https:\\\/\\\/lasentinelle.dz\\\/index.php\\\/2025\\\/04\\\/21\\\/universite-de-khenchela-convention-de-cooperation-avec-lanvredet\\\/\",\"url\":\"https:\\\/\\\/lasentinelle.dz\\\/index.php\\\/2025\\\/04\\\/21\\\/universite-de-khenchela-convention-de-cooperation-avec-lanvredet\\\/\",\"name\":\"Universit\u00e9 de Khenchela : Convention de coop\u00e9ration avec l\u2019ANVREDET - La Sentinelle\",\"isPartOf\":{\"@id\":\"https:\\\/\\\/lasentinelle.dz\\\/#website\"},\"primaryImageOfPage\":{\"@id\":\"https:\\\/\\\/lasentinelle.dz\\\/index.php\\\/2025\\\/04\\\/21\\\/universite-de-khenchela-convention-de-cooperation-avec-lanvredet\\\/#primaryimage\"},\"image\":{\"@id\":\"https:\\\/\\\/lasentinelle.dz\\\/index.php\\\/2025\\\/04\\\/21\\\/universite-de-khenchela-convention-de-cooperation-avec-lanvredet\\\/#primaryimage\"},\"thumbnailUrl\":\"https:\\\/\\\/lasentinelle.dz\\\/wp-content\\\/uploads\\\/2025\\\/04\\\/universite-de-khenchela.png\",\"datePublished\":\"2025-04-21T11:21:58+00:00\",\"dateModified\":\"2025-04-21T11:21:59+00:00\",\"breadcrumb\":{\"@id\":\"https:\\\/\\\/lasentinelle.dz\\\/index.php\\\/2025\\\/04\\\/21\\\/universite-de-khenchela-convention-de-cooperation-avec-lanvredet\\\/#breadcrumb\"},\"inLanguage\":\"fr-FR\",\"potentialAction\":[{\"@type\":\"ReadAction\",\"target\":[\"https:\\\/\\\/lasentinelle.dz\\\/index.php\\\/2025\\\/04\\\/21\\\/universite-de-khenchela-convention-de-cooperation-avec-lanvredet\\\/\"]}]},{\"@type\":\"ImageObject\",\"inLanguage\":\"fr-FR\",\"@id\":\"https:\\\/\\\/lasentinelle.dz\\\/index.php\\\/2025\\\/04\\\/21\\\/universite-de-khenchela-convention-de-cooperation-avec-lanvredet\\\/#primaryimage\",\"url\":\"https:\\\/\\\/lasentinelle.dz\\\/wp-content\\\/uploads\\\/2025\\\/04\\\/universite-de-khenchela.png\",\"contentUrl\":\"https:\\\/\\\/lasentinelle.dz\\\/wp-content\\\/uploads\\\/2025\\\/04\\\/universite-de-khenchela.png\",\"width\":1276,\"height\":900},{\"@type\":\"BreadcrumbList\",\"@id\":\"https:\\\/\\\/lasentinelle.dz\\\/index.php\\\/2025\\\/04\\\/21\\\/universite-de-khenchela-convention-de-cooperation-avec-lanvredet\\\/#breadcrumb\",\"itemListElement\":[{\"@type\":\"ListItem\",\"position\":1,\"name\":\"Accueil\",\"item\":\"https:\\\/\\\/lasentinelle.dz\\\/\"},{\"@type\":\"ListItem\",\"position\":2,\"name\":\"Universit\u00e9 de Khenchela : Convention de coop\u00e9ration avec l\u2019ANVREDET\"}]},{\"@type\":\"WebSite\",\"@id\":\"https:\\\/\\\/lasentinelle.dz\\\/#website\",\"url\":\"https:\\\/\\\/lasentinelle.dz\\\/\",\"name\":\"La Sentinelle\",\"description\":\"Quotidien national d&#039;information\",\"publisher\":{\"@id\":\"https:\\\/\\\/lasentinelle.dz\\\/#organization\"},\"potentialAction\":[{\"@type\":\"SearchAction\",\"target\":{\"@type\":\"EntryPoint\",\"urlTemplate\":\"https:\\\/\\\/lasentinelle.dz\\\/?s={search_term_string}\"},\"query-input\":{\"@type\":\"PropertyValueSpecification\",\"valueRequired\":true,\"valueName\":\"search_term_string\"}}],\"inLanguage\":\"fr-FR\"},{\"@type\":\"Organization\",\"@id\":\"https:\\\/\\\/lasentinelle.dz\\\/#organization\",\"name\":\"Quotidien La Sentinelle\",\"url\":\"https:\\\/\\\/lasentinelle.dz\\\/\",\"logo\":{\"@type\":\"ImageObject\",\"inLanguage\":\"fr-FR\",\"@id\":\"https:\\\/\\\/lasentinelle.dz\\\/#\\\/schema\\\/logo\\\/image\\\/\",\"url\":\"https:\\\/\\\/lasentinelle.dz\\\/wp-content\\\/uploads\\\/2021\\\/09\\\/logo-sentinelleSLOGAN-1.png\",\"contentUrl\":\"https:\\\/\\\/lasentinelle.dz\\\/wp-content\\\/uploads\\\/2021\\\/09\\\/logo-sentinelleSLOGAN-1.png\",\"width\":615,\"height\":142,\"caption\":\"Quotidien La Sentinelle\"},\"image\":{\"@id\":\"https:\\\/\\\/lasentinelle.dz\\\/#\\\/schema\\\/logo\\\/image\\\/\"},\"sameAs\":[\"https:\\\/\\\/www.facebook.com\\\/La-Sentinelle-104059864394773\"]},{\"@type\":\"Person\",\"@id\":\"https:\\\/\\\/lasentinelle.dz\\\/#\\\/schema\\\/person\\\/729ee0024f24e0b8c5ec17232f8e8b41\",\"name\":\"admin\",\"image\":{\"@type\":\"ImageObject\",\"inLanguage\":\"fr-FR\",\"@id\":\"https:\\\/\\\/secure.gravatar.com\\\/avatar\\\/4c81fed838786e9b53f540bf46533e750f5d292099ae3b66cfc6fb1982e29df7?s=96&d=mm&r=g\",\"url\":\"https:\\\/\\\/secure.gravatar.com\\\/avatar\\\/4c81fed838786e9b53f540bf46533e750f5d292099ae3b66cfc6fb1982e29df7?s=96&d=mm&r=g\",\"contentUrl\":\"https:\\\/\\\/secure.gravatar.com\\\/avatar\\\/4c81fed838786e9b53f540bf46533e750f5d292099ae3b66cfc6fb1982e29df7?s=96&d=mm&r=g\",\"caption\":\"admin\"},\"description\":\"admin\",\"url\":\"https:\\\/\\\/lasentinelle.dz\\\/author\\\/admin\\\/\"}]}<\/script>\n<!-- \/ Yoast SEO plugin. -->","yoast_head_json":{"title":"Universit\u00e9 de Khenchela : Convention de coop\u00e9ration avec l\u2019ANVREDET - La Sentinelle","robots":{"index":"index","follow":"follow","max-snippet":"max-snippet:-1","max-image-preview":"max-image-preview:large","max-video-preview":"max-video-preview:-1"},"canonical":"https:\/\/lasentinelle.dz\/index.php\/2025\/04\/21\/universite-de-khenchela-convention-de-cooperation-avec-lanvredet\/","og_locale":"fr_FR","og_type":"article","og_title":"Universit\u00e9 de Khenchela : Convention de coop\u00e9ration avec l\u2019ANVREDET - La Sentinelle","og_description":"Une convention de partenariat et de coop\u00e9ration a \u00e9t\u00e9 sign\u00e9e \u00e0 la fin de semaine derni\u00e8re, entre l&rsquo;universit\u00e9 Abb\u00e8s Laghrour","og_url":"https:\/\/lasentinelle.dz\/index.php\/2025\/04\/21\/universite-de-khenchela-convention-de-cooperation-avec-lanvredet\/","og_site_name":"La Sentinelle","article_publisher":"https:\/\/www.facebook.com\/La-Sentinelle-104059864394773","article_published_time":"2025-04-21T11:21:58+00:00","article_modified_time":"2025-04-21T11:21:59+00:00","og_image":[{"width":1276,"height":900,"url":"https:\/\/lasentinelle.dz\/wp-content\/uploads\/2025\/04\/universite-de-khenchela.png","type":"image\/png"}],"author":"admin","twitter_card":"summary_large_image","twitter_misc":{"\u00c9crit par":"admin","Dur\u00e9e de lecture estim\u00e9e":"3 minutes"},"schema":{"@context":"https:\/\/schema.org","@graph":[{"@type":"Article","@id":"https:\/\/lasentinelle.dz\/index.php\/2025\/04\/21\/universite-de-khenchela-convention-de-cooperation-avec-lanvredet\/#article","isPartOf":{"@id":"https:\/\/lasentinelle.dz\/index.php\/2025\/04\/21\/universite-de-khenchela-convention-de-cooperation-avec-lanvredet\/"},"author":{"name":"admin","@id":"https:\/\/lasentinelle.dz\/#\/schema\/person\/729ee0024f24e0b8c5ec17232f8e8b41"},"headline":"Universit\u00e9 de Khenchela : Convention de coop\u00e9ration avec l\u2019ANVREDET","datePublished":"2025-04-21T11:21:58+00:00","dateModified":"2025-04-21T11:21:59+00:00","mainEntityOfPage":{"@id":"https:\/\/lasentinelle.dz\/index.php\/2025\/04\/21\/universite-de-khenchela-convention-de-cooperation-avec-lanvredet\/"},"wordCount":586,"commentCount":0,"publisher":{"@id":"https:\/\/lasentinelle.dz\/#organization"},"image":{"@id":"https:\/\/lasentinelle.dz\/index.php\/2025\/04\/21\/universite-de-khenchela-convention-de-cooperation-avec-lanvredet\/#primaryimage"},"thumbnailUrl":"https:\/\/lasentinelle.dz\/wp-content\/uploads\/2025\/04\/universite-de-khenchela.png","articleSection":["R\u00e9gions"],"inLanguage":"fr-FR","potentialAction":[{"@type":"CommentAction","name":"Comment","target":["https:\/\/lasentinelle.dz\/index.php\/2025\/04\/21\/universite-de-khenchela-convention-de-cooperation-avec-lanvredet\/#respond"]}]},{"@type":"WebPage","@id":"https:\/\/lasentinelle.dz\/index.php\/2025\/04\/21\/universite-de-khenchela-convention-de-cooperation-avec-lanvredet\/","url":"https:\/\/lasentinelle.dz\/index.php\/2025\/04\/21\/universite-de-khenchela-convention-de-cooperation-avec-lanvredet\/","name":"Universit\u00e9 de Khenchela : Convention de coop\u00e9ration avec l\u2019ANVREDET - La Sentinelle","isPartOf":{"@id":"https:\/\/lasentinelle.dz\/#website"},"primaryImageOfPage":{"@id":"https:\/\/lasentinelle.dz\/index.php\/2025\/04\/21\/universite-de-khenchela-convention-de-cooperation-avec-lanvredet\/#primaryimage"},"image":{"@id":"https:\/\/lasentinelle.dz\/index.php\/2025\/04\/21\/universite-de-khenchela-convention-de-cooperation-avec-lanvredet\/#primaryimage"},"thumbnailUrl":"https:\/\/lasentinelle.dz\/wp-content\/uploads\/2025\/04\/universite-de-khenchela.png","datePublished":"2025-04-21T11:21:58+00:00","dateModified":"2025-04-21T11:21:59+00:00","breadcrumb":{"@id":"https:\/\/lasentinelle.dz\/index.php\/2025\/04\/21\/universite-de-khenchela-convention-de-cooperation-avec-lanvredet\/#breadcrumb"},"inLanguage":"fr-FR","potentialAction":[{"@type":"ReadAction","target":["https:\/\/lasentinelle.dz\/index.php\/2025\/04\/21\/universite-de-khenchela-convention-de-cooperation-avec-lanvredet\/"]}]},{"@type":"ImageObject","inLanguage":"fr-FR","@id":"https:\/\/lasentinelle.dz\/index.php\/2025\/04\/21\/universite-de-khenchela-convention-de-cooperation-avec-lanvredet\/#primaryimage","url":"https:\/\/lasentinelle.dz\/wp-content\/uploads\/2025\/04\/universite-de-khenchela.png","contentUrl":"https:\/\/lasentinelle.dz\/wp-content\/uploads\/2025\/04\/universite-de-khenchela.png","width":1276,"height":900},{"@type":"BreadcrumbList","@id":"https:\/\/lasentinelle.dz\/index.php\/2025\/04\/21\/universite-de-khenchela-convention-de-cooperation-avec-lanvredet\/#breadcrumb","itemListElement":[{"@type":"ListItem","position":1,"name":"Accueil","item":"https:\/\/lasentinelle.dz\/"},{"@type":"ListItem","position":2,"name":"Universit\u00e9 de Khenchela : Convention de coop\u00e9ration avec l\u2019ANVREDET"}]},{"@type":"WebSite","@id":"https:\/\/lasentinelle.dz\/#website","url":"https:\/\/lasentinelle.dz\/","name":"La Sentinelle","description":"Quotidien national d&#039;information","publisher":{"@id":"https:\/\/lasentinelle.dz\/#organization"},"potentialAction":[{"@type":"SearchAction","target":{"@type":"EntryPoint","urlTemplate":"https:\/\/lasentinelle.dz\/?s={search_term_string}"},"query-input":{"@type":"PropertyValueSpecification","valueRequired":true,"valueName":"search_term_string"}}],"inLanguage":"fr-FR"},{"@type":"Organization","@id":"https:\/\/lasentinelle.dz\/#organization","name":"Quotidien La Sentinelle","url":"https:\/\/lasentinelle.dz\/","logo":{"@type":"ImageObject","inLanguage":"fr-FR","@id":"https:\/\/lasentinelle.dz\/#\/schema\/logo\/image\/","url":"https:\/\/lasentinelle.dz\/wp-content\/uploads\/2021\/09\/logo-sentinelleSLOGAN-1.png","contentUrl":"https:\/\/lasentinelle.dz\/wp-content\/uploads\/2021\/09\/logo-sentinelleSLOGAN-1.png","width":615,"height":142,"caption":"Quotidien La Sentinelle"},"image":{"@id":"https:\/\/lasentinelle.dz\/#\/schema\/logo\/image\/"},"sameAs":["https:\/\/www.facebook.com\/La-Sentinelle-104059864394773"]},{"@type":"Person","@id":"https:\/\/lasentinelle.dz\/#\/schema\/person\/729ee0024f24e0b8c5ec17232f8e8b41","name":"admin","image":{"@type":"ImageObject","inLanguage":"fr-FR","@id":"https:\/\/secure.gravatar.com\/avatar\/4c81fed838786e9b53f540bf46533e750f5d292099ae3b66cfc6fb1982e29df7?s=96&d=mm&r=g","url":"https:\/\/secure.gravatar.com\/avatar\/4c81fed838786e9b53f540bf46533e750f5d292099ae3b66cfc6fb1982e29df7?s=96&d=mm&r=g","contentUrl":"https:\/\/secure.gravatar.com\/avatar\/4c81fed838786e9b53f540bf46533e750f5d292099ae3b66cfc6fb1982e29df7?s=96&d=mm&r=g","caption":"admin"},"description":"admin","url":"https:\/\/lasentinelle.dz\/author\/admin\/"}]}},"_links":{"self":[{"href":"https:\/\/lasentinelle.dz\/index.php\/wp-json\/wp\/v2\/posts\/66058","targetHints":{"allow":["GET"]}}],"collection":[{"href":"https:\/\/lasentinelle.dz\/index.php\/wp-json\/wp\/v2\/posts"}],"about":[{"href":"https:\/\/lasentinelle.dz\/index.php\/wp-json\/wp\/v2\/types\/post"}],"author":[{"embeddable":true,"href":"https:\/\/lasentinelle.dz\/index.php\/wp-json\/wp\/v2\/users\/6"}],"replies":[{"embeddable":true,"href":"https:\/\/lasentinelle.dz\/index.php\/wp-json\/wp\/v2\/comments?post=66058"}],"version-history":[{"count":1,"href":"https:\/\/lasentinelle.dz\/index.php\/wp-json\/wp\/v2\/posts\/66058\/revisions"}],"predecessor-version":[{"id":66060,"href":"https:\/\/lasentinelle.dz\/index.php\/wp-json\/wp\/v2\/posts\/66058\/revisions\/66060"}],"wp:featuredmedia":[{"embeddable":true,"href":"https:\/\/lasentinelle.dz\/index.php\/wp-json\/wp\/v2\/media\/66059"}],"wp:attachment":[{"href":"https:\/\/lasentinelle.dz\/index.php\/wp-json\/wp\/v2\/media?parent=66058"}],"wp:term":[{"taxonomy":"category","embeddable":true,"href":"https:\/\/lasentinelle.dz\/index.php\/wp-json\/wp\/v2\/categories?post=66058"},{"taxonomy":"post_tag","embeddable":true,"href":"https:\/\/lasentinelle.dz\/index.php\/wp-json\/wp\/v2\/tags?post=66058"}],"curies":[{"name":"wp","href":"https:\/\/api.w.org\/{rel}","templated":true}]}}