{"id":66061,"date":"2025-04-21T12:22:45","date_gmt":"2025-04-21T11:22:45","guid":{"rendered":"https:\/\/lasentinelle.dz\/?p=66061"},"modified":"2025-04-21T12:22:46","modified_gmt":"2025-04-21T11:22:46","slug":"annaba-deux-responsables-de-lapc-del-bouni-interpelles-pour-corruption","status":"publish","type":"post","link":"https:\/\/lasentinelle.dz\/index.php\/2025\/04\/21\/annaba-deux-responsables-de-lapc-del-bouni-interpelles-pour-corruption\/","title":{"rendered":"Annaba : Deux responsables de l\u2019APC d\u2019El Bouni interpell\u00e9s pour corruption"},"content":{"rendered":"\n<p>Un nouveau scandale vient d\u2019entacher l\u2019APC d\u2019El Bouni, dont deux responsables ont \u00e9t\u00e9 interpell\u00e9s pour corruption. Il s\u2019agit du chef de cabinet du pr\u00e9sident de l\u2019assembl\u00e9e populaire communale et un l\u2019\u00e9lu charg\u00e9 de l\u2019urbanisme, qui ont \u00e9t\u00e9 surpris en flagrant d\u00e9lit de corruption, a r\u00e9v\u00e9l\u00e9 une source s\u00e9curitaire.<\/p>\n\n\n\n<p>Les informations apport\u00e9es par notre source sur cette affaire font \u00e9tat de l\u2019implication directe des deux responsables, l\u2019un est un \u00e9lu du parti \u2018\u2019El-Wifaq\u2019\u2019, chef de secteur de l&rsquo;urbanisme au sein de l&rsquo;APC d&rsquo;El Bouni, tandis que l\u2019autre est chef de cabinet du maire. Les deux pr\u00e9venus ont \u00e9t\u00e9 interpell\u00e9s, ce jeudi, en flagrant d\u00e9lit de corruption, a-t-on pr\u00e9cis\u00e9. La gen\u00e8se de l\u2019affaire est li\u00e9e \u00e0 une plainte introduite par la victime, un op\u00e9rateur \u00e9conomique, aupr\u00e8s des services de s\u00e9curit\u00e9 de la commune d\u2019El Hadjar, contre les deux mis en causes. Les deux pr\u00e9venus auraient demand\u00e9, selon la plainte, au commer\u00e7ant un pot de vin de 600 millions de centimes pour l&rsquo;obtention un permis d\u2019extension de son commerce. Suite \u00e0 cette plainte un guet-\u00e0-pent a \u00e9t\u00e9 mise en place par les services de s\u00e9curit\u00e9. Et comme \u00e0 l\u2019usage en pareils cas, les billets de banque ont \u00e9t\u00e9 photocopi\u00e9s et la victime s\u2019\u00e9tait rendue au rendez-vous comme pr\u00e9vu. Au moment de la remise de l\u2019enveloppe contenant le montant du pot de vin exig\u00e9, les services de s\u00e9curit\u00e9 ont alors surpris les deux ind\u00e9licats ex responsables de l\u2019APC d\u2019El Bouni en procession de l\u2019enveloppe, avec les billets de banque, dont les num\u00e9ros de s\u00e9rie ont servi de pi\u00e8ce \u00e0 conviction pour leur implication dans cette affaire scandaleuse. Arr\u00eat\u00e9s, les deux accus\u00e9s ont, lors de l\u2019enqu\u00eate, tent\u00e9 de donner une autre version des faits, en vain. Puisque, selon, la m\u00eame source, un enregistrement audio a enfonc\u00e9 l\u2019\u00e9lu dans cette affaire de corruption. Un dossier judiciaire a \u00e9t\u00e9 \u00e9tabli \u00e0 l\u2019encontre des deux pr\u00e9venus, comprenant les billets de banque saisis chez les mis en cause, les photocopies des billets d\u00e9tenus par les enqu\u00eateurs, en plus de l\u2019enregistrement audio, lesquels ont \u00e9t\u00e9 mis \u00e0 la disposition de la justice. Par ailleurs, et selon notre source, le pr\u00e9sident de l\u2019assembl\u00e9e populaire communale (APC) d\u2019El Bouni aurait \u00e9t\u00e9 lourdement charg\u00e9 dans cette affaire par l&rsquo;un des ind\u00e9licats pr\u00e9venus\u2026 Bien que nous ayons tent\u00e9 de joindre le P\/APC, pour avoir plus de d\u00e9tails, ce dernier est rest\u00e9 injoignable jusqu\u2019\u00e0 la mise sous presse. S\u2019agissant des deux ind\u00e9licats ex-responsables, ils ont \u00e9t\u00e9 plac\u00e9s en garde \u00e0 vue et devaient compara\u00eetre hier, devant la barre du tribunal correctionnel d&rsquo;El-Hadjar. En attendant le verdict, il est utile de rappeler que l\u2019APC d\u2019El Bouni n\u2019est pas \u00e0 son premier scandale de corruption. Elle a \u00e0 son actif un palmar\u00e8s d&rsquo;affaires de ce genre, impliquant notamment des \u00e9lus. On rappelle dans ce sens, une affaire de corruption similaire, impliquant en 2022, un \u00e9lu du Parti de la Justice et le D\u00e9veloppement (PJD), en l&rsquo;occurrence le chef du secteur Boukhadra III. Cet ex-\u00e9lu avait \u00e9t\u00e9 interpell\u00e9 en flagrant d\u00e9lit de possession d&rsquo;une avance estim\u00e9e \u00e0 deux millions sur les 20 millions qu&rsquo;il avait exig\u00e9s aupr\u00e8s d&rsquo;un habitant comme pot-de-vin en contrepartie de la non application d&rsquo;une d\u00e9cision de d\u00e9molition de sa construction illicite.<\/p>\n\n\n\n<p>Sofia Chahine<\/p>\n","protected":false},"excerpt":{"rendered":"<p>Un nouveau scandale vient d\u2019entacher l\u2019APC d\u2019El Bouni, dont deux responsables ont \u00e9t\u00e9 interpell\u00e9s pour corruption. Il s\u2019agit du chef<\/p>\n","protected":false},"author":6,"featured_media":41837,"comment_status":"open","ping_status":"closed","sticky":false,"template":"","format":"standard","meta":{"colormag_page_container_layout":"default_layout","colormag_page_sidebar_layout":"default_layout","om_disable_all_campaigns":false,"_monsterinsights_skip_tracking":false,"_monsterinsights_sitenote_active":false,"_monsterinsights_sitenote_note":"","_monsterinsights_sitenote_category":0,"footnotes":"","_wpscppro_dont_share_socialmedia":false,"_wpscppro_custom_social_share_image":0,"_facebook_share_type":"default","_twitter_share_type":"default","_linkedin_share_type":"default","_pinterest_share_type":"default","_linkedin_share_type_page":"","_instagram_share_type":"default","_medium_share_type":"default","_threads_share_type":"","_google_business_share_type":"","_selected_social_profile":[],"_wpsp_enable_custom_social_template":false,"_wpsp_social_scheduling":{"enabled":false,"datetime":null,"platforms":[],"status":"template_only","dateOption":"today","timeOption":"now","customDays":"","customHours":"","customDate":"","customTime":"","schedulingType":"absolute"},"_wpsp_active_default_template":true},"categories":[31],"tags":[],"class_list":["post-66061","post","type-post","status-publish","format-standard","has-post-thumbnail","hentry","category-regions"],"aioseo_notices":[],"yoast_head":"<!-- This site is optimized with the Yoast SEO plugin v27.5 - https:\/\/yoast.com\/product\/yoast-seo-wordpress\/ -->\n<title>Annaba : Deux responsables de l\u2019APC d\u2019El Bouni interpell\u00e9s pour corruption - La Sentinelle<\/title>\n<meta name=\"robots\" content=\"index, follow, max-snippet:-1, max-image-preview:large, max-video-preview:-1\" \/>\n<link rel=\"canonical\" href=\"https:\/\/lasentinelle.dz\/index.php\/2025\/04\/21\/annaba-deux-responsables-de-lapc-del-bouni-interpelles-pour-corruption\/\" \/>\n<meta property=\"og:locale\" content=\"fr_FR\" \/>\n<meta property=\"og:type\" content=\"article\" \/>\n<meta property=\"og:title\" content=\"Annaba : Deux responsables de l\u2019APC d\u2019El Bouni interpell\u00e9s pour corruption - La Sentinelle\" \/>\n<meta property=\"og:description\" content=\"Un nouveau scandale vient d\u2019entacher l\u2019APC d\u2019El Bouni, dont deux responsables ont \u00e9t\u00e9 interpell\u00e9s pour corruption. Il s\u2019agit du chef\" \/>\n<meta property=\"og:url\" content=\"https:\/\/lasentinelle.dz\/index.php\/2025\/04\/21\/annaba-deux-responsables-de-lapc-del-bouni-interpelles-pour-corruption\/\" \/>\n<meta property=\"og:site_name\" content=\"La Sentinelle\" \/>\n<meta property=\"article:publisher\" content=\"https:\/\/www.facebook.com\/La-Sentinelle-104059864394773\" \/>\n<meta property=\"article:published_time\" content=\"2025-04-21T11:22:45+00:00\" \/>\n<meta property=\"article:modified_time\" content=\"2025-04-21T11:22:46+00:00\" \/>\n<meta property=\"og:image\" content=\"https:\/\/lasentinelle.dz\/wp-content\/uploads\/2023\/05\/Justice.png\" \/>\n\t<meta property=\"og:image:width\" content=\"1579\" \/>\n\t<meta property=\"og:image:height\" content=\"900\" \/>\n\t<meta property=\"og:image:type\" content=\"image\/png\" \/>\n<meta name=\"author\" content=\"admin\" \/>\n<meta name=\"twitter:card\" content=\"summary_large_image\" \/>\n<meta name=\"twitter:label1\" content=\"\u00c9crit par\" \/>\n\t<meta name=\"twitter:data1\" content=\"admin\" \/>\n\t<meta name=\"twitter:label2\" content=\"Dur\u00e9e de lecture estim\u00e9e\" \/>\n\t<meta name=\"twitter:data2\" content=\"3 minutes\" \/>\n<script type=\"application\/ld+json\" class=\"yoast-schema-graph\">{\"@context\":\"https:\\\/\\\/schema.org\",\"@graph\":[{\"@type\":\"Article\",\"@id\":\"https:\\\/\\\/lasentinelle.dz\\\/index.php\\\/2025\\\/04\\\/21\\\/annaba-deux-responsables-de-lapc-del-bouni-interpelles-pour-corruption\\\/#article\",\"isPartOf\":{\"@id\":\"https:\\\/\\\/lasentinelle.dz\\\/index.php\\\/2025\\\/04\\\/21\\\/annaba-deux-responsables-de-lapc-del-bouni-interpelles-pour-corruption\\\/\"},\"author\":{\"name\":\"admin\",\"@id\":\"https:\\\/\\\/lasentinelle.dz\\\/#\\\/schema\\\/person\\\/729ee0024f24e0b8c5ec17232f8e8b41\"},\"headline\":\"Annaba : Deux responsables de l\u2019APC d\u2019El Bouni interpell\u00e9s pour corruption\",\"datePublished\":\"2025-04-21T11:22:45+00:00\",\"dateModified\":\"2025-04-21T11:22:46+00:00\",\"mainEntityOfPage\":{\"@id\":\"https:\\\/\\\/lasentinelle.dz\\\/index.php\\\/2025\\\/04\\\/21\\\/annaba-deux-responsables-de-lapc-del-bouni-interpelles-pour-corruption\\\/\"},\"wordCount\":624,\"commentCount\":0,\"publisher\":{\"@id\":\"https:\\\/\\\/lasentinelle.dz\\\/#organization\"},\"image\":{\"@id\":\"https:\\\/\\\/lasentinelle.dz\\\/index.php\\\/2025\\\/04\\\/21\\\/annaba-deux-responsables-de-lapc-del-bouni-interpelles-pour-corruption\\\/#primaryimage\"},\"thumbnailUrl\":\"https:\\\/\\\/lasentinelle.dz\\\/wp-content\\\/uploads\\\/2023\\\/05\\\/Justice.png\",\"articleSection\":[\"R\u00e9gions\"],\"inLanguage\":\"fr-FR\",\"potentialAction\":[{\"@type\":\"CommentAction\",\"name\":\"Comment\",\"target\":[\"https:\\\/\\\/lasentinelle.dz\\\/index.php\\\/2025\\\/04\\\/21\\\/annaba-deux-responsables-de-lapc-del-bouni-interpelles-pour-corruption\\\/#respond\"]}]},{\"@type\":\"WebPage\",\"@id\":\"https:\\\/\\\/lasentinelle.dz\\\/index.php\\\/2025\\\/04\\\/21\\\/annaba-deux-responsables-de-lapc-del-bouni-interpelles-pour-corruption\\\/\",\"url\":\"https:\\\/\\\/lasentinelle.dz\\\/index.php\\\/2025\\\/04\\\/21\\\/annaba-deux-responsables-de-lapc-del-bouni-interpelles-pour-corruption\\\/\",\"name\":\"Annaba : Deux responsables de l\u2019APC d\u2019El Bouni interpell\u00e9s pour corruption - La Sentinelle\",\"isPartOf\":{\"@id\":\"https:\\\/\\\/lasentinelle.dz\\\/#website\"},\"primaryImageOfPage\":{\"@id\":\"https:\\\/\\\/lasentinelle.dz\\\/index.php\\\/2025\\\/04\\\/21\\\/annaba-deux-responsables-de-lapc-del-bouni-interpelles-pour-corruption\\\/#primaryimage\"},\"image\":{\"@id\":\"https:\\\/\\\/lasentinelle.dz\\\/index.php\\\/2025\\\/04\\\/21\\\/annaba-deux-responsables-de-lapc-del-bouni-interpelles-pour-corruption\\\/#primaryimage\"},\"thumbnailUrl\":\"https:\\\/\\\/lasentinelle.dz\\\/wp-content\\\/uploads\\\/2023\\\/05\\\/Justice.png\",\"datePublished\":\"2025-04-21T11:22:45+00:00\",\"dateModified\":\"2025-04-21T11:22:46+00:00\",\"breadcrumb\":{\"@id\":\"https:\\\/\\\/lasentinelle.dz\\\/index.php\\\/2025\\\/04\\\/21\\\/annaba-deux-responsables-de-lapc-del-bouni-interpelles-pour-corruption\\\/#breadcrumb\"},\"inLanguage\":\"fr-FR\",\"potentialAction\":[{\"@type\":\"ReadAction\",\"target\":[\"https:\\\/\\\/lasentinelle.dz\\\/index.php\\\/2025\\\/04\\\/21\\\/annaba-deux-responsables-de-lapc-del-bouni-interpelles-pour-corruption\\\/\"]}]},{\"@type\":\"ImageObject\",\"inLanguage\":\"fr-FR\",\"@id\":\"https:\\\/\\\/lasentinelle.dz\\\/index.php\\\/2025\\\/04\\\/21\\\/annaba-deux-responsables-de-lapc-del-bouni-interpelles-pour-corruption\\\/#primaryimage\",\"url\":\"https:\\\/\\\/lasentinelle.dz\\\/wp-content\\\/uploads\\\/2023\\\/05\\\/Justice.png\",\"contentUrl\":\"https:\\\/\\\/lasentinelle.dz\\\/wp-content\\\/uploads\\\/2023\\\/05\\\/Justice.png\",\"width\":1579,\"height\":900},{\"@type\":\"BreadcrumbList\",\"@id\":\"https:\\\/\\\/lasentinelle.dz\\\/index.php\\\/2025\\\/04\\\/21\\\/annaba-deux-responsables-de-lapc-del-bouni-interpelles-pour-corruption\\\/#breadcrumb\",\"itemListElement\":[{\"@type\":\"ListItem\",\"position\":1,\"name\":\"Accueil\",\"item\":\"https:\\\/\\\/lasentinelle.dz\\\/\"},{\"@type\":\"ListItem\",\"position\":2,\"name\":\"Annaba : Deux responsables de l\u2019APC d\u2019El Bouni interpell\u00e9s pour corruption\"}]},{\"@type\":\"WebSite\",\"@id\":\"https:\\\/\\\/lasentinelle.dz\\\/#website\",\"url\":\"https:\\\/\\\/lasentinelle.dz\\\/\",\"name\":\"La Sentinelle\",\"description\":\"Quotidien national d&#039;information\",\"publisher\":{\"@id\":\"https:\\\/\\\/lasentinelle.dz\\\/#organization\"},\"potentialAction\":[{\"@type\":\"SearchAction\",\"target\":{\"@type\":\"EntryPoint\",\"urlTemplate\":\"https:\\\/\\\/lasentinelle.dz\\\/?s={search_term_string}\"},\"query-input\":{\"@type\":\"PropertyValueSpecification\",\"valueRequired\":true,\"valueName\":\"search_term_string\"}}],\"inLanguage\":\"fr-FR\"},{\"@type\":\"Organization\",\"@id\":\"https:\\\/\\\/lasentinelle.dz\\\/#organization\",\"name\":\"Quotidien La Sentinelle\",\"url\":\"https:\\\/\\\/lasentinelle.dz\\\/\",\"logo\":{\"@type\":\"ImageObject\",\"inLanguage\":\"fr-FR\",\"@id\":\"https:\\\/\\\/lasentinelle.dz\\\/#\\\/schema\\\/logo\\\/image\\\/\",\"url\":\"https:\\\/\\\/lasentinelle.dz\\\/wp-content\\\/uploads\\\/2021\\\/09\\\/logo-sentinelleSLOGAN-1.png\",\"contentUrl\":\"https:\\\/\\\/lasentinelle.dz\\\/wp-content\\\/uploads\\\/2021\\\/09\\\/logo-sentinelleSLOGAN-1.png\",\"width\":615,\"height\":142,\"caption\":\"Quotidien La Sentinelle\"},\"image\":{\"@id\":\"https:\\\/\\\/lasentinelle.dz\\\/#\\\/schema\\\/logo\\\/image\\\/\"},\"sameAs\":[\"https:\\\/\\\/www.facebook.com\\\/La-Sentinelle-104059864394773\"]},{\"@type\":\"Person\",\"@id\":\"https:\\\/\\\/lasentinelle.dz\\\/#\\\/schema\\\/person\\\/729ee0024f24e0b8c5ec17232f8e8b41\",\"name\":\"admin\",\"image\":{\"@type\":\"ImageObject\",\"inLanguage\":\"fr-FR\",\"@id\":\"https:\\\/\\\/secure.gravatar.com\\\/avatar\\\/4c81fed838786e9b53f540bf46533e750f5d292099ae3b66cfc6fb1982e29df7?s=96&d=mm&r=g\",\"url\":\"https:\\\/\\\/secure.gravatar.com\\\/avatar\\\/4c81fed838786e9b53f540bf46533e750f5d292099ae3b66cfc6fb1982e29df7?s=96&d=mm&r=g\",\"contentUrl\":\"https:\\\/\\\/secure.gravatar.com\\\/avatar\\\/4c81fed838786e9b53f540bf46533e750f5d292099ae3b66cfc6fb1982e29df7?s=96&d=mm&r=g\",\"caption\":\"admin\"},\"description\":\"admin\",\"url\":\"https:\\\/\\\/lasentinelle.dz\\\/author\\\/admin\\\/\"}]}<\/script>\n<!-- \/ Yoast SEO plugin. -->","yoast_head_json":{"title":"Annaba : Deux responsables de l\u2019APC d\u2019El Bouni interpell\u00e9s pour corruption - La Sentinelle","robots":{"index":"index","follow":"follow","max-snippet":"max-snippet:-1","max-image-preview":"max-image-preview:large","max-video-preview":"max-video-preview:-1"},"canonical":"https:\/\/lasentinelle.dz\/index.php\/2025\/04\/21\/annaba-deux-responsables-de-lapc-del-bouni-interpelles-pour-corruption\/","og_locale":"fr_FR","og_type":"article","og_title":"Annaba : Deux responsables de l\u2019APC d\u2019El Bouni interpell\u00e9s pour corruption - La Sentinelle","og_description":"Un nouveau scandale vient d\u2019entacher l\u2019APC d\u2019El Bouni, dont deux responsables ont \u00e9t\u00e9 interpell\u00e9s pour corruption. Il s\u2019agit du chef","og_url":"https:\/\/lasentinelle.dz\/index.php\/2025\/04\/21\/annaba-deux-responsables-de-lapc-del-bouni-interpelles-pour-corruption\/","og_site_name":"La Sentinelle","article_publisher":"https:\/\/www.facebook.com\/La-Sentinelle-104059864394773","article_published_time":"2025-04-21T11:22:45+00:00","article_modified_time":"2025-04-21T11:22:46+00:00","og_image":[{"width":1579,"height":900,"url":"https:\/\/lasentinelle.dz\/wp-content\/uploads\/2023\/05\/Justice.png","type":"image\/png"}],"author":"admin","twitter_card":"summary_large_image","twitter_misc":{"\u00c9crit par":"admin","Dur\u00e9e de lecture estim\u00e9e":"3 minutes"},"schema":{"@context":"https:\/\/schema.org","@graph":[{"@type":"Article","@id":"https:\/\/lasentinelle.dz\/index.php\/2025\/04\/21\/annaba-deux-responsables-de-lapc-del-bouni-interpelles-pour-corruption\/#article","isPartOf":{"@id":"https:\/\/lasentinelle.dz\/index.php\/2025\/04\/21\/annaba-deux-responsables-de-lapc-del-bouni-interpelles-pour-corruption\/"},"author":{"name":"admin","@id":"https:\/\/lasentinelle.dz\/#\/schema\/person\/729ee0024f24e0b8c5ec17232f8e8b41"},"headline":"Annaba : Deux responsables de l\u2019APC d\u2019El Bouni interpell\u00e9s pour corruption","datePublished":"2025-04-21T11:22:45+00:00","dateModified":"2025-04-21T11:22:46+00:00","mainEntityOfPage":{"@id":"https:\/\/lasentinelle.dz\/index.php\/2025\/04\/21\/annaba-deux-responsables-de-lapc-del-bouni-interpelles-pour-corruption\/"},"wordCount":624,"commentCount":0,"publisher":{"@id":"https:\/\/lasentinelle.dz\/#organization"},"image":{"@id":"https:\/\/lasentinelle.dz\/index.php\/2025\/04\/21\/annaba-deux-responsables-de-lapc-del-bouni-interpelles-pour-corruption\/#primaryimage"},"thumbnailUrl":"https:\/\/lasentinelle.dz\/wp-content\/uploads\/2023\/05\/Justice.png","articleSection":["R\u00e9gions"],"inLanguage":"fr-FR","potentialAction":[{"@type":"CommentAction","name":"Comment","target":["https:\/\/lasentinelle.dz\/index.php\/2025\/04\/21\/annaba-deux-responsables-de-lapc-del-bouni-interpelles-pour-corruption\/#respond"]}]},{"@type":"WebPage","@id":"https:\/\/lasentinelle.dz\/index.php\/2025\/04\/21\/annaba-deux-responsables-de-lapc-del-bouni-interpelles-pour-corruption\/","url":"https:\/\/lasentinelle.dz\/index.php\/2025\/04\/21\/annaba-deux-responsables-de-lapc-del-bouni-interpelles-pour-corruption\/","name":"Annaba : Deux responsables de l\u2019APC d\u2019El Bouni interpell\u00e9s pour corruption - La Sentinelle","isPartOf":{"@id":"https:\/\/lasentinelle.dz\/#website"},"primaryImageOfPage":{"@id":"https:\/\/lasentinelle.dz\/index.php\/2025\/04\/21\/annaba-deux-responsables-de-lapc-del-bouni-interpelles-pour-corruption\/#primaryimage"},"image":{"@id":"https:\/\/lasentinelle.dz\/index.php\/2025\/04\/21\/annaba-deux-responsables-de-lapc-del-bouni-interpelles-pour-corruption\/#primaryimage"},"thumbnailUrl":"https:\/\/lasentinelle.dz\/wp-content\/uploads\/2023\/05\/Justice.png","datePublished":"2025-04-21T11:22:45+00:00","dateModified":"2025-04-21T11:22:46+00:00","breadcrumb":{"@id":"https:\/\/lasentinelle.dz\/index.php\/2025\/04\/21\/annaba-deux-responsables-de-lapc-del-bouni-interpelles-pour-corruption\/#breadcrumb"},"inLanguage":"fr-FR","potentialAction":[{"@type":"ReadAction","target":["https:\/\/lasentinelle.dz\/index.php\/2025\/04\/21\/annaba-deux-responsables-de-lapc-del-bouni-interpelles-pour-corruption\/"]}]},{"@type":"ImageObject","inLanguage":"fr-FR","@id":"https:\/\/lasentinelle.dz\/index.php\/2025\/04\/21\/annaba-deux-responsables-de-lapc-del-bouni-interpelles-pour-corruption\/#primaryimage","url":"https:\/\/lasentinelle.dz\/wp-content\/uploads\/2023\/05\/Justice.png","contentUrl":"https:\/\/lasentinelle.dz\/wp-content\/uploads\/2023\/05\/Justice.png","width":1579,"height":900},{"@type":"BreadcrumbList","@id":"https:\/\/lasentinelle.dz\/index.php\/2025\/04\/21\/annaba-deux-responsables-de-lapc-del-bouni-interpelles-pour-corruption\/#breadcrumb","itemListElement":[{"@type":"ListItem","position":1,"name":"Accueil","item":"https:\/\/lasentinelle.dz\/"},{"@type":"ListItem","position":2,"name":"Annaba : Deux responsables de l\u2019APC d\u2019El Bouni interpell\u00e9s pour corruption"}]},{"@type":"WebSite","@id":"https:\/\/lasentinelle.dz\/#website","url":"https:\/\/lasentinelle.dz\/","name":"La Sentinelle","description":"Quotidien national d&#039;information","publisher":{"@id":"https:\/\/lasentinelle.dz\/#organization"},"potentialAction":[{"@type":"SearchAction","target":{"@type":"EntryPoint","urlTemplate":"https:\/\/lasentinelle.dz\/?s={search_term_string}"},"query-input":{"@type":"PropertyValueSpecification","valueRequired":true,"valueName":"search_term_string"}}],"inLanguage":"fr-FR"},{"@type":"Organization","@id":"https:\/\/lasentinelle.dz\/#organization","name":"Quotidien La Sentinelle","url":"https:\/\/lasentinelle.dz\/","logo":{"@type":"ImageObject","inLanguage":"fr-FR","@id":"https:\/\/lasentinelle.dz\/#\/schema\/logo\/image\/","url":"https:\/\/lasentinelle.dz\/wp-content\/uploads\/2021\/09\/logo-sentinelleSLOGAN-1.png","contentUrl":"https:\/\/lasentinelle.dz\/wp-content\/uploads\/2021\/09\/logo-sentinelleSLOGAN-1.png","width":615,"height":142,"caption":"Quotidien La Sentinelle"},"image":{"@id":"https:\/\/lasentinelle.dz\/#\/schema\/logo\/image\/"},"sameAs":["https:\/\/www.facebook.com\/La-Sentinelle-104059864394773"]},{"@type":"Person","@id":"https:\/\/lasentinelle.dz\/#\/schema\/person\/729ee0024f24e0b8c5ec17232f8e8b41","name":"admin","image":{"@type":"ImageObject","inLanguage":"fr-FR","@id":"https:\/\/secure.gravatar.com\/avatar\/4c81fed838786e9b53f540bf46533e750f5d292099ae3b66cfc6fb1982e29df7?s=96&d=mm&r=g","url":"https:\/\/secure.gravatar.com\/avatar\/4c81fed838786e9b53f540bf46533e750f5d292099ae3b66cfc6fb1982e29df7?s=96&d=mm&r=g","contentUrl":"https:\/\/secure.gravatar.com\/avatar\/4c81fed838786e9b53f540bf46533e750f5d292099ae3b66cfc6fb1982e29df7?s=96&d=mm&r=g","caption":"admin"},"description":"admin","url":"https:\/\/lasentinelle.dz\/author\/admin\/"}]}},"_links":{"self":[{"href":"https:\/\/lasentinelle.dz\/index.php\/wp-json\/wp\/v2\/posts\/66061","targetHints":{"allow":["GET"]}}],"collection":[{"href":"https:\/\/lasentinelle.dz\/index.php\/wp-json\/wp\/v2\/posts"}],"about":[{"href":"https:\/\/lasentinelle.dz\/index.php\/wp-json\/wp\/v2\/types\/post"}],"author":[{"embeddable":true,"href":"https:\/\/lasentinelle.dz\/index.php\/wp-json\/wp\/v2\/users\/6"}],"replies":[{"embeddable":true,"href":"https:\/\/lasentinelle.dz\/index.php\/wp-json\/wp\/v2\/comments?post=66061"}],"version-history":[{"count":1,"href":"https:\/\/lasentinelle.dz\/index.php\/wp-json\/wp\/v2\/posts\/66061\/revisions"}],"predecessor-version":[{"id":66062,"href":"https:\/\/lasentinelle.dz\/index.php\/wp-json\/wp\/v2\/posts\/66061\/revisions\/66062"}],"wp:featuredmedia":[{"embeddable":true,"href":"https:\/\/lasentinelle.dz\/index.php\/wp-json\/wp\/v2\/media\/41837"}],"wp:attachment":[{"href":"https:\/\/lasentinelle.dz\/index.php\/wp-json\/wp\/v2\/media?parent=66061"}],"wp:term":[{"taxonomy":"category","embeddable":true,"href":"https:\/\/lasentinelle.dz\/index.php\/wp-json\/wp\/v2\/categories?post=66061"},{"taxonomy":"post_tag","embeddable":true,"href":"https:\/\/lasentinelle.dz\/index.php\/wp-json\/wp\/v2\/tags?post=66061"}],"curies":[{"name":"wp","href":"https:\/\/api.w.org\/{rel}","templated":true}]}}