{"id":66068,"date":"2025-04-21T12:26:02","date_gmt":"2025-04-21T11:26:02","guid":{"rendered":"https:\/\/lasentinelle.dz\/?p=66068"},"modified":"2025-04-21T12:26:03","modified_gmt":"2025-04-21T11:26:03","slug":"en-prevision-du-deploiement-prochain-des-reseaux-5g-un-nouveau-dg-nomme-a-la-tete-de-djezzy","status":"publish","type":"post","link":"https:\/\/lasentinelle.dz\/index.php\/2025\/04\/21\/en-prevision-du-deploiement-prochain-des-reseaux-5g-un-nouveau-dg-nomme-a-la-tete-de-djezzy\/","title":{"rendered":"En pr\u00e9vision du d\u00e9ploiement prochain des r\u00e9seaux 5G: Un nouveau DG nomm\u00e9 \u00e0 la t\u00eate de Djezzy"},"content":{"rendered":"\n<p>Boumediene Senoussi a \u00e9t\u00e9 install\u00e9 hier \u00e0 la t\u00eate de l&rsquo;op\u00e9rateur de t\u00e9l\u00e9phonie mobile Optimum Telecom Alg\u00e9rie-Djezzy. Une nomination qui intervient alors que le secteur des t\u00e9l\u00e9communications est appel\u00e9 \u00e0 conna\u00eetre une transformation majeure avec le prochain d\u00e9ploiement des r\u00e9seaux 5G.<\/p>\n\n\n\n<p>Le ministre des Finances et le celui de la Poste et des T\u00e9l\u00e9communications ont pr\u00e9sid\u00e9 conjointement hier la c\u00e9r\u00e9monie d&rsquo;installation du nouveau directeur g\u00e9n\u00e9ral de l&rsquo;op\u00e9rateur. Selon un communiqu\u00e9 commun des deux d\u00e9partements minist\u00e9riels, la c\u00e9r\u00e9monie s&rsquo;est d\u00e9roul\u00e9e au si\u00e8ge du Fonds National d&rsquo;Investissement (FNI), actionnaire majoritaire de Djezzy, en pr\u00e9sence de Salah Laabni, directeur g\u00e9n\u00e9ral du FNI, ainsi que des cadres des deux minist\u00e8res et des responsables de l&rsquo;entreprise de t\u00e9l\u00e9communications. Boumediene Senoussi succ\u00e8de ainsi \u00e0 Mohieddine Allouche qui assurait l&rsquo;int\u00e9rim \u00e0 la direction g\u00e9n\u00e9rale depuis ao\u00fbt 2022. Cette nomination intervient \u00e0 un moment strat\u00e9gique pour le secteur des t\u00e9l\u00e9communications qui s&rsquo;appr\u00eate \u00e0 franchir une \u00e9tape d\u00e9cisive avec le d\u00e9ploiement imminent de la technologie 5G. Le ministre de la Poste et des T\u00e9l\u00e9communications a d&rsquo;ailleurs affirm\u00e9, dans une allocution pour l&rsquo;occasion, que \u00ab\u00a0la nomination de Boumediene Senoussi s&rsquo;inscrit dans le cadre de la dynamique de modernisation du secteur des t\u00e9l\u00e9communications, particuli\u00e8rement \u00e0 travers le d\u00e9ploiement imminent de la 5G\u00a0\u00bb. Il a soulign\u00e9 que \u00ab\u00a0l&rsquo;expertise technologique et la connaissance approfondie du domaine\u00a0\u00bb dont dispose le nouveau directeur g\u00e9n\u00e9ral \u00ab\u00a0constitueront deux piliers essentiels pour faire de Djezzy un acteur fondamental dans cette nouvelle phase\u00a0\u00bb. Le ministre n&rsquo;a pas manqu\u00e9 d&rsquo;exprimer sa gratitude envers Mohieddine Allouche pour \u00ab\u00a0les efforts consid\u00e9rables qu&rsquo;il a fournis \u00e0 la t\u00eate de l&rsquo;entreprise depuis ao\u00fbt 2022\u00a0\u00bb, saluant \u00ab\u00a0son engagement continu dans la restructuration de Djezzy et les progr\u00e8s notables enregistr\u00e9s dans le d\u00e9veloppement de solutions technologiques au service des citoyens et de l&rsquo;\u00e9conomie nationale\u00a0\u00bb.<\/p>\n\n\n\n<p>De son c\u00f4t\u00e9, le ministre des Finances a tenu \u00e0 saluer \u00ab\u00a0les efforts consid\u00e9rables d\u00e9ploy\u00e9s par Mohieddine Allouche durant sa p\u00e9riode de gestion int\u00e9rimaire de l&rsquo;entreprise\u00a0\u00bb, valorisant \u00ab\u00a0sa contribution \u00e0 la continuit\u00e9 des activit\u00e9s et \u00e0 la stabilit\u00e9 administrative de l&rsquo;op\u00e9rateur\u00a0\u00bb. Il a \u00e9galement adress\u00e9 ses f\u00e9licitations au nouveau directeur g\u00e9n\u00e9ral, lui souhaitant \u00ab\u00a0plein succ\u00e8s dans ses nouvelles fonctions\u00a0\u00bb tout en insistant sur \u00ab\u00a0la n\u00e9cessit\u00e9 d&rsquo;insuffler une nouvelle dynamique au sein de l&rsquo;entreprise, avec un accent particulier sur l&rsquo;innovation et le d\u00e9veloppement pour garantir le leadership et renforcer la comp\u00e9titivit\u00e9\u00a0\u00bb.<\/p>\n\n\n\n<p>Cette nomination marque un nouveau d\u00e9part pour Optimum Telecom Alg\u00e9rie-Djezzy, port\u00e9e par une vision visant \u00e0 renforcer le d\u00e9veloppement technologique, soutenir la transformation num\u00e9rique et \u00e9lever le niveau de comp\u00e9titivit\u00e9 de l&rsquo;op\u00e9rateur sur le march\u00e9 alg\u00e9rien des t\u00e9l\u00e9communications. L&rsquo;arriv\u00e9e de Boumediene Senoussi \u00e0 la t\u00eate de l&rsquo;entreprise s&rsquo;inscrit dans la continuit\u00e9 des efforts de restructuration entrepris ces derni\u00e8res ann\u00e9es pour adapter l&rsquo;op\u00e9rateur aux d\u00e9fis de la r\u00e9volution num\u00e9rique et aux exigences croissantes des consommateurs alg\u00e9riens en mati\u00e8re de services de t\u00e9l\u00e9communications. Avec l&rsquo;arriv\u00e9e imminente de la 5G, Djezzy, sous cette nouvelle direction, devra faire face \u00e0 des enjeux technologiques et commerciaux majeurs dans un secteur en pleine mutation o\u00f9 la concurrence entre les op\u00e9rateurs s&rsquo;intensifie.<\/p>\n\n\n\n<p>Sabrina Aziouez<\/p>\n","protected":false},"excerpt":{"rendered":"<p>Boumediene Senoussi a \u00e9t\u00e9 install\u00e9 hier \u00e0 la t\u00eate de l&rsquo;op\u00e9rateur de t\u00e9l\u00e9phonie mobile Optimum Telecom Alg\u00e9rie-Djezzy. Une nomination qui<\/p>\n","protected":false},"author":6,"featured_media":66069,"comment_status":"open","ping_status":"closed","sticky":false,"template":"","format":"standard","meta":{"colormag_page_container_layout":"default_layout","colormag_page_sidebar_layout":"default_layout","om_disable_all_campaigns":false,"_monsterinsights_skip_tracking":false,"_monsterinsights_sitenote_active":false,"_monsterinsights_sitenote_note":"","_monsterinsights_sitenote_category":0,"footnotes":"","_wpscppro_dont_share_socialmedia":false,"_wpscppro_custom_social_share_image":0,"_facebook_share_type":"default","_twitter_share_type":"default","_linkedin_share_type":"default","_pinterest_share_type":"default","_linkedin_share_type_page":"","_instagram_share_type":"default","_medium_share_type":"default","_threads_share_type":"","_google_business_share_type":"","_selected_social_profile":[],"_wpsp_enable_custom_social_template":false,"_wpsp_social_scheduling":{"enabled":false,"datetime":null,"platforms":[],"status":"template_only","dateOption":"today","timeOption":"now","customDays":"","customHours":"","customDate":"","customTime":"","schedulingType":"absolute"},"_wpsp_active_default_template":true},"categories":[52,29],"tags":[],"class_list":["post-66068","post","type-post","status-publish","format-standard","has-post-thumbnail","hentry","category-a-la-une","category-economie"],"aioseo_notices":[],"yoast_head":"<!-- This site is optimized with the Yoast SEO plugin v27.5 - https:\/\/yoast.com\/product\/yoast-seo-wordpress\/ -->\n<title>En pr\u00e9vision du d\u00e9ploiement prochain des r\u00e9seaux 5G: Un nouveau DG nomm\u00e9 \u00e0 la t\u00eate de Djezzy - La Sentinelle<\/title>\n<meta name=\"robots\" content=\"index, follow, max-snippet:-1, max-image-preview:large, max-video-preview:-1\" \/>\n<link rel=\"canonical\" href=\"https:\/\/lasentinelle.dz\/index.php\/2025\/04\/21\/en-prevision-du-deploiement-prochain-des-reseaux-5g-un-nouveau-dg-nomme-a-la-tete-de-djezzy\/\" \/>\n<meta property=\"og:locale\" content=\"fr_FR\" \/>\n<meta property=\"og:type\" content=\"article\" \/>\n<meta property=\"og:title\" content=\"En pr\u00e9vision du d\u00e9ploiement prochain des r\u00e9seaux 5G: Un nouveau DG nomm\u00e9 \u00e0 la t\u00eate de Djezzy - La Sentinelle\" \/>\n<meta property=\"og:description\" content=\"Boumediene Senoussi a \u00e9t\u00e9 install\u00e9 hier \u00e0 la t\u00eate de l&rsquo;op\u00e9rateur de t\u00e9l\u00e9phonie mobile Optimum Telecom Alg\u00e9rie-Djezzy. Une nomination qui\" \/>\n<meta property=\"og:url\" content=\"https:\/\/lasentinelle.dz\/index.php\/2025\/04\/21\/en-prevision-du-deploiement-prochain-des-reseaux-5g-un-nouveau-dg-nomme-a-la-tete-de-djezzy\/\" \/>\n<meta property=\"og:site_name\" content=\"La Sentinelle\" \/>\n<meta property=\"article:publisher\" content=\"https:\/\/www.facebook.com\/La-Sentinelle-104059864394773\" \/>\n<meta property=\"article:published_time\" content=\"2025-04-21T11:26:02+00:00\" \/>\n<meta property=\"article:modified_time\" content=\"2025-04-21T11:26:03+00:00\" \/>\n<meta property=\"og:image\" content=\"https:\/\/lasentinelle.dz\/wp-content\/uploads\/2025\/04\/Djezzy.jpg\" \/>\n\t<meta property=\"og:image:width\" content=\"1280\" \/>\n\t<meta property=\"og:image:height\" content=\"960\" \/>\n\t<meta property=\"og:image:type\" content=\"image\/jpeg\" \/>\n<meta name=\"author\" content=\"admin\" \/>\n<meta name=\"twitter:card\" content=\"summary_large_image\" \/>\n<meta name=\"twitter:label1\" content=\"\u00c9crit par\" \/>\n\t<meta name=\"twitter:data1\" content=\"admin\" \/>\n\t<meta name=\"twitter:label2\" content=\"Dur\u00e9e de lecture estim\u00e9e\" \/>\n\t<meta name=\"twitter:data2\" content=\"3 minutes\" \/>\n<script type=\"application\/ld+json\" class=\"yoast-schema-graph\">{\"@context\":\"https:\\\/\\\/schema.org\",\"@graph\":[{\"@type\":\"Article\",\"@id\":\"https:\\\/\\\/lasentinelle.dz\\\/index.php\\\/2025\\\/04\\\/21\\\/en-prevision-du-deploiement-prochain-des-reseaux-5g-un-nouveau-dg-nomme-a-la-tete-de-djezzy\\\/#article\",\"isPartOf\":{\"@id\":\"https:\\\/\\\/lasentinelle.dz\\\/index.php\\\/2025\\\/04\\\/21\\\/en-prevision-du-deploiement-prochain-des-reseaux-5g-un-nouveau-dg-nomme-a-la-tete-de-djezzy\\\/\"},\"author\":{\"name\":\"admin\",\"@id\":\"https:\\\/\\\/lasentinelle.dz\\\/#\\\/schema\\\/person\\\/729ee0024f24e0b8c5ec17232f8e8b41\"},\"headline\":\"En pr\u00e9vision du d\u00e9ploiement prochain des r\u00e9seaux 5G: Un nouveau DG nomm\u00e9 \u00e0 la t\u00eate de Djezzy\",\"datePublished\":\"2025-04-21T11:26:02+00:00\",\"dateModified\":\"2025-04-21T11:26:03+00:00\",\"mainEntityOfPage\":{\"@id\":\"https:\\\/\\\/lasentinelle.dz\\\/index.php\\\/2025\\\/04\\\/21\\\/en-prevision-du-deploiement-prochain-des-reseaux-5g-un-nouveau-dg-nomme-a-la-tete-de-djezzy\\\/\"},\"wordCount\":623,\"commentCount\":0,\"publisher\":{\"@id\":\"https:\\\/\\\/lasentinelle.dz\\\/#organization\"},\"image\":{\"@id\":\"https:\\\/\\\/lasentinelle.dz\\\/index.php\\\/2025\\\/04\\\/21\\\/en-prevision-du-deploiement-prochain-des-reseaux-5g-un-nouveau-dg-nomme-a-la-tete-de-djezzy\\\/#primaryimage\"},\"thumbnailUrl\":\"https:\\\/\\\/lasentinelle.dz\\\/wp-content\\\/uploads\\\/2025\\\/04\\\/Djezzy.jpg\",\"articleSection\":[\"\u00c0 la Une\",\"\u00c9conomie\"],\"inLanguage\":\"fr-FR\",\"potentialAction\":[{\"@type\":\"CommentAction\",\"name\":\"Comment\",\"target\":[\"https:\\\/\\\/lasentinelle.dz\\\/index.php\\\/2025\\\/04\\\/21\\\/en-prevision-du-deploiement-prochain-des-reseaux-5g-un-nouveau-dg-nomme-a-la-tete-de-djezzy\\\/#respond\"]}]},{\"@type\":\"WebPage\",\"@id\":\"https:\\\/\\\/lasentinelle.dz\\\/index.php\\\/2025\\\/04\\\/21\\\/en-prevision-du-deploiement-prochain-des-reseaux-5g-un-nouveau-dg-nomme-a-la-tete-de-djezzy\\\/\",\"url\":\"https:\\\/\\\/lasentinelle.dz\\\/index.php\\\/2025\\\/04\\\/21\\\/en-prevision-du-deploiement-prochain-des-reseaux-5g-un-nouveau-dg-nomme-a-la-tete-de-djezzy\\\/\",\"name\":\"En pr\u00e9vision du d\u00e9ploiement prochain des r\u00e9seaux 5G: Un nouveau DG nomm\u00e9 \u00e0 la t\u00eate de Djezzy - La Sentinelle\",\"isPartOf\":{\"@id\":\"https:\\\/\\\/lasentinelle.dz\\\/#website\"},\"primaryImageOfPage\":{\"@id\":\"https:\\\/\\\/lasentinelle.dz\\\/index.php\\\/2025\\\/04\\\/21\\\/en-prevision-du-deploiement-prochain-des-reseaux-5g-un-nouveau-dg-nomme-a-la-tete-de-djezzy\\\/#primaryimage\"},\"image\":{\"@id\":\"https:\\\/\\\/lasentinelle.dz\\\/index.php\\\/2025\\\/04\\\/21\\\/en-prevision-du-deploiement-prochain-des-reseaux-5g-un-nouveau-dg-nomme-a-la-tete-de-djezzy\\\/#primaryimage\"},\"thumbnailUrl\":\"https:\\\/\\\/lasentinelle.dz\\\/wp-content\\\/uploads\\\/2025\\\/04\\\/Djezzy.jpg\",\"datePublished\":\"2025-04-21T11:26:02+00:00\",\"dateModified\":\"2025-04-21T11:26:03+00:00\",\"breadcrumb\":{\"@id\":\"https:\\\/\\\/lasentinelle.dz\\\/index.php\\\/2025\\\/04\\\/21\\\/en-prevision-du-deploiement-prochain-des-reseaux-5g-un-nouveau-dg-nomme-a-la-tete-de-djezzy\\\/#breadcrumb\"},\"inLanguage\":\"fr-FR\",\"potentialAction\":[{\"@type\":\"ReadAction\",\"target\":[\"https:\\\/\\\/lasentinelle.dz\\\/index.php\\\/2025\\\/04\\\/21\\\/en-prevision-du-deploiement-prochain-des-reseaux-5g-un-nouveau-dg-nomme-a-la-tete-de-djezzy\\\/\"]}]},{\"@type\":\"ImageObject\",\"inLanguage\":\"fr-FR\",\"@id\":\"https:\\\/\\\/lasentinelle.dz\\\/index.php\\\/2025\\\/04\\\/21\\\/en-prevision-du-deploiement-prochain-des-reseaux-5g-un-nouveau-dg-nomme-a-la-tete-de-djezzy\\\/#primaryimage\",\"url\":\"https:\\\/\\\/lasentinelle.dz\\\/wp-content\\\/uploads\\\/2025\\\/04\\\/Djezzy.jpg\",\"contentUrl\":\"https:\\\/\\\/lasentinelle.dz\\\/wp-content\\\/uploads\\\/2025\\\/04\\\/Djezzy.jpg\",\"width\":1280,\"height\":960},{\"@type\":\"BreadcrumbList\",\"@id\":\"https:\\\/\\\/lasentinelle.dz\\\/index.php\\\/2025\\\/04\\\/21\\\/en-prevision-du-deploiement-prochain-des-reseaux-5g-un-nouveau-dg-nomme-a-la-tete-de-djezzy\\\/#breadcrumb\",\"itemListElement\":[{\"@type\":\"ListItem\",\"position\":1,\"name\":\"Accueil\",\"item\":\"https:\\\/\\\/lasentinelle.dz\\\/\"},{\"@type\":\"ListItem\",\"position\":2,\"name\":\"En pr\u00e9vision du d\u00e9ploiement prochain des r\u00e9seaux 5G: Un nouveau DG nomm\u00e9 \u00e0 la t\u00eate de Djezzy\"}]},{\"@type\":\"WebSite\",\"@id\":\"https:\\\/\\\/lasentinelle.dz\\\/#website\",\"url\":\"https:\\\/\\\/lasentinelle.dz\\\/\",\"name\":\"La Sentinelle\",\"description\":\"Quotidien national d&#039;information\",\"publisher\":{\"@id\":\"https:\\\/\\\/lasentinelle.dz\\\/#organization\"},\"potentialAction\":[{\"@type\":\"SearchAction\",\"target\":{\"@type\":\"EntryPoint\",\"urlTemplate\":\"https:\\\/\\\/lasentinelle.dz\\\/?s={search_term_string}\"},\"query-input\":{\"@type\":\"PropertyValueSpecification\",\"valueRequired\":true,\"valueName\":\"search_term_string\"}}],\"inLanguage\":\"fr-FR\"},{\"@type\":\"Organization\",\"@id\":\"https:\\\/\\\/lasentinelle.dz\\\/#organization\",\"name\":\"Quotidien La Sentinelle\",\"url\":\"https:\\\/\\\/lasentinelle.dz\\\/\",\"logo\":{\"@type\":\"ImageObject\",\"inLanguage\":\"fr-FR\",\"@id\":\"https:\\\/\\\/lasentinelle.dz\\\/#\\\/schema\\\/logo\\\/image\\\/\",\"url\":\"https:\\\/\\\/lasentinelle.dz\\\/wp-content\\\/uploads\\\/2021\\\/09\\\/logo-sentinelleSLOGAN-1.png\",\"contentUrl\":\"https:\\\/\\\/lasentinelle.dz\\\/wp-content\\\/uploads\\\/2021\\\/09\\\/logo-sentinelleSLOGAN-1.png\",\"width\":615,\"height\":142,\"caption\":\"Quotidien La Sentinelle\"},\"image\":{\"@id\":\"https:\\\/\\\/lasentinelle.dz\\\/#\\\/schema\\\/logo\\\/image\\\/\"},\"sameAs\":[\"https:\\\/\\\/www.facebook.com\\\/La-Sentinelle-104059864394773\"]},{\"@type\":\"Person\",\"@id\":\"https:\\\/\\\/lasentinelle.dz\\\/#\\\/schema\\\/person\\\/729ee0024f24e0b8c5ec17232f8e8b41\",\"name\":\"admin\",\"image\":{\"@type\":\"ImageObject\",\"inLanguage\":\"fr-FR\",\"@id\":\"https:\\\/\\\/secure.gravatar.com\\\/avatar\\\/4c81fed838786e9b53f540bf46533e750f5d292099ae3b66cfc6fb1982e29df7?s=96&d=mm&r=g\",\"url\":\"https:\\\/\\\/secure.gravatar.com\\\/avatar\\\/4c81fed838786e9b53f540bf46533e750f5d292099ae3b66cfc6fb1982e29df7?s=96&d=mm&r=g\",\"contentUrl\":\"https:\\\/\\\/secure.gravatar.com\\\/avatar\\\/4c81fed838786e9b53f540bf46533e750f5d292099ae3b66cfc6fb1982e29df7?s=96&d=mm&r=g\",\"caption\":\"admin\"},\"description\":\"admin\",\"url\":\"https:\\\/\\\/lasentinelle.dz\\\/author\\\/admin\\\/\"}]}<\/script>\n<!-- \/ Yoast SEO plugin. -->","yoast_head_json":{"title":"En pr\u00e9vision du d\u00e9ploiement prochain des r\u00e9seaux 5G: Un nouveau DG nomm\u00e9 \u00e0 la t\u00eate de Djezzy - La Sentinelle","robots":{"index":"index","follow":"follow","max-snippet":"max-snippet:-1","max-image-preview":"max-image-preview:large","max-video-preview":"max-video-preview:-1"},"canonical":"https:\/\/lasentinelle.dz\/index.php\/2025\/04\/21\/en-prevision-du-deploiement-prochain-des-reseaux-5g-un-nouveau-dg-nomme-a-la-tete-de-djezzy\/","og_locale":"fr_FR","og_type":"article","og_title":"En pr\u00e9vision du d\u00e9ploiement prochain des r\u00e9seaux 5G: Un nouveau DG nomm\u00e9 \u00e0 la t\u00eate de Djezzy - La Sentinelle","og_description":"Boumediene Senoussi a \u00e9t\u00e9 install\u00e9 hier \u00e0 la t\u00eate de l&rsquo;op\u00e9rateur de t\u00e9l\u00e9phonie mobile Optimum Telecom Alg\u00e9rie-Djezzy. Une nomination qui","og_url":"https:\/\/lasentinelle.dz\/index.php\/2025\/04\/21\/en-prevision-du-deploiement-prochain-des-reseaux-5g-un-nouveau-dg-nomme-a-la-tete-de-djezzy\/","og_site_name":"La Sentinelle","article_publisher":"https:\/\/www.facebook.com\/La-Sentinelle-104059864394773","article_published_time":"2025-04-21T11:26:02+00:00","article_modified_time":"2025-04-21T11:26:03+00:00","og_image":[{"width":1280,"height":960,"url":"https:\/\/lasentinelle.dz\/wp-content\/uploads\/2025\/04\/Djezzy.jpg","type":"image\/jpeg"}],"author":"admin","twitter_card":"summary_large_image","twitter_misc":{"\u00c9crit par":"admin","Dur\u00e9e de lecture estim\u00e9e":"3 minutes"},"schema":{"@context":"https:\/\/schema.org","@graph":[{"@type":"Article","@id":"https:\/\/lasentinelle.dz\/index.php\/2025\/04\/21\/en-prevision-du-deploiement-prochain-des-reseaux-5g-un-nouveau-dg-nomme-a-la-tete-de-djezzy\/#article","isPartOf":{"@id":"https:\/\/lasentinelle.dz\/index.php\/2025\/04\/21\/en-prevision-du-deploiement-prochain-des-reseaux-5g-un-nouveau-dg-nomme-a-la-tete-de-djezzy\/"},"author":{"name":"admin","@id":"https:\/\/lasentinelle.dz\/#\/schema\/person\/729ee0024f24e0b8c5ec17232f8e8b41"},"headline":"En pr\u00e9vision du d\u00e9ploiement prochain des r\u00e9seaux 5G: Un nouveau DG nomm\u00e9 \u00e0 la t\u00eate de Djezzy","datePublished":"2025-04-21T11:26:02+00:00","dateModified":"2025-04-21T11:26:03+00:00","mainEntityOfPage":{"@id":"https:\/\/lasentinelle.dz\/index.php\/2025\/04\/21\/en-prevision-du-deploiement-prochain-des-reseaux-5g-un-nouveau-dg-nomme-a-la-tete-de-djezzy\/"},"wordCount":623,"commentCount":0,"publisher":{"@id":"https:\/\/lasentinelle.dz\/#organization"},"image":{"@id":"https:\/\/lasentinelle.dz\/index.php\/2025\/04\/21\/en-prevision-du-deploiement-prochain-des-reseaux-5g-un-nouveau-dg-nomme-a-la-tete-de-djezzy\/#primaryimage"},"thumbnailUrl":"https:\/\/lasentinelle.dz\/wp-content\/uploads\/2025\/04\/Djezzy.jpg","articleSection":["\u00c0 la Une","\u00c9conomie"],"inLanguage":"fr-FR","potentialAction":[{"@type":"CommentAction","name":"Comment","target":["https:\/\/lasentinelle.dz\/index.php\/2025\/04\/21\/en-prevision-du-deploiement-prochain-des-reseaux-5g-un-nouveau-dg-nomme-a-la-tete-de-djezzy\/#respond"]}]},{"@type":"WebPage","@id":"https:\/\/lasentinelle.dz\/index.php\/2025\/04\/21\/en-prevision-du-deploiement-prochain-des-reseaux-5g-un-nouveau-dg-nomme-a-la-tete-de-djezzy\/","url":"https:\/\/lasentinelle.dz\/index.php\/2025\/04\/21\/en-prevision-du-deploiement-prochain-des-reseaux-5g-un-nouveau-dg-nomme-a-la-tete-de-djezzy\/","name":"En pr\u00e9vision du d\u00e9ploiement prochain des r\u00e9seaux 5G: Un nouveau DG nomm\u00e9 \u00e0 la t\u00eate de Djezzy - La Sentinelle","isPartOf":{"@id":"https:\/\/lasentinelle.dz\/#website"},"primaryImageOfPage":{"@id":"https:\/\/lasentinelle.dz\/index.php\/2025\/04\/21\/en-prevision-du-deploiement-prochain-des-reseaux-5g-un-nouveau-dg-nomme-a-la-tete-de-djezzy\/#primaryimage"},"image":{"@id":"https:\/\/lasentinelle.dz\/index.php\/2025\/04\/21\/en-prevision-du-deploiement-prochain-des-reseaux-5g-un-nouveau-dg-nomme-a-la-tete-de-djezzy\/#primaryimage"},"thumbnailUrl":"https:\/\/lasentinelle.dz\/wp-content\/uploads\/2025\/04\/Djezzy.jpg","datePublished":"2025-04-21T11:26:02+00:00","dateModified":"2025-04-21T11:26:03+00:00","breadcrumb":{"@id":"https:\/\/lasentinelle.dz\/index.php\/2025\/04\/21\/en-prevision-du-deploiement-prochain-des-reseaux-5g-un-nouveau-dg-nomme-a-la-tete-de-djezzy\/#breadcrumb"},"inLanguage":"fr-FR","potentialAction":[{"@type":"ReadAction","target":["https:\/\/lasentinelle.dz\/index.php\/2025\/04\/21\/en-prevision-du-deploiement-prochain-des-reseaux-5g-un-nouveau-dg-nomme-a-la-tete-de-djezzy\/"]}]},{"@type":"ImageObject","inLanguage":"fr-FR","@id":"https:\/\/lasentinelle.dz\/index.php\/2025\/04\/21\/en-prevision-du-deploiement-prochain-des-reseaux-5g-un-nouveau-dg-nomme-a-la-tete-de-djezzy\/#primaryimage","url":"https:\/\/lasentinelle.dz\/wp-content\/uploads\/2025\/04\/Djezzy.jpg","contentUrl":"https:\/\/lasentinelle.dz\/wp-content\/uploads\/2025\/04\/Djezzy.jpg","width":1280,"height":960},{"@type":"BreadcrumbList","@id":"https:\/\/lasentinelle.dz\/index.php\/2025\/04\/21\/en-prevision-du-deploiement-prochain-des-reseaux-5g-un-nouveau-dg-nomme-a-la-tete-de-djezzy\/#breadcrumb","itemListElement":[{"@type":"ListItem","position":1,"name":"Accueil","item":"https:\/\/lasentinelle.dz\/"},{"@type":"ListItem","position":2,"name":"En pr\u00e9vision du d\u00e9ploiement prochain des r\u00e9seaux 5G: Un nouveau DG nomm\u00e9 \u00e0 la t\u00eate de Djezzy"}]},{"@type":"WebSite","@id":"https:\/\/lasentinelle.dz\/#website","url":"https:\/\/lasentinelle.dz\/","name":"La Sentinelle","description":"Quotidien national d&#039;information","publisher":{"@id":"https:\/\/lasentinelle.dz\/#organization"},"potentialAction":[{"@type":"SearchAction","target":{"@type":"EntryPoint","urlTemplate":"https:\/\/lasentinelle.dz\/?s={search_term_string}"},"query-input":{"@type":"PropertyValueSpecification","valueRequired":true,"valueName":"search_term_string"}}],"inLanguage":"fr-FR"},{"@type":"Organization","@id":"https:\/\/lasentinelle.dz\/#organization","name":"Quotidien La Sentinelle","url":"https:\/\/lasentinelle.dz\/","logo":{"@type":"ImageObject","inLanguage":"fr-FR","@id":"https:\/\/lasentinelle.dz\/#\/schema\/logo\/image\/","url":"https:\/\/lasentinelle.dz\/wp-content\/uploads\/2021\/09\/logo-sentinelleSLOGAN-1.png","contentUrl":"https:\/\/lasentinelle.dz\/wp-content\/uploads\/2021\/09\/logo-sentinelleSLOGAN-1.png","width":615,"height":142,"caption":"Quotidien La Sentinelle"},"image":{"@id":"https:\/\/lasentinelle.dz\/#\/schema\/logo\/image\/"},"sameAs":["https:\/\/www.facebook.com\/La-Sentinelle-104059864394773"]},{"@type":"Person","@id":"https:\/\/lasentinelle.dz\/#\/schema\/person\/729ee0024f24e0b8c5ec17232f8e8b41","name":"admin","image":{"@type":"ImageObject","inLanguage":"fr-FR","@id":"https:\/\/secure.gravatar.com\/avatar\/4c81fed838786e9b53f540bf46533e750f5d292099ae3b66cfc6fb1982e29df7?s=96&d=mm&r=g","url":"https:\/\/secure.gravatar.com\/avatar\/4c81fed838786e9b53f540bf46533e750f5d292099ae3b66cfc6fb1982e29df7?s=96&d=mm&r=g","contentUrl":"https:\/\/secure.gravatar.com\/avatar\/4c81fed838786e9b53f540bf46533e750f5d292099ae3b66cfc6fb1982e29df7?s=96&d=mm&r=g","caption":"admin"},"description":"admin","url":"https:\/\/lasentinelle.dz\/author\/admin\/"}]}},"_links":{"self":[{"href":"https:\/\/lasentinelle.dz\/index.php\/wp-json\/wp\/v2\/posts\/66068","targetHints":{"allow":["GET"]}}],"collection":[{"href":"https:\/\/lasentinelle.dz\/index.php\/wp-json\/wp\/v2\/posts"}],"about":[{"href":"https:\/\/lasentinelle.dz\/index.php\/wp-json\/wp\/v2\/types\/post"}],"author":[{"embeddable":true,"href":"https:\/\/lasentinelle.dz\/index.php\/wp-json\/wp\/v2\/users\/6"}],"replies":[{"embeddable":true,"href":"https:\/\/lasentinelle.dz\/index.php\/wp-json\/wp\/v2\/comments?post=66068"}],"version-history":[{"count":1,"href":"https:\/\/lasentinelle.dz\/index.php\/wp-json\/wp\/v2\/posts\/66068\/revisions"}],"predecessor-version":[{"id":66070,"href":"https:\/\/lasentinelle.dz\/index.php\/wp-json\/wp\/v2\/posts\/66068\/revisions\/66070"}],"wp:featuredmedia":[{"embeddable":true,"href":"https:\/\/lasentinelle.dz\/index.php\/wp-json\/wp\/v2\/media\/66069"}],"wp:attachment":[{"href":"https:\/\/lasentinelle.dz\/index.php\/wp-json\/wp\/v2\/media?parent=66068"}],"wp:term":[{"taxonomy":"category","embeddable":true,"href":"https:\/\/lasentinelle.dz\/index.php\/wp-json\/wp\/v2\/categories?post=66068"},{"taxonomy":"post_tag","embeddable":true,"href":"https:\/\/lasentinelle.dz\/index.php\/wp-json\/wp\/v2\/tags?post=66068"}],"curies":[{"name":"wp","href":"https:\/\/api.w.org\/{rel}","templated":true}]}}