{"id":66073,"date":"2025-04-21T12:07:00","date_gmt":"2025-04-21T11:07:00","guid":{"rendered":"https:\/\/lasentinelle.dz\/?p=66073"},"modified":"2025-04-21T12:27:55","modified_gmt":"2025-04-21T11:27:55","slug":"projet-dextension-du-port-dannaba-une-jetee-brise-lames-en-cours-de-realisation","status":"publish","type":"post","link":"https:\/\/lasentinelle.dz\/index.php\/2025\/04\/21\/projet-dextension-du-port-dannaba-une-jetee-brise-lames-en-cours-de-realisation\/","title":{"rendered":"Projet d\u2019extension du port d&rsquo;Annaba: Une jet\u00e9e brise-lames en cours de r\u00e9alisation"},"content":{"rendered":"\n<p>Huit mois apr\u00e8s le lancement du projet d\u2019extension du port marchand d\u2019Annaba, dont les travaux avancent \u00e0 une cadence tr\u00e8s acc\u00e9l\u00e9r\u00e9e, les travaux de r\u00e9alisation d\u2019une jet\u00e9e Brise-lames viennent d\u2019\u00eatre lanc\u00e9s. Des travaux qui font l\u2019objet d\u2019un suivi de pr\u00eat de la part du wali d\u2019Annaba, Abdelkader Djellaoui.&nbsp; D\u2019importants moyens logistiques ont \u00e9t\u00e9 mobilis\u00e9s \u00e0 cet effet. Pour la r\u00e9alisation de cette jet\u00e9e,&nbsp; sept navires&nbsp; ont \u00e9t\u00e9 affect\u00e9s pour le transport des chargements de blocs de pierres, d\u2019un poids estim\u00e9 \u00e0 150 tonnes, en plus de la cr\u00e9ation, sur le site du projet,&nbsp; d\u2019un espace de stockage pouvant contenir jusqu\u2019\u00e0 500 tonnes de pierres. Ce projet d\u2019envergure a pour objectif d\u2019\u00e9tendre la barri\u00e8re de brise-vagues d\u2019une distance de 1.400m \u00e0 une distance de 2,2 km des c\u00f4tes afin de cr\u00e9er une zone prot\u00e9g\u00e9e des vagues dans le p\u00e9rim\u00e8tre int\u00e9rieur des eaux du p\u00e9rim\u00e8tre d\u2019extension du port et du quai min\u00e9ralier en cours de r\u00e9alisation.&nbsp; Notons qu&rsquo;apr\u00e8s huit mois du lancement du projet d&rsquo;extension, les travaux de remplissage des zones submerg\u00e9es et le tressage des sols avancent \u00e0 un rythme soutenu. Selon certains responsables interrog\u00e9s sur le chantier, la supervision et le suivi continu du projet par le wali a permis de lever toutes&nbsp; les contraintes administratives notamment, ce qui a facilit\u00e9 l\u2019acc\u00e9l\u00e9ration des travaux, nous dit-on. Pour nos interlocuteurs, les diff\u00e9rents chantiers du projet d\u2019extension du port marchand d\u2019Annaba avancent dans une parfaite synergie, dont t\u00e9moigne le lancement du projet de construction de l\u2019unit\u00e9 de transformation et de production d\u2019azote et d\u2019engrais phosphat\u00e9s \u00e0 Oued El Kebrit dans la wilaya de Souk-Ahras, en novembre 2024, a-t-on expliqu\u00e9.&nbsp; Selon nos interlocuteurs, au vu des conditions favorables, le projet devrait \u00eatre achev\u00e9 dans un d\u00e9lai de 16 mois,&nbsp; pour une mise en service en avril 2026, a-t-on estim\u00e9. Cette extension repr\u00e9sente une importante&nbsp; \u00e9tape dans la modernisation de l\u2019infrastructure&nbsp; portuaire de la r\u00e9gion, notamment avec cette jet\u00e9e devant assurer la protection des futures installations et navires contre les conditions m\u00e9t\u00e9orologiques d\u00e9favorables. Pour rappel, une enveloppe financi\u00e8re de 89 milliards DA a \u00e9t\u00e9 allou\u00e9e \u00e0 la r\u00e9alisation de ce projet appel\u00e9 \u00e0 g\u00e9n\u00e9rer pr\u00e8s de 2.000 postes d\u2019emploi.&nbsp; La r\u00e9alisation du quai min\u00e9ralier de 1 600 m\u00e8tres de longueur et un tirant d&rsquo;eau de 16 m\u00e8tres, a \u00e9t\u00e9 confi\u00e9e \u00e0 un consortium alg\u00e9ro-chinois compos\u00e9 de China Harbour Engineering Company (CHEC), Cosider-TP et l&rsquo;Entreprise publique \u00e9conomique m\u00e9diterran\u00e9enne des travaux maritimes (Meditram), rappelle-on encore. \u00c0 souligner que ce projet permettra de d\u00e9velopper la capacit\u00e9 d&rsquo;accueil du port commercial d&rsquo;Annaba pour recevoir les gros navires et de faciliter le chargement, le d\u00e9chargement et le transport du phosphate et produits phosphat\u00e9s.&nbsp;<\/p>\n\n\n\n<p><strong>Sofia Chahine<\/strong><\/p>\n","protected":false},"excerpt":{"rendered":"<p>Huit mois apr\u00e8s le lancement du projet d\u2019extension du port marchand d\u2019Annaba, dont les travaux avancent \u00e0 une cadence tr\u00e8s<\/p>\n","protected":false},"author":6,"featured_media":22266,"comment_status":"open","ping_status":"closed","sticky":false,"template":"","format":"standard","meta":{"colormag_page_container_layout":"default_layout","colormag_page_sidebar_layout":"default_layout","om_disable_all_campaigns":false,"_monsterinsights_skip_tracking":false,"_monsterinsights_sitenote_active":false,"_monsterinsights_sitenote_note":"","_monsterinsights_sitenote_category":0,"footnotes":"","_wpscppro_dont_share_socialmedia":false,"_wpscppro_custom_social_share_image":0,"_facebook_share_type":"default","_twitter_share_type":"default","_linkedin_share_type":"default","_pinterest_share_type":"default","_linkedin_share_type_page":"","_instagram_share_type":"default","_medium_share_type":"default","_threads_share_type":"","_google_business_share_type":"","_selected_social_profile":[],"_wpsp_enable_custom_social_template":false,"_wpsp_social_scheduling":{"enabled":false,"datetime":null,"platforms":[],"status":"template_only","dateOption":"today","timeOption":"now","customDays":"","customHours":"","customDate":"","customTime":"","schedulingType":"absolute"},"_wpsp_active_default_template":true},"categories":[27],"tags":[],"class_list":["post-66073","post","type-post","status-publish","format-standard","has-post-thumbnail","hentry","category-actualite"],"aioseo_notices":[],"yoast_head":"<!-- This site is optimized with the Yoast SEO plugin v27.5 - https:\/\/yoast.com\/product\/yoast-seo-wordpress\/ -->\n<title>Projet d\u2019extension du port d&rsquo;Annaba: Une jet\u00e9e brise-lames en cours de r\u00e9alisation - La Sentinelle<\/title>\n<meta name=\"robots\" content=\"index, follow, max-snippet:-1, max-image-preview:large, max-video-preview:-1\" \/>\n<link rel=\"canonical\" href=\"https:\/\/lasentinelle.dz\/index.php\/2025\/04\/21\/projet-dextension-du-port-dannaba-une-jetee-brise-lames-en-cours-de-realisation\/\" \/>\n<meta property=\"og:locale\" content=\"fr_FR\" \/>\n<meta property=\"og:type\" content=\"article\" \/>\n<meta property=\"og:title\" content=\"Projet d\u2019extension du port d&rsquo;Annaba: Une jet\u00e9e brise-lames en cours de r\u00e9alisation - La Sentinelle\" \/>\n<meta property=\"og:description\" content=\"Huit mois apr\u00e8s le lancement du projet d\u2019extension du port marchand d\u2019Annaba, dont les travaux avancent \u00e0 une cadence tr\u00e8s\" \/>\n<meta property=\"og:url\" content=\"https:\/\/lasentinelle.dz\/index.php\/2025\/04\/21\/projet-dextension-du-port-dannaba-une-jetee-brise-lames-en-cours-de-realisation\/\" \/>\n<meta property=\"og:site_name\" content=\"La Sentinelle\" \/>\n<meta property=\"article:publisher\" content=\"https:\/\/www.facebook.com\/La-Sentinelle-104059864394773\" \/>\n<meta property=\"article:published_time\" content=\"2025-04-21T11:07:00+00:00\" \/>\n<meta property=\"article:modified_time\" content=\"2025-04-21T11:27:55+00:00\" \/>\n<meta property=\"og:image\" content=\"https:\/\/lasentinelle.dz\/wp-content\/uploads\/2022\/06\/port-dannaba.png\" \/>\n\t<meta property=\"og:image:width\" content=\"1200\" \/>\n\t<meta property=\"og:image:height\" content=\"900\" \/>\n\t<meta property=\"og:image:type\" content=\"image\/png\" \/>\n<meta name=\"author\" content=\"admin\" \/>\n<meta name=\"twitter:card\" content=\"summary_large_image\" \/>\n<meta name=\"twitter:label1\" content=\"\u00c9crit par\" \/>\n\t<meta name=\"twitter:data1\" content=\"admin\" \/>\n\t<meta name=\"twitter:label2\" content=\"Dur\u00e9e de lecture estim\u00e9e\" \/>\n\t<meta name=\"twitter:data2\" content=\"3 minutes\" \/>\n<script type=\"application\/ld+json\" class=\"yoast-schema-graph\">{\"@context\":\"https:\\\/\\\/schema.org\",\"@graph\":[{\"@type\":\"Article\",\"@id\":\"https:\\\/\\\/lasentinelle.dz\\\/index.php\\\/2025\\\/04\\\/21\\\/projet-dextension-du-port-dannaba-une-jetee-brise-lames-en-cours-de-realisation\\\/#article\",\"isPartOf\":{\"@id\":\"https:\\\/\\\/lasentinelle.dz\\\/index.php\\\/2025\\\/04\\\/21\\\/projet-dextension-du-port-dannaba-une-jetee-brise-lames-en-cours-de-realisation\\\/\"},\"author\":{\"name\":\"admin\",\"@id\":\"https:\\\/\\\/lasentinelle.dz\\\/#\\\/schema\\\/person\\\/729ee0024f24e0b8c5ec17232f8e8b41\"},\"headline\":\"Projet d\u2019extension du port d&rsquo;Annaba: Une jet\u00e9e brise-lames en cours de r\u00e9alisation\",\"datePublished\":\"2025-04-21T11:07:00+00:00\",\"dateModified\":\"2025-04-21T11:27:55+00:00\",\"mainEntityOfPage\":{\"@id\":\"https:\\\/\\\/lasentinelle.dz\\\/index.php\\\/2025\\\/04\\\/21\\\/projet-dextension-du-port-dannaba-une-jetee-brise-lames-en-cours-de-realisation\\\/\"},\"wordCount\":530,\"commentCount\":0,\"publisher\":{\"@id\":\"https:\\\/\\\/lasentinelle.dz\\\/#organization\"},\"image\":{\"@id\":\"https:\\\/\\\/lasentinelle.dz\\\/index.php\\\/2025\\\/04\\\/21\\\/projet-dextension-du-port-dannaba-une-jetee-brise-lames-en-cours-de-realisation\\\/#primaryimage\"},\"thumbnailUrl\":\"https:\\\/\\\/lasentinelle.dz\\\/wp-content\\\/uploads\\\/2022\\\/06\\\/port-dannaba.png\",\"articleSection\":[\"Actualit\u00e9\"],\"inLanguage\":\"fr-FR\",\"potentialAction\":[{\"@type\":\"CommentAction\",\"name\":\"Comment\",\"target\":[\"https:\\\/\\\/lasentinelle.dz\\\/index.php\\\/2025\\\/04\\\/21\\\/projet-dextension-du-port-dannaba-une-jetee-brise-lames-en-cours-de-realisation\\\/#respond\"]}]},{\"@type\":\"WebPage\",\"@id\":\"https:\\\/\\\/lasentinelle.dz\\\/index.php\\\/2025\\\/04\\\/21\\\/projet-dextension-du-port-dannaba-une-jetee-brise-lames-en-cours-de-realisation\\\/\",\"url\":\"https:\\\/\\\/lasentinelle.dz\\\/index.php\\\/2025\\\/04\\\/21\\\/projet-dextension-du-port-dannaba-une-jetee-brise-lames-en-cours-de-realisation\\\/\",\"name\":\"Projet d\u2019extension du port d&rsquo;Annaba: Une jet\u00e9e brise-lames en cours de r\u00e9alisation - La Sentinelle\",\"isPartOf\":{\"@id\":\"https:\\\/\\\/lasentinelle.dz\\\/#website\"},\"primaryImageOfPage\":{\"@id\":\"https:\\\/\\\/lasentinelle.dz\\\/index.php\\\/2025\\\/04\\\/21\\\/projet-dextension-du-port-dannaba-une-jetee-brise-lames-en-cours-de-realisation\\\/#primaryimage\"},\"image\":{\"@id\":\"https:\\\/\\\/lasentinelle.dz\\\/index.php\\\/2025\\\/04\\\/21\\\/projet-dextension-du-port-dannaba-une-jetee-brise-lames-en-cours-de-realisation\\\/#primaryimage\"},\"thumbnailUrl\":\"https:\\\/\\\/lasentinelle.dz\\\/wp-content\\\/uploads\\\/2022\\\/06\\\/port-dannaba.png\",\"datePublished\":\"2025-04-21T11:07:00+00:00\",\"dateModified\":\"2025-04-21T11:27:55+00:00\",\"breadcrumb\":{\"@id\":\"https:\\\/\\\/lasentinelle.dz\\\/index.php\\\/2025\\\/04\\\/21\\\/projet-dextension-du-port-dannaba-une-jetee-brise-lames-en-cours-de-realisation\\\/#breadcrumb\"},\"inLanguage\":\"fr-FR\",\"potentialAction\":[{\"@type\":\"ReadAction\",\"target\":[\"https:\\\/\\\/lasentinelle.dz\\\/index.php\\\/2025\\\/04\\\/21\\\/projet-dextension-du-port-dannaba-une-jetee-brise-lames-en-cours-de-realisation\\\/\"]}]},{\"@type\":\"ImageObject\",\"inLanguage\":\"fr-FR\",\"@id\":\"https:\\\/\\\/lasentinelle.dz\\\/index.php\\\/2025\\\/04\\\/21\\\/projet-dextension-du-port-dannaba-une-jetee-brise-lames-en-cours-de-realisation\\\/#primaryimage\",\"url\":\"https:\\\/\\\/lasentinelle.dz\\\/wp-content\\\/uploads\\\/2022\\\/06\\\/port-dannaba.png\",\"contentUrl\":\"https:\\\/\\\/lasentinelle.dz\\\/wp-content\\\/uploads\\\/2022\\\/06\\\/port-dannaba.png\",\"width\":1200,\"height\":900},{\"@type\":\"BreadcrumbList\",\"@id\":\"https:\\\/\\\/lasentinelle.dz\\\/index.php\\\/2025\\\/04\\\/21\\\/projet-dextension-du-port-dannaba-une-jetee-brise-lames-en-cours-de-realisation\\\/#breadcrumb\",\"itemListElement\":[{\"@type\":\"ListItem\",\"position\":1,\"name\":\"Accueil\",\"item\":\"https:\\\/\\\/lasentinelle.dz\\\/\"},{\"@type\":\"ListItem\",\"position\":2,\"name\":\"Projet d\u2019extension du port d&rsquo;Annaba: Une jet\u00e9e brise-lames en cours de r\u00e9alisation\"}]},{\"@type\":\"WebSite\",\"@id\":\"https:\\\/\\\/lasentinelle.dz\\\/#website\",\"url\":\"https:\\\/\\\/lasentinelle.dz\\\/\",\"name\":\"La Sentinelle\",\"description\":\"Quotidien national d&#039;information\",\"publisher\":{\"@id\":\"https:\\\/\\\/lasentinelle.dz\\\/#organization\"},\"potentialAction\":[{\"@type\":\"SearchAction\",\"target\":{\"@type\":\"EntryPoint\",\"urlTemplate\":\"https:\\\/\\\/lasentinelle.dz\\\/?s={search_term_string}\"},\"query-input\":{\"@type\":\"PropertyValueSpecification\",\"valueRequired\":true,\"valueName\":\"search_term_string\"}}],\"inLanguage\":\"fr-FR\"},{\"@type\":\"Organization\",\"@id\":\"https:\\\/\\\/lasentinelle.dz\\\/#organization\",\"name\":\"Quotidien La Sentinelle\",\"url\":\"https:\\\/\\\/lasentinelle.dz\\\/\",\"logo\":{\"@type\":\"ImageObject\",\"inLanguage\":\"fr-FR\",\"@id\":\"https:\\\/\\\/lasentinelle.dz\\\/#\\\/schema\\\/logo\\\/image\\\/\",\"url\":\"https:\\\/\\\/lasentinelle.dz\\\/wp-content\\\/uploads\\\/2021\\\/09\\\/logo-sentinelleSLOGAN-1.png\",\"contentUrl\":\"https:\\\/\\\/lasentinelle.dz\\\/wp-content\\\/uploads\\\/2021\\\/09\\\/logo-sentinelleSLOGAN-1.png\",\"width\":615,\"height\":142,\"caption\":\"Quotidien La Sentinelle\"},\"image\":{\"@id\":\"https:\\\/\\\/lasentinelle.dz\\\/#\\\/schema\\\/logo\\\/image\\\/\"},\"sameAs\":[\"https:\\\/\\\/www.facebook.com\\\/La-Sentinelle-104059864394773\"]},{\"@type\":\"Person\",\"@id\":\"https:\\\/\\\/lasentinelle.dz\\\/#\\\/schema\\\/person\\\/729ee0024f24e0b8c5ec17232f8e8b41\",\"name\":\"admin\",\"image\":{\"@type\":\"ImageObject\",\"inLanguage\":\"fr-FR\",\"@id\":\"https:\\\/\\\/secure.gravatar.com\\\/avatar\\\/4c81fed838786e9b53f540bf46533e750f5d292099ae3b66cfc6fb1982e29df7?s=96&d=mm&r=g\",\"url\":\"https:\\\/\\\/secure.gravatar.com\\\/avatar\\\/4c81fed838786e9b53f540bf46533e750f5d292099ae3b66cfc6fb1982e29df7?s=96&d=mm&r=g\",\"contentUrl\":\"https:\\\/\\\/secure.gravatar.com\\\/avatar\\\/4c81fed838786e9b53f540bf46533e750f5d292099ae3b66cfc6fb1982e29df7?s=96&d=mm&r=g\",\"caption\":\"admin\"},\"description\":\"admin\",\"url\":\"https:\\\/\\\/lasentinelle.dz\\\/author\\\/admin\\\/\"}]}<\/script>\n<!-- \/ Yoast SEO plugin. -->","yoast_head_json":{"title":"Projet d\u2019extension du port d&rsquo;Annaba: Une jet\u00e9e brise-lames en cours de r\u00e9alisation - La Sentinelle","robots":{"index":"index","follow":"follow","max-snippet":"max-snippet:-1","max-image-preview":"max-image-preview:large","max-video-preview":"max-video-preview:-1"},"canonical":"https:\/\/lasentinelle.dz\/index.php\/2025\/04\/21\/projet-dextension-du-port-dannaba-une-jetee-brise-lames-en-cours-de-realisation\/","og_locale":"fr_FR","og_type":"article","og_title":"Projet d\u2019extension du port d&rsquo;Annaba: Une jet\u00e9e brise-lames en cours de r\u00e9alisation - La Sentinelle","og_description":"Huit mois apr\u00e8s le lancement du projet d\u2019extension du port marchand d\u2019Annaba, dont les travaux avancent \u00e0 une cadence tr\u00e8s","og_url":"https:\/\/lasentinelle.dz\/index.php\/2025\/04\/21\/projet-dextension-du-port-dannaba-une-jetee-brise-lames-en-cours-de-realisation\/","og_site_name":"La Sentinelle","article_publisher":"https:\/\/www.facebook.com\/La-Sentinelle-104059864394773","article_published_time":"2025-04-21T11:07:00+00:00","article_modified_time":"2025-04-21T11:27:55+00:00","og_image":[{"width":1200,"height":900,"url":"https:\/\/lasentinelle.dz\/wp-content\/uploads\/2022\/06\/port-dannaba.png","type":"image\/png"}],"author":"admin","twitter_card":"summary_large_image","twitter_misc":{"\u00c9crit par":"admin","Dur\u00e9e de lecture estim\u00e9e":"3 minutes"},"schema":{"@context":"https:\/\/schema.org","@graph":[{"@type":"Article","@id":"https:\/\/lasentinelle.dz\/index.php\/2025\/04\/21\/projet-dextension-du-port-dannaba-une-jetee-brise-lames-en-cours-de-realisation\/#article","isPartOf":{"@id":"https:\/\/lasentinelle.dz\/index.php\/2025\/04\/21\/projet-dextension-du-port-dannaba-une-jetee-brise-lames-en-cours-de-realisation\/"},"author":{"name":"admin","@id":"https:\/\/lasentinelle.dz\/#\/schema\/person\/729ee0024f24e0b8c5ec17232f8e8b41"},"headline":"Projet d\u2019extension du port d&rsquo;Annaba: Une jet\u00e9e brise-lames en cours de r\u00e9alisation","datePublished":"2025-04-21T11:07:00+00:00","dateModified":"2025-04-21T11:27:55+00:00","mainEntityOfPage":{"@id":"https:\/\/lasentinelle.dz\/index.php\/2025\/04\/21\/projet-dextension-du-port-dannaba-une-jetee-brise-lames-en-cours-de-realisation\/"},"wordCount":530,"commentCount":0,"publisher":{"@id":"https:\/\/lasentinelle.dz\/#organization"},"image":{"@id":"https:\/\/lasentinelle.dz\/index.php\/2025\/04\/21\/projet-dextension-du-port-dannaba-une-jetee-brise-lames-en-cours-de-realisation\/#primaryimage"},"thumbnailUrl":"https:\/\/lasentinelle.dz\/wp-content\/uploads\/2022\/06\/port-dannaba.png","articleSection":["Actualit\u00e9"],"inLanguage":"fr-FR","potentialAction":[{"@type":"CommentAction","name":"Comment","target":["https:\/\/lasentinelle.dz\/index.php\/2025\/04\/21\/projet-dextension-du-port-dannaba-une-jetee-brise-lames-en-cours-de-realisation\/#respond"]}]},{"@type":"WebPage","@id":"https:\/\/lasentinelle.dz\/index.php\/2025\/04\/21\/projet-dextension-du-port-dannaba-une-jetee-brise-lames-en-cours-de-realisation\/","url":"https:\/\/lasentinelle.dz\/index.php\/2025\/04\/21\/projet-dextension-du-port-dannaba-une-jetee-brise-lames-en-cours-de-realisation\/","name":"Projet d\u2019extension du port d&rsquo;Annaba: Une jet\u00e9e brise-lames en cours de r\u00e9alisation - La Sentinelle","isPartOf":{"@id":"https:\/\/lasentinelle.dz\/#website"},"primaryImageOfPage":{"@id":"https:\/\/lasentinelle.dz\/index.php\/2025\/04\/21\/projet-dextension-du-port-dannaba-une-jetee-brise-lames-en-cours-de-realisation\/#primaryimage"},"image":{"@id":"https:\/\/lasentinelle.dz\/index.php\/2025\/04\/21\/projet-dextension-du-port-dannaba-une-jetee-brise-lames-en-cours-de-realisation\/#primaryimage"},"thumbnailUrl":"https:\/\/lasentinelle.dz\/wp-content\/uploads\/2022\/06\/port-dannaba.png","datePublished":"2025-04-21T11:07:00+00:00","dateModified":"2025-04-21T11:27:55+00:00","breadcrumb":{"@id":"https:\/\/lasentinelle.dz\/index.php\/2025\/04\/21\/projet-dextension-du-port-dannaba-une-jetee-brise-lames-en-cours-de-realisation\/#breadcrumb"},"inLanguage":"fr-FR","potentialAction":[{"@type":"ReadAction","target":["https:\/\/lasentinelle.dz\/index.php\/2025\/04\/21\/projet-dextension-du-port-dannaba-une-jetee-brise-lames-en-cours-de-realisation\/"]}]},{"@type":"ImageObject","inLanguage":"fr-FR","@id":"https:\/\/lasentinelle.dz\/index.php\/2025\/04\/21\/projet-dextension-du-port-dannaba-une-jetee-brise-lames-en-cours-de-realisation\/#primaryimage","url":"https:\/\/lasentinelle.dz\/wp-content\/uploads\/2022\/06\/port-dannaba.png","contentUrl":"https:\/\/lasentinelle.dz\/wp-content\/uploads\/2022\/06\/port-dannaba.png","width":1200,"height":900},{"@type":"BreadcrumbList","@id":"https:\/\/lasentinelle.dz\/index.php\/2025\/04\/21\/projet-dextension-du-port-dannaba-une-jetee-brise-lames-en-cours-de-realisation\/#breadcrumb","itemListElement":[{"@type":"ListItem","position":1,"name":"Accueil","item":"https:\/\/lasentinelle.dz\/"},{"@type":"ListItem","position":2,"name":"Projet d\u2019extension du port d&rsquo;Annaba: Une jet\u00e9e brise-lames en cours de r\u00e9alisation"}]},{"@type":"WebSite","@id":"https:\/\/lasentinelle.dz\/#website","url":"https:\/\/lasentinelle.dz\/","name":"La Sentinelle","description":"Quotidien national d&#039;information","publisher":{"@id":"https:\/\/lasentinelle.dz\/#organization"},"potentialAction":[{"@type":"SearchAction","target":{"@type":"EntryPoint","urlTemplate":"https:\/\/lasentinelle.dz\/?s={search_term_string}"},"query-input":{"@type":"PropertyValueSpecification","valueRequired":true,"valueName":"search_term_string"}}],"inLanguage":"fr-FR"},{"@type":"Organization","@id":"https:\/\/lasentinelle.dz\/#organization","name":"Quotidien La Sentinelle","url":"https:\/\/lasentinelle.dz\/","logo":{"@type":"ImageObject","inLanguage":"fr-FR","@id":"https:\/\/lasentinelle.dz\/#\/schema\/logo\/image\/","url":"https:\/\/lasentinelle.dz\/wp-content\/uploads\/2021\/09\/logo-sentinelleSLOGAN-1.png","contentUrl":"https:\/\/lasentinelle.dz\/wp-content\/uploads\/2021\/09\/logo-sentinelleSLOGAN-1.png","width":615,"height":142,"caption":"Quotidien La Sentinelle"},"image":{"@id":"https:\/\/lasentinelle.dz\/#\/schema\/logo\/image\/"},"sameAs":["https:\/\/www.facebook.com\/La-Sentinelle-104059864394773"]},{"@type":"Person","@id":"https:\/\/lasentinelle.dz\/#\/schema\/person\/729ee0024f24e0b8c5ec17232f8e8b41","name":"admin","image":{"@type":"ImageObject","inLanguage":"fr-FR","@id":"https:\/\/secure.gravatar.com\/avatar\/4c81fed838786e9b53f540bf46533e750f5d292099ae3b66cfc6fb1982e29df7?s=96&d=mm&r=g","url":"https:\/\/secure.gravatar.com\/avatar\/4c81fed838786e9b53f540bf46533e750f5d292099ae3b66cfc6fb1982e29df7?s=96&d=mm&r=g","contentUrl":"https:\/\/secure.gravatar.com\/avatar\/4c81fed838786e9b53f540bf46533e750f5d292099ae3b66cfc6fb1982e29df7?s=96&d=mm&r=g","caption":"admin"},"description":"admin","url":"https:\/\/lasentinelle.dz\/author\/admin\/"}]}},"_links":{"self":[{"href":"https:\/\/lasentinelle.dz\/index.php\/wp-json\/wp\/v2\/posts\/66073","targetHints":{"allow":["GET"]}}],"collection":[{"href":"https:\/\/lasentinelle.dz\/index.php\/wp-json\/wp\/v2\/posts"}],"about":[{"href":"https:\/\/lasentinelle.dz\/index.php\/wp-json\/wp\/v2\/types\/post"}],"author":[{"embeddable":true,"href":"https:\/\/lasentinelle.dz\/index.php\/wp-json\/wp\/v2\/users\/6"}],"replies":[{"embeddable":true,"href":"https:\/\/lasentinelle.dz\/index.php\/wp-json\/wp\/v2\/comments?post=66073"}],"version-history":[{"count":2,"href":"https:\/\/lasentinelle.dz\/index.php\/wp-json\/wp\/v2\/posts\/66073\/revisions"}],"predecessor-version":[{"id":66075,"href":"https:\/\/lasentinelle.dz\/index.php\/wp-json\/wp\/v2\/posts\/66073\/revisions\/66075"}],"wp:featuredmedia":[{"embeddable":true,"href":"https:\/\/lasentinelle.dz\/index.php\/wp-json\/wp\/v2\/media\/22266"}],"wp:attachment":[{"href":"https:\/\/lasentinelle.dz\/index.php\/wp-json\/wp\/v2\/media?parent=66073"}],"wp:term":[{"taxonomy":"category","embeddable":true,"href":"https:\/\/lasentinelle.dz\/index.php\/wp-json\/wp\/v2\/categories?post=66073"},{"taxonomy":"post_tag","embeddable":true,"href":"https:\/\/lasentinelle.dz\/index.php\/wp-json\/wp\/v2\/tags?post=66073"}],"curies":[{"name":"wp","href":"https:\/\/api.w.org\/{rel}","templated":true}]}}