{"id":66116,"date":"2025-04-22T12:32:54","date_gmt":"2025-04-22T11:32:54","guid":{"rendered":"https:\/\/lasentinelle.dz\/?p=66116"},"modified":"2025-04-22T12:32:55","modified_gmt":"2025-04-22T11:32:55","slug":"la-communaute-internationale-est-dans-lobligation-de-proteger-le-peuple-sahraoui","status":"publish","type":"post","link":"https:\/\/lasentinelle.dz\/index.php\/2025\/04\/22\/la-communaute-internationale-est-dans-lobligation-de-proteger-le-peuple-sahraoui\/","title":{"rendered":"La communaut\u00e9 internationale est dans l\u2019obligation de prot\u00e9ger le peuple sahraoui"},"content":{"rendered":"\n<p>L\u2019occupation marocaine repr\u00e9sente une pr\u00e9occupation de dimension mondiale qui implique l\u2019intervention de la communaut\u00e9 internationale en vue de prot\u00e9ger le peuple sahraoui, a affirm\u00e9 Veronica Mente, membre du Parlement sud-africain. Dans une tribune publi\u00e9e dans la presse, Mente, d\u00e9put\u00e9e du parti des Combattants pour la libert\u00e9 \u00e9conomique (EFF) a assur\u00e9 que l\u2019occupation du Sahara occidental n\u2019est pas seulement un probl\u00e8me r\u00e9gional, c\u2019est une pr\u00e9occupation mondiale. La communaut\u00e9 internationale a la responsabilit\u00e9 de faire respecter le droit international et de prot\u00e9ger les droits du peuple sahraoui, a-t-elle soutenu. L\u2019occupation continue du Sahara occidental par le Maroc constitue une violation flagrante et durable du droit international, un m\u00e9pris flagrant des droits humains et une profonde trahison des principes fondateurs de l\u2019Union africaine. Cette injustice, dira-t-elle, exige une r\u00e9ponse d\u00e9cisive de la communaut\u00e9 internationale. Dans les territoires occup\u00e9s, la population sahraouie est confront\u00e9e \u00e0 des violations syst\u00e9matiques des droits humains. Les rapports des organisations internationales font \u00e9tat de restrictions \u00e0 la libert\u00e9 d\u2019expression et de r\u00e9union, d\u2019arrestations et de d\u00e9tentions arbitraires, et de tortures, a-t-elle signal\u00e9. Mente a rappel\u00e9, par ailleurs, que les autorit\u00e9s marocaines contr\u00f4laient \u00e9troitement l\u2019information, ce qui complique la t\u00e2che des observateurs ind\u00e9pendants pour documenter l\u2019ampleur de la r\u00e9pression, pr\u00e9cisant que ce climat de peur et d\u2019intimidation visait \u00e0 museler le peuple sahraoui et \u00e0 perp\u00e9tuer l\u2019occupation. Elle a estim\u00e9, en outre, que la dimension \u00e9conomique du conflit complique encore plus la situation au Sahara occidental. La d\u00e9put\u00e9e a rappel\u00e9, \u00e0 ce propos, que le Maroc a investi massivement dans l\u2019exploitation des ressources naturelles du Sahara occidental, notamment le phosphate et les ressources halieutiques, notant que ces ressources, qui appartiennent au peuple sahraoui, sont utilis\u00e9es pour soutenir l\u2019\u00e9conomie marocaine et consolider l\u2019occupation. Cette exploitation \u00e9conomique ajoute une nouvelle injustice au conflit et souligne la n\u00e9cessit\u00e9 d\u2019une pression internationale pour que le Maroc rende des comptes.<\/p>\n\n\n\n<p>APS<\/p>\n","protected":false},"excerpt":{"rendered":"<p>L\u2019occupation marocaine repr\u00e9sente une pr\u00e9occupation de dimension mondiale qui implique l\u2019intervention de la communaut\u00e9 internationale en vue de prot\u00e9ger le<\/p>\n","protected":false},"author":6,"featured_media":57408,"comment_status":"open","ping_status":"closed","sticky":false,"template":"","format":"standard","meta":{"colormag_page_container_layout":"default_layout","colormag_page_sidebar_layout":"default_layout","om_disable_all_campaigns":false,"_monsterinsights_skip_tracking":false,"_monsterinsights_sitenote_active":false,"_monsterinsights_sitenote_note":"","_monsterinsights_sitenote_category":0,"footnotes":"","_wpscppro_dont_share_socialmedia":false,"_wpscppro_custom_social_share_image":0,"_facebook_share_type":"default","_twitter_share_type":"default","_linkedin_share_type":"default","_pinterest_share_type":"default","_linkedin_share_type_page":"","_instagram_share_type":"default","_medium_share_type":"default","_threads_share_type":"","_google_business_share_type":"","_selected_social_profile":[],"_wpsp_enable_custom_social_template":false,"_wpsp_social_scheduling":{"enabled":false,"datetime":null,"platforms":[],"status":"template_only","dateOption":"today","timeOption":"now","customDays":"","customHours":"","customDate":"","customTime":"","schedulingType":"absolute"},"_wpsp_active_default_template":true},"categories":[37],"tags":[],"class_list":["post-66116","post","type-post","status-publish","format-standard","has-post-thumbnail","hentry","category-monde"],"aioseo_notices":[],"yoast_head":"<!-- This site is optimized with the Yoast SEO plugin v27.5 - https:\/\/yoast.com\/product\/yoast-seo-wordpress\/ -->\n<title>La communaut\u00e9 internationale est dans l\u2019obligation de prot\u00e9ger le peuple sahraoui - La Sentinelle<\/title>\n<meta name=\"robots\" content=\"index, follow, max-snippet:-1, max-image-preview:large, max-video-preview:-1\" \/>\n<link rel=\"canonical\" href=\"https:\/\/lasentinelle.dz\/index.php\/2025\/04\/22\/la-communaute-internationale-est-dans-lobligation-de-proteger-le-peuple-sahraoui\/\" \/>\n<meta property=\"og:locale\" content=\"fr_FR\" \/>\n<meta property=\"og:type\" content=\"article\" \/>\n<meta property=\"og:title\" content=\"La communaut\u00e9 internationale est dans l\u2019obligation de prot\u00e9ger le peuple sahraoui - La Sentinelle\" \/>\n<meta property=\"og:description\" content=\"L\u2019occupation marocaine repr\u00e9sente une pr\u00e9occupation de dimension mondiale qui implique l\u2019intervention de la communaut\u00e9 internationale en vue de prot\u00e9ger le\" \/>\n<meta property=\"og:url\" content=\"https:\/\/lasentinelle.dz\/index.php\/2025\/04\/22\/la-communaute-internationale-est-dans-lobligation-de-proteger-le-peuple-sahraoui\/\" \/>\n<meta property=\"og:site_name\" content=\"La Sentinelle\" \/>\n<meta property=\"article:publisher\" content=\"https:\/\/www.facebook.com\/La-Sentinelle-104059864394773\" \/>\n<meta property=\"article:published_time\" content=\"2025-04-22T11:32:54+00:00\" \/>\n<meta property=\"article:modified_time\" content=\"2025-04-22T11:32:55+00:00\" \/>\n<meta property=\"og:image\" content=\"https:\/\/lasentinelle.dz\/wp-content\/uploads\/2024\/09\/sahara-occidental.jpg\" \/>\n\t<meta property=\"og:image:width\" content=\"580\" \/>\n\t<meta property=\"og:image:height\" content=\"350\" \/>\n\t<meta property=\"og:image:type\" content=\"image\/jpeg\" \/>\n<meta name=\"author\" content=\"admin\" \/>\n<meta name=\"twitter:card\" content=\"summary_large_image\" \/>\n<meta name=\"twitter:label1\" content=\"\u00c9crit par\" \/>\n\t<meta name=\"twitter:data1\" content=\"admin\" \/>\n\t<meta name=\"twitter:label2\" content=\"Dur\u00e9e de lecture estim\u00e9e\" \/>\n\t<meta name=\"twitter:data2\" content=\"2 minutes\" \/>\n<script type=\"application\/ld+json\" class=\"yoast-schema-graph\">{\"@context\":\"https:\\\/\\\/schema.org\",\"@graph\":[{\"@type\":\"Article\",\"@id\":\"https:\\\/\\\/lasentinelle.dz\\\/index.php\\\/2025\\\/04\\\/22\\\/la-communaute-internationale-est-dans-lobligation-de-proteger-le-peuple-sahraoui\\\/#article\",\"isPartOf\":{\"@id\":\"https:\\\/\\\/lasentinelle.dz\\\/index.php\\\/2025\\\/04\\\/22\\\/la-communaute-internationale-est-dans-lobligation-de-proteger-le-peuple-sahraoui\\\/\"},\"author\":{\"name\":\"admin\",\"@id\":\"https:\\\/\\\/lasentinelle.dz\\\/#\\\/schema\\\/person\\\/729ee0024f24e0b8c5ec17232f8e8b41\"},\"headline\":\"La communaut\u00e9 internationale est dans l\u2019obligation de prot\u00e9ger le peuple sahraoui\",\"datePublished\":\"2025-04-22T11:32:54+00:00\",\"dateModified\":\"2025-04-22T11:32:55+00:00\",\"mainEntityOfPage\":{\"@id\":\"https:\\\/\\\/lasentinelle.dz\\\/index.php\\\/2025\\\/04\\\/22\\\/la-communaute-internationale-est-dans-lobligation-de-proteger-le-peuple-sahraoui\\\/\"},\"wordCount\":360,\"commentCount\":0,\"publisher\":{\"@id\":\"https:\\\/\\\/lasentinelle.dz\\\/#organization\"},\"image\":{\"@id\":\"https:\\\/\\\/lasentinelle.dz\\\/index.php\\\/2025\\\/04\\\/22\\\/la-communaute-internationale-est-dans-lobligation-de-proteger-le-peuple-sahraoui\\\/#primaryimage\"},\"thumbnailUrl\":\"https:\\\/\\\/lasentinelle.dz\\\/wp-content\\\/uploads\\\/2024\\\/09\\\/sahara-occidental.jpg\",\"articleSection\":[\"Monde\"],\"inLanguage\":\"fr-FR\",\"potentialAction\":[{\"@type\":\"CommentAction\",\"name\":\"Comment\",\"target\":[\"https:\\\/\\\/lasentinelle.dz\\\/index.php\\\/2025\\\/04\\\/22\\\/la-communaute-internationale-est-dans-lobligation-de-proteger-le-peuple-sahraoui\\\/#respond\"]}]},{\"@type\":\"WebPage\",\"@id\":\"https:\\\/\\\/lasentinelle.dz\\\/index.php\\\/2025\\\/04\\\/22\\\/la-communaute-internationale-est-dans-lobligation-de-proteger-le-peuple-sahraoui\\\/\",\"url\":\"https:\\\/\\\/lasentinelle.dz\\\/index.php\\\/2025\\\/04\\\/22\\\/la-communaute-internationale-est-dans-lobligation-de-proteger-le-peuple-sahraoui\\\/\",\"name\":\"La communaut\u00e9 internationale est dans l\u2019obligation de prot\u00e9ger le peuple sahraoui - La Sentinelle\",\"isPartOf\":{\"@id\":\"https:\\\/\\\/lasentinelle.dz\\\/#website\"},\"primaryImageOfPage\":{\"@id\":\"https:\\\/\\\/lasentinelle.dz\\\/index.php\\\/2025\\\/04\\\/22\\\/la-communaute-internationale-est-dans-lobligation-de-proteger-le-peuple-sahraoui\\\/#primaryimage\"},\"image\":{\"@id\":\"https:\\\/\\\/lasentinelle.dz\\\/index.php\\\/2025\\\/04\\\/22\\\/la-communaute-internationale-est-dans-lobligation-de-proteger-le-peuple-sahraoui\\\/#primaryimage\"},\"thumbnailUrl\":\"https:\\\/\\\/lasentinelle.dz\\\/wp-content\\\/uploads\\\/2024\\\/09\\\/sahara-occidental.jpg\",\"datePublished\":\"2025-04-22T11:32:54+00:00\",\"dateModified\":\"2025-04-22T11:32:55+00:00\",\"breadcrumb\":{\"@id\":\"https:\\\/\\\/lasentinelle.dz\\\/index.php\\\/2025\\\/04\\\/22\\\/la-communaute-internationale-est-dans-lobligation-de-proteger-le-peuple-sahraoui\\\/#breadcrumb\"},\"inLanguage\":\"fr-FR\",\"potentialAction\":[{\"@type\":\"ReadAction\",\"target\":[\"https:\\\/\\\/lasentinelle.dz\\\/index.php\\\/2025\\\/04\\\/22\\\/la-communaute-internationale-est-dans-lobligation-de-proteger-le-peuple-sahraoui\\\/\"]}]},{\"@type\":\"ImageObject\",\"inLanguage\":\"fr-FR\",\"@id\":\"https:\\\/\\\/lasentinelle.dz\\\/index.php\\\/2025\\\/04\\\/22\\\/la-communaute-internationale-est-dans-lobligation-de-proteger-le-peuple-sahraoui\\\/#primaryimage\",\"url\":\"https:\\\/\\\/lasentinelle.dz\\\/wp-content\\\/uploads\\\/2024\\\/09\\\/sahara-occidental.jpg\",\"contentUrl\":\"https:\\\/\\\/lasentinelle.dz\\\/wp-content\\\/uploads\\\/2024\\\/09\\\/sahara-occidental.jpg\",\"width\":580,\"height\":350},{\"@type\":\"BreadcrumbList\",\"@id\":\"https:\\\/\\\/lasentinelle.dz\\\/index.php\\\/2025\\\/04\\\/22\\\/la-communaute-internationale-est-dans-lobligation-de-proteger-le-peuple-sahraoui\\\/#breadcrumb\",\"itemListElement\":[{\"@type\":\"ListItem\",\"position\":1,\"name\":\"Accueil\",\"item\":\"https:\\\/\\\/lasentinelle.dz\\\/\"},{\"@type\":\"ListItem\",\"position\":2,\"name\":\"La communaut\u00e9 internationale est dans l\u2019obligation de prot\u00e9ger le peuple sahraoui\"}]},{\"@type\":\"WebSite\",\"@id\":\"https:\\\/\\\/lasentinelle.dz\\\/#website\",\"url\":\"https:\\\/\\\/lasentinelle.dz\\\/\",\"name\":\"La Sentinelle\",\"description\":\"Quotidien national d&#039;information\",\"publisher\":{\"@id\":\"https:\\\/\\\/lasentinelle.dz\\\/#organization\"},\"potentialAction\":[{\"@type\":\"SearchAction\",\"target\":{\"@type\":\"EntryPoint\",\"urlTemplate\":\"https:\\\/\\\/lasentinelle.dz\\\/?s={search_term_string}\"},\"query-input\":{\"@type\":\"PropertyValueSpecification\",\"valueRequired\":true,\"valueName\":\"search_term_string\"}}],\"inLanguage\":\"fr-FR\"},{\"@type\":\"Organization\",\"@id\":\"https:\\\/\\\/lasentinelle.dz\\\/#organization\",\"name\":\"Quotidien La Sentinelle\",\"url\":\"https:\\\/\\\/lasentinelle.dz\\\/\",\"logo\":{\"@type\":\"ImageObject\",\"inLanguage\":\"fr-FR\",\"@id\":\"https:\\\/\\\/lasentinelle.dz\\\/#\\\/schema\\\/logo\\\/image\\\/\",\"url\":\"https:\\\/\\\/lasentinelle.dz\\\/wp-content\\\/uploads\\\/2021\\\/09\\\/logo-sentinelleSLOGAN-1.png\",\"contentUrl\":\"https:\\\/\\\/lasentinelle.dz\\\/wp-content\\\/uploads\\\/2021\\\/09\\\/logo-sentinelleSLOGAN-1.png\",\"width\":615,\"height\":142,\"caption\":\"Quotidien La Sentinelle\"},\"image\":{\"@id\":\"https:\\\/\\\/lasentinelle.dz\\\/#\\\/schema\\\/logo\\\/image\\\/\"},\"sameAs\":[\"https:\\\/\\\/www.facebook.com\\\/La-Sentinelle-104059864394773\"]},{\"@type\":\"Person\",\"@id\":\"https:\\\/\\\/lasentinelle.dz\\\/#\\\/schema\\\/person\\\/729ee0024f24e0b8c5ec17232f8e8b41\",\"name\":\"admin\",\"image\":{\"@type\":\"ImageObject\",\"inLanguage\":\"fr-FR\",\"@id\":\"https:\\\/\\\/secure.gravatar.com\\\/avatar\\\/4c81fed838786e9b53f540bf46533e750f5d292099ae3b66cfc6fb1982e29df7?s=96&d=mm&r=g\",\"url\":\"https:\\\/\\\/secure.gravatar.com\\\/avatar\\\/4c81fed838786e9b53f540bf46533e750f5d292099ae3b66cfc6fb1982e29df7?s=96&d=mm&r=g\",\"contentUrl\":\"https:\\\/\\\/secure.gravatar.com\\\/avatar\\\/4c81fed838786e9b53f540bf46533e750f5d292099ae3b66cfc6fb1982e29df7?s=96&d=mm&r=g\",\"caption\":\"admin\"},\"description\":\"admin\",\"url\":\"https:\\\/\\\/lasentinelle.dz\\\/author\\\/admin\\\/\"}]}<\/script>\n<!-- \/ Yoast SEO plugin. -->","yoast_head_json":{"title":"La communaut\u00e9 internationale est dans l\u2019obligation de prot\u00e9ger le peuple sahraoui - La Sentinelle","robots":{"index":"index","follow":"follow","max-snippet":"max-snippet:-1","max-image-preview":"max-image-preview:large","max-video-preview":"max-video-preview:-1"},"canonical":"https:\/\/lasentinelle.dz\/index.php\/2025\/04\/22\/la-communaute-internationale-est-dans-lobligation-de-proteger-le-peuple-sahraoui\/","og_locale":"fr_FR","og_type":"article","og_title":"La communaut\u00e9 internationale est dans l\u2019obligation de prot\u00e9ger le peuple sahraoui - La Sentinelle","og_description":"L\u2019occupation marocaine repr\u00e9sente une pr\u00e9occupation de dimension mondiale qui implique l\u2019intervention de la communaut\u00e9 internationale en vue de prot\u00e9ger le","og_url":"https:\/\/lasentinelle.dz\/index.php\/2025\/04\/22\/la-communaute-internationale-est-dans-lobligation-de-proteger-le-peuple-sahraoui\/","og_site_name":"La Sentinelle","article_publisher":"https:\/\/www.facebook.com\/La-Sentinelle-104059864394773","article_published_time":"2025-04-22T11:32:54+00:00","article_modified_time":"2025-04-22T11:32:55+00:00","og_image":[{"width":580,"height":350,"url":"https:\/\/lasentinelle.dz\/wp-content\/uploads\/2024\/09\/sahara-occidental.jpg","type":"image\/jpeg"}],"author":"admin","twitter_card":"summary_large_image","twitter_misc":{"\u00c9crit par":"admin","Dur\u00e9e de lecture estim\u00e9e":"2 minutes"},"schema":{"@context":"https:\/\/schema.org","@graph":[{"@type":"Article","@id":"https:\/\/lasentinelle.dz\/index.php\/2025\/04\/22\/la-communaute-internationale-est-dans-lobligation-de-proteger-le-peuple-sahraoui\/#article","isPartOf":{"@id":"https:\/\/lasentinelle.dz\/index.php\/2025\/04\/22\/la-communaute-internationale-est-dans-lobligation-de-proteger-le-peuple-sahraoui\/"},"author":{"name":"admin","@id":"https:\/\/lasentinelle.dz\/#\/schema\/person\/729ee0024f24e0b8c5ec17232f8e8b41"},"headline":"La communaut\u00e9 internationale est dans l\u2019obligation de prot\u00e9ger le peuple sahraoui","datePublished":"2025-04-22T11:32:54+00:00","dateModified":"2025-04-22T11:32:55+00:00","mainEntityOfPage":{"@id":"https:\/\/lasentinelle.dz\/index.php\/2025\/04\/22\/la-communaute-internationale-est-dans-lobligation-de-proteger-le-peuple-sahraoui\/"},"wordCount":360,"commentCount":0,"publisher":{"@id":"https:\/\/lasentinelle.dz\/#organization"},"image":{"@id":"https:\/\/lasentinelle.dz\/index.php\/2025\/04\/22\/la-communaute-internationale-est-dans-lobligation-de-proteger-le-peuple-sahraoui\/#primaryimage"},"thumbnailUrl":"https:\/\/lasentinelle.dz\/wp-content\/uploads\/2024\/09\/sahara-occidental.jpg","articleSection":["Monde"],"inLanguage":"fr-FR","potentialAction":[{"@type":"CommentAction","name":"Comment","target":["https:\/\/lasentinelle.dz\/index.php\/2025\/04\/22\/la-communaute-internationale-est-dans-lobligation-de-proteger-le-peuple-sahraoui\/#respond"]}]},{"@type":"WebPage","@id":"https:\/\/lasentinelle.dz\/index.php\/2025\/04\/22\/la-communaute-internationale-est-dans-lobligation-de-proteger-le-peuple-sahraoui\/","url":"https:\/\/lasentinelle.dz\/index.php\/2025\/04\/22\/la-communaute-internationale-est-dans-lobligation-de-proteger-le-peuple-sahraoui\/","name":"La communaut\u00e9 internationale est dans l\u2019obligation de prot\u00e9ger le peuple sahraoui - La Sentinelle","isPartOf":{"@id":"https:\/\/lasentinelle.dz\/#website"},"primaryImageOfPage":{"@id":"https:\/\/lasentinelle.dz\/index.php\/2025\/04\/22\/la-communaute-internationale-est-dans-lobligation-de-proteger-le-peuple-sahraoui\/#primaryimage"},"image":{"@id":"https:\/\/lasentinelle.dz\/index.php\/2025\/04\/22\/la-communaute-internationale-est-dans-lobligation-de-proteger-le-peuple-sahraoui\/#primaryimage"},"thumbnailUrl":"https:\/\/lasentinelle.dz\/wp-content\/uploads\/2024\/09\/sahara-occidental.jpg","datePublished":"2025-04-22T11:32:54+00:00","dateModified":"2025-04-22T11:32:55+00:00","breadcrumb":{"@id":"https:\/\/lasentinelle.dz\/index.php\/2025\/04\/22\/la-communaute-internationale-est-dans-lobligation-de-proteger-le-peuple-sahraoui\/#breadcrumb"},"inLanguage":"fr-FR","potentialAction":[{"@type":"ReadAction","target":["https:\/\/lasentinelle.dz\/index.php\/2025\/04\/22\/la-communaute-internationale-est-dans-lobligation-de-proteger-le-peuple-sahraoui\/"]}]},{"@type":"ImageObject","inLanguage":"fr-FR","@id":"https:\/\/lasentinelle.dz\/index.php\/2025\/04\/22\/la-communaute-internationale-est-dans-lobligation-de-proteger-le-peuple-sahraoui\/#primaryimage","url":"https:\/\/lasentinelle.dz\/wp-content\/uploads\/2024\/09\/sahara-occidental.jpg","contentUrl":"https:\/\/lasentinelle.dz\/wp-content\/uploads\/2024\/09\/sahara-occidental.jpg","width":580,"height":350},{"@type":"BreadcrumbList","@id":"https:\/\/lasentinelle.dz\/index.php\/2025\/04\/22\/la-communaute-internationale-est-dans-lobligation-de-proteger-le-peuple-sahraoui\/#breadcrumb","itemListElement":[{"@type":"ListItem","position":1,"name":"Accueil","item":"https:\/\/lasentinelle.dz\/"},{"@type":"ListItem","position":2,"name":"La communaut\u00e9 internationale est dans l\u2019obligation de prot\u00e9ger le peuple sahraoui"}]},{"@type":"WebSite","@id":"https:\/\/lasentinelle.dz\/#website","url":"https:\/\/lasentinelle.dz\/","name":"La Sentinelle","description":"Quotidien national d&#039;information","publisher":{"@id":"https:\/\/lasentinelle.dz\/#organization"},"potentialAction":[{"@type":"SearchAction","target":{"@type":"EntryPoint","urlTemplate":"https:\/\/lasentinelle.dz\/?s={search_term_string}"},"query-input":{"@type":"PropertyValueSpecification","valueRequired":true,"valueName":"search_term_string"}}],"inLanguage":"fr-FR"},{"@type":"Organization","@id":"https:\/\/lasentinelle.dz\/#organization","name":"Quotidien La Sentinelle","url":"https:\/\/lasentinelle.dz\/","logo":{"@type":"ImageObject","inLanguage":"fr-FR","@id":"https:\/\/lasentinelle.dz\/#\/schema\/logo\/image\/","url":"https:\/\/lasentinelle.dz\/wp-content\/uploads\/2021\/09\/logo-sentinelleSLOGAN-1.png","contentUrl":"https:\/\/lasentinelle.dz\/wp-content\/uploads\/2021\/09\/logo-sentinelleSLOGAN-1.png","width":615,"height":142,"caption":"Quotidien La Sentinelle"},"image":{"@id":"https:\/\/lasentinelle.dz\/#\/schema\/logo\/image\/"},"sameAs":["https:\/\/www.facebook.com\/La-Sentinelle-104059864394773"]},{"@type":"Person","@id":"https:\/\/lasentinelle.dz\/#\/schema\/person\/729ee0024f24e0b8c5ec17232f8e8b41","name":"admin","image":{"@type":"ImageObject","inLanguage":"fr-FR","@id":"https:\/\/secure.gravatar.com\/avatar\/4c81fed838786e9b53f540bf46533e750f5d292099ae3b66cfc6fb1982e29df7?s=96&d=mm&r=g","url":"https:\/\/secure.gravatar.com\/avatar\/4c81fed838786e9b53f540bf46533e750f5d292099ae3b66cfc6fb1982e29df7?s=96&d=mm&r=g","contentUrl":"https:\/\/secure.gravatar.com\/avatar\/4c81fed838786e9b53f540bf46533e750f5d292099ae3b66cfc6fb1982e29df7?s=96&d=mm&r=g","caption":"admin"},"description":"admin","url":"https:\/\/lasentinelle.dz\/author\/admin\/"}]}},"_links":{"self":[{"href":"https:\/\/lasentinelle.dz\/index.php\/wp-json\/wp\/v2\/posts\/66116","targetHints":{"allow":["GET"]}}],"collection":[{"href":"https:\/\/lasentinelle.dz\/index.php\/wp-json\/wp\/v2\/posts"}],"about":[{"href":"https:\/\/lasentinelle.dz\/index.php\/wp-json\/wp\/v2\/types\/post"}],"author":[{"embeddable":true,"href":"https:\/\/lasentinelle.dz\/index.php\/wp-json\/wp\/v2\/users\/6"}],"replies":[{"embeddable":true,"href":"https:\/\/lasentinelle.dz\/index.php\/wp-json\/wp\/v2\/comments?post=66116"}],"version-history":[{"count":1,"href":"https:\/\/lasentinelle.dz\/index.php\/wp-json\/wp\/v2\/posts\/66116\/revisions"}],"predecessor-version":[{"id":66117,"href":"https:\/\/lasentinelle.dz\/index.php\/wp-json\/wp\/v2\/posts\/66116\/revisions\/66117"}],"wp:featuredmedia":[{"embeddable":true,"href":"https:\/\/lasentinelle.dz\/index.php\/wp-json\/wp\/v2\/media\/57408"}],"wp:attachment":[{"href":"https:\/\/lasentinelle.dz\/index.php\/wp-json\/wp\/v2\/media?parent=66116"}],"wp:term":[{"taxonomy":"category","embeddable":true,"href":"https:\/\/lasentinelle.dz\/index.php\/wp-json\/wp\/v2\/categories?post=66116"},{"taxonomy":"post_tag","embeddable":true,"href":"https:\/\/lasentinelle.dz\/index.php\/wp-json\/wp\/v2\/tags?post=66116"}],"curies":[{"name":"wp","href":"https:\/\/api.w.org\/{rel}","templated":true}]}}