{"id":66127,"date":"2025-04-22T12:36:29","date_gmt":"2025-04-22T11:36:29","guid":{"rendered":"https:\/\/lasentinelle.dz\/?p=66127"},"modified":"2025-04-22T12:36:30","modified_gmt":"2025-04-22T11:36:30","slug":"adrar-le-role-des-assurances-dans-linvestissement-agricole-en-debat","status":"publish","type":"post","link":"https:\/\/lasentinelle.dz\/index.php\/2025\/04\/22\/adrar-le-role-des-assurances-dans-linvestissement-agricole-en-debat\/","title":{"rendered":"Adrar : Le r\u00f4le des assurances dans l&rsquo;investissement agricole en d\u00e9bat"},"content":{"rendered":"\n<p>Le r\u00f4le crucial de l&rsquo;assurance dans l&rsquo;accompagnement de l&rsquo;investissement agricole a \u00e9t\u00e9 au c\u0153ur des discussions lors d&rsquo;une rencontre r\u00e9gionale organis\u00e9e dimanche \u00e0 Adrar par la Caisse nationale de mutualit\u00e9 agricole (CNMA). Cette rencontre, intitul\u00e9e \u00ab\u00a0Protection et d\u00e9veloppement durable de la fili\u00e8re c\u00e9r\u00e9ali\u00e8re : d\u00e9fis et m\u00e9canismes d&rsquo;action\u00a0\u00bb, a r\u00e9uni des agriculteurs et op\u00e9rateurs \u00e9conomiques du secteur agricole des wilayas du Grand-Sud, ainsi que des repr\u00e9sentants des dispositifs d&rsquo;accompagnement. Les participants ont vivement recommand\u00e9 aux producteurs d&rsquo;adh\u00e9rer strictement aux itin\u00e9raires techniques afin de prot\u00e9ger et d&rsquo;optimiser le rendement des c\u00e9r\u00e9ales. Selon les organisateurs, cet \u00e9v\u00e9nement vise principalement \u00e0 sensibiliser les investisseurs agricoles sur l&rsquo;importance de l&rsquo;assurance agricole et les m\u00e9canismes d&rsquo;appui disponibles pour atteindre l&rsquo;objectif national de s\u00e9curit\u00e9 alimentaire. \u00ab\u00a0Notre ambition est de r\u00e9duire les risques li\u00e9s aux changements climatiques et leurs impacts \u00e9conomiques, tout en am\u00e9liorant la gestion des risques agricoles pour accro\u00eetre la production\u00a0\u00bb, ont-ils pr\u00e9cis\u00e9. Plusieurs communications enrichissantes ont ponctu\u00e9 cette rencontre, abordant notamment les perspectives prometteuses de l&rsquo;activit\u00e9 agricole en Alg\u00e9rie, les divers moyens de soutien destin\u00e9s aux porteurs de projets innovants, ainsi que la contribution technologique de l&rsquo;Agence spatiale alg\u00e9rienne (ASAL) au d\u00e9veloppement du secteur agricole. Un moment fort de la c\u00e9r\u00e9monie d&rsquo;ouverture, qui s&rsquo;est d\u00e9roul\u00e9e en pr\u00e9sence du directeur g\u00e9n\u00e9ral de la CNMA, a \u00e9t\u00e9 la signature d&rsquo;une convention de partenariat strat\u00e9gique entre la CNMA et l&rsquo;\u00c9cole sup\u00e9rieure de l&rsquo;agronomie saharienne d&rsquo;Adrar. Cet accord ambitieux a pour objectif, selon les responsables, \u00ab\u00a0de promouvoir la recherche, la gestion, la pr\u00e9vention et la formation dans le domaine des risques climatiques\u00a0\u00bb. Dans son intervention, le directeur de l&rsquo;antenne r\u00e9gionale de la CNMA \u00e0 Ouargla, Djelloul Zabat, a soulign\u00e9 que \u00ab\u00a0l&rsquo;engagement des hautes autorit\u00e9s du pays en faveur de l&rsquo;augmentation de la production c\u00e9r\u00e9ali\u00e8re, notamment celle du bl\u00e9, a incit\u00e9 la CNMA \u00e0 s&rsquo;impliquer davantage dans cette d\u00e9marche \u00e0 travers l&rsquo;organisation de telles rencontres visant \u00e0 sensibiliser les investisseurs agricoles\u00a0\u00bb. Les agriculteurs pr\u00e9sents ont saisi cette opportunit\u00e9 pour exprimer leurs pr\u00e9occupations concernant les avantages propos\u00e9s pour promouvoir la culture de l&rsquo;assurance dans le secteur. Ils ont particuli\u00e8rement insist\u00e9 sur \u00ab\u00a0la n\u00e9cessit\u00e9 d&rsquo;ajouter le gel, ph\u00e9nom\u00e8ne m\u00e9t\u00e9orologique mena\u00e7ant les cultures locales, dans la liste des risques couverts par l&rsquo;assurance agricole\u00a0\u00bb, une demande qui refl\u00e8te les d\u00e9fis sp\u00e9cifiques auxquels sont confront\u00e9s les exploitants agricoles dans cette r\u00e9gion caract\u00e9ris\u00e9e par des conditions climatiques parfois extr\u00eames. Cette rencontre s&rsquo;inscrit dans le cadre des efforts continus d\u00e9ploy\u00e9s par la CNMA pour accompagner le d\u00e9veloppement du secteur agricole en Alg\u00e9rie, particuli\u00e8rement dans les r\u00e9gions sahariennes qui repr\u00e9sentent un potentiel consid\u00e9rable pour l&rsquo;extension des surfaces cultivables et la diversification de la production nationale.<\/p>\n\n\n\n<p>R.R.<\/p>\n","protected":false},"excerpt":{"rendered":"<p>Le r\u00f4le crucial de l&rsquo;assurance dans l&rsquo;accompagnement de l&rsquo;investissement agricole a \u00e9t\u00e9 au c\u0153ur des discussions lors d&rsquo;une rencontre r\u00e9gionale<\/p>\n","protected":false},"author":6,"featured_media":56558,"comment_status":"open","ping_status":"closed","sticky":false,"template":"","format":"standard","meta":{"colormag_page_container_layout":"default_layout","colormag_page_sidebar_layout":"default_layout","om_disable_all_campaigns":false,"_monsterinsights_skip_tracking":false,"_monsterinsights_sitenote_active":false,"_monsterinsights_sitenote_note":"","_monsterinsights_sitenote_category":0,"footnotes":"","_wpscppro_dont_share_socialmedia":false,"_wpscppro_custom_social_share_image":0,"_facebook_share_type":"default","_twitter_share_type":"default","_linkedin_share_type":"default","_pinterest_share_type":"default","_linkedin_share_type_page":"","_instagram_share_type":"default","_medium_share_type":"default","_threads_share_type":"","_google_business_share_type":"","_selected_social_profile":[],"_wpsp_enable_custom_social_template":false,"_wpsp_social_scheduling":{"enabled":false,"datetime":null,"platforms":[],"status":"template_only","dateOption":"today","timeOption":"now","customDays":"","customHours":"","customDate":"","customTime":"","schedulingType":"absolute"},"_wpsp_active_default_template":true},"categories":[31],"tags":[],"class_list":["post-66127","post","type-post","status-publish","format-standard","has-post-thumbnail","hentry","category-regions"],"aioseo_notices":[],"yoast_head":"<!-- This site is optimized with the Yoast SEO plugin v27.4 - https:\/\/yoast.com\/product\/yoast-seo-wordpress\/ -->\n<title>Adrar : Le r\u00f4le des assurances dans l&rsquo;investissement agricole en d\u00e9bat - La Sentinelle<\/title>\n<meta name=\"robots\" content=\"index, follow, max-snippet:-1, max-image-preview:large, max-video-preview:-1\" \/>\n<link rel=\"canonical\" href=\"https:\/\/lasentinelle.dz\/index.php\/2025\/04\/22\/adrar-le-role-des-assurances-dans-linvestissement-agricole-en-debat\/\" \/>\n<meta property=\"og:locale\" content=\"fr_FR\" \/>\n<meta property=\"og:type\" content=\"article\" \/>\n<meta property=\"og:title\" content=\"Adrar : Le r\u00f4le des assurances dans l&rsquo;investissement agricole en d\u00e9bat - La Sentinelle\" \/>\n<meta property=\"og:description\" content=\"Le r\u00f4le crucial de l&rsquo;assurance dans l&rsquo;accompagnement de l&rsquo;investissement agricole a \u00e9t\u00e9 au c\u0153ur des discussions lors d&rsquo;une rencontre r\u00e9gionale\" \/>\n<meta property=\"og:url\" content=\"https:\/\/lasentinelle.dz\/index.php\/2025\/04\/22\/adrar-le-role-des-assurances-dans-linvestissement-agricole-en-debat\/\" \/>\n<meta property=\"og:site_name\" content=\"La Sentinelle\" \/>\n<meta property=\"article:publisher\" content=\"https:\/\/www.facebook.com\/La-Sentinelle-104059864394773\" \/>\n<meta property=\"article:published_time\" content=\"2025-04-22T11:36:29+00:00\" \/>\n<meta property=\"article:modified_time\" content=\"2025-04-22T11:36:30+00:00\" \/>\n<meta property=\"og:image\" content=\"https:\/\/lasentinelle.dz\/wp-content\/uploads\/2024\/09\/agriculture-sahara.jpg\" \/>\n\t<meta property=\"og:image:width\" content=\"1200\" \/>\n\t<meta property=\"og:image:height\" content=\"675\" \/>\n\t<meta property=\"og:image:type\" content=\"image\/jpeg\" \/>\n<meta name=\"author\" content=\"admin\" \/>\n<meta name=\"twitter:card\" content=\"summary_large_image\" \/>\n<meta name=\"twitter:label1\" content=\"\u00c9crit par\" \/>\n\t<meta name=\"twitter:data1\" content=\"admin\" \/>\n\t<meta name=\"twitter:label2\" content=\"Dur\u00e9e de lecture estim\u00e9e\" \/>\n\t<meta name=\"twitter:data2\" content=\"3 minutes\" \/>\n<script type=\"application\/ld+json\" class=\"yoast-schema-graph\">{\"@context\":\"https:\\\/\\\/schema.org\",\"@graph\":[{\"@type\":\"Article\",\"@id\":\"https:\\\/\\\/lasentinelle.dz\\\/index.php\\\/2025\\\/04\\\/22\\\/adrar-le-role-des-assurances-dans-linvestissement-agricole-en-debat\\\/#article\",\"isPartOf\":{\"@id\":\"https:\\\/\\\/lasentinelle.dz\\\/index.php\\\/2025\\\/04\\\/22\\\/adrar-le-role-des-assurances-dans-linvestissement-agricole-en-debat\\\/\"},\"author\":{\"name\":\"admin\",\"@id\":\"https:\\\/\\\/lasentinelle.dz\\\/#\\\/schema\\\/person\\\/729ee0024f24e0b8c5ec17232f8e8b41\"},\"headline\":\"Adrar : Le r\u00f4le des assurances dans l&rsquo;investissement agricole en d\u00e9bat\",\"datePublished\":\"2025-04-22T11:36:29+00:00\",\"dateModified\":\"2025-04-22T11:36:30+00:00\",\"mainEntityOfPage\":{\"@id\":\"https:\\\/\\\/lasentinelle.dz\\\/index.php\\\/2025\\\/04\\\/22\\\/adrar-le-role-des-assurances-dans-linvestissement-agricole-en-debat\\\/\"},\"wordCount\":541,\"commentCount\":0,\"publisher\":{\"@id\":\"https:\\\/\\\/lasentinelle.dz\\\/#organization\"},\"image\":{\"@id\":\"https:\\\/\\\/lasentinelle.dz\\\/index.php\\\/2025\\\/04\\\/22\\\/adrar-le-role-des-assurances-dans-linvestissement-agricole-en-debat\\\/#primaryimage\"},\"thumbnailUrl\":\"https:\\\/\\\/lasentinelle.dz\\\/wp-content\\\/uploads\\\/2024\\\/09\\\/agriculture-sahara.jpg\",\"articleSection\":[\"R\u00e9gions\"],\"inLanguage\":\"fr-FR\",\"potentialAction\":[{\"@type\":\"CommentAction\",\"name\":\"Comment\",\"target\":[\"https:\\\/\\\/lasentinelle.dz\\\/index.php\\\/2025\\\/04\\\/22\\\/adrar-le-role-des-assurances-dans-linvestissement-agricole-en-debat\\\/#respond\"]}]},{\"@type\":\"WebPage\",\"@id\":\"https:\\\/\\\/lasentinelle.dz\\\/index.php\\\/2025\\\/04\\\/22\\\/adrar-le-role-des-assurances-dans-linvestissement-agricole-en-debat\\\/\",\"url\":\"https:\\\/\\\/lasentinelle.dz\\\/index.php\\\/2025\\\/04\\\/22\\\/adrar-le-role-des-assurances-dans-linvestissement-agricole-en-debat\\\/\",\"name\":\"Adrar : Le r\u00f4le des assurances dans l&rsquo;investissement agricole en d\u00e9bat - La Sentinelle\",\"isPartOf\":{\"@id\":\"https:\\\/\\\/lasentinelle.dz\\\/#website\"},\"primaryImageOfPage\":{\"@id\":\"https:\\\/\\\/lasentinelle.dz\\\/index.php\\\/2025\\\/04\\\/22\\\/adrar-le-role-des-assurances-dans-linvestissement-agricole-en-debat\\\/#primaryimage\"},\"image\":{\"@id\":\"https:\\\/\\\/lasentinelle.dz\\\/index.php\\\/2025\\\/04\\\/22\\\/adrar-le-role-des-assurances-dans-linvestissement-agricole-en-debat\\\/#primaryimage\"},\"thumbnailUrl\":\"https:\\\/\\\/lasentinelle.dz\\\/wp-content\\\/uploads\\\/2024\\\/09\\\/agriculture-sahara.jpg\",\"datePublished\":\"2025-04-22T11:36:29+00:00\",\"dateModified\":\"2025-04-22T11:36:30+00:00\",\"breadcrumb\":{\"@id\":\"https:\\\/\\\/lasentinelle.dz\\\/index.php\\\/2025\\\/04\\\/22\\\/adrar-le-role-des-assurances-dans-linvestissement-agricole-en-debat\\\/#breadcrumb\"},\"inLanguage\":\"fr-FR\",\"potentialAction\":[{\"@type\":\"ReadAction\",\"target\":[\"https:\\\/\\\/lasentinelle.dz\\\/index.php\\\/2025\\\/04\\\/22\\\/adrar-le-role-des-assurances-dans-linvestissement-agricole-en-debat\\\/\"]}]},{\"@type\":\"ImageObject\",\"inLanguage\":\"fr-FR\",\"@id\":\"https:\\\/\\\/lasentinelle.dz\\\/index.php\\\/2025\\\/04\\\/22\\\/adrar-le-role-des-assurances-dans-linvestissement-agricole-en-debat\\\/#primaryimage\",\"url\":\"https:\\\/\\\/lasentinelle.dz\\\/wp-content\\\/uploads\\\/2024\\\/09\\\/agriculture-sahara.jpg\",\"contentUrl\":\"https:\\\/\\\/lasentinelle.dz\\\/wp-content\\\/uploads\\\/2024\\\/09\\\/agriculture-sahara.jpg\",\"width\":1200,\"height\":675},{\"@type\":\"BreadcrumbList\",\"@id\":\"https:\\\/\\\/lasentinelle.dz\\\/index.php\\\/2025\\\/04\\\/22\\\/adrar-le-role-des-assurances-dans-linvestissement-agricole-en-debat\\\/#breadcrumb\",\"itemListElement\":[{\"@type\":\"ListItem\",\"position\":1,\"name\":\"Accueil\",\"item\":\"https:\\\/\\\/lasentinelle.dz\\\/\"},{\"@type\":\"ListItem\",\"position\":2,\"name\":\"Adrar : Le r\u00f4le des assurances dans l&rsquo;investissement agricole en d\u00e9bat\"}]},{\"@type\":\"WebSite\",\"@id\":\"https:\\\/\\\/lasentinelle.dz\\\/#website\",\"url\":\"https:\\\/\\\/lasentinelle.dz\\\/\",\"name\":\"La Sentinelle\",\"description\":\"Quotidien national d&#039;information\",\"publisher\":{\"@id\":\"https:\\\/\\\/lasentinelle.dz\\\/#organization\"},\"potentialAction\":[{\"@type\":\"SearchAction\",\"target\":{\"@type\":\"EntryPoint\",\"urlTemplate\":\"https:\\\/\\\/lasentinelle.dz\\\/?s={search_term_string}\"},\"query-input\":{\"@type\":\"PropertyValueSpecification\",\"valueRequired\":true,\"valueName\":\"search_term_string\"}}],\"inLanguage\":\"fr-FR\"},{\"@type\":\"Organization\",\"@id\":\"https:\\\/\\\/lasentinelle.dz\\\/#organization\",\"name\":\"Quotidien La Sentinelle\",\"url\":\"https:\\\/\\\/lasentinelle.dz\\\/\",\"logo\":{\"@type\":\"ImageObject\",\"inLanguage\":\"fr-FR\",\"@id\":\"https:\\\/\\\/lasentinelle.dz\\\/#\\\/schema\\\/logo\\\/image\\\/\",\"url\":\"https:\\\/\\\/lasentinelle.dz\\\/wp-content\\\/uploads\\\/2021\\\/09\\\/logo-sentinelleSLOGAN-1.png\",\"contentUrl\":\"https:\\\/\\\/lasentinelle.dz\\\/wp-content\\\/uploads\\\/2021\\\/09\\\/logo-sentinelleSLOGAN-1.png\",\"width\":615,\"height\":142,\"caption\":\"Quotidien La Sentinelle\"},\"image\":{\"@id\":\"https:\\\/\\\/lasentinelle.dz\\\/#\\\/schema\\\/logo\\\/image\\\/\"},\"sameAs\":[\"https:\\\/\\\/www.facebook.com\\\/La-Sentinelle-104059864394773\"]},{\"@type\":\"Person\",\"@id\":\"https:\\\/\\\/lasentinelle.dz\\\/#\\\/schema\\\/person\\\/729ee0024f24e0b8c5ec17232f8e8b41\",\"name\":\"admin\",\"image\":{\"@type\":\"ImageObject\",\"inLanguage\":\"fr-FR\",\"@id\":\"https:\\\/\\\/secure.gravatar.com\\\/avatar\\\/4c81fed838786e9b53f540bf46533e750f5d292099ae3b66cfc6fb1982e29df7?s=96&d=mm&r=g\",\"url\":\"https:\\\/\\\/secure.gravatar.com\\\/avatar\\\/4c81fed838786e9b53f540bf46533e750f5d292099ae3b66cfc6fb1982e29df7?s=96&d=mm&r=g\",\"contentUrl\":\"https:\\\/\\\/secure.gravatar.com\\\/avatar\\\/4c81fed838786e9b53f540bf46533e750f5d292099ae3b66cfc6fb1982e29df7?s=96&d=mm&r=g\",\"caption\":\"admin\"},\"description\":\"admin\",\"url\":\"https:\\\/\\\/lasentinelle.dz\\\/author\\\/admin\\\/\"}]}<\/script>\n<!-- \/ Yoast SEO plugin. -->","yoast_head_json":{"title":"Adrar : Le r\u00f4le des assurances dans l&rsquo;investissement agricole en d\u00e9bat - La Sentinelle","robots":{"index":"index","follow":"follow","max-snippet":"max-snippet:-1","max-image-preview":"max-image-preview:large","max-video-preview":"max-video-preview:-1"},"canonical":"https:\/\/lasentinelle.dz\/index.php\/2025\/04\/22\/adrar-le-role-des-assurances-dans-linvestissement-agricole-en-debat\/","og_locale":"fr_FR","og_type":"article","og_title":"Adrar : Le r\u00f4le des assurances dans l&rsquo;investissement agricole en d\u00e9bat - La Sentinelle","og_description":"Le r\u00f4le crucial de l&rsquo;assurance dans l&rsquo;accompagnement de l&rsquo;investissement agricole a \u00e9t\u00e9 au c\u0153ur des discussions lors d&rsquo;une rencontre r\u00e9gionale","og_url":"https:\/\/lasentinelle.dz\/index.php\/2025\/04\/22\/adrar-le-role-des-assurances-dans-linvestissement-agricole-en-debat\/","og_site_name":"La Sentinelle","article_publisher":"https:\/\/www.facebook.com\/La-Sentinelle-104059864394773","article_published_time":"2025-04-22T11:36:29+00:00","article_modified_time":"2025-04-22T11:36:30+00:00","og_image":[{"width":1200,"height":675,"url":"https:\/\/lasentinelle.dz\/wp-content\/uploads\/2024\/09\/agriculture-sahara.jpg","type":"image\/jpeg"}],"author":"admin","twitter_card":"summary_large_image","twitter_misc":{"\u00c9crit par":"admin","Dur\u00e9e de lecture estim\u00e9e":"3 minutes"},"schema":{"@context":"https:\/\/schema.org","@graph":[{"@type":"Article","@id":"https:\/\/lasentinelle.dz\/index.php\/2025\/04\/22\/adrar-le-role-des-assurances-dans-linvestissement-agricole-en-debat\/#article","isPartOf":{"@id":"https:\/\/lasentinelle.dz\/index.php\/2025\/04\/22\/adrar-le-role-des-assurances-dans-linvestissement-agricole-en-debat\/"},"author":{"name":"admin","@id":"https:\/\/lasentinelle.dz\/#\/schema\/person\/729ee0024f24e0b8c5ec17232f8e8b41"},"headline":"Adrar : Le r\u00f4le des assurances dans l&rsquo;investissement agricole en d\u00e9bat","datePublished":"2025-04-22T11:36:29+00:00","dateModified":"2025-04-22T11:36:30+00:00","mainEntityOfPage":{"@id":"https:\/\/lasentinelle.dz\/index.php\/2025\/04\/22\/adrar-le-role-des-assurances-dans-linvestissement-agricole-en-debat\/"},"wordCount":541,"commentCount":0,"publisher":{"@id":"https:\/\/lasentinelle.dz\/#organization"},"image":{"@id":"https:\/\/lasentinelle.dz\/index.php\/2025\/04\/22\/adrar-le-role-des-assurances-dans-linvestissement-agricole-en-debat\/#primaryimage"},"thumbnailUrl":"https:\/\/lasentinelle.dz\/wp-content\/uploads\/2024\/09\/agriculture-sahara.jpg","articleSection":["R\u00e9gions"],"inLanguage":"fr-FR","potentialAction":[{"@type":"CommentAction","name":"Comment","target":["https:\/\/lasentinelle.dz\/index.php\/2025\/04\/22\/adrar-le-role-des-assurances-dans-linvestissement-agricole-en-debat\/#respond"]}]},{"@type":"WebPage","@id":"https:\/\/lasentinelle.dz\/index.php\/2025\/04\/22\/adrar-le-role-des-assurances-dans-linvestissement-agricole-en-debat\/","url":"https:\/\/lasentinelle.dz\/index.php\/2025\/04\/22\/adrar-le-role-des-assurances-dans-linvestissement-agricole-en-debat\/","name":"Adrar : Le r\u00f4le des assurances dans l&rsquo;investissement agricole en d\u00e9bat - La Sentinelle","isPartOf":{"@id":"https:\/\/lasentinelle.dz\/#website"},"primaryImageOfPage":{"@id":"https:\/\/lasentinelle.dz\/index.php\/2025\/04\/22\/adrar-le-role-des-assurances-dans-linvestissement-agricole-en-debat\/#primaryimage"},"image":{"@id":"https:\/\/lasentinelle.dz\/index.php\/2025\/04\/22\/adrar-le-role-des-assurances-dans-linvestissement-agricole-en-debat\/#primaryimage"},"thumbnailUrl":"https:\/\/lasentinelle.dz\/wp-content\/uploads\/2024\/09\/agriculture-sahara.jpg","datePublished":"2025-04-22T11:36:29+00:00","dateModified":"2025-04-22T11:36:30+00:00","breadcrumb":{"@id":"https:\/\/lasentinelle.dz\/index.php\/2025\/04\/22\/adrar-le-role-des-assurances-dans-linvestissement-agricole-en-debat\/#breadcrumb"},"inLanguage":"fr-FR","potentialAction":[{"@type":"ReadAction","target":["https:\/\/lasentinelle.dz\/index.php\/2025\/04\/22\/adrar-le-role-des-assurances-dans-linvestissement-agricole-en-debat\/"]}]},{"@type":"ImageObject","inLanguage":"fr-FR","@id":"https:\/\/lasentinelle.dz\/index.php\/2025\/04\/22\/adrar-le-role-des-assurances-dans-linvestissement-agricole-en-debat\/#primaryimage","url":"https:\/\/lasentinelle.dz\/wp-content\/uploads\/2024\/09\/agriculture-sahara.jpg","contentUrl":"https:\/\/lasentinelle.dz\/wp-content\/uploads\/2024\/09\/agriculture-sahara.jpg","width":1200,"height":675},{"@type":"BreadcrumbList","@id":"https:\/\/lasentinelle.dz\/index.php\/2025\/04\/22\/adrar-le-role-des-assurances-dans-linvestissement-agricole-en-debat\/#breadcrumb","itemListElement":[{"@type":"ListItem","position":1,"name":"Accueil","item":"https:\/\/lasentinelle.dz\/"},{"@type":"ListItem","position":2,"name":"Adrar : Le r\u00f4le des assurances dans l&rsquo;investissement agricole en d\u00e9bat"}]},{"@type":"WebSite","@id":"https:\/\/lasentinelle.dz\/#website","url":"https:\/\/lasentinelle.dz\/","name":"La Sentinelle","description":"Quotidien national d&#039;information","publisher":{"@id":"https:\/\/lasentinelle.dz\/#organization"},"potentialAction":[{"@type":"SearchAction","target":{"@type":"EntryPoint","urlTemplate":"https:\/\/lasentinelle.dz\/?s={search_term_string}"},"query-input":{"@type":"PropertyValueSpecification","valueRequired":true,"valueName":"search_term_string"}}],"inLanguage":"fr-FR"},{"@type":"Organization","@id":"https:\/\/lasentinelle.dz\/#organization","name":"Quotidien La Sentinelle","url":"https:\/\/lasentinelle.dz\/","logo":{"@type":"ImageObject","inLanguage":"fr-FR","@id":"https:\/\/lasentinelle.dz\/#\/schema\/logo\/image\/","url":"https:\/\/lasentinelle.dz\/wp-content\/uploads\/2021\/09\/logo-sentinelleSLOGAN-1.png","contentUrl":"https:\/\/lasentinelle.dz\/wp-content\/uploads\/2021\/09\/logo-sentinelleSLOGAN-1.png","width":615,"height":142,"caption":"Quotidien La Sentinelle"},"image":{"@id":"https:\/\/lasentinelle.dz\/#\/schema\/logo\/image\/"},"sameAs":["https:\/\/www.facebook.com\/La-Sentinelle-104059864394773"]},{"@type":"Person","@id":"https:\/\/lasentinelle.dz\/#\/schema\/person\/729ee0024f24e0b8c5ec17232f8e8b41","name":"admin","image":{"@type":"ImageObject","inLanguage":"fr-FR","@id":"https:\/\/secure.gravatar.com\/avatar\/4c81fed838786e9b53f540bf46533e750f5d292099ae3b66cfc6fb1982e29df7?s=96&d=mm&r=g","url":"https:\/\/secure.gravatar.com\/avatar\/4c81fed838786e9b53f540bf46533e750f5d292099ae3b66cfc6fb1982e29df7?s=96&d=mm&r=g","contentUrl":"https:\/\/secure.gravatar.com\/avatar\/4c81fed838786e9b53f540bf46533e750f5d292099ae3b66cfc6fb1982e29df7?s=96&d=mm&r=g","caption":"admin"},"description":"admin","url":"https:\/\/lasentinelle.dz\/author\/admin\/"}]}},"_links":{"self":[{"href":"https:\/\/lasentinelle.dz\/index.php\/wp-json\/wp\/v2\/posts\/66127","targetHints":{"allow":["GET"]}}],"collection":[{"href":"https:\/\/lasentinelle.dz\/index.php\/wp-json\/wp\/v2\/posts"}],"about":[{"href":"https:\/\/lasentinelle.dz\/index.php\/wp-json\/wp\/v2\/types\/post"}],"author":[{"embeddable":true,"href":"https:\/\/lasentinelle.dz\/index.php\/wp-json\/wp\/v2\/users\/6"}],"replies":[{"embeddable":true,"href":"https:\/\/lasentinelle.dz\/index.php\/wp-json\/wp\/v2\/comments?post=66127"}],"version-history":[{"count":2,"href":"https:\/\/lasentinelle.dz\/index.php\/wp-json\/wp\/v2\/posts\/66127\/revisions"}],"predecessor-version":[{"id":66129,"href":"https:\/\/lasentinelle.dz\/index.php\/wp-json\/wp\/v2\/posts\/66127\/revisions\/66129"}],"wp:featuredmedia":[{"embeddable":true,"href":"https:\/\/lasentinelle.dz\/index.php\/wp-json\/wp\/v2\/media\/56558"}],"wp:attachment":[{"href":"https:\/\/lasentinelle.dz\/index.php\/wp-json\/wp\/v2\/media?parent=66127"}],"wp:term":[{"taxonomy":"category","embeddable":true,"href":"https:\/\/lasentinelle.dz\/index.php\/wp-json\/wp\/v2\/categories?post=66127"},{"taxonomy":"post_tag","embeddable":true,"href":"https:\/\/lasentinelle.dz\/index.php\/wp-json\/wp\/v2\/tags?post=66127"}],"curies":[{"name":"wp","href":"https:\/\/api.w.org\/{rel}","templated":true}]}}