{"id":66130,"date":"2025-04-22T12:37:12","date_gmt":"2025-04-22T11:37:12","guid":{"rendered":"https:\/\/lasentinelle.dz\/?p=66130"},"modified":"2025-04-22T12:37:12","modified_gmt":"2025-04-22T11:37:12","slug":"jijel-17-000-tetes-dovins-attendus-au-port-de-djendjen","status":"publish","type":"post","link":"https:\/\/lasentinelle.dz\/index.php\/2025\/04\/22\/jijel-17-000-tetes-dovins-attendus-au-port-de-djendjen\/","title":{"rendered":"Jijel : 17.000 t\u00eates d\u2019ovins attendus au port de Djendjen"},"content":{"rendered":"\n<p>L\u2019\u00e9tablissement portuaire de la wilaya de Jijel a mis en place toutes les dispositions et conditions pour r\u00e9ceptionner, un important chargement de moutons destin\u00e9s \u00e0 la c\u00e9l\u00e9bration de l\u2019A\u00efd al-Adha.<\/p>\n\n\n\n<p>Un important dispositif logistique a \u00e9t\u00e9 pr\u00e9par\u00e9 en pr\u00e9vision de l\u2019arriv\u00e9e pr\u00e9vue cette semaine de pas moins de 17.000 moutons, a rapport\u00e9 une source relevant du port de Djendjen. Tous les moyens humains et mat\u00e9riels ont \u00e9t\u00e9 retenus et adapt\u00e9s afin d&rsquo;assurer le bon d\u00e9roulement de cette op\u00e9ration et dans les meilleures conditions possibles, a-t-on fait savoir. Les ovins seront r\u00e9partis \u00e0 travers trois fermes d\u2019accueil situ\u00e9es \u00e0 El Milia, Kaous et Jijel pour la quarantaine sanitaire. Ces communes ont \u00e9t\u00e9 s\u00e9lectionn\u00e9es en raison, a-t-on pr\u00e9cis\u00e9, de leur capacit\u00e9 \u00e0 g\u00e9rer de grands volumes de cheptel dans des conditions ad\u00e9quates. Par ailleurs, un important dispositif v\u00e9t\u00e9rinaire a \u00e9t\u00e9 mobilis\u00e9 pour assurer le contr\u00f4le sanitaire du cheptel et la conformit\u00e9 au cahier de charges et aux normes en vigueur. Les autorit\u00e9s portuaires coordonnent leurs efforts avec les services v\u00e9t\u00e9rinaires et les op\u00e9rateurs priv\u00e9s pour garantir la r\u00e9ussite de cette op\u00e9ration, qui repr\u00e9sente un enjeu \u00e9conomique et sanitaire majeur \u00e0 l\u2019approche de l\u2019A\u00efd. De son c\u00f4t\u00e9, la direction des services agricoles (DSA) de la wilaya de Jijel supervise la distribution du cheptel dans les zones pr\u00e9alablement identifi\u00e9es, veillant \u00e0 ce que toutes les conditions logistiques soient r\u00e9unies pour faciliter l\u2019acc\u00e8s des citoyens d\u00e9sireux d&rsquo;acheter ces moutons d\u2019importation. Pour rappel, le premier navire a accost\u00e9 dans la nuit du samedi au dimanche, au port d&rsquo;Alger charg\u00e9 de pr\u00e8s de 15.000 t\u00eates de moutons. L\u2019op\u00e9ration va se poursuivre durant le mois d&rsquo;avril et le mois de mai pour atteindre l&rsquo;objectif d&rsquo;un million de moutons, que devront r\u00e9ceptionner neuf ports du pays, rappelle-t-on encore. D\u2019autres navires sont destin\u00e9s au port d\u2019Oran, suivi par Jijel, Skikda, et Annaba, permettant ainsi aux citoyens d&rsquo;acqu\u00e9rir un mouton avec des prix tr\u00e8s abordables. Ce processus intervient, convient-il de le souligner, dans le cadre de la mise en \u0153uvre de l&rsquo;engagement du pr\u00e9sident de la R\u00e9publique, M. Abdelmadjid Tebboune, d&rsquo;importer un million de moutons en pr\u00e9vision de l&rsquo;A\u00efd El Adha.<\/p>\n\n\n\n<p><strong>Sofia Chahine<\/strong><\/p>\n","protected":false},"excerpt":{"rendered":"<p>L\u2019\u00e9tablissement portuaire de la wilaya de Jijel a mis en place toutes les dispositions et conditions pour r\u00e9ceptionner, un important<\/p>\n","protected":false},"author":6,"featured_media":66131,"comment_status":"open","ping_status":"closed","sticky":false,"template":"","format":"standard","meta":{"colormag_page_container_layout":"default_layout","colormag_page_sidebar_layout":"default_layout","om_disable_all_campaigns":false,"_monsterinsights_skip_tracking":false,"_monsterinsights_sitenote_active":false,"_monsterinsights_sitenote_note":"","_monsterinsights_sitenote_category":0,"footnotes":"","_wpscppro_dont_share_socialmedia":false,"_wpscppro_custom_social_share_image":0,"_facebook_share_type":"default","_twitter_share_type":"default","_linkedin_share_type":"default","_pinterest_share_type":"default","_linkedin_share_type_page":"","_instagram_share_type":"default","_medium_share_type":"default","_threads_share_type":"","_google_business_share_type":"","_selected_social_profile":[],"_wpsp_enable_custom_social_template":false,"_wpsp_social_scheduling":{"enabled":false,"datetime":null,"platforms":[],"status":"template_only","dateOption":"today","timeOption":"now","customDays":"","customHours":"","customDate":"","customTime":"","schedulingType":"absolute"},"_wpsp_active_default_template":true},"categories":[31],"tags":[],"class_list":["post-66130","post","type-post","status-publish","format-standard","has-post-thumbnail","hentry","category-regions"],"aioseo_notices":[],"yoast_head":"<!-- This site is optimized with the Yoast SEO plugin v27.4 - https:\/\/yoast.com\/product\/yoast-seo-wordpress\/ -->\n<title>Jijel : 17.000 t\u00eates d\u2019ovins attendus au port de Djendjen - La Sentinelle<\/title>\n<meta name=\"robots\" content=\"index, follow, max-snippet:-1, max-image-preview:large, max-video-preview:-1\" \/>\n<link rel=\"canonical\" href=\"https:\/\/lasentinelle.dz\/index.php\/2025\/04\/22\/jijel-17-000-tetes-dovins-attendus-au-port-de-djendjen\/\" \/>\n<meta property=\"og:locale\" content=\"fr_FR\" \/>\n<meta property=\"og:type\" content=\"article\" \/>\n<meta property=\"og:title\" content=\"Jijel : 17.000 t\u00eates d\u2019ovins attendus au port de Djendjen - La Sentinelle\" \/>\n<meta property=\"og:description\" content=\"L\u2019\u00e9tablissement portuaire de la wilaya de Jijel a mis en place toutes les dispositions et conditions pour r\u00e9ceptionner, un important\" \/>\n<meta property=\"og:url\" content=\"https:\/\/lasentinelle.dz\/index.php\/2025\/04\/22\/jijel-17-000-tetes-dovins-attendus-au-port-de-djendjen\/\" \/>\n<meta property=\"og:site_name\" content=\"La Sentinelle\" \/>\n<meta property=\"article:publisher\" content=\"https:\/\/www.facebook.com\/La-Sentinelle-104059864394773\" \/>\n<meta property=\"article:published_time\" content=\"2025-04-22T11:37:12+00:00\" \/>\n<meta property=\"og:image\" content=\"https:\/\/lasentinelle.dz\/wp-content\/uploads\/2025\/04\/Moutons-1.jpg\" \/>\n\t<meta property=\"og:image:width\" content=\"1080\" \/>\n\t<meta property=\"og:image:height\" content=\"720\" \/>\n\t<meta property=\"og:image:type\" content=\"image\/jpeg\" \/>\n<meta name=\"author\" content=\"admin\" \/>\n<meta name=\"twitter:card\" content=\"summary_large_image\" \/>\n<meta name=\"twitter:label1\" content=\"\u00c9crit par\" \/>\n\t<meta name=\"twitter:data1\" content=\"admin\" \/>\n\t<meta name=\"twitter:label2\" content=\"Dur\u00e9e de lecture estim\u00e9e\" \/>\n\t<meta name=\"twitter:data2\" content=\"3 minutes\" \/>\n<script type=\"application\/ld+json\" class=\"yoast-schema-graph\">{\"@context\":\"https:\\\/\\\/schema.org\",\"@graph\":[{\"@type\":\"Article\",\"@id\":\"https:\\\/\\\/lasentinelle.dz\\\/index.php\\\/2025\\\/04\\\/22\\\/jijel-17-000-tetes-dovins-attendus-au-port-de-djendjen\\\/#article\",\"isPartOf\":{\"@id\":\"https:\\\/\\\/lasentinelle.dz\\\/index.php\\\/2025\\\/04\\\/22\\\/jijel-17-000-tetes-dovins-attendus-au-port-de-djendjen\\\/\"},\"author\":{\"name\":\"admin\",\"@id\":\"https:\\\/\\\/lasentinelle.dz\\\/#\\\/schema\\\/person\\\/729ee0024f24e0b8c5ec17232f8e8b41\"},\"headline\":\"Jijel : 17.000 t\u00eates d\u2019ovins attendus au port de Djendjen\",\"datePublished\":\"2025-04-22T11:37:12+00:00\",\"mainEntityOfPage\":{\"@id\":\"https:\\\/\\\/lasentinelle.dz\\\/index.php\\\/2025\\\/04\\\/22\\\/jijel-17-000-tetes-dovins-attendus-au-port-de-djendjen\\\/\"},\"wordCount\":424,\"commentCount\":0,\"publisher\":{\"@id\":\"https:\\\/\\\/lasentinelle.dz\\\/#organization\"},\"image\":{\"@id\":\"https:\\\/\\\/lasentinelle.dz\\\/index.php\\\/2025\\\/04\\\/22\\\/jijel-17-000-tetes-dovins-attendus-au-port-de-djendjen\\\/#primaryimage\"},\"thumbnailUrl\":\"https:\\\/\\\/lasentinelle.dz\\\/wp-content\\\/uploads\\\/2025\\\/04\\\/Moutons-1.jpg\",\"articleSection\":[\"R\u00e9gions\"],\"inLanguage\":\"fr-FR\",\"potentialAction\":[{\"@type\":\"CommentAction\",\"name\":\"Comment\",\"target\":[\"https:\\\/\\\/lasentinelle.dz\\\/index.php\\\/2025\\\/04\\\/22\\\/jijel-17-000-tetes-dovins-attendus-au-port-de-djendjen\\\/#respond\"]}]},{\"@type\":\"WebPage\",\"@id\":\"https:\\\/\\\/lasentinelle.dz\\\/index.php\\\/2025\\\/04\\\/22\\\/jijel-17-000-tetes-dovins-attendus-au-port-de-djendjen\\\/\",\"url\":\"https:\\\/\\\/lasentinelle.dz\\\/index.php\\\/2025\\\/04\\\/22\\\/jijel-17-000-tetes-dovins-attendus-au-port-de-djendjen\\\/\",\"name\":\"Jijel : 17.000 t\u00eates d\u2019ovins attendus au port de Djendjen - La Sentinelle\",\"isPartOf\":{\"@id\":\"https:\\\/\\\/lasentinelle.dz\\\/#website\"},\"primaryImageOfPage\":{\"@id\":\"https:\\\/\\\/lasentinelle.dz\\\/index.php\\\/2025\\\/04\\\/22\\\/jijel-17-000-tetes-dovins-attendus-au-port-de-djendjen\\\/#primaryimage\"},\"image\":{\"@id\":\"https:\\\/\\\/lasentinelle.dz\\\/index.php\\\/2025\\\/04\\\/22\\\/jijel-17-000-tetes-dovins-attendus-au-port-de-djendjen\\\/#primaryimage\"},\"thumbnailUrl\":\"https:\\\/\\\/lasentinelle.dz\\\/wp-content\\\/uploads\\\/2025\\\/04\\\/Moutons-1.jpg\",\"datePublished\":\"2025-04-22T11:37:12+00:00\",\"breadcrumb\":{\"@id\":\"https:\\\/\\\/lasentinelle.dz\\\/index.php\\\/2025\\\/04\\\/22\\\/jijel-17-000-tetes-dovins-attendus-au-port-de-djendjen\\\/#breadcrumb\"},\"inLanguage\":\"fr-FR\",\"potentialAction\":[{\"@type\":\"ReadAction\",\"target\":[\"https:\\\/\\\/lasentinelle.dz\\\/index.php\\\/2025\\\/04\\\/22\\\/jijel-17-000-tetes-dovins-attendus-au-port-de-djendjen\\\/\"]}]},{\"@type\":\"ImageObject\",\"inLanguage\":\"fr-FR\",\"@id\":\"https:\\\/\\\/lasentinelle.dz\\\/index.php\\\/2025\\\/04\\\/22\\\/jijel-17-000-tetes-dovins-attendus-au-port-de-djendjen\\\/#primaryimage\",\"url\":\"https:\\\/\\\/lasentinelle.dz\\\/wp-content\\\/uploads\\\/2025\\\/04\\\/Moutons-1.jpg\",\"contentUrl\":\"https:\\\/\\\/lasentinelle.dz\\\/wp-content\\\/uploads\\\/2025\\\/04\\\/Moutons-1.jpg\",\"width\":1080,\"height\":720},{\"@type\":\"BreadcrumbList\",\"@id\":\"https:\\\/\\\/lasentinelle.dz\\\/index.php\\\/2025\\\/04\\\/22\\\/jijel-17-000-tetes-dovins-attendus-au-port-de-djendjen\\\/#breadcrumb\",\"itemListElement\":[{\"@type\":\"ListItem\",\"position\":1,\"name\":\"Accueil\",\"item\":\"https:\\\/\\\/lasentinelle.dz\\\/\"},{\"@type\":\"ListItem\",\"position\":2,\"name\":\"Jijel : 17.000 t\u00eates d\u2019ovins attendus au port de Djendjen\"}]},{\"@type\":\"WebSite\",\"@id\":\"https:\\\/\\\/lasentinelle.dz\\\/#website\",\"url\":\"https:\\\/\\\/lasentinelle.dz\\\/\",\"name\":\"La Sentinelle\",\"description\":\"Quotidien national d&#039;information\",\"publisher\":{\"@id\":\"https:\\\/\\\/lasentinelle.dz\\\/#organization\"},\"potentialAction\":[{\"@type\":\"SearchAction\",\"target\":{\"@type\":\"EntryPoint\",\"urlTemplate\":\"https:\\\/\\\/lasentinelle.dz\\\/?s={search_term_string}\"},\"query-input\":{\"@type\":\"PropertyValueSpecification\",\"valueRequired\":true,\"valueName\":\"search_term_string\"}}],\"inLanguage\":\"fr-FR\"},{\"@type\":\"Organization\",\"@id\":\"https:\\\/\\\/lasentinelle.dz\\\/#organization\",\"name\":\"Quotidien La Sentinelle\",\"url\":\"https:\\\/\\\/lasentinelle.dz\\\/\",\"logo\":{\"@type\":\"ImageObject\",\"inLanguage\":\"fr-FR\",\"@id\":\"https:\\\/\\\/lasentinelle.dz\\\/#\\\/schema\\\/logo\\\/image\\\/\",\"url\":\"https:\\\/\\\/lasentinelle.dz\\\/wp-content\\\/uploads\\\/2021\\\/09\\\/logo-sentinelleSLOGAN-1.png\",\"contentUrl\":\"https:\\\/\\\/lasentinelle.dz\\\/wp-content\\\/uploads\\\/2021\\\/09\\\/logo-sentinelleSLOGAN-1.png\",\"width\":615,\"height\":142,\"caption\":\"Quotidien La Sentinelle\"},\"image\":{\"@id\":\"https:\\\/\\\/lasentinelle.dz\\\/#\\\/schema\\\/logo\\\/image\\\/\"},\"sameAs\":[\"https:\\\/\\\/www.facebook.com\\\/La-Sentinelle-104059864394773\"]},{\"@type\":\"Person\",\"@id\":\"https:\\\/\\\/lasentinelle.dz\\\/#\\\/schema\\\/person\\\/729ee0024f24e0b8c5ec17232f8e8b41\",\"name\":\"admin\",\"image\":{\"@type\":\"ImageObject\",\"inLanguage\":\"fr-FR\",\"@id\":\"https:\\\/\\\/secure.gravatar.com\\\/avatar\\\/4c81fed838786e9b53f540bf46533e750f5d292099ae3b66cfc6fb1982e29df7?s=96&d=mm&r=g\",\"url\":\"https:\\\/\\\/secure.gravatar.com\\\/avatar\\\/4c81fed838786e9b53f540bf46533e750f5d292099ae3b66cfc6fb1982e29df7?s=96&d=mm&r=g\",\"contentUrl\":\"https:\\\/\\\/secure.gravatar.com\\\/avatar\\\/4c81fed838786e9b53f540bf46533e750f5d292099ae3b66cfc6fb1982e29df7?s=96&d=mm&r=g\",\"caption\":\"admin\"},\"description\":\"admin\",\"url\":\"https:\\\/\\\/lasentinelle.dz\\\/author\\\/admin\\\/\"}]}<\/script>\n<!-- \/ Yoast SEO plugin. -->","yoast_head_json":{"title":"Jijel : 17.000 t\u00eates d\u2019ovins attendus au port de Djendjen - La Sentinelle","robots":{"index":"index","follow":"follow","max-snippet":"max-snippet:-1","max-image-preview":"max-image-preview:large","max-video-preview":"max-video-preview:-1"},"canonical":"https:\/\/lasentinelle.dz\/index.php\/2025\/04\/22\/jijel-17-000-tetes-dovins-attendus-au-port-de-djendjen\/","og_locale":"fr_FR","og_type":"article","og_title":"Jijel : 17.000 t\u00eates d\u2019ovins attendus au port de Djendjen - La Sentinelle","og_description":"L\u2019\u00e9tablissement portuaire de la wilaya de Jijel a mis en place toutes les dispositions et conditions pour r\u00e9ceptionner, un important","og_url":"https:\/\/lasentinelle.dz\/index.php\/2025\/04\/22\/jijel-17-000-tetes-dovins-attendus-au-port-de-djendjen\/","og_site_name":"La Sentinelle","article_publisher":"https:\/\/www.facebook.com\/La-Sentinelle-104059864394773","article_published_time":"2025-04-22T11:37:12+00:00","og_image":[{"width":1080,"height":720,"url":"https:\/\/lasentinelle.dz\/wp-content\/uploads\/2025\/04\/Moutons-1.jpg","type":"image\/jpeg"}],"author":"admin","twitter_card":"summary_large_image","twitter_misc":{"\u00c9crit par":"admin","Dur\u00e9e de lecture estim\u00e9e":"3 minutes"},"schema":{"@context":"https:\/\/schema.org","@graph":[{"@type":"Article","@id":"https:\/\/lasentinelle.dz\/index.php\/2025\/04\/22\/jijel-17-000-tetes-dovins-attendus-au-port-de-djendjen\/#article","isPartOf":{"@id":"https:\/\/lasentinelle.dz\/index.php\/2025\/04\/22\/jijel-17-000-tetes-dovins-attendus-au-port-de-djendjen\/"},"author":{"name":"admin","@id":"https:\/\/lasentinelle.dz\/#\/schema\/person\/729ee0024f24e0b8c5ec17232f8e8b41"},"headline":"Jijel : 17.000 t\u00eates d\u2019ovins attendus au port de Djendjen","datePublished":"2025-04-22T11:37:12+00:00","mainEntityOfPage":{"@id":"https:\/\/lasentinelle.dz\/index.php\/2025\/04\/22\/jijel-17-000-tetes-dovins-attendus-au-port-de-djendjen\/"},"wordCount":424,"commentCount":0,"publisher":{"@id":"https:\/\/lasentinelle.dz\/#organization"},"image":{"@id":"https:\/\/lasentinelle.dz\/index.php\/2025\/04\/22\/jijel-17-000-tetes-dovins-attendus-au-port-de-djendjen\/#primaryimage"},"thumbnailUrl":"https:\/\/lasentinelle.dz\/wp-content\/uploads\/2025\/04\/Moutons-1.jpg","articleSection":["R\u00e9gions"],"inLanguage":"fr-FR","potentialAction":[{"@type":"CommentAction","name":"Comment","target":["https:\/\/lasentinelle.dz\/index.php\/2025\/04\/22\/jijel-17-000-tetes-dovins-attendus-au-port-de-djendjen\/#respond"]}]},{"@type":"WebPage","@id":"https:\/\/lasentinelle.dz\/index.php\/2025\/04\/22\/jijel-17-000-tetes-dovins-attendus-au-port-de-djendjen\/","url":"https:\/\/lasentinelle.dz\/index.php\/2025\/04\/22\/jijel-17-000-tetes-dovins-attendus-au-port-de-djendjen\/","name":"Jijel : 17.000 t\u00eates d\u2019ovins attendus au port de Djendjen - La Sentinelle","isPartOf":{"@id":"https:\/\/lasentinelle.dz\/#website"},"primaryImageOfPage":{"@id":"https:\/\/lasentinelle.dz\/index.php\/2025\/04\/22\/jijel-17-000-tetes-dovins-attendus-au-port-de-djendjen\/#primaryimage"},"image":{"@id":"https:\/\/lasentinelle.dz\/index.php\/2025\/04\/22\/jijel-17-000-tetes-dovins-attendus-au-port-de-djendjen\/#primaryimage"},"thumbnailUrl":"https:\/\/lasentinelle.dz\/wp-content\/uploads\/2025\/04\/Moutons-1.jpg","datePublished":"2025-04-22T11:37:12+00:00","breadcrumb":{"@id":"https:\/\/lasentinelle.dz\/index.php\/2025\/04\/22\/jijel-17-000-tetes-dovins-attendus-au-port-de-djendjen\/#breadcrumb"},"inLanguage":"fr-FR","potentialAction":[{"@type":"ReadAction","target":["https:\/\/lasentinelle.dz\/index.php\/2025\/04\/22\/jijel-17-000-tetes-dovins-attendus-au-port-de-djendjen\/"]}]},{"@type":"ImageObject","inLanguage":"fr-FR","@id":"https:\/\/lasentinelle.dz\/index.php\/2025\/04\/22\/jijel-17-000-tetes-dovins-attendus-au-port-de-djendjen\/#primaryimage","url":"https:\/\/lasentinelle.dz\/wp-content\/uploads\/2025\/04\/Moutons-1.jpg","contentUrl":"https:\/\/lasentinelle.dz\/wp-content\/uploads\/2025\/04\/Moutons-1.jpg","width":1080,"height":720},{"@type":"BreadcrumbList","@id":"https:\/\/lasentinelle.dz\/index.php\/2025\/04\/22\/jijel-17-000-tetes-dovins-attendus-au-port-de-djendjen\/#breadcrumb","itemListElement":[{"@type":"ListItem","position":1,"name":"Accueil","item":"https:\/\/lasentinelle.dz\/"},{"@type":"ListItem","position":2,"name":"Jijel : 17.000 t\u00eates d\u2019ovins attendus au port de Djendjen"}]},{"@type":"WebSite","@id":"https:\/\/lasentinelle.dz\/#website","url":"https:\/\/lasentinelle.dz\/","name":"La Sentinelle","description":"Quotidien national d&#039;information","publisher":{"@id":"https:\/\/lasentinelle.dz\/#organization"},"potentialAction":[{"@type":"SearchAction","target":{"@type":"EntryPoint","urlTemplate":"https:\/\/lasentinelle.dz\/?s={search_term_string}"},"query-input":{"@type":"PropertyValueSpecification","valueRequired":true,"valueName":"search_term_string"}}],"inLanguage":"fr-FR"},{"@type":"Organization","@id":"https:\/\/lasentinelle.dz\/#organization","name":"Quotidien La Sentinelle","url":"https:\/\/lasentinelle.dz\/","logo":{"@type":"ImageObject","inLanguage":"fr-FR","@id":"https:\/\/lasentinelle.dz\/#\/schema\/logo\/image\/","url":"https:\/\/lasentinelle.dz\/wp-content\/uploads\/2021\/09\/logo-sentinelleSLOGAN-1.png","contentUrl":"https:\/\/lasentinelle.dz\/wp-content\/uploads\/2021\/09\/logo-sentinelleSLOGAN-1.png","width":615,"height":142,"caption":"Quotidien La Sentinelle"},"image":{"@id":"https:\/\/lasentinelle.dz\/#\/schema\/logo\/image\/"},"sameAs":["https:\/\/www.facebook.com\/La-Sentinelle-104059864394773"]},{"@type":"Person","@id":"https:\/\/lasentinelle.dz\/#\/schema\/person\/729ee0024f24e0b8c5ec17232f8e8b41","name":"admin","image":{"@type":"ImageObject","inLanguage":"fr-FR","@id":"https:\/\/secure.gravatar.com\/avatar\/4c81fed838786e9b53f540bf46533e750f5d292099ae3b66cfc6fb1982e29df7?s=96&d=mm&r=g","url":"https:\/\/secure.gravatar.com\/avatar\/4c81fed838786e9b53f540bf46533e750f5d292099ae3b66cfc6fb1982e29df7?s=96&d=mm&r=g","contentUrl":"https:\/\/secure.gravatar.com\/avatar\/4c81fed838786e9b53f540bf46533e750f5d292099ae3b66cfc6fb1982e29df7?s=96&d=mm&r=g","caption":"admin"},"description":"admin","url":"https:\/\/lasentinelle.dz\/author\/admin\/"}]}},"_links":{"self":[{"href":"https:\/\/lasentinelle.dz\/index.php\/wp-json\/wp\/v2\/posts\/66130","targetHints":{"allow":["GET"]}}],"collection":[{"href":"https:\/\/lasentinelle.dz\/index.php\/wp-json\/wp\/v2\/posts"}],"about":[{"href":"https:\/\/lasentinelle.dz\/index.php\/wp-json\/wp\/v2\/types\/post"}],"author":[{"embeddable":true,"href":"https:\/\/lasentinelle.dz\/index.php\/wp-json\/wp\/v2\/users\/6"}],"replies":[{"embeddable":true,"href":"https:\/\/lasentinelle.dz\/index.php\/wp-json\/wp\/v2\/comments?post=66130"}],"version-history":[{"count":1,"href":"https:\/\/lasentinelle.dz\/index.php\/wp-json\/wp\/v2\/posts\/66130\/revisions"}],"predecessor-version":[{"id":66132,"href":"https:\/\/lasentinelle.dz\/index.php\/wp-json\/wp\/v2\/posts\/66130\/revisions\/66132"}],"wp:featuredmedia":[{"embeddable":true,"href":"https:\/\/lasentinelle.dz\/index.php\/wp-json\/wp\/v2\/media\/66131"}],"wp:attachment":[{"href":"https:\/\/lasentinelle.dz\/index.php\/wp-json\/wp\/v2\/media?parent=66130"}],"wp:term":[{"taxonomy":"category","embeddable":true,"href":"https:\/\/lasentinelle.dz\/index.php\/wp-json\/wp\/v2\/categories?post=66130"},{"taxonomy":"post_tag","embeddable":true,"href":"https:\/\/lasentinelle.dz\/index.php\/wp-json\/wp\/v2\/tags?post=66130"}],"curies":[{"name":"wp","href":"https:\/\/api.w.org\/{rel}","templated":true}]}}