{"id":66147,"date":"2025-04-22T12:43:19","date_gmt":"2025-04-22T11:43:19","guid":{"rendered":"https:\/\/lasentinelle.dz\/?p=66147"},"modified":"2025-04-22T12:43:20","modified_gmt":"2025-04-22T11:43:20","slug":"mise-en-place-des-deux-instances-nationales-chargees-de-limportation-et-de-lexportation-le-processus-lance","status":"publish","type":"post","link":"https:\/\/lasentinelle.dz\/index.php\/2025\/04\/22\/mise-en-place-des-deux-instances-nationales-chargees-de-limportation-et-de-lexportation-le-processus-lance\/","title":{"rendered":"Mise en place des deux instances nationales charg\u00e9es de l&rsquo;importation et de l&rsquo;exportation: Le processus lanc\u00e9"},"content":{"rendered":"\n<p>Le ministre du Commerce ext\u00e9rieur et de la Promotion des exportations, Kamel Rezig, a pr\u00e9sid\u00e9 ce lundi une r\u00e9union de coordination consacr\u00e9e \u00e0 la discussion du projet de lancement des deux instances nationales charg\u00e9es de l&rsquo;importation et de l&rsquo;exportation, dont le pr\u00e9sident de la R\u00e9publique, M. Abdelmadjid Tebboune, a ordonn\u00e9 \u00ab\u00a0l&rsquo;installation et l&rsquo;activation dans un d\u00e9lai d&rsquo;un mois\u00a0\u00bb. Selon un communiqu\u00e9 du minist\u00e8re, cette r\u00e9union \u00e9largie, qui s&rsquo;est tenue au si\u00e8ge du minist\u00e8re avec la participation de repr\u00e9sentants des secteurs minist\u00e9riels, des institutions et organismes concern\u00e9s, ainsi que des repr\u00e9sentants du Conseil du renouveau \u00e9conomique alg\u00e9rien, a permis d&rsquo;exposer et de discuter les aspects organisationnels et techniques relatifs au projet de lancement de l&rsquo;Instance alg\u00e9rienne de l&rsquo;importation et de l&rsquo;Instance alg\u00e9rienne de l&rsquo;exportation. \u00c0 cette occasion, M. Rezig a affirm\u00e9 que \u00ab\u00a0la d\u00e9cision du pr\u00e9sident de la R\u00e9publique d&rsquo;installer et d&rsquo;activer ces deux instances traduit la volont\u00e9 politique sup\u00e9rieure de r\u00e9organiser les op\u00e9rations d&rsquo;importation et d&rsquo;exportation sur des bases transparentes, pr\u00e9cises et anticipatives\u00a0\u00bb, ajoute la m\u00eame source. Pour rappel, lors du Conseil des ministres tenu dimanche, le Chef de l&rsquo;\u00c9tat a ordonn\u00e9 l&rsquo;installation et l&rsquo;activation des organismes annonc\u00e9s la semaine derni\u00e8re lors de la rencontre avec les op\u00e9rateurs \u00e9conomiques, avec des directives pr\u00e9cises. Il s&rsquo;agit entre autres de la cr\u00e9ation de \u00ab\u00a0deux organismes nationaux charg\u00e9s de l&rsquo;importation et de l&rsquo;exportation\u00a0\u00bb, dont \u00ab\u00a0l&rsquo;objectif est d&rsquo;am\u00e9liorer l&rsquo;efficacit\u00e9 de la gestion selon de nouvelles conceptions et m\u00e9canismes\u00a0\u00bb. Le Pr\u00e9sident Tebboune a pr\u00e9cis\u00e9 que \u00ab\u00a0le caract\u00e8re institutionnel de l&rsquo;instance charg\u00e9e des importations, avec la participation de plusieurs secteurs, permet, gr\u00e2ce \u00e0 un travail anticipatif bas\u00e9 sur des informations fiables, de d\u00e9terminer avec pr\u00e9cision les besoins en importation, et assure une intervention rapide et la prise des d\u00e9cisions les plus efficaces de mani\u00e8re flexible et correcte\u00a0\u00bb. Cette instance sera plac\u00e9e \u00ab\u00a0sous la tutelle du Premier ministre\u00a0\u00bb. Le Chef de l&rsquo;\u00c9tat a \u00e9galement \u00ab\u00a0ordonn\u00e9 au ministre du Commerce ext\u00e9rieur et de la Promotion des exportations de pr\u00e9senter de nouvelles propositions pour organiser les op\u00e9rations d&rsquo;importation, ainsi que les op\u00e9rations d&rsquo;exportation que l&rsquo;\u00c9tat encourage selon une vision globale, int\u00e9gr\u00e9e et \u00e0 long terme, et non circonstancielle\u00a0\u00bb. Cette restructuration du commerce ext\u00e9rieur s&rsquo;inscrit dans la continuit\u00e9 des efforts du gouvernement pour diversifier l&rsquo;\u00e9conomie nationale. Lors de la 2e \u00e9dition de la Rencontre nationale avec les op\u00e9rateurs \u00e9conomiques, le Pr\u00e9sident Tebboune avait annonc\u00e9 que \u00ab\u00a0l&rsquo;exportation ne se fera plus via l&rsquo;ALGEX\u00a0\u00bb et que les deux instances seraient cr\u00e9\u00e9es \u00ab\u00a0avant la fin du mois de mai\u00a0\u00bb. Il avait \u00e9galement soulign\u00e9 l&rsquo;imp\u00e9ratif de \u00ab\u00a0provoquer un sursaut\u00a0\u00bb pour atteindre 10 milliards de dollars d&rsquo;exportations hors hydrocarbures en 2025, qualifiant de \u00ab\u00a0miracle\u00a0\u00bb la r\u00e9alisation, il y a deux ans, de 7 milliards de dollars d&rsquo;exportations hors hydrocarbures. La cr\u00e9ation de ces deux instances marque un tournant important dans la strat\u00e9gie commerciale de l&rsquo;Alg\u00e9rie, qui cherche \u00e0 mieux structurer ses \u00e9changes internationaux pour faciliter l&rsquo;acc\u00e8s aux march\u00e9s \u00e9trangers tout en r\u00e9gulant efficacement ses importations. Cette d\u00e9marche s&rsquo;inscrit dans un contexte plus large de transformation \u00e9conomique o\u00f9 l&rsquo;Alg\u00e9rie s&rsquo;efforce de r\u00e9duire sa d\u00e9pendance aux hydrocarbures en diversifiant son \u00e9conomie et en stimulant les secteurs \u00e0 fort potentiel d&rsquo;exportation. La mise en place de ces structures devrait contribuer \u00e0 am\u00e9liorer la balance commerciale du pays et \u00e0 cr\u00e9er un environnement plus favorable aux entreprises nationales souhaitant se d\u00e9velopper \u00e0 l&rsquo;international. Les nouvelles instances devraient \u00eatre op\u00e9rationnelles dans les semaines \u00e0 venir, conform\u00e9ment aux directives pr\u00e9sidentielles qui fixent un d\u00e9lai d&rsquo;un mois pour leur mise en place effective.<\/p>\n\n\n\n<p>Amar Malki<\/p>\n","protected":false},"excerpt":{"rendered":"<p>Le ministre du Commerce ext\u00e9rieur et de la Promotion des exportations, Kamel Rezig, a pr\u00e9sid\u00e9 ce lundi une r\u00e9union de<\/p>\n","protected":false},"author":6,"featured_media":61726,"comment_status":"open","ping_status":"closed","sticky":false,"template":"","format":"standard","meta":{"colormag_page_container_layout":"default_layout","colormag_page_sidebar_layout":"default_layout","om_disable_all_campaigns":false,"_monsterinsights_skip_tracking":false,"_monsterinsights_sitenote_active":false,"_monsterinsights_sitenote_note":"","_monsterinsights_sitenote_category":0,"footnotes":"","_wpscppro_dont_share_socialmedia":false,"_wpscppro_custom_social_share_image":0,"_facebook_share_type":"default","_twitter_share_type":"default","_linkedin_share_type":"default","_pinterest_share_type":"default","_linkedin_share_type_page":"","_instagram_share_type":"default","_medium_share_type":"default","_threads_share_type":"","_google_business_share_type":"","_selected_social_profile":[],"_wpsp_enable_custom_social_template":false,"_wpsp_social_scheduling":{"enabled":false,"datetime":null,"platforms":[],"status":"template_only","dateOption":"today","timeOption":"now","customDays":"","customHours":"","customDate":"","customTime":"","schedulingType":"absolute"},"_wpsp_active_default_template":true},"categories":[29],"tags":[],"class_list":["post-66147","post","type-post","status-publish","format-standard","has-post-thumbnail","hentry","category-economie"],"aioseo_notices":[],"yoast_head":"<!-- This site is optimized with the Yoast SEO plugin v27.5 - https:\/\/yoast.com\/product\/yoast-seo-wordpress\/ -->\n<title>Mise en place des deux instances nationales charg\u00e9es de l&rsquo;importation et de l&rsquo;exportation: Le processus lanc\u00e9 - La Sentinelle<\/title>\n<meta name=\"robots\" content=\"index, follow, max-snippet:-1, max-image-preview:large, max-video-preview:-1\" \/>\n<link rel=\"canonical\" href=\"https:\/\/lasentinelle.dz\/index.php\/2025\/04\/22\/mise-en-place-des-deux-instances-nationales-chargees-de-limportation-et-de-lexportation-le-processus-lance\/\" \/>\n<meta property=\"og:locale\" content=\"fr_FR\" \/>\n<meta property=\"og:type\" content=\"article\" \/>\n<meta property=\"og:title\" content=\"Mise en place des deux instances nationales charg\u00e9es de l&rsquo;importation et de l&rsquo;exportation: Le processus lanc\u00e9 - La Sentinelle\" \/>\n<meta property=\"og:description\" content=\"Le ministre du Commerce ext\u00e9rieur et de la Promotion des exportations, Kamel Rezig, a pr\u00e9sid\u00e9 ce lundi une r\u00e9union de\" \/>\n<meta property=\"og:url\" content=\"https:\/\/lasentinelle.dz\/index.php\/2025\/04\/22\/mise-en-place-des-deux-instances-nationales-chargees-de-limportation-et-de-lexportation-le-processus-lance\/\" \/>\n<meta property=\"og:site_name\" content=\"La Sentinelle\" \/>\n<meta property=\"article:publisher\" content=\"https:\/\/www.facebook.com\/La-Sentinelle-104059864394773\" \/>\n<meta property=\"article:published_time\" content=\"2025-04-22T11:43:19+00:00\" \/>\n<meta property=\"article:modified_time\" content=\"2025-04-22T11:43:20+00:00\" \/>\n<meta property=\"og:image\" content=\"https:\/\/lasentinelle.dz\/wp-content\/uploads\/2025\/01\/exportations.jpeg\" \/>\n\t<meta property=\"og:image:width\" content=\"730\" \/>\n\t<meta property=\"og:image:height\" content=\"478\" \/>\n\t<meta property=\"og:image:type\" content=\"image\/jpeg\" \/>\n<meta name=\"author\" content=\"admin\" \/>\n<meta name=\"twitter:card\" content=\"summary_large_image\" \/>\n<meta name=\"twitter:label1\" content=\"\u00c9crit par\" \/>\n\t<meta name=\"twitter:data1\" content=\"admin\" \/>\n\t<meta name=\"twitter:label2\" content=\"Dur\u00e9e de lecture estim\u00e9e\" \/>\n\t<meta name=\"twitter:data2\" content=\"4 minutes\" \/>\n<script type=\"application\/ld+json\" class=\"yoast-schema-graph\">{\"@context\":\"https:\\\/\\\/schema.org\",\"@graph\":[{\"@type\":\"Article\",\"@id\":\"https:\\\/\\\/lasentinelle.dz\\\/index.php\\\/2025\\\/04\\\/22\\\/mise-en-place-des-deux-instances-nationales-chargees-de-limportation-et-de-lexportation-le-processus-lance\\\/#article\",\"isPartOf\":{\"@id\":\"https:\\\/\\\/lasentinelle.dz\\\/index.php\\\/2025\\\/04\\\/22\\\/mise-en-place-des-deux-instances-nationales-chargees-de-limportation-et-de-lexportation-le-processus-lance\\\/\"},\"author\":{\"name\":\"admin\",\"@id\":\"https:\\\/\\\/lasentinelle.dz\\\/#\\\/schema\\\/person\\\/729ee0024f24e0b8c5ec17232f8e8b41\"},\"headline\":\"Mise en place des deux instances nationales charg\u00e9es de l&rsquo;importation et de l&rsquo;exportation: Le processus lanc\u00e9\",\"datePublished\":\"2025-04-22T11:43:19+00:00\",\"dateModified\":\"2025-04-22T11:43:20+00:00\",\"mainEntityOfPage\":{\"@id\":\"https:\\\/\\\/lasentinelle.dz\\\/index.php\\\/2025\\\/04\\\/22\\\/mise-en-place-des-deux-instances-nationales-chargees-de-limportation-et-de-lexportation-le-processus-lance\\\/\"},\"wordCount\":699,\"commentCount\":0,\"publisher\":{\"@id\":\"https:\\\/\\\/lasentinelle.dz\\\/#organization\"},\"image\":{\"@id\":\"https:\\\/\\\/lasentinelle.dz\\\/index.php\\\/2025\\\/04\\\/22\\\/mise-en-place-des-deux-instances-nationales-chargees-de-limportation-et-de-lexportation-le-processus-lance\\\/#primaryimage\"},\"thumbnailUrl\":\"https:\\\/\\\/lasentinelle.dz\\\/wp-content\\\/uploads\\\/2025\\\/01\\\/exportations.jpeg\",\"articleSection\":[\"\u00c9conomie\"],\"inLanguage\":\"fr-FR\",\"potentialAction\":[{\"@type\":\"CommentAction\",\"name\":\"Comment\",\"target\":[\"https:\\\/\\\/lasentinelle.dz\\\/index.php\\\/2025\\\/04\\\/22\\\/mise-en-place-des-deux-instances-nationales-chargees-de-limportation-et-de-lexportation-le-processus-lance\\\/#respond\"]}]},{\"@type\":\"WebPage\",\"@id\":\"https:\\\/\\\/lasentinelle.dz\\\/index.php\\\/2025\\\/04\\\/22\\\/mise-en-place-des-deux-instances-nationales-chargees-de-limportation-et-de-lexportation-le-processus-lance\\\/\",\"url\":\"https:\\\/\\\/lasentinelle.dz\\\/index.php\\\/2025\\\/04\\\/22\\\/mise-en-place-des-deux-instances-nationales-chargees-de-limportation-et-de-lexportation-le-processus-lance\\\/\",\"name\":\"Mise en place des deux instances nationales charg\u00e9es de l&rsquo;importation et de l&rsquo;exportation: Le processus lanc\u00e9 - La Sentinelle\",\"isPartOf\":{\"@id\":\"https:\\\/\\\/lasentinelle.dz\\\/#website\"},\"primaryImageOfPage\":{\"@id\":\"https:\\\/\\\/lasentinelle.dz\\\/index.php\\\/2025\\\/04\\\/22\\\/mise-en-place-des-deux-instances-nationales-chargees-de-limportation-et-de-lexportation-le-processus-lance\\\/#primaryimage\"},\"image\":{\"@id\":\"https:\\\/\\\/lasentinelle.dz\\\/index.php\\\/2025\\\/04\\\/22\\\/mise-en-place-des-deux-instances-nationales-chargees-de-limportation-et-de-lexportation-le-processus-lance\\\/#primaryimage\"},\"thumbnailUrl\":\"https:\\\/\\\/lasentinelle.dz\\\/wp-content\\\/uploads\\\/2025\\\/01\\\/exportations.jpeg\",\"datePublished\":\"2025-04-22T11:43:19+00:00\",\"dateModified\":\"2025-04-22T11:43:20+00:00\",\"breadcrumb\":{\"@id\":\"https:\\\/\\\/lasentinelle.dz\\\/index.php\\\/2025\\\/04\\\/22\\\/mise-en-place-des-deux-instances-nationales-chargees-de-limportation-et-de-lexportation-le-processus-lance\\\/#breadcrumb\"},\"inLanguage\":\"fr-FR\",\"potentialAction\":[{\"@type\":\"ReadAction\",\"target\":[\"https:\\\/\\\/lasentinelle.dz\\\/index.php\\\/2025\\\/04\\\/22\\\/mise-en-place-des-deux-instances-nationales-chargees-de-limportation-et-de-lexportation-le-processus-lance\\\/\"]}]},{\"@type\":\"ImageObject\",\"inLanguage\":\"fr-FR\",\"@id\":\"https:\\\/\\\/lasentinelle.dz\\\/index.php\\\/2025\\\/04\\\/22\\\/mise-en-place-des-deux-instances-nationales-chargees-de-limportation-et-de-lexportation-le-processus-lance\\\/#primaryimage\",\"url\":\"https:\\\/\\\/lasentinelle.dz\\\/wp-content\\\/uploads\\\/2025\\\/01\\\/exportations.jpeg\",\"contentUrl\":\"https:\\\/\\\/lasentinelle.dz\\\/wp-content\\\/uploads\\\/2025\\\/01\\\/exportations.jpeg\",\"width\":730,\"height\":478},{\"@type\":\"BreadcrumbList\",\"@id\":\"https:\\\/\\\/lasentinelle.dz\\\/index.php\\\/2025\\\/04\\\/22\\\/mise-en-place-des-deux-instances-nationales-chargees-de-limportation-et-de-lexportation-le-processus-lance\\\/#breadcrumb\",\"itemListElement\":[{\"@type\":\"ListItem\",\"position\":1,\"name\":\"Accueil\",\"item\":\"https:\\\/\\\/lasentinelle.dz\\\/\"},{\"@type\":\"ListItem\",\"position\":2,\"name\":\"Mise en place des deux instances nationales charg\u00e9es de l&rsquo;importation et de l&rsquo;exportation: Le processus lanc\u00e9\"}]},{\"@type\":\"WebSite\",\"@id\":\"https:\\\/\\\/lasentinelle.dz\\\/#website\",\"url\":\"https:\\\/\\\/lasentinelle.dz\\\/\",\"name\":\"La Sentinelle\",\"description\":\"Quotidien national d&#039;information\",\"publisher\":{\"@id\":\"https:\\\/\\\/lasentinelle.dz\\\/#organization\"},\"potentialAction\":[{\"@type\":\"SearchAction\",\"target\":{\"@type\":\"EntryPoint\",\"urlTemplate\":\"https:\\\/\\\/lasentinelle.dz\\\/?s={search_term_string}\"},\"query-input\":{\"@type\":\"PropertyValueSpecification\",\"valueRequired\":true,\"valueName\":\"search_term_string\"}}],\"inLanguage\":\"fr-FR\"},{\"@type\":\"Organization\",\"@id\":\"https:\\\/\\\/lasentinelle.dz\\\/#organization\",\"name\":\"Quotidien La Sentinelle\",\"url\":\"https:\\\/\\\/lasentinelle.dz\\\/\",\"logo\":{\"@type\":\"ImageObject\",\"inLanguage\":\"fr-FR\",\"@id\":\"https:\\\/\\\/lasentinelle.dz\\\/#\\\/schema\\\/logo\\\/image\\\/\",\"url\":\"https:\\\/\\\/lasentinelle.dz\\\/wp-content\\\/uploads\\\/2021\\\/09\\\/logo-sentinelleSLOGAN-1.png\",\"contentUrl\":\"https:\\\/\\\/lasentinelle.dz\\\/wp-content\\\/uploads\\\/2021\\\/09\\\/logo-sentinelleSLOGAN-1.png\",\"width\":615,\"height\":142,\"caption\":\"Quotidien La Sentinelle\"},\"image\":{\"@id\":\"https:\\\/\\\/lasentinelle.dz\\\/#\\\/schema\\\/logo\\\/image\\\/\"},\"sameAs\":[\"https:\\\/\\\/www.facebook.com\\\/La-Sentinelle-104059864394773\"]},{\"@type\":\"Person\",\"@id\":\"https:\\\/\\\/lasentinelle.dz\\\/#\\\/schema\\\/person\\\/729ee0024f24e0b8c5ec17232f8e8b41\",\"name\":\"admin\",\"image\":{\"@type\":\"ImageObject\",\"inLanguage\":\"fr-FR\",\"@id\":\"https:\\\/\\\/secure.gravatar.com\\\/avatar\\\/4c81fed838786e9b53f540bf46533e750f5d292099ae3b66cfc6fb1982e29df7?s=96&d=mm&r=g\",\"url\":\"https:\\\/\\\/secure.gravatar.com\\\/avatar\\\/4c81fed838786e9b53f540bf46533e750f5d292099ae3b66cfc6fb1982e29df7?s=96&d=mm&r=g\",\"contentUrl\":\"https:\\\/\\\/secure.gravatar.com\\\/avatar\\\/4c81fed838786e9b53f540bf46533e750f5d292099ae3b66cfc6fb1982e29df7?s=96&d=mm&r=g\",\"caption\":\"admin\"},\"description\":\"admin\",\"url\":\"https:\\\/\\\/lasentinelle.dz\\\/author\\\/admin\\\/\"}]}<\/script>\n<!-- \/ Yoast SEO plugin. -->","yoast_head_json":{"title":"Mise en place des deux instances nationales charg\u00e9es de l&rsquo;importation et de l&rsquo;exportation: Le processus lanc\u00e9 - La Sentinelle","robots":{"index":"index","follow":"follow","max-snippet":"max-snippet:-1","max-image-preview":"max-image-preview:large","max-video-preview":"max-video-preview:-1"},"canonical":"https:\/\/lasentinelle.dz\/index.php\/2025\/04\/22\/mise-en-place-des-deux-instances-nationales-chargees-de-limportation-et-de-lexportation-le-processus-lance\/","og_locale":"fr_FR","og_type":"article","og_title":"Mise en place des deux instances nationales charg\u00e9es de l&rsquo;importation et de l&rsquo;exportation: Le processus lanc\u00e9 - La Sentinelle","og_description":"Le ministre du Commerce ext\u00e9rieur et de la Promotion des exportations, Kamel Rezig, a pr\u00e9sid\u00e9 ce lundi une r\u00e9union de","og_url":"https:\/\/lasentinelle.dz\/index.php\/2025\/04\/22\/mise-en-place-des-deux-instances-nationales-chargees-de-limportation-et-de-lexportation-le-processus-lance\/","og_site_name":"La Sentinelle","article_publisher":"https:\/\/www.facebook.com\/La-Sentinelle-104059864394773","article_published_time":"2025-04-22T11:43:19+00:00","article_modified_time":"2025-04-22T11:43:20+00:00","og_image":[{"width":730,"height":478,"url":"https:\/\/lasentinelle.dz\/wp-content\/uploads\/2025\/01\/exportations.jpeg","type":"image\/jpeg"}],"author":"admin","twitter_card":"summary_large_image","twitter_misc":{"\u00c9crit par":"admin","Dur\u00e9e de lecture estim\u00e9e":"4 minutes"},"schema":{"@context":"https:\/\/schema.org","@graph":[{"@type":"Article","@id":"https:\/\/lasentinelle.dz\/index.php\/2025\/04\/22\/mise-en-place-des-deux-instances-nationales-chargees-de-limportation-et-de-lexportation-le-processus-lance\/#article","isPartOf":{"@id":"https:\/\/lasentinelle.dz\/index.php\/2025\/04\/22\/mise-en-place-des-deux-instances-nationales-chargees-de-limportation-et-de-lexportation-le-processus-lance\/"},"author":{"name":"admin","@id":"https:\/\/lasentinelle.dz\/#\/schema\/person\/729ee0024f24e0b8c5ec17232f8e8b41"},"headline":"Mise en place des deux instances nationales charg\u00e9es de l&rsquo;importation et de l&rsquo;exportation: Le processus lanc\u00e9","datePublished":"2025-04-22T11:43:19+00:00","dateModified":"2025-04-22T11:43:20+00:00","mainEntityOfPage":{"@id":"https:\/\/lasentinelle.dz\/index.php\/2025\/04\/22\/mise-en-place-des-deux-instances-nationales-chargees-de-limportation-et-de-lexportation-le-processus-lance\/"},"wordCount":699,"commentCount":0,"publisher":{"@id":"https:\/\/lasentinelle.dz\/#organization"},"image":{"@id":"https:\/\/lasentinelle.dz\/index.php\/2025\/04\/22\/mise-en-place-des-deux-instances-nationales-chargees-de-limportation-et-de-lexportation-le-processus-lance\/#primaryimage"},"thumbnailUrl":"https:\/\/lasentinelle.dz\/wp-content\/uploads\/2025\/01\/exportations.jpeg","articleSection":["\u00c9conomie"],"inLanguage":"fr-FR","potentialAction":[{"@type":"CommentAction","name":"Comment","target":["https:\/\/lasentinelle.dz\/index.php\/2025\/04\/22\/mise-en-place-des-deux-instances-nationales-chargees-de-limportation-et-de-lexportation-le-processus-lance\/#respond"]}]},{"@type":"WebPage","@id":"https:\/\/lasentinelle.dz\/index.php\/2025\/04\/22\/mise-en-place-des-deux-instances-nationales-chargees-de-limportation-et-de-lexportation-le-processus-lance\/","url":"https:\/\/lasentinelle.dz\/index.php\/2025\/04\/22\/mise-en-place-des-deux-instances-nationales-chargees-de-limportation-et-de-lexportation-le-processus-lance\/","name":"Mise en place des deux instances nationales charg\u00e9es de l&rsquo;importation et de l&rsquo;exportation: Le processus lanc\u00e9 - La Sentinelle","isPartOf":{"@id":"https:\/\/lasentinelle.dz\/#website"},"primaryImageOfPage":{"@id":"https:\/\/lasentinelle.dz\/index.php\/2025\/04\/22\/mise-en-place-des-deux-instances-nationales-chargees-de-limportation-et-de-lexportation-le-processus-lance\/#primaryimage"},"image":{"@id":"https:\/\/lasentinelle.dz\/index.php\/2025\/04\/22\/mise-en-place-des-deux-instances-nationales-chargees-de-limportation-et-de-lexportation-le-processus-lance\/#primaryimage"},"thumbnailUrl":"https:\/\/lasentinelle.dz\/wp-content\/uploads\/2025\/01\/exportations.jpeg","datePublished":"2025-04-22T11:43:19+00:00","dateModified":"2025-04-22T11:43:20+00:00","breadcrumb":{"@id":"https:\/\/lasentinelle.dz\/index.php\/2025\/04\/22\/mise-en-place-des-deux-instances-nationales-chargees-de-limportation-et-de-lexportation-le-processus-lance\/#breadcrumb"},"inLanguage":"fr-FR","potentialAction":[{"@type":"ReadAction","target":["https:\/\/lasentinelle.dz\/index.php\/2025\/04\/22\/mise-en-place-des-deux-instances-nationales-chargees-de-limportation-et-de-lexportation-le-processus-lance\/"]}]},{"@type":"ImageObject","inLanguage":"fr-FR","@id":"https:\/\/lasentinelle.dz\/index.php\/2025\/04\/22\/mise-en-place-des-deux-instances-nationales-chargees-de-limportation-et-de-lexportation-le-processus-lance\/#primaryimage","url":"https:\/\/lasentinelle.dz\/wp-content\/uploads\/2025\/01\/exportations.jpeg","contentUrl":"https:\/\/lasentinelle.dz\/wp-content\/uploads\/2025\/01\/exportations.jpeg","width":730,"height":478},{"@type":"BreadcrumbList","@id":"https:\/\/lasentinelle.dz\/index.php\/2025\/04\/22\/mise-en-place-des-deux-instances-nationales-chargees-de-limportation-et-de-lexportation-le-processus-lance\/#breadcrumb","itemListElement":[{"@type":"ListItem","position":1,"name":"Accueil","item":"https:\/\/lasentinelle.dz\/"},{"@type":"ListItem","position":2,"name":"Mise en place des deux instances nationales charg\u00e9es de l&rsquo;importation et de l&rsquo;exportation: Le processus lanc\u00e9"}]},{"@type":"WebSite","@id":"https:\/\/lasentinelle.dz\/#website","url":"https:\/\/lasentinelle.dz\/","name":"La Sentinelle","description":"Quotidien national d&#039;information","publisher":{"@id":"https:\/\/lasentinelle.dz\/#organization"},"potentialAction":[{"@type":"SearchAction","target":{"@type":"EntryPoint","urlTemplate":"https:\/\/lasentinelle.dz\/?s={search_term_string}"},"query-input":{"@type":"PropertyValueSpecification","valueRequired":true,"valueName":"search_term_string"}}],"inLanguage":"fr-FR"},{"@type":"Organization","@id":"https:\/\/lasentinelle.dz\/#organization","name":"Quotidien La Sentinelle","url":"https:\/\/lasentinelle.dz\/","logo":{"@type":"ImageObject","inLanguage":"fr-FR","@id":"https:\/\/lasentinelle.dz\/#\/schema\/logo\/image\/","url":"https:\/\/lasentinelle.dz\/wp-content\/uploads\/2021\/09\/logo-sentinelleSLOGAN-1.png","contentUrl":"https:\/\/lasentinelle.dz\/wp-content\/uploads\/2021\/09\/logo-sentinelleSLOGAN-1.png","width":615,"height":142,"caption":"Quotidien La Sentinelle"},"image":{"@id":"https:\/\/lasentinelle.dz\/#\/schema\/logo\/image\/"},"sameAs":["https:\/\/www.facebook.com\/La-Sentinelle-104059864394773"]},{"@type":"Person","@id":"https:\/\/lasentinelle.dz\/#\/schema\/person\/729ee0024f24e0b8c5ec17232f8e8b41","name":"admin","image":{"@type":"ImageObject","inLanguage":"fr-FR","@id":"https:\/\/secure.gravatar.com\/avatar\/4c81fed838786e9b53f540bf46533e750f5d292099ae3b66cfc6fb1982e29df7?s=96&d=mm&r=g","url":"https:\/\/secure.gravatar.com\/avatar\/4c81fed838786e9b53f540bf46533e750f5d292099ae3b66cfc6fb1982e29df7?s=96&d=mm&r=g","contentUrl":"https:\/\/secure.gravatar.com\/avatar\/4c81fed838786e9b53f540bf46533e750f5d292099ae3b66cfc6fb1982e29df7?s=96&d=mm&r=g","caption":"admin"},"description":"admin","url":"https:\/\/lasentinelle.dz\/author\/admin\/"}]}},"_links":{"self":[{"href":"https:\/\/lasentinelle.dz\/index.php\/wp-json\/wp\/v2\/posts\/66147","targetHints":{"allow":["GET"]}}],"collection":[{"href":"https:\/\/lasentinelle.dz\/index.php\/wp-json\/wp\/v2\/posts"}],"about":[{"href":"https:\/\/lasentinelle.dz\/index.php\/wp-json\/wp\/v2\/types\/post"}],"author":[{"embeddable":true,"href":"https:\/\/lasentinelle.dz\/index.php\/wp-json\/wp\/v2\/users\/6"}],"replies":[{"embeddable":true,"href":"https:\/\/lasentinelle.dz\/index.php\/wp-json\/wp\/v2\/comments?post=66147"}],"version-history":[{"count":2,"href":"https:\/\/lasentinelle.dz\/index.php\/wp-json\/wp\/v2\/posts\/66147\/revisions"}],"predecessor-version":[{"id":66149,"href":"https:\/\/lasentinelle.dz\/index.php\/wp-json\/wp\/v2\/posts\/66147\/revisions\/66149"}],"wp:featuredmedia":[{"embeddable":true,"href":"https:\/\/lasentinelle.dz\/index.php\/wp-json\/wp\/v2\/media\/61726"}],"wp:attachment":[{"href":"https:\/\/lasentinelle.dz\/index.php\/wp-json\/wp\/v2\/media?parent=66147"}],"wp:term":[{"taxonomy":"category","embeddable":true,"href":"https:\/\/lasentinelle.dz\/index.php\/wp-json\/wp\/v2\/categories?post=66147"},{"taxonomy":"post_tag","embeddable":true,"href":"https:\/\/lasentinelle.dz\/index.php\/wp-json\/wp\/v2\/tags?post=66147"}],"curies":[{"name":"wp","href":"https:\/\/api.w.org\/{rel}","templated":true}]}}