{"id":66159,"date":"2025-04-22T12:48:12","date_gmt":"2025-04-22T11:48:12","guid":{"rendered":"https:\/\/lasentinelle.dz\/?p=66159"},"modified":"2025-04-22T12:48:13","modified_gmt":"2025-04-22T11:48:13","slug":"attaf-souligne-le-caractere-historique-global-et-complementaire-des-relations-entre-les-deux-pays-6-milliards-de-dollars-dinvestissements-turcs-en-algerie","status":"publish","type":"post","link":"https:\/\/lasentinelle.dz\/index.php\/2025\/04\/22\/attaf-souligne-le-caractere-historique-global-et-complementaire-des-relations-entre-les-deux-pays-6-milliards-de-dollars-dinvestissements-turcs-en-algerie\/","title":{"rendered":"Attaf souligne le caract\u00e8re historique, global et compl\u00e9mentaire des relations entre les deux pays. : 6 milliards de dollars d&rsquo;investissements turcs en Alg\u00e9rie"},"content":{"rendered":"\n<p>La coop\u00e9ration bilat\u00e9rale entre l&rsquo;Alg\u00e9rie et la Turquie conna\u00eet une dynamique sans pr\u00e9c\u00e9dent, illustr\u00e9e par un volume d&rsquo;investissements turcs atteignant pr\u00e8s de 6 milliards de dollars am\u00e9ricains en Alg\u00e9rie.<\/p>\n\n\n\n<p>Lors de la 3e session de la Commission de planification alg\u00e9ro-turque, qui s&rsquo;est tenue hier \u00e0 Alger, copr\u00e9sid\u00e9e par le ministre d&rsquo;\u00c9tat, ministre des Affaires \u00e9trang\u00e8res, de la Communaut\u00e9 nationale \u00e0 l&rsquo;\u00e9tranger et des Affaires africaines, M. Ahmed Attaf, et son homologue turc, M. Hakan Fidan, le chef de la diplomatie alg\u00e9rienne a soulign\u00e9 la nature des relations liant les deux pays, qu&rsquo;il a qualifi\u00e9es d'\u00a0\u00bbhistoriques, globales et compl\u00e9mentaires\u00a0\u00bb ayant pour finalit\u00e9 d&rsquo;\u00e9tablir des ponts de coop\u00e9ration dans divers domaines de la vie politique, socio\u00e9conomique et culturelle, mais aussi des relations \u00ab\u00a0authentiques et enracin\u00e9es au service des objectifs et priorit\u00e9s dont les dimensions et contours ont \u00e9t\u00e9 trac\u00e9s par les deux pays\u00a0\u00bb. Attaf a mis en exergue \u00ab\u00a0le niveau in\u00e9dit des investissements turcs en Alg\u00e9rie, estim\u00e9s \u00e0 pr\u00e8s de 6 milliards USD\u00a0\u00bb, ainsi que \u00ab\u00a0les succ\u00e8s enregistr\u00e9s conjointement dans plusieurs secteurs comme la sid\u00e9rurgie, le textile, l&rsquo;\u00e9nergie, les travaux publics et, plus r\u00e9cemment, l&rsquo;agriculture saharienne\u00a0\u00bb. Cette diversification sectorielle des investissements turcs t\u00e9moigne de la profondeur du partenariat \u00e9conomique entre les deux nations et de la confiance des op\u00e9rateurs turcs dans le climat d&rsquo;affaires alg\u00e9rien. Les \u00e9changes commerciaux entre l&rsquo;Alg\u00e9rie et la Turquie ont \u00e9galement connu une croissance remarquable, atteignant le niveau record de 6 milliards de dollars am\u00e9ricains l&rsquo;ann\u00e9e derni\u00e8re. \u00c0 ce propos, M. Attaf s&rsquo;est f\u00e9licit\u00e9 du \u00ab\u00a0niveau des \u00e9changes commerciaux sans pr\u00e9c\u00e9dent entre les deux pays\u00a0\u00bb, tout en affichant son ambition de \u00ab\u00a0r\u00e9aliser davantage\u00a0\u00bb pour \u00ab\u00a0atteindre l&rsquo;objectif fix\u00e9 par les dirigeants des deux pays, \u00e0 savoir 10 milliards USD\u00a0\u00bb. Cette dynamique commerciale positive refl\u00e8te la compl\u00e9mentarit\u00e9 des \u00e9conomies alg\u00e9rienne et turque, et t\u00e9moigne de l&rsquo;efficacit\u00e9 des m\u00e9canismes de coop\u00e9ration mis en place entre les deux pays.<\/p>\n\n\n\n<p>L&rsquo;Alg\u00e9rie premier partenaire de la Turquie en Afrique<\/p>\n\n\n\n<p>Le ministre turc des Affaires \u00e9trang\u00e8res a confirm\u00e9 de son c\u00f4t\u00e9 cette vision en rappelant que l&rsquo;Alg\u00e9rie est \u00ab\u00a0le plus grand partenaire de la Turquie en Afrique\u00a0\u00bb, se f\u00e9licitant des relations alg\u00e9ro-turques marqu\u00e9es par une coop\u00e9ration conjointe dans plusieurs domaines, y compris \u00e9conomiques et socio-culturels. M. Hakan Fidan a \u00e9galement salu\u00e9 le niveau atteint par le commerce bilat\u00e9ral entre les deux pays, rappelant que \u00ab\u00a0les deux pays ambitionnent d&rsquo;atteindre une valeur de 10 milliards USD\u00a0\u00bb. Le diplomate turc a par ailleurs \u00e9voqu\u00e9 l&rsquo;inauguration du si\u00e8ge du consulat g\u00e9n\u00e9ral de Turquie \u00e0 Oran, soulignant que cette d\u00e9marche \u00ab\u00a0incarne la volont\u00e9 de son pays de renforcer ses relations \u00e9conomiques dans cette r\u00e9gion dynamique\u00a0\u00bb et \u00ab\u00a0renforcera les relations entre les deux pays amis et fr\u00e8res\u00a0\u00bb. Cette pr\u00e9sence consulaire renforc\u00e9e facilitera les \u00e9changes \u00e9conomiques et commerciaux, particuli\u00e8rement dans l&rsquo;ouest alg\u00e9rien, r\u00e9gion qui conna\u00eet un dynamisme \u00e9conomique notable. La r\u00e9union de la Commission de planification alg\u00e9ro-turque s&rsquo;inscrit dans la continuit\u00e9 des efforts d\u00e9ploy\u00e9s par les pr\u00e9sidents Abdelmadjid Tebboune et Recep Tayyip Erdogan pour intensifier les relations bilat\u00e9rales. \u00c0 cet \u00e9gard, M. Attaf a indiqu\u00e9 qu&rsquo;\u00e0 travers cette r\u00e9union, \u00ab\u00a0les deux pays r\u00e9affirment leur d\u00e9termination \u00e0 honorer leur engagement envers les relations privil\u00e9gi\u00e9es qui les lient (&#8230;) et leur ambition de les hisser \u00e0 des niveaux sup\u00e9rieurs, conform\u00e9ment aux orientations des dirigeants des deux pays fr\u00e8res, le Pr\u00e9sident Abdelmadjid Tebboune et son fr\u00e8re Recep Tayyip Erdogan, \u00e0 qui revient le m\u00e9rite de la dynamique croissante et du d\u00e9veloppement constant des relations alg\u00e9ro-turques\u00a0\u00bb. Le ministre a insist\u00e9 sur le fait que \u00ab\u00a0nous devons garder \u00e0 l&rsquo;esprit les priorit\u00e9s qualitatives et les objectifs quantitatifs d\u00e9finis par les Pr\u00e9sidents Abdelmadjid Tebboune et Recep Tayyip Erdogan selon une approche empreinte de rigueur, de clart\u00e9 et d&rsquo;ambition\u00a0\u00bb. Il a \u00e9galement soulign\u00e9 que \u00ab\u00a0qu&rsquo;il s&rsquo;agisse du volume des \u00e9changes commerciaux, du niveau des investissements bilat\u00e9raux ou de la coop\u00e9ration dans divers secteurs socio\u00e9conomiques et culturels, nous sommes appel\u00e9s \u00e0 aplanir les obstacles en vue d&rsquo;atteindre nos objectifs strat\u00e9giques\u00a0\u00bb. Au-del\u00e0 des aspects purement \u00e9conomiques et commerciaux, la coop\u00e9ration alg\u00e9ro-turque s&rsquo;\u00e9tend \u00e9galement aux domaines culturel, acad\u00e9mique et scientifique. M. Attaf s&rsquo;est dit satisfait de tout ce qui a \u00e9t\u00e9 accompli dans le cadre du renforcement des dimensions humaines des relations bilat\u00e9rales dans les domaines de la culture, de l&rsquo;enseignement sup\u00e9rieur, de la recherche scientifique et de la sant\u00e9. \u00ab\u00a0Nous aspirons \u00e0 r\u00e9aliser davantage (&#8230;) car notre succ\u00e8s commun r\u00e9side dans notre capacit\u00e9 \u00e0 renforcer la coop\u00e9ration et \u00e0 rapprocher encore plus les peuples alg\u00e9rien et turc fr\u00e8res\u00a0\u00bb, a-t-il soutenu. Sur le plan politique, les deux pays entretiennent une concertation constante sur les questions r\u00e9gionales et internationales d&rsquo;int\u00e9r\u00eat commun. \u00ab\u00a0Tout en veillant au renforcement de ce partenariat prometteur, dans toutes ses dimensions et composantes, nous demeurons attach\u00e9s aux traditions de concertation politique et de coordination bilat\u00e9rale concernant les questions d&rsquo;actualit\u00e9 d&rsquo;int\u00e9r\u00eat commun\u00a0\u00bb, a affirm\u00e9 M. Attaf, faisant remarquer que \u00ab\u00a0le monde traverse aujourd&rsquo;hui de profondes turbulences qui n&rsquo;\u00e9pargnent aucun pan du syst\u00e8me international contemporain\u00a0\u00bb. De telles situations \u00ab\u00a0nous imposent de capitaliser sur les convergences politiques entre nos deux pays, qui sont attach\u00e9s aux principes de la Charte des Nations Unies et \u00e0 la logique du dialogue dans le r\u00e8glement des crises, des conflits et des guerres\u00a0\u00bb, a-t-il poursuivi. Le ministre alg\u00e9rien a particuli\u00e8rement mis l&rsquo;accent sur \u00ab\u00a0la fid\u00e9lit\u00e9 de l&rsquo;Alg\u00e9rie et de la Turquie \u00e0 la lutte du peuple palestinien pour l&rsquo;\u00e9tablissement de son \u00c9tat ind\u00e9pendant et souverain avec El-Qods comme capitale et la reconnaissance de ses droits imprescriptibles et l\u00e9gitimes en toutes circonstances et quels que soient les obstacles\u00a0\u00bb. Il a \u00e9galement \u00e9voqu\u00e9 la poursuite des efforts par l&rsquo;Alg\u00e9rie et la Turquie \u00ab\u00a0en faveur d&rsquo;une paix globale, juste, durable et d\u00e9finitive au Moyen-Orient qui garantisse, outre la justice pour le peuple palestinien, la pr\u00e9servation de l&rsquo;unit\u00e9 nationale, de l&rsquo;int\u00e9grit\u00e9 territoriale et de la souverainet\u00e9 du Liban et de la Syrie\u00a0\u00bb.<\/p>\n\n\n\n<p>Amar Malki<\/p>\n\n\n\n<p><strong>Le pr\u00e9sident de la R\u00e9publique re\u00e7oit le ministre&nbsp;turc&nbsp;des Affaires \u00e9trang\u00e8res<\/strong><\/p>\n\n\n\n<p>Le pr\u00e9sident de la R\u00e9publique, M. Abdelmadjid Tebboune, a re\u00e7u, lundi \u00e0 Alger, le ministre des Affaires \u00e9trang\u00e8res de la R\u00e9publique de Turquie, M. Hakan Fidan, et la d\u00e9l\u00e9gation qui l&rsquo;accompagne. L&rsquo;audience s&rsquo;est d\u00e9roul\u00e9e en pr\u00e9sence du directeur de Cabinet \u00e0 la Pr\u00e9sidence de la R\u00e9publique, M. Boualem Boualem, et du ministre d&rsquo;Etat, ministre des Affaires \u00e9trang\u00e8res, de la Communaut\u00e9 nationale \u00e0 l&rsquo;\u00e9tranger et des Affaires africaines, M. Ahmed Attaf.<\/p>\n","protected":false},"excerpt":{"rendered":"<p>La coop\u00e9ration bilat\u00e9rale entre l&rsquo;Alg\u00e9rie et la Turquie conna\u00eet une dynamique sans pr\u00e9c\u00e9dent, illustr\u00e9e par un volume d&rsquo;investissements turcs atteignant<\/p>\n","protected":false},"author":6,"featured_media":66160,"comment_status":"open","ping_status":"closed","sticky":false,"template":"","format":"standard","meta":{"colormag_page_container_layout":"default_layout","colormag_page_sidebar_layout":"default_layout","om_disable_all_campaigns":false,"_monsterinsights_skip_tracking":false,"_monsterinsights_sitenote_active":false,"_monsterinsights_sitenote_note":"","_monsterinsights_sitenote_category":0,"footnotes":"","_wpscppro_dont_share_socialmedia":false,"_wpscppro_custom_social_share_image":0,"_facebook_share_type":"default","_twitter_share_type":"default","_linkedin_share_type":"default","_pinterest_share_type":"default","_linkedin_share_type_page":"","_instagram_share_type":"default","_medium_share_type":"default","_threads_share_type":"","_google_business_share_type":"","_selected_social_profile":[],"_wpsp_enable_custom_social_template":false,"_wpsp_social_scheduling":{"enabled":false,"datetime":null,"platforms":[],"status":"template_only","dateOption":"today","timeOption":"now","customDays":"","customHours":"","customDate":"","customTime":"","schedulingType":"absolute"},"_wpsp_active_default_template":true},"categories":[52,27],"tags":[],"class_list":["post-66159","post","type-post","status-publish","format-standard","has-post-thumbnail","hentry","category-a-la-une","category-actualite"],"aioseo_notices":[],"yoast_head":"<!-- This site is optimized with the Yoast SEO plugin v27.4 - https:\/\/yoast.com\/product\/yoast-seo-wordpress\/ -->\n<title>Attaf souligne le caract\u00e8re historique, global et compl\u00e9mentaire des relations entre les deux pays. : 6 milliards de dollars d&rsquo;investissements turcs en Alg\u00e9rie - La Sentinelle<\/title>\n<meta name=\"robots\" content=\"index, follow, max-snippet:-1, max-image-preview:large, max-video-preview:-1\" \/>\n<link rel=\"canonical\" href=\"https:\/\/lasentinelle.dz\/index.php\/2025\/04\/22\/attaf-souligne-le-caractere-historique-global-et-complementaire-des-relations-entre-les-deux-pays-6-milliards-de-dollars-dinvestissements-turcs-en-algerie\/\" \/>\n<meta property=\"og:locale\" content=\"fr_FR\" \/>\n<meta property=\"og:type\" content=\"article\" \/>\n<meta property=\"og:title\" content=\"Attaf souligne le caract\u00e8re historique, global et compl\u00e9mentaire des relations entre les deux pays. : 6 milliards de dollars d&rsquo;investissements turcs en Alg\u00e9rie - La Sentinelle\" \/>\n<meta property=\"og:description\" content=\"La coop\u00e9ration bilat\u00e9rale entre l&rsquo;Alg\u00e9rie et la Turquie conna\u00eet une dynamique sans pr\u00e9c\u00e9dent, illustr\u00e9e par un volume d&rsquo;investissements turcs atteignant\" \/>\n<meta property=\"og:url\" content=\"https:\/\/lasentinelle.dz\/index.php\/2025\/04\/22\/attaf-souligne-le-caractere-historique-global-et-complementaire-des-relations-entre-les-deux-pays-6-milliards-de-dollars-dinvestissements-turcs-en-algerie\/\" \/>\n<meta property=\"og:site_name\" content=\"La Sentinelle\" \/>\n<meta property=\"article:publisher\" content=\"https:\/\/www.facebook.com\/La-Sentinelle-104059864394773\" \/>\n<meta property=\"article:published_time\" content=\"2025-04-22T11:48:12+00:00\" \/>\n<meta property=\"article:modified_time\" content=\"2025-04-22T11:48:13+00:00\" \/>\n<meta property=\"og:image\" content=\"https:\/\/lasentinelle.dz\/wp-content\/uploads\/2025\/04\/tebboune-erdogan.jpg\" \/>\n\t<meta property=\"og:image:width\" content=\"864\" \/>\n\t<meta property=\"og:image:height\" content=\"486\" \/>\n\t<meta property=\"og:image:type\" content=\"image\/jpeg\" \/>\n<meta name=\"author\" content=\"admin\" \/>\n<meta name=\"twitter:card\" content=\"summary_large_image\" \/>\n<meta name=\"twitter:label1\" content=\"\u00c9crit par\" \/>\n\t<meta name=\"twitter:data1\" content=\"admin\" \/>\n\t<meta name=\"twitter:label2\" content=\"Dur\u00e9e de lecture estim\u00e9e\" \/>\n\t<meta name=\"twitter:data2\" content=\"6 minutes\" \/>\n<script type=\"application\/ld+json\" class=\"yoast-schema-graph\">{\"@context\":\"https:\\\/\\\/schema.org\",\"@graph\":[{\"@type\":\"Article\",\"@id\":\"https:\\\/\\\/lasentinelle.dz\\\/index.php\\\/2025\\\/04\\\/22\\\/attaf-souligne-le-caractere-historique-global-et-complementaire-des-relations-entre-les-deux-pays-6-milliards-de-dollars-dinvestissements-turcs-en-algerie\\\/#article\",\"isPartOf\":{\"@id\":\"https:\\\/\\\/lasentinelle.dz\\\/index.php\\\/2025\\\/04\\\/22\\\/attaf-souligne-le-caractere-historique-global-et-complementaire-des-relations-entre-les-deux-pays-6-milliards-de-dollars-dinvestissements-turcs-en-algerie\\\/\"},\"author\":{\"name\":\"admin\",\"@id\":\"https:\\\/\\\/lasentinelle.dz\\\/#\\\/schema\\\/person\\\/729ee0024f24e0b8c5ec17232f8e8b41\"},\"headline\":\"Attaf souligne le caract\u00e8re historique, global et compl\u00e9mentaire des relations entre les deux pays. : 6 milliards de dollars d&rsquo;investissements turcs en Alg\u00e9rie\",\"datePublished\":\"2025-04-22T11:48:12+00:00\",\"dateModified\":\"2025-04-22T11:48:13+00:00\",\"mainEntityOfPage\":{\"@id\":\"https:\\\/\\\/lasentinelle.dz\\\/index.php\\\/2025\\\/04\\\/22\\\/attaf-souligne-le-caractere-historique-global-et-complementaire-des-relations-entre-les-deux-pays-6-milliards-de-dollars-dinvestissements-turcs-en-algerie\\\/\"},\"wordCount\":1226,\"commentCount\":0,\"publisher\":{\"@id\":\"https:\\\/\\\/lasentinelle.dz\\\/#organization\"},\"image\":{\"@id\":\"https:\\\/\\\/lasentinelle.dz\\\/index.php\\\/2025\\\/04\\\/22\\\/attaf-souligne-le-caractere-historique-global-et-complementaire-des-relations-entre-les-deux-pays-6-milliards-de-dollars-dinvestissements-turcs-en-algerie\\\/#primaryimage\"},\"thumbnailUrl\":\"https:\\\/\\\/lasentinelle.dz\\\/wp-content\\\/uploads\\\/2025\\\/04\\\/tebboune-erdogan.jpg\",\"articleSection\":[\"\u00c0 la Une\",\"Actualit\u00e9\"],\"inLanguage\":\"fr-FR\",\"potentialAction\":[{\"@type\":\"CommentAction\",\"name\":\"Comment\",\"target\":[\"https:\\\/\\\/lasentinelle.dz\\\/index.php\\\/2025\\\/04\\\/22\\\/attaf-souligne-le-caractere-historique-global-et-complementaire-des-relations-entre-les-deux-pays-6-milliards-de-dollars-dinvestissements-turcs-en-algerie\\\/#respond\"]}]},{\"@type\":\"WebPage\",\"@id\":\"https:\\\/\\\/lasentinelle.dz\\\/index.php\\\/2025\\\/04\\\/22\\\/attaf-souligne-le-caractere-historique-global-et-complementaire-des-relations-entre-les-deux-pays-6-milliards-de-dollars-dinvestissements-turcs-en-algerie\\\/\",\"url\":\"https:\\\/\\\/lasentinelle.dz\\\/index.php\\\/2025\\\/04\\\/22\\\/attaf-souligne-le-caractere-historique-global-et-complementaire-des-relations-entre-les-deux-pays-6-milliards-de-dollars-dinvestissements-turcs-en-algerie\\\/\",\"name\":\"Attaf souligne le caract\u00e8re historique, global et compl\u00e9mentaire des relations entre les deux pays. : 6 milliards de dollars d&rsquo;investissements turcs en Alg\u00e9rie - La Sentinelle\",\"isPartOf\":{\"@id\":\"https:\\\/\\\/lasentinelle.dz\\\/#website\"},\"primaryImageOfPage\":{\"@id\":\"https:\\\/\\\/lasentinelle.dz\\\/index.php\\\/2025\\\/04\\\/22\\\/attaf-souligne-le-caractere-historique-global-et-complementaire-des-relations-entre-les-deux-pays-6-milliards-de-dollars-dinvestissements-turcs-en-algerie\\\/#primaryimage\"},\"image\":{\"@id\":\"https:\\\/\\\/lasentinelle.dz\\\/index.php\\\/2025\\\/04\\\/22\\\/attaf-souligne-le-caractere-historique-global-et-complementaire-des-relations-entre-les-deux-pays-6-milliards-de-dollars-dinvestissements-turcs-en-algerie\\\/#primaryimage\"},\"thumbnailUrl\":\"https:\\\/\\\/lasentinelle.dz\\\/wp-content\\\/uploads\\\/2025\\\/04\\\/tebboune-erdogan.jpg\",\"datePublished\":\"2025-04-22T11:48:12+00:00\",\"dateModified\":\"2025-04-22T11:48:13+00:00\",\"breadcrumb\":{\"@id\":\"https:\\\/\\\/lasentinelle.dz\\\/index.php\\\/2025\\\/04\\\/22\\\/attaf-souligne-le-caractere-historique-global-et-complementaire-des-relations-entre-les-deux-pays-6-milliards-de-dollars-dinvestissements-turcs-en-algerie\\\/#breadcrumb\"},\"inLanguage\":\"fr-FR\",\"potentialAction\":[{\"@type\":\"ReadAction\",\"target\":[\"https:\\\/\\\/lasentinelle.dz\\\/index.php\\\/2025\\\/04\\\/22\\\/attaf-souligne-le-caractere-historique-global-et-complementaire-des-relations-entre-les-deux-pays-6-milliards-de-dollars-dinvestissements-turcs-en-algerie\\\/\"]}]},{\"@type\":\"ImageObject\",\"inLanguage\":\"fr-FR\",\"@id\":\"https:\\\/\\\/lasentinelle.dz\\\/index.php\\\/2025\\\/04\\\/22\\\/attaf-souligne-le-caractere-historique-global-et-complementaire-des-relations-entre-les-deux-pays-6-milliards-de-dollars-dinvestissements-turcs-en-algerie\\\/#primaryimage\",\"url\":\"https:\\\/\\\/lasentinelle.dz\\\/wp-content\\\/uploads\\\/2025\\\/04\\\/tebboune-erdogan.jpg\",\"contentUrl\":\"https:\\\/\\\/lasentinelle.dz\\\/wp-content\\\/uploads\\\/2025\\\/04\\\/tebboune-erdogan.jpg\",\"width\":864,\"height\":486},{\"@type\":\"BreadcrumbList\",\"@id\":\"https:\\\/\\\/lasentinelle.dz\\\/index.php\\\/2025\\\/04\\\/22\\\/attaf-souligne-le-caractere-historique-global-et-complementaire-des-relations-entre-les-deux-pays-6-milliards-de-dollars-dinvestissements-turcs-en-algerie\\\/#breadcrumb\",\"itemListElement\":[{\"@type\":\"ListItem\",\"position\":1,\"name\":\"Accueil\",\"item\":\"https:\\\/\\\/lasentinelle.dz\\\/\"},{\"@type\":\"ListItem\",\"position\":2,\"name\":\"Attaf souligne le caract\u00e8re historique, global et compl\u00e9mentaire des relations entre les deux pays. : 6 milliards de dollars d&rsquo;investissements turcs en Alg\u00e9rie\"}]},{\"@type\":\"WebSite\",\"@id\":\"https:\\\/\\\/lasentinelle.dz\\\/#website\",\"url\":\"https:\\\/\\\/lasentinelle.dz\\\/\",\"name\":\"La Sentinelle\",\"description\":\"Quotidien national d&#039;information\",\"publisher\":{\"@id\":\"https:\\\/\\\/lasentinelle.dz\\\/#organization\"},\"potentialAction\":[{\"@type\":\"SearchAction\",\"target\":{\"@type\":\"EntryPoint\",\"urlTemplate\":\"https:\\\/\\\/lasentinelle.dz\\\/?s={search_term_string}\"},\"query-input\":{\"@type\":\"PropertyValueSpecification\",\"valueRequired\":true,\"valueName\":\"search_term_string\"}}],\"inLanguage\":\"fr-FR\"},{\"@type\":\"Organization\",\"@id\":\"https:\\\/\\\/lasentinelle.dz\\\/#organization\",\"name\":\"Quotidien La Sentinelle\",\"url\":\"https:\\\/\\\/lasentinelle.dz\\\/\",\"logo\":{\"@type\":\"ImageObject\",\"inLanguage\":\"fr-FR\",\"@id\":\"https:\\\/\\\/lasentinelle.dz\\\/#\\\/schema\\\/logo\\\/image\\\/\",\"url\":\"https:\\\/\\\/lasentinelle.dz\\\/wp-content\\\/uploads\\\/2021\\\/09\\\/logo-sentinelleSLOGAN-1.png\",\"contentUrl\":\"https:\\\/\\\/lasentinelle.dz\\\/wp-content\\\/uploads\\\/2021\\\/09\\\/logo-sentinelleSLOGAN-1.png\",\"width\":615,\"height\":142,\"caption\":\"Quotidien La Sentinelle\"},\"image\":{\"@id\":\"https:\\\/\\\/lasentinelle.dz\\\/#\\\/schema\\\/logo\\\/image\\\/\"},\"sameAs\":[\"https:\\\/\\\/www.facebook.com\\\/La-Sentinelle-104059864394773\"]},{\"@type\":\"Person\",\"@id\":\"https:\\\/\\\/lasentinelle.dz\\\/#\\\/schema\\\/person\\\/729ee0024f24e0b8c5ec17232f8e8b41\",\"name\":\"admin\",\"image\":{\"@type\":\"ImageObject\",\"inLanguage\":\"fr-FR\",\"@id\":\"https:\\\/\\\/secure.gravatar.com\\\/avatar\\\/4c81fed838786e9b53f540bf46533e750f5d292099ae3b66cfc6fb1982e29df7?s=96&d=mm&r=g\",\"url\":\"https:\\\/\\\/secure.gravatar.com\\\/avatar\\\/4c81fed838786e9b53f540bf46533e750f5d292099ae3b66cfc6fb1982e29df7?s=96&d=mm&r=g\",\"contentUrl\":\"https:\\\/\\\/secure.gravatar.com\\\/avatar\\\/4c81fed838786e9b53f540bf46533e750f5d292099ae3b66cfc6fb1982e29df7?s=96&d=mm&r=g\",\"caption\":\"admin\"},\"description\":\"admin\",\"url\":\"https:\\\/\\\/lasentinelle.dz\\\/author\\\/admin\\\/\"}]}<\/script>\n<!-- \/ Yoast SEO plugin. -->","yoast_head_json":{"title":"Attaf souligne le caract\u00e8re historique, global et compl\u00e9mentaire des relations entre les deux pays. : 6 milliards de dollars d&rsquo;investissements turcs en Alg\u00e9rie - La Sentinelle","robots":{"index":"index","follow":"follow","max-snippet":"max-snippet:-1","max-image-preview":"max-image-preview:large","max-video-preview":"max-video-preview:-1"},"canonical":"https:\/\/lasentinelle.dz\/index.php\/2025\/04\/22\/attaf-souligne-le-caractere-historique-global-et-complementaire-des-relations-entre-les-deux-pays-6-milliards-de-dollars-dinvestissements-turcs-en-algerie\/","og_locale":"fr_FR","og_type":"article","og_title":"Attaf souligne le caract\u00e8re historique, global et compl\u00e9mentaire des relations entre les deux pays. : 6 milliards de dollars d&rsquo;investissements turcs en Alg\u00e9rie - La Sentinelle","og_description":"La coop\u00e9ration bilat\u00e9rale entre l&rsquo;Alg\u00e9rie et la Turquie conna\u00eet une dynamique sans pr\u00e9c\u00e9dent, illustr\u00e9e par un volume d&rsquo;investissements turcs atteignant","og_url":"https:\/\/lasentinelle.dz\/index.php\/2025\/04\/22\/attaf-souligne-le-caractere-historique-global-et-complementaire-des-relations-entre-les-deux-pays-6-milliards-de-dollars-dinvestissements-turcs-en-algerie\/","og_site_name":"La Sentinelle","article_publisher":"https:\/\/www.facebook.com\/La-Sentinelle-104059864394773","article_published_time":"2025-04-22T11:48:12+00:00","article_modified_time":"2025-04-22T11:48:13+00:00","og_image":[{"width":864,"height":486,"url":"https:\/\/lasentinelle.dz\/wp-content\/uploads\/2025\/04\/tebboune-erdogan.jpg","type":"image\/jpeg"}],"author":"admin","twitter_card":"summary_large_image","twitter_misc":{"\u00c9crit par":"admin","Dur\u00e9e de lecture estim\u00e9e":"6 minutes"},"schema":{"@context":"https:\/\/schema.org","@graph":[{"@type":"Article","@id":"https:\/\/lasentinelle.dz\/index.php\/2025\/04\/22\/attaf-souligne-le-caractere-historique-global-et-complementaire-des-relations-entre-les-deux-pays-6-milliards-de-dollars-dinvestissements-turcs-en-algerie\/#article","isPartOf":{"@id":"https:\/\/lasentinelle.dz\/index.php\/2025\/04\/22\/attaf-souligne-le-caractere-historique-global-et-complementaire-des-relations-entre-les-deux-pays-6-milliards-de-dollars-dinvestissements-turcs-en-algerie\/"},"author":{"name":"admin","@id":"https:\/\/lasentinelle.dz\/#\/schema\/person\/729ee0024f24e0b8c5ec17232f8e8b41"},"headline":"Attaf souligne le caract\u00e8re historique, global et compl\u00e9mentaire des relations entre les deux pays. : 6 milliards de dollars d&rsquo;investissements turcs en Alg\u00e9rie","datePublished":"2025-04-22T11:48:12+00:00","dateModified":"2025-04-22T11:48:13+00:00","mainEntityOfPage":{"@id":"https:\/\/lasentinelle.dz\/index.php\/2025\/04\/22\/attaf-souligne-le-caractere-historique-global-et-complementaire-des-relations-entre-les-deux-pays-6-milliards-de-dollars-dinvestissements-turcs-en-algerie\/"},"wordCount":1226,"commentCount":0,"publisher":{"@id":"https:\/\/lasentinelle.dz\/#organization"},"image":{"@id":"https:\/\/lasentinelle.dz\/index.php\/2025\/04\/22\/attaf-souligne-le-caractere-historique-global-et-complementaire-des-relations-entre-les-deux-pays-6-milliards-de-dollars-dinvestissements-turcs-en-algerie\/#primaryimage"},"thumbnailUrl":"https:\/\/lasentinelle.dz\/wp-content\/uploads\/2025\/04\/tebboune-erdogan.jpg","articleSection":["\u00c0 la Une","Actualit\u00e9"],"inLanguage":"fr-FR","potentialAction":[{"@type":"CommentAction","name":"Comment","target":["https:\/\/lasentinelle.dz\/index.php\/2025\/04\/22\/attaf-souligne-le-caractere-historique-global-et-complementaire-des-relations-entre-les-deux-pays-6-milliards-de-dollars-dinvestissements-turcs-en-algerie\/#respond"]}]},{"@type":"WebPage","@id":"https:\/\/lasentinelle.dz\/index.php\/2025\/04\/22\/attaf-souligne-le-caractere-historique-global-et-complementaire-des-relations-entre-les-deux-pays-6-milliards-de-dollars-dinvestissements-turcs-en-algerie\/","url":"https:\/\/lasentinelle.dz\/index.php\/2025\/04\/22\/attaf-souligne-le-caractere-historique-global-et-complementaire-des-relations-entre-les-deux-pays-6-milliards-de-dollars-dinvestissements-turcs-en-algerie\/","name":"Attaf souligne le caract\u00e8re historique, global et compl\u00e9mentaire des relations entre les deux pays. : 6 milliards de dollars d&rsquo;investissements turcs en Alg\u00e9rie - La Sentinelle","isPartOf":{"@id":"https:\/\/lasentinelle.dz\/#website"},"primaryImageOfPage":{"@id":"https:\/\/lasentinelle.dz\/index.php\/2025\/04\/22\/attaf-souligne-le-caractere-historique-global-et-complementaire-des-relations-entre-les-deux-pays-6-milliards-de-dollars-dinvestissements-turcs-en-algerie\/#primaryimage"},"image":{"@id":"https:\/\/lasentinelle.dz\/index.php\/2025\/04\/22\/attaf-souligne-le-caractere-historique-global-et-complementaire-des-relations-entre-les-deux-pays-6-milliards-de-dollars-dinvestissements-turcs-en-algerie\/#primaryimage"},"thumbnailUrl":"https:\/\/lasentinelle.dz\/wp-content\/uploads\/2025\/04\/tebboune-erdogan.jpg","datePublished":"2025-04-22T11:48:12+00:00","dateModified":"2025-04-22T11:48:13+00:00","breadcrumb":{"@id":"https:\/\/lasentinelle.dz\/index.php\/2025\/04\/22\/attaf-souligne-le-caractere-historique-global-et-complementaire-des-relations-entre-les-deux-pays-6-milliards-de-dollars-dinvestissements-turcs-en-algerie\/#breadcrumb"},"inLanguage":"fr-FR","potentialAction":[{"@type":"ReadAction","target":["https:\/\/lasentinelle.dz\/index.php\/2025\/04\/22\/attaf-souligne-le-caractere-historique-global-et-complementaire-des-relations-entre-les-deux-pays-6-milliards-de-dollars-dinvestissements-turcs-en-algerie\/"]}]},{"@type":"ImageObject","inLanguage":"fr-FR","@id":"https:\/\/lasentinelle.dz\/index.php\/2025\/04\/22\/attaf-souligne-le-caractere-historique-global-et-complementaire-des-relations-entre-les-deux-pays-6-milliards-de-dollars-dinvestissements-turcs-en-algerie\/#primaryimage","url":"https:\/\/lasentinelle.dz\/wp-content\/uploads\/2025\/04\/tebboune-erdogan.jpg","contentUrl":"https:\/\/lasentinelle.dz\/wp-content\/uploads\/2025\/04\/tebboune-erdogan.jpg","width":864,"height":486},{"@type":"BreadcrumbList","@id":"https:\/\/lasentinelle.dz\/index.php\/2025\/04\/22\/attaf-souligne-le-caractere-historique-global-et-complementaire-des-relations-entre-les-deux-pays-6-milliards-de-dollars-dinvestissements-turcs-en-algerie\/#breadcrumb","itemListElement":[{"@type":"ListItem","position":1,"name":"Accueil","item":"https:\/\/lasentinelle.dz\/"},{"@type":"ListItem","position":2,"name":"Attaf souligne le caract\u00e8re historique, global et compl\u00e9mentaire des relations entre les deux pays. : 6 milliards de dollars d&rsquo;investissements turcs en Alg\u00e9rie"}]},{"@type":"WebSite","@id":"https:\/\/lasentinelle.dz\/#website","url":"https:\/\/lasentinelle.dz\/","name":"La Sentinelle","description":"Quotidien national d&#039;information","publisher":{"@id":"https:\/\/lasentinelle.dz\/#organization"},"potentialAction":[{"@type":"SearchAction","target":{"@type":"EntryPoint","urlTemplate":"https:\/\/lasentinelle.dz\/?s={search_term_string}"},"query-input":{"@type":"PropertyValueSpecification","valueRequired":true,"valueName":"search_term_string"}}],"inLanguage":"fr-FR"},{"@type":"Organization","@id":"https:\/\/lasentinelle.dz\/#organization","name":"Quotidien La Sentinelle","url":"https:\/\/lasentinelle.dz\/","logo":{"@type":"ImageObject","inLanguage":"fr-FR","@id":"https:\/\/lasentinelle.dz\/#\/schema\/logo\/image\/","url":"https:\/\/lasentinelle.dz\/wp-content\/uploads\/2021\/09\/logo-sentinelleSLOGAN-1.png","contentUrl":"https:\/\/lasentinelle.dz\/wp-content\/uploads\/2021\/09\/logo-sentinelleSLOGAN-1.png","width":615,"height":142,"caption":"Quotidien La Sentinelle"},"image":{"@id":"https:\/\/lasentinelle.dz\/#\/schema\/logo\/image\/"},"sameAs":["https:\/\/www.facebook.com\/La-Sentinelle-104059864394773"]},{"@type":"Person","@id":"https:\/\/lasentinelle.dz\/#\/schema\/person\/729ee0024f24e0b8c5ec17232f8e8b41","name":"admin","image":{"@type":"ImageObject","inLanguage":"fr-FR","@id":"https:\/\/secure.gravatar.com\/avatar\/4c81fed838786e9b53f540bf46533e750f5d292099ae3b66cfc6fb1982e29df7?s=96&d=mm&r=g","url":"https:\/\/secure.gravatar.com\/avatar\/4c81fed838786e9b53f540bf46533e750f5d292099ae3b66cfc6fb1982e29df7?s=96&d=mm&r=g","contentUrl":"https:\/\/secure.gravatar.com\/avatar\/4c81fed838786e9b53f540bf46533e750f5d292099ae3b66cfc6fb1982e29df7?s=96&d=mm&r=g","caption":"admin"},"description":"admin","url":"https:\/\/lasentinelle.dz\/author\/admin\/"}]}},"_links":{"self":[{"href":"https:\/\/lasentinelle.dz\/index.php\/wp-json\/wp\/v2\/posts\/66159","targetHints":{"allow":["GET"]}}],"collection":[{"href":"https:\/\/lasentinelle.dz\/index.php\/wp-json\/wp\/v2\/posts"}],"about":[{"href":"https:\/\/lasentinelle.dz\/index.php\/wp-json\/wp\/v2\/types\/post"}],"author":[{"embeddable":true,"href":"https:\/\/lasentinelle.dz\/index.php\/wp-json\/wp\/v2\/users\/6"}],"replies":[{"embeddable":true,"href":"https:\/\/lasentinelle.dz\/index.php\/wp-json\/wp\/v2\/comments?post=66159"}],"version-history":[{"count":2,"href":"https:\/\/lasentinelle.dz\/index.php\/wp-json\/wp\/v2\/posts\/66159\/revisions"}],"predecessor-version":[{"id":66162,"href":"https:\/\/lasentinelle.dz\/index.php\/wp-json\/wp\/v2\/posts\/66159\/revisions\/66162"}],"wp:featuredmedia":[{"embeddable":true,"href":"https:\/\/lasentinelle.dz\/index.php\/wp-json\/wp\/v2\/media\/66160"}],"wp:attachment":[{"href":"https:\/\/lasentinelle.dz\/index.php\/wp-json\/wp\/v2\/media?parent=66159"}],"wp:term":[{"taxonomy":"category","embeddable":true,"href":"https:\/\/lasentinelle.dz\/index.php\/wp-json\/wp\/v2\/categories?post=66159"},{"taxonomy":"post_tag","embeddable":true,"href":"https:\/\/lasentinelle.dz\/index.php\/wp-json\/wp\/v2\/tags?post=66159"}],"curies":[{"name":"wp","href":"https:\/\/api.w.org\/{rel}","templated":true}]}}