{"id":66175,"date":"2025-04-23T11:29:21","date_gmt":"2025-04-23T10:29:21","guid":{"rendered":"https:\/\/lasentinelle.dz\/?p=66175"},"modified":"2025-04-23T11:29:22","modified_gmt":"2025-04-23T10:29:22","slug":"deploiement-des-reseaux-5g-le-cahier-des-charges-sera-pret-dans-deux-semaines","status":"publish","type":"post","link":"https:\/\/lasentinelle.dz\/index.php\/2025\/04\/23\/deploiement-des-reseaux-5g-le-cahier-des-charges-sera-pret-dans-deux-semaines\/","title":{"rendered":"D\u00e9ploiement des r\u00e9seaux 5G: Le cahier des charges sera pr\u00eat dans deux semaines"},"content":{"rendered":"\n<p>Le ministre de la Poste et des T\u00e9l\u00e9communications, Sidi Ali Zerrouki, a confirm\u00e9 hier \u00e0 Alger que le cahier des charges relatif \u00e0 la technologie 5G pour la t\u00e9l\u00e9phonie mobile sera finalis\u00e9 \u00ab\u00a0d&rsquo;ici deux semaines\u00a0\u00bb.<\/p>\n\n\n\n<p>Lors d&rsquo;un forum organis\u00e9 par le journal \u00ab\u00a0El Moudjahid\u00a0\u00bb, le ministre a pr\u00e9cis\u00e9 que \u00ab\u00a0en pr\u00e9vision du lancement de la technologie 5G au cours du second semestre de l&rsquo;ann\u00e9e en cours, le cahier des charges est actuellement en pr\u00e9paration et sera pr\u00eat dans les deux prochaines semaines\u00a0\u00bb. Il a rappel\u00e9 que \u00ab\u00a0conform\u00e9ment aux directives du Pr\u00e9sident de la R\u00e9publique, Abdelmadjid Tebboune, une \u00e9tude approfondie est actuellement men\u00e9e par toutes les parties prenantes de ce projet afin de concr\u00e9tiser les objectifs attendus de l&rsquo;exploitation de cette technologie\u00a0\u00bb.<\/p>\n\n\n\n<p>Le ministre a indiqu\u00e9 qu&rsquo;apr\u00e8s \u00ab\u00a0l&rsquo;ach\u00e8vement de tous les pr\u00e9paratifs administratifs et juridiques, un appel d&rsquo;offres national sera lanc\u00e9 pour permettre aux op\u00e9rateurs de soumettre leurs offres techniques afin d&rsquo;obtenir des licences d&rsquo;exploitation\u00a0\u00bb. Il a soulign\u00e9 que cette technologie avanc\u00e9e offre \u00ab\u00a0un d\u00e9bit Internet \u00e9lev\u00e9 par rapport \u00e0 la technologie 4G\u00a0\u00bb et qu&rsquo;elle est \u00ab\u00a0sp\u00e9cifiquement destin\u00e9e aux industriels et \u00e0 plusieurs secteurs \u00e0 travers des applications innovantes dans des domaines strat\u00e9giques tels que la sant\u00e9, l&rsquo;industrie et l&rsquo;\u00e9ducation\u00a0\u00bb.<\/p>\n\n\n\n<p>Pour rappel, Sid Ali Zerrouki, a annonc\u00e9 la semaine derni\u00e8re que le d\u00e9ploiement des r\u00e9seaux mobiles de cinqui\u00e8me g\u00e9n\u00e9ration (5G) en Alg\u00e9rie est pr\u00e9vu pour le deuxi\u00e8me semestre de l\u2019ann\u00e9e 2025. Ce d\u00e9ploiement de la 5G s\u2019inscrit dans une strat\u00e9gie plus large de d\u00e9veloppement num\u00e9rique de l\u2019Alg\u00e9rie.<\/p>\n\n\n\n<p>Lors du forum D\u2019El Moudjahid, M. Zerrouki a mis en avant les r\u00e9alisations accomplies dans le secteur, notamment l&rsquo;am\u00e9lioration des services Internet, rappelant que \u00ab\u00a0pas moins de 265 000 km de fibre optique ont \u00e9t\u00e9 d\u00e9ploy\u00e9s\u00a0\u00bb. Il a \u00e9galement \u00e9voqu\u00e9 les mesures prises pour am\u00e9liorer les services postaux et r\u00e9duire le temps d&rsquo;intervention pour la r\u00e9paration des pannes au niveau des distributeurs automatiques, ainsi que la maintenance p\u00e9riodique effectu\u00e9e par les services d&rsquo;Alg\u00e9rie Poste.<\/p>\n\n\n\n<p>Le ministre a ajout\u00e9 qu&rsquo;un plan d&rsquo;action est en cours d&rsquo;\u00e9laboration pour restructurer le secteur postal afin de r\u00e9pondre aux exigences modernes, soulignant que parmi les projets inclus dans ce plan figure la cr\u00e9ation d&rsquo;une \u00ab\u00a0carte virtuelle\u00a0\u00bb sur smartphone. Concernant l&rsquo;application \u00ab\u00a0Baridi Mob\u00a0\u00bb, M. Zerrouki a rassur\u00e9 que ce service est \u00ab\u00a0tr\u00e8s s\u00e9curis\u00e9\u00a0\u00bb, tout en affirmant que, comme pour toutes les applications et services \u00e9lectroniques, il reste n\u00e9cessaire de \u00ab\u00a0prendre des pr\u00e9cautions\u00a0\u00bb.<\/p>\n\n\n\n<p>Samir Benisid<\/p>\n","protected":false},"excerpt":{"rendered":"<p>Le ministre de la Poste et des T\u00e9l\u00e9communications, Sidi Ali Zerrouki, a confirm\u00e9 hier \u00e0 Alger que le cahier des<\/p>\n","protected":false},"author":6,"featured_media":65356,"comment_status":"open","ping_status":"closed","sticky":false,"template":"","format":"standard","meta":{"colormag_page_container_layout":"default_layout","colormag_page_sidebar_layout":"default_layout","om_disable_all_campaigns":false,"_monsterinsights_skip_tracking":false,"_monsterinsights_sitenote_active":false,"_monsterinsights_sitenote_note":"","_monsterinsights_sitenote_category":0,"footnotes":"","_wpscppro_dont_share_socialmedia":false,"_wpscppro_custom_social_share_image":0,"_facebook_share_type":"default","_twitter_share_type":"default","_linkedin_share_type":"default","_pinterest_share_type":"default","_linkedin_share_type_page":"","_instagram_share_type":"default","_medium_share_type":"default","_threads_share_type":"","_google_business_share_type":"","_selected_social_profile":[],"_wpsp_enable_custom_social_template":false,"_wpsp_social_scheduling":{"enabled":false,"datetime":null,"platforms":[],"status":"template_only","dateOption":"today","timeOption":"now","customDays":"","customHours":"","customDate":"","customTime":"","schedulingType":"absolute"},"_wpsp_active_default_template":true},"categories":[52,27],"tags":[],"class_list":["post-66175","post","type-post","status-publish","format-standard","has-post-thumbnail","hentry","category-a-la-une","category-actualite"],"aioseo_notices":[],"yoast_head":"<!-- This site is optimized with the Yoast SEO plugin v27.5 - https:\/\/yoast.com\/product\/yoast-seo-wordpress\/ -->\n<title>D\u00e9ploiement des r\u00e9seaux 5G: Le cahier des charges sera pr\u00eat dans deux semaines - La Sentinelle<\/title>\n<meta name=\"robots\" content=\"index, follow, max-snippet:-1, max-image-preview:large, max-video-preview:-1\" \/>\n<link rel=\"canonical\" href=\"https:\/\/lasentinelle.dz\/index.php\/2025\/04\/23\/deploiement-des-reseaux-5g-le-cahier-des-charges-sera-pret-dans-deux-semaines\/\" \/>\n<meta property=\"og:locale\" content=\"fr_FR\" \/>\n<meta property=\"og:type\" content=\"article\" \/>\n<meta property=\"og:title\" content=\"D\u00e9ploiement des r\u00e9seaux 5G: Le cahier des charges sera pr\u00eat dans deux semaines - La Sentinelle\" \/>\n<meta property=\"og:description\" content=\"Le ministre de la Poste et des T\u00e9l\u00e9communications, Sidi Ali Zerrouki, a confirm\u00e9 hier \u00e0 Alger que le cahier des\" \/>\n<meta property=\"og:url\" content=\"https:\/\/lasentinelle.dz\/index.php\/2025\/04\/23\/deploiement-des-reseaux-5g-le-cahier-des-charges-sera-pret-dans-deux-semaines\/\" \/>\n<meta property=\"og:site_name\" content=\"La Sentinelle\" \/>\n<meta property=\"article:publisher\" content=\"https:\/\/www.facebook.com\/La-Sentinelle-104059864394773\" \/>\n<meta property=\"article:published_time\" content=\"2025-04-23T10:29:21+00:00\" \/>\n<meta property=\"article:modified_time\" content=\"2025-04-23T10:29:22+00:00\" \/>\n<meta property=\"og:image\" content=\"https:\/\/lasentinelle.dz\/wp-content\/uploads\/2025\/04\/5G.png\" \/>\n\t<meta property=\"og:image:width\" content=\"682\" \/>\n\t<meta property=\"og:image:height\" content=\"513\" \/>\n\t<meta property=\"og:image:type\" content=\"image\/png\" \/>\n<meta name=\"author\" content=\"admin\" \/>\n<meta name=\"twitter:card\" content=\"summary_large_image\" \/>\n<meta name=\"twitter:label1\" content=\"\u00c9crit par\" \/>\n\t<meta name=\"twitter:data1\" content=\"admin\" \/>\n\t<meta name=\"twitter:label2\" content=\"Dur\u00e9e de lecture estim\u00e9e\" \/>\n\t<meta name=\"twitter:data2\" content=\"3 minutes\" \/>\n<script type=\"application\/ld+json\" class=\"yoast-schema-graph\">{\"@context\":\"https:\\\/\\\/schema.org\",\"@graph\":[{\"@type\":\"Article\",\"@id\":\"https:\\\/\\\/lasentinelle.dz\\\/index.php\\\/2025\\\/04\\\/23\\\/deploiement-des-reseaux-5g-le-cahier-des-charges-sera-pret-dans-deux-semaines\\\/#article\",\"isPartOf\":{\"@id\":\"https:\\\/\\\/lasentinelle.dz\\\/index.php\\\/2025\\\/04\\\/23\\\/deploiement-des-reseaux-5g-le-cahier-des-charges-sera-pret-dans-deux-semaines\\\/\"},\"author\":{\"name\":\"admin\",\"@id\":\"https:\\\/\\\/lasentinelle.dz\\\/#\\\/schema\\\/person\\\/729ee0024f24e0b8c5ec17232f8e8b41\"},\"headline\":\"D\u00e9ploiement des r\u00e9seaux 5G: Le cahier des charges sera pr\u00eat dans deux semaines\",\"datePublished\":\"2025-04-23T10:29:21+00:00\",\"dateModified\":\"2025-04-23T10:29:22+00:00\",\"mainEntityOfPage\":{\"@id\":\"https:\\\/\\\/lasentinelle.dz\\\/index.php\\\/2025\\\/04\\\/23\\\/deploiement-des-reseaux-5g-le-cahier-des-charges-sera-pret-dans-deux-semaines\\\/\"},\"wordCount\":480,\"commentCount\":0,\"publisher\":{\"@id\":\"https:\\\/\\\/lasentinelle.dz\\\/#organization\"},\"image\":{\"@id\":\"https:\\\/\\\/lasentinelle.dz\\\/index.php\\\/2025\\\/04\\\/23\\\/deploiement-des-reseaux-5g-le-cahier-des-charges-sera-pret-dans-deux-semaines\\\/#primaryimage\"},\"thumbnailUrl\":\"https:\\\/\\\/lasentinelle.dz\\\/wp-content\\\/uploads\\\/2025\\\/04\\\/5G.png\",\"articleSection\":[\"\u00c0 la Une\",\"Actualit\u00e9\"],\"inLanguage\":\"fr-FR\",\"potentialAction\":[{\"@type\":\"CommentAction\",\"name\":\"Comment\",\"target\":[\"https:\\\/\\\/lasentinelle.dz\\\/index.php\\\/2025\\\/04\\\/23\\\/deploiement-des-reseaux-5g-le-cahier-des-charges-sera-pret-dans-deux-semaines\\\/#respond\"]}]},{\"@type\":\"WebPage\",\"@id\":\"https:\\\/\\\/lasentinelle.dz\\\/index.php\\\/2025\\\/04\\\/23\\\/deploiement-des-reseaux-5g-le-cahier-des-charges-sera-pret-dans-deux-semaines\\\/\",\"url\":\"https:\\\/\\\/lasentinelle.dz\\\/index.php\\\/2025\\\/04\\\/23\\\/deploiement-des-reseaux-5g-le-cahier-des-charges-sera-pret-dans-deux-semaines\\\/\",\"name\":\"D\u00e9ploiement des r\u00e9seaux 5G: Le cahier des charges sera pr\u00eat dans deux semaines - La Sentinelle\",\"isPartOf\":{\"@id\":\"https:\\\/\\\/lasentinelle.dz\\\/#website\"},\"primaryImageOfPage\":{\"@id\":\"https:\\\/\\\/lasentinelle.dz\\\/index.php\\\/2025\\\/04\\\/23\\\/deploiement-des-reseaux-5g-le-cahier-des-charges-sera-pret-dans-deux-semaines\\\/#primaryimage\"},\"image\":{\"@id\":\"https:\\\/\\\/lasentinelle.dz\\\/index.php\\\/2025\\\/04\\\/23\\\/deploiement-des-reseaux-5g-le-cahier-des-charges-sera-pret-dans-deux-semaines\\\/#primaryimage\"},\"thumbnailUrl\":\"https:\\\/\\\/lasentinelle.dz\\\/wp-content\\\/uploads\\\/2025\\\/04\\\/5G.png\",\"datePublished\":\"2025-04-23T10:29:21+00:00\",\"dateModified\":\"2025-04-23T10:29:22+00:00\",\"breadcrumb\":{\"@id\":\"https:\\\/\\\/lasentinelle.dz\\\/index.php\\\/2025\\\/04\\\/23\\\/deploiement-des-reseaux-5g-le-cahier-des-charges-sera-pret-dans-deux-semaines\\\/#breadcrumb\"},\"inLanguage\":\"fr-FR\",\"potentialAction\":[{\"@type\":\"ReadAction\",\"target\":[\"https:\\\/\\\/lasentinelle.dz\\\/index.php\\\/2025\\\/04\\\/23\\\/deploiement-des-reseaux-5g-le-cahier-des-charges-sera-pret-dans-deux-semaines\\\/\"]}]},{\"@type\":\"ImageObject\",\"inLanguage\":\"fr-FR\",\"@id\":\"https:\\\/\\\/lasentinelle.dz\\\/index.php\\\/2025\\\/04\\\/23\\\/deploiement-des-reseaux-5g-le-cahier-des-charges-sera-pret-dans-deux-semaines\\\/#primaryimage\",\"url\":\"https:\\\/\\\/lasentinelle.dz\\\/wp-content\\\/uploads\\\/2025\\\/04\\\/5G.png\",\"contentUrl\":\"https:\\\/\\\/lasentinelle.dz\\\/wp-content\\\/uploads\\\/2025\\\/04\\\/5G.png\",\"width\":682,\"height\":513},{\"@type\":\"BreadcrumbList\",\"@id\":\"https:\\\/\\\/lasentinelle.dz\\\/index.php\\\/2025\\\/04\\\/23\\\/deploiement-des-reseaux-5g-le-cahier-des-charges-sera-pret-dans-deux-semaines\\\/#breadcrumb\",\"itemListElement\":[{\"@type\":\"ListItem\",\"position\":1,\"name\":\"Accueil\",\"item\":\"https:\\\/\\\/lasentinelle.dz\\\/\"},{\"@type\":\"ListItem\",\"position\":2,\"name\":\"D\u00e9ploiement des r\u00e9seaux 5G: Le cahier des charges sera pr\u00eat dans deux semaines\"}]},{\"@type\":\"WebSite\",\"@id\":\"https:\\\/\\\/lasentinelle.dz\\\/#website\",\"url\":\"https:\\\/\\\/lasentinelle.dz\\\/\",\"name\":\"La Sentinelle\",\"description\":\"Quotidien national d&#039;information\",\"publisher\":{\"@id\":\"https:\\\/\\\/lasentinelle.dz\\\/#organization\"},\"potentialAction\":[{\"@type\":\"SearchAction\",\"target\":{\"@type\":\"EntryPoint\",\"urlTemplate\":\"https:\\\/\\\/lasentinelle.dz\\\/?s={search_term_string}\"},\"query-input\":{\"@type\":\"PropertyValueSpecification\",\"valueRequired\":true,\"valueName\":\"search_term_string\"}}],\"inLanguage\":\"fr-FR\"},{\"@type\":\"Organization\",\"@id\":\"https:\\\/\\\/lasentinelle.dz\\\/#organization\",\"name\":\"Quotidien La Sentinelle\",\"url\":\"https:\\\/\\\/lasentinelle.dz\\\/\",\"logo\":{\"@type\":\"ImageObject\",\"inLanguage\":\"fr-FR\",\"@id\":\"https:\\\/\\\/lasentinelle.dz\\\/#\\\/schema\\\/logo\\\/image\\\/\",\"url\":\"https:\\\/\\\/lasentinelle.dz\\\/wp-content\\\/uploads\\\/2021\\\/09\\\/logo-sentinelleSLOGAN-1.png\",\"contentUrl\":\"https:\\\/\\\/lasentinelle.dz\\\/wp-content\\\/uploads\\\/2021\\\/09\\\/logo-sentinelleSLOGAN-1.png\",\"width\":615,\"height\":142,\"caption\":\"Quotidien La Sentinelle\"},\"image\":{\"@id\":\"https:\\\/\\\/lasentinelle.dz\\\/#\\\/schema\\\/logo\\\/image\\\/\"},\"sameAs\":[\"https:\\\/\\\/www.facebook.com\\\/La-Sentinelle-104059864394773\"]},{\"@type\":\"Person\",\"@id\":\"https:\\\/\\\/lasentinelle.dz\\\/#\\\/schema\\\/person\\\/729ee0024f24e0b8c5ec17232f8e8b41\",\"name\":\"admin\",\"image\":{\"@type\":\"ImageObject\",\"inLanguage\":\"fr-FR\",\"@id\":\"https:\\\/\\\/secure.gravatar.com\\\/avatar\\\/4c81fed838786e9b53f540bf46533e750f5d292099ae3b66cfc6fb1982e29df7?s=96&d=mm&r=g\",\"url\":\"https:\\\/\\\/secure.gravatar.com\\\/avatar\\\/4c81fed838786e9b53f540bf46533e750f5d292099ae3b66cfc6fb1982e29df7?s=96&d=mm&r=g\",\"contentUrl\":\"https:\\\/\\\/secure.gravatar.com\\\/avatar\\\/4c81fed838786e9b53f540bf46533e750f5d292099ae3b66cfc6fb1982e29df7?s=96&d=mm&r=g\",\"caption\":\"admin\"},\"description\":\"admin\",\"url\":\"https:\\\/\\\/lasentinelle.dz\\\/author\\\/admin\\\/\"}]}<\/script>\n<!-- \/ Yoast SEO plugin. -->","yoast_head_json":{"title":"D\u00e9ploiement des r\u00e9seaux 5G: Le cahier des charges sera pr\u00eat dans deux semaines - La Sentinelle","robots":{"index":"index","follow":"follow","max-snippet":"max-snippet:-1","max-image-preview":"max-image-preview:large","max-video-preview":"max-video-preview:-1"},"canonical":"https:\/\/lasentinelle.dz\/index.php\/2025\/04\/23\/deploiement-des-reseaux-5g-le-cahier-des-charges-sera-pret-dans-deux-semaines\/","og_locale":"fr_FR","og_type":"article","og_title":"D\u00e9ploiement des r\u00e9seaux 5G: Le cahier des charges sera pr\u00eat dans deux semaines - La Sentinelle","og_description":"Le ministre de la Poste et des T\u00e9l\u00e9communications, Sidi Ali Zerrouki, a confirm\u00e9 hier \u00e0 Alger que le cahier des","og_url":"https:\/\/lasentinelle.dz\/index.php\/2025\/04\/23\/deploiement-des-reseaux-5g-le-cahier-des-charges-sera-pret-dans-deux-semaines\/","og_site_name":"La Sentinelle","article_publisher":"https:\/\/www.facebook.com\/La-Sentinelle-104059864394773","article_published_time":"2025-04-23T10:29:21+00:00","article_modified_time":"2025-04-23T10:29:22+00:00","og_image":[{"width":682,"height":513,"url":"https:\/\/lasentinelle.dz\/wp-content\/uploads\/2025\/04\/5G.png","type":"image\/png"}],"author":"admin","twitter_card":"summary_large_image","twitter_misc":{"\u00c9crit par":"admin","Dur\u00e9e de lecture estim\u00e9e":"3 minutes"},"schema":{"@context":"https:\/\/schema.org","@graph":[{"@type":"Article","@id":"https:\/\/lasentinelle.dz\/index.php\/2025\/04\/23\/deploiement-des-reseaux-5g-le-cahier-des-charges-sera-pret-dans-deux-semaines\/#article","isPartOf":{"@id":"https:\/\/lasentinelle.dz\/index.php\/2025\/04\/23\/deploiement-des-reseaux-5g-le-cahier-des-charges-sera-pret-dans-deux-semaines\/"},"author":{"name":"admin","@id":"https:\/\/lasentinelle.dz\/#\/schema\/person\/729ee0024f24e0b8c5ec17232f8e8b41"},"headline":"D\u00e9ploiement des r\u00e9seaux 5G: Le cahier des charges sera pr\u00eat dans deux semaines","datePublished":"2025-04-23T10:29:21+00:00","dateModified":"2025-04-23T10:29:22+00:00","mainEntityOfPage":{"@id":"https:\/\/lasentinelle.dz\/index.php\/2025\/04\/23\/deploiement-des-reseaux-5g-le-cahier-des-charges-sera-pret-dans-deux-semaines\/"},"wordCount":480,"commentCount":0,"publisher":{"@id":"https:\/\/lasentinelle.dz\/#organization"},"image":{"@id":"https:\/\/lasentinelle.dz\/index.php\/2025\/04\/23\/deploiement-des-reseaux-5g-le-cahier-des-charges-sera-pret-dans-deux-semaines\/#primaryimage"},"thumbnailUrl":"https:\/\/lasentinelle.dz\/wp-content\/uploads\/2025\/04\/5G.png","articleSection":["\u00c0 la Une","Actualit\u00e9"],"inLanguage":"fr-FR","potentialAction":[{"@type":"CommentAction","name":"Comment","target":["https:\/\/lasentinelle.dz\/index.php\/2025\/04\/23\/deploiement-des-reseaux-5g-le-cahier-des-charges-sera-pret-dans-deux-semaines\/#respond"]}]},{"@type":"WebPage","@id":"https:\/\/lasentinelle.dz\/index.php\/2025\/04\/23\/deploiement-des-reseaux-5g-le-cahier-des-charges-sera-pret-dans-deux-semaines\/","url":"https:\/\/lasentinelle.dz\/index.php\/2025\/04\/23\/deploiement-des-reseaux-5g-le-cahier-des-charges-sera-pret-dans-deux-semaines\/","name":"D\u00e9ploiement des r\u00e9seaux 5G: Le cahier des charges sera pr\u00eat dans deux semaines - La Sentinelle","isPartOf":{"@id":"https:\/\/lasentinelle.dz\/#website"},"primaryImageOfPage":{"@id":"https:\/\/lasentinelle.dz\/index.php\/2025\/04\/23\/deploiement-des-reseaux-5g-le-cahier-des-charges-sera-pret-dans-deux-semaines\/#primaryimage"},"image":{"@id":"https:\/\/lasentinelle.dz\/index.php\/2025\/04\/23\/deploiement-des-reseaux-5g-le-cahier-des-charges-sera-pret-dans-deux-semaines\/#primaryimage"},"thumbnailUrl":"https:\/\/lasentinelle.dz\/wp-content\/uploads\/2025\/04\/5G.png","datePublished":"2025-04-23T10:29:21+00:00","dateModified":"2025-04-23T10:29:22+00:00","breadcrumb":{"@id":"https:\/\/lasentinelle.dz\/index.php\/2025\/04\/23\/deploiement-des-reseaux-5g-le-cahier-des-charges-sera-pret-dans-deux-semaines\/#breadcrumb"},"inLanguage":"fr-FR","potentialAction":[{"@type":"ReadAction","target":["https:\/\/lasentinelle.dz\/index.php\/2025\/04\/23\/deploiement-des-reseaux-5g-le-cahier-des-charges-sera-pret-dans-deux-semaines\/"]}]},{"@type":"ImageObject","inLanguage":"fr-FR","@id":"https:\/\/lasentinelle.dz\/index.php\/2025\/04\/23\/deploiement-des-reseaux-5g-le-cahier-des-charges-sera-pret-dans-deux-semaines\/#primaryimage","url":"https:\/\/lasentinelle.dz\/wp-content\/uploads\/2025\/04\/5G.png","contentUrl":"https:\/\/lasentinelle.dz\/wp-content\/uploads\/2025\/04\/5G.png","width":682,"height":513},{"@type":"BreadcrumbList","@id":"https:\/\/lasentinelle.dz\/index.php\/2025\/04\/23\/deploiement-des-reseaux-5g-le-cahier-des-charges-sera-pret-dans-deux-semaines\/#breadcrumb","itemListElement":[{"@type":"ListItem","position":1,"name":"Accueil","item":"https:\/\/lasentinelle.dz\/"},{"@type":"ListItem","position":2,"name":"D\u00e9ploiement des r\u00e9seaux 5G: Le cahier des charges sera pr\u00eat dans deux semaines"}]},{"@type":"WebSite","@id":"https:\/\/lasentinelle.dz\/#website","url":"https:\/\/lasentinelle.dz\/","name":"La Sentinelle","description":"Quotidien national d&#039;information","publisher":{"@id":"https:\/\/lasentinelle.dz\/#organization"},"potentialAction":[{"@type":"SearchAction","target":{"@type":"EntryPoint","urlTemplate":"https:\/\/lasentinelle.dz\/?s={search_term_string}"},"query-input":{"@type":"PropertyValueSpecification","valueRequired":true,"valueName":"search_term_string"}}],"inLanguage":"fr-FR"},{"@type":"Organization","@id":"https:\/\/lasentinelle.dz\/#organization","name":"Quotidien La Sentinelle","url":"https:\/\/lasentinelle.dz\/","logo":{"@type":"ImageObject","inLanguage":"fr-FR","@id":"https:\/\/lasentinelle.dz\/#\/schema\/logo\/image\/","url":"https:\/\/lasentinelle.dz\/wp-content\/uploads\/2021\/09\/logo-sentinelleSLOGAN-1.png","contentUrl":"https:\/\/lasentinelle.dz\/wp-content\/uploads\/2021\/09\/logo-sentinelleSLOGAN-1.png","width":615,"height":142,"caption":"Quotidien La Sentinelle"},"image":{"@id":"https:\/\/lasentinelle.dz\/#\/schema\/logo\/image\/"},"sameAs":["https:\/\/www.facebook.com\/La-Sentinelle-104059864394773"]},{"@type":"Person","@id":"https:\/\/lasentinelle.dz\/#\/schema\/person\/729ee0024f24e0b8c5ec17232f8e8b41","name":"admin","image":{"@type":"ImageObject","inLanguage":"fr-FR","@id":"https:\/\/secure.gravatar.com\/avatar\/4c81fed838786e9b53f540bf46533e750f5d292099ae3b66cfc6fb1982e29df7?s=96&d=mm&r=g","url":"https:\/\/secure.gravatar.com\/avatar\/4c81fed838786e9b53f540bf46533e750f5d292099ae3b66cfc6fb1982e29df7?s=96&d=mm&r=g","contentUrl":"https:\/\/secure.gravatar.com\/avatar\/4c81fed838786e9b53f540bf46533e750f5d292099ae3b66cfc6fb1982e29df7?s=96&d=mm&r=g","caption":"admin"},"description":"admin","url":"https:\/\/lasentinelle.dz\/author\/admin\/"}]}},"_links":{"self":[{"href":"https:\/\/lasentinelle.dz\/index.php\/wp-json\/wp\/v2\/posts\/66175","targetHints":{"allow":["GET"]}}],"collection":[{"href":"https:\/\/lasentinelle.dz\/index.php\/wp-json\/wp\/v2\/posts"}],"about":[{"href":"https:\/\/lasentinelle.dz\/index.php\/wp-json\/wp\/v2\/types\/post"}],"author":[{"embeddable":true,"href":"https:\/\/lasentinelle.dz\/index.php\/wp-json\/wp\/v2\/users\/6"}],"replies":[{"embeddable":true,"href":"https:\/\/lasentinelle.dz\/index.php\/wp-json\/wp\/v2\/comments?post=66175"}],"version-history":[{"count":1,"href":"https:\/\/lasentinelle.dz\/index.php\/wp-json\/wp\/v2\/posts\/66175\/revisions"}],"predecessor-version":[{"id":66176,"href":"https:\/\/lasentinelle.dz\/index.php\/wp-json\/wp\/v2\/posts\/66175\/revisions\/66176"}],"wp:featuredmedia":[{"embeddable":true,"href":"https:\/\/lasentinelle.dz\/index.php\/wp-json\/wp\/v2\/media\/65356"}],"wp:attachment":[{"href":"https:\/\/lasentinelle.dz\/index.php\/wp-json\/wp\/v2\/media?parent=66175"}],"wp:term":[{"taxonomy":"category","embeddable":true,"href":"https:\/\/lasentinelle.dz\/index.php\/wp-json\/wp\/v2\/categories?post=66175"},{"taxonomy":"post_tag","embeddable":true,"href":"https:\/\/lasentinelle.dz\/index.php\/wp-json\/wp\/v2\/tags?post=66175"}],"curies":[{"name":"wp","href":"https:\/\/api.w.org\/{rel}","templated":true}]}}