{"id":66212,"date":"2025-04-23T11:43:44","date_gmt":"2025-04-23T10:43:44","guid":{"rendered":"https:\/\/lasentinelle.dz\/?p=66212"},"modified":"2025-04-23T11:43:44","modified_gmt":"2025-04-23T10:43:44","slug":"energie-et-mines-lalgerie-intensifie-ses-partenariats-strategiques","status":"publish","type":"post","link":"https:\/\/lasentinelle.dz\/index.php\/2025\/04\/23\/energie-et-mines-lalgerie-intensifie-ses-partenariats-strategiques\/","title":{"rendered":"\u00c9nergie et mines: L&rsquo;Alg\u00e9rie intensifie ses partenariats strat\u00e9giques"},"content":{"rendered":"\n<p>L&rsquo;Alg\u00e9rie poursuit activement sa strat\u00e9gie de diversification des partenariats internationaux dans les domaines \u00e9nerg\u00e9tique et minier, une d\u00e9marche qui s&rsquo;est concr\u00e9tis\u00e9e cette semaine par une s\u00e9rie de rencontres de haut niveau entre les responsables du secteur et plusieurs d\u00e9l\u00e9gations \u00e9trang\u00e8res. Ces \u00e9changes s&rsquo;inscrivent dans une volont\u00e9 affirm\u00e9e de renforcer la position du pays sur l&rsquo;\u00e9chiquier \u00e9nerg\u00e9tique mondial tout en acc\u00e9l\u00e9rant sa transition vers des mod\u00e8les plus durables et plus diversifi\u00e9s.<\/p>\n\n\n\n<p><strong>Les \u00c9tats-Unis, un partenaire de choix<\/strong><\/p>\n\n\n\n<p>Dans ce sens, le ministre d&rsquo;\u00c9tat, ministre de l&rsquo;\u00c9nergie, des Mines et des \u00c9nergies renouvelables, Mohamed Arkab, a re\u00e7u lundi l&rsquo;ambassadrice des \u00c9tats-Unis en Alg\u00e9rie, Elizabeth Moore Aubin, pour examiner les perspectives de renforcement de la coop\u00e9ration bilat\u00e9rale. Cette rencontre, qui s&rsquo;est d\u00e9roul\u00e9e en pr\u00e9sence des cadres centraux du minist\u00e8re et du PDG de Sonatrach, Rachid Hachichi, a permis de passer en revue l&rsquo;\u00e9tat des relations entre les deux pays et d&rsquo;explorer de nouvelles opportunit\u00e9s de collaboration, notamment dans les domaines des hydrocarbures, des \u00e9nergies renouvelables et de la valorisation des ressources min\u00e9rales. Les discussions ont particuli\u00e8rement port\u00e9 sur l&rsquo;exploration de nouvelles opportunit\u00e9s dans les secteurs amont et aval des hydrocarbures, ainsi que dans les domaines du transport et du transfert d&rsquo;\u00e9lectricit\u00e9. L&rsquo;innovation \u00e9nerg\u00e9tique, incluant les technologies de capture, de stockage et de r\u00e9duction des \u00e9missions de carbone, a \u00e9galement figur\u00e9 au c\u0153ur des \u00e9changes. Le ministre Arkab a soulign\u00e9 l&rsquo;importance croissante des relations avec les grandes compagnies am\u00e9ricaines, notamment Exxon Mobil et Chevron, dans le cadre de la coop\u00e9ration \u00e9tablie en mati\u00e8re d&rsquo;exploration et d&rsquo;augmentation des capacit\u00e9s de production. Il a \u00e9galement \u00e9voqu\u00e9 la r\u00e9cente visite d&rsquo;une d\u00e9l\u00e9gation alg\u00e9rienne de haut niveau aux \u00c9tats-Unis, conduite par le PDG de Sonatrach, pour participer au Forum d&rsquo;affaires alg\u00e9ro-am\u00e9ricain de l&rsquo;\u00c9nergie 2025 \u00e0 Houston. Cette d\u00e9l\u00e9gation a tenu des rencontres de travail \u00ab\u00a0qualitatives\u00a0\u00bb avec de nombreux partenaires am\u00e9ricains pour discuter des opportunit\u00e9s de coop\u00e9ration et d&rsquo;investissement dans divers domaines des hydrocarbures.<\/p>\n\n\n\n<p><strong>Des discussions avec les Saoudiens sur les ENR et le dessalement<\/strong><\/p>\n\n\n\n<p>En parall\u00e8le, Mohamed Arkab a \u00e9galement re\u00e7u une d\u00e9l\u00e9gation de haut niveau d&rsquo;hommes d&rsquo;affaires saoudiens, conduite par le pr\u00e9sident du Conseil d&rsquo;affaires alg\u00e9ro-saoudien, Raed Al-Mazroua. Cette rencontre, qui s&rsquo;est d\u00e9roul\u00e9e en pr\u00e9sence de la secr\u00e9taire d&rsquo;\u00c9tat aupr\u00e8s du ministre de l&rsquo;\u00c9nergie, charg\u00e9e des Mines, Karima Tafer, et de l&rsquo;ambassadeur du Royaume d&rsquo;Arabie saoudite en Alg\u00e9rie, Abdullah Bin Nasser Al-Bussairi, a \u00e9t\u00e9 consacr\u00e9e au renforcement des relations de coop\u00e9ration bilat\u00e9rales dans les domaines de l&rsquo;\u00e9nergie, des mines, des \u00e9nergies renouvelables et du dessalement de l&rsquo;eau de mer. Les deux parties ont exprim\u00e9 leur volont\u00e9 commune d&rsquo;\u00e9largir la coop\u00e9ration dans les domaines du p\u00e9trole et du gaz, notamment en mati\u00e8re de d\u00e9veloppement des industries p\u00e9trochimiques, de fabrication d&rsquo;\u00e9quipements, et d&rsquo;exploitation des ressources min\u00e9rales et des m\u00e9taux strat\u00e9giques. Le ministre a pr\u00e9sent\u00e9 un expos\u00e9 exhaustif sur la strat\u00e9gie du secteur et les diff\u00e9rents programmes de d\u00e9veloppement, mettant en avant les opportunit\u00e9s d&rsquo;investissement \u00ab\u00a0prometteuses\u00a0\u00bb qu&rsquo;offrent les nouveaux cadres juridiques relatifs \u00e0 l&rsquo;investissement, aux hydrocarbures et aux mines. Il a \u00e9galement soulign\u00e9 l&rsquo;engagement de l&rsquo;\u00c9tat alg\u00e9rien \u00e0 accompagner les investisseurs et \u00e0 assurer toutes les facilit\u00e9s n\u00e9cessaires \u00e0 la r\u00e9ussite des projets conjoints.<\/p>\n\n\n\n<p><strong>Oman, un nouveau partenaire pour l&rsquo;exploitation des richesses mini\u00e8res<\/strong><\/p>\n\n\n\n<p>Le secteur minier alg\u00e9rien suscite \u00e9galement l&rsquo;int\u00e9r\u00eat. La secr\u00e9taire d&rsquo;\u00c9tat aupr\u00e8s du ministre de l&rsquo;\u00c9nergie, charg\u00e9e des Mines, Karima Tafer, a re\u00e7u lundi une d\u00e9l\u00e9gation du Sultanat d&rsquo;Oman, compos\u00e9e de responsables de l&rsquo;Autorit\u00e9 d&rsquo;investissement d&rsquo;Oman et de repr\u00e9sentants de la soci\u00e9t\u00e9 \u00ab\u00a0Minerals Development Oman\u00a0\u00bb. Cette rencontre visait \u00e0 discuter des opportunit\u00e9s de partenariat et de coop\u00e9ration dans le domaine des mines et de l&rsquo;exploitation mini\u00e8re. Les deux parties ont salu\u00e9 le niveau des relations privil\u00e9gi\u00e9es unissant les deux pays, qui connaissent une importante dynamique depuis la visite d&rsquo;\u00c9tat effectu\u00e9e par le pr\u00e9sident de la R\u00e9publique, Abdelmadjid Tebboune, au Sultanat d&rsquo;Oman. Mme Tafer a pr\u00e9sent\u00e9 un expos\u00e9 sur le secteur des mines et de l&rsquo;exploitation mini\u00e8re en Alg\u00e9rie, mettant en avant les potentialit\u00e9s prometteuses du pays, le cadre juridique r\u00e9gissant l&rsquo;investissement dans ce domaine et les r\u00e9formes engag\u00e9es par l&rsquo;\u00c9tat pour instaurer un climat attractif et propice \u00e0 l&rsquo;investissement et au partenariat.<\/p>\n\n\n\n<p>Ces multiples rencontres t\u00e9moignent de la volont\u00e9 des autorit\u00e9s alg\u00e9riennes de mettre en \u0153uvre une strat\u00e9gie globale et coh\u00e9rente pour le d\u00e9veloppement des secteurs de l&rsquo;\u00e9nergie et des mines. Cette strat\u00e9gie repose sur plusieurs piliers compl\u00e9mentaires : l&rsquo;optimisation de l&rsquo;exploitation des ressources hydrocarbures traditionnelles, le d\u00e9veloppement des \u00e9nergies renouvelables, la valorisation du potentiel minier national et l&rsquo;industrialisation locale. L&rsquo;accent mis sur le transfert de technologies et le d\u00e9veloppement d&rsquo;une industrie locale des \u00e9quipements \u00e9nerg\u00e9tiques et miniers refl\u00e8te une vision \u00e0 long terme visant \u00e0 renforcer l&rsquo;autonomie technologique du pays tout en cr\u00e9ant de la valeur ajout\u00e9e et des emplois qualifi\u00e9s. Les discussions avec les partenaires am\u00e9ricains concernant la modernisation des r\u00e9seaux \u00e9lectriques et l&rsquo;\u00e9tablissement d&rsquo;une industrie locale des \u00e9quipements \u00e9lectriques s&rsquo;inscrivent pleinement dans cette vision. De m\u00eame, l&rsquo;int\u00e9r\u00eat port\u00e9 aux \u00e9nergies renouvelables et \u00e0 l&rsquo;hydrog\u00e8ne vert, notamment dans illustre la volont\u00e9 de l&rsquo;Alg\u00e9rie de diversifier son mix \u00e9nerg\u00e9tique et de se positionner sur ces fili\u00e8res d&rsquo;avenir. Cette orientation est renforc\u00e9e par les discussions men\u00e9es avec les partenaires am\u00e9ricains sur la coop\u00e9ration dans les domaines de la recherche, du d\u00e9veloppement et de l&rsquo;innovation en mati\u00e8re de solutions technologiques durables. Enfin, l&rsquo;exploitation des ressources min\u00e9rales, particuli\u00e8rement les terres rares et les m\u00e9taux strat\u00e9giques, constitue un axe majeur de cette strat\u00e9gie, comme en t\u00e9moignent les \u00e9changes avec les d\u00e9l\u00e9gations omanaise et saoudienne.<\/p>\n\n\n\n<p>Amar Malki<\/p>\n","protected":false},"excerpt":{"rendered":"<p>L&rsquo;Alg\u00e9rie poursuit activement sa strat\u00e9gie de diversification des partenariats internationaux dans les domaines \u00e9nerg\u00e9tique et minier, une d\u00e9marche qui s&rsquo;est<\/p>\n","protected":false},"author":6,"featured_media":66213,"comment_status":"open","ping_status":"closed","sticky":false,"template":"","format":"standard","meta":{"colormag_page_container_layout":"default_layout","colormag_page_sidebar_layout":"default_layout","om_disable_all_campaigns":false,"_monsterinsights_skip_tracking":false,"_monsterinsights_sitenote_active":false,"_monsterinsights_sitenote_note":"","_monsterinsights_sitenote_category":0,"footnotes":"","_wpscppro_dont_share_socialmedia":false,"_wpscppro_custom_social_share_image":0,"_facebook_share_type":"default","_twitter_share_type":"default","_linkedin_share_type":"default","_pinterest_share_type":"default","_linkedin_share_type_page":"","_instagram_share_type":"default","_medium_share_type":"default","_threads_share_type":"","_google_business_share_type":"","_selected_social_profile":[],"_wpsp_enable_custom_social_template":false,"_wpsp_social_scheduling":{"enabled":false,"datetime":null,"platforms":[],"status":"template_only","dateOption":"today","timeOption":"now","customDays":"","customHours":"","customDate":"","customTime":"","schedulingType":"absolute"},"_wpsp_active_default_template":true},"categories":[29],"tags":[],"class_list":["post-66212","post","type-post","status-publish","format-standard","has-post-thumbnail","hentry","category-economie"],"aioseo_notices":[],"yoast_head":"<!-- This site is optimized with the Yoast SEO plugin v27.5 - https:\/\/yoast.com\/product\/yoast-seo-wordpress\/ -->\n<title>\u00c9nergie et mines: L&rsquo;Alg\u00e9rie intensifie ses partenariats strat\u00e9giques - La Sentinelle<\/title>\n<meta name=\"robots\" content=\"index, follow, max-snippet:-1, max-image-preview:large, max-video-preview:-1\" \/>\n<link rel=\"canonical\" href=\"https:\/\/lasentinelle.dz\/index.php\/2025\/04\/23\/energie-et-mines-lalgerie-intensifie-ses-partenariats-strategiques\/\" \/>\n<meta property=\"og:locale\" content=\"fr_FR\" \/>\n<meta property=\"og:type\" content=\"article\" \/>\n<meta property=\"og:title\" content=\"\u00c9nergie et mines: L&rsquo;Alg\u00e9rie intensifie ses partenariats strat\u00e9giques - La Sentinelle\" \/>\n<meta property=\"og:description\" content=\"L&rsquo;Alg\u00e9rie poursuit activement sa strat\u00e9gie de diversification des partenariats internationaux dans les domaines \u00e9nerg\u00e9tique et minier, une d\u00e9marche qui s&rsquo;est\" \/>\n<meta property=\"og:url\" content=\"https:\/\/lasentinelle.dz\/index.php\/2025\/04\/23\/energie-et-mines-lalgerie-intensifie-ses-partenariats-strategiques\/\" \/>\n<meta property=\"og:site_name\" content=\"La Sentinelle\" \/>\n<meta property=\"article:publisher\" content=\"https:\/\/www.facebook.com\/La-Sentinelle-104059864394773\" \/>\n<meta property=\"article:published_time\" content=\"2025-04-23T10:43:44+00:00\" \/>\n<meta property=\"og:image\" content=\"https:\/\/lasentinelle.dz\/wp-content\/uploads\/2025\/04\/492235233_1004337505174346_107781968944974256_n.jpg\" \/>\n\t<meta property=\"og:image:width\" content=\"2048\" \/>\n\t<meta property=\"og:image:height\" content=\"1365\" \/>\n\t<meta property=\"og:image:type\" content=\"image\/jpeg\" \/>\n<meta name=\"author\" content=\"admin\" \/>\n<meta name=\"twitter:card\" content=\"summary_large_image\" \/>\n<meta name=\"twitter:label1\" content=\"\u00c9crit par\" \/>\n\t<meta name=\"twitter:data1\" content=\"admin\" \/>\n\t<meta name=\"twitter:label2\" content=\"Dur\u00e9e de lecture estim\u00e9e\" \/>\n\t<meta name=\"twitter:data2\" content=\"5 minutes\" \/>\n<script type=\"application\/ld+json\" class=\"yoast-schema-graph\">{\"@context\":\"https:\\\/\\\/schema.org\",\"@graph\":[{\"@type\":\"Article\",\"@id\":\"https:\\\/\\\/lasentinelle.dz\\\/index.php\\\/2025\\\/04\\\/23\\\/energie-et-mines-lalgerie-intensifie-ses-partenariats-strategiques\\\/#article\",\"isPartOf\":{\"@id\":\"https:\\\/\\\/lasentinelle.dz\\\/index.php\\\/2025\\\/04\\\/23\\\/energie-et-mines-lalgerie-intensifie-ses-partenariats-strategiques\\\/\"},\"author\":{\"name\":\"admin\",\"@id\":\"https:\\\/\\\/lasentinelle.dz\\\/#\\\/schema\\\/person\\\/729ee0024f24e0b8c5ec17232f8e8b41\"},\"headline\":\"\u00c9nergie et mines: L&rsquo;Alg\u00e9rie intensifie ses partenariats strat\u00e9giques\",\"datePublished\":\"2025-04-23T10:43:44+00:00\",\"mainEntityOfPage\":{\"@id\":\"https:\\\/\\\/lasentinelle.dz\\\/index.php\\\/2025\\\/04\\\/23\\\/energie-et-mines-lalgerie-intensifie-ses-partenariats-strategiques\\\/\"},\"wordCount\":1109,\"commentCount\":0,\"publisher\":{\"@id\":\"https:\\\/\\\/lasentinelle.dz\\\/#organization\"},\"image\":{\"@id\":\"https:\\\/\\\/lasentinelle.dz\\\/index.php\\\/2025\\\/04\\\/23\\\/energie-et-mines-lalgerie-intensifie-ses-partenariats-strategiques\\\/#primaryimage\"},\"thumbnailUrl\":\"https:\\\/\\\/lasentinelle.dz\\\/wp-content\\\/uploads\\\/2025\\\/04\\\/492235233_1004337505174346_107781968944974256_n.jpg\",\"articleSection\":[\"\u00c9conomie\"],\"inLanguage\":\"fr-FR\",\"potentialAction\":[{\"@type\":\"CommentAction\",\"name\":\"Comment\",\"target\":[\"https:\\\/\\\/lasentinelle.dz\\\/index.php\\\/2025\\\/04\\\/23\\\/energie-et-mines-lalgerie-intensifie-ses-partenariats-strategiques\\\/#respond\"]}]},{\"@type\":\"WebPage\",\"@id\":\"https:\\\/\\\/lasentinelle.dz\\\/index.php\\\/2025\\\/04\\\/23\\\/energie-et-mines-lalgerie-intensifie-ses-partenariats-strategiques\\\/\",\"url\":\"https:\\\/\\\/lasentinelle.dz\\\/index.php\\\/2025\\\/04\\\/23\\\/energie-et-mines-lalgerie-intensifie-ses-partenariats-strategiques\\\/\",\"name\":\"\u00c9nergie et mines: L&rsquo;Alg\u00e9rie intensifie ses partenariats strat\u00e9giques - La Sentinelle\",\"isPartOf\":{\"@id\":\"https:\\\/\\\/lasentinelle.dz\\\/#website\"},\"primaryImageOfPage\":{\"@id\":\"https:\\\/\\\/lasentinelle.dz\\\/index.php\\\/2025\\\/04\\\/23\\\/energie-et-mines-lalgerie-intensifie-ses-partenariats-strategiques\\\/#primaryimage\"},\"image\":{\"@id\":\"https:\\\/\\\/lasentinelle.dz\\\/index.php\\\/2025\\\/04\\\/23\\\/energie-et-mines-lalgerie-intensifie-ses-partenariats-strategiques\\\/#primaryimage\"},\"thumbnailUrl\":\"https:\\\/\\\/lasentinelle.dz\\\/wp-content\\\/uploads\\\/2025\\\/04\\\/492235233_1004337505174346_107781968944974256_n.jpg\",\"datePublished\":\"2025-04-23T10:43:44+00:00\",\"breadcrumb\":{\"@id\":\"https:\\\/\\\/lasentinelle.dz\\\/index.php\\\/2025\\\/04\\\/23\\\/energie-et-mines-lalgerie-intensifie-ses-partenariats-strategiques\\\/#breadcrumb\"},\"inLanguage\":\"fr-FR\",\"potentialAction\":[{\"@type\":\"ReadAction\",\"target\":[\"https:\\\/\\\/lasentinelle.dz\\\/index.php\\\/2025\\\/04\\\/23\\\/energie-et-mines-lalgerie-intensifie-ses-partenariats-strategiques\\\/\"]}]},{\"@type\":\"ImageObject\",\"inLanguage\":\"fr-FR\",\"@id\":\"https:\\\/\\\/lasentinelle.dz\\\/index.php\\\/2025\\\/04\\\/23\\\/energie-et-mines-lalgerie-intensifie-ses-partenariats-strategiques\\\/#primaryimage\",\"url\":\"https:\\\/\\\/lasentinelle.dz\\\/wp-content\\\/uploads\\\/2025\\\/04\\\/492235233_1004337505174346_107781968944974256_n.jpg\",\"contentUrl\":\"https:\\\/\\\/lasentinelle.dz\\\/wp-content\\\/uploads\\\/2025\\\/04\\\/492235233_1004337505174346_107781968944974256_n.jpg\",\"width\":2048,\"height\":1365},{\"@type\":\"BreadcrumbList\",\"@id\":\"https:\\\/\\\/lasentinelle.dz\\\/index.php\\\/2025\\\/04\\\/23\\\/energie-et-mines-lalgerie-intensifie-ses-partenariats-strategiques\\\/#breadcrumb\",\"itemListElement\":[{\"@type\":\"ListItem\",\"position\":1,\"name\":\"Accueil\",\"item\":\"https:\\\/\\\/lasentinelle.dz\\\/\"},{\"@type\":\"ListItem\",\"position\":2,\"name\":\"\u00c9nergie et mines: L&rsquo;Alg\u00e9rie intensifie ses partenariats strat\u00e9giques\"}]},{\"@type\":\"WebSite\",\"@id\":\"https:\\\/\\\/lasentinelle.dz\\\/#website\",\"url\":\"https:\\\/\\\/lasentinelle.dz\\\/\",\"name\":\"La Sentinelle\",\"description\":\"Quotidien national d&#039;information\",\"publisher\":{\"@id\":\"https:\\\/\\\/lasentinelle.dz\\\/#organization\"},\"potentialAction\":[{\"@type\":\"SearchAction\",\"target\":{\"@type\":\"EntryPoint\",\"urlTemplate\":\"https:\\\/\\\/lasentinelle.dz\\\/?s={search_term_string}\"},\"query-input\":{\"@type\":\"PropertyValueSpecification\",\"valueRequired\":true,\"valueName\":\"search_term_string\"}}],\"inLanguage\":\"fr-FR\"},{\"@type\":\"Organization\",\"@id\":\"https:\\\/\\\/lasentinelle.dz\\\/#organization\",\"name\":\"Quotidien La Sentinelle\",\"url\":\"https:\\\/\\\/lasentinelle.dz\\\/\",\"logo\":{\"@type\":\"ImageObject\",\"inLanguage\":\"fr-FR\",\"@id\":\"https:\\\/\\\/lasentinelle.dz\\\/#\\\/schema\\\/logo\\\/image\\\/\",\"url\":\"https:\\\/\\\/lasentinelle.dz\\\/wp-content\\\/uploads\\\/2021\\\/09\\\/logo-sentinelleSLOGAN-1.png\",\"contentUrl\":\"https:\\\/\\\/lasentinelle.dz\\\/wp-content\\\/uploads\\\/2021\\\/09\\\/logo-sentinelleSLOGAN-1.png\",\"width\":615,\"height\":142,\"caption\":\"Quotidien La Sentinelle\"},\"image\":{\"@id\":\"https:\\\/\\\/lasentinelle.dz\\\/#\\\/schema\\\/logo\\\/image\\\/\"},\"sameAs\":[\"https:\\\/\\\/www.facebook.com\\\/La-Sentinelle-104059864394773\"]},{\"@type\":\"Person\",\"@id\":\"https:\\\/\\\/lasentinelle.dz\\\/#\\\/schema\\\/person\\\/729ee0024f24e0b8c5ec17232f8e8b41\",\"name\":\"admin\",\"image\":{\"@type\":\"ImageObject\",\"inLanguage\":\"fr-FR\",\"@id\":\"https:\\\/\\\/secure.gravatar.com\\\/avatar\\\/4c81fed838786e9b53f540bf46533e750f5d292099ae3b66cfc6fb1982e29df7?s=96&d=mm&r=g\",\"url\":\"https:\\\/\\\/secure.gravatar.com\\\/avatar\\\/4c81fed838786e9b53f540bf46533e750f5d292099ae3b66cfc6fb1982e29df7?s=96&d=mm&r=g\",\"contentUrl\":\"https:\\\/\\\/secure.gravatar.com\\\/avatar\\\/4c81fed838786e9b53f540bf46533e750f5d292099ae3b66cfc6fb1982e29df7?s=96&d=mm&r=g\",\"caption\":\"admin\"},\"description\":\"admin\",\"url\":\"https:\\\/\\\/lasentinelle.dz\\\/author\\\/admin\\\/\"}]}<\/script>\n<!-- \/ Yoast SEO plugin. -->","yoast_head_json":{"title":"\u00c9nergie et mines: L&rsquo;Alg\u00e9rie intensifie ses partenariats strat\u00e9giques - La Sentinelle","robots":{"index":"index","follow":"follow","max-snippet":"max-snippet:-1","max-image-preview":"max-image-preview:large","max-video-preview":"max-video-preview:-1"},"canonical":"https:\/\/lasentinelle.dz\/index.php\/2025\/04\/23\/energie-et-mines-lalgerie-intensifie-ses-partenariats-strategiques\/","og_locale":"fr_FR","og_type":"article","og_title":"\u00c9nergie et mines: L&rsquo;Alg\u00e9rie intensifie ses partenariats strat\u00e9giques - La Sentinelle","og_description":"L&rsquo;Alg\u00e9rie poursuit activement sa strat\u00e9gie de diversification des partenariats internationaux dans les domaines \u00e9nerg\u00e9tique et minier, une d\u00e9marche qui s&rsquo;est","og_url":"https:\/\/lasentinelle.dz\/index.php\/2025\/04\/23\/energie-et-mines-lalgerie-intensifie-ses-partenariats-strategiques\/","og_site_name":"La Sentinelle","article_publisher":"https:\/\/www.facebook.com\/La-Sentinelle-104059864394773","article_published_time":"2025-04-23T10:43:44+00:00","og_image":[{"width":2048,"height":1365,"url":"https:\/\/lasentinelle.dz\/wp-content\/uploads\/2025\/04\/492235233_1004337505174346_107781968944974256_n.jpg","type":"image\/jpeg"}],"author":"admin","twitter_card":"summary_large_image","twitter_misc":{"\u00c9crit par":"admin","Dur\u00e9e de lecture estim\u00e9e":"5 minutes"},"schema":{"@context":"https:\/\/schema.org","@graph":[{"@type":"Article","@id":"https:\/\/lasentinelle.dz\/index.php\/2025\/04\/23\/energie-et-mines-lalgerie-intensifie-ses-partenariats-strategiques\/#article","isPartOf":{"@id":"https:\/\/lasentinelle.dz\/index.php\/2025\/04\/23\/energie-et-mines-lalgerie-intensifie-ses-partenariats-strategiques\/"},"author":{"name":"admin","@id":"https:\/\/lasentinelle.dz\/#\/schema\/person\/729ee0024f24e0b8c5ec17232f8e8b41"},"headline":"\u00c9nergie et mines: L&rsquo;Alg\u00e9rie intensifie ses partenariats strat\u00e9giques","datePublished":"2025-04-23T10:43:44+00:00","mainEntityOfPage":{"@id":"https:\/\/lasentinelle.dz\/index.php\/2025\/04\/23\/energie-et-mines-lalgerie-intensifie-ses-partenariats-strategiques\/"},"wordCount":1109,"commentCount":0,"publisher":{"@id":"https:\/\/lasentinelle.dz\/#organization"},"image":{"@id":"https:\/\/lasentinelle.dz\/index.php\/2025\/04\/23\/energie-et-mines-lalgerie-intensifie-ses-partenariats-strategiques\/#primaryimage"},"thumbnailUrl":"https:\/\/lasentinelle.dz\/wp-content\/uploads\/2025\/04\/492235233_1004337505174346_107781968944974256_n.jpg","articleSection":["\u00c9conomie"],"inLanguage":"fr-FR","potentialAction":[{"@type":"CommentAction","name":"Comment","target":["https:\/\/lasentinelle.dz\/index.php\/2025\/04\/23\/energie-et-mines-lalgerie-intensifie-ses-partenariats-strategiques\/#respond"]}]},{"@type":"WebPage","@id":"https:\/\/lasentinelle.dz\/index.php\/2025\/04\/23\/energie-et-mines-lalgerie-intensifie-ses-partenariats-strategiques\/","url":"https:\/\/lasentinelle.dz\/index.php\/2025\/04\/23\/energie-et-mines-lalgerie-intensifie-ses-partenariats-strategiques\/","name":"\u00c9nergie et mines: L&rsquo;Alg\u00e9rie intensifie ses partenariats strat\u00e9giques - La Sentinelle","isPartOf":{"@id":"https:\/\/lasentinelle.dz\/#website"},"primaryImageOfPage":{"@id":"https:\/\/lasentinelle.dz\/index.php\/2025\/04\/23\/energie-et-mines-lalgerie-intensifie-ses-partenariats-strategiques\/#primaryimage"},"image":{"@id":"https:\/\/lasentinelle.dz\/index.php\/2025\/04\/23\/energie-et-mines-lalgerie-intensifie-ses-partenariats-strategiques\/#primaryimage"},"thumbnailUrl":"https:\/\/lasentinelle.dz\/wp-content\/uploads\/2025\/04\/492235233_1004337505174346_107781968944974256_n.jpg","datePublished":"2025-04-23T10:43:44+00:00","breadcrumb":{"@id":"https:\/\/lasentinelle.dz\/index.php\/2025\/04\/23\/energie-et-mines-lalgerie-intensifie-ses-partenariats-strategiques\/#breadcrumb"},"inLanguage":"fr-FR","potentialAction":[{"@type":"ReadAction","target":["https:\/\/lasentinelle.dz\/index.php\/2025\/04\/23\/energie-et-mines-lalgerie-intensifie-ses-partenariats-strategiques\/"]}]},{"@type":"ImageObject","inLanguage":"fr-FR","@id":"https:\/\/lasentinelle.dz\/index.php\/2025\/04\/23\/energie-et-mines-lalgerie-intensifie-ses-partenariats-strategiques\/#primaryimage","url":"https:\/\/lasentinelle.dz\/wp-content\/uploads\/2025\/04\/492235233_1004337505174346_107781968944974256_n.jpg","contentUrl":"https:\/\/lasentinelle.dz\/wp-content\/uploads\/2025\/04\/492235233_1004337505174346_107781968944974256_n.jpg","width":2048,"height":1365},{"@type":"BreadcrumbList","@id":"https:\/\/lasentinelle.dz\/index.php\/2025\/04\/23\/energie-et-mines-lalgerie-intensifie-ses-partenariats-strategiques\/#breadcrumb","itemListElement":[{"@type":"ListItem","position":1,"name":"Accueil","item":"https:\/\/lasentinelle.dz\/"},{"@type":"ListItem","position":2,"name":"\u00c9nergie et mines: L&rsquo;Alg\u00e9rie intensifie ses partenariats strat\u00e9giques"}]},{"@type":"WebSite","@id":"https:\/\/lasentinelle.dz\/#website","url":"https:\/\/lasentinelle.dz\/","name":"La Sentinelle","description":"Quotidien national d&#039;information","publisher":{"@id":"https:\/\/lasentinelle.dz\/#organization"},"potentialAction":[{"@type":"SearchAction","target":{"@type":"EntryPoint","urlTemplate":"https:\/\/lasentinelle.dz\/?s={search_term_string}"},"query-input":{"@type":"PropertyValueSpecification","valueRequired":true,"valueName":"search_term_string"}}],"inLanguage":"fr-FR"},{"@type":"Organization","@id":"https:\/\/lasentinelle.dz\/#organization","name":"Quotidien La Sentinelle","url":"https:\/\/lasentinelle.dz\/","logo":{"@type":"ImageObject","inLanguage":"fr-FR","@id":"https:\/\/lasentinelle.dz\/#\/schema\/logo\/image\/","url":"https:\/\/lasentinelle.dz\/wp-content\/uploads\/2021\/09\/logo-sentinelleSLOGAN-1.png","contentUrl":"https:\/\/lasentinelle.dz\/wp-content\/uploads\/2021\/09\/logo-sentinelleSLOGAN-1.png","width":615,"height":142,"caption":"Quotidien La Sentinelle"},"image":{"@id":"https:\/\/lasentinelle.dz\/#\/schema\/logo\/image\/"},"sameAs":["https:\/\/www.facebook.com\/La-Sentinelle-104059864394773"]},{"@type":"Person","@id":"https:\/\/lasentinelle.dz\/#\/schema\/person\/729ee0024f24e0b8c5ec17232f8e8b41","name":"admin","image":{"@type":"ImageObject","inLanguage":"fr-FR","@id":"https:\/\/secure.gravatar.com\/avatar\/4c81fed838786e9b53f540bf46533e750f5d292099ae3b66cfc6fb1982e29df7?s=96&d=mm&r=g","url":"https:\/\/secure.gravatar.com\/avatar\/4c81fed838786e9b53f540bf46533e750f5d292099ae3b66cfc6fb1982e29df7?s=96&d=mm&r=g","contentUrl":"https:\/\/secure.gravatar.com\/avatar\/4c81fed838786e9b53f540bf46533e750f5d292099ae3b66cfc6fb1982e29df7?s=96&d=mm&r=g","caption":"admin"},"description":"admin","url":"https:\/\/lasentinelle.dz\/author\/admin\/"}]}},"_links":{"self":[{"href":"https:\/\/lasentinelle.dz\/index.php\/wp-json\/wp\/v2\/posts\/66212","targetHints":{"allow":["GET"]}}],"collection":[{"href":"https:\/\/lasentinelle.dz\/index.php\/wp-json\/wp\/v2\/posts"}],"about":[{"href":"https:\/\/lasentinelle.dz\/index.php\/wp-json\/wp\/v2\/types\/post"}],"author":[{"embeddable":true,"href":"https:\/\/lasentinelle.dz\/index.php\/wp-json\/wp\/v2\/users\/6"}],"replies":[{"embeddable":true,"href":"https:\/\/lasentinelle.dz\/index.php\/wp-json\/wp\/v2\/comments?post=66212"}],"version-history":[{"count":2,"href":"https:\/\/lasentinelle.dz\/index.php\/wp-json\/wp\/v2\/posts\/66212\/revisions"}],"predecessor-version":[{"id":66215,"href":"https:\/\/lasentinelle.dz\/index.php\/wp-json\/wp\/v2\/posts\/66212\/revisions\/66215"}],"wp:featuredmedia":[{"embeddable":true,"href":"https:\/\/lasentinelle.dz\/index.php\/wp-json\/wp\/v2\/media\/66213"}],"wp:attachment":[{"href":"https:\/\/lasentinelle.dz\/index.php\/wp-json\/wp\/v2\/media?parent=66212"}],"wp:term":[{"taxonomy":"category","embeddable":true,"href":"https:\/\/lasentinelle.dz\/index.php\/wp-json\/wp\/v2\/categories?post=66212"},{"taxonomy":"post_tag","embeddable":true,"href":"https:\/\/lasentinelle.dz\/index.php\/wp-json\/wp\/v2\/tags?post=66212"}],"curies":[{"name":"wp","href":"https:\/\/api.w.org\/{rel}","templated":true}]}}