{"id":66216,"date":"2025-04-23T11:44:23","date_gmt":"2025-04-23T10:44:23","guid":{"rendered":"https:\/\/lasentinelle.dz\/?p=66216"},"modified":"2025-04-23T11:44:24","modified_gmt":"2025-04-23T10:44:24","slug":"developpement-petrolier-et-gazier-africain-lalgerie-disposee-a-partager-son-expertise","status":"publish","type":"post","link":"https:\/\/lasentinelle.dz\/index.php\/2025\/04\/23\/developpement-petrolier-et-gazier-africain-lalgerie-disposee-a-partager-son-expertise\/","title":{"rendered":"D\u00e9veloppement p\u00e9trolier et gazier africain: L\u2019Alg\u00e9rie dispos\u00e9e \u00e0 partager son expertise"},"content":{"rendered":"\n<p>Le ministre d&rsquo;\u00c9tat, ministre de l&rsquo;\u00c9nergie, des Mines et des \u00c9nergies renouvelables, Mohamed Arkab, a r\u00e9affirm\u00e9 ce mardi \u00e0 Alger l&rsquo;engagement ferme de l&rsquo;Alg\u00e9rie \u00e0 soutenir les pays africains dans le domaine des hydrocarbures et de l&rsquo;industrie p\u00e9troli\u00e8re et gazi\u00e8re, en partageant son expertise qui s&rsquo;\u00e9tend sur plus de 60 ans, notamment \u00e0 travers ses instituts de pointe comme l&rsquo;Institut Alg\u00e9rien du P\u00e9trole.<\/p>\n\n\n\n<p>Au cours de la c\u00e9r\u00e9monie d&rsquo;ouverture de la deuxi\u00e8me r\u00e9union du Forum des centres de recherche, d&rsquo;innovation et de d\u00e9veloppement des \u00c9tats membres de l&rsquo;Organisation Africaine des Pays Producteurs de P\u00e9trole (APPO), M. Arkab a r\u00e9affirm\u00e9 que \u00ab\u00a0l&rsquo;Alg\u00e9rie, fid\u00e8le \u00e0 ses engagements continentaux, \u0153uvre \u00e0 l&rsquo;\u00e9tablissement de partenariats strat\u00e9giques avec les pays africains, particuli\u00e8rement dans le secteur \u00e9nerg\u00e9tique, en soutenant les projets de recherche et d\u00e9veloppement, et en encourageant la transition vers un mod\u00e8le \u00e9nerg\u00e9tique durable et int\u00e9gr\u00e9\u00a0\u00bb, a d\u00e9clar\u00e9 le ministre. Il a pr\u00e9cis\u00e9 que l&rsquo;Alg\u00e9rie cherche \u00e0 renforcer la coop\u00e9ration et les partenariats avec les pays africains, notamment dans le secteur \u00e9nerg\u00e9tique, dans le cadre d&rsquo;une politique proactive visant \u00e0 soutenir la croissance commune et \u00e0 construire des ponts solides entre les peuples africains. \u00ab\u00a0L&rsquo;organisation de cette \u00e9dition sous le th\u00e8me &lsquo;Innovation et Coop\u00e9ration&rsquo; refl\u00e8te notre volont\u00e9 collective de b\u00e2tir des partenariats fond\u00e9s sur la connaissance et les meilleures pratiques, dans le but d&rsquo;exploiter les ressources naturelles de mani\u00e8re responsable et efficace, particuli\u00e8rement face aux d\u00e9fis climatiques et \u00e0 la transition \u00e9nerg\u00e9tique\u00a0\u00bb, a-t-il ajout\u00e9. Le ministre d&rsquo;\u00c9tat a insist\u00e9 sur le fait que l&rsquo;\u00e9change d&rsquo;exp\u00e9riences et de pratiques entre les membres de l&rsquo;organisation repr\u00e9sente la voie la plus efficace pour r\u00e9aliser une \u00ab\u00a0renaissance industrielle africaine\u00a0\u00bb dans le domaine de l&rsquo;\u00e9nergie. Il a soulign\u00e9 que le Forum des centres de recherche pourrait constituer un noyau pour le lancement de programmes communs de recherche et d\u00e9veloppement, susceptibles de b\u00e9n\u00e9ficier du soutien de la nouvelle Banque africaine de l&rsquo;\u00e9nergie, un outil de financement innovant pour soutenir les projets technologiques.<\/p>\n\n\n\n<p>Sonatrach obtient 30 brevets d\u2019invention en trois ans<\/p>\n\n\n\n<p>Dans ce contexte, M. Arkab a pr\u00e9sent\u00e9 les efforts d\u00e9ploy\u00e9s par la compagnie nationale Sonatrach, notamment dans le domaine de la recherche et du d\u00e9veloppement, r\u00e9v\u00e9lant que pr\u00e8s de 30 brevets d&rsquo;invention ont \u00e9t\u00e9 enregistr\u00e9s en seulement trois ans, contre un seul en 2020. Il a \u00e9galement \u00e9voqu\u00e9 le lancement d&rsquo;environ 40 projets de recherche, dont plus de 70% sont r\u00e9alis\u00e9s dans le cadre de partenariats nationaux et internationaux. \u00ab\u00a0La soci\u00e9t\u00e9 a \u00e9galement conclu des accords-cadres avec sept universit\u00e9s alg\u00e9riennes pour cr\u00e9er des laboratoires de recherche mixtes et renforcer les liens entre l&rsquo;universit\u00e9 et l&rsquo;industrie, dans la perspective de soutenir la s\u00e9curit\u00e9 \u00e9nerg\u00e9tique nationale et africaine\u00a0\u00bb, a-t-il pr\u00e9cis\u00e9. \u00ab\u00a0Le partage de notre expertise et de notre savoir-faire avec nos fr\u00e8res africains n&rsquo;est pas une simple option, mais une responsabilit\u00e9 historique que nous assumons pleinement pour contribuer \u00e0 l&rsquo;\u00e9mergence d&rsquo;une Afrique \u00e9nerg\u00e9tiquement souveraine et prosp\u00e8re\u00a0\u00bb, a conclu M. Arkab.<\/p>\n\n\n\n<p>De son c\u00f4t\u00e9, le Secr\u00e9taire g\u00e9n\u00e9ral de l&rsquo;APPO, Dr. Omar Farouk Ibrahim, a salu\u00e9 le r\u00f4le \u00ab\u00a0remarquable\u00a0\u00bb jou\u00e9 par l&rsquo;Alg\u00e9rie dans la cr\u00e9ation de l&rsquo;organisation en 1987, indiquant que les responsables alg\u00e9riens avaient alors effectu\u00e9 des \u00ab\u00a0navettes diplomatiques\u00a0\u00bb pour convaincre leurs homologues du continent de cr\u00e9er ce cadre continental. Il a confirm\u00e9 que l&rsquo;Alg\u00e9rie continue \u00e0 soutenir l&rsquo;organisation \u00e0 diff\u00e9rents niveaux.<\/p>\n\n\n\n<p>Concernant la recherche, le d\u00e9veloppement et l&rsquo;innovation, M. Ibrahim a affirm\u00e9 que l&rsquo;industrie p\u00e9troli\u00e8re et gazi\u00e8re en Afrique fait face \u00e0 des d\u00e9fis croissants en mati\u00e8re de financement et de technologie. Il a appel\u00e9 \u00e0 trouver des solutions scientifiques et durables pour y faire face, en unissant les efforts pour cr\u00e9er des p\u00f4les d&rsquo;excellence r\u00e9gionaux dans les domaines de la recherche et de la formation. Il a soulign\u00e9 que la gestion des ressources p\u00e9troli\u00e8res et gazi\u00e8res du continent n\u00e9cessite des solutions locales durables et efficaces, insistant sur le fait que cela ne peut \u00eatre r\u00e9alis\u00e9 que par la planification et une coop\u00e9ration intensive entre les pays, ainsi que par le financement de la recherche, du d\u00e9veloppement et de l&rsquo;innovation.<\/p>\n\n\n\n<p>Dans son allocution, le Pr\u00e9sident-directeur g\u00e9n\u00e9ral du groupe Sonatrach, Rachid Hachichi, a soulign\u00e9 que le Forum constitue une \u00e9tape essentielle dans le processus d&rsquo;engagement commun pour une exploitation responsable, durable et innovante des ressources \u00e9nerg\u00e9tiques africaines. Il a indiqu\u00e9 que l&rsquo;objectif est de permettre aux \u00c9tats membres de passer de la simple utilisation des technologies existantes au d\u00e9veloppement de leurs propres technologies. M. Hachichi a \u00e9galement soulign\u00e9 l&rsquo;importance de cr\u00e9er des p\u00f4les d&rsquo;excellence et de lancer des programmes de recherche ambitieux d&rsquo;int\u00e9r\u00eat commun entre les \u00c9tats membres, qui serviraient de leviers de transformation en se concentrant sur l&rsquo;innovation, le renforcement des capacit\u00e9s locales et la prise en compte des enjeux environnementaux et \u00e9nerg\u00e9tiques.<\/p>\n\n\n\n<p>Au cours des travaux, la soci\u00e9t\u00e9 angolaise Sonangol a transmis la pr\u00e9sidence du Forum des centres de recherche, de d\u00e9veloppement et d&rsquo;innovation \u00e0 Sonatrach, repr\u00e9sent\u00e9e par sa Direction centrale de la recherche et du d\u00e9veloppement. Il convient de rappeler que l&rsquo;Organisation Africaine des Pays Producteurs de P\u00e9trole, fond\u00e9e en 1987, comprend 15 \u00c9tats membres : l&rsquo;Alg\u00e9rie, l&rsquo;Angola, le B\u00e9nin, le Cameroun, le Congo, la C\u00f4te d&rsquo;Ivoire, le Gabon, le Niger, le Nigeria, le Tchad, la R\u00e9publique d\u00e9mocratique du Congo, l&rsquo;\u00c9gypte, la Guin\u00e9e \u00e9quatoriale, la Libye et l&rsquo;Afrique du Sud, en plus de trois membres observateurs.<\/p>\n\n\n\n<p>Samira Ghrib<\/p>\n","protected":false},"excerpt":{"rendered":"<p>Le ministre d&rsquo;\u00c9tat, ministre de l&rsquo;\u00c9nergie, des Mines et des \u00c9nergies renouvelables, Mohamed Arkab, a r\u00e9affirm\u00e9 ce mardi \u00e0 Alger<\/p>\n","protected":false},"author":6,"featured_media":66217,"comment_status":"open","ping_status":"closed","sticky":false,"template":"","format":"standard","meta":{"colormag_page_container_layout":"default_layout","colormag_page_sidebar_layout":"default_layout","om_disable_all_campaigns":false,"_monsterinsights_skip_tracking":false,"_monsterinsights_sitenote_active":false,"_monsterinsights_sitenote_note":"","_monsterinsights_sitenote_category":0,"footnotes":"","_wpscppro_dont_share_socialmedia":false,"_wpscppro_custom_social_share_image":0,"_facebook_share_type":"default","_twitter_share_type":"default","_linkedin_share_type":"default","_pinterest_share_type":"default","_linkedin_share_type_page":"","_instagram_share_type":"default","_medium_share_type":"default","_threads_share_type":"","_google_business_share_type":"","_selected_social_profile":[],"_wpsp_enable_custom_social_template":false,"_wpsp_social_scheduling":{"enabled":false,"datetime":null,"platforms":[],"status":"template_only","dateOption":"today","timeOption":"now","customDays":"","customHours":"","customDate":"","customTime":"","schedulingType":"absolute"},"_wpsp_active_default_template":true},"categories":[52,29],"tags":[],"class_list":["post-66216","post","type-post","status-publish","format-standard","has-post-thumbnail","hentry","category-a-la-une","category-economie"],"aioseo_notices":[],"yoast_head":"<!-- This site is optimized with the Yoast SEO plugin v27.5 - https:\/\/yoast.com\/product\/yoast-seo-wordpress\/ -->\n<title>D\u00e9veloppement p\u00e9trolier et gazier africain: L\u2019Alg\u00e9rie dispos\u00e9e \u00e0 partager son expertise - La Sentinelle<\/title>\n<meta name=\"robots\" content=\"index, follow, max-snippet:-1, max-image-preview:large, max-video-preview:-1\" \/>\n<link rel=\"canonical\" href=\"https:\/\/lasentinelle.dz\/index.php\/2025\/04\/23\/developpement-petrolier-et-gazier-africain-lalgerie-disposee-a-partager-son-expertise\/\" \/>\n<meta property=\"og:locale\" content=\"fr_FR\" \/>\n<meta property=\"og:type\" content=\"article\" \/>\n<meta property=\"og:title\" content=\"D\u00e9veloppement p\u00e9trolier et gazier africain: L\u2019Alg\u00e9rie dispos\u00e9e \u00e0 partager son expertise - La Sentinelle\" \/>\n<meta property=\"og:description\" content=\"Le ministre d&rsquo;\u00c9tat, ministre de l&rsquo;\u00c9nergie, des Mines et des \u00c9nergies renouvelables, Mohamed Arkab, a r\u00e9affirm\u00e9 ce mardi \u00e0 Alger\" \/>\n<meta property=\"og:url\" content=\"https:\/\/lasentinelle.dz\/index.php\/2025\/04\/23\/developpement-petrolier-et-gazier-africain-lalgerie-disposee-a-partager-son-expertise\/\" \/>\n<meta property=\"og:site_name\" content=\"La Sentinelle\" \/>\n<meta property=\"article:publisher\" content=\"https:\/\/www.facebook.com\/La-Sentinelle-104059864394773\" \/>\n<meta property=\"article:published_time\" content=\"2025-04-23T10:44:23+00:00\" \/>\n<meta property=\"article:modified_time\" content=\"2025-04-23T10:44:24+00:00\" \/>\n<meta property=\"og:image\" content=\"https:\/\/lasentinelle.dz\/wp-content\/uploads\/2025\/04\/arkab.jpeg\" \/>\n\t<meta property=\"og:image:width\" content=\"1080\" \/>\n\t<meta property=\"og:image:height\" content=\"720\" \/>\n\t<meta property=\"og:image:type\" content=\"image\/jpeg\" \/>\n<meta name=\"author\" content=\"admin\" \/>\n<meta name=\"twitter:card\" content=\"summary_large_image\" \/>\n<meta name=\"twitter:label1\" content=\"\u00c9crit par\" \/>\n\t<meta name=\"twitter:data1\" content=\"admin\" \/>\n\t<meta name=\"twitter:label2\" content=\"Dur\u00e9e de lecture estim\u00e9e\" \/>\n\t<meta name=\"twitter:data2\" content=\"5 minutes\" \/>\n<script type=\"application\/ld+json\" class=\"yoast-schema-graph\">{\"@context\":\"https:\\\/\\\/schema.org\",\"@graph\":[{\"@type\":\"Article\",\"@id\":\"https:\\\/\\\/lasentinelle.dz\\\/index.php\\\/2025\\\/04\\\/23\\\/developpement-petrolier-et-gazier-africain-lalgerie-disposee-a-partager-son-expertise\\\/#article\",\"isPartOf\":{\"@id\":\"https:\\\/\\\/lasentinelle.dz\\\/index.php\\\/2025\\\/04\\\/23\\\/developpement-petrolier-et-gazier-africain-lalgerie-disposee-a-partager-son-expertise\\\/\"},\"author\":{\"name\":\"admin\",\"@id\":\"https:\\\/\\\/lasentinelle.dz\\\/#\\\/schema\\\/person\\\/729ee0024f24e0b8c5ec17232f8e8b41\"},\"headline\":\"D\u00e9veloppement p\u00e9trolier et gazier africain: L\u2019Alg\u00e9rie dispos\u00e9e \u00e0 partager son expertise\",\"datePublished\":\"2025-04-23T10:44:23+00:00\",\"dateModified\":\"2025-04-23T10:44:24+00:00\",\"mainEntityOfPage\":{\"@id\":\"https:\\\/\\\/lasentinelle.dz\\\/index.php\\\/2025\\\/04\\\/23\\\/developpement-petrolier-et-gazier-africain-lalgerie-disposee-a-partager-son-expertise\\\/\"},\"wordCount\":1024,\"commentCount\":0,\"publisher\":{\"@id\":\"https:\\\/\\\/lasentinelle.dz\\\/#organization\"},\"image\":{\"@id\":\"https:\\\/\\\/lasentinelle.dz\\\/index.php\\\/2025\\\/04\\\/23\\\/developpement-petrolier-et-gazier-africain-lalgerie-disposee-a-partager-son-expertise\\\/#primaryimage\"},\"thumbnailUrl\":\"https:\\\/\\\/lasentinelle.dz\\\/wp-content\\\/uploads\\\/2025\\\/04\\\/arkab.jpeg\",\"articleSection\":[\"\u00c0 la Une\",\"\u00c9conomie\"],\"inLanguage\":\"fr-FR\",\"potentialAction\":[{\"@type\":\"CommentAction\",\"name\":\"Comment\",\"target\":[\"https:\\\/\\\/lasentinelle.dz\\\/index.php\\\/2025\\\/04\\\/23\\\/developpement-petrolier-et-gazier-africain-lalgerie-disposee-a-partager-son-expertise\\\/#respond\"]}]},{\"@type\":\"WebPage\",\"@id\":\"https:\\\/\\\/lasentinelle.dz\\\/index.php\\\/2025\\\/04\\\/23\\\/developpement-petrolier-et-gazier-africain-lalgerie-disposee-a-partager-son-expertise\\\/\",\"url\":\"https:\\\/\\\/lasentinelle.dz\\\/index.php\\\/2025\\\/04\\\/23\\\/developpement-petrolier-et-gazier-africain-lalgerie-disposee-a-partager-son-expertise\\\/\",\"name\":\"D\u00e9veloppement p\u00e9trolier et gazier africain: L\u2019Alg\u00e9rie dispos\u00e9e \u00e0 partager son expertise - La Sentinelle\",\"isPartOf\":{\"@id\":\"https:\\\/\\\/lasentinelle.dz\\\/#website\"},\"primaryImageOfPage\":{\"@id\":\"https:\\\/\\\/lasentinelle.dz\\\/index.php\\\/2025\\\/04\\\/23\\\/developpement-petrolier-et-gazier-africain-lalgerie-disposee-a-partager-son-expertise\\\/#primaryimage\"},\"image\":{\"@id\":\"https:\\\/\\\/lasentinelle.dz\\\/index.php\\\/2025\\\/04\\\/23\\\/developpement-petrolier-et-gazier-africain-lalgerie-disposee-a-partager-son-expertise\\\/#primaryimage\"},\"thumbnailUrl\":\"https:\\\/\\\/lasentinelle.dz\\\/wp-content\\\/uploads\\\/2025\\\/04\\\/arkab.jpeg\",\"datePublished\":\"2025-04-23T10:44:23+00:00\",\"dateModified\":\"2025-04-23T10:44:24+00:00\",\"breadcrumb\":{\"@id\":\"https:\\\/\\\/lasentinelle.dz\\\/index.php\\\/2025\\\/04\\\/23\\\/developpement-petrolier-et-gazier-africain-lalgerie-disposee-a-partager-son-expertise\\\/#breadcrumb\"},\"inLanguage\":\"fr-FR\",\"potentialAction\":[{\"@type\":\"ReadAction\",\"target\":[\"https:\\\/\\\/lasentinelle.dz\\\/index.php\\\/2025\\\/04\\\/23\\\/developpement-petrolier-et-gazier-africain-lalgerie-disposee-a-partager-son-expertise\\\/\"]}]},{\"@type\":\"ImageObject\",\"inLanguage\":\"fr-FR\",\"@id\":\"https:\\\/\\\/lasentinelle.dz\\\/index.php\\\/2025\\\/04\\\/23\\\/developpement-petrolier-et-gazier-africain-lalgerie-disposee-a-partager-son-expertise\\\/#primaryimage\",\"url\":\"https:\\\/\\\/lasentinelle.dz\\\/wp-content\\\/uploads\\\/2025\\\/04\\\/arkab.jpeg\",\"contentUrl\":\"https:\\\/\\\/lasentinelle.dz\\\/wp-content\\\/uploads\\\/2025\\\/04\\\/arkab.jpeg\",\"width\":1080,\"height\":720},{\"@type\":\"BreadcrumbList\",\"@id\":\"https:\\\/\\\/lasentinelle.dz\\\/index.php\\\/2025\\\/04\\\/23\\\/developpement-petrolier-et-gazier-africain-lalgerie-disposee-a-partager-son-expertise\\\/#breadcrumb\",\"itemListElement\":[{\"@type\":\"ListItem\",\"position\":1,\"name\":\"Accueil\",\"item\":\"https:\\\/\\\/lasentinelle.dz\\\/\"},{\"@type\":\"ListItem\",\"position\":2,\"name\":\"D\u00e9veloppement p\u00e9trolier et gazier africain: L\u2019Alg\u00e9rie dispos\u00e9e \u00e0 partager son expertise\"}]},{\"@type\":\"WebSite\",\"@id\":\"https:\\\/\\\/lasentinelle.dz\\\/#website\",\"url\":\"https:\\\/\\\/lasentinelle.dz\\\/\",\"name\":\"La Sentinelle\",\"description\":\"Quotidien national d&#039;information\",\"publisher\":{\"@id\":\"https:\\\/\\\/lasentinelle.dz\\\/#organization\"},\"potentialAction\":[{\"@type\":\"SearchAction\",\"target\":{\"@type\":\"EntryPoint\",\"urlTemplate\":\"https:\\\/\\\/lasentinelle.dz\\\/?s={search_term_string}\"},\"query-input\":{\"@type\":\"PropertyValueSpecification\",\"valueRequired\":true,\"valueName\":\"search_term_string\"}}],\"inLanguage\":\"fr-FR\"},{\"@type\":\"Organization\",\"@id\":\"https:\\\/\\\/lasentinelle.dz\\\/#organization\",\"name\":\"Quotidien La Sentinelle\",\"url\":\"https:\\\/\\\/lasentinelle.dz\\\/\",\"logo\":{\"@type\":\"ImageObject\",\"inLanguage\":\"fr-FR\",\"@id\":\"https:\\\/\\\/lasentinelle.dz\\\/#\\\/schema\\\/logo\\\/image\\\/\",\"url\":\"https:\\\/\\\/lasentinelle.dz\\\/wp-content\\\/uploads\\\/2021\\\/09\\\/logo-sentinelleSLOGAN-1.png\",\"contentUrl\":\"https:\\\/\\\/lasentinelle.dz\\\/wp-content\\\/uploads\\\/2021\\\/09\\\/logo-sentinelleSLOGAN-1.png\",\"width\":615,\"height\":142,\"caption\":\"Quotidien La Sentinelle\"},\"image\":{\"@id\":\"https:\\\/\\\/lasentinelle.dz\\\/#\\\/schema\\\/logo\\\/image\\\/\"},\"sameAs\":[\"https:\\\/\\\/www.facebook.com\\\/La-Sentinelle-104059864394773\"]},{\"@type\":\"Person\",\"@id\":\"https:\\\/\\\/lasentinelle.dz\\\/#\\\/schema\\\/person\\\/729ee0024f24e0b8c5ec17232f8e8b41\",\"name\":\"admin\",\"image\":{\"@type\":\"ImageObject\",\"inLanguage\":\"fr-FR\",\"@id\":\"https:\\\/\\\/secure.gravatar.com\\\/avatar\\\/4c81fed838786e9b53f540bf46533e750f5d292099ae3b66cfc6fb1982e29df7?s=96&d=mm&r=g\",\"url\":\"https:\\\/\\\/secure.gravatar.com\\\/avatar\\\/4c81fed838786e9b53f540bf46533e750f5d292099ae3b66cfc6fb1982e29df7?s=96&d=mm&r=g\",\"contentUrl\":\"https:\\\/\\\/secure.gravatar.com\\\/avatar\\\/4c81fed838786e9b53f540bf46533e750f5d292099ae3b66cfc6fb1982e29df7?s=96&d=mm&r=g\",\"caption\":\"admin\"},\"description\":\"admin\",\"url\":\"https:\\\/\\\/lasentinelle.dz\\\/author\\\/admin\\\/\"}]}<\/script>\n<!-- \/ Yoast SEO plugin. -->","yoast_head_json":{"title":"D\u00e9veloppement p\u00e9trolier et gazier africain: L\u2019Alg\u00e9rie dispos\u00e9e \u00e0 partager son expertise - La Sentinelle","robots":{"index":"index","follow":"follow","max-snippet":"max-snippet:-1","max-image-preview":"max-image-preview:large","max-video-preview":"max-video-preview:-1"},"canonical":"https:\/\/lasentinelle.dz\/index.php\/2025\/04\/23\/developpement-petrolier-et-gazier-africain-lalgerie-disposee-a-partager-son-expertise\/","og_locale":"fr_FR","og_type":"article","og_title":"D\u00e9veloppement p\u00e9trolier et gazier africain: L\u2019Alg\u00e9rie dispos\u00e9e \u00e0 partager son expertise - La Sentinelle","og_description":"Le ministre d&rsquo;\u00c9tat, ministre de l&rsquo;\u00c9nergie, des Mines et des \u00c9nergies renouvelables, Mohamed Arkab, a r\u00e9affirm\u00e9 ce mardi \u00e0 Alger","og_url":"https:\/\/lasentinelle.dz\/index.php\/2025\/04\/23\/developpement-petrolier-et-gazier-africain-lalgerie-disposee-a-partager-son-expertise\/","og_site_name":"La Sentinelle","article_publisher":"https:\/\/www.facebook.com\/La-Sentinelle-104059864394773","article_published_time":"2025-04-23T10:44:23+00:00","article_modified_time":"2025-04-23T10:44:24+00:00","og_image":[{"width":1080,"height":720,"url":"https:\/\/lasentinelle.dz\/wp-content\/uploads\/2025\/04\/arkab.jpeg","type":"image\/jpeg"}],"author":"admin","twitter_card":"summary_large_image","twitter_misc":{"\u00c9crit par":"admin","Dur\u00e9e de lecture estim\u00e9e":"5 minutes"},"schema":{"@context":"https:\/\/schema.org","@graph":[{"@type":"Article","@id":"https:\/\/lasentinelle.dz\/index.php\/2025\/04\/23\/developpement-petrolier-et-gazier-africain-lalgerie-disposee-a-partager-son-expertise\/#article","isPartOf":{"@id":"https:\/\/lasentinelle.dz\/index.php\/2025\/04\/23\/developpement-petrolier-et-gazier-africain-lalgerie-disposee-a-partager-son-expertise\/"},"author":{"name":"admin","@id":"https:\/\/lasentinelle.dz\/#\/schema\/person\/729ee0024f24e0b8c5ec17232f8e8b41"},"headline":"D\u00e9veloppement p\u00e9trolier et gazier africain: L\u2019Alg\u00e9rie dispos\u00e9e \u00e0 partager son expertise","datePublished":"2025-04-23T10:44:23+00:00","dateModified":"2025-04-23T10:44:24+00:00","mainEntityOfPage":{"@id":"https:\/\/lasentinelle.dz\/index.php\/2025\/04\/23\/developpement-petrolier-et-gazier-africain-lalgerie-disposee-a-partager-son-expertise\/"},"wordCount":1024,"commentCount":0,"publisher":{"@id":"https:\/\/lasentinelle.dz\/#organization"},"image":{"@id":"https:\/\/lasentinelle.dz\/index.php\/2025\/04\/23\/developpement-petrolier-et-gazier-africain-lalgerie-disposee-a-partager-son-expertise\/#primaryimage"},"thumbnailUrl":"https:\/\/lasentinelle.dz\/wp-content\/uploads\/2025\/04\/arkab.jpeg","articleSection":["\u00c0 la Une","\u00c9conomie"],"inLanguage":"fr-FR","potentialAction":[{"@type":"CommentAction","name":"Comment","target":["https:\/\/lasentinelle.dz\/index.php\/2025\/04\/23\/developpement-petrolier-et-gazier-africain-lalgerie-disposee-a-partager-son-expertise\/#respond"]}]},{"@type":"WebPage","@id":"https:\/\/lasentinelle.dz\/index.php\/2025\/04\/23\/developpement-petrolier-et-gazier-africain-lalgerie-disposee-a-partager-son-expertise\/","url":"https:\/\/lasentinelle.dz\/index.php\/2025\/04\/23\/developpement-petrolier-et-gazier-africain-lalgerie-disposee-a-partager-son-expertise\/","name":"D\u00e9veloppement p\u00e9trolier et gazier africain: L\u2019Alg\u00e9rie dispos\u00e9e \u00e0 partager son expertise - La Sentinelle","isPartOf":{"@id":"https:\/\/lasentinelle.dz\/#website"},"primaryImageOfPage":{"@id":"https:\/\/lasentinelle.dz\/index.php\/2025\/04\/23\/developpement-petrolier-et-gazier-africain-lalgerie-disposee-a-partager-son-expertise\/#primaryimage"},"image":{"@id":"https:\/\/lasentinelle.dz\/index.php\/2025\/04\/23\/developpement-petrolier-et-gazier-africain-lalgerie-disposee-a-partager-son-expertise\/#primaryimage"},"thumbnailUrl":"https:\/\/lasentinelle.dz\/wp-content\/uploads\/2025\/04\/arkab.jpeg","datePublished":"2025-04-23T10:44:23+00:00","dateModified":"2025-04-23T10:44:24+00:00","breadcrumb":{"@id":"https:\/\/lasentinelle.dz\/index.php\/2025\/04\/23\/developpement-petrolier-et-gazier-africain-lalgerie-disposee-a-partager-son-expertise\/#breadcrumb"},"inLanguage":"fr-FR","potentialAction":[{"@type":"ReadAction","target":["https:\/\/lasentinelle.dz\/index.php\/2025\/04\/23\/developpement-petrolier-et-gazier-africain-lalgerie-disposee-a-partager-son-expertise\/"]}]},{"@type":"ImageObject","inLanguage":"fr-FR","@id":"https:\/\/lasentinelle.dz\/index.php\/2025\/04\/23\/developpement-petrolier-et-gazier-africain-lalgerie-disposee-a-partager-son-expertise\/#primaryimage","url":"https:\/\/lasentinelle.dz\/wp-content\/uploads\/2025\/04\/arkab.jpeg","contentUrl":"https:\/\/lasentinelle.dz\/wp-content\/uploads\/2025\/04\/arkab.jpeg","width":1080,"height":720},{"@type":"BreadcrumbList","@id":"https:\/\/lasentinelle.dz\/index.php\/2025\/04\/23\/developpement-petrolier-et-gazier-africain-lalgerie-disposee-a-partager-son-expertise\/#breadcrumb","itemListElement":[{"@type":"ListItem","position":1,"name":"Accueil","item":"https:\/\/lasentinelle.dz\/"},{"@type":"ListItem","position":2,"name":"D\u00e9veloppement p\u00e9trolier et gazier africain: L\u2019Alg\u00e9rie dispos\u00e9e \u00e0 partager son expertise"}]},{"@type":"WebSite","@id":"https:\/\/lasentinelle.dz\/#website","url":"https:\/\/lasentinelle.dz\/","name":"La Sentinelle","description":"Quotidien national d&#039;information","publisher":{"@id":"https:\/\/lasentinelle.dz\/#organization"},"potentialAction":[{"@type":"SearchAction","target":{"@type":"EntryPoint","urlTemplate":"https:\/\/lasentinelle.dz\/?s={search_term_string}"},"query-input":{"@type":"PropertyValueSpecification","valueRequired":true,"valueName":"search_term_string"}}],"inLanguage":"fr-FR"},{"@type":"Organization","@id":"https:\/\/lasentinelle.dz\/#organization","name":"Quotidien La Sentinelle","url":"https:\/\/lasentinelle.dz\/","logo":{"@type":"ImageObject","inLanguage":"fr-FR","@id":"https:\/\/lasentinelle.dz\/#\/schema\/logo\/image\/","url":"https:\/\/lasentinelle.dz\/wp-content\/uploads\/2021\/09\/logo-sentinelleSLOGAN-1.png","contentUrl":"https:\/\/lasentinelle.dz\/wp-content\/uploads\/2021\/09\/logo-sentinelleSLOGAN-1.png","width":615,"height":142,"caption":"Quotidien La Sentinelle"},"image":{"@id":"https:\/\/lasentinelle.dz\/#\/schema\/logo\/image\/"},"sameAs":["https:\/\/www.facebook.com\/La-Sentinelle-104059864394773"]},{"@type":"Person","@id":"https:\/\/lasentinelle.dz\/#\/schema\/person\/729ee0024f24e0b8c5ec17232f8e8b41","name":"admin","image":{"@type":"ImageObject","inLanguage":"fr-FR","@id":"https:\/\/secure.gravatar.com\/avatar\/4c81fed838786e9b53f540bf46533e750f5d292099ae3b66cfc6fb1982e29df7?s=96&d=mm&r=g","url":"https:\/\/secure.gravatar.com\/avatar\/4c81fed838786e9b53f540bf46533e750f5d292099ae3b66cfc6fb1982e29df7?s=96&d=mm&r=g","contentUrl":"https:\/\/secure.gravatar.com\/avatar\/4c81fed838786e9b53f540bf46533e750f5d292099ae3b66cfc6fb1982e29df7?s=96&d=mm&r=g","caption":"admin"},"description":"admin","url":"https:\/\/lasentinelle.dz\/author\/admin\/"}]}},"_links":{"self":[{"href":"https:\/\/lasentinelle.dz\/index.php\/wp-json\/wp\/v2\/posts\/66216","targetHints":{"allow":["GET"]}}],"collection":[{"href":"https:\/\/lasentinelle.dz\/index.php\/wp-json\/wp\/v2\/posts"}],"about":[{"href":"https:\/\/lasentinelle.dz\/index.php\/wp-json\/wp\/v2\/types\/post"}],"author":[{"embeddable":true,"href":"https:\/\/lasentinelle.dz\/index.php\/wp-json\/wp\/v2\/users\/6"}],"replies":[{"embeddable":true,"href":"https:\/\/lasentinelle.dz\/index.php\/wp-json\/wp\/v2\/comments?post=66216"}],"version-history":[{"count":1,"href":"https:\/\/lasentinelle.dz\/index.php\/wp-json\/wp\/v2\/posts\/66216\/revisions"}],"predecessor-version":[{"id":66218,"href":"https:\/\/lasentinelle.dz\/index.php\/wp-json\/wp\/v2\/posts\/66216\/revisions\/66218"}],"wp:featuredmedia":[{"embeddable":true,"href":"https:\/\/lasentinelle.dz\/index.php\/wp-json\/wp\/v2\/media\/66217"}],"wp:attachment":[{"href":"https:\/\/lasentinelle.dz\/index.php\/wp-json\/wp\/v2\/media?parent=66216"}],"wp:term":[{"taxonomy":"category","embeddable":true,"href":"https:\/\/lasentinelle.dz\/index.php\/wp-json\/wp\/v2\/categories?post=66216"},{"taxonomy":"post_tag","embeddable":true,"href":"https:\/\/lasentinelle.dz\/index.php\/wp-json\/wp\/v2\/tags?post=66216"}],"curies":[{"name":"wp","href":"https:\/\/api.w.org\/{rel}","templated":true}]}}