{"id":66219,"date":"2025-04-23T11:46:14","date_gmt":"2025-04-23T10:46:14","guid":{"rendered":"https:\/\/lasentinelle.dz\/?p=66219"},"modified":"2025-04-23T11:46:14","modified_gmt":"2025-04-23T10:46:14","slug":"automobile-une-delegation-du-chinois-sokon-en-visite-a-batna","status":"publish","type":"post","link":"https:\/\/lasentinelle.dz\/index.php\/2025\/04\/23\/automobile-une-delegation-du-chinois-sokon-en-visite-a-batna\/","title":{"rendered":"Automobile : Une d\u00e9l\u00e9gation du Chinois Sokon en visite \u00e0 Batna"},"content":{"rendered":"\n<p>Le wali de Batna, Mohamed Benmalek, a re\u00e7u samedi, une d\u00e9l\u00e9gation de la soci\u00e9t\u00e9 par action (SPA) Sokon Alg\u00e9rie, repr\u00e9sentant le constructeur chinois Sokon. Repr\u00e9sent\u00e9e&nbsp; par Noureddine Hachache, Sokon est sp\u00e9cialis\u00e9 dans la production des motos, des v\u00e9hicules utilitaires et des voitures, a pr\u00e9cis\u00e9 la m\u00eame source. Selon celle-ci, la rencontre s\u2019est focalis\u00e9e sur l&rsquo;avancement du projet de la nouvelle usine automobile en cours de r\u00e9alisation dans la commune de Zana El Beida (Batna). Selon les d\u00e9tails apport\u00e9s sur ce projet, l\u2019usine,&nbsp; est destin\u00e9e&nbsp; dans&nbsp; un premi\u00e8re \u00e9tape \u00e0 l&rsquo;assemblage&nbsp; de&nbsp; v\u00e9hicules&nbsp; utilitaires et de transport de personnes selon&nbsp; le&nbsp; proc\u00e9d\u00e9&nbsp; SKD&nbsp; (SemiK nocked Down, D\u00e9montage partiel), avant de passer en seconde \u00e9tape au mode CKD, en assurant un processus d\u2019int\u00e9gration \u00e9volutif. Selon ledit communiqu\u00e9, le projet est appel\u00e9 \u00e0 g\u00e9n\u00e9rer 450 emplois directs, pour&nbsp; atteindre progressivement&nbsp; jusqu\u2019\u00e0 1300 postes lorsque l\u2019usine atteindra sa pleine capacit\u00e9. Au titre de cette rencontre, le wali de Batna a, selon la m\u00eame source, a&nbsp; instruit les diverses directions concern\u00e9es, dont entre autres l\u2019industrie,&nbsp; l\u2019urbanisme&nbsp; et les domaines de l\u2019\u00c9tat,&nbsp; \u00e0 s\u2019impliquer davantage dans la r\u00e9ussite de ce projet&nbsp; garantissant toutes les facilitations n\u00e9cessaires pour lever les obstacles administratifs et acc\u00e9l\u00e9rer les d\u00e9lais de r\u00e9alisation.&nbsp; Ce projet&nbsp; strat\u00e9gique pour le d\u00e9veloppement industriel de la r\u00e9gion jouit d\u2019un int\u00e9r\u00eat particulier et b\u00e9n\u00e9ficie de soutien total&nbsp; des pouvoirs locaux de la wilaya de Batna, est-il soulign\u00e9. La wilaya de Batna a fait savoir dans son communiqu\u00e9,&nbsp; que le projet&nbsp; a b\u00e9n\u00e9fici\u00e9, dans le cadre d&rsquo;un&nbsp; contrat&nbsp; d&rsquo;octroi&nbsp; de concession, d&rsquo;une assiette fonci\u00e8re conform\u00e9ment \u00e0 la r\u00e9glementation en vigueur.&nbsp; Il est \u00e0 noter que ce projet industriel d&rsquo;envergure s&rsquo;inscrit dans une dynamique de transfert technologique et de valorisation des comp\u00e9tences locales. D\u2019o\u00f9, une&nbsp; attention&nbsp; particuli\u00e8re sera port\u00e9e \u00e0 la formation de ressources humaines qualifi\u00e9es,&nbsp; devant contribuer&nbsp; au&nbsp; d\u00e9veloppement&nbsp; du capital humain dans la r\u00e9gion, a conclut le communiqu\u00e9 de la wilaya de Batna.<\/p>\n\n\n\n<p>N\u00e9gociations en bonne voie pour la reprise de l\u2019usine Kia<\/p>\n\n\n\n<p>Dans le m\u00eame contexte, et selon un communiqu\u00e9 du minist\u00e8re de l\u2019Industrie, les n\u00e9gociations entre le constructeur automobile chinois Chery&nbsp; et&nbsp; l\u2019entreprise&nbsp; publique Fondal, filiale du groupe Imetal, pour la reprise de l\u2019ancienne usine Kia, sont sur la bonne voie. Une d\u00e9l\u00e9gation de la marque&nbsp; chinoise&nbsp; a&nbsp; derni\u00e8rement&nbsp; \u00e9t\u00e9 re\u00e7ue par le ministre de l\u2019Industrie, pour discuter de l\u2019ensemble des d\u00e9tails li\u00e9s \u00e0 ce projet, est-il pr\u00e9cis\u00e9. Un 3\u00e8me constructeur&nbsp; chinois,&nbsp;&nbsp; d\u00e9j\u00e0&nbsp; install\u00e9 dans la wilaya de Batna, compte amorcer l\u2019assemblage de trois mod\u00e8les de&nbsp; voitures&nbsp; particuli\u00e8res,&nbsp; des&nbsp; utilitaires l\u00e9gers et des petits camions, a r\u00e9v\u00e9l\u00e9 la m\u00e9me source. &nbsp;BAIC Alg\u00e9rie, dont l\u2019usine est op\u00e9rationnelle, pr\u00e9voit la production d\u2019ici 5 ans, la premi\u00e8re voiture \u00e9lectrique alg\u00e9rienne. Implant\u00e9e sur une superficie de 40.000 m\u00b2, l\u2019usine de Batna est \u00e9quip\u00e9e des derni\u00e8res technologies en mati\u00e8re de fabrication automobile, est-il encore pr\u00e9cis\u00e9. Selon la m\u00eame source, le constructeur chinois s\u2019est engag\u00e9 \u00e0 assurer un taux d\u2019int\u00e9gration \u00e0 hauteur de 30%. En conclusion,&nbsp;<\/p>\n\n\n\n<p><strong>Sofia Chahine<\/strong><\/p>\n","protected":false},"excerpt":{"rendered":"<p>Le wali de Batna, Mohamed Benmalek, a re\u00e7u samedi, une d\u00e9l\u00e9gation de la soci\u00e9t\u00e9 par action (SPA) Sokon Alg\u00e9rie, repr\u00e9sentant<\/p>\n","protected":false},"author":6,"featured_media":66220,"comment_status":"open","ping_status":"closed","sticky":false,"template":"","format":"standard","meta":{"colormag_page_container_layout":"default_layout","colormag_page_sidebar_layout":"default_layout","om_disable_all_campaigns":false,"_monsterinsights_skip_tracking":false,"_monsterinsights_sitenote_active":false,"_monsterinsights_sitenote_note":"","_monsterinsights_sitenote_category":0,"footnotes":"","_wpscppro_dont_share_socialmedia":false,"_wpscppro_custom_social_share_image":0,"_facebook_share_type":"default","_twitter_share_type":"default","_linkedin_share_type":"default","_pinterest_share_type":"default","_linkedin_share_type_page":"","_instagram_share_type":"default","_medium_share_type":"default","_threads_share_type":"","_google_business_share_type":"","_selected_social_profile":[],"_wpsp_enable_custom_social_template":false,"_wpsp_social_scheduling":{"enabled":false,"datetime":null,"platforms":[],"status":"template_only","dateOption":"today","timeOption":"now","customDays":"","customHours":"","customDate":"","customTime":"","schedulingType":"absolute"},"_wpsp_active_default_template":true},"categories":[29],"tags":[],"class_list":["post-66219","post","type-post","status-publish","format-standard","has-post-thumbnail","hentry","category-economie"],"aioseo_notices":[],"yoast_head":"<!-- This site is optimized with the Yoast SEO plugin v27.5 - https:\/\/yoast.com\/product\/yoast-seo-wordpress\/ -->\n<title>Automobile : Une d\u00e9l\u00e9gation du Chinois Sokon en visite \u00e0 Batna - La Sentinelle<\/title>\n<meta name=\"robots\" content=\"index, follow, max-snippet:-1, max-image-preview:large, max-video-preview:-1\" \/>\n<link rel=\"canonical\" href=\"https:\/\/lasentinelle.dz\/index.php\/2025\/04\/23\/automobile-une-delegation-du-chinois-sokon-en-visite-a-batna\/\" \/>\n<meta property=\"og:locale\" content=\"fr_FR\" \/>\n<meta property=\"og:type\" content=\"article\" \/>\n<meta property=\"og:title\" content=\"Automobile : Une d\u00e9l\u00e9gation du Chinois Sokon en visite \u00e0 Batna - La Sentinelle\" \/>\n<meta property=\"og:description\" content=\"Le wali de Batna, Mohamed Benmalek, a re\u00e7u samedi, une d\u00e9l\u00e9gation de la soci\u00e9t\u00e9 par action (SPA) Sokon Alg\u00e9rie, repr\u00e9sentant\" \/>\n<meta property=\"og:url\" content=\"https:\/\/lasentinelle.dz\/index.php\/2025\/04\/23\/automobile-une-delegation-du-chinois-sokon-en-visite-a-batna\/\" \/>\n<meta property=\"og:site_name\" content=\"La Sentinelle\" \/>\n<meta property=\"article:publisher\" content=\"https:\/\/www.facebook.com\/La-Sentinelle-104059864394773\" \/>\n<meta property=\"article:published_time\" content=\"2025-04-23T10:46:14+00:00\" \/>\n<meta property=\"og:image\" content=\"https:\/\/lasentinelle.dz\/wp-content\/uploads\/2025\/04\/491097745_973555681469947_7594307514492377058_n.jpg\" \/>\n\t<meta property=\"og:image:width\" content=\"2048\" \/>\n\t<meta property=\"og:image:height\" content=\"1365\" \/>\n\t<meta property=\"og:image:type\" content=\"image\/jpeg\" \/>\n<meta name=\"author\" content=\"admin\" \/>\n<meta name=\"twitter:card\" content=\"summary_large_image\" \/>\n<meta name=\"twitter:label1\" content=\"\u00c9crit par\" \/>\n\t<meta name=\"twitter:data1\" content=\"admin\" \/>\n\t<meta name=\"twitter:label2\" content=\"Dur\u00e9e de lecture estim\u00e9e\" \/>\n\t<meta name=\"twitter:data2\" content=\"3 minutes\" \/>\n<script type=\"application\/ld+json\" class=\"yoast-schema-graph\">{\"@context\":\"https:\\\/\\\/schema.org\",\"@graph\":[{\"@type\":\"Article\",\"@id\":\"https:\\\/\\\/lasentinelle.dz\\\/index.php\\\/2025\\\/04\\\/23\\\/automobile-une-delegation-du-chinois-sokon-en-visite-a-batna\\\/#article\",\"isPartOf\":{\"@id\":\"https:\\\/\\\/lasentinelle.dz\\\/index.php\\\/2025\\\/04\\\/23\\\/automobile-une-delegation-du-chinois-sokon-en-visite-a-batna\\\/\"},\"author\":{\"name\":\"admin\",\"@id\":\"https:\\\/\\\/lasentinelle.dz\\\/#\\\/schema\\\/person\\\/729ee0024f24e0b8c5ec17232f8e8b41\"},\"headline\":\"Automobile : Une d\u00e9l\u00e9gation du Chinois Sokon en visite \u00e0 Batna\",\"datePublished\":\"2025-04-23T10:46:14+00:00\",\"mainEntityOfPage\":{\"@id\":\"https:\\\/\\\/lasentinelle.dz\\\/index.php\\\/2025\\\/04\\\/23\\\/automobile-une-delegation-du-chinois-sokon-en-visite-a-batna\\\/\"},\"wordCount\":643,\"commentCount\":0,\"publisher\":{\"@id\":\"https:\\\/\\\/lasentinelle.dz\\\/#organization\"},\"image\":{\"@id\":\"https:\\\/\\\/lasentinelle.dz\\\/index.php\\\/2025\\\/04\\\/23\\\/automobile-une-delegation-du-chinois-sokon-en-visite-a-batna\\\/#primaryimage\"},\"thumbnailUrl\":\"https:\\\/\\\/lasentinelle.dz\\\/wp-content\\\/uploads\\\/2025\\\/04\\\/491097745_973555681469947_7594307514492377058_n.jpg\",\"articleSection\":[\"\u00c9conomie\"],\"inLanguage\":\"fr-FR\",\"potentialAction\":[{\"@type\":\"CommentAction\",\"name\":\"Comment\",\"target\":[\"https:\\\/\\\/lasentinelle.dz\\\/index.php\\\/2025\\\/04\\\/23\\\/automobile-une-delegation-du-chinois-sokon-en-visite-a-batna\\\/#respond\"]}]},{\"@type\":\"WebPage\",\"@id\":\"https:\\\/\\\/lasentinelle.dz\\\/index.php\\\/2025\\\/04\\\/23\\\/automobile-une-delegation-du-chinois-sokon-en-visite-a-batna\\\/\",\"url\":\"https:\\\/\\\/lasentinelle.dz\\\/index.php\\\/2025\\\/04\\\/23\\\/automobile-une-delegation-du-chinois-sokon-en-visite-a-batna\\\/\",\"name\":\"Automobile : Une d\u00e9l\u00e9gation du Chinois Sokon en visite \u00e0 Batna - La Sentinelle\",\"isPartOf\":{\"@id\":\"https:\\\/\\\/lasentinelle.dz\\\/#website\"},\"primaryImageOfPage\":{\"@id\":\"https:\\\/\\\/lasentinelle.dz\\\/index.php\\\/2025\\\/04\\\/23\\\/automobile-une-delegation-du-chinois-sokon-en-visite-a-batna\\\/#primaryimage\"},\"image\":{\"@id\":\"https:\\\/\\\/lasentinelle.dz\\\/index.php\\\/2025\\\/04\\\/23\\\/automobile-une-delegation-du-chinois-sokon-en-visite-a-batna\\\/#primaryimage\"},\"thumbnailUrl\":\"https:\\\/\\\/lasentinelle.dz\\\/wp-content\\\/uploads\\\/2025\\\/04\\\/491097745_973555681469947_7594307514492377058_n.jpg\",\"datePublished\":\"2025-04-23T10:46:14+00:00\",\"breadcrumb\":{\"@id\":\"https:\\\/\\\/lasentinelle.dz\\\/index.php\\\/2025\\\/04\\\/23\\\/automobile-une-delegation-du-chinois-sokon-en-visite-a-batna\\\/#breadcrumb\"},\"inLanguage\":\"fr-FR\",\"potentialAction\":[{\"@type\":\"ReadAction\",\"target\":[\"https:\\\/\\\/lasentinelle.dz\\\/index.php\\\/2025\\\/04\\\/23\\\/automobile-une-delegation-du-chinois-sokon-en-visite-a-batna\\\/\"]}]},{\"@type\":\"ImageObject\",\"inLanguage\":\"fr-FR\",\"@id\":\"https:\\\/\\\/lasentinelle.dz\\\/index.php\\\/2025\\\/04\\\/23\\\/automobile-une-delegation-du-chinois-sokon-en-visite-a-batna\\\/#primaryimage\",\"url\":\"https:\\\/\\\/lasentinelle.dz\\\/wp-content\\\/uploads\\\/2025\\\/04\\\/491097745_973555681469947_7594307514492377058_n.jpg\",\"contentUrl\":\"https:\\\/\\\/lasentinelle.dz\\\/wp-content\\\/uploads\\\/2025\\\/04\\\/491097745_973555681469947_7594307514492377058_n.jpg\",\"width\":2048,\"height\":1365},{\"@type\":\"BreadcrumbList\",\"@id\":\"https:\\\/\\\/lasentinelle.dz\\\/index.php\\\/2025\\\/04\\\/23\\\/automobile-une-delegation-du-chinois-sokon-en-visite-a-batna\\\/#breadcrumb\",\"itemListElement\":[{\"@type\":\"ListItem\",\"position\":1,\"name\":\"Accueil\",\"item\":\"https:\\\/\\\/lasentinelle.dz\\\/\"},{\"@type\":\"ListItem\",\"position\":2,\"name\":\"Automobile : Une d\u00e9l\u00e9gation du Chinois Sokon en visite \u00e0 Batna\"}]},{\"@type\":\"WebSite\",\"@id\":\"https:\\\/\\\/lasentinelle.dz\\\/#website\",\"url\":\"https:\\\/\\\/lasentinelle.dz\\\/\",\"name\":\"La Sentinelle\",\"description\":\"Quotidien national d&#039;information\",\"publisher\":{\"@id\":\"https:\\\/\\\/lasentinelle.dz\\\/#organization\"},\"potentialAction\":[{\"@type\":\"SearchAction\",\"target\":{\"@type\":\"EntryPoint\",\"urlTemplate\":\"https:\\\/\\\/lasentinelle.dz\\\/?s={search_term_string}\"},\"query-input\":{\"@type\":\"PropertyValueSpecification\",\"valueRequired\":true,\"valueName\":\"search_term_string\"}}],\"inLanguage\":\"fr-FR\"},{\"@type\":\"Organization\",\"@id\":\"https:\\\/\\\/lasentinelle.dz\\\/#organization\",\"name\":\"Quotidien La Sentinelle\",\"url\":\"https:\\\/\\\/lasentinelle.dz\\\/\",\"logo\":{\"@type\":\"ImageObject\",\"inLanguage\":\"fr-FR\",\"@id\":\"https:\\\/\\\/lasentinelle.dz\\\/#\\\/schema\\\/logo\\\/image\\\/\",\"url\":\"https:\\\/\\\/lasentinelle.dz\\\/wp-content\\\/uploads\\\/2021\\\/09\\\/logo-sentinelleSLOGAN-1.png\",\"contentUrl\":\"https:\\\/\\\/lasentinelle.dz\\\/wp-content\\\/uploads\\\/2021\\\/09\\\/logo-sentinelleSLOGAN-1.png\",\"width\":615,\"height\":142,\"caption\":\"Quotidien La Sentinelle\"},\"image\":{\"@id\":\"https:\\\/\\\/lasentinelle.dz\\\/#\\\/schema\\\/logo\\\/image\\\/\"},\"sameAs\":[\"https:\\\/\\\/www.facebook.com\\\/La-Sentinelle-104059864394773\"]},{\"@type\":\"Person\",\"@id\":\"https:\\\/\\\/lasentinelle.dz\\\/#\\\/schema\\\/person\\\/729ee0024f24e0b8c5ec17232f8e8b41\",\"name\":\"admin\",\"image\":{\"@type\":\"ImageObject\",\"inLanguage\":\"fr-FR\",\"@id\":\"https:\\\/\\\/secure.gravatar.com\\\/avatar\\\/4c81fed838786e9b53f540bf46533e750f5d292099ae3b66cfc6fb1982e29df7?s=96&d=mm&r=g\",\"url\":\"https:\\\/\\\/secure.gravatar.com\\\/avatar\\\/4c81fed838786e9b53f540bf46533e750f5d292099ae3b66cfc6fb1982e29df7?s=96&d=mm&r=g\",\"contentUrl\":\"https:\\\/\\\/secure.gravatar.com\\\/avatar\\\/4c81fed838786e9b53f540bf46533e750f5d292099ae3b66cfc6fb1982e29df7?s=96&d=mm&r=g\",\"caption\":\"admin\"},\"description\":\"admin\",\"url\":\"https:\\\/\\\/lasentinelle.dz\\\/author\\\/admin\\\/\"}]}<\/script>\n<!-- \/ Yoast SEO plugin. -->","yoast_head_json":{"title":"Automobile : Une d\u00e9l\u00e9gation du Chinois Sokon en visite \u00e0 Batna - La Sentinelle","robots":{"index":"index","follow":"follow","max-snippet":"max-snippet:-1","max-image-preview":"max-image-preview:large","max-video-preview":"max-video-preview:-1"},"canonical":"https:\/\/lasentinelle.dz\/index.php\/2025\/04\/23\/automobile-une-delegation-du-chinois-sokon-en-visite-a-batna\/","og_locale":"fr_FR","og_type":"article","og_title":"Automobile : Une d\u00e9l\u00e9gation du Chinois Sokon en visite \u00e0 Batna - La Sentinelle","og_description":"Le wali de Batna, Mohamed Benmalek, a re\u00e7u samedi, une d\u00e9l\u00e9gation de la soci\u00e9t\u00e9 par action (SPA) Sokon Alg\u00e9rie, repr\u00e9sentant","og_url":"https:\/\/lasentinelle.dz\/index.php\/2025\/04\/23\/automobile-une-delegation-du-chinois-sokon-en-visite-a-batna\/","og_site_name":"La Sentinelle","article_publisher":"https:\/\/www.facebook.com\/La-Sentinelle-104059864394773","article_published_time":"2025-04-23T10:46:14+00:00","og_image":[{"width":2048,"height":1365,"url":"https:\/\/lasentinelle.dz\/wp-content\/uploads\/2025\/04\/491097745_973555681469947_7594307514492377058_n.jpg","type":"image\/jpeg"}],"author":"admin","twitter_card":"summary_large_image","twitter_misc":{"\u00c9crit par":"admin","Dur\u00e9e de lecture estim\u00e9e":"3 minutes"},"schema":{"@context":"https:\/\/schema.org","@graph":[{"@type":"Article","@id":"https:\/\/lasentinelle.dz\/index.php\/2025\/04\/23\/automobile-une-delegation-du-chinois-sokon-en-visite-a-batna\/#article","isPartOf":{"@id":"https:\/\/lasentinelle.dz\/index.php\/2025\/04\/23\/automobile-une-delegation-du-chinois-sokon-en-visite-a-batna\/"},"author":{"name":"admin","@id":"https:\/\/lasentinelle.dz\/#\/schema\/person\/729ee0024f24e0b8c5ec17232f8e8b41"},"headline":"Automobile : Une d\u00e9l\u00e9gation du Chinois Sokon en visite \u00e0 Batna","datePublished":"2025-04-23T10:46:14+00:00","mainEntityOfPage":{"@id":"https:\/\/lasentinelle.dz\/index.php\/2025\/04\/23\/automobile-une-delegation-du-chinois-sokon-en-visite-a-batna\/"},"wordCount":643,"commentCount":0,"publisher":{"@id":"https:\/\/lasentinelle.dz\/#organization"},"image":{"@id":"https:\/\/lasentinelle.dz\/index.php\/2025\/04\/23\/automobile-une-delegation-du-chinois-sokon-en-visite-a-batna\/#primaryimage"},"thumbnailUrl":"https:\/\/lasentinelle.dz\/wp-content\/uploads\/2025\/04\/491097745_973555681469947_7594307514492377058_n.jpg","articleSection":["\u00c9conomie"],"inLanguage":"fr-FR","potentialAction":[{"@type":"CommentAction","name":"Comment","target":["https:\/\/lasentinelle.dz\/index.php\/2025\/04\/23\/automobile-une-delegation-du-chinois-sokon-en-visite-a-batna\/#respond"]}]},{"@type":"WebPage","@id":"https:\/\/lasentinelle.dz\/index.php\/2025\/04\/23\/automobile-une-delegation-du-chinois-sokon-en-visite-a-batna\/","url":"https:\/\/lasentinelle.dz\/index.php\/2025\/04\/23\/automobile-une-delegation-du-chinois-sokon-en-visite-a-batna\/","name":"Automobile : Une d\u00e9l\u00e9gation du Chinois Sokon en visite \u00e0 Batna - La Sentinelle","isPartOf":{"@id":"https:\/\/lasentinelle.dz\/#website"},"primaryImageOfPage":{"@id":"https:\/\/lasentinelle.dz\/index.php\/2025\/04\/23\/automobile-une-delegation-du-chinois-sokon-en-visite-a-batna\/#primaryimage"},"image":{"@id":"https:\/\/lasentinelle.dz\/index.php\/2025\/04\/23\/automobile-une-delegation-du-chinois-sokon-en-visite-a-batna\/#primaryimage"},"thumbnailUrl":"https:\/\/lasentinelle.dz\/wp-content\/uploads\/2025\/04\/491097745_973555681469947_7594307514492377058_n.jpg","datePublished":"2025-04-23T10:46:14+00:00","breadcrumb":{"@id":"https:\/\/lasentinelle.dz\/index.php\/2025\/04\/23\/automobile-une-delegation-du-chinois-sokon-en-visite-a-batna\/#breadcrumb"},"inLanguage":"fr-FR","potentialAction":[{"@type":"ReadAction","target":["https:\/\/lasentinelle.dz\/index.php\/2025\/04\/23\/automobile-une-delegation-du-chinois-sokon-en-visite-a-batna\/"]}]},{"@type":"ImageObject","inLanguage":"fr-FR","@id":"https:\/\/lasentinelle.dz\/index.php\/2025\/04\/23\/automobile-une-delegation-du-chinois-sokon-en-visite-a-batna\/#primaryimage","url":"https:\/\/lasentinelle.dz\/wp-content\/uploads\/2025\/04\/491097745_973555681469947_7594307514492377058_n.jpg","contentUrl":"https:\/\/lasentinelle.dz\/wp-content\/uploads\/2025\/04\/491097745_973555681469947_7594307514492377058_n.jpg","width":2048,"height":1365},{"@type":"BreadcrumbList","@id":"https:\/\/lasentinelle.dz\/index.php\/2025\/04\/23\/automobile-une-delegation-du-chinois-sokon-en-visite-a-batna\/#breadcrumb","itemListElement":[{"@type":"ListItem","position":1,"name":"Accueil","item":"https:\/\/lasentinelle.dz\/"},{"@type":"ListItem","position":2,"name":"Automobile : Une d\u00e9l\u00e9gation du Chinois Sokon en visite \u00e0 Batna"}]},{"@type":"WebSite","@id":"https:\/\/lasentinelle.dz\/#website","url":"https:\/\/lasentinelle.dz\/","name":"La Sentinelle","description":"Quotidien national d&#039;information","publisher":{"@id":"https:\/\/lasentinelle.dz\/#organization"},"potentialAction":[{"@type":"SearchAction","target":{"@type":"EntryPoint","urlTemplate":"https:\/\/lasentinelle.dz\/?s={search_term_string}"},"query-input":{"@type":"PropertyValueSpecification","valueRequired":true,"valueName":"search_term_string"}}],"inLanguage":"fr-FR"},{"@type":"Organization","@id":"https:\/\/lasentinelle.dz\/#organization","name":"Quotidien La Sentinelle","url":"https:\/\/lasentinelle.dz\/","logo":{"@type":"ImageObject","inLanguage":"fr-FR","@id":"https:\/\/lasentinelle.dz\/#\/schema\/logo\/image\/","url":"https:\/\/lasentinelle.dz\/wp-content\/uploads\/2021\/09\/logo-sentinelleSLOGAN-1.png","contentUrl":"https:\/\/lasentinelle.dz\/wp-content\/uploads\/2021\/09\/logo-sentinelleSLOGAN-1.png","width":615,"height":142,"caption":"Quotidien La Sentinelle"},"image":{"@id":"https:\/\/lasentinelle.dz\/#\/schema\/logo\/image\/"},"sameAs":["https:\/\/www.facebook.com\/La-Sentinelle-104059864394773"]},{"@type":"Person","@id":"https:\/\/lasentinelle.dz\/#\/schema\/person\/729ee0024f24e0b8c5ec17232f8e8b41","name":"admin","image":{"@type":"ImageObject","inLanguage":"fr-FR","@id":"https:\/\/secure.gravatar.com\/avatar\/4c81fed838786e9b53f540bf46533e750f5d292099ae3b66cfc6fb1982e29df7?s=96&d=mm&r=g","url":"https:\/\/secure.gravatar.com\/avatar\/4c81fed838786e9b53f540bf46533e750f5d292099ae3b66cfc6fb1982e29df7?s=96&d=mm&r=g","contentUrl":"https:\/\/secure.gravatar.com\/avatar\/4c81fed838786e9b53f540bf46533e750f5d292099ae3b66cfc6fb1982e29df7?s=96&d=mm&r=g","caption":"admin"},"description":"admin","url":"https:\/\/lasentinelle.dz\/author\/admin\/"}]}},"_links":{"self":[{"href":"https:\/\/lasentinelle.dz\/index.php\/wp-json\/wp\/v2\/posts\/66219","targetHints":{"allow":["GET"]}}],"collection":[{"href":"https:\/\/lasentinelle.dz\/index.php\/wp-json\/wp\/v2\/posts"}],"about":[{"href":"https:\/\/lasentinelle.dz\/index.php\/wp-json\/wp\/v2\/types\/post"}],"author":[{"embeddable":true,"href":"https:\/\/lasentinelle.dz\/index.php\/wp-json\/wp\/v2\/users\/6"}],"replies":[{"embeddable":true,"href":"https:\/\/lasentinelle.dz\/index.php\/wp-json\/wp\/v2\/comments?post=66219"}],"version-history":[{"count":1,"href":"https:\/\/lasentinelle.dz\/index.php\/wp-json\/wp\/v2\/posts\/66219\/revisions"}],"predecessor-version":[{"id":66221,"href":"https:\/\/lasentinelle.dz\/index.php\/wp-json\/wp\/v2\/posts\/66219\/revisions\/66221"}],"wp:featuredmedia":[{"embeddable":true,"href":"https:\/\/lasentinelle.dz\/index.php\/wp-json\/wp\/v2\/media\/66220"}],"wp:attachment":[{"href":"https:\/\/lasentinelle.dz\/index.php\/wp-json\/wp\/v2\/media?parent=66219"}],"wp:term":[{"taxonomy":"category","embeddable":true,"href":"https:\/\/lasentinelle.dz\/index.php\/wp-json\/wp\/v2\/categories?post=66219"},{"taxonomy":"post_tag","embeddable":true,"href":"https:\/\/lasentinelle.dz\/index.php\/wp-json\/wp\/v2\/tags?post=66219"}],"curies":[{"name":"wp","href":"https:\/\/api.w.org\/{rel}","templated":true}]}}