{"id":66222,"date":"2025-04-23T11:46:54","date_gmt":"2025-04-23T10:46:54","guid":{"rendered":"https:\/\/lasentinelle.dz\/?p=66222"},"modified":"2025-04-23T11:46:55","modified_gmt":"2025-04-23T10:46:55","slug":"programme-de-modernisation-des-ports-faire-de-lalgerie-un-hub-commercial-regional","status":"publish","type":"post","link":"https:\/\/lasentinelle.dz\/index.php\/2025\/04\/23\/programme-de-modernisation-des-ports-faire-de-lalgerie-un-hub-commercial-regional\/","title":{"rendered":"Programme de modernisation des ports: Faire de l\u2019Alg\u00e9rie un hub commercial r\u00e9gional"},"content":{"rendered":"\n<p>Le secteur portuaire conna\u00eet actuellement une transformation majeure gr\u00e2ce \u00e0 une s\u00e9rie de r\u00e9formes structurelles visant \u00e0 moderniser les infrastructures et am\u00e9liorer l&rsquo;efficacit\u00e9 des \u00e9changes commerciaux. Ces initiatives s&rsquo;inscrivent dans une vision strat\u00e9gique nationale pour positionner le pays comme un hub commercial r\u00e9gional incontournable, particuli\u00e8rement vers l&rsquo;Afrique et la r\u00e9gion sah\u00e9lo-saharienne. Dans ce sens, Mohamed Karim Eddine Harkati, Pr\u00e9sident Directeur G\u00e9n\u00e9ral du Groupe des services portuaires (Serport), a soulign\u00e9 hier dans son intervention sur les ondes de la Radio Alg\u00e9rienne que \u00ab\u00a0l&rsquo;Alg\u00e9rie s&rsquo;oriente vers un avenir prometteur dans le domaine du transport et des ports gr\u00e2ce aux r\u00e9formes et aux programmes de d\u00e9veloppement, de modernisation et de num\u00e9risation visant \u00e0 am\u00e9liorer l&rsquo;efficacit\u00e9 de la gestion et de l&rsquo;exploitation portuaires, dans un esprit de coop\u00e9ration et de coordination entre tous les intervenants, ce qui contribuera \u00e0 atteindre les objectifs souhait\u00e9s et \u00e0 renforcer la position de l&rsquo;Alg\u00e9rie en tant que centre commercial r\u00e9gional\u00a0\u00bb. Les chiffres t\u00e9moignent d\u00e9j\u00e0 d&rsquo;une progression significative. Au premier trimestre 2025, les ports alg\u00e9riens ont trait\u00e9 plus de 31 millions de tonnes de marchandises et pr\u00e8s de 484.000 conteneurs, enregistrant une hausse de 12% du nombre de conteneurs par rapport \u00e0 la m\u00eame p\u00e9riode de 2024. Pour l&rsquo;ann\u00e9e 2024 compl\u00e8te, le volume total a atteint 130 millions de tonnes de marchandises, en hausse de 3% par rapport \u00e0 2023. Sur ce total, 65 millions de tonnes concernaient des marchandises hors hydrocarbures, dont 18 millions destin\u00e9es \u00e0 l&rsquo;exportation. La num\u00e9risation constitue un pilier central de cette strat\u00e9gie de modernisation. \u00ab\u00a0La num\u00e9risation repr\u00e9sente un aspect fondamental de cette nouvelle dynamique continue, \u00e0 travers la cr\u00e9ation d&rsquo;une plateforme num\u00e9rique pour la communaut\u00e9 portuaire visant \u00e0 organiser l&rsquo;information et faciliter le transit des marchandises, en coordination avec la plateforme num\u00e9rique de la Direction g\u00e9n\u00e9rale des douanes,\u00a0\u00bb explique M. Harkati. Cette transformation num\u00e9rique s&rsquo;accompagne de l&rsquo;instauration progressive du syst\u00e8me de travail continu 24h\/24 dans six ports majeurs du pays : Alger, Djen Djen, B\u00e9ja\u00efa, Annaba, Oran et Mostaganem.<\/p>\n\n\n\n<p><strong>Un plan d\u2019investissements de 29 milliards de dinars<\/strong><strong> en 2025<\/strong><\/p>\n\n\n\n<p>Un plan d&rsquo;investissement ambitieux a \u00e9t\u00e9 mis en place pour concr\u00e9tiser ces ambitions. \u00ab\u00a0Nous misons sur le plan de modernisation approuv\u00e9 d&rsquo;une valeur de 29 milliards de dinars pour l&rsquo;ann\u00e9e 2025 afin de surmonter certaines insuffisances dans les aspects logistiques et humains,\u00a0\u00bb pr\u00e9cise le PDG de Serport. Ce plan comprend l&rsquo;acquisition d&rsquo;\u00e9quipements modernes, notamment des portiques, des chariots \u00e9l\u00e9vateurs, des scanners et des dispositifs de surveillance et d&rsquo;inspection conformes aux standards internationaux. Il pr\u00e9voit \u00e9galement l&rsquo;entretien des quais, le dragage des bassins et la formation continue du personnel pour am\u00e9liorer leurs comp\u00e9tences. Dans la m\u00eame lign\u00e9e, des projets d&rsquo;extension de plusieurs infrastructures portuaires sont en cours de r\u00e9alisation. \u00ab\u00a0Parall\u00e8lement \u00e0 ces r\u00e9formes, l&rsquo;Alg\u00e9rie s&rsquo;efforce d&rsquo;achever les travaux d&rsquo;extension dans certains ports, qui progressent \u00e0 un rythme rapide mais variable, notamment le port de Djen Djen, qui vise \u00e0 devenir une porte importante vers le continent africain et la r\u00e9gion sah\u00e9lo-saharienne,\u00a0\u00bb souligne M. Harkati.<\/p>\n\n\n\n<p>L&rsquo;actualit\u00e9 r\u00e9cente a par ailleurs mis en lumi\u00e8re la capacit\u00e9 d&rsquo;adaptation des infrastructures portuaires alg\u00e9riennes, avec la mise en place de dispositifs sp\u00e9ciaux pour l&rsquo;importation de moutons destin\u00e9s \u00e0 la f\u00eate de l&rsquo;A\u00efd. \u00ab\u00a0Nous avons \u00e9tabli des couloirs verts en coordination avec les douanes pour faciliter le d\u00e9chargement et le traitement des navires transportant les moutons import\u00e9s, et avons allou\u00e9 une flotte de camions pour transporter ces animaux vers les zones de quarantaine d\u00e9sign\u00e9es par les autorit\u00e9s concern\u00e9es, conform\u00e9ment aux directives du ministre des Transports,\u00a0\u00bb pr\u00e9cise M. Harkati. Ce dernier a \u00e9galement indiqu\u00e9 que \u00ab\u00a0le port d&rsquo;Alger a re\u00e7u hier un second navire transportant 11.000 t\u00eates de moutons, et nous nous pr\u00e9parons \u00e0 accueillir un nouveau navire pendant le week-end.\u00a0\u00bb \u00c0 travers ces multiples initiatives, l&rsquo;Alg\u00e9rie affiche clairement son ambition de transformer son syst\u00e8me portuaire pour en faire un levier strat\u00e9gique au service de son d\u00e9veloppement \u00e9conomique et de son rayonnement r\u00e9gional, particuli\u00e8rement vers l&rsquo;Afrique subsaharienne.<\/p>\n\n\n\n<p>Sabrina Aziouez<\/p>\n","protected":false},"excerpt":{"rendered":"<p>Le secteur portuaire conna\u00eet actuellement une transformation majeure gr\u00e2ce \u00e0 une s\u00e9rie de r\u00e9formes structurelles visant \u00e0 moderniser les infrastructures<\/p>\n","protected":false},"author":6,"featured_media":56316,"comment_status":"open","ping_status":"closed","sticky":false,"template":"","format":"standard","meta":{"colormag_page_container_layout":"default_layout","colormag_page_sidebar_layout":"default_layout","om_disable_all_campaigns":false,"_monsterinsights_skip_tracking":false,"_monsterinsights_sitenote_active":false,"_monsterinsights_sitenote_note":"","_monsterinsights_sitenote_category":0,"footnotes":"","_wpscppro_dont_share_socialmedia":false,"_wpscppro_custom_social_share_image":0,"_facebook_share_type":"default","_twitter_share_type":"default","_linkedin_share_type":"default","_pinterest_share_type":"default","_linkedin_share_type_page":"","_instagram_share_type":"default","_medium_share_type":"default","_threads_share_type":"","_google_business_share_type":"","_selected_social_profile":[],"_wpsp_enable_custom_social_template":false,"_wpsp_social_scheduling":{"enabled":false,"datetime":null,"platforms":[],"status":"template_only","dateOption":"today","timeOption":"now","customDays":"","customHours":"","customDate":"","customTime":"","schedulingType":"absolute"},"_wpsp_active_default_template":true},"categories":[29],"tags":[],"class_list":["post-66222","post","type-post","status-publish","format-standard","has-post-thumbnail","hentry","category-economie"],"aioseo_notices":[],"yoast_head":"<!-- This site is optimized with the Yoast SEO plugin v27.5 - https:\/\/yoast.com\/product\/yoast-seo-wordpress\/ -->\n<title>Programme de modernisation des ports: Faire de l\u2019Alg\u00e9rie un hub commercial r\u00e9gional - La Sentinelle<\/title>\n<meta name=\"robots\" content=\"index, follow, max-snippet:-1, max-image-preview:large, max-video-preview:-1\" \/>\n<link rel=\"canonical\" href=\"https:\/\/lasentinelle.dz\/index.php\/2025\/04\/23\/programme-de-modernisation-des-ports-faire-de-lalgerie-un-hub-commercial-regional\/\" \/>\n<meta property=\"og:locale\" content=\"fr_FR\" \/>\n<meta property=\"og:type\" content=\"article\" \/>\n<meta property=\"og:title\" content=\"Programme de modernisation des ports: Faire de l\u2019Alg\u00e9rie un hub commercial r\u00e9gional - La Sentinelle\" \/>\n<meta property=\"og:description\" content=\"Le secteur portuaire conna\u00eet actuellement une transformation majeure gr\u00e2ce \u00e0 une s\u00e9rie de r\u00e9formes structurelles visant \u00e0 moderniser les infrastructures\" \/>\n<meta property=\"og:url\" content=\"https:\/\/lasentinelle.dz\/index.php\/2025\/04\/23\/programme-de-modernisation-des-ports-faire-de-lalgerie-un-hub-commercial-regional\/\" \/>\n<meta property=\"og:site_name\" content=\"La Sentinelle\" \/>\n<meta property=\"article:publisher\" content=\"https:\/\/www.facebook.com\/La-Sentinelle-104059864394773\" \/>\n<meta property=\"article:published_time\" content=\"2025-04-23T10:46:54+00:00\" \/>\n<meta property=\"article:modified_time\" content=\"2025-04-23T10:46:55+00:00\" \/>\n<meta property=\"og:image\" content=\"https:\/\/lasentinelle.dz\/wp-content\/uploads\/2024\/08\/Port-scaled.jpg\" \/>\n\t<meta property=\"og:image:width\" content=\"2560\" \/>\n\t<meta property=\"og:image:height\" content=\"1700\" \/>\n\t<meta property=\"og:image:type\" content=\"image\/jpeg\" \/>\n<meta name=\"author\" content=\"admin\" \/>\n<meta name=\"twitter:card\" content=\"summary_large_image\" \/>\n<meta name=\"twitter:label1\" content=\"\u00c9crit par\" \/>\n\t<meta name=\"twitter:data1\" content=\"admin\" \/>\n\t<meta name=\"twitter:label2\" content=\"Dur\u00e9e de lecture estim\u00e9e\" \/>\n\t<meta name=\"twitter:data2\" content=\"4 minutes\" \/>\n<script type=\"application\/ld+json\" class=\"yoast-schema-graph\">{\"@context\":\"https:\\\/\\\/schema.org\",\"@graph\":[{\"@type\":\"Article\",\"@id\":\"https:\\\/\\\/lasentinelle.dz\\\/index.php\\\/2025\\\/04\\\/23\\\/programme-de-modernisation-des-ports-faire-de-lalgerie-un-hub-commercial-regional\\\/#article\",\"isPartOf\":{\"@id\":\"https:\\\/\\\/lasentinelle.dz\\\/index.php\\\/2025\\\/04\\\/23\\\/programme-de-modernisation-des-ports-faire-de-lalgerie-un-hub-commercial-regional\\\/\"},\"author\":{\"name\":\"admin\",\"@id\":\"https:\\\/\\\/lasentinelle.dz\\\/#\\\/schema\\\/person\\\/729ee0024f24e0b8c5ec17232f8e8b41\"},\"headline\":\"Programme de modernisation des ports: Faire de l\u2019Alg\u00e9rie un hub commercial r\u00e9gional\",\"datePublished\":\"2025-04-23T10:46:54+00:00\",\"dateModified\":\"2025-04-23T10:46:55+00:00\",\"mainEntityOfPage\":{\"@id\":\"https:\\\/\\\/lasentinelle.dz\\\/index.php\\\/2025\\\/04\\\/23\\\/programme-de-modernisation-des-ports-faire-de-lalgerie-un-hub-commercial-regional\\\/\"},\"wordCount\":748,\"commentCount\":0,\"publisher\":{\"@id\":\"https:\\\/\\\/lasentinelle.dz\\\/#organization\"},\"image\":{\"@id\":\"https:\\\/\\\/lasentinelle.dz\\\/index.php\\\/2025\\\/04\\\/23\\\/programme-de-modernisation-des-ports-faire-de-lalgerie-un-hub-commercial-regional\\\/#primaryimage\"},\"thumbnailUrl\":\"https:\\\/\\\/lasentinelle.dz\\\/wp-content\\\/uploads\\\/2024\\\/08\\\/Port-scaled.jpg\",\"articleSection\":[\"\u00c9conomie\"],\"inLanguage\":\"fr-FR\",\"potentialAction\":[{\"@type\":\"CommentAction\",\"name\":\"Comment\",\"target\":[\"https:\\\/\\\/lasentinelle.dz\\\/index.php\\\/2025\\\/04\\\/23\\\/programme-de-modernisation-des-ports-faire-de-lalgerie-un-hub-commercial-regional\\\/#respond\"]}]},{\"@type\":\"WebPage\",\"@id\":\"https:\\\/\\\/lasentinelle.dz\\\/index.php\\\/2025\\\/04\\\/23\\\/programme-de-modernisation-des-ports-faire-de-lalgerie-un-hub-commercial-regional\\\/\",\"url\":\"https:\\\/\\\/lasentinelle.dz\\\/index.php\\\/2025\\\/04\\\/23\\\/programme-de-modernisation-des-ports-faire-de-lalgerie-un-hub-commercial-regional\\\/\",\"name\":\"Programme de modernisation des ports: Faire de l\u2019Alg\u00e9rie un hub commercial r\u00e9gional - La Sentinelle\",\"isPartOf\":{\"@id\":\"https:\\\/\\\/lasentinelle.dz\\\/#website\"},\"primaryImageOfPage\":{\"@id\":\"https:\\\/\\\/lasentinelle.dz\\\/index.php\\\/2025\\\/04\\\/23\\\/programme-de-modernisation-des-ports-faire-de-lalgerie-un-hub-commercial-regional\\\/#primaryimage\"},\"image\":{\"@id\":\"https:\\\/\\\/lasentinelle.dz\\\/index.php\\\/2025\\\/04\\\/23\\\/programme-de-modernisation-des-ports-faire-de-lalgerie-un-hub-commercial-regional\\\/#primaryimage\"},\"thumbnailUrl\":\"https:\\\/\\\/lasentinelle.dz\\\/wp-content\\\/uploads\\\/2024\\\/08\\\/Port-scaled.jpg\",\"datePublished\":\"2025-04-23T10:46:54+00:00\",\"dateModified\":\"2025-04-23T10:46:55+00:00\",\"breadcrumb\":{\"@id\":\"https:\\\/\\\/lasentinelle.dz\\\/index.php\\\/2025\\\/04\\\/23\\\/programme-de-modernisation-des-ports-faire-de-lalgerie-un-hub-commercial-regional\\\/#breadcrumb\"},\"inLanguage\":\"fr-FR\",\"potentialAction\":[{\"@type\":\"ReadAction\",\"target\":[\"https:\\\/\\\/lasentinelle.dz\\\/index.php\\\/2025\\\/04\\\/23\\\/programme-de-modernisation-des-ports-faire-de-lalgerie-un-hub-commercial-regional\\\/\"]}]},{\"@type\":\"ImageObject\",\"inLanguage\":\"fr-FR\",\"@id\":\"https:\\\/\\\/lasentinelle.dz\\\/index.php\\\/2025\\\/04\\\/23\\\/programme-de-modernisation-des-ports-faire-de-lalgerie-un-hub-commercial-regional\\\/#primaryimage\",\"url\":\"https:\\\/\\\/lasentinelle.dz\\\/wp-content\\\/uploads\\\/2024\\\/08\\\/Port-scaled.jpg\",\"contentUrl\":\"https:\\\/\\\/lasentinelle.dz\\\/wp-content\\\/uploads\\\/2024\\\/08\\\/Port-scaled.jpg\",\"width\":2560,\"height\":1700},{\"@type\":\"BreadcrumbList\",\"@id\":\"https:\\\/\\\/lasentinelle.dz\\\/index.php\\\/2025\\\/04\\\/23\\\/programme-de-modernisation-des-ports-faire-de-lalgerie-un-hub-commercial-regional\\\/#breadcrumb\",\"itemListElement\":[{\"@type\":\"ListItem\",\"position\":1,\"name\":\"Accueil\",\"item\":\"https:\\\/\\\/lasentinelle.dz\\\/\"},{\"@type\":\"ListItem\",\"position\":2,\"name\":\"Programme de modernisation des ports: Faire de l\u2019Alg\u00e9rie un hub commercial r\u00e9gional\"}]},{\"@type\":\"WebSite\",\"@id\":\"https:\\\/\\\/lasentinelle.dz\\\/#website\",\"url\":\"https:\\\/\\\/lasentinelle.dz\\\/\",\"name\":\"La Sentinelle\",\"description\":\"Quotidien national d&#039;information\",\"publisher\":{\"@id\":\"https:\\\/\\\/lasentinelle.dz\\\/#organization\"},\"potentialAction\":[{\"@type\":\"SearchAction\",\"target\":{\"@type\":\"EntryPoint\",\"urlTemplate\":\"https:\\\/\\\/lasentinelle.dz\\\/?s={search_term_string}\"},\"query-input\":{\"@type\":\"PropertyValueSpecification\",\"valueRequired\":true,\"valueName\":\"search_term_string\"}}],\"inLanguage\":\"fr-FR\"},{\"@type\":\"Organization\",\"@id\":\"https:\\\/\\\/lasentinelle.dz\\\/#organization\",\"name\":\"Quotidien La Sentinelle\",\"url\":\"https:\\\/\\\/lasentinelle.dz\\\/\",\"logo\":{\"@type\":\"ImageObject\",\"inLanguage\":\"fr-FR\",\"@id\":\"https:\\\/\\\/lasentinelle.dz\\\/#\\\/schema\\\/logo\\\/image\\\/\",\"url\":\"https:\\\/\\\/lasentinelle.dz\\\/wp-content\\\/uploads\\\/2021\\\/09\\\/logo-sentinelleSLOGAN-1.png\",\"contentUrl\":\"https:\\\/\\\/lasentinelle.dz\\\/wp-content\\\/uploads\\\/2021\\\/09\\\/logo-sentinelleSLOGAN-1.png\",\"width\":615,\"height\":142,\"caption\":\"Quotidien La Sentinelle\"},\"image\":{\"@id\":\"https:\\\/\\\/lasentinelle.dz\\\/#\\\/schema\\\/logo\\\/image\\\/\"},\"sameAs\":[\"https:\\\/\\\/www.facebook.com\\\/La-Sentinelle-104059864394773\"]},{\"@type\":\"Person\",\"@id\":\"https:\\\/\\\/lasentinelle.dz\\\/#\\\/schema\\\/person\\\/729ee0024f24e0b8c5ec17232f8e8b41\",\"name\":\"admin\",\"image\":{\"@type\":\"ImageObject\",\"inLanguage\":\"fr-FR\",\"@id\":\"https:\\\/\\\/secure.gravatar.com\\\/avatar\\\/4c81fed838786e9b53f540bf46533e750f5d292099ae3b66cfc6fb1982e29df7?s=96&d=mm&r=g\",\"url\":\"https:\\\/\\\/secure.gravatar.com\\\/avatar\\\/4c81fed838786e9b53f540bf46533e750f5d292099ae3b66cfc6fb1982e29df7?s=96&d=mm&r=g\",\"contentUrl\":\"https:\\\/\\\/secure.gravatar.com\\\/avatar\\\/4c81fed838786e9b53f540bf46533e750f5d292099ae3b66cfc6fb1982e29df7?s=96&d=mm&r=g\",\"caption\":\"admin\"},\"description\":\"admin\",\"url\":\"https:\\\/\\\/lasentinelle.dz\\\/author\\\/admin\\\/\"}]}<\/script>\n<!-- \/ Yoast SEO plugin. -->","yoast_head_json":{"title":"Programme de modernisation des ports: Faire de l\u2019Alg\u00e9rie un hub commercial r\u00e9gional - La Sentinelle","robots":{"index":"index","follow":"follow","max-snippet":"max-snippet:-1","max-image-preview":"max-image-preview:large","max-video-preview":"max-video-preview:-1"},"canonical":"https:\/\/lasentinelle.dz\/index.php\/2025\/04\/23\/programme-de-modernisation-des-ports-faire-de-lalgerie-un-hub-commercial-regional\/","og_locale":"fr_FR","og_type":"article","og_title":"Programme de modernisation des ports: Faire de l\u2019Alg\u00e9rie un hub commercial r\u00e9gional - La Sentinelle","og_description":"Le secteur portuaire conna\u00eet actuellement une transformation majeure gr\u00e2ce \u00e0 une s\u00e9rie de r\u00e9formes structurelles visant \u00e0 moderniser les infrastructures","og_url":"https:\/\/lasentinelle.dz\/index.php\/2025\/04\/23\/programme-de-modernisation-des-ports-faire-de-lalgerie-un-hub-commercial-regional\/","og_site_name":"La Sentinelle","article_publisher":"https:\/\/www.facebook.com\/La-Sentinelle-104059864394773","article_published_time":"2025-04-23T10:46:54+00:00","article_modified_time":"2025-04-23T10:46:55+00:00","og_image":[{"width":2560,"height":1700,"url":"https:\/\/lasentinelle.dz\/wp-content\/uploads\/2024\/08\/Port-scaled.jpg","type":"image\/jpeg"}],"author":"admin","twitter_card":"summary_large_image","twitter_misc":{"\u00c9crit par":"admin","Dur\u00e9e de lecture estim\u00e9e":"4 minutes"},"schema":{"@context":"https:\/\/schema.org","@graph":[{"@type":"Article","@id":"https:\/\/lasentinelle.dz\/index.php\/2025\/04\/23\/programme-de-modernisation-des-ports-faire-de-lalgerie-un-hub-commercial-regional\/#article","isPartOf":{"@id":"https:\/\/lasentinelle.dz\/index.php\/2025\/04\/23\/programme-de-modernisation-des-ports-faire-de-lalgerie-un-hub-commercial-regional\/"},"author":{"name":"admin","@id":"https:\/\/lasentinelle.dz\/#\/schema\/person\/729ee0024f24e0b8c5ec17232f8e8b41"},"headline":"Programme de modernisation des ports: Faire de l\u2019Alg\u00e9rie un hub commercial r\u00e9gional","datePublished":"2025-04-23T10:46:54+00:00","dateModified":"2025-04-23T10:46:55+00:00","mainEntityOfPage":{"@id":"https:\/\/lasentinelle.dz\/index.php\/2025\/04\/23\/programme-de-modernisation-des-ports-faire-de-lalgerie-un-hub-commercial-regional\/"},"wordCount":748,"commentCount":0,"publisher":{"@id":"https:\/\/lasentinelle.dz\/#organization"},"image":{"@id":"https:\/\/lasentinelle.dz\/index.php\/2025\/04\/23\/programme-de-modernisation-des-ports-faire-de-lalgerie-un-hub-commercial-regional\/#primaryimage"},"thumbnailUrl":"https:\/\/lasentinelle.dz\/wp-content\/uploads\/2024\/08\/Port-scaled.jpg","articleSection":["\u00c9conomie"],"inLanguage":"fr-FR","potentialAction":[{"@type":"CommentAction","name":"Comment","target":["https:\/\/lasentinelle.dz\/index.php\/2025\/04\/23\/programme-de-modernisation-des-ports-faire-de-lalgerie-un-hub-commercial-regional\/#respond"]}]},{"@type":"WebPage","@id":"https:\/\/lasentinelle.dz\/index.php\/2025\/04\/23\/programme-de-modernisation-des-ports-faire-de-lalgerie-un-hub-commercial-regional\/","url":"https:\/\/lasentinelle.dz\/index.php\/2025\/04\/23\/programme-de-modernisation-des-ports-faire-de-lalgerie-un-hub-commercial-regional\/","name":"Programme de modernisation des ports: Faire de l\u2019Alg\u00e9rie un hub commercial r\u00e9gional - La Sentinelle","isPartOf":{"@id":"https:\/\/lasentinelle.dz\/#website"},"primaryImageOfPage":{"@id":"https:\/\/lasentinelle.dz\/index.php\/2025\/04\/23\/programme-de-modernisation-des-ports-faire-de-lalgerie-un-hub-commercial-regional\/#primaryimage"},"image":{"@id":"https:\/\/lasentinelle.dz\/index.php\/2025\/04\/23\/programme-de-modernisation-des-ports-faire-de-lalgerie-un-hub-commercial-regional\/#primaryimage"},"thumbnailUrl":"https:\/\/lasentinelle.dz\/wp-content\/uploads\/2024\/08\/Port-scaled.jpg","datePublished":"2025-04-23T10:46:54+00:00","dateModified":"2025-04-23T10:46:55+00:00","breadcrumb":{"@id":"https:\/\/lasentinelle.dz\/index.php\/2025\/04\/23\/programme-de-modernisation-des-ports-faire-de-lalgerie-un-hub-commercial-regional\/#breadcrumb"},"inLanguage":"fr-FR","potentialAction":[{"@type":"ReadAction","target":["https:\/\/lasentinelle.dz\/index.php\/2025\/04\/23\/programme-de-modernisation-des-ports-faire-de-lalgerie-un-hub-commercial-regional\/"]}]},{"@type":"ImageObject","inLanguage":"fr-FR","@id":"https:\/\/lasentinelle.dz\/index.php\/2025\/04\/23\/programme-de-modernisation-des-ports-faire-de-lalgerie-un-hub-commercial-regional\/#primaryimage","url":"https:\/\/lasentinelle.dz\/wp-content\/uploads\/2024\/08\/Port-scaled.jpg","contentUrl":"https:\/\/lasentinelle.dz\/wp-content\/uploads\/2024\/08\/Port-scaled.jpg","width":2560,"height":1700},{"@type":"BreadcrumbList","@id":"https:\/\/lasentinelle.dz\/index.php\/2025\/04\/23\/programme-de-modernisation-des-ports-faire-de-lalgerie-un-hub-commercial-regional\/#breadcrumb","itemListElement":[{"@type":"ListItem","position":1,"name":"Accueil","item":"https:\/\/lasentinelle.dz\/"},{"@type":"ListItem","position":2,"name":"Programme de modernisation des ports: Faire de l\u2019Alg\u00e9rie un hub commercial r\u00e9gional"}]},{"@type":"WebSite","@id":"https:\/\/lasentinelle.dz\/#website","url":"https:\/\/lasentinelle.dz\/","name":"La Sentinelle","description":"Quotidien national d&#039;information","publisher":{"@id":"https:\/\/lasentinelle.dz\/#organization"},"potentialAction":[{"@type":"SearchAction","target":{"@type":"EntryPoint","urlTemplate":"https:\/\/lasentinelle.dz\/?s={search_term_string}"},"query-input":{"@type":"PropertyValueSpecification","valueRequired":true,"valueName":"search_term_string"}}],"inLanguage":"fr-FR"},{"@type":"Organization","@id":"https:\/\/lasentinelle.dz\/#organization","name":"Quotidien La Sentinelle","url":"https:\/\/lasentinelle.dz\/","logo":{"@type":"ImageObject","inLanguage":"fr-FR","@id":"https:\/\/lasentinelle.dz\/#\/schema\/logo\/image\/","url":"https:\/\/lasentinelle.dz\/wp-content\/uploads\/2021\/09\/logo-sentinelleSLOGAN-1.png","contentUrl":"https:\/\/lasentinelle.dz\/wp-content\/uploads\/2021\/09\/logo-sentinelleSLOGAN-1.png","width":615,"height":142,"caption":"Quotidien La Sentinelle"},"image":{"@id":"https:\/\/lasentinelle.dz\/#\/schema\/logo\/image\/"},"sameAs":["https:\/\/www.facebook.com\/La-Sentinelle-104059864394773"]},{"@type":"Person","@id":"https:\/\/lasentinelle.dz\/#\/schema\/person\/729ee0024f24e0b8c5ec17232f8e8b41","name":"admin","image":{"@type":"ImageObject","inLanguage":"fr-FR","@id":"https:\/\/secure.gravatar.com\/avatar\/4c81fed838786e9b53f540bf46533e750f5d292099ae3b66cfc6fb1982e29df7?s=96&d=mm&r=g","url":"https:\/\/secure.gravatar.com\/avatar\/4c81fed838786e9b53f540bf46533e750f5d292099ae3b66cfc6fb1982e29df7?s=96&d=mm&r=g","contentUrl":"https:\/\/secure.gravatar.com\/avatar\/4c81fed838786e9b53f540bf46533e750f5d292099ae3b66cfc6fb1982e29df7?s=96&d=mm&r=g","caption":"admin"},"description":"admin","url":"https:\/\/lasentinelle.dz\/author\/admin\/"}]}},"_links":{"self":[{"href":"https:\/\/lasentinelle.dz\/index.php\/wp-json\/wp\/v2\/posts\/66222","targetHints":{"allow":["GET"]}}],"collection":[{"href":"https:\/\/lasentinelle.dz\/index.php\/wp-json\/wp\/v2\/posts"}],"about":[{"href":"https:\/\/lasentinelle.dz\/index.php\/wp-json\/wp\/v2\/types\/post"}],"author":[{"embeddable":true,"href":"https:\/\/lasentinelle.dz\/index.php\/wp-json\/wp\/v2\/users\/6"}],"replies":[{"embeddable":true,"href":"https:\/\/lasentinelle.dz\/index.php\/wp-json\/wp\/v2\/comments?post=66222"}],"version-history":[{"count":1,"href":"https:\/\/lasentinelle.dz\/index.php\/wp-json\/wp\/v2\/posts\/66222\/revisions"}],"predecessor-version":[{"id":66223,"href":"https:\/\/lasentinelle.dz\/index.php\/wp-json\/wp\/v2\/posts\/66222\/revisions\/66223"}],"wp:featuredmedia":[{"embeddable":true,"href":"https:\/\/lasentinelle.dz\/index.php\/wp-json\/wp\/v2\/media\/56316"}],"wp:attachment":[{"href":"https:\/\/lasentinelle.dz\/index.php\/wp-json\/wp\/v2\/media?parent=66222"}],"wp:term":[{"taxonomy":"category","embeddable":true,"href":"https:\/\/lasentinelle.dz\/index.php\/wp-json\/wp\/v2\/categories?post=66222"},{"taxonomy":"post_tag","embeddable":true,"href":"https:\/\/lasentinelle.dz\/index.php\/wp-json\/wp\/v2\/tags?post=66222"}],"curies":[{"name":"wp","href":"https:\/\/api.w.org\/{rel}","templated":true}]}}