{"id":66232,"date":"2025-04-23T11:52:38","date_gmt":"2025-04-23T10:52:38","guid":{"rendered":"https:\/\/lasentinelle.dz\/?p=66232"},"modified":"2025-04-23T11:52:39","modified_gmt":"2025-04-23T10:52:39","slug":"face-aux-defis-actuels-le-ministre-de-la-communication-appelle-a-un-front-mediatique-uni","status":"publish","type":"post","link":"https:\/\/lasentinelle.dz\/index.php\/2025\/04\/23\/face-aux-defis-actuels-le-ministre-de-la-communication-appelle-a-un-front-mediatique-uni\/","title":{"rendered":"Face aux d\u00e9fis actuels : Le ministre de la Communication appelle \u00e0 un front m\u00e9diatique uni"},"content":{"rendered":"\n<p>Le ministre de la Communication, Dr Mohamed Meziane, a affirm\u00e9 mardi \u00e0 Constantine que la p\u00e9riode actuelle exige de tous la formation d&rsquo;un front m\u00e9diatique national uni, fond\u00e9 sur les r\u00e9f\u00e9rences patriotiques, pour d\u00e9fendre l&rsquo;Alg\u00e9rie face \u00e0 des attaques sans pr\u00e9c\u00e9dent orchestr\u00e9es par des parties aux intentions bien connues. \u00ab\u00a0Notre syst\u00e8me m\u00e9diatique se trouve confront\u00e9 \u00e0 des campagnes de d\u00e9sinformation successives t\u00e9moignant d&rsquo;une grande partialit\u00e9 contre notre pays en raison de ses positions constantes sur les causes justes et sa d\u00e9fense acharn\u00e9e de l&rsquo;ind\u00e9pendance et de la souverainet\u00e9 de ses d\u00e9cisions\u00a0\u00bb, a-t-il d\u00e9clar\u00e9.<\/p>\n\n\n\n<p>S&rsquo;exprimant lors de l&rsquo;ouverture de la deuxi\u00e8me rencontre r\u00e9gionale des journalistes et professionnels du secteur \u00e0 la salle Ahmed-Bey (Z\u00e9nith) de Constantine, le ministre a soulign\u00e9 que cette d\u00e9marche nationale, bas\u00e9e sur le dialogue et la concertation, vise \u00e0 unifier les visions et le discours m\u00e9diatique national face aux d\u00e9fis auxquels le pays est confront\u00e9. Dr Meziane consid\u00e8re que les m\u00e9dias alg\u00e9riens sont aujourd&rsquo;hui appel\u00e9s \u00e0 \u00e9lever leur niveau de performance et \u00e0 s&rsquo;engager dans la bataille de d\u00e9fense de la souverainet\u00e9 nationale, dans un contexte marqu\u00e9 par des campagnes de d\u00e9sinformation men\u00e9es par des parties \u00e9trang\u00e8res ciblant l&rsquo;unit\u00e9 et la stabilit\u00e9 du pays. \u00ab\u00a0Nous sommes convaincus que cette initiative trouvera un \u00e9cho favorable aupr\u00e8s d&rsquo;une communaut\u00e9 m\u00e9diatique attach\u00e9e \u00e0 l&rsquo;esprit de r\u00e9sistance, capable de l&rsquo;assimiler et de contribuer effectivement \u00e0 sa concr\u00e9tisation\u00a0\u00bb, a affirm\u00e9 le ministre. Il a rappel\u00e9 que le contexte tendu r\u00e9gional et international exige plus que jamais de s&rsquo;en tenir aux constantes nationales et de s&rsquo;inspirer des r\u00e9f\u00e9rences historiques qui ont fa\u00e7onn\u00e9 le parcours de l&rsquo;Alg\u00e9rie, notant que les m\u00e9dias nationaux n&rsquo;ont jamais d\u00e9vi\u00e9 du cadre des \u00ab\u00a0m\u00e9dias r\u00e9sistants\u00a0\u00bb depuis leur naissance au sein de la r\u00e9volution lib\u00e9ratrice.<\/p>\n\n\n\n<p>\u00c9voquant les transformations technologiques, le ministre a insist\u00e9 sur la n\u00e9cessit\u00e9 de suivre les d\u00e9veloppements dans le domaine de l&rsquo;intelligence artificielle et des technologies 5G, appelant \u00e0 utiliser ces techniques pour servir les objectifs de l&rsquo;\u00c9tat et prot\u00e9ger l&rsquo;espace m\u00e9diatique national des d\u00e9rives professionnelles et \u00e9thiques. La formation dans le secteur de la communication permettra, selon lui, de \u00ab\u00a0renforcer le syst\u00e8me m\u00e9diatique et de former un front national \u00e0 m\u00eame de contribuer \u00e0 la d\u00e9fense des acquis et des valeurs du pays\u00a0\u00bb.<\/p>\n\n\n\n<p>Lyna Larbi<\/p>\n","protected":false},"excerpt":{"rendered":"<p>Le ministre de la Communication, Dr Mohamed Meziane, a affirm\u00e9 mardi \u00e0 Constantine que la p\u00e9riode actuelle exige de tous<\/p>\n","protected":false},"author":6,"featured_media":66233,"comment_status":"open","ping_status":"closed","sticky":false,"template":"","format":"standard","meta":{"colormag_page_container_layout":"default_layout","colormag_page_sidebar_layout":"default_layout","om_disable_all_campaigns":false,"_monsterinsights_skip_tracking":false,"_monsterinsights_sitenote_active":false,"_monsterinsights_sitenote_note":"","_monsterinsights_sitenote_category":0,"footnotes":"","_wpscppro_dont_share_socialmedia":false,"_wpscppro_custom_social_share_image":0,"_facebook_share_type":"default","_twitter_share_type":"default","_linkedin_share_type":"default","_pinterest_share_type":"default","_linkedin_share_type_page":"","_instagram_share_type":"default","_medium_share_type":"default","_threads_share_type":"","_google_business_share_type":"","_selected_social_profile":[],"_wpsp_enable_custom_social_template":false,"_wpsp_social_scheduling":{"enabled":false,"datetime":null,"platforms":[],"status":"template_only","dateOption":"today","timeOption":"now","customDays":"","customHours":"","customDate":"","customTime":"","schedulingType":"absolute"},"_wpsp_active_default_template":true},"categories":[27],"tags":[],"class_list":["post-66232","post","type-post","status-publish","format-standard","has-post-thumbnail","hentry","category-actualite"],"aioseo_notices":[],"yoast_head":"<!-- This site is optimized with the Yoast SEO plugin v27.5 - https:\/\/yoast.com\/product\/yoast-seo-wordpress\/ -->\n<title>Face aux d\u00e9fis actuels : Le ministre de la Communication appelle \u00e0 un front m\u00e9diatique uni - La Sentinelle<\/title>\n<meta name=\"robots\" content=\"index, follow, max-snippet:-1, max-image-preview:large, max-video-preview:-1\" \/>\n<link rel=\"canonical\" href=\"https:\/\/lasentinelle.dz\/index.php\/2025\/04\/23\/face-aux-defis-actuels-le-ministre-de-la-communication-appelle-a-un-front-mediatique-uni\/\" \/>\n<meta property=\"og:locale\" content=\"fr_FR\" \/>\n<meta property=\"og:type\" content=\"article\" \/>\n<meta property=\"og:title\" content=\"Face aux d\u00e9fis actuels : Le ministre de la Communication appelle \u00e0 un front m\u00e9diatique uni - La Sentinelle\" \/>\n<meta property=\"og:description\" content=\"Le ministre de la Communication, Dr Mohamed Meziane, a affirm\u00e9 mardi \u00e0 Constantine que la p\u00e9riode actuelle exige de tous\" \/>\n<meta property=\"og:url\" content=\"https:\/\/lasentinelle.dz\/index.php\/2025\/04\/23\/face-aux-defis-actuels-le-ministre-de-la-communication-appelle-a-un-front-mediatique-uni\/\" \/>\n<meta property=\"og:site_name\" content=\"La Sentinelle\" \/>\n<meta property=\"article:publisher\" content=\"https:\/\/www.facebook.com\/La-Sentinelle-104059864394773\" \/>\n<meta property=\"article:published_time\" content=\"2025-04-23T10:52:38+00:00\" \/>\n<meta property=\"article:modified_time\" content=\"2025-04-23T10:52:39+00:00\" \/>\n<meta property=\"og:image\" content=\"https:\/\/lasentinelle.dz\/wp-content\/uploads\/2025\/04\/meziane.webp\" \/>\n\t<meta property=\"og:image:width\" content=\"900\" \/>\n\t<meta property=\"og:image:height\" content=\"675\" \/>\n\t<meta property=\"og:image:type\" content=\"image\/webp\" \/>\n<meta name=\"author\" content=\"admin\" \/>\n<meta name=\"twitter:card\" content=\"summary_large_image\" \/>\n<meta name=\"twitter:label1\" content=\"\u00c9crit par\" \/>\n\t<meta name=\"twitter:data1\" content=\"admin\" \/>\n\t<meta name=\"twitter:label2\" content=\"Dur\u00e9e de lecture estim\u00e9e\" \/>\n\t<meta name=\"twitter:data2\" content=\"3 minutes\" \/>\n<script type=\"application\/ld+json\" class=\"yoast-schema-graph\">{\"@context\":\"https:\\\/\\\/schema.org\",\"@graph\":[{\"@type\":\"Article\",\"@id\":\"https:\\\/\\\/lasentinelle.dz\\\/index.php\\\/2025\\\/04\\\/23\\\/face-aux-defis-actuels-le-ministre-de-la-communication-appelle-a-un-front-mediatique-uni\\\/#article\",\"isPartOf\":{\"@id\":\"https:\\\/\\\/lasentinelle.dz\\\/index.php\\\/2025\\\/04\\\/23\\\/face-aux-defis-actuels-le-ministre-de-la-communication-appelle-a-un-front-mediatique-uni\\\/\"},\"author\":{\"name\":\"admin\",\"@id\":\"https:\\\/\\\/lasentinelle.dz\\\/#\\\/schema\\\/person\\\/729ee0024f24e0b8c5ec17232f8e8b41\"},\"headline\":\"Face aux d\u00e9fis actuels : Le ministre de la Communication appelle \u00e0 un front m\u00e9diatique uni\",\"datePublished\":\"2025-04-23T10:52:38+00:00\",\"dateModified\":\"2025-04-23T10:52:39+00:00\",\"mainEntityOfPage\":{\"@id\":\"https:\\\/\\\/lasentinelle.dz\\\/index.php\\\/2025\\\/04\\\/23\\\/face-aux-defis-actuels-le-ministre-de-la-communication-appelle-a-un-front-mediatique-uni\\\/\"},\"wordCount\":450,\"commentCount\":0,\"publisher\":{\"@id\":\"https:\\\/\\\/lasentinelle.dz\\\/#organization\"},\"image\":{\"@id\":\"https:\\\/\\\/lasentinelle.dz\\\/index.php\\\/2025\\\/04\\\/23\\\/face-aux-defis-actuels-le-ministre-de-la-communication-appelle-a-un-front-mediatique-uni\\\/#primaryimage\"},\"thumbnailUrl\":\"https:\\\/\\\/lasentinelle.dz\\\/wp-content\\\/uploads\\\/2025\\\/04\\\/meziane.webp\",\"articleSection\":[\"Actualit\u00e9\"],\"inLanguage\":\"fr-FR\",\"potentialAction\":[{\"@type\":\"CommentAction\",\"name\":\"Comment\",\"target\":[\"https:\\\/\\\/lasentinelle.dz\\\/index.php\\\/2025\\\/04\\\/23\\\/face-aux-defis-actuels-le-ministre-de-la-communication-appelle-a-un-front-mediatique-uni\\\/#respond\"]}]},{\"@type\":\"WebPage\",\"@id\":\"https:\\\/\\\/lasentinelle.dz\\\/index.php\\\/2025\\\/04\\\/23\\\/face-aux-defis-actuels-le-ministre-de-la-communication-appelle-a-un-front-mediatique-uni\\\/\",\"url\":\"https:\\\/\\\/lasentinelle.dz\\\/index.php\\\/2025\\\/04\\\/23\\\/face-aux-defis-actuels-le-ministre-de-la-communication-appelle-a-un-front-mediatique-uni\\\/\",\"name\":\"Face aux d\u00e9fis actuels : Le ministre de la Communication appelle \u00e0 un front m\u00e9diatique uni - La Sentinelle\",\"isPartOf\":{\"@id\":\"https:\\\/\\\/lasentinelle.dz\\\/#website\"},\"primaryImageOfPage\":{\"@id\":\"https:\\\/\\\/lasentinelle.dz\\\/index.php\\\/2025\\\/04\\\/23\\\/face-aux-defis-actuels-le-ministre-de-la-communication-appelle-a-un-front-mediatique-uni\\\/#primaryimage\"},\"image\":{\"@id\":\"https:\\\/\\\/lasentinelle.dz\\\/index.php\\\/2025\\\/04\\\/23\\\/face-aux-defis-actuels-le-ministre-de-la-communication-appelle-a-un-front-mediatique-uni\\\/#primaryimage\"},\"thumbnailUrl\":\"https:\\\/\\\/lasentinelle.dz\\\/wp-content\\\/uploads\\\/2025\\\/04\\\/meziane.webp\",\"datePublished\":\"2025-04-23T10:52:38+00:00\",\"dateModified\":\"2025-04-23T10:52:39+00:00\",\"breadcrumb\":{\"@id\":\"https:\\\/\\\/lasentinelle.dz\\\/index.php\\\/2025\\\/04\\\/23\\\/face-aux-defis-actuels-le-ministre-de-la-communication-appelle-a-un-front-mediatique-uni\\\/#breadcrumb\"},\"inLanguage\":\"fr-FR\",\"potentialAction\":[{\"@type\":\"ReadAction\",\"target\":[\"https:\\\/\\\/lasentinelle.dz\\\/index.php\\\/2025\\\/04\\\/23\\\/face-aux-defis-actuels-le-ministre-de-la-communication-appelle-a-un-front-mediatique-uni\\\/\"]}]},{\"@type\":\"ImageObject\",\"inLanguage\":\"fr-FR\",\"@id\":\"https:\\\/\\\/lasentinelle.dz\\\/index.php\\\/2025\\\/04\\\/23\\\/face-aux-defis-actuels-le-ministre-de-la-communication-appelle-a-un-front-mediatique-uni\\\/#primaryimage\",\"url\":\"https:\\\/\\\/lasentinelle.dz\\\/wp-content\\\/uploads\\\/2025\\\/04\\\/meziane.webp\",\"contentUrl\":\"https:\\\/\\\/lasentinelle.dz\\\/wp-content\\\/uploads\\\/2025\\\/04\\\/meziane.webp\",\"width\":900,\"height\":675},{\"@type\":\"BreadcrumbList\",\"@id\":\"https:\\\/\\\/lasentinelle.dz\\\/index.php\\\/2025\\\/04\\\/23\\\/face-aux-defis-actuels-le-ministre-de-la-communication-appelle-a-un-front-mediatique-uni\\\/#breadcrumb\",\"itemListElement\":[{\"@type\":\"ListItem\",\"position\":1,\"name\":\"Accueil\",\"item\":\"https:\\\/\\\/lasentinelle.dz\\\/\"},{\"@type\":\"ListItem\",\"position\":2,\"name\":\"Face aux d\u00e9fis actuels : Le ministre de la Communication appelle \u00e0 un front m\u00e9diatique uni\"}]},{\"@type\":\"WebSite\",\"@id\":\"https:\\\/\\\/lasentinelle.dz\\\/#website\",\"url\":\"https:\\\/\\\/lasentinelle.dz\\\/\",\"name\":\"La Sentinelle\",\"description\":\"Quotidien national d&#039;information\",\"publisher\":{\"@id\":\"https:\\\/\\\/lasentinelle.dz\\\/#organization\"},\"potentialAction\":[{\"@type\":\"SearchAction\",\"target\":{\"@type\":\"EntryPoint\",\"urlTemplate\":\"https:\\\/\\\/lasentinelle.dz\\\/?s={search_term_string}\"},\"query-input\":{\"@type\":\"PropertyValueSpecification\",\"valueRequired\":true,\"valueName\":\"search_term_string\"}}],\"inLanguage\":\"fr-FR\"},{\"@type\":\"Organization\",\"@id\":\"https:\\\/\\\/lasentinelle.dz\\\/#organization\",\"name\":\"Quotidien La Sentinelle\",\"url\":\"https:\\\/\\\/lasentinelle.dz\\\/\",\"logo\":{\"@type\":\"ImageObject\",\"inLanguage\":\"fr-FR\",\"@id\":\"https:\\\/\\\/lasentinelle.dz\\\/#\\\/schema\\\/logo\\\/image\\\/\",\"url\":\"https:\\\/\\\/lasentinelle.dz\\\/wp-content\\\/uploads\\\/2021\\\/09\\\/logo-sentinelleSLOGAN-1.png\",\"contentUrl\":\"https:\\\/\\\/lasentinelle.dz\\\/wp-content\\\/uploads\\\/2021\\\/09\\\/logo-sentinelleSLOGAN-1.png\",\"width\":615,\"height\":142,\"caption\":\"Quotidien La Sentinelle\"},\"image\":{\"@id\":\"https:\\\/\\\/lasentinelle.dz\\\/#\\\/schema\\\/logo\\\/image\\\/\"},\"sameAs\":[\"https:\\\/\\\/www.facebook.com\\\/La-Sentinelle-104059864394773\"]},{\"@type\":\"Person\",\"@id\":\"https:\\\/\\\/lasentinelle.dz\\\/#\\\/schema\\\/person\\\/729ee0024f24e0b8c5ec17232f8e8b41\",\"name\":\"admin\",\"image\":{\"@type\":\"ImageObject\",\"inLanguage\":\"fr-FR\",\"@id\":\"https:\\\/\\\/secure.gravatar.com\\\/avatar\\\/4c81fed838786e9b53f540bf46533e750f5d292099ae3b66cfc6fb1982e29df7?s=96&d=mm&r=g\",\"url\":\"https:\\\/\\\/secure.gravatar.com\\\/avatar\\\/4c81fed838786e9b53f540bf46533e750f5d292099ae3b66cfc6fb1982e29df7?s=96&d=mm&r=g\",\"contentUrl\":\"https:\\\/\\\/secure.gravatar.com\\\/avatar\\\/4c81fed838786e9b53f540bf46533e750f5d292099ae3b66cfc6fb1982e29df7?s=96&d=mm&r=g\",\"caption\":\"admin\"},\"description\":\"admin\",\"url\":\"https:\\\/\\\/lasentinelle.dz\\\/author\\\/admin\\\/\"}]}<\/script>\n<!-- \/ Yoast SEO plugin. -->","yoast_head_json":{"title":"Face aux d\u00e9fis actuels : Le ministre de la Communication appelle \u00e0 un front m\u00e9diatique uni - La Sentinelle","robots":{"index":"index","follow":"follow","max-snippet":"max-snippet:-1","max-image-preview":"max-image-preview:large","max-video-preview":"max-video-preview:-1"},"canonical":"https:\/\/lasentinelle.dz\/index.php\/2025\/04\/23\/face-aux-defis-actuels-le-ministre-de-la-communication-appelle-a-un-front-mediatique-uni\/","og_locale":"fr_FR","og_type":"article","og_title":"Face aux d\u00e9fis actuels : Le ministre de la Communication appelle \u00e0 un front m\u00e9diatique uni - La Sentinelle","og_description":"Le ministre de la Communication, Dr Mohamed Meziane, a affirm\u00e9 mardi \u00e0 Constantine que la p\u00e9riode actuelle exige de tous","og_url":"https:\/\/lasentinelle.dz\/index.php\/2025\/04\/23\/face-aux-defis-actuels-le-ministre-de-la-communication-appelle-a-un-front-mediatique-uni\/","og_site_name":"La Sentinelle","article_publisher":"https:\/\/www.facebook.com\/La-Sentinelle-104059864394773","article_published_time":"2025-04-23T10:52:38+00:00","article_modified_time":"2025-04-23T10:52:39+00:00","og_image":[{"width":900,"height":675,"url":"https:\/\/lasentinelle.dz\/wp-content\/uploads\/2025\/04\/meziane.webp","type":"image\/webp"}],"author":"admin","twitter_card":"summary_large_image","twitter_misc":{"\u00c9crit par":"admin","Dur\u00e9e de lecture estim\u00e9e":"3 minutes"},"schema":{"@context":"https:\/\/schema.org","@graph":[{"@type":"Article","@id":"https:\/\/lasentinelle.dz\/index.php\/2025\/04\/23\/face-aux-defis-actuels-le-ministre-de-la-communication-appelle-a-un-front-mediatique-uni\/#article","isPartOf":{"@id":"https:\/\/lasentinelle.dz\/index.php\/2025\/04\/23\/face-aux-defis-actuels-le-ministre-de-la-communication-appelle-a-un-front-mediatique-uni\/"},"author":{"name":"admin","@id":"https:\/\/lasentinelle.dz\/#\/schema\/person\/729ee0024f24e0b8c5ec17232f8e8b41"},"headline":"Face aux d\u00e9fis actuels : Le ministre de la Communication appelle \u00e0 un front m\u00e9diatique uni","datePublished":"2025-04-23T10:52:38+00:00","dateModified":"2025-04-23T10:52:39+00:00","mainEntityOfPage":{"@id":"https:\/\/lasentinelle.dz\/index.php\/2025\/04\/23\/face-aux-defis-actuels-le-ministre-de-la-communication-appelle-a-un-front-mediatique-uni\/"},"wordCount":450,"commentCount":0,"publisher":{"@id":"https:\/\/lasentinelle.dz\/#organization"},"image":{"@id":"https:\/\/lasentinelle.dz\/index.php\/2025\/04\/23\/face-aux-defis-actuels-le-ministre-de-la-communication-appelle-a-un-front-mediatique-uni\/#primaryimage"},"thumbnailUrl":"https:\/\/lasentinelle.dz\/wp-content\/uploads\/2025\/04\/meziane.webp","articleSection":["Actualit\u00e9"],"inLanguage":"fr-FR","potentialAction":[{"@type":"CommentAction","name":"Comment","target":["https:\/\/lasentinelle.dz\/index.php\/2025\/04\/23\/face-aux-defis-actuels-le-ministre-de-la-communication-appelle-a-un-front-mediatique-uni\/#respond"]}]},{"@type":"WebPage","@id":"https:\/\/lasentinelle.dz\/index.php\/2025\/04\/23\/face-aux-defis-actuels-le-ministre-de-la-communication-appelle-a-un-front-mediatique-uni\/","url":"https:\/\/lasentinelle.dz\/index.php\/2025\/04\/23\/face-aux-defis-actuels-le-ministre-de-la-communication-appelle-a-un-front-mediatique-uni\/","name":"Face aux d\u00e9fis actuels : Le ministre de la Communication appelle \u00e0 un front m\u00e9diatique uni - La Sentinelle","isPartOf":{"@id":"https:\/\/lasentinelle.dz\/#website"},"primaryImageOfPage":{"@id":"https:\/\/lasentinelle.dz\/index.php\/2025\/04\/23\/face-aux-defis-actuels-le-ministre-de-la-communication-appelle-a-un-front-mediatique-uni\/#primaryimage"},"image":{"@id":"https:\/\/lasentinelle.dz\/index.php\/2025\/04\/23\/face-aux-defis-actuels-le-ministre-de-la-communication-appelle-a-un-front-mediatique-uni\/#primaryimage"},"thumbnailUrl":"https:\/\/lasentinelle.dz\/wp-content\/uploads\/2025\/04\/meziane.webp","datePublished":"2025-04-23T10:52:38+00:00","dateModified":"2025-04-23T10:52:39+00:00","breadcrumb":{"@id":"https:\/\/lasentinelle.dz\/index.php\/2025\/04\/23\/face-aux-defis-actuels-le-ministre-de-la-communication-appelle-a-un-front-mediatique-uni\/#breadcrumb"},"inLanguage":"fr-FR","potentialAction":[{"@type":"ReadAction","target":["https:\/\/lasentinelle.dz\/index.php\/2025\/04\/23\/face-aux-defis-actuels-le-ministre-de-la-communication-appelle-a-un-front-mediatique-uni\/"]}]},{"@type":"ImageObject","inLanguage":"fr-FR","@id":"https:\/\/lasentinelle.dz\/index.php\/2025\/04\/23\/face-aux-defis-actuels-le-ministre-de-la-communication-appelle-a-un-front-mediatique-uni\/#primaryimage","url":"https:\/\/lasentinelle.dz\/wp-content\/uploads\/2025\/04\/meziane.webp","contentUrl":"https:\/\/lasentinelle.dz\/wp-content\/uploads\/2025\/04\/meziane.webp","width":900,"height":675},{"@type":"BreadcrumbList","@id":"https:\/\/lasentinelle.dz\/index.php\/2025\/04\/23\/face-aux-defis-actuels-le-ministre-de-la-communication-appelle-a-un-front-mediatique-uni\/#breadcrumb","itemListElement":[{"@type":"ListItem","position":1,"name":"Accueil","item":"https:\/\/lasentinelle.dz\/"},{"@type":"ListItem","position":2,"name":"Face aux d\u00e9fis actuels : Le ministre de la Communication appelle \u00e0 un front m\u00e9diatique uni"}]},{"@type":"WebSite","@id":"https:\/\/lasentinelle.dz\/#website","url":"https:\/\/lasentinelle.dz\/","name":"La Sentinelle","description":"Quotidien national d&#039;information","publisher":{"@id":"https:\/\/lasentinelle.dz\/#organization"},"potentialAction":[{"@type":"SearchAction","target":{"@type":"EntryPoint","urlTemplate":"https:\/\/lasentinelle.dz\/?s={search_term_string}"},"query-input":{"@type":"PropertyValueSpecification","valueRequired":true,"valueName":"search_term_string"}}],"inLanguage":"fr-FR"},{"@type":"Organization","@id":"https:\/\/lasentinelle.dz\/#organization","name":"Quotidien La Sentinelle","url":"https:\/\/lasentinelle.dz\/","logo":{"@type":"ImageObject","inLanguage":"fr-FR","@id":"https:\/\/lasentinelle.dz\/#\/schema\/logo\/image\/","url":"https:\/\/lasentinelle.dz\/wp-content\/uploads\/2021\/09\/logo-sentinelleSLOGAN-1.png","contentUrl":"https:\/\/lasentinelle.dz\/wp-content\/uploads\/2021\/09\/logo-sentinelleSLOGAN-1.png","width":615,"height":142,"caption":"Quotidien La Sentinelle"},"image":{"@id":"https:\/\/lasentinelle.dz\/#\/schema\/logo\/image\/"},"sameAs":["https:\/\/www.facebook.com\/La-Sentinelle-104059864394773"]},{"@type":"Person","@id":"https:\/\/lasentinelle.dz\/#\/schema\/person\/729ee0024f24e0b8c5ec17232f8e8b41","name":"admin","image":{"@type":"ImageObject","inLanguage":"fr-FR","@id":"https:\/\/secure.gravatar.com\/avatar\/4c81fed838786e9b53f540bf46533e750f5d292099ae3b66cfc6fb1982e29df7?s=96&d=mm&r=g","url":"https:\/\/secure.gravatar.com\/avatar\/4c81fed838786e9b53f540bf46533e750f5d292099ae3b66cfc6fb1982e29df7?s=96&d=mm&r=g","contentUrl":"https:\/\/secure.gravatar.com\/avatar\/4c81fed838786e9b53f540bf46533e750f5d292099ae3b66cfc6fb1982e29df7?s=96&d=mm&r=g","caption":"admin"},"description":"admin","url":"https:\/\/lasentinelle.dz\/author\/admin\/"}]}},"_links":{"self":[{"href":"https:\/\/lasentinelle.dz\/index.php\/wp-json\/wp\/v2\/posts\/66232","targetHints":{"allow":["GET"]}}],"collection":[{"href":"https:\/\/lasentinelle.dz\/index.php\/wp-json\/wp\/v2\/posts"}],"about":[{"href":"https:\/\/lasentinelle.dz\/index.php\/wp-json\/wp\/v2\/types\/post"}],"author":[{"embeddable":true,"href":"https:\/\/lasentinelle.dz\/index.php\/wp-json\/wp\/v2\/users\/6"}],"replies":[{"embeddable":true,"href":"https:\/\/lasentinelle.dz\/index.php\/wp-json\/wp\/v2\/comments?post=66232"}],"version-history":[{"count":1,"href":"https:\/\/lasentinelle.dz\/index.php\/wp-json\/wp\/v2\/posts\/66232\/revisions"}],"predecessor-version":[{"id":66234,"href":"https:\/\/lasentinelle.dz\/index.php\/wp-json\/wp\/v2\/posts\/66232\/revisions\/66234"}],"wp:featuredmedia":[{"embeddable":true,"href":"https:\/\/lasentinelle.dz\/index.php\/wp-json\/wp\/v2\/media\/66233"}],"wp:attachment":[{"href":"https:\/\/lasentinelle.dz\/index.php\/wp-json\/wp\/v2\/media?parent=66232"}],"wp:term":[{"taxonomy":"category","embeddable":true,"href":"https:\/\/lasentinelle.dz\/index.php\/wp-json\/wp\/v2\/categories?post=66232"},{"taxonomy":"post_tag","embeddable":true,"href":"https:\/\/lasentinelle.dz\/index.php\/wp-json\/wp\/v2\/tags?post=66232"}],"curies":[{"name":"wp","href":"https:\/\/api.w.org\/{rel}","templated":true}]}}