{"id":66336,"date":"2025-04-26T12:35:10","date_gmt":"2025-04-26T11:35:10","guid":{"rendered":"https:\/\/lasentinelle.dz\/?p=66336"},"modified":"2025-04-26T12:35:10","modified_gmt":"2025-04-26T11:35:10","slug":"lafrique-du-sud-reaffirme-son-soutien-indefectible-au-droit-du-peuple-sahraoui-a-lautodetermination","status":"publish","type":"post","link":"https:\/\/lasentinelle.dz\/index.php\/2025\/04\/26\/lafrique-du-sud-reaffirme-son-soutien-indefectible-au-droit-du-peuple-sahraoui-a-lautodetermination\/","title":{"rendered":"L&rsquo;Afrique du Sud r\u00e9affirme son soutien ind\u00e9fectible au droit du peuple sahraoui \u00e0 l&rsquo;autod\u00e9termination"},"content":{"rendered":"\n<p class=\"wp-block-paragraph\">&nbsp;Le ministre des Relations internationales et de la Coop\u00e9ration de la R\u00e9publique d&rsquo;Afrique du Sud, Ronald Lamola a r\u00e9affirm\u00e9 jeudi, le soutien ind\u00e9fectible de son pays au droit du peuple sahraoui \u00e0 l&rsquo;autod\u00e9termination. Le chef de la diplomatie sud-africaine s&rsquo;exprimait \u00e0 l&rsquo;occasion d&rsquo;une rencontre d&rsquo;adieu avec l&rsquo;ambassadeur sortant de la R\u00e9publique arabe sahraouie d\u00e9mocratique (RASD) en Afrique du Sud, Yeslem Beissat. \u00ab\u00a0Le ministre Ronald Lamola a rencontr\u00e9 l&rsquo;ambassadeur sortant sahraoui, Yeslem Beissat pour lui exprimer sa gratitude pour son engagement \u00e0 renforcer les liens fraternels et diplomatiques pendant son mandat en Afrique du Sud\u00a0\u00bb, a indiqu\u00e9 un communiqu\u00e9 du minist\u00e8re sud-africain des Relations internationales et de la Coop\u00e9ration. M. Lamola a notamment f\u00e9licit\u00e9 l&rsquo;ambassadeur Beissat pour sa nomination en tant que ministre des Affaires \u00e9trang\u00e8res de la RASD, \u00ab\u00a0r\u00e9affirmant le soutien ind\u00e9fectible de l&rsquo;Afrique du Sud au droit du peuple sahraoui \u00e0 l&rsquo;autod\u00e9termination\u00a0\u00bb, ajoute la m\u00eame source. \u00ab\u00a0L&rsquo;Afrique du Sud demeure in\u00e9branlable dans son appel \u00e0 la fin de l&rsquo;occupation ill\u00e9gale du Sahara occidental (par le Maroc) et exhorte l&rsquo;Union africaine (UA) et la communaut\u00e9 internationale \u00e0 agir en solidarit\u00e9 avec la cause sahraouie\u00a0\u00bb, conclut le communiqu\u00e9.<\/p>\n\n\n\n<p class=\"wp-block-paragraph\">APS<\/p>\n","protected":false},"excerpt":{"rendered":"<p>&nbsp;Le ministre des Relations internationales et de la Coop\u00e9ration de la R\u00e9publique d&rsquo;Afrique du Sud, Ronald Lamola a r\u00e9affirm\u00e9 jeudi,<\/p>\n","protected":false},"author":6,"featured_media":57408,"comment_status":"open","ping_status":"closed","sticky":false,"template":"","format":"standard","meta":{"colormag_page_container_layout":"default_layout","colormag_page_sidebar_layout":"default_layout","om_disable_all_campaigns":false,"_monsterinsights_skip_tracking":false,"footnotes":"","_wpscppro_dont_share_socialmedia":false,"_wpscppro_custom_social_share_image":0,"_facebook_share_type":"default","_twitter_share_type":"default","_linkedin_share_type":"default","_pinterest_share_type":"default","_linkedin_share_type_page":"","_instagram_share_type":"default","_medium_share_type":"default","_threads_share_type":"","_google_business_share_type":"","_bluesky_share_type":"","_mastodon_share_type":"","_selected_social_profile":[],"_wpsp_enable_custom_social_template":false,"_wpsp_social_scheduling":{"enabled":false,"datetime":null,"platforms":[],"status":"template_only","dateOption":"today","timeOption":"now","customDays":"","customHours":"","customDate":"","customTime":"","schedulingType":"absolute"},"_wpsp_active_default_template":true},"categories":[37],"tags":[],"class_list":["post-66336","post","type-post","status-publish","format-standard","has-post-thumbnail","hentry","category-monde"],"aioseo_notices":[],"aioseo_head":"\n\t\t<!-- All in One SEO 5.0.0.1 - aioseo.com -->\n\t<meta name=\"description\" content=\"Le ministre des Relations internationales et de la Coop\u00e9ration de la R\u00e9publique d&#039;Afrique du Sud, Ronald Lamola a r\u00e9affirm\u00e9 jeudi, le soutien ind\u00e9fectible de son pays au droit du peuple sahraoui \u00e0 l&#039;autod\u00e9termination. Le chef de la diplomatie sud-africaine s&#039;exprimait \u00e0 l&#039;occasion d&#039;une rencontre d&#039;adieu avec l&#039;ambassadeur sortant de la R\u00e9publique arabe sahraouie d\u00e9mocratique (RASD)\" \/>\n\t<meta name=\"robots\" content=\"max-image-preview:large\" \/>\n\t<meta name=\"author\" content=\"admin\"\/>\n\t<link rel=\"canonical\" href=\"https:\/\/lasentinelle.dz\/index.php\/2025\/04\/26\/lafrique-du-sud-reaffirme-son-soutien-indefectible-au-droit-du-peuple-sahraoui-a-lautodetermination\/\" \/>\n\t<meta name=\"generator\" content=\"All in One SEO (AIOSEO) 5.0.0.1\" \/>\n\t\t<meta property=\"og:locale\" content=\"fr_FR\" \/>\n\t\t<meta property=\"og:site_name\" content=\"La Sentinelle - Quotidien national d&#039;information\" \/>\n\t\t<meta property=\"og:type\" content=\"article\" \/>\n\t\t<meta property=\"og:title\" content=\"L\u2019Afrique du Sud r\u00e9affirme son soutien ind\u00e9fectible au droit du peuple sahraoui \u00e0 l\u2019autod\u00e9termination - La Sentinelle\" \/>\n\t\t<meta property=\"og:description\" content=\"Le ministre des Relations internationales et de la Coop\u00e9ration de la R\u00e9publique d&#039;Afrique du Sud, Ronald Lamola a r\u00e9affirm\u00e9 jeudi, le soutien ind\u00e9fectible de son pays au droit du peuple sahraoui \u00e0 l&#039;autod\u00e9termination. Le chef de la diplomatie sud-africaine s&#039;exprimait \u00e0 l&#039;occasion d&#039;une rencontre d&#039;adieu avec l&#039;ambassadeur sortant de la R\u00e9publique arabe sahraouie d\u00e9mocratique (RASD)\" \/>\n\t\t<meta property=\"og:url\" content=\"https:\/\/lasentinelle.dz\/index.php\/2025\/04\/26\/lafrique-du-sud-reaffirme-son-soutien-indefectible-au-droit-du-peuple-sahraoui-a-lautodetermination\/\" \/>\n\t\t<meta property=\"og:image\" content=\"https:\/\/lasentinelle.dz\/wp-content\/uploads\/2021\/09\/cropped-la-sentinelle-earth-golden-anima-5.gif\" \/>\n\t\t<meta property=\"og:image:secure_url\" content=\"https:\/\/lasentinelle.dz\/wp-content\/uploads\/2021\/09\/cropped-la-sentinelle-earth-golden-anima-5.gif\" \/>\n\t\t<meta property=\"og:image:width\" content=\"450\" \/>\n\t\t<meta property=\"og:image:height\" content=\"213\" \/>\n\t\t<meta property=\"article:published_time\" content=\"2025-04-26T11:35:10+00:00\" \/>\n\t\t<meta property=\"article:modified_time\" content=\"2025-04-26T11:35:10+00:00\" \/>\n\t\t<meta property=\"article:publisher\" content=\"https:\/\/www.facebook.com\/azzedine.lasentinelle.1\" \/>\n\t\t<meta name=\"twitter:card\" content=\"summary_large_image\" \/>\n\t\t<meta name=\"twitter:title\" content=\"L\u2019Afrique du Sud r\u00e9affirme son soutien ind\u00e9fectible au droit du peuple sahraoui \u00e0 l\u2019autod\u00e9termination - La Sentinelle\" \/>\n\t\t<meta name=\"twitter:description\" content=\"Le ministre des Relations internationales et de la Coop\u00e9ration de la R\u00e9publique d&#039;Afrique du Sud, Ronald Lamola a r\u00e9affirm\u00e9 jeudi, le soutien ind\u00e9fectible de son pays au droit du peuple sahraoui \u00e0 l&#039;autod\u00e9termination. Le chef de la diplomatie sud-africaine s&#039;exprimait \u00e0 l&#039;occasion d&#039;une rencontre d&#039;adieu avec l&#039;ambassadeur sortant de la R\u00e9publique arabe sahraouie d\u00e9mocratique (RASD)\" \/>\n\t\t<meta name=\"twitter:image\" content=\"https:\/\/lasentinelle.dz\/wp-content\/uploads\/2021\/09\/cropped-la-sentinelle-earth-golden-anima-5.gif\" \/>\n\t\t<script type=\"application\/ld+json\" class=\"aioseo-schema\">\n\t\t\t{\"@context\":\"https:\\\/\\\/schema.org\",\"@graph\":[{\"@type\":\"BlogPosting\",\"@id\":\"https:\\\/\\\/lasentinelle.dz\\\/index.php\\\/2025\\\/04\\\/26\\\/lafrique-du-sud-reaffirme-son-soutien-indefectible-au-droit-du-peuple-sahraoui-a-lautodetermination\\\/#blogposting\",\"name\":\"L\\u2019Afrique du Sud r\\u00e9affirme son soutien ind\\u00e9fectible au droit du peuple sahraoui \\u00e0 l\\u2019autod\\u00e9termination - La Sentinelle\",\"headline\":\"L&rsquo;Afrique du Sud r\\u00e9affirme son soutien ind\\u00e9fectible au droit du peuple sahraoui \\u00e0 l&rsquo;autod\\u00e9termination\",\"author\":{\"@id\":\"https:\\\/\\\/lasentinelle.dz\\\/author\\\/admin\\\/#author\"},\"publisher\":{\"@id\":\"https:\\\/\\\/lasentinelle.dz\\\/#organization\"},\"image\":{\"@type\":\"ImageObject\",\"url\":\"https:\\\/\\\/lasentinelle.dz\\\/wp-content\\\/uploads\\\/2024\\\/09\\\/sahara-occidental.jpg\",\"width\":580,\"height\":350},\"datePublished\":\"2025-04-26T12:35:10+01:00\",\"dateModified\":\"2025-04-26T12:35:10+01:00\",\"inLanguage\":\"fr-FR\",\"mainEntityOfPage\":{\"@id\":\"https:\\\/\\\/lasentinelle.dz\\\/index.php\\\/2025\\\/04\\\/26\\\/lafrique-du-sud-reaffirme-son-soutien-indefectible-au-droit-du-peuple-sahraoui-a-lautodetermination\\\/#webpage\"},\"isPartOf\":{\"@id\":\"https:\\\/\\\/lasentinelle.dz\\\/index.php\\\/2025\\\/04\\\/26\\\/lafrique-du-sud-reaffirme-son-soutien-indefectible-au-droit-du-peuple-sahraoui-a-lautodetermination\\\/#webpage\"},\"articleSection\":\"Monde\"},{\"@type\":\"BreadcrumbList\",\"@id\":\"https:\\\/\\\/lasentinelle.dz\\\/index.php\\\/2025\\\/04\\\/26\\\/lafrique-du-sud-reaffirme-son-soutien-indefectible-au-droit-du-peuple-sahraoui-a-lautodetermination\\\/#breadcrumblist\",\"itemListElement\":[{\"@type\":\"ListItem\",\"@id\":\"https:\\\/\\\/lasentinelle.dz#listItem\",\"position\":1,\"name\":\"Home\",\"item\":\"https:\\\/\\\/lasentinelle.dz\",\"nextItem\":{\"@type\":\"ListItem\",\"@id\":\"https:\\\/\\\/lasentinelle.dz\\\/index.php\\\/category\\\/monde\\\/#listItem\",\"name\":\"Monde\"}},{\"@type\":\"ListItem\",\"@id\":\"https:\\\/\\\/lasentinelle.dz\\\/index.php\\\/category\\\/monde\\\/#listItem\",\"position\":2,\"name\":\"Monde\",\"item\":\"https:\\\/\\\/lasentinelle.dz\\\/index.php\\\/category\\\/monde\\\/\",\"nextItem\":{\"@type\":\"ListItem\",\"@id\":\"https:\\\/\\\/lasentinelle.dz\\\/index.php\\\/2025\\\/04\\\/26\\\/lafrique-du-sud-reaffirme-son-soutien-indefectible-au-droit-du-peuple-sahraoui-a-lautodetermination\\\/#listItem\",\"name\":\"L&rsquo;Afrique du Sud r\\u00e9affirme son soutien ind\\u00e9fectible au droit du peuple sahraoui \\u00e0 l&rsquo;autod\\u00e9termination\"},\"previousItem\":{\"@type\":\"ListItem\",\"@id\":\"https:\\\/\\\/lasentinelle.dz#listItem\",\"name\":\"Home\"}},{\"@type\":\"ListItem\",\"@id\":\"https:\\\/\\\/lasentinelle.dz\\\/index.php\\\/2025\\\/04\\\/26\\\/lafrique-du-sud-reaffirme-son-soutien-indefectible-au-droit-du-peuple-sahraoui-a-lautodetermination\\\/#listItem\",\"position\":3,\"name\":\"L&rsquo;Afrique du Sud r\\u00e9affirme son soutien ind\\u00e9fectible au droit du peuple sahraoui \\u00e0 l&rsquo;autod\\u00e9termination\",\"previousItem\":{\"@type\":\"ListItem\",\"@id\":\"https:\\\/\\\/lasentinelle.dz\\\/index.php\\\/category\\\/monde\\\/#listItem\",\"name\":\"Monde\"}}]},{\"@type\":\"Organization\",\"@id\":\"https:\\\/\\\/lasentinelle.dz\\\/#organization\",\"name\":\"La Sentinelle La Sentinelle\",\"description\":\"Quotidien national d'information\",\"url\":\"https:\\\/\\\/lasentinelle.dz\\\/\",\"logo\":{\"@type\":\"ImageObject\",\"url\":\"https:\\\/\\\/lasentinelle.dz\\\/wp-content\\\/uploads\\\/2021\\\/09\\\/cropped-la-sentinelle-earth-golden-anima-5.gif\",\"@id\":\"https:\\\/\\\/lasentinelle.dz\\\/index.php\\\/2025\\\/04\\\/26\\\/lafrique-du-sud-reaffirme-son-soutien-indefectible-au-droit-du-peuple-sahraoui-a-lautodetermination\\\/#organizationLogo\",\"width\":450,\"height\":213},\"image\":{\"@id\":\"https:\\\/\\\/lasentinelle.dz\\\/index.php\\\/2025\\\/04\\\/26\\\/lafrique-du-sud-reaffirme-son-soutien-indefectible-au-droit-du-peuple-sahraoui-a-lautodetermination\\\/#organizationLogo\"},\"sameAs\":[\"https:\\\/\\\/www.facebook.com\\\/azzedine.lasentinelle.1\"]},{\"@type\":\"Person\",\"@id\":\"https:\\\/\\\/lasentinelle.dz\\\/author\\\/admin\\\/#author\",\"url\":\"https:\\\/\\\/lasentinelle.dz\\\/author\\\/admin\\\/\",\"name\":\"admin\",\"image\":{\"@type\":\"ImageObject\",\"@id\":\"https:\\\/\\\/lasentinelle.dz\\\/index.php\\\/2025\\\/04\\\/26\\\/lafrique-du-sud-reaffirme-son-soutien-indefectible-au-droit-du-peuple-sahraoui-a-lautodetermination\\\/#authorImage\",\"url\":\"https:\\\/\\\/secure.gravatar.com\\\/avatar\\\/4c81fed838786e9b53f540bf46533e750f5d292099ae3b66cfc6fb1982e29df7?s=96&d=mm&r=g\",\"width\":96,\"height\":96,\"caption\":\"admin\"}},{\"@type\":\"WebPage\",\"@id\":\"https:\\\/\\\/lasentinelle.dz\\\/index.php\\\/2025\\\/04\\\/26\\\/lafrique-du-sud-reaffirme-son-soutien-indefectible-au-droit-du-peuple-sahraoui-a-lautodetermination\\\/#webpage\",\"url\":\"https:\\\/\\\/lasentinelle.dz\\\/index.php\\\/2025\\\/04\\\/26\\\/lafrique-du-sud-reaffirme-son-soutien-indefectible-au-droit-du-peuple-sahraoui-a-lautodetermination\\\/\",\"name\":\"L\\u2019Afrique du Sud r\\u00e9affirme son soutien ind\\u00e9fectible au droit du peuple sahraoui \\u00e0 l\\u2019autod\\u00e9termination - La Sentinelle\",\"description\":\"Le ministre des Relations internationales et de la Coop\\u00e9ration de la R\\u00e9publique d'Afrique du Sud, Ronald Lamola a r\\u00e9affirm\\u00e9 jeudi, le soutien ind\\u00e9fectible de son pays au droit du peuple sahraoui \\u00e0 l'autod\\u00e9termination. Le chef de la diplomatie sud-africaine s'exprimait \\u00e0 l'occasion d'une rencontre d'adieu avec l'ambassadeur sortant de la R\\u00e9publique arabe sahraouie d\\u00e9mocratique (RASD)\",\"inLanguage\":\"fr-FR\",\"isPartOf\":{\"@id\":\"https:\\\/\\\/lasentinelle.dz\\\/#website\"},\"breadcrumb\":{\"@id\":\"https:\\\/\\\/lasentinelle.dz\\\/index.php\\\/2025\\\/04\\\/26\\\/lafrique-du-sud-reaffirme-son-soutien-indefectible-au-droit-du-peuple-sahraoui-a-lautodetermination\\\/#breadcrumblist\"},\"author\":{\"@id\":\"https:\\\/\\\/lasentinelle.dz\\\/author\\\/admin\\\/#author\"},\"creator\":{\"@id\":\"https:\\\/\\\/lasentinelle.dz\\\/author\\\/admin\\\/#author\"},\"image\":{\"@type\":\"ImageObject\",\"url\":\"https:\\\/\\\/lasentinelle.dz\\\/wp-content\\\/uploads\\\/2024\\\/09\\\/sahara-occidental.jpg\",\"@id\":\"https:\\\/\\\/lasentinelle.dz\\\/index.php\\\/2025\\\/04\\\/26\\\/lafrique-du-sud-reaffirme-son-soutien-indefectible-au-droit-du-peuple-sahraoui-a-lautodetermination\\\/#mainImage\",\"width\":580,\"height\":350},\"primaryImageOfPage\":{\"@id\":\"https:\\\/\\\/lasentinelle.dz\\\/index.php\\\/2025\\\/04\\\/26\\\/lafrique-du-sud-reaffirme-son-soutien-indefectible-au-droit-du-peuple-sahraoui-a-lautodetermination\\\/#mainImage\"},\"datePublished\":\"2025-04-26T12:35:10+01:00\",\"dateModified\":\"2025-04-26T12:35:10+01:00\"},{\"@type\":\"WebSite\",\"@id\":\"https:\\\/\\\/lasentinelle.dz\\\/#website\",\"url\":\"https:\\\/\\\/lasentinelle.dz\\\/\",\"name\":\"La Sentinelle\",\"description\":\"Quotidien national d'information\",\"inLanguage\":\"fr-FR\",\"publisher\":{\"@id\":\"https:\\\/\\\/lasentinelle.dz\\\/#organization\"}}]}\n\t\t<\/script>\n\t\t<!-- All in One SEO -->\n\n","aioseo_head_json":{"title":"L\u2019Afrique du Sud r\u00e9affirme son soutien ind\u00e9fectible au droit du peuple sahraoui \u00e0 l\u2019autod\u00e9termination - La Sentinelle","description":"Le ministre des Relations internationales et de la Coop\u00e9ration de la R\u00e9publique d'Afrique du Sud, Ronald Lamola a r\u00e9affirm\u00e9 jeudi, le soutien ind\u00e9fectible de son pays au droit du peuple sahraoui \u00e0 l'autod\u00e9termination. Le chef de la diplomatie sud-africaine s'exprimait \u00e0 l'occasion d'une rencontre d'adieu avec l'ambassadeur sortant de la R\u00e9publique arabe sahraouie d\u00e9mocratique (RASD)","canonical_url":"https:\/\/lasentinelle.dz\/index.php\/2025\/04\/26\/lafrique-du-sud-reaffirme-son-soutien-indefectible-au-droit-du-peuple-sahraoui-a-lautodetermination\/","robots":"max-image-preview:large","keywords":"","webmasterTools":{"miscellaneous":""},"schema":{"@context":"https:\/\/schema.org","@graph":[{"@type":"BlogPosting","@id":"https:\/\/lasentinelle.dz\/index.php\/2025\/04\/26\/lafrique-du-sud-reaffirme-son-soutien-indefectible-au-droit-du-peuple-sahraoui-a-lautodetermination\/#blogposting","name":"L\u2019Afrique du Sud r\u00e9affirme son soutien ind\u00e9fectible au droit du peuple sahraoui \u00e0 l\u2019autod\u00e9termination - La Sentinelle","headline":"L&rsquo;Afrique du Sud r\u00e9affirme son soutien ind\u00e9fectible au droit du peuple sahraoui \u00e0 l&rsquo;autod\u00e9termination","author":{"@id":"https:\/\/lasentinelle.dz\/author\/admin\/#author"},"publisher":{"@id":"https:\/\/lasentinelle.dz\/#organization"},"image":{"@type":"ImageObject","url":"https:\/\/lasentinelle.dz\/wp-content\/uploads\/2024\/09\/sahara-occidental.jpg","width":580,"height":350},"datePublished":"2025-04-26T12:35:10+01:00","dateModified":"2025-04-26T12:35:10+01:00","inLanguage":"fr-FR","mainEntityOfPage":{"@id":"https:\/\/lasentinelle.dz\/index.php\/2025\/04\/26\/lafrique-du-sud-reaffirme-son-soutien-indefectible-au-droit-du-peuple-sahraoui-a-lautodetermination\/#webpage"},"isPartOf":{"@id":"https:\/\/lasentinelle.dz\/index.php\/2025\/04\/26\/lafrique-du-sud-reaffirme-son-soutien-indefectible-au-droit-du-peuple-sahraoui-a-lautodetermination\/#webpage"},"articleSection":"Monde"},{"@type":"BreadcrumbList","@id":"https:\/\/lasentinelle.dz\/index.php\/2025\/04\/26\/lafrique-du-sud-reaffirme-son-soutien-indefectible-au-droit-du-peuple-sahraoui-a-lautodetermination\/#breadcrumblist","itemListElement":[{"@type":"ListItem","@id":"https:\/\/lasentinelle.dz#listItem","position":1,"name":"Home","item":"https:\/\/lasentinelle.dz","nextItem":{"@type":"ListItem","@id":"https:\/\/lasentinelle.dz\/index.php\/category\/monde\/#listItem","name":"Monde"}},{"@type":"ListItem","@id":"https:\/\/lasentinelle.dz\/index.php\/category\/monde\/#listItem","position":2,"name":"Monde","item":"https:\/\/lasentinelle.dz\/index.php\/category\/monde\/","nextItem":{"@type":"ListItem","@id":"https:\/\/lasentinelle.dz\/index.php\/2025\/04\/26\/lafrique-du-sud-reaffirme-son-soutien-indefectible-au-droit-du-peuple-sahraoui-a-lautodetermination\/#listItem","name":"L&rsquo;Afrique du Sud r\u00e9affirme son soutien ind\u00e9fectible au droit du peuple sahraoui \u00e0 l&rsquo;autod\u00e9termination"},"previousItem":{"@type":"ListItem","@id":"https:\/\/lasentinelle.dz#listItem","name":"Home"}},{"@type":"ListItem","@id":"https:\/\/lasentinelle.dz\/index.php\/2025\/04\/26\/lafrique-du-sud-reaffirme-son-soutien-indefectible-au-droit-du-peuple-sahraoui-a-lautodetermination\/#listItem","position":3,"name":"L&rsquo;Afrique du Sud r\u00e9affirme son soutien ind\u00e9fectible au droit du peuple sahraoui \u00e0 l&rsquo;autod\u00e9termination","previousItem":{"@type":"ListItem","@id":"https:\/\/lasentinelle.dz\/index.php\/category\/monde\/#listItem","name":"Monde"}}]},{"@type":"Organization","@id":"https:\/\/lasentinelle.dz\/#organization","name":"La Sentinelle La Sentinelle","description":"Quotidien national d'information","url":"https:\/\/lasentinelle.dz\/","logo":{"@type":"ImageObject","url":"https:\/\/lasentinelle.dz\/wp-content\/uploads\/2021\/09\/cropped-la-sentinelle-earth-golden-anima-5.gif","@id":"https:\/\/lasentinelle.dz\/index.php\/2025\/04\/26\/lafrique-du-sud-reaffirme-son-soutien-indefectible-au-droit-du-peuple-sahraoui-a-lautodetermination\/#organizationLogo","width":450,"height":213},"image":{"@id":"https:\/\/lasentinelle.dz\/index.php\/2025\/04\/26\/lafrique-du-sud-reaffirme-son-soutien-indefectible-au-droit-du-peuple-sahraoui-a-lautodetermination\/#organizationLogo"},"sameAs":["https:\/\/www.facebook.com\/azzedine.lasentinelle.1"]},{"@type":"Person","@id":"https:\/\/lasentinelle.dz\/author\/admin\/#author","url":"https:\/\/lasentinelle.dz\/author\/admin\/","name":"admin","image":{"@type":"ImageObject","@id":"https:\/\/lasentinelle.dz\/index.php\/2025\/04\/26\/lafrique-du-sud-reaffirme-son-soutien-indefectible-au-droit-du-peuple-sahraoui-a-lautodetermination\/#authorImage","url":"https:\/\/secure.gravatar.com\/avatar\/4c81fed838786e9b53f540bf46533e750f5d292099ae3b66cfc6fb1982e29df7?s=96&d=mm&r=g","width":96,"height":96,"caption":"admin"}},{"@type":"WebPage","@id":"https:\/\/lasentinelle.dz\/index.php\/2025\/04\/26\/lafrique-du-sud-reaffirme-son-soutien-indefectible-au-droit-du-peuple-sahraoui-a-lautodetermination\/#webpage","url":"https:\/\/lasentinelle.dz\/index.php\/2025\/04\/26\/lafrique-du-sud-reaffirme-son-soutien-indefectible-au-droit-du-peuple-sahraoui-a-lautodetermination\/","name":"L\u2019Afrique du Sud r\u00e9affirme son soutien ind\u00e9fectible au droit du peuple sahraoui \u00e0 l\u2019autod\u00e9termination - La Sentinelle","description":"Le ministre des Relations internationales et de la Coop\u00e9ration de la R\u00e9publique d'Afrique du Sud, Ronald Lamola a r\u00e9affirm\u00e9 jeudi, le soutien ind\u00e9fectible de son pays au droit du peuple sahraoui \u00e0 l'autod\u00e9termination. Le chef de la diplomatie sud-africaine s'exprimait \u00e0 l'occasion d'une rencontre d'adieu avec l'ambassadeur sortant de la R\u00e9publique arabe sahraouie d\u00e9mocratique (RASD)","inLanguage":"fr-FR","isPartOf":{"@id":"https:\/\/lasentinelle.dz\/#website"},"breadcrumb":{"@id":"https:\/\/lasentinelle.dz\/index.php\/2025\/04\/26\/lafrique-du-sud-reaffirme-son-soutien-indefectible-au-droit-du-peuple-sahraoui-a-lautodetermination\/#breadcrumblist"},"author":{"@id":"https:\/\/lasentinelle.dz\/author\/admin\/#author"},"creator":{"@id":"https:\/\/lasentinelle.dz\/author\/admin\/#author"},"image":{"@type":"ImageObject","url":"https:\/\/lasentinelle.dz\/wp-content\/uploads\/2024\/09\/sahara-occidental.jpg","@id":"https:\/\/lasentinelle.dz\/index.php\/2025\/04\/26\/lafrique-du-sud-reaffirme-son-soutien-indefectible-au-droit-du-peuple-sahraoui-a-lautodetermination\/#mainImage","width":580,"height":350},"primaryImageOfPage":{"@id":"https:\/\/lasentinelle.dz\/index.php\/2025\/04\/26\/lafrique-du-sud-reaffirme-son-soutien-indefectible-au-droit-du-peuple-sahraoui-a-lautodetermination\/#mainImage"},"datePublished":"2025-04-26T12:35:10+01:00","dateModified":"2025-04-26T12:35:10+01:00"},{"@type":"WebSite","@id":"https:\/\/lasentinelle.dz\/#website","url":"https:\/\/lasentinelle.dz\/","name":"La Sentinelle","description":"Quotidien national d'information","inLanguage":"fr-FR","publisher":{"@id":"https:\/\/lasentinelle.dz\/#organization"}}]},"og:locale":"fr_FR","og:site_name":"La Sentinelle - Quotidien national d'information","og:type":"article","og:title":"L\u2019Afrique du Sud r\u00e9affirme son soutien ind\u00e9fectible au droit du peuple sahraoui \u00e0 l\u2019autod\u00e9termination - La Sentinelle","og:description":"Le ministre des Relations internationales et de la Coop\u00e9ration de la R\u00e9publique d'Afrique du Sud, Ronald Lamola a r\u00e9affirm\u00e9 jeudi, le soutien ind\u00e9fectible de son pays au droit du peuple sahraoui \u00e0 l'autod\u00e9termination. Le chef de la diplomatie sud-africaine s'exprimait \u00e0 l'occasion d'une rencontre d'adieu avec l'ambassadeur sortant de la R\u00e9publique arabe sahraouie d\u00e9mocratique (RASD)","og:url":"https:\/\/lasentinelle.dz\/index.php\/2025\/04\/26\/lafrique-du-sud-reaffirme-son-soutien-indefectible-au-droit-du-peuple-sahraoui-a-lautodetermination\/","og:image":"https:\/\/lasentinelle.dz\/wp-content\/uploads\/2021\/09\/cropped-la-sentinelle-earth-golden-anima-5.gif","og:image:secure_url":"https:\/\/lasentinelle.dz\/wp-content\/uploads\/2021\/09\/cropped-la-sentinelle-earth-golden-anima-5.gif","og:image:width":450,"og:image:height":213,"article:published_time":"2025-04-26T11:35:10+00:00","article:modified_time":"2025-04-26T11:35:10+00:00","article:publisher":"https:\/\/www.facebook.com\/azzedine.lasentinelle.1","twitter:card":"summary_large_image","twitter:title":"L\u2019Afrique du Sud r\u00e9affirme son soutien ind\u00e9fectible au droit du peuple sahraoui \u00e0 l\u2019autod\u00e9termination - La Sentinelle","twitter:description":"Le ministre des Relations internationales et de la Coop\u00e9ration de la R\u00e9publique d'Afrique du Sud, Ronald Lamola a r\u00e9affirm\u00e9 jeudi, le soutien ind\u00e9fectible de son pays au droit du peuple sahraoui \u00e0 l'autod\u00e9termination. Le chef de la diplomatie sud-africaine s'exprimait \u00e0 l'occasion d'une rencontre d'adieu avec l'ambassadeur sortant de la R\u00e9publique arabe sahraouie d\u00e9mocratique (RASD)","twitter:image":"https:\/\/lasentinelle.dz\/wp-content\/uploads\/2021\/09\/cropped-la-sentinelle-earth-golden-anima-5.gif"},"aioseo_meta_data":{"post_id":"66336","title":null,"description":null,"keywords":null,"keyphrases":null,"primary_term":null,"canonical_url":null,"og_title":null,"og_description":null,"og_object_type":"default","og_image_type":"default","og_image_url":null,"og_image_width":null,"og_image_height":null,"og_image_custom_url":null,"og_image_custom_fields":null,"og_video":null,"og_custom_url":null,"og_article_section":null,"og_article_tags":null,"twitter_use_og":false,"twitter_card":"default","twitter_image_type":"default","twitter_image_url":null,"twitter_image_custom_url":null,"twitter_image_custom_fields":null,"twitter_title":null,"twitter_description":null,"schema":{"blockGraphs":[],"customGraphs":[],"default":{"data":{"Article":[],"Course":[],"Dataset":[],"FAQPage":[],"Movie":[],"Person":[],"Product":[],"ProductReview":[],"Car":[],"Recipe":[],"Service":[],"SoftwareApplication":[],"WebPage":[]},"graphName":"","isEnabled":true},"graphs":[]},"schema_type":"default","schema_type_options":null,"pillar_content":false,"robots_default":true,"robots_noindex":false,"robots_noarchive":false,"robots_nosnippet":false,"robots_nofollow":false,"robots_noimageindex":false,"robots_noodp":false,"robots_notranslate":false,"robots_max_snippet":null,"robots_max_videopreview":null,"robots_max_imagepreview":"large","priority":null,"frequency":null,"local_seo":null,"breadcrumb_settings":null,"limit_modified_date":false,"ai":null,"created":"2026-05-11 16:40:05","updated":"2026-05-11 16:40:05","focus_keyword":null,"additional_keywords":null,"truseo_locale":null,"seo_analyzer_scan_date":null},"aioseo_breadcrumb":"<div class=\"aioseo-breadcrumbs\"><span class=\"aioseo-breadcrumb\">\n\t\t\t<a href=\"https:\/\/lasentinelle.dz\" title=\"Home\">Home<\/a>\n\t\t<\/span><span class=\"aioseo-breadcrumb-separator\">&raquo;<\/span><span class=\"aioseo-breadcrumb\">\n\t\t\t<a href=\"https:\/\/lasentinelle.dz\/index.php\/category\/monde\/\" title=\"Monde\">Monde<\/a>\n\t\t<\/span><span class=\"aioseo-breadcrumb-separator\">&raquo;<\/span><span class=\"aioseo-breadcrumb\">\n\t\t\tL\u2019Afrique du Sud r\u00e9affirme son soutien ind\u00e9fectible au droit du peuple sahraoui \u00e0 l\u2019autod\u00e9termination\n\t\t<\/span><\/div>","aioseo_breadcrumb_json":[{"label":"Home","link":"https:\/\/lasentinelle.dz"},{"label":"Monde","link":"https:\/\/lasentinelle.dz\/index.php\/category\/monde\/"},{"label":"L&rsquo;Afrique du Sud r\u00e9affirme son soutien ind\u00e9fectible au droit du peuple sahraoui \u00e0 l&rsquo;autod\u00e9termination","link":"https:\/\/lasentinelle.dz\/index.php\/2025\/04\/26\/lafrique-du-sud-reaffirme-son-soutien-indefectible-au-droit-du-peuple-sahraoui-a-lautodetermination\/"}],"yoast_head":"<!-- This site is optimized with the Yoast SEO plugin v28.3 - https:\/\/yoast.com\/product\/yoast-seo-wordpress\/ -->\n<title>L&rsquo;Afrique du Sud r\u00e9affirme son soutien ind\u00e9fectible au droit du peuple sahraoui \u00e0 l&rsquo;autod\u00e9termination - La Sentinelle<\/title>\n<meta name=\"robots\" content=\"index, follow, max-snippet:-1, max-image-preview:large, max-video-preview:-1\" \/>\n<link rel=\"canonical\" href=\"https:\/\/lasentinelle.dz\/index.php\/2025\/04\/26\/lafrique-du-sud-reaffirme-son-soutien-indefectible-au-droit-du-peuple-sahraoui-a-lautodetermination\/\" \/>\n<meta property=\"og:locale\" content=\"fr_FR\" \/>\n<meta property=\"og:type\" content=\"article\" \/>\n<meta property=\"og:title\" content=\"L&rsquo;Afrique du Sud r\u00e9affirme son soutien ind\u00e9fectible au droit du peuple sahraoui \u00e0 l&rsquo;autod\u00e9termination - La Sentinelle\" \/>\n<meta property=\"og:description\" content=\"&nbsp;Le ministre des Relations internationales et de la Coop\u00e9ration de la R\u00e9publique d&rsquo;Afrique du Sud, Ronald Lamola a r\u00e9affirm\u00e9 jeudi,\" \/>\n<meta property=\"og:url\" content=\"https:\/\/lasentinelle.dz\/index.php\/2025\/04\/26\/lafrique-du-sud-reaffirme-son-soutien-indefectible-au-droit-du-peuple-sahraoui-a-lautodetermination\/\" \/>\n<meta property=\"og:site_name\" content=\"La Sentinelle\" \/>\n<meta property=\"article:publisher\" content=\"https:\/\/www.facebook.com\/La-Sentinelle-104059864394773\" \/>\n<meta property=\"article:published_time\" content=\"2025-04-26T11:35:10+00:00\" \/>\n<meta property=\"og:image\" content=\"https:\/\/lasentinelle.dz\/wp-content\/uploads\/2024\/09\/sahara-occidental.jpg\" \/>\n\t<meta property=\"og:image:width\" content=\"580\" \/>\n\t<meta property=\"og:image:height\" content=\"350\" \/>\n\t<meta property=\"og:image:type\" content=\"image\/jpeg\" \/>\n<meta name=\"author\" content=\"admin\" \/>\n<meta name=\"twitter:card\" content=\"summary_large_image\" \/>\n<meta name=\"twitter:label1\" content=\"\u00c9crit par\" \/>\n\t<meta name=\"twitter:data1\" content=\"admin\" \/>\n\t<meta name=\"twitter:label2\" content=\"Dur\u00e9e de lecture estim\u00e9e\" \/>\n\t<meta name=\"twitter:data2\" content=\"2 minutes\" \/>\n<script type=\"application\/ld+json\" class=\"yoast-schema-graph\">{\"@context\":\"https:\\\/\\\/schema.org\",\"@graph\":[{\"@type\":\"Article\",\"@id\":\"https:\\\/\\\/lasentinelle.dz\\\/index.php\\\/2025\\\/04\\\/26\\\/lafrique-du-sud-reaffirme-son-soutien-indefectible-au-droit-du-peuple-sahraoui-a-lautodetermination\\\/#article\",\"isPartOf\":{\"@id\":\"https:\\\/\\\/lasentinelle.dz\\\/index.php\\\/2025\\\/04\\\/26\\\/lafrique-du-sud-reaffirme-son-soutien-indefectible-au-droit-du-peuple-sahraoui-a-lautodetermination\\\/\"},\"author\":{\"name\":\"admin\",\"@id\":\"https:\\\/\\\/lasentinelle.dz\\\/#\\\/schema\\\/person\\\/729ee0024f24e0b8c5ec17232f8e8b41\"},\"headline\":\"L&rsquo;Afrique du Sud r\u00e9affirme son soutien ind\u00e9fectible au droit du peuple sahraoui \u00e0 l&rsquo;autod\u00e9termination\",\"datePublished\":\"2025-04-26T11:35:10+00:00\",\"mainEntityOfPage\":{\"@id\":\"https:\\\/\\\/lasentinelle.dz\\\/index.php\\\/2025\\\/04\\\/26\\\/lafrique-du-sud-reaffirme-son-soutien-indefectible-au-droit-du-peuple-sahraoui-a-lautodetermination\\\/\"},\"wordCount\":234,\"commentCount\":0,\"publisher\":{\"@id\":\"https:\\\/\\\/lasentinelle.dz\\\/#organization\"},\"image\":{\"@id\":\"https:\\\/\\\/lasentinelle.dz\\\/index.php\\\/2025\\\/04\\\/26\\\/lafrique-du-sud-reaffirme-son-soutien-indefectible-au-droit-du-peuple-sahraoui-a-lautodetermination\\\/#primaryimage\"},\"thumbnailUrl\":\"https:\\\/\\\/lasentinelle.dz\\\/wp-content\\\/uploads\\\/2024\\\/09\\\/sahara-occidental.jpg\",\"articleSection\":[\"Monde\"],\"inLanguage\":\"fr-FR\",\"potentialAction\":[{\"@type\":\"CommentAction\",\"name\":\"Comment\",\"target\":[\"https:\\\/\\\/lasentinelle.dz\\\/index.php\\\/2025\\\/04\\\/26\\\/lafrique-du-sud-reaffirme-son-soutien-indefectible-au-droit-du-peuple-sahraoui-a-lautodetermination\\\/#respond\"]}]},{\"@type\":\"WebPage\",\"@id\":\"https:\\\/\\\/lasentinelle.dz\\\/index.php\\\/2025\\\/04\\\/26\\\/lafrique-du-sud-reaffirme-son-soutien-indefectible-au-droit-du-peuple-sahraoui-a-lautodetermination\\\/\",\"url\":\"https:\\\/\\\/lasentinelle.dz\\\/index.php\\\/2025\\\/04\\\/26\\\/lafrique-du-sud-reaffirme-son-soutien-indefectible-au-droit-du-peuple-sahraoui-a-lautodetermination\\\/\",\"name\":\"L&rsquo;Afrique du Sud r\u00e9affirme son soutien ind\u00e9fectible au droit du peuple sahraoui \u00e0 l&rsquo;autod\u00e9termination - La Sentinelle\",\"isPartOf\":{\"@id\":\"https:\\\/\\\/lasentinelle.dz\\\/#website\"},\"primaryImageOfPage\":{\"@id\":\"https:\\\/\\\/lasentinelle.dz\\\/index.php\\\/2025\\\/04\\\/26\\\/lafrique-du-sud-reaffirme-son-soutien-indefectible-au-droit-du-peuple-sahraoui-a-lautodetermination\\\/#primaryimage\"},\"image\":{\"@id\":\"https:\\\/\\\/lasentinelle.dz\\\/index.php\\\/2025\\\/04\\\/26\\\/lafrique-du-sud-reaffirme-son-soutien-indefectible-au-droit-du-peuple-sahraoui-a-lautodetermination\\\/#primaryimage\"},\"thumbnailUrl\":\"https:\\\/\\\/lasentinelle.dz\\\/wp-content\\\/uploads\\\/2024\\\/09\\\/sahara-occidental.jpg\",\"datePublished\":\"2025-04-26T11:35:10+00:00\",\"breadcrumb\":{\"@id\":\"https:\\\/\\\/lasentinelle.dz\\\/index.php\\\/2025\\\/04\\\/26\\\/lafrique-du-sud-reaffirme-son-soutien-indefectible-au-droit-du-peuple-sahraoui-a-lautodetermination\\\/#breadcrumb\"},\"inLanguage\":\"fr-FR\",\"potentialAction\":[{\"@type\":\"ReadAction\",\"target\":[\"https:\\\/\\\/lasentinelle.dz\\\/index.php\\\/2025\\\/04\\\/26\\\/lafrique-du-sud-reaffirme-son-soutien-indefectible-au-droit-du-peuple-sahraoui-a-lautodetermination\\\/\"]}]},{\"@type\":\"ImageObject\",\"inLanguage\":\"fr-FR\",\"@id\":\"https:\\\/\\\/lasentinelle.dz\\\/index.php\\\/2025\\\/04\\\/26\\\/lafrique-du-sud-reaffirme-son-soutien-indefectible-au-droit-du-peuple-sahraoui-a-lautodetermination\\\/#primaryimage\",\"url\":\"https:\\\/\\\/lasentinelle.dz\\\/wp-content\\\/uploads\\\/2024\\\/09\\\/sahara-occidental.jpg\",\"contentUrl\":\"https:\\\/\\\/lasentinelle.dz\\\/wp-content\\\/uploads\\\/2024\\\/09\\\/sahara-occidental.jpg\",\"width\":580,\"height\":350},{\"@type\":\"BreadcrumbList\",\"@id\":\"https:\\\/\\\/lasentinelle.dz\\\/index.php\\\/2025\\\/04\\\/26\\\/lafrique-du-sud-reaffirme-son-soutien-indefectible-au-droit-du-peuple-sahraoui-a-lautodetermination\\\/#breadcrumb\",\"itemListElement\":[{\"@type\":\"ListItem\",\"position\":1,\"name\":\"Accueil\",\"item\":\"https:\\\/\\\/lasentinelle.dz\\\/\"},{\"@type\":\"ListItem\",\"position\":2,\"name\":\"L&rsquo;Afrique du Sud r\u00e9affirme son soutien ind\u00e9fectible au droit du peuple sahraoui \u00e0 l&rsquo;autod\u00e9termination\"}]},{\"@type\":\"WebSite\",\"@id\":\"https:\\\/\\\/lasentinelle.dz\\\/#website\",\"url\":\"https:\\\/\\\/lasentinelle.dz\\\/\",\"name\":\"La Sentinelle\",\"description\":\"Quotidien national d&#039;information\",\"publisher\":{\"@id\":\"https:\\\/\\\/lasentinelle.dz\\\/#organization\"},\"potentialAction\":[{\"@type\":\"SearchAction\",\"target\":{\"@type\":\"EntryPoint\",\"urlTemplate\":\"https:\\\/\\\/lasentinelle.dz\\\/?s={search_term_string}\"},\"query-input\":{\"@type\":\"PropertyValueSpecification\",\"valueRequired\":true,\"valueName\":\"search_term_string\"}}],\"inLanguage\":\"fr-FR\"},{\"@type\":\"Organization\",\"@id\":\"https:\\\/\\\/lasentinelle.dz\\\/#organization\",\"name\":\"Quotidien La Sentinelle\",\"url\":\"https:\\\/\\\/lasentinelle.dz\\\/\",\"logo\":{\"@type\":\"ImageObject\",\"inLanguage\":\"fr-FR\",\"@id\":\"https:\\\/\\\/lasentinelle.dz\\\/#\\\/schema\\\/logo\\\/image\\\/\",\"url\":\"https:\\\/\\\/lasentinelle.dz\\\/wp-content\\\/uploads\\\/2021\\\/09\\\/logo-sentinelleSLOGAN-1.png\",\"contentUrl\":\"https:\\\/\\\/lasentinelle.dz\\\/wp-content\\\/uploads\\\/2021\\\/09\\\/logo-sentinelleSLOGAN-1.png\",\"width\":615,\"height\":142,\"caption\":\"Quotidien La Sentinelle\"},\"image\":{\"@id\":\"https:\\\/\\\/lasentinelle.dz\\\/#\\\/schema\\\/logo\\\/image\\\/\"},\"sameAs\":[\"https:\\\/\\\/www.facebook.com\\\/La-Sentinelle-104059864394773\"]},{\"@type\":\"Person\",\"@id\":\"https:\\\/\\\/lasentinelle.dz\\\/#\\\/schema\\\/person\\\/729ee0024f24e0b8c5ec17232f8e8b41\",\"name\":\"admin\",\"image\":{\"@type\":\"ImageObject\",\"inLanguage\":\"fr-FR\",\"@id\":\"https:\\\/\\\/secure.gravatar.com\\\/avatar\\\/4c81fed838786e9b53f540bf46533e750f5d292099ae3b66cfc6fb1982e29df7?s=96&d=mm&r=g\",\"url\":\"https:\\\/\\\/secure.gravatar.com\\\/avatar\\\/4c81fed838786e9b53f540bf46533e750f5d292099ae3b66cfc6fb1982e29df7?s=96&d=mm&r=g\",\"contentUrl\":\"https:\\\/\\\/secure.gravatar.com\\\/avatar\\\/4c81fed838786e9b53f540bf46533e750f5d292099ae3b66cfc6fb1982e29df7?s=96&d=mm&r=g\",\"caption\":\"admin\"},\"description\":\"admin\",\"url\":\"https:\\\/\\\/lasentinelle.dz\\\/author\\\/admin\\\/\"}]}<\/script>\n<!-- \/ Yoast SEO plugin. -->","yoast_head_json":{"title":"L&rsquo;Afrique du Sud r\u00e9affirme son soutien ind\u00e9fectible au droit du peuple sahraoui \u00e0 l&rsquo;autod\u00e9termination - La Sentinelle","robots":{"index":"index","follow":"follow","max-snippet":"max-snippet:-1","max-image-preview":"max-image-preview:large","max-video-preview":"max-video-preview:-1"},"canonical":"https:\/\/lasentinelle.dz\/index.php\/2025\/04\/26\/lafrique-du-sud-reaffirme-son-soutien-indefectible-au-droit-du-peuple-sahraoui-a-lautodetermination\/","og_locale":"fr_FR","og_type":"article","og_title":"L&rsquo;Afrique du Sud r\u00e9affirme son soutien ind\u00e9fectible au droit du peuple sahraoui \u00e0 l&rsquo;autod\u00e9termination - La Sentinelle","og_description":"&nbsp;Le ministre des Relations internationales et de la Coop\u00e9ration de la R\u00e9publique d&rsquo;Afrique du Sud, Ronald Lamola a r\u00e9affirm\u00e9 jeudi,","og_url":"https:\/\/lasentinelle.dz\/index.php\/2025\/04\/26\/lafrique-du-sud-reaffirme-son-soutien-indefectible-au-droit-du-peuple-sahraoui-a-lautodetermination\/","og_site_name":"La Sentinelle","article_publisher":"https:\/\/www.facebook.com\/La-Sentinelle-104059864394773","article_published_time":"2025-04-26T11:35:10+00:00","og_image":[{"width":580,"height":350,"url":"https:\/\/lasentinelle.dz\/wp-content\/uploads\/2024\/09\/sahara-occidental.jpg","type":"image\/jpeg"}],"author":"admin","twitter_card":"summary_large_image","twitter_misc":{"\u00c9crit par":"admin","Dur\u00e9e de lecture estim\u00e9e":"2 minutes"},"schema":{"@context":"https:\/\/schema.org","@graph":[{"@type":"Article","@id":"https:\/\/lasentinelle.dz\/index.php\/2025\/04\/26\/lafrique-du-sud-reaffirme-son-soutien-indefectible-au-droit-du-peuple-sahraoui-a-lautodetermination\/#article","isPartOf":{"@id":"https:\/\/lasentinelle.dz\/index.php\/2025\/04\/26\/lafrique-du-sud-reaffirme-son-soutien-indefectible-au-droit-du-peuple-sahraoui-a-lautodetermination\/"},"author":{"name":"admin","@id":"https:\/\/lasentinelle.dz\/#\/schema\/person\/729ee0024f24e0b8c5ec17232f8e8b41"},"headline":"L&rsquo;Afrique du Sud r\u00e9affirme son soutien ind\u00e9fectible au droit du peuple sahraoui \u00e0 l&rsquo;autod\u00e9termination","datePublished":"2025-04-26T11:35:10+00:00","mainEntityOfPage":{"@id":"https:\/\/lasentinelle.dz\/index.php\/2025\/04\/26\/lafrique-du-sud-reaffirme-son-soutien-indefectible-au-droit-du-peuple-sahraoui-a-lautodetermination\/"},"wordCount":234,"commentCount":0,"publisher":{"@id":"https:\/\/lasentinelle.dz\/#organization"},"image":{"@id":"https:\/\/lasentinelle.dz\/index.php\/2025\/04\/26\/lafrique-du-sud-reaffirme-son-soutien-indefectible-au-droit-du-peuple-sahraoui-a-lautodetermination\/#primaryimage"},"thumbnailUrl":"https:\/\/lasentinelle.dz\/wp-content\/uploads\/2024\/09\/sahara-occidental.jpg","articleSection":["Monde"],"inLanguage":"fr-FR","potentialAction":[{"@type":"CommentAction","name":"Comment","target":["https:\/\/lasentinelle.dz\/index.php\/2025\/04\/26\/lafrique-du-sud-reaffirme-son-soutien-indefectible-au-droit-du-peuple-sahraoui-a-lautodetermination\/#respond"]}]},{"@type":"WebPage","@id":"https:\/\/lasentinelle.dz\/index.php\/2025\/04\/26\/lafrique-du-sud-reaffirme-son-soutien-indefectible-au-droit-du-peuple-sahraoui-a-lautodetermination\/","url":"https:\/\/lasentinelle.dz\/index.php\/2025\/04\/26\/lafrique-du-sud-reaffirme-son-soutien-indefectible-au-droit-du-peuple-sahraoui-a-lautodetermination\/","name":"L&rsquo;Afrique du Sud r\u00e9affirme son soutien ind\u00e9fectible au droit du peuple sahraoui \u00e0 l&rsquo;autod\u00e9termination - La Sentinelle","isPartOf":{"@id":"https:\/\/lasentinelle.dz\/#website"},"primaryImageOfPage":{"@id":"https:\/\/lasentinelle.dz\/index.php\/2025\/04\/26\/lafrique-du-sud-reaffirme-son-soutien-indefectible-au-droit-du-peuple-sahraoui-a-lautodetermination\/#primaryimage"},"image":{"@id":"https:\/\/lasentinelle.dz\/index.php\/2025\/04\/26\/lafrique-du-sud-reaffirme-son-soutien-indefectible-au-droit-du-peuple-sahraoui-a-lautodetermination\/#primaryimage"},"thumbnailUrl":"https:\/\/lasentinelle.dz\/wp-content\/uploads\/2024\/09\/sahara-occidental.jpg","datePublished":"2025-04-26T11:35:10+00:00","breadcrumb":{"@id":"https:\/\/lasentinelle.dz\/index.php\/2025\/04\/26\/lafrique-du-sud-reaffirme-son-soutien-indefectible-au-droit-du-peuple-sahraoui-a-lautodetermination\/#breadcrumb"},"inLanguage":"fr-FR","potentialAction":[{"@type":"ReadAction","target":["https:\/\/lasentinelle.dz\/index.php\/2025\/04\/26\/lafrique-du-sud-reaffirme-son-soutien-indefectible-au-droit-du-peuple-sahraoui-a-lautodetermination\/"]}]},{"@type":"ImageObject","inLanguage":"fr-FR","@id":"https:\/\/lasentinelle.dz\/index.php\/2025\/04\/26\/lafrique-du-sud-reaffirme-son-soutien-indefectible-au-droit-du-peuple-sahraoui-a-lautodetermination\/#primaryimage","url":"https:\/\/lasentinelle.dz\/wp-content\/uploads\/2024\/09\/sahara-occidental.jpg","contentUrl":"https:\/\/lasentinelle.dz\/wp-content\/uploads\/2024\/09\/sahara-occidental.jpg","width":580,"height":350},{"@type":"BreadcrumbList","@id":"https:\/\/lasentinelle.dz\/index.php\/2025\/04\/26\/lafrique-du-sud-reaffirme-son-soutien-indefectible-au-droit-du-peuple-sahraoui-a-lautodetermination\/#breadcrumb","itemListElement":[{"@type":"ListItem","position":1,"name":"Accueil","item":"https:\/\/lasentinelle.dz\/"},{"@type":"ListItem","position":2,"name":"L&rsquo;Afrique du Sud r\u00e9affirme son soutien ind\u00e9fectible au droit du peuple sahraoui \u00e0 l&rsquo;autod\u00e9termination"}]},{"@type":"WebSite","@id":"https:\/\/lasentinelle.dz\/#website","url":"https:\/\/lasentinelle.dz\/","name":"La Sentinelle","description":"Quotidien national d&#039;information","publisher":{"@id":"https:\/\/lasentinelle.dz\/#organization"},"potentialAction":[{"@type":"SearchAction","target":{"@type":"EntryPoint","urlTemplate":"https:\/\/lasentinelle.dz\/?s={search_term_string}"},"query-input":{"@type":"PropertyValueSpecification","valueRequired":true,"valueName":"search_term_string"}}],"inLanguage":"fr-FR"},{"@type":"Organization","@id":"https:\/\/lasentinelle.dz\/#organization","name":"Quotidien La Sentinelle","url":"https:\/\/lasentinelle.dz\/","logo":{"@type":"ImageObject","inLanguage":"fr-FR","@id":"https:\/\/lasentinelle.dz\/#\/schema\/logo\/image\/","url":"https:\/\/lasentinelle.dz\/wp-content\/uploads\/2021\/09\/logo-sentinelleSLOGAN-1.png","contentUrl":"https:\/\/lasentinelle.dz\/wp-content\/uploads\/2021\/09\/logo-sentinelleSLOGAN-1.png","width":615,"height":142,"caption":"Quotidien La Sentinelle"},"image":{"@id":"https:\/\/lasentinelle.dz\/#\/schema\/logo\/image\/"},"sameAs":["https:\/\/www.facebook.com\/La-Sentinelle-104059864394773"]},{"@type":"Person","@id":"https:\/\/lasentinelle.dz\/#\/schema\/person\/729ee0024f24e0b8c5ec17232f8e8b41","name":"admin","image":{"@type":"ImageObject","inLanguage":"fr-FR","@id":"https:\/\/secure.gravatar.com\/avatar\/4c81fed838786e9b53f540bf46533e750f5d292099ae3b66cfc6fb1982e29df7?s=96&d=mm&r=g","url":"https:\/\/secure.gravatar.com\/avatar\/4c81fed838786e9b53f540bf46533e750f5d292099ae3b66cfc6fb1982e29df7?s=96&d=mm&r=g","contentUrl":"https:\/\/secure.gravatar.com\/avatar\/4c81fed838786e9b53f540bf46533e750f5d292099ae3b66cfc6fb1982e29df7?s=96&d=mm&r=g","caption":"admin"},"description":"admin","url":"https:\/\/lasentinelle.dz\/author\/admin\/"}]}},"_links":{"self":[{"href":"https:\/\/lasentinelle.dz\/index.php\/wp-json\/wp\/v2\/posts\/66336","targetHints":{"allow":["GET"]}}],"collection":[{"href":"https:\/\/lasentinelle.dz\/index.php\/wp-json\/wp\/v2\/posts"}],"about":[{"href":"https:\/\/lasentinelle.dz\/index.php\/wp-json\/wp\/v2\/types\/post"}],"author":[{"embeddable":true,"href":"https:\/\/lasentinelle.dz\/index.php\/wp-json\/wp\/v2\/users\/6"}],"replies":[{"embeddable":true,"href":"https:\/\/lasentinelle.dz\/index.php\/wp-json\/wp\/v2\/comments?post=66336"}],"version-history":[{"count":2,"href":"https:\/\/lasentinelle.dz\/index.php\/wp-json\/wp\/v2\/posts\/66336\/revisions"}],"predecessor-version":[{"id":66338,"href":"https:\/\/lasentinelle.dz\/index.php\/wp-json\/wp\/v2\/posts\/66336\/revisions\/66338"}],"wp:featuredmedia":[{"embeddable":true,"href":"https:\/\/lasentinelle.dz\/index.php\/wp-json\/wp\/v2\/media\/57408"}],"wp:attachment":[{"href":"https:\/\/lasentinelle.dz\/index.php\/wp-json\/wp\/v2\/media?parent=66336"}],"wp:term":[{"taxonomy":"category","embeddable":true,"href":"https:\/\/lasentinelle.dz\/index.php\/wp-json\/wp\/v2\/categories?post=66336"},{"taxonomy":"post_tag","embeddable":true,"href":"https:\/\/lasentinelle.dz\/index.php\/wp-json\/wp\/v2\/tags?post=66336"}],"curies":[{"name":"wp","href":"https:\/\/api.w.org\/{rel}","templated":true}]}}