{"id":6640,"date":"2021-09-06T00:05:00","date_gmt":"2021-09-05T23:05:00","guid":{"rendered":"https:\/\/lasentinelle.dz\/?p=6640"},"modified":"2021-09-05T18:37:46","modified_gmt":"2021-09-05T17:37:46","slug":"apres-laccueil-honteux-reserve-aux-athletes-paralympiques-benabderrahmane-limoge-le-sg-et-le-dgs-du-mjs","status":"publish","type":"post","link":"https:\/\/lasentinelle.dz\/index.php\/2021\/09\/06\/apres-laccueil-honteux-reserve-aux-athletes-paralympiques-benabderrahmane-limoge-le-sg-et-le-dgs-du-mjs\/","title":{"rendered":"Apr\u00e8s l\u2019accueil honteux r\u00e9serv\u00e9 aux athl\u00e8tes paralympiques: Benabderrahmane limoge le SG et le DGS du MJS"},"content":{"rendered":"\n<p><\/p>\n\n\n\n<p>Les propos tenus, hier matin, par le ministre de la Jeunesse et des Sports, Abderrezak Sebgag, dans sa premi\u00e8re conf\u00e9rence de presse depuis son arriv\u00e9e \u00e0 la t\u00eate du secteur, laissaient pr\u00e9sager des changements dans son d\u00e9partement.<\/p>\n\n\n\n<p>Le successeur de Sid Ali Khaldi a dress\u00e9 un tableau noir de la situation actuelle du sport national, qui avance, selon ses dires, \u00e0 reculons. Et ces changements n\u2019ont pas tard\u00e9 \u00e0 venir, puisque quelques heures plus tard,&nbsp; le Premier ministre, A\u00efmene Benabderrahmane a d\u00e9cid\u00e9 de mettre mis fin aux fonctions du Secr\u00e9taire g\u00e9n\u00e9ral (SG) du MJS, Nassim Sbia, ainsi que le directeur g\u00e9n\u00e9ral des Sports (DGS) au m\u00eame minist\u00e8re, Mohamed Djeraoui, \u00ab\u00a0pour n\u00e9gligence dans l&rsquo;accomplissement de leurs missions et manquement \u00e0 l&rsquo;obligation de l&rsquo;accueil des athl\u00e8tes, apr\u00e8s leur participation aux Jeux paralympiques \u00e0 Tokyo (Japon) \u00bb. C\u2019est ce qu\u2019a indiqu\u00e9 un communiqu\u00e9 rendu public par les services du Premier minist\u00e8re. \u00ab\u00a0Suite \u00e0 la n\u00e9gligence dans l&rsquo;accomplissement des missions, \u00e0 l&rsquo;absence du sens des responsabilit\u00e9s et au manquement \u00e0 l&rsquo;obligation de l&rsquo;accueil des athl\u00e8tes, apr\u00e8s leur participation aux jeux paralympiques, et sur ordre du Pr\u00e9sident de la R\u00e9publique, M. Abdelmadjid Tebboune, le Premier ministre, ministre des Finances, A\u00efmene Benabderrahmane a mis dimanche fin aux fonctions du Secr\u00e9taire g\u00e9n\u00e9ral du minist\u00e8re de la Jeunesse et des sports et du directeur g\u00e9n\u00e9ral des Sports au m\u00eame minist\u00e8re, avec poursuite de l&rsquo;enqu\u00eate afin de demander des comptes \u00e0 chaque responsable impliqu\u00e9 dans cet incident \u00bb, pr\u00e9cise le communiqu\u00e9. Arriv\u00e9s vendredi \u00e0 l\u2019a\u00e9roport Houari Boumedi\u00e8ne, les premiers athl\u00e8tes ayant clos leur participation au rendez-vous de Tokyo ont trouv\u00e9 un simple un simple bus mis \u00e0 leur disposition, eux qui, pourtant, ont port\u00e9 tr\u00e8s haut le drapeau alg\u00e9rien au pays nippon. Le directeur de l\u2019organisation sportive aupr\u00e8s de le F\u00e9d\u00e9ration alg\u00e9rienne handisport, Mansour Ait Sa\u00efd, a pouss\u00e9 un coup de gueule, en d\u00e9non\u00e7ant une discrimination des athl\u00e8tes paralympiques. Il avait appel\u00e9 le pr\u00e9sident de la R\u00e9publique \u00e0 intervenir, ce qui n\u2019a pas tard\u00e9 \u00e0 avoir lieu. D\u2019autres responsables devraient sauter, apprend-on, dans les heures \u00e0 venir, surtout que Sebgag s\u2019est montr\u00e9 ferme, en indiquant que chacun doit, d\u00e9sormais, assumer ses responsabilit\u00e9s.<\/p>\n\n\n\n<p>Abderrahim Mahious&nbsp;<\/p>\n","protected":false},"excerpt":{"rendered":"<p>Les propos tenus, hier matin, par le ministre de la Jeunesse et des Sports, Abderrezak Sebgag, dans sa premi\u00e8re conf\u00e9rence<\/p>\n","protected":false},"author":3,"featured_media":6660,"comment_status":"open","ping_status":"closed","sticky":false,"template":"","format":"standard","meta":{"colormag_page_container_layout":"default_layout","colormag_page_sidebar_layout":"default_layout","om_disable_all_campaigns":false,"_monsterinsights_skip_tracking":false,"_monsterinsights_sitenote_active":false,"_monsterinsights_sitenote_note":"","_monsterinsights_sitenote_category":0,"footnotes":"","_wpscppro_dont_share_socialmedia":false,"_wpscppro_custom_social_share_image":0,"_facebook_share_type":"","_twitter_share_type":"","_linkedin_share_type":"","_pinterest_share_type":"","_linkedin_share_type_page":"","_instagram_share_type":"","_medium_share_type":"","_threads_share_type":"","_google_business_share_type":"","_selected_social_profile":[],"_wpsp_enable_custom_social_template":false,"_wpsp_social_scheduling":{"enabled":false,"datetime":null,"platforms":[],"status":"template_only","dateOption":"today","timeOption":"now","customDays":"","customHours":"","customDate":"","customTime":"","schedulingType":"absolute"},"_wpsp_active_default_template":true},"categories":[52,27],"tags":[],"class_list":["post-6640","post","type-post","status-publish","format-standard","has-post-thumbnail","hentry","category-a-la-une","category-actualite"],"aioseo_notices":[],"yoast_head":"<!-- This site is optimized with the Yoast SEO plugin v27.5 - https:\/\/yoast.com\/product\/yoast-seo-wordpress\/ -->\n<title>Apr\u00e8s l\u2019accueil honteux r\u00e9serv\u00e9 aux athl\u00e8tes paralympiques: Benabderrahmane limoge le SG et le DGS du MJS - La Sentinelle<\/title>\n<meta name=\"robots\" content=\"index, follow, max-snippet:-1, max-image-preview:large, max-video-preview:-1\" \/>\n<link rel=\"canonical\" href=\"https:\/\/lasentinelle.dz\/index.php\/2021\/09\/06\/apres-laccueil-honteux-reserve-aux-athletes-paralympiques-benabderrahmane-limoge-le-sg-et-le-dgs-du-mjs\/\" \/>\n<meta property=\"og:locale\" content=\"fr_FR\" \/>\n<meta property=\"og:type\" content=\"article\" \/>\n<meta property=\"og:title\" content=\"Apr\u00e8s l\u2019accueil honteux r\u00e9serv\u00e9 aux athl\u00e8tes paralympiques: Benabderrahmane limoge le SG et le DGS du MJS - La Sentinelle\" \/>\n<meta property=\"og:description\" content=\"Les propos tenus, hier matin, par le ministre de la Jeunesse et des Sports, Abderrezak Sebgag, dans sa premi\u00e8re conf\u00e9rence\" \/>\n<meta property=\"og:url\" content=\"https:\/\/lasentinelle.dz\/index.php\/2021\/09\/06\/apres-laccueil-honteux-reserve-aux-athletes-paralympiques-benabderrahmane-limoge-le-sg-et-le-dgs-du-mjs\/\" \/>\n<meta property=\"og:site_name\" content=\"La Sentinelle\" \/>\n<meta property=\"article:publisher\" content=\"https:\/\/www.facebook.com\/La-Sentinelle-104059864394773\" \/>\n<meta property=\"article:published_time\" content=\"2021-09-05T23:05:00+00:00\" \/>\n<meta property=\"og:image\" content=\"https:\/\/lasentinelle.dz\/wp-content\/uploads\/2021\/09\/benabderrahmane-senat-1.jpeg\" \/>\n\t<meta property=\"og:image:width\" content=\"600\" \/>\n\t<meta property=\"og:image:height\" content=\"400\" \/>\n\t<meta property=\"og:image:type\" content=\"image\/jpeg\" \/>\n<meta name=\"author\" content=\"La Sentinelle\" \/>\n<meta name=\"twitter:card\" content=\"summary_large_image\" \/>\n<meta name=\"twitter:label1\" content=\"\u00c9crit par\" \/>\n\t<meta name=\"twitter:data1\" content=\"La Sentinelle\" \/>\n\t<meta name=\"twitter:label2\" content=\"Dur\u00e9e de lecture estim\u00e9e\" \/>\n\t<meta name=\"twitter:data2\" content=\"2 minutes\" \/>\n<script type=\"application\/ld+json\" class=\"yoast-schema-graph\">{\"@context\":\"https:\\\/\\\/schema.org\",\"@graph\":[{\"@type\":\"Article\",\"@id\":\"https:\\\/\\\/lasentinelle.dz\\\/index.php\\\/2021\\\/09\\\/06\\\/apres-laccueil-honteux-reserve-aux-athletes-paralympiques-benabderrahmane-limoge-le-sg-et-le-dgs-du-mjs\\\/#article\",\"isPartOf\":{\"@id\":\"https:\\\/\\\/lasentinelle.dz\\\/index.php\\\/2021\\\/09\\\/06\\\/apres-laccueil-honteux-reserve-aux-athletes-paralympiques-benabderrahmane-limoge-le-sg-et-le-dgs-du-mjs\\\/\"},\"author\":{\"name\":\"La Sentinelle\",\"@id\":\"https:\\\/\\\/lasentinelle.dz\\\/#\\\/schema\\\/person\\\/d865044e22e70a75174ce8bcad3acfb3\"},\"headline\":\"Apr\u00e8s l\u2019accueil honteux r\u00e9serv\u00e9 aux athl\u00e8tes paralympiques: Benabderrahmane limoge le SG et le DGS du MJS\",\"datePublished\":\"2021-09-05T23:05:00+00:00\",\"mainEntityOfPage\":{\"@id\":\"https:\\\/\\\/lasentinelle.dz\\\/index.php\\\/2021\\\/09\\\/06\\\/apres-laccueil-honteux-reserve-aux-athletes-paralympiques-benabderrahmane-limoge-le-sg-et-le-dgs-du-mjs\\\/\"},\"wordCount\":431,\"commentCount\":0,\"publisher\":{\"@id\":\"https:\\\/\\\/lasentinelle.dz\\\/#organization\"},\"image\":{\"@id\":\"https:\\\/\\\/lasentinelle.dz\\\/index.php\\\/2021\\\/09\\\/06\\\/apres-laccueil-honteux-reserve-aux-athletes-paralympiques-benabderrahmane-limoge-le-sg-et-le-dgs-du-mjs\\\/#primaryimage\"},\"thumbnailUrl\":\"https:\\\/\\\/lasentinelle.dz\\\/wp-content\\\/uploads\\\/2021\\\/09\\\/benabderrahmane-senat-1.jpeg\",\"articleSection\":[\"\u00c0 la Une\",\"Actualit\u00e9\"],\"inLanguage\":\"fr-FR\",\"potentialAction\":[{\"@type\":\"CommentAction\",\"name\":\"Comment\",\"target\":[\"https:\\\/\\\/lasentinelle.dz\\\/index.php\\\/2021\\\/09\\\/06\\\/apres-laccueil-honteux-reserve-aux-athletes-paralympiques-benabderrahmane-limoge-le-sg-et-le-dgs-du-mjs\\\/#respond\"]}]},{\"@type\":\"WebPage\",\"@id\":\"https:\\\/\\\/lasentinelle.dz\\\/index.php\\\/2021\\\/09\\\/06\\\/apres-laccueil-honteux-reserve-aux-athletes-paralympiques-benabderrahmane-limoge-le-sg-et-le-dgs-du-mjs\\\/\",\"url\":\"https:\\\/\\\/lasentinelle.dz\\\/index.php\\\/2021\\\/09\\\/06\\\/apres-laccueil-honteux-reserve-aux-athletes-paralympiques-benabderrahmane-limoge-le-sg-et-le-dgs-du-mjs\\\/\",\"name\":\"Apr\u00e8s l\u2019accueil honteux r\u00e9serv\u00e9 aux athl\u00e8tes paralympiques: Benabderrahmane limoge le SG et le DGS du MJS - La Sentinelle\",\"isPartOf\":{\"@id\":\"https:\\\/\\\/lasentinelle.dz\\\/#website\"},\"primaryImageOfPage\":{\"@id\":\"https:\\\/\\\/lasentinelle.dz\\\/index.php\\\/2021\\\/09\\\/06\\\/apres-laccueil-honteux-reserve-aux-athletes-paralympiques-benabderrahmane-limoge-le-sg-et-le-dgs-du-mjs\\\/#primaryimage\"},\"image\":{\"@id\":\"https:\\\/\\\/lasentinelle.dz\\\/index.php\\\/2021\\\/09\\\/06\\\/apres-laccueil-honteux-reserve-aux-athletes-paralympiques-benabderrahmane-limoge-le-sg-et-le-dgs-du-mjs\\\/#primaryimage\"},\"thumbnailUrl\":\"https:\\\/\\\/lasentinelle.dz\\\/wp-content\\\/uploads\\\/2021\\\/09\\\/benabderrahmane-senat-1.jpeg\",\"datePublished\":\"2021-09-05T23:05:00+00:00\",\"breadcrumb\":{\"@id\":\"https:\\\/\\\/lasentinelle.dz\\\/index.php\\\/2021\\\/09\\\/06\\\/apres-laccueil-honteux-reserve-aux-athletes-paralympiques-benabderrahmane-limoge-le-sg-et-le-dgs-du-mjs\\\/#breadcrumb\"},\"inLanguage\":\"fr-FR\",\"potentialAction\":[{\"@type\":\"ReadAction\",\"target\":[\"https:\\\/\\\/lasentinelle.dz\\\/index.php\\\/2021\\\/09\\\/06\\\/apres-laccueil-honteux-reserve-aux-athletes-paralympiques-benabderrahmane-limoge-le-sg-et-le-dgs-du-mjs\\\/\"]}]},{\"@type\":\"ImageObject\",\"inLanguage\":\"fr-FR\",\"@id\":\"https:\\\/\\\/lasentinelle.dz\\\/index.php\\\/2021\\\/09\\\/06\\\/apres-laccueil-honteux-reserve-aux-athletes-paralympiques-benabderrahmane-limoge-le-sg-et-le-dgs-du-mjs\\\/#primaryimage\",\"url\":\"https:\\\/\\\/lasentinelle.dz\\\/wp-content\\\/uploads\\\/2021\\\/09\\\/benabderrahmane-senat-1.jpeg\",\"contentUrl\":\"https:\\\/\\\/lasentinelle.dz\\\/wp-content\\\/uploads\\\/2021\\\/09\\\/benabderrahmane-senat-1.jpeg\",\"width\":600,\"height\":400},{\"@type\":\"BreadcrumbList\",\"@id\":\"https:\\\/\\\/lasentinelle.dz\\\/index.php\\\/2021\\\/09\\\/06\\\/apres-laccueil-honteux-reserve-aux-athletes-paralympiques-benabderrahmane-limoge-le-sg-et-le-dgs-du-mjs\\\/#breadcrumb\",\"itemListElement\":[{\"@type\":\"ListItem\",\"position\":1,\"name\":\"Accueil\",\"item\":\"https:\\\/\\\/lasentinelle.dz\\\/\"},{\"@type\":\"ListItem\",\"position\":2,\"name\":\"Apr\u00e8s l\u2019accueil honteux r\u00e9serv\u00e9 aux athl\u00e8tes paralympiques: Benabderrahmane limoge le SG et le DGS du MJS\"}]},{\"@type\":\"WebSite\",\"@id\":\"https:\\\/\\\/lasentinelle.dz\\\/#website\",\"url\":\"https:\\\/\\\/lasentinelle.dz\\\/\",\"name\":\"La Sentinelle\",\"description\":\"Quotidien national d&#039;information\",\"publisher\":{\"@id\":\"https:\\\/\\\/lasentinelle.dz\\\/#organization\"},\"potentialAction\":[{\"@type\":\"SearchAction\",\"target\":{\"@type\":\"EntryPoint\",\"urlTemplate\":\"https:\\\/\\\/lasentinelle.dz\\\/?s={search_term_string}\"},\"query-input\":{\"@type\":\"PropertyValueSpecification\",\"valueRequired\":true,\"valueName\":\"search_term_string\"}}],\"inLanguage\":\"fr-FR\"},{\"@type\":\"Organization\",\"@id\":\"https:\\\/\\\/lasentinelle.dz\\\/#organization\",\"name\":\"Quotidien La Sentinelle\",\"url\":\"https:\\\/\\\/lasentinelle.dz\\\/\",\"logo\":{\"@type\":\"ImageObject\",\"inLanguage\":\"fr-FR\",\"@id\":\"https:\\\/\\\/lasentinelle.dz\\\/#\\\/schema\\\/logo\\\/image\\\/\",\"url\":\"https:\\\/\\\/lasentinelle.dz\\\/wp-content\\\/uploads\\\/2021\\\/09\\\/logo-sentinelleSLOGAN-1.png\",\"contentUrl\":\"https:\\\/\\\/lasentinelle.dz\\\/wp-content\\\/uploads\\\/2021\\\/09\\\/logo-sentinelleSLOGAN-1.png\",\"width\":615,\"height\":142,\"caption\":\"Quotidien La Sentinelle\"},\"image\":{\"@id\":\"https:\\\/\\\/lasentinelle.dz\\\/#\\\/schema\\\/logo\\\/image\\\/\"},\"sameAs\":[\"https:\\\/\\\/www.facebook.com\\\/La-Sentinelle-104059864394773\"]},{\"@type\":\"Person\",\"@id\":\"https:\\\/\\\/lasentinelle.dz\\\/#\\\/schema\\\/person\\\/d865044e22e70a75174ce8bcad3acfb3\",\"name\":\"La Sentinelle\",\"image\":{\"@type\":\"ImageObject\",\"inLanguage\":\"fr-FR\",\"@id\":\"https:\\\/\\\/secure.gravatar.com\\\/avatar\\\/57de8e5d4b15d43fb361a71fbb36338450fe67865b528a43dd10ef7c51a20392?s=96&d=mm&r=g\",\"url\":\"https:\\\/\\\/secure.gravatar.com\\\/avatar\\\/57de8e5d4b15d43fb361a71fbb36338450fe67865b528a43dd10ef7c51a20392?s=96&d=mm&r=g\",\"contentUrl\":\"https:\\\/\\\/secure.gravatar.com\\\/avatar\\\/57de8e5d4b15d43fb361a71fbb36338450fe67865b528a43dd10ef7c51a20392?s=96&d=mm&r=g\",\"caption\":\"La Sentinelle\"},\"sameAs\":[\"http:\\\/\\\/www.lasentinelle.dz\"],\"url\":\"https:\\\/\\\/lasentinelle.dz\\\/author\\\/redaction\\\/\"}]}<\/script>\n<!-- \/ Yoast SEO plugin. -->","yoast_head_json":{"title":"Apr\u00e8s l\u2019accueil honteux r\u00e9serv\u00e9 aux athl\u00e8tes paralympiques: Benabderrahmane limoge le SG et le DGS du MJS - La Sentinelle","robots":{"index":"index","follow":"follow","max-snippet":"max-snippet:-1","max-image-preview":"max-image-preview:large","max-video-preview":"max-video-preview:-1"},"canonical":"https:\/\/lasentinelle.dz\/index.php\/2021\/09\/06\/apres-laccueil-honteux-reserve-aux-athletes-paralympiques-benabderrahmane-limoge-le-sg-et-le-dgs-du-mjs\/","og_locale":"fr_FR","og_type":"article","og_title":"Apr\u00e8s l\u2019accueil honteux r\u00e9serv\u00e9 aux athl\u00e8tes paralympiques: Benabderrahmane limoge le SG et le DGS du MJS - La Sentinelle","og_description":"Les propos tenus, hier matin, par le ministre de la Jeunesse et des Sports, Abderrezak Sebgag, dans sa premi\u00e8re conf\u00e9rence","og_url":"https:\/\/lasentinelle.dz\/index.php\/2021\/09\/06\/apres-laccueil-honteux-reserve-aux-athletes-paralympiques-benabderrahmane-limoge-le-sg-et-le-dgs-du-mjs\/","og_site_name":"La Sentinelle","article_publisher":"https:\/\/www.facebook.com\/La-Sentinelle-104059864394773","article_published_time":"2021-09-05T23:05:00+00:00","og_image":[{"width":600,"height":400,"url":"https:\/\/lasentinelle.dz\/wp-content\/uploads\/2021\/09\/benabderrahmane-senat-1.jpeg","type":"image\/jpeg"}],"author":"La Sentinelle","twitter_card":"summary_large_image","twitter_misc":{"\u00c9crit par":"La Sentinelle","Dur\u00e9e de lecture estim\u00e9e":"2 minutes"},"schema":{"@context":"https:\/\/schema.org","@graph":[{"@type":"Article","@id":"https:\/\/lasentinelle.dz\/index.php\/2021\/09\/06\/apres-laccueil-honteux-reserve-aux-athletes-paralympiques-benabderrahmane-limoge-le-sg-et-le-dgs-du-mjs\/#article","isPartOf":{"@id":"https:\/\/lasentinelle.dz\/index.php\/2021\/09\/06\/apres-laccueil-honteux-reserve-aux-athletes-paralympiques-benabderrahmane-limoge-le-sg-et-le-dgs-du-mjs\/"},"author":{"name":"La Sentinelle","@id":"https:\/\/lasentinelle.dz\/#\/schema\/person\/d865044e22e70a75174ce8bcad3acfb3"},"headline":"Apr\u00e8s l\u2019accueil honteux r\u00e9serv\u00e9 aux athl\u00e8tes paralympiques: Benabderrahmane limoge le SG et le DGS du MJS","datePublished":"2021-09-05T23:05:00+00:00","mainEntityOfPage":{"@id":"https:\/\/lasentinelle.dz\/index.php\/2021\/09\/06\/apres-laccueil-honteux-reserve-aux-athletes-paralympiques-benabderrahmane-limoge-le-sg-et-le-dgs-du-mjs\/"},"wordCount":431,"commentCount":0,"publisher":{"@id":"https:\/\/lasentinelle.dz\/#organization"},"image":{"@id":"https:\/\/lasentinelle.dz\/index.php\/2021\/09\/06\/apres-laccueil-honteux-reserve-aux-athletes-paralympiques-benabderrahmane-limoge-le-sg-et-le-dgs-du-mjs\/#primaryimage"},"thumbnailUrl":"https:\/\/lasentinelle.dz\/wp-content\/uploads\/2021\/09\/benabderrahmane-senat-1.jpeg","articleSection":["\u00c0 la Une","Actualit\u00e9"],"inLanguage":"fr-FR","potentialAction":[{"@type":"CommentAction","name":"Comment","target":["https:\/\/lasentinelle.dz\/index.php\/2021\/09\/06\/apres-laccueil-honteux-reserve-aux-athletes-paralympiques-benabderrahmane-limoge-le-sg-et-le-dgs-du-mjs\/#respond"]}]},{"@type":"WebPage","@id":"https:\/\/lasentinelle.dz\/index.php\/2021\/09\/06\/apres-laccueil-honteux-reserve-aux-athletes-paralympiques-benabderrahmane-limoge-le-sg-et-le-dgs-du-mjs\/","url":"https:\/\/lasentinelle.dz\/index.php\/2021\/09\/06\/apres-laccueil-honteux-reserve-aux-athletes-paralympiques-benabderrahmane-limoge-le-sg-et-le-dgs-du-mjs\/","name":"Apr\u00e8s l\u2019accueil honteux r\u00e9serv\u00e9 aux athl\u00e8tes paralympiques: Benabderrahmane limoge le SG et le DGS du MJS - La Sentinelle","isPartOf":{"@id":"https:\/\/lasentinelle.dz\/#website"},"primaryImageOfPage":{"@id":"https:\/\/lasentinelle.dz\/index.php\/2021\/09\/06\/apres-laccueil-honteux-reserve-aux-athletes-paralympiques-benabderrahmane-limoge-le-sg-et-le-dgs-du-mjs\/#primaryimage"},"image":{"@id":"https:\/\/lasentinelle.dz\/index.php\/2021\/09\/06\/apres-laccueil-honteux-reserve-aux-athletes-paralympiques-benabderrahmane-limoge-le-sg-et-le-dgs-du-mjs\/#primaryimage"},"thumbnailUrl":"https:\/\/lasentinelle.dz\/wp-content\/uploads\/2021\/09\/benabderrahmane-senat-1.jpeg","datePublished":"2021-09-05T23:05:00+00:00","breadcrumb":{"@id":"https:\/\/lasentinelle.dz\/index.php\/2021\/09\/06\/apres-laccueil-honteux-reserve-aux-athletes-paralympiques-benabderrahmane-limoge-le-sg-et-le-dgs-du-mjs\/#breadcrumb"},"inLanguage":"fr-FR","potentialAction":[{"@type":"ReadAction","target":["https:\/\/lasentinelle.dz\/index.php\/2021\/09\/06\/apres-laccueil-honteux-reserve-aux-athletes-paralympiques-benabderrahmane-limoge-le-sg-et-le-dgs-du-mjs\/"]}]},{"@type":"ImageObject","inLanguage":"fr-FR","@id":"https:\/\/lasentinelle.dz\/index.php\/2021\/09\/06\/apres-laccueil-honteux-reserve-aux-athletes-paralympiques-benabderrahmane-limoge-le-sg-et-le-dgs-du-mjs\/#primaryimage","url":"https:\/\/lasentinelle.dz\/wp-content\/uploads\/2021\/09\/benabderrahmane-senat-1.jpeg","contentUrl":"https:\/\/lasentinelle.dz\/wp-content\/uploads\/2021\/09\/benabderrahmane-senat-1.jpeg","width":600,"height":400},{"@type":"BreadcrumbList","@id":"https:\/\/lasentinelle.dz\/index.php\/2021\/09\/06\/apres-laccueil-honteux-reserve-aux-athletes-paralympiques-benabderrahmane-limoge-le-sg-et-le-dgs-du-mjs\/#breadcrumb","itemListElement":[{"@type":"ListItem","position":1,"name":"Accueil","item":"https:\/\/lasentinelle.dz\/"},{"@type":"ListItem","position":2,"name":"Apr\u00e8s l\u2019accueil honteux r\u00e9serv\u00e9 aux athl\u00e8tes paralympiques: Benabderrahmane limoge le SG et le DGS du MJS"}]},{"@type":"WebSite","@id":"https:\/\/lasentinelle.dz\/#website","url":"https:\/\/lasentinelle.dz\/","name":"La Sentinelle","description":"Quotidien national d&#039;information","publisher":{"@id":"https:\/\/lasentinelle.dz\/#organization"},"potentialAction":[{"@type":"SearchAction","target":{"@type":"EntryPoint","urlTemplate":"https:\/\/lasentinelle.dz\/?s={search_term_string}"},"query-input":{"@type":"PropertyValueSpecification","valueRequired":true,"valueName":"search_term_string"}}],"inLanguage":"fr-FR"},{"@type":"Organization","@id":"https:\/\/lasentinelle.dz\/#organization","name":"Quotidien La Sentinelle","url":"https:\/\/lasentinelle.dz\/","logo":{"@type":"ImageObject","inLanguage":"fr-FR","@id":"https:\/\/lasentinelle.dz\/#\/schema\/logo\/image\/","url":"https:\/\/lasentinelle.dz\/wp-content\/uploads\/2021\/09\/logo-sentinelleSLOGAN-1.png","contentUrl":"https:\/\/lasentinelle.dz\/wp-content\/uploads\/2021\/09\/logo-sentinelleSLOGAN-1.png","width":615,"height":142,"caption":"Quotidien La Sentinelle"},"image":{"@id":"https:\/\/lasentinelle.dz\/#\/schema\/logo\/image\/"},"sameAs":["https:\/\/www.facebook.com\/La-Sentinelle-104059864394773"]},{"@type":"Person","@id":"https:\/\/lasentinelle.dz\/#\/schema\/person\/d865044e22e70a75174ce8bcad3acfb3","name":"La Sentinelle","image":{"@type":"ImageObject","inLanguage":"fr-FR","@id":"https:\/\/secure.gravatar.com\/avatar\/57de8e5d4b15d43fb361a71fbb36338450fe67865b528a43dd10ef7c51a20392?s=96&d=mm&r=g","url":"https:\/\/secure.gravatar.com\/avatar\/57de8e5d4b15d43fb361a71fbb36338450fe67865b528a43dd10ef7c51a20392?s=96&d=mm&r=g","contentUrl":"https:\/\/secure.gravatar.com\/avatar\/57de8e5d4b15d43fb361a71fbb36338450fe67865b528a43dd10ef7c51a20392?s=96&d=mm&r=g","caption":"La Sentinelle"},"sameAs":["http:\/\/www.lasentinelle.dz"],"url":"https:\/\/lasentinelle.dz\/author\/redaction\/"}]}},"_links":{"self":[{"href":"https:\/\/lasentinelle.dz\/index.php\/wp-json\/wp\/v2\/posts\/6640","targetHints":{"allow":["GET"]}}],"collection":[{"href":"https:\/\/lasentinelle.dz\/index.php\/wp-json\/wp\/v2\/posts"}],"about":[{"href":"https:\/\/lasentinelle.dz\/index.php\/wp-json\/wp\/v2\/types\/post"}],"author":[{"embeddable":true,"href":"https:\/\/lasentinelle.dz\/index.php\/wp-json\/wp\/v2\/users\/3"}],"replies":[{"embeddable":true,"href":"https:\/\/lasentinelle.dz\/index.php\/wp-json\/wp\/v2\/comments?post=6640"}],"version-history":[{"count":1,"href":"https:\/\/lasentinelle.dz\/index.php\/wp-json\/wp\/v2\/posts\/6640\/revisions"}],"predecessor-version":[{"id":6661,"href":"https:\/\/lasentinelle.dz\/index.php\/wp-json\/wp\/v2\/posts\/6640\/revisions\/6661"}],"wp:featuredmedia":[{"embeddable":true,"href":"https:\/\/lasentinelle.dz\/index.php\/wp-json\/wp\/v2\/media\/6660"}],"wp:attachment":[{"href":"https:\/\/lasentinelle.dz\/index.php\/wp-json\/wp\/v2\/media?parent=6640"}],"wp:term":[{"taxonomy":"category","embeddable":true,"href":"https:\/\/lasentinelle.dz\/index.php\/wp-json\/wp\/v2\/categories?post=6640"},{"taxonomy":"post_tag","embeddable":true,"href":"https:\/\/lasentinelle.dz\/index.php\/wp-json\/wp\/v2\/tags?post=6640"}],"curies":[{"name":"wp","href":"https:\/\/api.w.org\/{rel}","templated":true}]}}