{"id":66407,"date":"2025-04-26T12:59:03","date_gmt":"2025-04-26T11:59:03","guid":{"rendered":"https:\/\/lasentinelle.dz\/?p=66407"},"modified":"2025-04-26T12:59:04","modified_gmt":"2025-04-26T11:59:04","slug":"education-nationale-les-inscriptions-en-premiere-annee-se-feront-exclusivement-sur-la-plateforme-numerique","status":"publish","type":"post","link":"https:\/\/lasentinelle.dz\/index.php\/2025\/04\/26\/education-nationale-les-inscriptions-en-premiere-annee-se-feront-exclusivement-sur-la-plateforme-numerique\/","title":{"rendered":"\u00c9ducation nationale : Les inscriptions en premi\u00e8re ann\u00e9e se feront exclusivement sur la plateforme num\u00e9rique"},"content":{"rendered":"\n<p>Le minist\u00e8re de l&rsquo;\u00c9ducation nationale organisera samedi&nbsp; un s\u00e9minaire national pour \u00e9valuer la transformation num\u00e9rique du secteur et tracer une strat\u00e9gie nationale en la mati\u00e8re, a annonc\u00e9 jeudi \u00e0 Boumerd\u00e8s le ministre Mohammed Seghir Sadaoui. Cet \u00e9v\u00e9nement, qui fait suite \u00e0 une s\u00e9rie de r\u00e9unions et s\u00e9minaires locaux et r\u00e9gionaux organis\u00e9s \u00e0 travers le pays, mobilisera l&rsquo;ensemble des acteurs du domaine pour d\u00e9finir une vision commune et coh\u00e9rente de la num\u00e9risation du syst\u00e8me \u00e9ducatif alg\u00e9rien. Cette annonce s&rsquo;inscrit dans une dynamique plus large de modernisation, le ministre ayant \u00e9galement rappel\u00e9 que l&rsquo;inscription des \u00e9l\u00e8ves de premi\u00e8re ann\u00e9e primaire pour la rentr\u00e9e scolaire 2025\/2026, dont la p\u00e9riode vient de s&rsquo;ouvrir, se fera exclusivement via la plateforme num\u00e9rique mise \u00e0 disposition par le minist\u00e8re. Une directive qui t\u00e9moigne de la volont\u00e9 des autorit\u00e9s d&rsquo;ancrer les pratiques num\u00e9riques dans le quotidien de la communaut\u00e9 \u00e9ducative. Par ailleurs, M. Sadaoui a annonc\u00e9 l&rsquo;organisation d&rsquo;une semaine des m\u00e9dias du 4 au 8 mai destin\u00e9e aux \u00e9l\u00e8ves et \u00e0 leurs parents, avec pour objectif de mettre en valeur les sp\u00e9cialit\u00e9s p\u00e9dagogiques offertes par le secteur \u00e9ducatif, tous paliers confondus. Cette initiative vise \u00e0 am\u00e9liorer l&rsquo;information des familles sur les parcours disponibles dans le syst\u00e8me scolaire national. Lors de sa visite d&rsquo;inspection dans la wilaya de Boumerd\u00e8s, qui s&rsquo;inscrivait dans le cadre des pr\u00e9paratifs de la prochaine rentr\u00e9e scolaire, le ministre a d\u00e9clar\u00e9 qu&rsquo;un enseignement de qualit\u00e9 ne peut \u00eatre obtenu qu&rsquo;avec des \u00e9tablissements \u00e9ducatifs et des programmes p\u00e9dagogiques \u00ab\u00a0haut de gamme\u00a0\u00bb, associ\u00e9s \u00e0 une conjugaison des efforts de toutes les parties prenantes. \u00ab\u00a0L&rsquo;\u00c9tat progresse vers une r\u00e9forme globale du secteur de l&rsquo;\u00e9ducation en vue d&rsquo;atteindre un enseignement de qualit\u00e9, en cr\u00e9ant des \u00e9tablissements haut de gamme et aussi des programmes p\u00e9dagogiques et \u00e9ducatifs de haut niveau\u00a0\u00bb, a-t-il pr\u00e9cis\u00e9 dans sa d\u00e9claration \u00e0 la presse. Le ministre a \u00e9galement soulign\u00e9 l&rsquo;engagement de son d\u00e9partement \u00e0 concr\u00e9tiser cet objectif d&rsquo;excellence \u00e0 courte \u00e9ch\u00e9ance, notamment \u00e0 travers la construction de nouveaux \u00e9tablissements \u00e9ducatifs r\u00e9pondant aux exigences modernes. Ces structures seront \u00e9quip\u00e9es de supports \u00e9lectroniques et num\u00e9ris\u00e9s pour permettre une scolarit\u00e9 dans des conditions optimales. Apr\u00e8s avoir \u00e9cout\u00e9 un expos\u00e9 d\u00e9taill\u00e9 sur l&rsquo;\u00e9tat du secteur dans la wilaya, M. Sadaoui a insist\u00e9 sur \u00ab\u00a0l&rsquo;importance d&rsquo;un suivi continu\u00a0\u00bb des chantiers de construction d&rsquo;\u00e9tablissements scolaires et sur la n\u00e9cessit\u00e9 d&rsquo;une coordination efficace pour s&rsquo;assurer que les travaux soient achev\u00e9s conform\u00e9ment aux objectifs \u00e9ducatifs stipul\u00e9s par la loi. Le ministre n&rsquo;a pas manqu\u00e9 d&rsquo;aborder la question des ressources humaines, exprimant sa conviction que \u00ab\u00a0l&rsquo;am\u00e9lioration de la vie professionnelle et sociale de tous les acteurs du syst\u00e8me \u00e9ducatif n\u00e9cessite plus d&rsquo;efforts et de soutien\u00a0\u00bb. Il a particuli\u00e8rement rassur\u00e9 les inspecteurs quant \u00e0 la prise en compte de leurs pr\u00e9occupations, affirmant la volont\u00e9 des autorit\u00e9s d&rsquo;assurer des conditions professionnelles confortables pour l&rsquo;ensemble des intervenants du secteur.<\/p>\n\n\n\n<p>Chokri Hafed<\/p>\n","protected":false},"excerpt":{"rendered":"<p>Le minist\u00e8re de l&rsquo;\u00c9ducation nationale organisera samedi&nbsp; un s\u00e9minaire national pour \u00e9valuer la transformation num\u00e9rique du secteur et tracer une<\/p>\n","protected":false},"author":6,"featured_media":64303,"comment_status":"open","ping_status":"closed","sticky":false,"template":"","format":"standard","meta":{"colormag_page_container_layout":"default_layout","colormag_page_sidebar_layout":"default_layout","om_disable_all_campaigns":false,"_monsterinsights_skip_tracking":false,"_monsterinsights_sitenote_active":false,"_monsterinsights_sitenote_note":"","_monsterinsights_sitenote_category":0,"footnotes":"","_wpscppro_dont_share_socialmedia":false,"_wpscppro_custom_social_share_image":0,"_facebook_share_type":"default","_twitter_share_type":"default","_linkedin_share_type":"default","_pinterest_share_type":"default","_linkedin_share_type_page":"","_instagram_share_type":"default","_medium_share_type":"default","_threads_share_type":"","_google_business_share_type":"","_selected_social_profile":[],"_wpsp_enable_custom_social_template":false,"_wpsp_social_scheduling":{"enabled":false,"datetime":null,"platforms":[],"status":"template_only","dateOption":"today","timeOption":"now","customDays":"","customHours":"","customDate":"","customTime":"","schedulingType":"absolute"},"_wpsp_active_default_template":true},"categories":[27],"tags":[],"class_list":["post-66407","post","type-post","status-publish","format-standard","has-post-thumbnail","hentry","category-actualite"],"aioseo_notices":[],"yoast_head":"<!-- This site is optimized with the Yoast SEO plugin v27.5 - https:\/\/yoast.com\/product\/yoast-seo-wordpress\/ -->\n<title>\u00c9ducation nationale : Les inscriptions en premi\u00e8re ann\u00e9e se feront exclusivement sur la plateforme num\u00e9rique - La Sentinelle<\/title>\n<meta name=\"robots\" content=\"index, follow, max-snippet:-1, max-image-preview:large, max-video-preview:-1\" \/>\n<link rel=\"canonical\" href=\"https:\/\/lasentinelle.dz\/index.php\/2025\/04\/26\/education-nationale-les-inscriptions-en-premiere-annee-se-feront-exclusivement-sur-la-plateforme-numerique\/\" \/>\n<meta property=\"og:locale\" content=\"fr_FR\" \/>\n<meta property=\"og:type\" content=\"article\" \/>\n<meta property=\"og:title\" content=\"\u00c9ducation nationale : Les inscriptions en premi\u00e8re ann\u00e9e se feront exclusivement sur la plateforme num\u00e9rique - La Sentinelle\" \/>\n<meta property=\"og:description\" content=\"Le minist\u00e8re de l&rsquo;\u00c9ducation nationale organisera samedi&nbsp; un s\u00e9minaire national pour \u00e9valuer la transformation num\u00e9rique du secteur et tracer une\" \/>\n<meta property=\"og:url\" content=\"https:\/\/lasentinelle.dz\/index.php\/2025\/04\/26\/education-nationale-les-inscriptions-en-premiere-annee-se-feront-exclusivement-sur-la-plateforme-numerique\/\" \/>\n<meta property=\"og:site_name\" content=\"La Sentinelle\" \/>\n<meta property=\"article:publisher\" content=\"https:\/\/www.facebook.com\/La-Sentinelle-104059864394773\" \/>\n<meta property=\"article:published_time\" content=\"2025-04-26T11:59:03+00:00\" \/>\n<meta property=\"article:modified_time\" content=\"2025-04-26T11:59:04+00:00\" \/>\n<meta property=\"og:image\" content=\"https:\/\/lasentinelle.dz\/wp-content\/uploads\/2025\/03\/Saadoui.jpg\" \/>\n\t<meta property=\"og:image:width\" content=\"2048\" \/>\n\t<meta property=\"og:image:height\" content=\"1367\" \/>\n\t<meta property=\"og:image:type\" content=\"image\/jpeg\" \/>\n<meta name=\"author\" content=\"admin\" \/>\n<meta name=\"twitter:card\" content=\"summary_large_image\" \/>\n<meta name=\"twitter:label1\" content=\"\u00c9crit par\" \/>\n\t<meta name=\"twitter:data1\" content=\"admin\" \/>\n\t<meta name=\"twitter:label2\" content=\"Dur\u00e9e de lecture estim\u00e9e\" \/>\n\t<meta name=\"twitter:data2\" content=\"3 minutes\" \/>\n<script type=\"application\/ld+json\" class=\"yoast-schema-graph\">{\"@context\":\"https:\\\/\\\/schema.org\",\"@graph\":[{\"@type\":\"Article\",\"@id\":\"https:\\\/\\\/lasentinelle.dz\\\/index.php\\\/2025\\\/04\\\/26\\\/education-nationale-les-inscriptions-en-premiere-annee-se-feront-exclusivement-sur-la-plateforme-numerique\\\/#article\",\"isPartOf\":{\"@id\":\"https:\\\/\\\/lasentinelle.dz\\\/index.php\\\/2025\\\/04\\\/26\\\/education-nationale-les-inscriptions-en-premiere-annee-se-feront-exclusivement-sur-la-plateforme-numerique\\\/\"},\"author\":{\"name\":\"admin\",\"@id\":\"https:\\\/\\\/lasentinelle.dz\\\/#\\\/schema\\\/person\\\/729ee0024f24e0b8c5ec17232f8e8b41\"},\"headline\":\"\u00c9ducation nationale : Les inscriptions en premi\u00e8re ann\u00e9e se feront exclusivement sur la plateforme num\u00e9rique\",\"datePublished\":\"2025-04-26T11:59:03+00:00\",\"dateModified\":\"2025-04-26T11:59:04+00:00\",\"mainEntityOfPage\":{\"@id\":\"https:\\\/\\\/lasentinelle.dz\\\/index.php\\\/2025\\\/04\\\/26\\\/education-nationale-les-inscriptions-en-premiere-annee-se-feront-exclusivement-sur-la-plateforme-numerique\\\/\"},\"wordCount\":561,\"commentCount\":0,\"publisher\":{\"@id\":\"https:\\\/\\\/lasentinelle.dz\\\/#organization\"},\"image\":{\"@id\":\"https:\\\/\\\/lasentinelle.dz\\\/index.php\\\/2025\\\/04\\\/26\\\/education-nationale-les-inscriptions-en-premiere-annee-se-feront-exclusivement-sur-la-plateforme-numerique\\\/#primaryimage\"},\"thumbnailUrl\":\"https:\\\/\\\/lasentinelle.dz\\\/wp-content\\\/uploads\\\/2025\\\/03\\\/Saadoui.jpg\",\"articleSection\":[\"Actualit\u00e9\"],\"inLanguage\":\"fr-FR\",\"potentialAction\":[{\"@type\":\"CommentAction\",\"name\":\"Comment\",\"target\":[\"https:\\\/\\\/lasentinelle.dz\\\/index.php\\\/2025\\\/04\\\/26\\\/education-nationale-les-inscriptions-en-premiere-annee-se-feront-exclusivement-sur-la-plateforme-numerique\\\/#respond\"]}]},{\"@type\":\"WebPage\",\"@id\":\"https:\\\/\\\/lasentinelle.dz\\\/index.php\\\/2025\\\/04\\\/26\\\/education-nationale-les-inscriptions-en-premiere-annee-se-feront-exclusivement-sur-la-plateforme-numerique\\\/\",\"url\":\"https:\\\/\\\/lasentinelle.dz\\\/index.php\\\/2025\\\/04\\\/26\\\/education-nationale-les-inscriptions-en-premiere-annee-se-feront-exclusivement-sur-la-plateforme-numerique\\\/\",\"name\":\"\u00c9ducation nationale : Les inscriptions en premi\u00e8re ann\u00e9e se feront exclusivement sur la plateforme num\u00e9rique - La Sentinelle\",\"isPartOf\":{\"@id\":\"https:\\\/\\\/lasentinelle.dz\\\/#website\"},\"primaryImageOfPage\":{\"@id\":\"https:\\\/\\\/lasentinelle.dz\\\/index.php\\\/2025\\\/04\\\/26\\\/education-nationale-les-inscriptions-en-premiere-annee-se-feront-exclusivement-sur-la-plateforme-numerique\\\/#primaryimage\"},\"image\":{\"@id\":\"https:\\\/\\\/lasentinelle.dz\\\/index.php\\\/2025\\\/04\\\/26\\\/education-nationale-les-inscriptions-en-premiere-annee-se-feront-exclusivement-sur-la-plateforme-numerique\\\/#primaryimage\"},\"thumbnailUrl\":\"https:\\\/\\\/lasentinelle.dz\\\/wp-content\\\/uploads\\\/2025\\\/03\\\/Saadoui.jpg\",\"datePublished\":\"2025-04-26T11:59:03+00:00\",\"dateModified\":\"2025-04-26T11:59:04+00:00\",\"breadcrumb\":{\"@id\":\"https:\\\/\\\/lasentinelle.dz\\\/index.php\\\/2025\\\/04\\\/26\\\/education-nationale-les-inscriptions-en-premiere-annee-se-feront-exclusivement-sur-la-plateforme-numerique\\\/#breadcrumb\"},\"inLanguage\":\"fr-FR\",\"potentialAction\":[{\"@type\":\"ReadAction\",\"target\":[\"https:\\\/\\\/lasentinelle.dz\\\/index.php\\\/2025\\\/04\\\/26\\\/education-nationale-les-inscriptions-en-premiere-annee-se-feront-exclusivement-sur-la-plateforme-numerique\\\/\"]}]},{\"@type\":\"ImageObject\",\"inLanguage\":\"fr-FR\",\"@id\":\"https:\\\/\\\/lasentinelle.dz\\\/index.php\\\/2025\\\/04\\\/26\\\/education-nationale-les-inscriptions-en-premiere-annee-se-feront-exclusivement-sur-la-plateforme-numerique\\\/#primaryimage\",\"url\":\"https:\\\/\\\/lasentinelle.dz\\\/wp-content\\\/uploads\\\/2025\\\/03\\\/Saadoui.jpg\",\"contentUrl\":\"https:\\\/\\\/lasentinelle.dz\\\/wp-content\\\/uploads\\\/2025\\\/03\\\/Saadoui.jpg\",\"width\":2048,\"height\":1367},{\"@type\":\"BreadcrumbList\",\"@id\":\"https:\\\/\\\/lasentinelle.dz\\\/index.php\\\/2025\\\/04\\\/26\\\/education-nationale-les-inscriptions-en-premiere-annee-se-feront-exclusivement-sur-la-plateforme-numerique\\\/#breadcrumb\",\"itemListElement\":[{\"@type\":\"ListItem\",\"position\":1,\"name\":\"Accueil\",\"item\":\"https:\\\/\\\/lasentinelle.dz\\\/\"},{\"@type\":\"ListItem\",\"position\":2,\"name\":\"\u00c9ducation nationale : Les inscriptions en premi\u00e8re ann\u00e9e se feront exclusivement sur la plateforme num\u00e9rique\"}]},{\"@type\":\"WebSite\",\"@id\":\"https:\\\/\\\/lasentinelle.dz\\\/#website\",\"url\":\"https:\\\/\\\/lasentinelle.dz\\\/\",\"name\":\"La Sentinelle\",\"description\":\"Quotidien national d&#039;information\",\"publisher\":{\"@id\":\"https:\\\/\\\/lasentinelle.dz\\\/#organization\"},\"potentialAction\":[{\"@type\":\"SearchAction\",\"target\":{\"@type\":\"EntryPoint\",\"urlTemplate\":\"https:\\\/\\\/lasentinelle.dz\\\/?s={search_term_string}\"},\"query-input\":{\"@type\":\"PropertyValueSpecification\",\"valueRequired\":true,\"valueName\":\"search_term_string\"}}],\"inLanguage\":\"fr-FR\"},{\"@type\":\"Organization\",\"@id\":\"https:\\\/\\\/lasentinelle.dz\\\/#organization\",\"name\":\"Quotidien La Sentinelle\",\"url\":\"https:\\\/\\\/lasentinelle.dz\\\/\",\"logo\":{\"@type\":\"ImageObject\",\"inLanguage\":\"fr-FR\",\"@id\":\"https:\\\/\\\/lasentinelle.dz\\\/#\\\/schema\\\/logo\\\/image\\\/\",\"url\":\"https:\\\/\\\/lasentinelle.dz\\\/wp-content\\\/uploads\\\/2021\\\/09\\\/logo-sentinelleSLOGAN-1.png\",\"contentUrl\":\"https:\\\/\\\/lasentinelle.dz\\\/wp-content\\\/uploads\\\/2021\\\/09\\\/logo-sentinelleSLOGAN-1.png\",\"width\":615,\"height\":142,\"caption\":\"Quotidien La Sentinelle\"},\"image\":{\"@id\":\"https:\\\/\\\/lasentinelle.dz\\\/#\\\/schema\\\/logo\\\/image\\\/\"},\"sameAs\":[\"https:\\\/\\\/www.facebook.com\\\/La-Sentinelle-104059864394773\"]},{\"@type\":\"Person\",\"@id\":\"https:\\\/\\\/lasentinelle.dz\\\/#\\\/schema\\\/person\\\/729ee0024f24e0b8c5ec17232f8e8b41\",\"name\":\"admin\",\"image\":{\"@type\":\"ImageObject\",\"inLanguage\":\"fr-FR\",\"@id\":\"https:\\\/\\\/secure.gravatar.com\\\/avatar\\\/4c81fed838786e9b53f540bf46533e750f5d292099ae3b66cfc6fb1982e29df7?s=96&d=mm&r=g\",\"url\":\"https:\\\/\\\/secure.gravatar.com\\\/avatar\\\/4c81fed838786e9b53f540bf46533e750f5d292099ae3b66cfc6fb1982e29df7?s=96&d=mm&r=g\",\"contentUrl\":\"https:\\\/\\\/secure.gravatar.com\\\/avatar\\\/4c81fed838786e9b53f540bf46533e750f5d292099ae3b66cfc6fb1982e29df7?s=96&d=mm&r=g\",\"caption\":\"admin\"},\"description\":\"admin\",\"url\":\"https:\\\/\\\/lasentinelle.dz\\\/author\\\/admin\\\/\"}]}<\/script>\n<!-- \/ Yoast SEO plugin. -->","yoast_head_json":{"title":"\u00c9ducation nationale : Les inscriptions en premi\u00e8re ann\u00e9e se feront exclusivement sur la plateforme num\u00e9rique - La Sentinelle","robots":{"index":"index","follow":"follow","max-snippet":"max-snippet:-1","max-image-preview":"max-image-preview:large","max-video-preview":"max-video-preview:-1"},"canonical":"https:\/\/lasentinelle.dz\/index.php\/2025\/04\/26\/education-nationale-les-inscriptions-en-premiere-annee-se-feront-exclusivement-sur-la-plateforme-numerique\/","og_locale":"fr_FR","og_type":"article","og_title":"\u00c9ducation nationale : Les inscriptions en premi\u00e8re ann\u00e9e se feront exclusivement sur la plateforme num\u00e9rique - La Sentinelle","og_description":"Le minist\u00e8re de l&rsquo;\u00c9ducation nationale organisera samedi&nbsp; un s\u00e9minaire national pour \u00e9valuer la transformation num\u00e9rique du secteur et tracer une","og_url":"https:\/\/lasentinelle.dz\/index.php\/2025\/04\/26\/education-nationale-les-inscriptions-en-premiere-annee-se-feront-exclusivement-sur-la-plateforme-numerique\/","og_site_name":"La Sentinelle","article_publisher":"https:\/\/www.facebook.com\/La-Sentinelle-104059864394773","article_published_time":"2025-04-26T11:59:03+00:00","article_modified_time":"2025-04-26T11:59:04+00:00","og_image":[{"width":2048,"height":1367,"url":"https:\/\/lasentinelle.dz\/wp-content\/uploads\/2025\/03\/Saadoui.jpg","type":"image\/jpeg"}],"author":"admin","twitter_card":"summary_large_image","twitter_misc":{"\u00c9crit par":"admin","Dur\u00e9e de lecture estim\u00e9e":"3 minutes"},"schema":{"@context":"https:\/\/schema.org","@graph":[{"@type":"Article","@id":"https:\/\/lasentinelle.dz\/index.php\/2025\/04\/26\/education-nationale-les-inscriptions-en-premiere-annee-se-feront-exclusivement-sur-la-plateforme-numerique\/#article","isPartOf":{"@id":"https:\/\/lasentinelle.dz\/index.php\/2025\/04\/26\/education-nationale-les-inscriptions-en-premiere-annee-se-feront-exclusivement-sur-la-plateforme-numerique\/"},"author":{"name":"admin","@id":"https:\/\/lasentinelle.dz\/#\/schema\/person\/729ee0024f24e0b8c5ec17232f8e8b41"},"headline":"\u00c9ducation nationale : Les inscriptions en premi\u00e8re ann\u00e9e se feront exclusivement sur la plateforme num\u00e9rique","datePublished":"2025-04-26T11:59:03+00:00","dateModified":"2025-04-26T11:59:04+00:00","mainEntityOfPage":{"@id":"https:\/\/lasentinelle.dz\/index.php\/2025\/04\/26\/education-nationale-les-inscriptions-en-premiere-annee-se-feront-exclusivement-sur-la-plateforme-numerique\/"},"wordCount":561,"commentCount":0,"publisher":{"@id":"https:\/\/lasentinelle.dz\/#organization"},"image":{"@id":"https:\/\/lasentinelle.dz\/index.php\/2025\/04\/26\/education-nationale-les-inscriptions-en-premiere-annee-se-feront-exclusivement-sur-la-plateforme-numerique\/#primaryimage"},"thumbnailUrl":"https:\/\/lasentinelle.dz\/wp-content\/uploads\/2025\/03\/Saadoui.jpg","articleSection":["Actualit\u00e9"],"inLanguage":"fr-FR","potentialAction":[{"@type":"CommentAction","name":"Comment","target":["https:\/\/lasentinelle.dz\/index.php\/2025\/04\/26\/education-nationale-les-inscriptions-en-premiere-annee-se-feront-exclusivement-sur-la-plateforme-numerique\/#respond"]}]},{"@type":"WebPage","@id":"https:\/\/lasentinelle.dz\/index.php\/2025\/04\/26\/education-nationale-les-inscriptions-en-premiere-annee-se-feront-exclusivement-sur-la-plateforme-numerique\/","url":"https:\/\/lasentinelle.dz\/index.php\/2025\/04\/26\/education-nationale-les-inscriptions-en-premiere-annee-se-feront-exclusivement-sur-la-plateforme-numerique\/","name":"\u00c9ducation nationale : Les inscriptions en premi\u00e8re ann\u00e9e se feront exclusivement sur la plateforme num\u00e9rique - La Sentinelle","isPartOf":{"@id":"https:\/\/lasentinelle.dz\/#website"},"primaryImageOfPage":{"@id":"https:\/\/lasentinelle.dz\/index.php\/2025\/04\/26\/education-nationale-les-inscriptions-en-premiere-annee-se-feront-exclusivement-sur-la-plateforme-numerique\/#primaryimage"},"image":{"@id":"https:\/\/lasentinelle.dz\/index.php\/2025\/04\/26\/education-nationale-les-inscriptions-en-premiere-annee-se-feront-exclusivement-sur-la-plateforme-numerique\/#primaryimage"},"thumbnailUrl":"https:\/\/lasentinelle.dz\/wp-content\/uploads\/2025\/03\/Saadoui.jpg","datePublished":"2025-04-26T11:59:03+00:00","dateModified":"2025-04-26T11:59:04+00:00","breadcrumb":{"@id":"https:\/\/lasentinelle.dz\/index.php\/2025\/04\/26\/education-nationale-les-inscriptions-en-premiere-annee-se-feront-exclusivement-sur-la-plateforme-numerique\/#breadcrumb"},"inLanguage":"fr-FR","potentialAction":[{"@type":"ReadAction","target":["https:\/\/lasentinelle.dz\/index.php\/2025\/04\/26\/education-nationale-les-inscriptions-en-premiere-annee-se-feront-exclusivement-sur-la-plateforme-numerique\/"]}]},{"@type":"ImageObject","inLanguage":"fr-FR","@id":"https:\/\/lasentinelle.dz\/index.php\/2025\/04\/26\/education-nationale-les-inscriptions-en-premiere-annee-se-feront-exclusivement-sur-la-plateforme-numerique\/#primaryimage","url":"https:\/\/lasentinelle.dz\/wp-content\/uploads\/2025\/03\/Saadoui.jpg","contentUrl":"https:\/\/lasentinelle.dz\/wp-content\/uploads\/2025\/03\/Saadoui.jpg","width":2048,"height":1367},{"@type":"BreadcrumbList","@id":"https:\/\/lasentinelle.dz\/index.php\/2025\/04\/26\/education-nationale-les-inscriptions-en-premiere-annee-se-feront-exclusivement-sur-la-plateforme-numerique\/#breadcrumb","itemListElement":[{"@type":"ListItem","position":1,"name":"Accueil","item":"https:\/\/lasentinelle.dz\/"},{"@type":"ListItem","position":2,"name":"\u00c9ducation nationale : Les inscriptions en premi\u00e8re ann\u00e9e se feront exclusivement sur la plateforme num\u00e9rique"}]},{"@type":"WebSite","@id":"https:\/\/lasentinelle.dz\/#website","url":"https:\/\/lasentinelle.dz\/","name":"La Sentinelle","description":"Quotidien national d&#039;information","publisher":{"@id":"https:\/\/lasentinelle.dz\/#organization"},"potentialAction":[{"@type":"SearchAction","target":{"@type":"EntryPoint","urlTemplate":"https:\/\/lasentinelle.dz\/?s={search_term_string}"},"query-input":{"@type":"PropertyValueSpecification","valueRequired":true,"valueName":"search_term_string"}}],"inLanguage":"fr-FR"},{"@type":"Organization","@id":"https:\/\/lasentinelle.dz\/#organization","name":"Quotidien La Sentinelle","url":"https:\/\/lasentinelle.dz\/","logo":{"@type":"ImageObject","inLanguage":"fr-FR","@id":"https:\/\/lasentinelle.dz\/#\/schema\/logo\/image\/","url":"https:\/\/lasentinelle.dz\/wp-content\/uploads\/2021\/09\/logo-sentinelleSLOGAN-1.png","contentUrl":"https:\/\/lasentinelle.dz\/wp-content\/uploads\/2021\/09\/logo-sentinelleSLOGAN-1.png","width":615,"height":142,"caption":"Quotidien La Sentinelle"},"image":{"@id":"https:\/\/lasentinelle.dz\/#\/schema\/logo\/image\/"},"sameAs":["https:\/\/www.facebook.com\/La-Sentinelle-104059864394773"]},{"@type":"Person","@id":"https:\/\/lasentinelle.dz\/#\/schema\/person\/729ee0024f24e0b8c5ec17232f8e8b41","name":"admin","image":{"@type":"ImageObject","inLanguage":"fr-FR","@id":"https:\/\/secure.gravatar.com\/avatar\/4c81fed838786e9b53f540bf46533e750f5d292099ae3b66cfc6fb1982e29df7?s=96&d=mm&r=g","url":"https:\/\/secure.gravatar.com\/avatar\/4c81fed838786e9b53f540bf46533e750f5d292099ae3b66cfc6fb1982e29df7?s=96&d=mm&r=g","contentUrl":"https:\/\/secure.gravatar.com\/avatar\/4c81fed838786e9b53f540bf46533e750f5d292099ae3b66cfc6fb1982e29df7?s=96&d=mm&r=g","caption":"admin"},"description":"admin","url":"https:\/\/lasentinelle.dz\/author\/admin\/"}]}},"_links":{"self":[{"href":"https:\/\/lasentinelle.dz\/index.php\/wp-json\/wp\/v2\/posts\/66407","targetHints":{"allow":["GET"]}}],"collection":[{"href":"https:\/\/lasentinelle.dz\/index.php\/wp-json\/wp\/v2\/posts"}],"about":[{"href":"https:\/\/lasentinelle.dz\/index.php\/wp-json\/wp\/v2\/types\/post"}],"author":[{"embeddable":true,"href":"https:\/\/lasentinelle.dz\/index.php\/wp-json\/wp\/v2\/users\/6"}],"replies":[{"embeddable":true,"href":"https:\/\/lasentinelle.dz\/index.php\/wp-json\/wp\/v2\/comments?post=66407"}],"version-history":[{"count":1,"href":"https:\/\/lasentinelle.dz\/index.php\/wp-json\/wp\/v2\/posts\/66407\/revisions"}],"predecessor-version":[{"id":66408,"href":"https:\/\/lasentinelle.dz\/index.php\/wp-json\/wp\/v2\/posts\/66407\/revisions\/66408"}],"wp:featuredmedia":[{"embeddable":true,"href":"https:\/\/lasentinelle.dz\/index.php\/wp-json\/wp\/v2\/media\/64303"}],"wp:attachment":[{"href":"https:\/\/lasentinelle.dz\/index.php\/wp-json\/wp\/v2\/media?parent=66407"}],"wp:term":[{"taxonomy":"category","embeddable":true,"href":"https:\/\/lasentinelle.dz\/index.php\/wp-json\/wp\/v2\/categories?post=66407"},{"taxonomy":"post_tag","embeddable":true,"href":"https:\/\/lasentinelle.dz\/index.php\/wp-json\/wp\/v2\/tags?post=66407"}],"curies":[{"name":"wp","href":"https:\/\/api.w.org\/{rel}","templated":true}]}}