{"id":66409,"date":"2025-04-26T12:59:42","date_gmt":"2025-04-26T11:59:42","guid":{"rendered":"https:\/\/lasentinelle.dz\/?p=66409"},"modified":"2025-04-26T12:59:42","modified_gmt":"2025-04-26T11:59:42","slug":"elle-se-fera-au-niveau-des-marches-de-proximite-la-vente-des-moutons-importes-debutera-jeudi-prochain","status":"publish","type":"post","link":"https:\/\/lasentinelle.dz\/index.php\/2025\/04\/26\/elle-se-fera-au-niveau-des-marches-de-proximite-la-vente-des-moutons-importes-debutera-jeudi-prochain\/","title":{"rendered":"Elle se fera au niveau des march\u00e9s de proximit\u00e9 : La vente des moutons import\u00e9s d\u00e9butera jeudi prochain"},"content":{"rendered":"\n<p>L&rsquo;op\u00e9ration de vente des moutons import\u00e9s pour l&rsquo;A\u00efd El Adha sera organis\u00e9e au niveau des march\u00e9s de proximit\u00e9, sous la supervision des minist\u00e8res de l&rsquo;Agriculture et du Commerce int\u00e9rieur, dans le cadre d&rsquo;un plan local propre \u00e0 chaque wilaya.<\/p>\n\n\n\n<p>Le ministre de l&rsquo;Agriculture, du D\u00e9veloppement rural et de la P\u00eache, Youcef Cherfa a annonc\u00e9 jeudi, lors d&rsquo;une s\u00e9ance pl\u00e9ni\u00e8re \u00e0 l&rsquo;Assembl\u00e9e populaire nationale (APN) consacr\u00e9e aux questions orales, que \u00ab\u00a0la vente des moutons import\u00e9s pour l&rsquo;A\u00efd El Adha d\u00e9butera le 1er mai prochain \u00e0 travers toutes les wilayas du pays\u00a0\u00bb. &nbsp;Le ministre a pr\u00e9cis\u00e9 que \u00ab\u00a0l&rsquo;op\u00e9ration de vente des moutons import\u00e9s pour l&rsquo;A\u00efd El Adha sera organis\u00e9e au niveau des march\u00e9s de proximit\u00e9, sous la supervision des minist\u00e8res de l&rsquo;Agriculture et du Commerce int\u00e9rieur, dans le cadre d&rsquo;un plan local propre \u00e0 chaque wilaya\u00a0\u00bb. Cette initiative vise \u00e0 garantir une meilleure accessibilit\u00e9 aux citoyens et \u00e0 assurer une distribution \u00e9quitable du cheptel import\u00e9. La vente se d\u00e9roulera \u00ab\u00a0quotidiennement\u00a0\u00bb \u00e0 partir du 1er mai dans l&rsquo;ensemble des 58 wilayas du territoire national, a ajout\u00e9 M. Cherfa. Celui-ci d&rsquo;ailleurs pr\u00e9cis\u00e9 que le processus de r\u00e9ception des moutons import\u00e9s se d\u00e9roule comme pr\u00e9vu au niveau de neuf ports, avant d&rsquo;ajouter que la r\u00e9partition du b\u00e9tail entre les wilayas sera d\u00e9termin\u00e9e en fonction de la densit\u00e9 de la population. \u00ab\u00a0L&rsquo;importation de moutons ne signifie pas l&rsquo;exclusion des troupeaux locaux. Il s&rsquo;agit plut\u00f4t de soutenir la production locale pour faire face \u00e0 la grande demande enregistr\u00e9e \u00e0 cette occasion\u00a0\u00bb, a-t-il toutefois pr\u00e9cis\u00e9. Cette clarification vise \u00e0 rassurer les \u00e9leveurs locaux qui pourraient craindre une concurrence d\u00e9loyale des importations.<\/p>\n\n\n\n<p><strong>Paiement \u00e9lectronique pour faciliter les transactions<\/strong><\/p>\n\n\n\n<p>Il faut dire que l&rsquo;op\u00e9ration sera aussi marqu\u00e9e par une petite nouveaut\u00e9, celle de l&rsquo;introduction du paiement \u00e9lectronique dans ce march\u00e9 o\u00f9 le cash pr\u00e9domine. Dans un communiqu\u00e9 publi\u00e9 le m\u00eame jour, le minist\u00e8re de l&rsquo;Agriculture a d\u00e9taill\u00e9 les modalit\u00e9s pratiques de ces ventes, suite \u00e0 une r\u00e9union de coordination de la commission nationale multisectorielle charg\u00e9e du suivi et de l&rsquo;encadrement de l&rsquo;op\u00e9ration d&rsquo;importation, de distribution et de vente des moutons import\u00e9s. Parmi les innovations annonc\u00e9es cette ann\u00e9e, le recours aux appareils de paiement \u00e9lectronique et aux bureaux de poste ambulants devrait faciliter les transactions pour les acheteurs. Pour accompagner cette initiative, la Banque de l&rsquo;Agriculture et du D\u00e9veloppement Rural (BADR) dotera les points de vente en appareils de paiement \u00e9lectronique au profit des utilisateurs de la carte \u00ab\u00a0Edahabia\u00a0\u00bb et \u00ab\u00a0interbancaire\u00a0\u00bb. Parall\u00e8lement, la soci\u00e9t\u00e9 Alg\u00e9rie Poste mobilisera des bureaux de poste ambulants au niveau des march\u00e9s de proximit\u00e9 pour faciliter l&rsquo;op\u00e9ration d&rsquo;acquisition des moutons. Ces mesures s&rsquo;inscrivent dans la strat\u00e9gie nationale de promotion du paiement \u00e9lectronique et visent \u00e0 r\u00e9duire les risques li\u00e9s \u00e0 la manipulation d&rsquo;importantes sommes en esp\u00e8ces, tout en simplifiant le processus d&rsquo;achat pour les citoyens. La r\u00e9union a \u00e9galement permis d&rsquo;examiner les questions relatives \u00e0 l&rsquo;organisation du transfert progressif des moutons depuis les zones de mise en quarantaine vers des zones de regroupement r\u00e9gionales, une op\u00e9ration qui d\u00e9butera d\u00e8s la semaine prochaine. Cette \u00e9tape interm\u00e9diaire est cruciale pour faciliter la distribution des animaux \u00e0 travers les diff\u00e9rentes wilayas du pays, tout en garantissant le respect des normes sanitaires.<\/p>\n\n\n\n<p><strong>Foncier agricole : vers une sortie de l&rsquo;indivision<\/strong><\/p>\n\n\n\n<p>Sur un autre volet et profitant de son passage \u00e0 l&rsquo;H\u00e9micycle, le ministre Cherfa a \u00e9galement abord\u00e9 un autre dossier crucial pour le secteur agricole : la r\u00e9gularisation du foncier agricole. En r\u00e9ponse \u00e0 une question sur ce sujet, il a indiqu\u00e9 que son minist\u00e8re pr\u00e9parait un nouveau d\u00e9cret ex\u00e9cutif visant \u00e0 faciliter la sortie de l&rsquo;indivision, \u00e0 travers de nouveaux m\u00e9canismes destin\u00e9s \u00e0 r\u00e9soudre les conflits n\u00e9s du partage des terres entre indivisaires. \u00ab\u00a0Ce nouveau texte s&rsquo;inscrit dans le cadre de la mise en \u0153uvre des orientations du pr\u00e9sident de la R\u00e9publique, Abdelmadjid Tebboune, visant \u00e0 assainir le foncier agricole\u00a0\u00bb, a-t-il soulign\u00e9. Le ministre a expliqu\u00e9 que les amendements propos\u00e9s \u00ab\u00a0pr\u00e9voient un nouveau m\u00e9canisme en faveur des exploitants leur permettant de sortir de l&rsquo;indivision\u00a0\u00bb.<\/p>\n\n\n\n<p>Samir Benisid<\/p>\n","protected":false},"excerpt":{"rendered":"<p>L&rsquo;op\u00e9ration de vente des moutons import\u00e9s pour l&rsquo;A\u00efd El Adha sera organis\u00e9e au niveau des march\u00e9s de proximit\u00e9, sous la<\/p>\n","protected":false},"author":6,"featured_media":66410,"comment_status":"open","ping_status":"closed","sticky":false,"template":"","format":"standard","meta":{"colormag_page_container_layout":"default_layout","colormag_page_sidebar_layout":"default_layout","om_disable_all_campaigns":false,"_monsterinsights_skip_tracking":false,"_monsterinsights_sitenote_active":false,"_monsterinsights_sitenote_note":"","_monsterinsights_sitenote_category":0,"footnotes":"","_wpscppro_dont_share_socialmedia":false,"_wpscppro_custom_social_share_image":0,"_facebook_share_type":"default","_twitter_share_type":"default","_linkedin_share_type":"default","_pinterest_share_type":"default","_linkedin_share_type_page":"","_instagram_share_type":"default","_medium_share_type":"default","_threads_share_type":"","_google_business_share_type":"","_selected_social_profile":[],"_wpsp_enable_custom_social_template":false,"_wpsp_social_scheduling":{"enabled":false,"datetime":null,"platforms":[],"status":"template_only","dateOption":"today","timeOption":"now","customDays":"","customHours":"","customDate":"","customTime":"","schedulingType":"absolute"},"_wpsp_active_default_template":true},"categories":[52,27],"tags":[],"class_list":["post-66409","post","type-post","status-publish","format-standard","has-post-thumbnail","hentry","category-a-la-une","category-actualite"],"aioseo_notices":[],"yoast_head":"<!-- This site is optimized with the Yoast SEO plugin v27.5 - https:\/\/yoast.com\/product\/yoast-seo-wordpress\/ -->\n<title>Elle se fera au niveau des march\u00e9s de proximit\u00e9 : La vente des moutons import\u00e9s d\u00e9butera jeudi prochain - La Sentinelle<\/title>\n<meta name=\"robots\" content=\"index, follow, max-snippet:-1, max-image-preview:large, max-video-preview:-1\" \/>\n<link rel=\"canonical\" href=\"https:\/\/lasentinelle.dz\/index.php\/2025\/04\/26\/elle-se-fera-au-niveau-des-marches-de-proximite-la-vente-des-moutons-importes-debutera-jeudi-prochain\/\" \/>\n<meta property=\"og:locale\" content=\"fr_FR\" \/>\n<meta property=\"og:type\" content=\"article\" \/>\n<meta property=\"og:title\" content=\"Elle se fera au niveau des march\u00e9s de proximit\u00e9 : La vente des moutons import\u00e9s d\u00e9butera jeudi prochain - La Sentinelle\" \/>\n<meta property=\"og:description\" content=\"L&rsquo;op\u00e9ration de vente des moutons import\u00e9s pour l&rsquo;A\u00efd El Adha sera organis\u00e9e au niveau des march\u00e9s de proximit\u00e9, sous la\" \/>\n<meta property=\"og:url\" content=\"https:\/\/lasentinelle.dz\/index.php\/2025\/04\/26\/elle-se-fera-au-niveau-des-marches-de-proximite-la-vente-des-moutons-importes-debutera-jeudi-prochain\/\" \/>\n<meta property=\"og:site_name\" content=\"La Sentinelle\" \/>\n<meta property=\"article:publisher\" content=\"https:\/\/www.facebook.com\/La-Sentinelle-104059864394773\" \/>\n<meta property=\"article:published_time\" content=\"2025-04-26T11:59:42+00:00\" \/>\n<meta property=\"og:image\" content=\"https:\/\/lasentinelle.dz\/wp-content\/uploads\/2025\/04\/Moutons-2.jpg\" \/>\n\t<meta property=\"og:image:width\" content=\"1536\" \/>\n\t<meta property=\"og:image:height\" content=\"931\" \/>\n\t<meta property=\"og:image:type\" content=\"image\/jpeg\" \/>\n<meta name=\"author\" content=\"admin\" \/>\n<meta name=\"twitter:card\" content=\"summary_large_image\" \/>\n<meta name=\"twitter:label1\" content=\"\u00c9crit par\" \/>\n\t<meta name=\"twitter:data1\" content=\"admin\" \/>\n\t<meta name=\"twitter:label2\" content=\"Dur\u00e9e de lecture estim\u00e9e\" \/>\n\t<meta name=\"twitter:data2\" content=\"4 minutes\" \/>\n<script type=\"application\/ld+json\" class=\"yoast-schema-graph\">{\"@context\":\"https:\\\/\\\/schema.org\",\"@graph\":[{\"@type\":\"Article\",\"@id\":\"https:\\\/\\\/lasentinelle.dz\\\/index.php\\\/2025\\\/04\\\/26\\\/elle-se-fera-au-niveau-des-marches-de-proximite-la-vente-des-moutons-importes-debutera-jeudi-prochain\\\/#article\",\"isPartOf\":{\"@id\":\"https:\\\/\\\/lasentinelle.dz\\\/index.php\\\/2025\\\/04\\\/26\\\/elle-se-fera-au-niveau-des-marches-de-proximite-la-vente-des-moutons-importes-debutera-jeudi-prochain\\\/\"},\"author\":{\"name\":\"admin\",\"@id\":\"https:\\\/\\\/lasentinelle.dz\\\/#\\\/schema\\\/person\\\/729ee0024f24e0b8c5ec17232f8e8b41\"},\"headline\":\"Elle se fera au niveau des march\u00e9s de proximit\u00e9 : La vente des moutons import\u00e9s d\u00e9butera jeudi prochain\",\"datePublished\":\"2025-04-26T11:59:42+00:00\",\"mainEntityOfPage\":{\"@id\":\"https:\\\/\\\/lasentinelle.dz\\\/index.php\\\/2025\\\/04\\\/26\\\/elle-se-fera-au-niveau-des-marches-de-proximite-la-vente-des-moutons-importes-debutera-jeudi-prochain\\\/\"},\"wordCount\":775,\"commentCount\":0,\"publisher\":{\"@id\":\"https:\\\/\\\/lasentinelle.dz\\\/#organization\"},\"image\":{\"@id\":\"https:\\\/\\\/lasentinelle.dz\\\/index.php\\\/2025\\\/04\\\/26\\\/elle-se-fera-au-niveau-des-marches-de-proximite-la-vente-des-moutons-importes-debutera-jeudi-prochain\\\/#primaryimage\"},\"thumbnailUrl\":\"https:\\\/\\\/lasentinelle.dz\\\/wp-content\\\/uploads\\\/2025\\\/04\\\/Moutons-2.jpg\",\"articleSection\":[\"\u00c0 la Une\",\"Actualit\u00e9\"],\"inLanguage\":\"fr-FR\",\"potentialAction\":[{\"@type\":\"CommentAction\",\"name\":\"Comment\",\"target\":[\"https:\\\/\\\/lasentinelle.dz\\\/index.php\\\/2025\\\/04\\\/26\\\/elle-se-fera-au-niveau-des-marches-de-proximite-la-vente-des-moutons-importes-debutera-jeudi-prochain\\\/#respond\"]}]},{\"@type\":\"WebPage\",\"@id\":\"https:\\\/\\\/lasentinelle.dz\\\/index.php\\\/2025\\\/04\\\/26\\\/elle-se-fera-au-niveau-des-marches-de-proximite-la-vente-des-moutons-importes-debutera-jeudi-prochain\\\/\",\"url\":\"https:\\\/\\\/lasentinelle.dz\\\/index.php\\\/2025\\\/04\\\/26\\\/elle-se-fera-au-niveau-des-marches-de-proximite-la-vente-des-moutons-importes-debutera-jeudi-prochain\\\/\",\"name\":\"Elle se fera au niveau des march\u00e9s de proximit\u00e9 : La vente des moutons import\u00e9s d\u00e9butera jeudi prochain - La Sentinelle\",\"isPartOf\":{\"@id\":\"https:\\\/\\\/lasentinelle.dz\\\/#website\"},\"primaryImageOfPage\":{\"@id\":\"https:\\\/\\\/lasentinelle.dz\\\/index.php\\\/2025\\\/04\\\/26\\\/elle-se-fera-au-niveau-des-marches-de-proximite-la-vente-des-moutons-importes-debutera-jeudi-prochain\\\/#primaryimage\"},\"image\":{\"@id\":\"https:\\\/\\\/lasentinelle.dz\\\/index.php\\\/2025\\\/04\\\/26\\\/elle-se-fera-au-niveau-des-marches-de-proximite-la-vente-des-moutons-importes-debutera-jeudi-prochain\\\/#primaryimage\"},\"thumbnailUrl\":\"https:\\\/\\\/lasentinelle.dz\\\/wp-content\\\/uploads\\\/2025\\\/04\\\/Moutons-2.jpg\",\"datePublished\":\"2025-04-26T11:59:42+00:00\",\"breadcrumb\":{\"@id\":\"https:\\\/\\\/lasentinelle.dz\\\/index.php\\\/2025\\\/04\\\/26\\\/elle-se-fera-au-niveau-des-marches-de-proximite-la-vente-des-moutons-importes-debutera-jeudi-prochain\\\/#breadcrumb\"},\"inLanguage\":\"fr-FR\",\"potentialAction\":[{\"@type\":\"ReadAction\",\"target\":[\"https:\\\/\\\/lasentinelle.dz\\\/index.php\\\/2025\\\/04\\\/26\\\/elle-se-fera-au-niveau-des-marches-de-proximite-la-vente-des-moutons-importes-debutera-jeudi-prochain\\\/\"]}]},{\"@type\":\"ImageObject\",\"inLanguage\":\"fr-FR\",\"@id\":\"https:\\\/\\\/lasentinelle.dz\\\/index.php\\\/2025\\\/04\\\/26\\\/elle-se-fera-au-niveau-des-marches-de-proximite-la-vente-des-moutons-importes-debutera-jeudi-prochain\\\/#primaryimage\",\"url\":\"https:\\\/\\\/lasentinelle.dz\\\/wp-content\\\/uploads\\\/2025\\\/04\\\/Moutons-2.jpg\",\"contentUrl\":\"https:\\\/\\\/lasentinelle.dz\\\/wp-content\\\/uploads\\\/2025\\\/04\\\/Moutons-2.jpg\",\"width\":1536,\"height\":931},{\"@type\":\"BreadcrumbList\",\"@id\":\"https:\\\/\\\/lasentinelle.dz\\\/index.php\\\/2025\\\/04\\\/26\\\/elle-se-fera-au-niveau-des-marches-de-proximite-la-vente-des-moutons-importes-debutera-jeudi-prochain\\\/#breadcrumb\",\"itemListElement\":[{\"@type\":\"ListItem\",\"position\":1,\"name\":\"Accueil\",\"item\":\"https:\\\/\\\/lasentinelle.dz\\\/\"},{\"@type\":\"ListItem\",\"position\":2,\"name\":\"Elle se fera au niveau des march\u00e9s de proximit\u00e9 : La vente des moutons import\u00e9s d\u00e9butera jeudi prochain\"}]},{\"@type\":\"WebSite\",\"@id\":\"https:\\\/\\\/lasentinelle.dz\\\/#website\",\"url\":\"https:\\\/\\\/lasentinelle.dz\\\/\",\"name\":\"La Sentinelle\",\"description\":\"Quotidien national d&#039;information\",\"publisher\":{\"@id\":\"https:\\\/\\\/lasentinelle.dz\\\/#organization\"},\"potentialAction\":[{\"@type\":\"SearchAction\",\"target\":{\"@type\":\"EntryPoint\",\"urlTemplate\":\"https:\\\/\\\/lasentinelle.dz\\\/?s={search_term_string}\"},\"query-input\":{\"@type\":\"PropertyValueSpecification\",\"valueRequired\":true,\"valueName\":\"search_term_string\"}}],\"inLanguage\":\"fr-FR\"},{\"@type\":\"Organization\",\"@id\":\"https:\\\/\\\/lasentinelle.dz\\\/#organization\",\"name\":\"Quotidien La Sentinelle\",\"url\":\"https:\\\/\\\/lasentinelle.dz\\\/\",\"logo\":{\"@type\":\"ImageObject\",\"inLanguage\":\"fr-FR\",\"@id\":\"https:\\\/\\\/lasentinelle.dz\\\/#\\\/schema\\\/logo\\\/image\\\/\",\"url\":\"https:\\\/\\\/lasentinelle.dz\\\/wp-content\\\/uploads\\\/2021\\\/09\\\/logo-sentinelleSLOGAN-1.png\",\"contentUrl\":\"https:\\\/\\\/lasentinelle.dz\\\/wp-content\\\/uploads\\\/2021\\\/09\\\/logo-sentinelleSLOGAN-1.png\",\"width\":615,\"height\":142,\"caption\":\"Quotidien La Sentinelle\"},\"image\":{\"@id\":\"https:\\\/\\\/lasentinelle.dz\\\/#\\\/schema\\\/logo\\\/image\\\/\"},\"sameAs\":[\"https:\\\/\\\/www.facebook.com\\\/La-Sentinelle-104059864394773\"]},{\"@type\":\"Person\",\"@id\":\"https:\\\/\\\/lasentinelle.dz\\\/#\\\/schema\\\/person\\\/729ee0024f24e0b8c5ec17232f8e8b41\",\"name\":\"admin\",\"image\":{\"@type\":\"ImageObject\",\"inLanguage\":\"fr-FR\",\"@id\":\"https:\\\/\\\/secure.gravatar.com\\\/avatar\\\/4c81fed838786e9b53f540bf46533e750f5d292099ae3b66cfc6fb1982e29df7?s=96&d=mm&r=g\",\"url\":\"https:\\\/\\\/secure.gravatar.com\\\/avatar\\\/4c81fed838786e9b53f540bf46533e750f5d292099ae3b66cfc6fb1982e29df7?s=96&d=mm&r=g\",\"contentUrl\":\"https:\\\/\\\/secure.gravatar.com\\\/avatar\\\/4c81fed838786e9b53f540bf46533e750f5d292099ae3b66cfc6fb1982e29df7?s=96&d=mm&r=g\",\"caption\":\"admin\"},\"description\":\"admin\",\"url\":\"https:\\\/\\\/lasentinelle.dz\\\/author\\\/admin\\\/\"}]}<\/script>\n<!-- \/ Yoast SEO plugin. -->","yoast_head_json":{"title":"Elle se fera au niveau des march\u00e9s de proximit\u00e9 : La vente des moutons import\u00e9s d\u00e9butera jeudi prochain - La Sentinelle","robots":{"index":"index","follow":"follow","max-snippet":"max-snippet:-1","max-image-preview":"max-image-preview:large","max-video-preview":"max-video-preview:-1"},"canonical":"https:\/\/lasentinelle.dz\/index.php\/2025\/04\/26\/elle-se-fera-au-niveau-des-marches-de-proximite-la-vente-des-moutons-importes-debutera-jeudi-prochain\/","og_locale":"fr_FR","og_type":"article","og_title":"Elle se fera au niveau des march\u00e9s de proximit\u00e9 : La vente des moutons import\u00e9s d\u00e9butera jeudi prochain - La Sentinelle","og_description":"L&rsquo;op\u00e9ration de vente des moutons import\u00e9s pour l&rsquo;A\u00efd El Adha sera organis\u00e9e au niveau des march\u00e9s de proximit\u00e9, sous la","og_url":"https:\/\/lasentinelle.dz\/index.php\/2025\/04\/26\/elle-se-fera-au-niveau-des-marches-de-proximite-la-vente-des-moutons-importes-debutera-jeudi-prochain\/","og_site_name":"La Sentinelle","article_publisher":"https:\/\/www.facebook.com\/La-Sentinelle-104059864394773","article_published_time":"2025-04-26T11:59:42+00:00","og_image":[{"width":1536,"height":931,"url":"https:\/\/lasentinelle.dz\/wp-content\/uploads\/2025\/04\/Moutons-2.jpg","type":"image\/jpeg"}],"author":"admin","twitter_card":"summary_large_image","twitter_misc":{"\u00c9crit par":"admin","Dur\u00e9e de lecture estim\u00e9e":"4 minutes"},"schema":{"@context":"https:\/\/schema.org","@graph":[{"@type":"Article","@id":"https:\/\/lasentinelle.dz\/index.php\/2025\/04\/26\/elle-se-fera-au-niveau-des-marches-de-proximite-la-vente-des-moutons-importes-debutera-jeudi-prochain\/#article","isPartOf":{"@id":"https:\/\/lasentinelle.dz\/index.php\/2025\/04\/26\/elle-se-fera-au-niveau-des-marches-de-proximite-la-vente-des-moutons-importes-debutera-jeudi-prochain\/"},"author":{"name":"admin","@id":"https:\/\/lasentinelle.dz\/#\/schema\/person\/729ee0024f24e0b8c5ec17232f8e8b41"},"headline":"Elle se fera au niveau des march\u00e9s de proximit\u00e9 : La vente des moutons import\u00e9s d\u00e9butera jeudi prochain","datePublished":"2025-04-26T11:59:42+00:00","mainEntityOfPage":{"@id":"https:\/\/lasentinelle.dz\/index.php\/2025\/04\/26\/elle-se-fera-au-niveau-des-marches-de-proximite-la-vente-des-moutons-importes-debutera-jeudi-prochain\/"},"wordCount":775,"commentCount":0,"publisher":{"@id":"https:\/\/lasentinelle.dz\/#organization"},"image":{"@id":"https:\/\/lasentinelle.dz\/index.php\/2025\/04\/26\/elle-se-fera-au-niveau-des-marches-de-proximite-la-vente-des-moutons-importes-debutera-jeudi-prochain\/#primaryimage"},"thumbnailUrl":"https:\/\/lasentinelle.dz\/wp-content\/uploads\/2025\/04\/Moutons-2.jpg","articleSection":["\u00c0 la Une","Actualit\u00e9"],"inLanguage":"fr-FR","potentialAction":[{"@type":"CommentAction","name":"Comment","target":["https:\/\/lasentinelle.dz\/index.php\/2025\/04\/26\/elle-se-fera-au-niveau-des-marches-de-proximite-la-vente-des-moutons-importes-debutera-jeudi-prochain\/#respond"]}]},{"@type":"WebPage","@id":"https:\/\/lasentinelle.dz\/index.php\/2025\/04\/26\/elle-se-fera-au-niveau-des-marches-de-proximite-la-vente-des-moutons-importes-debutera-jeudi-prochain\/","url":"https:\/\/lasentinelle.dz\/index.php\/2025\/04\/26\/elle-se-fera-au-niveau-des-marches-de-proximite-la-vente-des-moutons-importes-debutera-jeudi-prochain\/","name":"Elle se fera au niveau des march\u00e9s de proximit\u00e9 : La vente des moutons import\u00e9s d\u00e9butera jeudi prochain - La Sentinelle","isPartOf":{"@id":"https:\/\/lasentinelle.dz\/#website"},"primaryImageOfPage":{"@id":"https:\/\/lasentinelle.dz\/index.php\/2025\/04\/26\/elle-se-fera-au-niveau-des-marches-de-proximite-la-vente-des-moutons-importes-debutera-jeudi-prochain\/#primaryimage"},"image":{"@id":"https:\/\/lasentinelle.dz\/index.php\/2025\/04\/26\/elle-se-fera-au-niveau-des-marches-de-proximite-la-vente-des-moutons-importes-debutera-jeudi-prochain\/#primaryimage"},"thumbnailUrl":"https:\/\/lasentinelle.dz\/wp-content\/uploads\/2025\/04\/Moutons-2.jpg","datePublished":"2025-04-26T11:59:42+00:00","breadcrumb":{"@id":"https:\/\/lasentinelle.dz\/index.php\/2025\/04\/26\/elle-se-fera-au-niveau-des-marches-de-proximite-la-vente-des-moutons-importes-debutera-jeudi-prochain\/#breadcrumb"},"inLanguage":"fr-FR","potentialAction":[{"@type":"ReadAction","target":["https:\/\/lasentinelle.dz\/index.php\/2025\/04\/26\/elle-se-fera-au-niveau-des-marches-de-proximite-la-vente-des-moutons-importes-debutera-jeudi-prochain\/"]}]},{"@type":"ImageObject","inLanguage":"fr-FR","@id":"https:\/\/lasentinelle.dz\/index.php\/2025\/04\/26\/elle-se-fera-au-niveau-des-marches-de-proximite-la-vente-des-moutons-importes-debutera-jeudi-prochain\/#primaryimage","url":"https:\/\/lasentinelle.dz\/wp-content\/uploads\/2025\/04\/Moutons-2.jpg","contentUrl":"https:\/\/lasentinelle.dz\/wp-content\/uploads\/2025\/04\/Moutons-2.jpg","width":1536,"height":931},{"@type":"BreadcrumbList","@id":"https:\/\/lasentinelle.dz\/index.php\/2025\/04\/26\/elle-se-fera-au-niveau-des-marches-de-proximite-la-vente-des-moutons-importes-debutera-jeudi-prochain\/#breadcrumb","itemListElement":[{"@type":"ListItem","position":1,"name":"Accueil","item":"https:\/\/lasentinelle.dz\/"},{"@type":"ListItem","position":2,"name":"Elle se fera au niveau des march\u00e9s de proximit\u00e9 : La vente des moutons import\u00e9s d\u00e9butera jeudi prochain"}]},{"@type":"WebSite","@id":"https:\/\/lasentinelle.dz\/#website","url":"https:\/\/lasentinelle.dz\/","name":"La Sentinelle","description":"Quotidien national d&#039;information","publisher":{"@id":"https:\/\/lasentinelle.dz\/#organization"},"potentialAction":[{"@type":"SearchAction","target":{"@type":"EntryPoint","urlTemplate":"https:\/\/lasentinelle.dz\/?s={search_term_string}"},"query-input":{"@type":"PropertyValueSpecification","valueRequired":true,"valueName":"search_term_string"}}],"inLanguage":"fr-FR"},{"@type":"Organization","@id":"https:\/\/lasentinelle.dz\/#organization","name":"Quotidien La Sentinelle","url":"https:\/\/lasentinelle.dz\/","logo":{"@type":"ImageObject","inLanguage":"fr-FR","@id":"https:\/\/lasentinelle.dz\/#\/schema\/logo\/image\/","url":"https:\/\/lasentinelle.dz\/wp-content\/uploads\/2021\/09\/logo-sentinelleSLOGAN-1.png","contentUrl":"https:\/\/lasentinelle.dz\/wp-content\/uploads\/2021\/09\/logo-sentinelleSLOGAN-1.png","width":615,"height":142,"caption":"Quotidien La Sentinelle"},"image":{"@id":"https:\/\/lasentinelle.dz\/#\/schema\/logo\/image\/"},"sameAs":["https:\/\/www.facebook.com\/La-Sentinelle-104059864394773"]},{"@type":"Person","@id":"https:\/\/lasentinelle.dz\/#\/schema\/person\/729ee0024f24e0b8c5ec17232f8e8b41","name":"admin","image":{"@type":"ImageObject","inLanguage":"fr-FR","@id":"https:\/\/secure.gravatar.com\/avatar\/4c81fed838786e9b53f540bf46533e750f5d292099ae3b66cfc6fb1982e29df7?s=96&d=mm&r=g","url":"https:\/\/secure.gravatar.com\/avatar\/4c81fed838786e9b53f540bf46533e750f5d292099ae3b66cfc6fb1982e29df7?s=96&d=mm&r=g","contentUrl":"https:\/\/secure.gravatar.com\/avatar\/4c81fed838786e9b53f540bf46533e750f5d292099ae3b66cfc6fb1982e29df7?s=96&d=mm&r=g","caption":"admin"},"description":"admin","url":"https:\/\/lasentinelle.dz\/author\/admin\/"}]}},"_links":{"self":[{"href":"https:\/\/lasentinelle.dz\/index.php\/wp-json\/wp\/v2\/posts\/66409","targetHints":{"allow":["GET"]}}],"collection":[{"href":"https:\/\/lasentinelle.dz\/index.php\/wp-json\/wp\/v2\/posts"}],"about":[{"href":"https:\/\/lasentinelle.dz\/index.php\/wp-json\/wp\/v2\/types\/post"}],"author":[{"embeddable":true,"href":"https:\/\/lasentinelle.dz\/index.php\/wp-json\/wp\/v2\/users\/6"}],"replies":[{"embeddable":true,"href":"https:\/\/lasentinelle.dz\/index.php\/wp-json\/wp\/v2\/comments?post=66409"}],"version-history":[{"count":1,"href":"https:\/\/lasentinelle.dz\/index.php\/wp-json\/wp\/v2\/posts\/66409\/revisions"}],"predecessor-version":[{"id":66411,"href":"https:\/\/lasentinelle.dz\/index.php\/wp-json\/wp\/v2\/posts\/66409\/revisions\/66411"}],"wp:featuredmedia":[{"embeddable":true,"href":"https:\/\/lasentinelle.dz\/index.php\/wp-json\/wp\/v2\/media\/66410"}],"wp:attachment":[{"href":"https:\/\/lasentinelle.dz\/index.php\/wp-json\/wp\/v2\/media?parent=66409"}],"wp:term":[{"taxonomy":"category","embeddable":true,"href":"https:\/\/lasentinelle.dz\/index.php\/wp-json\/wp\/v2\/categories?post=66409"},{"taxonomy":"post_tag","embeddable":true,"href":"https:\/\/lasentinelle.dz\/index.php\/wp-json\/wp\/v2\/tags?post=66409"}],"curies":[{"name":"wp","href":"https:\/\/api.w.org\/{rel}","templated":true}]}}