{"id":66412,"date":"2025-04-26T13:00:46","date_gmt":"2025-04-26T12:00:46","guid":{"rendered":"https:\/\/lasentinelle.dz\/?p=66412"},"modified":"2025-04-26T13:00:47","modified_gmt":"2025-04-26T12:00:47","slug":"la-nouvelle-ligne-ferroviaire-bechar-abadla-inaugure-le-rail-un-pivot-du-developpement-economique-du-sud-ouest","status":"publish","type":"post","link":"https:\/\/lasentinelle.dz\/index.php\/2025\/04\/26\/la-nouvelle-ligne-ferroviaire-bechar-abadla-inaugure-le-rail-un-pivot-du-developpement-economique-du-sud-ouest\/","title":{"rendered":"La nouvelle ligne ferroviaire Bechar-Abadla inaugur\u00e9 : Le rail, un pivot du d\u00e9veloppement \u00e9conomique du Sud-Ouest"},"content":{"rendered":"\n<p>La ligne ferroviaire Bechar-Abadla a \u00e9t\u00e9 inaugur\u00e9e jeudi par le pr\u00e9sident de la R\u00e9publique alg\u00e9rienne, M. Abdelmadjid Tebboune, \u00e0 l&rsquo;occasion de sa visite dans la wilaya de B\u00e9char. Cette infrastructure de 100 km, bien plus qu&rsquo;un simple tron\u00e7on ferroviaire, s&rsquo;inscrit dans une vision strat\u00e9gique globale visant \u00e0 d\u00e9senclaver les r\u00e9gions du Sud-Ouest alg\u00e9rien et \u00e0 valoriser leurs immenses ressources naturelles. Composante essentielle de l&rsquo;ambitieuse ligne Bechar &#8211; Gara Djebilet (950 km), ce projet s&rsquo;int\u00e8gre dans le m\u00e9gaprojet de la voie ferroviaire mini\u00e8re Ouest reliant Oran-Bechar-Tindouf-Gara Djebilet, cr\u00e9ant ainsi un corridor \u00e9conomique vital pour toute la r\u00e9gion. Cette r\u00e9alisation transforme profond\u00e9ment les perspectives de d\u00e9veloppement local en facilitant le transport des richesses mini\u00e8res de Gara Djebilet, l&rsquo;un des plus grands gisements de fer au monde avec des r\u00e9serves estim\u00e9es \u00e0 plus de 3 milliards de tonnes. Le positionnement strat\u00e9gique de cette ligne lui conf\u00e8re un r\u00f4le de catalyseur pour l&rsquo;\u00e9mergence d&rsquo;un p\u00f4le industriel r\u00e9gional puissant, capable de g\u00e9n\u00e9rer des milliers d&#8217;emplois dans une zone traditionnellement marginalis\u00e9e. L&rsquo;importance de cette infrastructure d\u00e9passe largement le cadre local pour s&rsquo;inscrire dans la strat\u00e9gie nationale de diversification \u00e9conomique et d&rsquo;ind\u00e9pendance industrielle. En cr\u00e9ant un point de jonction avec la future ligne ferroviaire Bechar-Adrar, ce projet renforce l&rsquo;interconnexion des diff\u00e9rentes r\u00e9gions du Sud et facilite la mobilit\u00e9 des personnes et des marchandises dans des zones auparavant isol\u00e9es. La dimension technique du projet t\u00e9moigne de son envergure exceptionnelle : 1,4 million de m\u00e8tres cubes de d\u00e9blais, 8 millions de m\u00e8tres cubes de remblais, 14.653 tonnes de rails et 102.031 traverses ont \u00e9t\u00e9 n\u00e9cessaires \u00e0 sa r\u00e9alisation. Les d\u00e9fis g\u00e9ographiques et climatiques ont \u00e9t\u00e9 relev\u00e9s gr\u00e2ce \u00e0 la construction de 181 passages de buse, 58 dalots pr\u00e9fabriqu\u00e9s, 12 dalots coul\u00e9s sur place, 494 t\u00eates d&rsquo;ouvrage, 5 viaducs, 12 passages inf\u00e9rieurs et 3 ouvrages cadres. La gare d&rsquo;Abadla, v\u00e9ritable joyau architectural moderne s&rsquo;\u00e9tendant sur 1.783 m\u00e8tres carr\u00e9s, symbolise l&rsquo;ambition du projet avec son b\u00e2timent R+1 abritant des espaces commerciaux et administratifs, son \u00e9l\u00e9ment vertical remarquable surmont\u00e9 d&rsquo;une horloge urbaine, ses deux quais abrit\u00e9s pour les voyageurs et ses 6.323 m\u00e8tres carr\u00e9s d&rsquo;espaces ext\u00e9rieurs incluant parking et espaces verts. Cette r\u00e9alisation, int\u00e9gralement men\u00e9e par des entreprises publiques alg\u00e9riennes regroup\u00e9es au sein du groupement ferroviaire Bechar-Hammaguir (Cosider, EPTP-Alger, SeroEst, ENGOA, Cosider-OA et Infrarail), t\u00e9moigne de la volont\u00e9 politique de faire appel prioritairement aux comp\u00e9tences nationales pour les grands projets structurants. La ligne Bechar-Abadla s&rsquo;inscrit \u00e9galement dans une perspective de d\u00e9veloppement durable en favorisant le transport ferroviaire, moins polluant que le transport routier. Elle contribue ainsi \u00e0 r\u00e9duire l&#8217;empreinte carbone du d\u00e9veloppement \u00e9conomique r\u00e9gional tout en pr\u00e9servant l&rsquo;environnement fragile des zones d\u00e9sertiques travers\u00e9es. Cet investissement infrastructurel majeur repr\u00e9sente un engagement concret de l&rsquo;\u00c9tat envers le d\u00e9veloppement \u00e9quilibr\u00e9 du territoire national et la r\u00e9duction des disparit\u00e9s r\u00e9gionales. En d\u00e9senclavant les wilayas du Sud-Ouest, cette ligne ferroviaire cr\u00e9e les conditions d&rsquo;une nouvelle dynamique \u00e9conomique capable d&rsquo;attirer investissements et populations dans ces territoires aux potentialit\u00e9s sous-exploit\u00e9es. La mise en service de ce tron\u00e7on constitue donc bien plus qu&rsquo;une simple infrastructure de transport : elle incarne la vision strat\u00e9gique d&rsquo;une Alg\u00e9rie cherchant \u00e0 valoriser l&rsquo;ensemble de ses ressources territoriales et \u00e0 construire un mod\u00e8le de d\u00e9veloppement inclusif et durable.<\/p>\n\n\n\n<p>Sabrina Aziouez<\/p>\n","protected":false},"excerpt":{"rendered":"<p>La ligne ferroviaire Bechar-Abadla a \u00e9t\u00e9 inaugur\u00e9e jeudi par le pr\u00e9sident de la R\u00e9publique alg\u00e9rienne, M. Abdelmadjid Tebboune, \u00e0 l&rsquo;occasion<\/p>\n","protected":false},"author":6,"featured_media":66413,"comment_status":"open","ping_status":"closed","sticky":false,"template":"","format":"standard","meta":{"colormag_page_container_layout":"default_layout","colormag_page_sidebar_layout":"default_layout","om_disable_all_campaigns":false,"_monsterinsights_skip_tracking":false,"_monsterinsights_sitenote_active":false,"_monsterinsights_sitenote_note":"","_monsterinsights_sitenote_category":0,"footnotes":"","_wpscppro_dont_share_socialmedia":false,"_wpscppro_custom_social_share_image":0,"_facebook_share_type":"default","_twitter_share_type":"default","_linkedin_share_type":"default","_pinterest_share_type":"default","_linkedin_share_type_page":"","_instagram_share_type":"default","_medium_share_type":"default","_threads_share_type":"","_google_business_share_type":"","_selected_social_profile":[],"_wpsp_enable_custom_social_template":false,"_wpsp_social_scheduling":{"enabled":false,"datetime":null,"platforms":[],"status":"template_only","dateOption":"today","timeOption":"now","customDays":"","customHours":"","customDate":"","customTime":"","schedulingType":"absolute"},"_wpsp_active_default_template":true},"categories":[27],"tags":[],"class_list":["post-66412","post","type-post","status-publish","format-standard","has-post-thumbnail","hentry","category-actualite"],"aioseo_notices":[],"yoast_head":"<!-- This site is optimized with the Yoast SEO plugin v27.5 - https:\/\/yoast.com\/product\/yoast-seo-wordpress\/ -->\n<title>La nouvelle ligne ferroviaire Bechar-Abadla inaugur\u00e9 : Le rail, un pivot du d\u00e9veloppement \u00e9conomique du Sud-Ouest - La Sentinelle<\/title>\n<meta name=\"robots\" content=\"index, follow, max-snippet:-1, max-image-preview:large, max-video-preview:-1\" \/>\n<link rel=\"canonical\" href=\"https:\/\/lasentinelle.dz\/index.php\/2025\/04\/26\/la-nouvelle-ligne-ferroviaire-bechar-abadla-inaugure-le-rail-un-pivot-du-developpement-economique-du-sud-ouest\/\" \/>\n<meta property=\"og:locale\" content=\"fr_FR\" \/>\n<meta property=\"og:type\" content=\"article\" \/>\n<meta property=\"og:title\" content=\"La nouvelle ligne ferroviaire Bechar-Abadla inaugur\u00e9 : Le rail, un pivot du d\u00e9veloppement \u00e9conomique du Sud-Ouest - La Sentinelle\" \/>\n<meta property=\"og:description\" content=\"La ligne ferroviaire Bechar-Abadla a \u00e9t\u00e9 inaugur\u00e9e jeudi par le pr\u00e9sident de la R\u00e9publique alg\u00e9rienne, M. Abdelmadjid Tebboune, \u00e0 l&rsquo;occasion\" \/>\n<meta property=\"og:url\" content=\"https:\/\/lasentinelle.dz\/index.php\/2025\/04\/26\/la-nouvelle-ligne-ferroviaire-bechar-abadla-inaugure-le-rail-un-pivot-du-developpement-economique-du-sud-ouest\/\" \/>\n<meta property=\"og:site_name\" content=\"La Sentinelle\" \/>\n<meta property=\"article:publisher\" content=\"https:\/\/www.facebook.com\/La-Sentinelle-104059864394773\" \/>\n<meta property=\"article:published_time\" content=\"2025-04-26T12:00:46+00:00\" \/>\n<meta property=\"article:modified_time\" content=\"2025-04-26T12:00:47+00:00\" \/>\n<meta property=\"og:image\" content=\"https:\/\/lasentinelle.dz\/wp-content\/uploads\/2025\/04\/train.jpg\" \/>\n\t<meta property=\"og:image:width\" content=\"1280\" \/>\n\t<meta property=\"og:image:height\" content=\"853\" \/>\n\t<meta property=\"og:image:type\" content=\"image\/jpeg\" \/>\n<meta name=\"author\" content=\"admin\" \/>\n<meta name=\"twitter:card\" content=\"summary_large_image\" \/>\n<meta name=\"twitter:label1\" content=\"\u00c9crit par\" \/>\n\t<meta name=\"twitter:data1\" content=\"admin\" \/>\n\t<meta name=\"twitter:label2\" content=\"Dur\u00e9e de lecture estim\u00e9e\" \/>\n\t<meta name=\"twitter:data2\" content=\"3 minutes\" \/>\n<script type=\"application\/ld+json\" class=\"yoast-schema-graph\">{\"@context\":\"https:\\\/\\\/schema.org\",\"@graph\":[{\"@type\":\"Article\",\"@id\":\"https:\\\/\\\/lasentinelle.dz\\\/index.php\\\/2025\\\/04\\\/26\\\/la-nouvelle-ligne-ferroviaire-bechar-abadla-inaugure-le-rail-un-pivot-du-developpement-economique-du-sud-ouest\\\/#article\",\"isPartOf\":{\"@id\":\"https:\\\/\\\/lasentinelle.dz\\\/index.php\\\/2025\\\/04\\\/26\\\/la-nouvelle-ligne-ferroviaire-bechar-abadla-inaugure-le-rail-un-pivot-du-developpement-economique-du-sud-ouest\\\/\"},\"author\":{\"name\":\"admin\",\"@id\":\"https:\\\/\\\/lasentinelle.dz\\\/#\\\/schema\\\/person\\\/729ee0024f24e0b8c5ec17232f8e8b41\"},\"headline\":\"La nouvelle ligne ferroviaire Bechar-Abadla inaugur\u00e9 : Le rail, un pivot du d\u00e9veloppement \u00e9conomique du Sud-Ouest\",\"datePublished\":\"2025-04-26T12:00:46+00:00\",\"dateModified\":\"2025-04-26T12:00:47+00:00\",\"mainEntityOfPage\":{\"@id\":\"https:\\\/\\\/lasentinelle.dz\\\/index.php\\\/2025\\\/04\\\/26\\\/la-nouvelle-ligne-ferroviaire-bechar-abadla-inaugure-le-rail-un-pivot-du-developpement-economique-du-sud-ouest\\\/\"},\"wordCount\":630,\"commentCount\":0,\"publisher\":{\"@id\":\"https:\\\/\\\/lasentinelle.dz\\\/#organization\"},\"image\":{\"@id\":\"https:\\\/\\\/lasentinelle.dz\\\/index.php\\\/2025\\\/04\\\/26\\\/la-nouvelle-ligne-ferroviaire-bechar-abadla-inaugure-le-rail-un-pivot-du-developpement-economique-du-sud-ouest\\\/#primaryimage\"},\"thumbnailUrl\":\"https:\\\/\\\/lasentinelle.dz\\\/wp-content\\\/uploads\\\/2025\\\/04\\\/train.jpg\",\"articleSection\":[\"Actualit\u00e9\"],\"inLanguage\":\"fr-FR\",\"potentialAction\":[{\"@type\":\"CommentAction\",\"name\":\"Comment\",\"target\":[\"https:\\\/\\\/lasentinelle.dz\\\/index.php\\\/2025\\\/04\\\/26\\\/la-nouvelle-ligne-ferroviaire-bechar-abadla-inaugure-le-rail-un-pivot-du-developpement-economique-du-sud-ouest\\\/#respond\"]}]},{\"@type\":\"WebPage\",\"@id\":\"https:\\\/\\\/lasentinelle.dz\\\/index.php\\\/2025\\\/04\\\/26\\\/la-nouvelle-ligne-ferroviaire-bechar-abadla-inaugure-le-rail-un-pivot-du-developpement-economique-du-sud-ouest\\\/\",\"url\":\"https:\\\/\\\/lasentinelle.dz\\\/index.php\\\/2025\\\/04\\\/26\\\/la-nouvelle-ligne-ferroviaire-bechar-abadla-inaugure-le-rail-un-pivot-du-developpement-economique-du-sud-ouest\\\/\",\"name\":\"La nouvelle ligne ferroviaire Bechar-Abadla inaugur\u00e9 : Le rail, un pivot du d\u00e9veloppement \u00e9conomique du Sud-Ouest - La Sentinelle\",\"isPartOf\":{\"@id\":\"https:\\\/\\\/lasentinelle.dz\\\/#website\"},\"primaryImageOfPage\":{\"@id\":\"https:\\\/\\\/lasentinelle.dz\\\/index.php\\\/2025\\\/04\\\/26\\\/la-nouvelle-ligne-ferroviaire-bechar-abadla-inaugure-le-rail-un-pivot-du-developpement-economique-du-sud-ouest\\\/#primaryimage\"},\"image\":{\"@id\":\"https:\\\/\\\/lasentinelle.dz\\\/index.php\\\/2025\\\/04\\\/26\\\/la-nouvelle-ligne-ferroviaire-bechar-abadla-inaugure-le-rail-un-pivot-du-developpement-economique-du-sud-ouest\\\/#primaryimage\"},\"thumbnailUrl\":\"https:\\\/\\\/lasentinelle.dz\\\/wp-content\\\/uploads\\\/2025\\\/04\\\/train.jpg\",\"datePublished\":\"2025-04-26T12:00:46+00:00\",\"dateModified\":\"2025-04-26T12:00:47+00:00\",\"breadcrumb\":{\"@id\":\"https:\\\/\\\/lasentinelle.dz\\\/index.php\\\/2025\\\/04\\\/26\\\/la-nouvelle-ligne-ferroviaire-bechar-abadla-inaugure-le-rail-un-pivot-du-developpement-economique-du-sud-ouest\\\/#breadcrumb\"},\"inLanguage\":\"fr-FR\",\"potentialAction\":[{\"@type\":\"ReadAction\",\"target\":[\"https:\\\/\\\/lasentinelle.dz\\\/index.php\\\/2025\\\/04\\\/26\\\/la-nouvelle-ligne-ferroviaire-bechar-abadla-inaugure-le-rail-un-pivot-du-developpement-economique-du-sud-ouest\\\/\"]}]},{\"@type\":\"ImageObject\",\"inLanguage\":\"fr-FR\",\"@id\":\"https:\\\/\\\/lasentinelle.dz\\\/index.php\\\/2025\\\/04\\\/26\\\/la-nouvelle-ligne-ferroviaire-bechar-abadla-inaugure-le-rail-un-pivot-du-developpement-economique-du-sud-ouest\\\/#primaryimage\",\"url\":\"https:\\\/\\\/lasentinelle.dz\\\/wp-content\\\/uploads\\\/2025\\\/04\\\/train.jpg\",\"contentUrl\":\"https:\\\/\\\/lasentinelle.dz\\\/wp-content\\\/uploads\\\/2025\\\/04\\\/train.jpg\",\"width\":1280,\"height\":853},{\"@type\":\"BreadcrumbList\",\"@id\":\"https:\\\/\\\/lasentinelle.dz\\\/index.php\\\/2025\\\/04\\\/26\\\/la-nouvelle-ligne-ferroviaire-bechar-abadla-inaugure-le-rail-un-pivot-du-developpement-economique-du-sud-ouest\\\/#breadcrumb\",\"itemListElement\":[{\"@type\":\"ListItem\",\"position\":1,\"name\":\"Accueil\",\"item\":\"https:\\\/\\\/lasentinelle.dz\\\/\"},{\"@type\":\"ListItem\",\"position\":2,\"name\":\"La nouvelle ligne ferroviaire Bechar-Abadla inaugur\u00e9 : Le rail, un pivot du d\u00e9veloppement \u00e9conomique du Sud-Ouest\"}]},{\"@type\":\"WebSite\",\"@id\":\"https:\\\/\\\/lasentinelle.dz\\\/#website\",\"url\":\"https:\\\/\\\/lasentinelle.dz\\\/\",\"name\":\"La Sentinelle\",\"description\":\"Quotidien national d&#039;information\",\"publisher\":{\"@id\":\"https:\\\/\\\/lasentinelle.dz\\\/#organization\"},\"potentialAction\":[{\"@type\":\"SearchAction\",\"target\":{\"@type\":\"EntryPoint\",\"urlTemplate\":\"https:\\\/\\\/lasentinelle.dz\\\/?s={search_term_string}\"},\"query-input\":{\"@type\":\"PropertyValueSpecification\",\"valueRequired\":true,\"valueName\":\"search_term_string\"}}],\"inLanguage\":\"fr-FR\"},{\"@type\":\"Organization\",\"@id\":\"https:\\\/\\\/lasentinelle.dz\\\/#organization\",\"name\":\"Quotidien La Sentinelle\",\"url\":\"https:\\\/\\\/lasentinelle.dz\\\/\",\"logo\":{\"@type\":\"ImageObject\",\"inLanguage\":\"fr-FR\",\"@id\":\"https:\\\/\\\/lasentinelle.dz\\\/#\\\/schema\\\/logo\\\/image\\\/\",\"url\":\"https:\\\/\\\/lasentinelle.dz\\\/wp-content\\\/uploads\\\/2021\\\/09\\\/logo-sentinelleSLOGAN-1.png\",\"contentUrl\":\"https:\\\/\\\/lasentinelle.dz\\\/wp-content\\\/uploads\\\/2021\\\/09\\\/logo-sentinelleSLOGAN-1.png\",\"width\":615,\"height\":142,\"caption\":\"Quotidien La Sentinelle\"},\"image\":{\"@id\":\"https:\\\/\\\/lasentinelle.dz\\\/#\\\/schema\\\/logo\\\/image\\\/\"},\"sameAs\":[\"https:\\\/\\\/www.facebook.com\\\/La-Sentinelle-104059864394773\"]},{\"@type\":\"Person\",\"@id\":\"https:\\\/\\\/lasentinelle.dz\\\/#\\\/schema\\\/person\\\/729ee0024f24e0b8c5ec17232f8e8b41\",\"name\":\"admin\",\"image\":{\"@type\":\"ImageObject\",\"inLanguage\":\"fr-FR\",\"@id\":\"https:\\\/\\\/secure.gravatar.com\\\/avatar\\\/4c81fed838786e9b53f540bf46533e750f5d292099ae3b66cfc6fb1982e29df7?s=96&d=mm&r=g\",\"url\":\"https:\\\/\\\/secure.gravatar.com\\\/avatar\\\/4c81fed838786e9b53f540bf46533e750f5d292099ae3b66cfc6fb1982e29df7?s=96&d=mm&r=g\",\"contentUrl\":\"https:\\\/\\\/secure.gravatar.com\\\/avatar\\\/4c81fed838786e9b53f540bf46533e750f5d292099ae3b66cfc6fb1982e29df7?s=96&d=mm&r=g\",\"caption\":\"admin\"},\"description\":\"admin\",\"url\":\"https:\\\/\\\/lasentinelle.dz\\\/author\\\/admin\\\/\"}]}<\/script>\n<!-- \/ Yoast SEO plugin. -->","yoast_head_json":{"title":"La nouvelle ligne ferroviaire Bechar-Abadla inaugur\u00e9 : Le rail, un pivot du d\u00e9veloppement \u00e9conomique du Sud-Ouest - La Sentinelle","robots":{"index":"index","follow":"follow","max-snippet":"max-snippet:-1","max-image-preview":"max-image-preview:large","max-video-preview":"max-video-preview:-1"},"canonical":"https:\/\/lasentinelle.dz\/index.php\/2025\/04\/26\/la-nouvelle-ligne-ferroviaire-bechar-abadla-inaugure-le-rail-un-pivot-du-developpement-economique-du-sud-ouest\/","og_locale":"fr_FR","og_type":"article","og_title":"La nouvelle ligne ferroviaire Bechar-Abadla inaugur\u00e9 : Le rail, un pivot du d\u00e9veloppement \u00e9conomique du Sud-Ouest - La Sentinelle","og_description":"La ligne ferroviaire Bechar-Abadla a \u00e9t\u00e9 inaugur\u00e9e jeudi par le pr\u00e9sident de la R\u00e9publique alg\u00e9rienne, M. Abdelmadjid Tebboune, \u00e0 l&rsquo;occasion","og_url":"https:\/\/lasentinelle.dz\/index.php\/2025\/04\/26\/la-nouvelle-ligne-ferroviaire-bechar-abadla-inaugure-le-rail-un-pivot-du-developpement-economique-du-sud-ouest\/","og_site_name":"La Sentinelle","article_publisher":"https:\/\/www.facebook.com\/La-Sentinelle-104059864394773","article_published_time":"2025-04-26T12:00:46+00:00","article_modified_time":"2025-04-26T12:00:47+00:00","og_image":[{"width":1280,"height":853,"url":"https:\/\/lasentinelle.dz\/wp-content\/uploads\/2025\/04\/train.jpg","type":"image\/jpeg"}],"author":"admin","twitter_card":"summary_large_image","twitter_misc":{"\u00c9crit par":"admin","Dur\u00e9e de lecture estim\u00e9e":"3 minutes"},"schema":{"@context":"https:\/\/schema.org","@graph":[{"@type":"Article","@id":"https:\/\/lasentinelle.dz\/index.php\/2025\/04\/26\/la-nouvelle-ligne-ferroviaire-bechar-abadla-inaugure-le-rail-un-pivot-du-developpement-economique-du-sud-ouest\/#article","isPartOf":{"@id":"https:\/\/lasentinelle.dz\/index.php\/2025\/04\/26\/la-nouvelle-ligne-ferroviaire-bechar-abadla-inaugure-le-rail-un-pivot-du-developpement-economique-du-sud-ouest\/"},"author":{"name":"admin","@id":"https:\/\/lasentinelle.dz\/#\/schema\/person\/729ee0024f24e0b8c5ec17232f8e8b41"},"headline":"La nouvelle ligne ferroviaire Bechar-Abadla inaugur\u00e9 : Le rail, un pivot du d\u00e9veloppement \u00e9conomique du Sud-Ouest","datePublished":"2025-04-26T12:00:46+00:00","dateModified":"2025-04-26T12:00:47+00:00","mainEntityOfPage":{"@id":"https:\/\/lasentinelle.dz\/index.php\/2025\/04\/26\/la-nouvelle-ligne-ferroviaire-bechar-abadla-inaugure-le-rail-un-pivot-du-developpement-economique-du-sud-ouest\/"},"wordCount":630,"commentCount":0,"publisher":{"@id":"https:\/\/lasentinelle.dz\/#organization"},"image":{"@id":"https:\/\/lasentinelle.dz\/index.php\/2025\/04\/26\/la-nouvelle-ligne-ferroviaire-bechar-abadla-inaugure-le-rail-un-pivot-du-developpement-economique-du-sud-ouest\/#primaryimage"},"thumbnailUrl":"https:\/\/lasentinelle.dz\/wp-content\/uploads\/2025\/04\/train.jpg","articleSection":["Actualit\u00e9"],"inLanguage":"fr-FR","potentialAction":[{"@type":"CommentAction","name":"Comment","target":["https:\/\/lasentinelle.dz\/index.php\/2025\/04\/26\/la-nouvelle-ligne-ferroviaire-bechar-abadla-inaugure-le-rail-un-pivot-du-developpement-economique-du-sud-ouest\/#respond"]}]},{"@type":"WebPage","@id":"https:\/\/lasentinelle.dz\/index.php\/2025\/04\/26\/la-nouvelle-ligne-ferroviaire-bechar-abadla-inaugure-le-rail-un-pivot-du-developpement-economique-du-sud-ouest\/","url":"https:\/\/lasentinelle.dz\/index.php\/2025\/04\/26\/la-nouvelle-ligne-ferroviaire-bechar-abadla-inaugure-le-rail-un-pivot-du-developpement-economique-du-sud-ouest\/","name":"La nouvelle ligne ferroviaire Bechar-Abadla inaugur\u00e9 : Le rail, un pivot du d\u00e9veloppement \u00e9conomique du Sud-Ouest - La Sentinelle","isPartOf":{"@id":"https:\/\/lasentinelle.dz\/#website"},"primaryImageOfPage":{"@id":"https:\/\/lasentinelle.dz\/index.php\/2025\/04\/26\/la-nouvelle-ligne-ferroviaire-bechar-abadla-inaugure-le-rail-un-pivot-du-developpement-economique-du-sud-ouest\/#primaryimage"},"image":{"@id":"https:\/\/lasentinelle.dz\/index.php\/2025\/04\/26\/la-nouvelle-ligne-ferroviaire-bechar-abadla-inaugure-le-rail-un-pivot-du-developpement-economique-du-sud-ouest\/#primaryimage"},"thumbnailUrl":"https:\/\/lasentinelle.dz\/wp-content\/uploads\/2025\/04\/train.jpg","datePublished":"2025-04-26T12:00:46+00:00","dateModified":"2025-04-26T12:00:47+00:00","breadcrumb":{"@id":"https:\/\/lasentinelle.dz\/index.php\/2025\/04\/26\/la-nouvelle-ligne-ferroviaire-bechar-abadla-inaugure-le-rail-un-pivot-du-developpement-economique-du-sud-ouest\/#breadcrumb"},"inLanguage":"fr-FR","potentialAction":[{"@type":"ReadAction","target":["https:\/\/lasentinelle.dz\/index.php\/2025\/04\/26\/la-nouvelle-ligne-ferroviaire-bechar-abadla-inaugure-le-rail-un-pivot-du-developpement-economique-du-sud-ouest\/"]}]},{"@type":"ImageObject","inLanguage":"fr-FR","@id":"https:\/\/lasentinelle.dz\/index.php\/2025\/04\/26\/la-nouvelle-ligne-ferroviaire-bechar-abadla-inaugure-le-rail-un-pivot-du-developpement-economique-du-sud-ouest\/#primaryimage","url":"https:\/\/lasentinelle.dz\/wp-content\/uploads\/2025\/04\/train.jpg","contentUrl":"https:\/\/lasentinelle.dz\/wp-content\/uploads\/2025\/04\/train.jpg","width":1280,"height":853},{"@type":"BreadcrumbList","@id":"https:\/\/lasentinelle.dz\/index.php\/2025\/04\/26\/la-nouvelle-ligne-ferroviaire-bechar-abadla-inaugure-le-rail-un-pivot-du-developpement-economique-du-sud-ouest\/#breadcrumb","itemListElement":[{"@type":"ListItem","position":1,"name":"Accueil","item":"https:\/\/lasentinelle.dz\/"},{"@type":"ListItem","position":2,"name":"La nouvelle ligne ferroviaire Bechar-Abadla inaugur\u00e9 : Le rail, un pivot du d\u00e9veloppement \u00e9conomique du Sud-Ouest"}]},{"@type":"WebSite","@id":"https:\/\/lasentinelle.dz\/#website","url":"https:\/\/lasentinelle.dz\/","name":"La Sentinelle","description":"Quotidien national d&#039;information","publisher":{"@id":"https:\/\/lasentinelle.dz\/#organization"},"potentialAction":[{"@type":"SearchAction","target":{"@type":"EntryPoint","urlTemplate":"https:\/\/lasentinelle.dz\/?s={search_term_string}"},"query-input":{"@type":"PropertyValueSpecification","valueRequired":true,"valueName":"search_term_string"}}],"inLanguage":"fr-FR"},{"@type":"Organization","@id":"https:\/\/lasentinelle.dz\/#organization","name":"Quotidien La Sentinelle","url":"https:\/\/lasentinelle.dz\/","logo":{"@type":"ImageObject","inLanguage":"fr-FR","@id":"https:\/\/lasentinelle.dz\/#\/schema\/logo\/image\/","url":"https:\/\/lasentinelle.dz\/wp-content\/uploads\/2021\/09\/logo-sentinelleSLOGAN-1.png","contentUrl":"https:\/\/lasentinelle.dz\/wp-content\/uploads\/2021\/09\/logo-sentinelleSLOGAN-1.png","width":615,"height":142,"caption":"Quotidien La Sentinelle"},"image":{"@id":"https:\/\/lasentinelle.dz\/#\/schema\/logo\/image\/"},"sameAs":["https:\/\/www.facebook.com\/La-Sentinelle-104059864394773"]},{"@type":"Person","@id":"https:\/\/lasentinelle.dz\/#\/schema\/person\/729ee0024f24e0b8c5ec17232f8e8b41","name":"admin","image":{"@type":"ImageObject","inLanguage":"fr-FR","@id":"https:\/\/secure.gravatar.com\/avatar\/4c81fed838786e9b53f540bf46533e750f5d292099ae3b66cfc6fb1982e29df7?s=96&d=mm&r=g","url":"https:\/\/secure.gravatar.com\/avatar\/4c81fed838786e9b53f540bf46533e750f5d292099ae3b66cfc6fb1982e29df7?s=96&d=mm&r=g","contentUrl":"https:\/\/secure.gravatar.com\/avatar\/4c81fed838786e9b53f540bf46533e750f5d292099ae3b66cfc6fb1982e29df7?s=96&d=mm&r=g","caption":"admin"},"description":"admin","url":"https:\/\/lasentinelle.dz\/author\/admin\/"}]}},"_links":{"self":[{"href":"https:\/\/lasentinelle.dz\/index.php\/wp-json\/wp\/v2\/posts\/66412","targetHints":{"allow":["GET"]}}],"collection":[{"href":"https:\/\/lasentinelle.dz\/index.php\/wp-json\/wp\/v2\/posts"}],"about":[{"href":"https:\/\/lasentinelle.dz\/index.php\/wp-json\/wp\/v2\/types\/post"}],"author":[{"embeddable":true,"href":"https:\/\/lasentinelle.dz\/index.php\/wp-json\/wp\/v2\/users\/6"}],"replies":[{"embeddable":true,"href":"https:\/\/lasentinelle.dz\/index.php\/wp-json\/wp\/v2\/comments?post=66412"}],"version-history":[{"count":1,"href":"https:\/\/lasentinelle.dz\/index.php\/wp-json\/wp\/v2\/posts\/66412\/revisions"}],"predecessor-version":[{"id":66414,"href":"https:\/\/lasentinelle.dz\/index.php\/wp-json\/wp\/v2\/posts\/66412\/revisions\/66414"}],"wp:featuredmedia":[{"embeddable":true,"href":"https:\/\/lasentinelle.dz\/index.php\/wp-json\/wp\/v2\/media\/66413"}],"wp:attachment":[{"href":"https:\/\/lasentinelle.dz\/index.php\/wp-json\/wp\/v2\/media?parent=66412"}],"wp:term":[{"taxonomy":"category","embeddable":true,"href":"https:\/\/lasentinelle.dz\/index.php\/wp-json\/wp\/v2\/categories?post=66412"},{"taxonomy":"post_tag","embeddable":true,"href":"https:\/\/lasentinelle.dz\/index.php\/wp-json\/wp\/v2\/tags?post=66412"}],"curies":[{"name":"wp","href":"https:\/\/api.w.org\/{rel}","templated":true}]}}