{"id":66466,"date":"2025-04-27T13:27:43","date_gmt":"2025-04-27T12:27:43","guid":{"rendered":"https:\/\/lasentinelle.dz\/?p=66466"},"modified":"2025-04-27T13:27:44","modified_gmt":"2025-04-27T12:27:44","slug":"3270-ecoles-dotees-de-tablettes-electroniques-a-lechelle-nationale","status":"publish","type":"post","link":"https:\/\/lasentinelle.dz\/index.php\/2025\/04\/27\/3270-ecoles-dotees-de-tablettes-electroniques-a-lechelle-nationale\/","title":{"rendered":"3270 \u00e9coles dot\u00e9es de tablettes \u00e9lectroniques \u00e0 l&rsquo;\u00e9chelle nationale"},"content":{"rendered":"\n<p>Un total de 3270 \u00e9coles ont \u00e9t\u00e9 dot\u00e9es de tablettes \u00e9lectroniques \u00e0 l&rsquo;\u00e9chelle nationale, a fait savoir, samedi, le directeur des syst\u00e8mes d&rsquo;information au minist\u00e8re de l&rsquo;Education nationale, Amara Ghalem. Intervenant en marge de la conf\u00e9rence nationale sur \u00ab\u00a0l&rsquo;\u00e9valuation de la transition num\u00e9rique dans le secteur de l&rsquo;\u00e9ducation nationale\u00a0\u00bb, dont les travaux se poursuivent pour deux jours, M. Ghalem a d\u00e9clar\u00e9 \u00e0 l&rsquo;APS que \u00ab\u00a0le minist\u00e8re avait mis\u00e9 sur l&rsquo;\u00e9quipement d&rsquo;au moins une \u00e9cole par commune \u00e0 travers le territoire national en tablettes \u00e9lectroniques\u00a0\u00bb. Soulignant que \u00ab\u00a0le nombre des \u00e9coles \u00e9quip\u00e9es en tablettes \u00e0 ce jour s&rsquo;\u00e9l\u00e8ve \u00e0 3270\u00a0\u00bb, l&rsquo;intervenant a ajout\u00e9 que le minist\u00e8re compte couvrir \u00ab\u00a050% des \u00e9coles primaires par ces \u00e9quipements avant la prochaine rentr\u00e9e scolaire\u00a0\u00bb. Il a \u00e9voqu\u00e9, dans ce sens, \u00ab\u00a0les \u00e9tapes importantes franchies par le minist\u00e8re de l&rsquo;Education nationale en mati\u00e8re de num\u00e9risation de plusieurs proc\u00e9dures r\u00e9glementaires, administratives et de services, \u00e0 travers la conception et le d\u00e9veloppement de plusieurs plateformes num\u00e9riques\u00a0\u00bb. Parmi les r\u00e9alisations accomplies, la plateforme des enseignants (Ostad.education.dz), celle d\u00e9di\u00e9e \u00e0 l&rsquo;\u00e9valuation des acquis (Taqiim.education.dz), la plateforme \u00ab\u00a0Mawidy\u00a0\u00bb d\u00e9di\u00e9e \u00e0 la prise de rendez-vous pour l&rsquo;authentification des dipl\u00f4mes, le service d\u00e9di\u00e9 aux questionnaires et aux sondages d&rsquo;opinion et la nouvelle version du site web du minist\u00e8re, annonc\u00e9e, samedi, \u00e0 l&rsquo;occasion de la conf\u00e9rence. M. Ghalem a \u00e9galement rappel\u00e9 que le secteur a adopt\u00e9 la politique \u00ab\u00a0z\u00e9ro papier\u00a0\u00bb dans les proc\u00e9dures d&rsquo;inscription aux examens officiels. Quant aux parents d&rsquo;\u00e9l\u00e8ves, le m\u00eame responsable a \u00e9voqu\u00e9 \u00ab\u00a0l&rsquo;espace \u00e9l\u00e8ves\u00a0\u00bb \u00e0 travers lequel ils peuvent consulter les bulletins de notes, les demandes de transfert, d&rsquo;orientation et de r\u00e9orientation, mettant en avant la volont\u00e9 du secteur de num\u00e9riser \u00e0 100% toute l&rsquo;op\u00e9ration afin d&rsquo;\u00e9viter les d\u00e9placements. A noter que le processus de transition num\u00e9rique dans le secteur de l&rsquo;Education a franchi plusieurs \u00e9tapes depuis 2010, dont la num\u00e9risation des inscriptions aux examens scolaires nationaux et des concours de recrutement en 2016 ainsi que d&rsquo;autres mesures telles que le e-paiement. Le secteur avait proc\u00e9d\u00e9 \u00e9galement \u00e0 \u00ab\u00a0la num\u00e9risation de plus de 60 documents officiels\u00a0\u00bb, a ajout\u00e9 M. Ghalem.<\/p>\n\n\n\n<p>APS<\/p>\n","protected":false},"excerpt":{"rendered":"<p>Un total de 3270 \u00e9coles ont \u00e9t\u00e9 dot\u00e9es de tablettes \u00e9lectroniques \u00e0 l&rsquo;\u00e9chelle nationale, a fait savoir, samedi, le directeur<\/p>\n","protected":false},"author":6,"featured_media":27607,"comment_status":"open","ping_status":"closed","sticky":false,"template":"","format":"standard","meta":{"colormag_page_container_layout":"default_layout","colormag_page_sidebar_layout":"default_layout","om_disable_all_campaigns":false,"_monsterinsights_skip_tracking":false,"_monsterinsights_sitenote_active":false,"_monsterinsights_sitenote_note":"","_monsterinsights_sitenote_category":0,"footnotes":"","_wpscppro_dont_share_socialmedia":false,"_wpscppro_custom_social_share_image":0,"_facebook_share_type":"default","_twitter_share_type":"default","_linkedin_share_type":"default","_pinterest_share_type":"default","_linkedin_share_type_page":"","_instagram_share_type":"default","_medium_share_type":"default","_threads_share_type":"","_google_business_share_type":"","_selected_social_profile":[],"_wpsp_enable_custom_social_template":false,"_wpsp_social_scheduling":{"enabled":false,"datetime":null,"platforms":[],"status":"template_only","dateOption":"today","timeOption":"now","customDays":"","customHours":"","customDate":"","customTime":"","schedulingType":"absolute"},"_wpsp_active_default_template":true},"categories":[27],"tags":[],"class_list":["post-66466","post","type-post","status-publish","format-standard","has-post-thumbnail","hentry","category-actualite"],"aioseo_notices":[],"yoast_head":"<!-- This site is optimized with the Yoast SEO plugin v27.5 - https:\/\/yoast.com\/product\/yoast-seo-wordpress\/ -->\n<title>3270 \u00e9coles dot\u00e9es de tablettes \u00e9lectroniques \u00e0 l&rsquo;\u00e9chelle nationale - La Sentinelle<\/title>\n<meta name=\"robots\" content=\"index, follow, max-snippet:-1, max-image-preview:large, max-video-preview:-1\" \/>\n<link rel=\"canonical\" href=\"https:\/\/lasentinelle.dz\/index.php\/2025\/04\/27\/3270-ecoles-dotees-de-tablettes-electroniques-a-lechelle-nationale\/\" \/>\n<meta property=\"og:locale\" content=\"fr_FR\" \/>\n<meta property=\"og:type\" content=\"article\" \/>\n<meta property=\"og:title\" content=\"3270 \u00e9coles dot\u00e9es de tablettes \u00e9lectroniques \u00e0 l&rsquo;\u00e9chelle nationale - La Sentinelle\" \/>\n<meta property=\"og:description\" content=\"Un total de 3270 \u00e9coles ont \u00e9t\u00e9 dot\u00e9es de tablettes \u00e9lectroniques \u00e0 l&rsquo;\u00e9chelle nationale, a fait savoir, samedi, le directeur\" \/>\n<meta property=\"og:url\" content=\"https:\/\/lasentinelle.dz\/index.php\/2025\/04\/27\/3270-ecoles-dotees-de-tablettes-electroniques-a-lechelle-nationale\/\" \/>\n<meta property=\"og:site_name\" content=\"La Sentinelle\" \/>\n<meta property=\"article:publisher\" content=\"https:\/\/www.facebook.com\/La-Sentinelle-104059864394773\" \/>\n<meta property=\"article:published_time\" content=\"2025-04-27T12:27:43+00:00\" \/>\n<meta property=\"article:modified_time\" content=\"2025-04-27T12:27:44+00:00\" \/>\n<meta property=\"og:image\" content=\"https:\/\/lasentinelle.dz\/wp-content\/uploads\/2022\/09\/tablette.png\" \/>\n\t<meta property=\"og:image:width\" content=\"1720\" \/>\n\t<meta property=\"og:image:height\" content=\"900\" \/>\n\t<meta property=\"og:image:type\" content=\"image\/png\" \/>\n<meta name=\"author\" content=\"admin\" \/>\n<meta name=\"twitter:card\" content=\"summary_large_image\" \/>\n<meta name=\"twitter:label1\" content=\"\u00c9crit par\" \/>\n\t<meta name=\"twitter:data1\" content=\"admin\" \/>\n\t<meta name=\"twitter:label2\" content=\"Dur\u00e9e de lecture estim\u00e9e\" \/>\n\t<meta name=\"twitter:data2\" content=\"2 minutes\" \/>\n<script type=\"application\/ld+json\" class=\"yoast-schema-graph\">{\"@context\":\"https:\\\/\\\/schema.org\",\"@graph\":[{\"@type\":\"Article\",\"@id\":\"https:\\\/\\\/lasentinelle.dz\\\/index.php\\\/2025\\\/04\\\/27\\\/3270-ecoles-dotees-de-tablettes-electroniques-a-lechelle-nationale\\\/#article\",\"isPartOf\":{\"@id\":\"https:\\\/\\\/lasentinelle.dz\\\/index.php\\\/2025\\\/04\\\/27\\\/3270-ecoles-dotees-de-tablettes-electroniques-a-lechelle-nationale\\\/\"},\"author\":{\"name\":\"admin\",\"@id\":\"https:\\\/\\\/lasentinelle.dz\\\/#\\\/schema\\\/person\\\/729ee0024f24e0b8c5ec17232f8e8b41\"},\"headline\":\"3270 \u00e9coles dot\u00e9es de tablettes \u00e9lectroniques \u00e0 l&rsquo;\u00e9chelle nationale\",\"datePublished\":\"2025-04-27T12:27:43+00:00\",\"dateModified\":\"2025-04-27T12:27:44+00:00\",\"mainEntityOfPage\":{\"@id\":\"https:\\\/\\\/lasentinelle.dz\\\/index.php\\\/2025\\\/04\\\/27\\\/3270-ecoles-dotees-de-tablettes-electroniques-a-lechelle-nationale\\\/\"},\"wordCount\":400,\"commentCount\":0,\"publisher\":{\"@id\":\"https:\\\/\\\/lasentinelle.dz\\\/#organization\"},\"image\":{\"@id\":\"https:\\\/\\\/lasentinelle.dz\\\/index.php\\\/2025\\\/04\\\/27\\\/3270-ecoles-dotees-de-tablettes-electroniques-a-lechelle-nationale\\\/#primaryimage\"},\"thumbnailUrl\":\"https:\\\/\\\/lasentinelle.dz\\\/wp-content\\\/uploads\\\/2022\\\/09\\\/tablette.png\",\"articleSection\":[\"Actualit\u00e9\"],\"inLanguage\":\"fr-FR\",\"potentialAction\":[{\"@type\":\"CommentAction\",\"name\":\"Comment\",\"target\":[\"https:\\\/\\\/lasentinelle.dz\\\/index.php\\\/2025\\\/04\\\/27\\\/3270-ecoles-dotees-de-tablettes-electroniques-a-lechelle-nationale\\\/#respond\"]}]},{\"@type\":\"WebPage\",\"@id\":\"https:\\\/\\\/lasentinelle.dz\\\/index.php\\\/2025\\\/04\\\/27\\\/3270-ecoles-dotees-de-tablettes-electroniques-a-lechelle-nationale\\\/\",\"url\":\"https:\\\/\\\/lasentinelle.dz\\\/index.php\\\/2025\\\/04\\\/27\\\/3270-ecoles-dotees-de-tablettes-electroniques-a-lechelle-nationale\\\/\",\"name\":\"3270 \u00e9coles dot\u00e9es de tablettes \u00e9lectroniques \u00e0 l&rsquo;\u00e9chelle nationale - La Sentinelle\",\"isPartOf\":{\"@id\":\"https:\\\/\\\/lasentinelle.dz\\\/#website\"},\"primaryImageOfPage\":{\"@id\":\"https:\\\/\\\/lasentinelle.dz\\\/index.php\\\/2025\\\/04\\\/27\\\/3270-ecoles-dotees-de-tablettes-electroniques-a-lechelle-nationale\\\/#primaryimage\"},\"image\":{\"@id\":\"https:\\\/\\\/lasentinelle.dz\\\/index.php\\\/2025\\\/04\\\/27\\\/3270-ecoles-dotees-de-tablettes-electroniques-a-lechelle-nationale\\\/#primaryimage\"},\"thumbnailUrl\":\"https:\\\/\\\/lasentinelle.dz\\\/wp-content\\\/uploads\\\/2022\\\/09\\\/tablette.png\",\"datePublished\":\"2025-04-27T12:27:43+00:00\",\"dateModified\":\"2025-04-27T12:27:44+00:00\",\"breadcrumb\":{\"@id\":\"https:\\\/\\\/lasentinelle.dz\\\/index.php\\\/2025\\\/04\\\/27\\\/3270-ecoles-dotees-de-tablettes-electroniques-a-lechelle-nationale\\\/#breadcrumb\"},\"inLanguage\":\"fr-FR\",\"potentialAction\":[{\"@type\":\"ReadAction\",\"target\":[\"https:\\\/\\\/lasentinelle.dz\\\/index.php\\\/2025\\\/04\\\/27\\\/3270-ecoles-dotees-de-tablettes-electroniques-a-lechelle-nationale\\\/\"]}]},{\"@type\":\"ImageObject\",\"inLanguage\":\"fr-FR\",\"@id\":\"https:\\\/\\\/lasentinelle.dz\\\/index.php\\\/2025\\\/04\\\/27\\\/3270-ecoles-dotees-de-tablettes-electroniques-a-lechelle-nationale\\\/#primaryimage\",\"url\":\"https:\\\/\\\/lasentinelle.dz\\\/wp-content\\\/uploads\\\/2022\\\/09\\\/tablette.png\",\"contentUrl\":\"https:\\\/\\\/lasentinelle.dz\\\/wp-content\\\/uploads\\\/2022\\\/09\\\/tablette.png\",\"width\":1720,\"height\":900},{\"@type\":\"BreadcrumbList\",\"@id\":\"https:\\\/\\\/lasentinelle.dz\\\/index.php\\\/2025\\\/04\\\/27\\\/3270-ecoles-dotees-de-tablettes-electroniques-a-lechelle-nationale\\\/#breadcrumb\",\"itemListElement\":[{\"@type\":\"ListItem\",\"position\":1,\"name\":\"Accueil\",\"item\":\"https:\\\/\\\/lasentinelle.dz\\\/\"},{\"@type\":\"ListItem\",\"position\":2,\"name\":\"3270 \u00e9coles dot\u00e9es de tablettes \u00e9lectroniques \u00e0 l&rsquo;\u00e9chelle nationale\"}]},{\"@type\":\"WebSite\",\"@id\":\"https:\\\/\\\/lasentinelle.dz\\\/#website\",\"url\":\"https:\\\/\\\/lasentinelle.dz\\\/\",\"name\":\"La Sentinelle\",\"description\":\"Quotidien national d&#039;information\",\"publisher\":{\"@id\":\"https:\\\/\\\/lasentinelle.dz\\\/#organization\"},\"potentialAction\":[{\"@type\":\"SearchAction\",\"target\":{\"@type\":\"EntryPoint\",\"urlTemplate\":\"https:\\\/\\\/lasentinelle.dz\\\/?s={search_term_string}\"},\"query-input\":{\"@type\":\"PropertyValueSpecification\",\"valueRequired\":true,\"valueName\":\"search_term_string\"}}],\"inLanguage\":\"fr-FR\"},{\"@type\":\"Organization\",\"@id\":\"https:\\\/\\\/lasentinelle.dz\\\/#organization\",\"name\":\"Quotidien La Sentinelle\",\"url\":\"https:\\\/\\\/lasentinelle.dz\\\/\",\"logo\":{\"@type\":\"ImageObject\",\"inLanguage\":\"fr-FR\",\"@id\":\"https:\\\/\\\/lasentinelle.dz\\\/#\\\/schema\\\/logo\\\/image\\\/\",\"url\":\"https:\\\/\\\/lasentinelle.dz\\\/wp-content\\\/uploads\\\/2021\\\/09\\\/logo-sentinelleSLOGAN-1.png\",\"contentUrl\":\"https:\\\/\\\/lasentinelle.dz\\\/wp-content\\\/uploads\\\/2021\\\/09\\\/logo-sentinelleSLOGAN-1.png\",\"width\":615,\"height\":142,\"caption\":\"Quotidien La Sentinelle\"},\"image\":{\"@id\":\"https:\\\/\\\/lasentinelle.dz\\\/#\\\/schema\\\/logo\\\/image\\\/\"},\"sameAs\":[\"https:\\\/\\\/www.facebook.com\\\/La-Sentinelle-104059864394773\"]},{\"@type\":\"Person\",\"@id\":\"https:\\\/\\\/lasentinelle.dz\\\/#\\\/schema\\\/person\\\/729ee0024f24e0b8c5ec17232f8e8b41\",\"name\":\"admin\",\"image\":{\"@type\":\"ImageObject\",\"inLanguage\":\"fr-FR\",\"@id\":\"https:\\\/\\\/secure.gravatar.com\\\/avatar\\\/4c81fed838786e9b53f540bf46533e750f5d292099ae3b66cfc6fb1982e29df7?s=96&d=mm&r=g\",\"url\":\"https:\\\/\\\/secure.gravatar.com\\\/avatar\\\/4c81fed838786e9b53f540bf46533e750f5d292099ae3b66cfc6fb1982e29df7?s=96&d=mm&r=g\",\"contentUrl\":\"https:\\\/\\\/secure.gravatar.com\\\/avatar\\\/4c81fed838786e9b53f540bf46533e750f5d292099ae3b66cfc6fb1982e29df7?s=96&d=mm&r=g\",\"caption\":\"admin\"},\"description\":\"admin\",\"url\":\"https:\\\/\\\/lasentinelle.dz\\\/author\\\/admin\\\/\"}]}<\/script>\n<!-- \/ Yoast SEO plugin. -->","yoast_head_json":{"title":"3270 \u00e9coles dot\u00e9es de tablettes \u00e9lectroniques \u00e0 l&rsquo;\u00e9chelle nationale - La Sentinelle","robots":{"index":"index","follow":"follow","max-snippet":"max-snippet:-1","max-image-preview":"max-image-preview:large","max-video-preview":"max-video-preview:-1"},"canonical":"https:\/\/lasentinelle.dz\/index.php\/2025\/04\/27\/3270-ecoles-dotees-de-tablettes-electroniques-a-lechelle-nationale\/","og_locale":"fr_FR","og_type":"article","og_title":"3270 \u00e9coles dot\u00e9es de tablettes \u00e9lectroniques \u00e0 l&rsquo;\u00e9chelle nationale - La Sentinelle","og_description":"Un total de 3270 \u00e9coles ont \u00e9t\u00e9 dot\u00e9es de tablettes \u00e9lectroniques \u00e0 l&rsquo;\u00e9chelle nationale, a fait savoir, samedi, le directeur","og_url":"https:\/\/lasentinelle.dz\/index.php\/2025\/04\/27\/3270-ecoles-dotees-de-tablettes-electroniques-a-lechelle-nationale\/","og_site_name":"La Sentinelle","article_publisher":"https:\/\/www.facebook.com\/La-Sentinelle-104059864394773","article_published_time":"2025-04-27T12:27:43+00:00","article_modified_time":"2025-04-27T12:27:44+00:00","og_image":[{"width":1720,"height":900,"url":"https:\/\/lasentinelle.dz\/wp-content\/uploads\/2022\/09\/tablette.png","type":"image\/png"}],"author":"admin","twitter_card":"summary_large_image","twitter_misc":{"\u00c9crit par":"admin","Dur\u00e9e de lecture estim\u00e9e":"2 minutes"},"schema":{"@context":"https:\/\/schema.org","@graph":[{"@type":"Article","@id":"https:\/\/lasentinelle.dz\/index.php\/2025\/04\/27\/3270-ecoles-dotees-de-tablettes-electroniques-a-lechelle-nationale\/#article","isPartOf":{"@id":"https:\/\/lasentinelle.dz\/index.php\/2025\/04\/27\/3270-ecoles-dotees-de-tablettes-electroniques-a-lechelle-nationale\/"},"author":{"name":"admin","@id":"https:\/\/lasentinelle.dz\/#\/schema\/person\/729ee0024f24e0b8c5ec17232f8e8b41"},"headline":"3270 \u00e9coles dot\u00e9es de tablettes \u00e9lectroniques \u00e0 l&rsquo;\u00e9chelle nationale","datePublished":"2025-04-27T12:27:43+00:00","dateModified":"2025-04-27T12:27:44+00:00","mainEntityOfPage":{"@id":"https:\/\/lasentinelle.dz\/index.php\/2025\/04\/27\/3270-ecoles-dotees-de-tablettes-electroniques-a-lechelle-nationale\/"},"wordCount":400,"commentCount":0,"publisher":{"@id":"https:\/\/lasentinelle.dz\/#organization"},"image":{"@id":"https:\/\/lasentinelle.dz\/index.php\/2025\/04\/27\/3270-ecoles-dotees-de-tablettes-electroniques-a-lechelle-nationale\/#primaryimage"},"thumbnailUrl":"https:\/\/lasentinelle.dz\/wp-content\/uploads\/2022\/09\/tablette.png","articleSection":["Actualit\u00e9"],"inLanguage":"fr-FR","potentialAction":[{"@type":"CommentAction","name":"Comment","target":["https:\/\/lasentinelle.dz\/index.php\/2025\/04\/27\/3270-ecoles-dotees-de-tablettes-electroniques-a-lechelle-nationale\/#respond"]}]},{"@type":"WebPage","@id":"https:\/\/lasentinelle.dz\/index.php\/2025\/04\/27\/3270-ecoles-dotees-de-tablettes-electroniques-a-lechelle-nationale\/","url":"https:\/\/lasentinelle.dz\/index.php\/2025\/04\/27\/3270-ecoles-dotees-de-tablettes-electroniques-a-lechelle-nationale\/","name":"3270 \u00e9coles dot\u00e9es de tablettes \u00e9lectroniques \u00e0 l&rsquo;\u00e9chelle nationale - La Sentinelle","isPartOf":{"@id":"https:\/\/lasentinelle.dz\/#website"},"primaryImageOfPage":{"@id":"https:\/\/lasentinelle.dz\/index.php\/2025\/04\/27\/3270-ecoles-dotees-de-tablettes-electroniques-a-lechelle-nationale\/#primaryimage"},"image":{"@id":"https:\/\/lasentinelle.dz\/index.php\/2025\/04\/27\/3270-ecoles-dotees-de-tablettes-electroniques-a-lechelle-nationale\/#primaryimage"},"thumbnailUrl":"https:\/\/lasentinelle.dz\/wp-content\/uploads\/2022\/09\/tablette.png","datePublished":"2025-04-27T12:27:43+00:00","dateModified":"2025-04-27T12:27:44+00:00","breadcrumb":{"@id":"https:\/\/lasentinelle.dz\/index.php\/2025\/04\/27\/3270-ecoles-dotees-de-tablettes-electroniques-a-lechelle-nationale\/#breadcrumb"},"inLanguage":"fr-FR","potentialAction":[{"@type":"ReadAction","target":["https:\/\/lasentinelle.dz\/index.php\/2025\/04\/27\/3270-ecoles-dotees-de-tablettes-electroniques-a-lechelle-nationale\/"]}]},{"@type":"ImageObject","inLanguage":"fr-FR","@id":"https:\/\/lasentinelle.dz\/index.php\/2025\/04\/27\/3270-ecoles-dotees-de-tablettes-electroniques-a-lechelle-nationale\/#primaryimage","url":"https:\/\/lasentinelle.dz\/wp-content\/uploads\/2022\/09\/tablette.png","contentUrl":"https:\/\/lasentinelle.dz\/wp-content\/uploads\/2022\/09\/tablette.png","width":1720,"height":900},{"@type":"BreadcrumbList","@id":"https:\/\/lasentinelle.dz\/index.php\/2025\/04\/27\/3270-ecoles-dotees-de-tablettes-electroniques-a-lechelle-nationale\/#breadcrumb","itemListElement":[{"@type":"ListItem","position":1,"name":"Accueil","item":"https:\/\/lasentinelle.dz\/"},{"@type":"ListItem","position":2,"name":"3270 \u00e9coles dot\u00e9es de tablettes \u00e9lectroniques \u00e0 l&rsquo;\u00e9chelle nationale"}]},{"@type":"WebSite","@id":"https:\/\/lasentinelle.dz\/#website","url":"https:\/\/lasentinelle.dz\/","name":"La Sentinelle","description":"Quotidien national d&#039;information","publisher":{"@id":"https:\/\/lasentinelle.dz\/#organization"},"potentialAction":[{"@type":"SearchAction","target":{"@type":"EntryPoint","urlTemplate":"https:\/\/lasentinelle.dz\/?s={search_term_string}"},"query-input":{"@type":"PropertyValueSpecification","valueRequired":true,"valueName":"search_term_string"}}],"inLanguage":"fr-FR"},{"@type":"Organization","@id":"https:\/\/lasentinelle.dz\/#organization","name":"Quotidien La Sentinelle","url":"https:\/\/lasentinelle.dz\/","logo":{"@type":"ImageObject","inLanguage":"fr-FR","@id":"https:\/\/lasentinelle.dz\/#\/schema\/logo\/image\/","url":"https:\/\/lasentinelle.dz\/wp-content\/uploads\/2021\/09\/logo-sentinelleSLOGAN-1.png","contentUrl":"https:\/\/lasentinelle.dz\/wp-content\/uploads\/2021\/09\/logo-sentinelleSLOGAN-1.png","width":615,"height":142,"caption":"Quotidien La Sentinelle"},"image":{"@id":"https:\/\/lasentinelle.dz\/#\/schema\/logo\/image\/"},"sameAs":["https:\/\/www.facebook.com\/La-Sentinelle-104059864394773"]},{"@type":"Person","@id":"https:\/\/lasentinelle.dz\/#\/schema\/person\/729ee0024f24e0b8c5ec17232f8e8b41","name":"admin","image":{"@type":"ImageObject","inLanguage":"fr-FR","@id":"https:\/\/secure.gravatar.com\/avatar\/4c81fed838786e9b53f540bf46533e750f5d292099ae3b66cfc6fb1982e29df7?s=96&d=mm&r=g","url":"https:\/\/secure.gravatar.com\/avatar\/4c81fed838786e9b53f540bf46533e750f5d292099ae3b66cfc6fb1982e29df7?s=96&d=mm&r=g","contentUrl":"https:\/\/secure.gravatar.com\/avatar\/4c81fed838786e9b53f540bf46533e750f5d292099ae3b66cfc6fb1982e29df7?s=96&d=mm&r=g","caption":"admin"},"description":"admin","url":"https:\/\/lasentinelle.dz\/author\/admin\/"}]}},"_links":{"self":[{"href":"https:\/\/lasentinelle.dz\/index.php\/wp-json\/wp\/v2\/posts\/66466","targetHints":{"allow":["GET"]}}],"collection":[{"href":"https:\/\/lasentinelle.dz\/index.php\/wp-json\/wp\/v2\/posts"}],"about":[{"href":"https:\/\/lasentinelle.dz\/index.php\/wp-json\/wp\/v2\/types\/post"}],"author":[{"embeddable":true,"href":"https:\/\/lasentinelle.dz\/index.php\/wp-json\/wp\/v2\/users\/6"}],"replies":[{"embeddable":true,"href":"https:\/\/lasentinelle.dz\/index.php\/wp-json\/wp\/v2\/comments?post=66466"}],"version-history":[{"count":2,"href":"https:\/\/lasentinelle.dz\/index.php\/wp-json\/wp\/v2\/posts\/66466\/revisions"}],"predecessor-version":[{"id":66468,"href":"https:\/\/lasentinelle.dz\/index.php\/wp-json\/wp\/v2\/posts\/66466\/revisions\/66468"}],"wp:featuredmedia":[{"embeddable":true,"href":"https:\/\/lasentinelle.dz\/index.php\/wp-json\/wp\/v2\/media\/27607"}],"wp:attachment":[{"href":"https:\/\/lasentinelle.dz\/index.php\/wp-json\/wp\/v2\/media?parent=66466"}],"wp:term":[{"taxonomy":"category","embeddable":true,"href":"https:\/\/lasentinelle.dz\/index.php\/wp-json\/wp\/v2\/categories?post=66466"},{"taxonomy":"post_tag","embeddable":true,"href":"https:\/\/lasentinelle.dz\/index.php\/wp-json\/wp\/v2\/tags?post=66466"}],"curies":[{"name":"wp","href":"https:\/\/api.w.org\/{rel}","templated":true}]}}