{"id":66476,"date":"2025-04-27T13:30:51","date_gmt":"2025-04-27T12:30:51","guid":{"rendered":"https:\/\/lasentinelle.dz\/?p=66476"},"modified":"2025-04-27T13:30:52","modified_gmt":"2025-04-27T12:30:52","slug":"un-navire-transportant-13-000-tetes-a-accoste-hier-les-premiers-moutons-en-provenance-despagne-arrivent-a-oran","status":"publish","type":"post","link":"https:\/\/lasentinelle.dz\/index.php\/2025\/04\/27\/un-navire-transportant-13-000-tetes-a-accoste-hier-les-premiers-moutons-en-provenance-despagne-arrivent-a-oran\/","title":{"rendered":"Un navire transportant 13.000 t\u00eates a accost\u00e9 hier : Les premiers moutons en provenance d&rsquo;Espagne arrivent \u00e0 Oran"},"content":{"rendered":"\n<p>Un navire transportant 13.000 t\u00eates d&rsquo;ovins espagnols a accost\u00e9 samedi matin au port d&rsquo;Oran, dans le cadre du &nbsp;programme d&rsquo;importation de b\u00e9tail en pr\u00e9vision de l&rsquo;A\u00efd El-Adha. Cette arriv\u00e9e s&rsquo;inscrit dans le cadre du plan ambitieux annonc\u00e9 par le pr\u00e9sident Tebboune visant \u00e0 importer un million de moutons destin\u00e9s au sacrifice de l&rsquo;A\u00efd, dont la moiti\u00e9 provenant de Roumanie. \u00ab\u00a0La cargaison sera d\u00e9charg\u00e9e d\u00e8s la finalisation des proc\u00e9dures de contr\u00f4le sanitaire par les inspecteurs v\u00e9t\u00e9rinaires concern\u00e9s\u00a0\u00bb, a indiqu\u00e9 le minist\u00e8re de l&rsquo;Agriculture, du D\u00e9veloppement rural et de la P\u00eache dans un communiqu\u00e9. L&rsquo;op\u00e9ration d&rsquo;accostage a \u00e9t\u00e9 supervis\u00e9e par le Secr\u00e9taire g\u00e9n\u00e9ral du minist\u00e8re des Transports, accompagn\u00e9 d&rsquo;une repr\u00e9sentante du minist\u00e8re de l&rsquo;Agriculture, en pr\u00e9sence du directeur des services agricoles de la wilaya, des membres de la commission de s\u00e9curit\u00e9 et des autorit\u00e9s locales.<\/p>\n\n\n\n<p>Ce quatri\u00e8me navire de moutons import\u00e9s fait suite \u00e0 trois autres b\u00e2timents roumains ayant d\u00e9j\u00e0 d\u00e9barqu\u00e9 leur cargaison au port d&rsquo;Alger la semaine derni\u00e8re. Un dispositif logistique consid\u00e9rable a \u00e9t\u00e9 mis en place pour assurer le transport des animaux vers les zones de quarantaine o\u00f9 ils seront h\u00e9berg\u00e9s avant leur distribution. Le minist\u00e8re a \u00e9galement indiqu\u00e9 que le processus de r\u00e9ception des ovins se poursuivra dans neuf ports alg\u00e9riens, confirmant que le calendrier d&rsquo;importation se d\u00e9roule conform\u00e9ment aux pr\u00e9visions. Ce dispositif exceptionnel traduit la volont\u00e9 des autorit\u00e9s de garantir la disponibilit\u00e9 du b\u00e9tail pour cette c\u00e9l\u00e9bration religieuse tout en tentant de ma\u00eetriser les prix, dans un contexte o\u00f9 le pouvoir d&rsquo;achat demeure une pr\u00e9occupation majeure pour de nombreux Alg\u00e9riens. Interrog\u00e9 lors d&rsquo;une s\u00e9ance pl\u00e9ni\u00e8re \u00e0 l&rsquo;Assembl\u00e9e populaire nationale, Youcef Cherfa, ministre de l&rsquo;Agriculture, a pr\u00e9cis\u00e9 jeudi que \u00ab\u00a0la vente des moutons import\u00e9s pour l&rsquo;A\u00efd El Adha d\u00e9butera le 1er mai prochain \u00e0 travers toutes les wilayas du pays\u00a0\u00bb. Cette commercialisation sera organis\u00e9e dans des march\u00e9s de proximit\u00e9 sous la supervision conjointe des minist\u00e8res de l&rsquo;Agriculture et du Commerce int\u00e9rieur, selon un plan adapt\u00e9 \u00e0 chaque wilaya.<\/p>\n\n\n\n<p>\u00ab\u00a0L&rsquo;op\u00e9ration de vente se d\u00e9roulera quotidiennement dans l&rsquo;ensemble des 58 wilayas\u00a0\u00bb, a ajout\u00e9 le ministre, pr\u00e9cisant que la r\u00e9partition du b\u00e9tail tiendra compte de la densit\u00e9 d\u00e9mographique de chaque r\u00e9gion. Le gouvernement vise ainsi \u00e0 garantir une distribution \u00e9quitable et \u00e0 faciliter l&rsquo;acc\u00e8s des citoyens \u00e0 ces moutons import\u00e9s.<\/p>\n\n\n\n<p>Face aux inqui\u00e9tudes des \u00e9leveurs locaux, le ministre a tenu \u00e0 rassurer : \u00ab\u00a0L&rsquo;importation de moutons ne signifie pas l&rsquo;exclusion des troupeaux locaux. Il s&rsquo;agit plut\u00f4t de soutenir la production locale pour faire face \u00e0 la grande demande enregistr\u00e9e \u00e0 cette occasion.\u00a0\u00bb Cette strat\u00e9gie d&rsquo;importation massive vise \u00e0 stabiliser les prix sur le march\u00e9 national, souvent soumis \u00e0 des tensions inflationnistes \u00e0 l&rsquo;approche de cette f\u00eate religieuse majeure.<\/p>\n\n\n\n<p>Lyna Larbi<\/p>\n","protected":false},"excerpt":{"rendered":"<p>Un navire transportant 13.000 t\u00eates d&rsquo;ovins espagnols a accost\u00e9 samedi matin au port d&rsquo;Oran, dans le cadre du &nbsp;programme d&rsquo;importation<\/p>\n","protected":false},"author":6,"featured_media":66088,"comment_status":"open","ping_status":"closed","sticky":false,"template":"","format":"standard","meta":{"colormag_page_container_layout":"default_layout","colormag_page_sidebar_layout":"default_layout","om_disable_all_campaigns":false,"_monsterinsights_skip_tracking":false,"_monsterinsights_sitenote_active":false,"_monsterinsights_sitenote_note":"","_monsterinsights_sitenote_category":0,"footnotes":"","_wpscppro_dont_share_socialmedia":false,"_wpscppro_custom_social_share_image":0,"_facebook_share_type":"default","_twitter_share_type":"default","_linkedin_share_type":"default","_pinterest_share_type":"default","_linkedin_share_type_page":"","_instagram_share_type":"default","_medium_share_type":"default","_threads_share_type":"","_google_business_share_type":"","_selected_social_profile":[],"_wpsp_enable_custom_social_template":false,"_wpsp_social_scheduling":{"enabled":false,"datetime":null,"platforms":[],"status":"template_only","dateOption":"today","timeOption":"now","customDays":"","customHours":"","customDate":"","customTime":"","schedulingType":"absolute"},"_wpsp_active_default_template":true},"categories":[29],"tags":[],"class_list":["post-66476","post","type-post","status-publish","format-standard","has-post-thumbnail","hentry","category-economie"],"aioseo_notices":[],"yoast_head":"<!-- This site is optimized with the Yoast SEO plugin v27.5 - https:\/\/yoast.com\/product\/yoast-seo-wordpress\/ -->\n<title>Un navire transportant 13.000 t\u00eates a accost\u00e9 hier : Les premiers moutons en provenance d&rsquo;Espagne arrivent \u00e0 Oran - La Sentinelle<\/title>\n<meta name=\"robots\" content=\"index, follow, max-snippet:-1, max-image-preview:large, max-video-preview:-1\" \/>\n<link rel=\"canonical\" href=\"https:\/\/lasentinelle.dz\/index.php\/2025\/04\/27\/un-navire-transportant-13-000-tetes-a-accoste-hier-les-premiers-moutons-en-provenance-despagne-arrivent-a-oran\/\" \/>\n<meta property=\"og:locale\" content=\"fr_FR\" \/>\n<meta property=\"og:type\" content=\"article\" \/>\n<meta property=\"og:title\" content=\"Un navire transportant 13.000 t\u00eates a accost\u00e9 hier : Les premiers moutons en provenance d&rsquo;Espagne arrivent \u00e0 Oran - La Sentinelle\" \/>\n<meta property=\"og:description\" content=\"Un navire transportant 13.000 t\u00eates d&rsquo;ovins espagnols a accost\u00e9 samedi matin au port d&rsquo;Oran, dans le cadre du &nbsp;programme d&rsquo;importation\" \/>\n<meta property=\"og:url\" content=\"https:\/\/lasentinelle.dz\/index.php\/2025\/04\/27\/un-navire-transportant-13-000-tetes-a-accoste-hier-les-premiers-moutons-en-provenance-despagne-arrivent-a-oran\/\" \/>\n<meta property=\"og:site_name\" content=\"La Sentinelle\" \/>\n<meta property=\"article:publisher\" content=\"https:\/\/www.facebook.com\/La-Sentinelle-104059864394773\" \/>\n<meta property=\"article:published_time\" content=\"2025-04-27T12:30:51+00:00\" \/>\n<meta property=\"article:modified_time\" content=\"2025-04-27T12:30:52+00:00\" \/>\n<meta property=\"og:image\" content=\"https:\/\/lasentinelle.dz\/wp-content\/uploads\/2025\/04\/moutons.jpg\" \/>\n\t<meta property=\"og:image:width\" content=\"720\" \/>\n\t<meta property=\"og:image:height\" content=\"532\" \/>\n\t<meta property=\"og:image:type\" content=\"image\/jpeg\" \/>\n<meta name=\"author\" content=\"admin\" \/>\n<meta name=\"twitter:card\" content=\"summary_large_image\" \/>\n<meta name=\"twitter:label1\" content=\"\u00c9crit par\" \/>\n\t<meta name=\"twitter:data1\" content=\"admin\" \/>\n\t<meta name=\"twitter:label2\" content=\"Dur\u00e9e de lecture estim\u00e9e\" \/>\n\t<meta name=\"twitter:data2\" content=\"3 minutes\" \/>\n<script type=\"application\/ld+json\" class=\"yoast-schema-graph\">{\"@context\":\"https:\\\/\\\/schema.org\",\"@graph\":[{\"@type\":\"Article\",\"@id\":\"https:\\\/\\\/lasentinelle.dz\\\/index.php\\\/2025\\\/04\\\/27\\\/un-navire-transportant-13-000-tetes-a-accoste-hier-les-premiers-moutons-en-provenance-despagne-arrivent-a-oran\\\/#article\",\"isPartOf\":{\"@id\":\"https:\\\/\\\/lasentinelle.dz\\\/index.php\\\/2025\\\/04\\\/27\\\/un-navire-transportant-13-000-tetes-a-accoste-hier-les-premiers-moutons-en-provenance-despagne-arrivent-a-oran\\\/\"},\"author\":{\"name\":\"admin\",\"@id\":\"https:\\\/\\\/lasentinelle.dz\\\/#\\\/schema\\\/person\\\/729ee0024f24e0b8c5ec17232f8e8b41\"},\"headline\":\"Un navire transportant 13.000 t\u00eates a accost\u00e9 hier : Les premiers moutons en provenance d&rsquo;Espagne arrivent \u00e0 Oran\",\"datePublished\":\"2025-04-27T12:30:51+00:00\",\"dateModified\":\"2025-04-27T12:30:52+00:00\",\"mainEntityOfPage\":{\"@id\":\"https:\\\/\\\/lasentinelle.dz\\\/index.php\\\/2025\\\/04\\\/27\\\/un-navire-transportant-13-000-tetes-a-accoste-hier-les-premiers-moutons-en-provenance-despagne-arrivent-a-oran\\\/\"},\"wordCount\":545,\"commentCount\":0,\"publisher\":{\"@id\":\"https:\\\/\\\/lasentinelle.dz\\\/#organization\"},\"image\":{\"@id\":\"https:\\\/\\\/lasentinelle.dz\\\/index.php\\\/2025\\\/04\\\/27\\\/un-navire-transportant-13-000-tetes-a-accoste-hier-les-premiers-moutons-en-provenance-despagne-arrivent-a-oran\\\/#primaryimage\"},\"thumbnailUrl\":\"https:\\\/\\\/lasentinelle.dz\\\/wp-content\\\/uploads\\\/2025\\\/04\\\/moutons.jpg\",\"articleSection\":[\"\u00c9conomie\"],\"inLanguage\":\"fr-FR\",\"potentialAction\":[{\"@type\":\"CommentAction\",\"name\":\"Comment\",\"target\":[\"https:\\\/\\\/lasentinelle.dz\\\/index.php\\\/2025\\\/04\\\/27\\\/un-navire-transportant-13-000-tetes-a-accoste-hier-les-premiers-moutons-en-provenance-despagne-arrivent-a-oran\\\/#respond\"]}]},{\"@type\":\"WebPage\",\"@id\":\"https:\\\/\\\/lasentinelle.dz\\\/index.php\\\/2025\\\/04\\\/27\\\/un-navire-transportant-13-000-tetes-a-accoste-hier-les-premiers-moutons-en-provenance-despagne-arrivent-a-oran\\\/\",\"url\":\"https:\\\/\\\/lasentinelle.dz\\\/index.php\\\/2025\\\/04\\\/27\\\/un-navire-transportant-13-000-tetes-a-accoste-hier-les-premiers-moutons-en-provenance-despagne-arrivent-a-oran\\\/\",\"name\":\"Un navire transportant 13.000 t\u00eates a accost\u00e9 hier : Les premiers moutons en provenance d&rsquo;Espagne arrivent \u00e0 Oran - La Sentinelle\",\"isPartOf\":{\"@id\":\"https:\\\/\\\/lasentinelle.dz\\\/#website\"},\"primaryImageOfPage\":{\"@id\":\"https:\\\/\\\/lasentinelle.dz\\\/index.php\\\/2025\\\/04\\\/27\\\/un-navire-transportant-13-000-tetes-a-accoste-hier-les-premiers-moutons-en-provenance-despagne-arrivent-a-oran\\\/#primaryimage\"},\"image\":{\"@id\":\"https:\\\/\\\/lasentinelle.dz\\\/index.php\\\/2025\\\/04\\\/27\\\/un-navire-transportant-13-000-tetes-a-accoste-hier-les-premiers-moutons-en-provenance-despagne-arrivent-a-oran\\\/#primaryimage\"},\"thumbnailUrl\":\"https:\\\/\\\/lasentinelle.dz\\\/wp-content\\\/uploads\\\/2025\\\/04\\\/moutons.jpg\",\"datePublished\":\"2025-04-27T12:30:51+00:00\",\"dateModified\":\"2025-04-27T12:30:52+00:00\",\"breadcrumb\":{\"@id\":\"https:\\\/\\\/lasentinelle.dz\\\/index.php\\\/2025\\\/04\\\/27\\\/un-navire-transportant-13-000-tetes-a-accoste-hier-les-premiers-moutons-en-provenance-despagne-arrivent-a-oran\\\/#breadcrumb\"},\"inLanguage\":\"fr-FR\",\"potentialAction\":[{\"@type\":\"ReadAction\",\"target\":[\"https:\\\/\\\/lasentinelle.dz\\\/index.php\\\/2025\\\/04\\\/27\\\/un-navire-transportant-13-000-tetes-a-accoste-hier-les-premiers-moutons-en-provenance-despagne-arrivent-a-oran\\\/\"]}]},{\"@type\":\"ImageObject\",\"inLanguage\":\"fr-FR\",\"@id\":\"https:\\\/\\\/lasentinelle.dz\\\/index.php\\\/2025\\\/04\\\/27\\\/un-navire-transportant-13-000-tetes-a-accoste-hier-les-premiers-moutons-en-provenance-despagne-arrivent-a-oran\\\/#primaryimage\",\"url\":\"https:\\\/\\\/lasentinelle.dz\\\/wp-content\\\/uploads\\\/2025\\\/04\\\/moutons.jpg\",\"contentUrl\":\"https:\\\/\\\/lasentinelle.dz\\\/wp-content\\\/uploads\\\/2025\\\/04\\\/moutons.jpg\",\"width\":720,\"height\":532},{\"@type\":\"BreadcrumbList\",\"@id\":\"https:\\\/\\\/lasentinelle.dz\\\/index.php\\\/2025\\\/04\\\/27\\\/un-navire-transportant-13-000-tetes-a-accoste-hier-les-premiers-moutons-en-provenance-despagne-arrivent-a-oran\\\/#breadcrumb\",\"itemListElement\":[{\"@type\":\"ListItem\",\"position\":1,\"name\":\"Accueil\",\"item\":\"https:\\\/\\\/lasentinelle.dz\\\/\"},{\"@type\":\"ListItem\",\"position\":2,\"name\":\"Un navire transportant 13.000 t\u00eates a accost\u00e9 hier : Les premiers moutons en provenance d&rsquo;Espagne arrivent \u00e0 Oran\"}]},{\"@type\":\"WebSite\",\"@id\":\"https:\\\/\\\/lasentinelle.dz\\\/#website\",\"url\":\"https:\\\/\\\/lasentinelle.dz\\\/\",\"name\":\"La Sentinelle\",\"description\":\"Quotidien national d&#039;information\",\"publisher\":{\"@id\":\"https:\\\/\\\/lasentinelle.dz\\\/#organization\"},\"potentialAction\":[{\"@type\":\"SearchAction\",\"target\":{\"@type\":\"EntryPoint\",\"urlTemplate\":\"https:\\\/\\\/lasentinelle.dz\\\/?s={search_term_string}\"},\"query-input\":{\"@type\":\"PropertyValueSpecification\",\"valueRequired\":true,\"valueName\":\"search_term_string\"}}],\"inLanguage\":\"fr-FR\"},{\"@type\":\"Organization\",\"@id\":\"https:\\\/\\\/lasentinelle.dz\\\/#organization\",\"name\":\"Quotidien La Sentinelle\",\"url\":\"https:\\\/\\\/lasentinelle.dz\\\/\",\"logo\":{\"@type\":\"ImageObject\",\"inLanguage\":\"fr-FR\",\"@id\":\"https:\\\/\\\/lasentinelle.dz\\\/#\\\/schema\\\/logo\\\/image\\\/\",\"url\":\"https:\\\/\\\/lasentinelle.dz\\\/wp-content\\\/uploads\\\/2021\\\/09\\\/logo-sentinelleSLOGAN-1.png\",\"contentUrl\":\"https:\\\/\\\/lasentinelle.dz\\\/wp-content\\\/uploads\\\/2021\\\/09\\\/logo-sentinelleSLOGAN-1.png\",\"width\":615,\"height\":142,\"caption\":\"Quotidien La Sentinelle\"},\"image\":{\"@id\":\"https:\\\/\\\/lasentinelle.dz\\\/#\\\/schema\\\/logo\\\/image\\\/\"},\"sameAs\":[\"https:\\\/\\\/www.facebook.com\\\/La-Sentinelle-104059864394773\"]},{\"@type\":\"Person\",\"@id\":\"https:\\\/\\\/lasentinelle.dz\\\/#\\\/schema\\\/person\\\/729ee0024f24e0b8c5ec17232f8e8b41\",\"name\":\"admin\",\"image\":{\"@type\":\"ImageObject\",\"inLanguage\":\"fr-FR\",\"@id\":\"https:\\\/\\\/secure.gravatar.com\\\/avatar\\\/4c81fed838786e9b53f540bf46533e750f5d292099ae3b66cfc6fb1982e29df7?s=96&d=mm&r=g\",\"url\":\"https:\\\/\\\/secure.gravatar.com\\\/avatar\\\/4c81fed838786e9b53f540bf46533e750f5d292099ae3b66cfc6fb1982e29df7?s=96&d=mm&r=g\",\"contentUrl\":\"https:\\\/\\\/secure.gravatar.com\\\/avatar\\\/4c81fed838786e9b53f540bf46533e750f5d292099ae3b66cfc6fb1982e29df7?s=96&d=mm&r=g\",\"caption\":\"admin\"},\"description\":\"admin\",\"url\":\"https:\\\/\\\/lasentinelle.dz\\\/author\\\/admin\\\/\"}]}<\/script>\n<!-- \/ Yoast SEO plugin. -->","yoast_head_json":{"title":"Un navire transportant 13.000 t\u00eates a accost\u00e9 hier : Les premiers moutons en provenance d&rsquo;Espagne arrivent \u00e0 Oran - La Sentinelle","robots":{"index":"index","follow":"follow","max-snippet":"max-snippet:-1","max-image-preview":"max-image-preview:large","max-video-preview":"max-video-preview:-1"},"canonical":"https:\/\/lasentinelle.dz\/index.php\/2025\/04\/27\/un-navire-transportant-13-000-tetes-a-accoste-hier-les-premiers-moutons-en-provenance-despagne-arrivent-a-oran\/","og_locale":"fr_FR","og_type":"article","og_title":"Un navire transportant 13.000 t\u00eates a accost\u00e9 hier : Les premiers moutons en provenance d&rsquo;Espagne arrivent \u00e0 Oran - La Sentinelle","og_description":"Un navire transportant 13.000 t\u00eates d&rsquo;ovins espagnols a accost\u00e9 samedi matin au port d&rsquo;Oran, dans le cadre du &nbsp;programme d&rsquo;importation","og_url":"https:\/\/lasentinelle.dz\/index.php\/2025\/04\/27\/un-navire-transportant-13-000-tetes-a-accoste-hier-les-premiers-moutons-en-provenance-despagne-arrivent-a-oran\/","og_site_name":"La Sentinelle","article_publisher":"https:\/\/www.facebook.com\/La-Sentinelle-104059864394773","article_published_time":"2025-04-27T12:30:51+00:00","article_modified_time":"2025-04-27T12:30:52+00:00","og_image":[{"width":720,"height":532,"url":"https:\/\/lasentinelle.dz\/wp-content\/uploads\/2025\/04\/moutons.jpg","type":"image\/jpeg"}],"author":"admin","twitter_card":"summary_large_image","twitter_misc":{"\u00c9crit par":"admin","Dur\u00e9e de lecture estim\u00e9e":"3 minutes"},"schema":{"@context":"https:\/\/schema.org","@graph":[{"@type":"Article","@id":"https:\/\/lasentinelle.dz\/index.php\/2025\/04\/27\/un-navire-transportant-13-000-tetes-a-accoste-hier-les-premiers-moutons-en-provenance-despagne-arrivent-a-oran\/#article","isPartOf":{"@id":"https:\/\/lasentinelle.dz\/index.php\/2025\/04\/27\/un-navire-transportant-13-000-tetes-a-accoste-hier-les-premiers-moutons-en-provenance-despagne-arrivent-a-oran\/"},"author":{"name":"admin","@id":"https:\/\/lasentinelle.dz\/#\/schema\/person\/729ee0024f24e0b8c5ec17232f8e8b41"},"headline":"Un navire transportant 13.000 t\u00eates a accost\u00e9 hier : Les premiers moutons en provenance d&rsquo;Espagne arrivent \u00e0 Oran","datePublished":"2025-04-27T12:30:51+00:00","dateModified":"2025-04-27T12:30:52+00:00","mainEntityOfPage":{"@id":"https:\/\/lasentinelle.dz\/index.php\/2025\/04\/27\/un-navire-transportant-13-000-tetes-a-accoste-hier-les-premiers-moutons-en-provenance-despagne-arrivent-a-oran\/"},"wordCount":545,"commentCount":0,"publisher":{"@id":"https:\/\/lasentinelle.dz\/#organization"},"image":{"@id":"https:\/\/lasentinelle.dz\/index.php\/2025\/04\/27\/un-navire-transportant-13-000-tetes-a-accoste-hier-les-premiers-moutons-en-provenance-despagne-arrivent-a-oran\/#primaryimage"},"thumbnailUrl":"https:\/\/lasentinelle.dz\/wp-content\/uploads\/2025\/04\/moutons.jpg","articleSection":["\u00c9conomie"],"inLanguage":"fr-FR","potentialAction":[{"@type":"CommentAction","name":"Comment","target":["https:\/\/lasentinelle.dz\/index.php\/2025\/04\/27\/un-navire-transportant-13-000-tetes-a-accoste-hier-les-premiers-moutons-en-provenance-despagne-arrivent-a-oran\/#respond"]}]},{"@type":"WebPage","@id":"https:\/\/lasentinelle.dz\/index.php\/2025\/04\/27\/un-navire-transportant-13-000-tetes-a-accoste-hier-les-premiers-moutons-en-provenance-despagne-arrivent-a-oran\/","url":"https:\/\/lasentinelle.dz\/index.php\/2025\/04\/27\/un-navire-transportant-13-000-tetes-a-accoste-hier-les-premiers-moutons-en-provenance-despagne-arrivent-a-oran\/","name":"Un navire transportant 13.000 t\u00eates a accost\u00e9 hier : Les premiers moutons en provenance d&rsquo;Espagne arrivent \u00e0 Oran - La Sentinelle","isPartOf":{"@id":"https:\/\/lasentinelle.dz\/#website"},"primaryImageOfPage":{"@id":"https:\/\/lasentinelle.dz\/index.php\/2025\/04\/27\/un-navire-transportant-13-000-tetes-a-accoste-hier-les-premiers-moutons-en-provenance-despagne-arrivent-a-oran\/#primaryimage"},"image":{"@id":"https:\/\/lasentinelle.dz\/index.php\/2025\/04\/27\/un-navire-transportant-13-000-tetes-a-accoste-hier-les-premiers-moutons-en-provenance-despagne-arrivent-a-oran\/#primaryimage"},"thumbnailUrl":"https:\/\/lasentinelle.dz\/wp-content\/uploads\/2025\/04\/moutons.jpg","datePublished":"2025-04-27T12:30:51+00:00","dateModified":"2025-04-27T12:30:52+00:00","breadcrumb":{"@id":"https:\/\/lasentinelle.dz\/index.php\/2025\/04\/27\/un-navire-transportant-13-000-tetes-a-accoste-hier-les-premiers-moutons-en-provenance-despagne-arrivent-a-oran\/#breadcrumb"},"inLanguage":"fr-FR","potentialAction":[{"@type":"ReadAction","target":["https:\/\/lasentinelle.dz\/index.php\/2025\/04\/27\/un-navire-transportant-13-000-tetes-a-accoste-hier-les-premiers-moutons-en-provenance-despagne-arrivent-a-oran\/"]}]},{"@type":"ImageObject","inLanguage":"fr-FR","@id":"https:\/\/lasentinelle.dz\/index.php\/2025\/04\/27\/un-navire-transportant-13-000-tetes-a-accoste-hier-les-premiers-moutons-en-provenance-despagne-arrivent-a-oran\/#primaryimage","url":"https:\/\/lasentinelle.dz\/wp-content\/uploads\/2025\/04\/moutons.jpg","contentUrl":"https:\/\/lasentinelle.dz\/wp-content\/uploads\/2025\/04\/moutons.jpg","width":720,"height":532},{"@type":"BreadcrumbList","@id":"https:\/\/lasentinelle.dz\/index.php\/2025\/04\/27\/un-navire-transportant-13-000-tetes-a-accoste-hier-les-premiers-moutons-en-provenance-despagne-arrivent-a-oran\/#breadcrumb","itemListElement":[{"@type":"ListItem","position":1,"name":"Accueil","item":"https:\/\/lasentinelle.dz\/"},{"@type":"ListItem","position":2,"name":"Un navire transportant 13.000 t\u00eates a accost\u00e9 hier : Les premiers moutons en provenance d&rsquo;Espagne arrivent \u00e0 Oran"}]},{"@type":"WebSite","@id":"https:\/\/lasentinelle.dz\/#website","url":"https:\/\/lasentinelle.dz\/","name":"La Sentinelle","description":"Quotidien national d&#039;information","publisher":{"@id":"https:\/\/lasentinelle.dz\/#organization"},"potentialAction":[{"@type":"SearchAction","target":{"@type":"EntryPoint","urlTemplate":"https:\/\/lasentinelle.dz\/?s={search_term_string}"},"query-input":{"@type":"PropertyValueSpecification","valueRequired":true,"valueName":"search_term_string"}}],"inLanguage":"fr-FR"},{"@type":"Organization","@id":"https:\/\/lasentinelle.dz\/#organization","name":"Quotidien La Sentinelle","url":"https:\/\/lasentinelle.dz\/","logo":{"@type":"ImageObject","inLanguage":"fr-FR","@id":"https:\/\/lasentinelle.dz\/#\/schema\/logo\/image\/","url":"https:\/\/lasentinelle.dz\/wp-content\/uploads\/2021\/09\/logo-sentinelleSLOGAN-1.png","contentUrl":"https:\/\/lasentinelle.dz\/wp-content\/uploads\/2021\/09\/logo-sentinelleSLOGAN-1.png","width":615,"height":142,"caption":"Quotidien La Sentinelle"},"image":{"@id":"https:\/\/lasentinelle.dz\/#\/schema\/logo\/image\/"},"sameAs":["https:\/\/www.facebook.com\/La-Sentinelle-104059864394773"]},{"@type":"Person","@id":"https:\/\/lasentinelle.dz\/#\/schema\/person\/729ee0024f24e0b8c5ec17232f8e8b41","name":"admin","image":{"@type":"ImageObject","inLanguage":"fr-FR","@id":"https:\/\/secure.gravatar.com\/avatar\/4c81fed838786e9b53f540bf46533e750f5d292099ae3b66cfc6fb1982e29df7?s=96&d=mm&r=g","url":"https:\/\/secure.gravatar.com\/avatar\/4c81fed838786e9b53f540bf46533e750f5d292099ae3b66cfc6fb1982e29df7?s=96&d=mm&r=g","contentUrl":"https:\/\/secure.gravatar.com\/avatar\/4c81fed838786e9b53f540bf46533e750f5d292099ae3b66cfc6fb1982e29df7?s=96&d=mm&r=g","caption":"admin"},"description":"admin","url":"https:\/\/lasentinelle.dz\/author\/admin\/"}]}},"_links":{"self":[{"href":"https:\/\/lasentinelle.dz\/index.php\/wp-json\/wp\/v2\/posts\/66476","targetHints":{"allow":["GET"]}}],"collection":[{"href":"https:\/\/lasentinelle.dz\/index.php\/wp-json\/wp\/v2\/posts"}],"about":[{"href":"https:\/\/lasentinelle.dz\/index.php\/wp-json\/wp\/v2\/types\/post"}],"author":[{"embeddable":true,"href":"https:\/\/lasentinelle.dz\/index.php\/wp-json\/wp\/v2\/users\/6"}],"replies":[{"embeddable":true,"href":"https:\/\/lasentinelle.dz\/index.php\/wp-json\/wp\/v2\/comments?post=66476"}],"version-history":[{"count":2,"href":"https:\/\/lasentinelle.dz\/index.php\/wp-json\/wp\/v2\/posts\/66476\/revisions"}],"predecessor-version":[{"id":66478,"href":"https:\/\/lasentinelle.dz\/index.php\/wp-json\/wp\/v2\/posts\/66476\/revisions\/66478"}],"wp:featuredmedia":[{"embeddable":true,"href":"https:\/\/lasentinelle.dz\/index.php\/wp-json\/wp\/v2\/media\/66088"}],"wp:attachment":[{"href":"https:\/\/lasentinelle.dz\/index.php\/wp-json\/wp\/v2\/media?parent=66476"}],"wp:term":[{"taxonomy":"category","embeddable":true,"href":"https:\/\/lasentinelle.dz\/index.php\/wp-json\/wp\/v2\/categories?post=66476"},{"taxonomy":"post_tag","embeddable":true,"href":"https:\/\/lasentinelle.dz\/index.php\/wp-json\/wp\/v2\/tags?post=66476"}],"curies":[{"name":"wp","href":"https:\/\/api.w.org\/{rel}","templated":true}]}}