{"id":66489,"date":"2025-04-27T13:36:04","date_gmt":"2025-04-27T12:36:04","guid":{"rendered":"https:\/\/lasentinelle.dz\/?p=66489"},"modified":"2025-04-27T13:36:04","modified_gmt":"2025-04-27T12:36:04","slug":"lalgerie-renforce-sa-position-sur-le-marche-europeen-bond-des-exportations-de-gaz-en-2025","status":"publish","type":"post","link":"https:\/\/lasentinelle.dz\/index.php\/2025\/04\/27\/lalgerie-renforce-sa-position-sur-le-marche-europeen-bond-des-exportations-de-gaz-en-2025\/","title":{"rendered":"L&rsquo;Alg\u00e9rie renforce sa position sur le march\u00e9 europ\u00e9en : Bond des exportations de gaz en 2025"},"content":{"rendered":"\n<p>L&rsquo;Alg\u00e9rie a consolid\u00e9 sa position d&rsquo;exportateur strat\u00e9gique vers l&rsquo;Europe au cours du premier trimestre 2025, selon les derni\u00e8res donn\u00e9es publi\u00e9es par le Forum des pays exportateurs de gaz (GECF). Alors que les importations globales de gaz naturel par pipeline (PNG) del&rsquo;Union europ\u00e9enne ont enregistr\u00e9 une baisse de 10% sur un an, atteignant 36 milliards de m\u00e8tres cubes (bcm) pour le premier trimestre, l&rsquo;Alg\u00e9rie a r\u00e9ussi \u00e0 augmenter ses exportations vers le bloc europ\u00e9en de 13% par rapport \u00e0 la m\u00eame p\u00e9riode en 2024, contrastant avec la tendance g\u00e9n\u00e9rale du march\u00e9. Cette performance remarquable de l&rsquo;Alg\u00e9rie s&rsquo;observe particuli\u00e8rement sur deux axes d&rsquo;approvisionnement majeurs. D&rsquo;une part, les flux gaziers vers l&rsquo;Italie ont progress\u00e9 de 13% en glissement annuel, portant les livraisons \u00e0 un niveau record, et d&rsquo;autre part, les exportations vers l&rsquo;Espagne ont connu une hausse de 12% sur la m\u00eame p\u00e9riode. Ces chiffres t\u00e9moignent du renforcement de la position alg\u00e9rienne comme fournisseur fiable pour le sud de l&rsquo;Europe, \u00e0 un moment o\u00f9 l&rsquo;approvisionnement \u00e9nerg\u00e9tique du continent conna\u00eet d&rsquo;importantes reconfigurations. L&rsquo;Italie, notamment, a augment\u00e9 ses importations en provenance d&rsquo;Afrique du Nord de 8% sur un an, atteignant 5,4 bcm, majoritairement gr\u00e2ce \u00e0 l&rsquo;apport alg\u00e9rien.<\/p>\n\n\n\n<p>Sur le segment du gaz naturel liqu\u00e9fi\u00e9 (GNL), l&rsquo;Alg\u00e9rie affiche \u00e9galement des r\u00e9sultats positifs. En mars 2025, les exportations alg\u00e9riennes de GNL ont contribu\u00e9 \u00e0 la hausse globale des livraisons des pays membres et observateurs du GECF, qui ont atteint un niveau record de 18,04 millions de tonnes (Mt), soit une augmentation de 6,3% (1,08 Mt) par rapport \u00e0 mars 2024. Cette progression des exportations alg\u00e9riennes s&rsquo;explique notamment par une activit\u00e9 soutenue des installations de liqu\u00e9faction d&rsquo;Arzew et de Skikda, qui ont permis d&rsquo;accro\u00eetre significativement les volumes export\u00e9s. Pour l&rsquo;ensemble du premier trimestre 2025, les exportations de GNL des pays du GECF ont progress\u00e9 de 1,0% (0,52 Mt) en glissement annuel, atteignant 51,25 Mt, avec une contribution notable de l&rsquo;Alg\u00e9rie.<\/p>\n\n\n\n<p>Cette dynamique positive des exportations alg\u00e9riennes intervient dans un environnement global contrast\u00e9.<\/p>\n\n\n\n<p>La consommation mondiale en hausse de 2%<\/p>\n\n\n\n<p>Le march\u00e9 gazier mondial pr\u00e9sente actuellement plusieurs tendances notables. La consommation mondiale de gaz devrait cro\u00eetre de 2% en 2025, principalement tir\u00e9e par l&rsquo;Am\u00e9rique du Nord et l&rsquo;Asie. En mars 2025, la demande de gaz de l&rsquo;UE a bondi de 5,2% en glissement annuel pour atteindre 32 bcm, stimul\u00e9e principalement par une consommation accrue dans les secteurs de l&rsquo;\u00e9lectricit\u00e9 et du r\u00e9sidentiel. \u00c0 l&rsquo;inverse, la consommation am\u00e9ricaine de gaz a diminu\u00e9 de 2,3% sur un an, s&rsquo;\u00e9tablissant \u00e0 77 bcm en raison d&rsquo;une demande plus faible dans plusieurs secteurs. En Chine, la demande apparente de gaz a enregistr\u00e9 une baisse de 4,5% en glissement annuel en f\u00e9vrier 2025, atteignant 33,7 bcm, en raison de conditions m\u00e9t\u00e9orologiques cl\u00e9mentes et d&rsquo;un ralentissement industriel prolong\u00e9 li\u00e9 aux festivit\u00e9s du Nouvel An lunaire.<\/p>\n\n\n\n<p>Sur le plan de la production, la croissance mondiale est \u00e9galement estim\u00e9e \u00e0 2% pour 2025, principalement stimul\u00e9e par une forte production au Moyen-Orient. Le commerce mondial de GNL a connu une forte dynamique en mars 2025, avec des importations globales en hausse de 8,4% sur un an, atteignant un niveau record de 37,8 Mt pour le mois, marquant ainsi la plus forte augmentation annuelle depuis novembre 2022. L&rsquo;Europe a men\u00e9 cette croissance, soutenue par des importations plus \u00e9lev\u00e9es dans la r\u00e9gion MENA (Moyen-Orient et Afrique du Nord), compensant les baisses observ\u00e9es ailleurs. Les prix \u00e9lev\u00e9s du TTF (Title Transfer Facility) par rapport au GNL spot asiatique ont attir\u00e9 davantage de cargaisons am\u00e9ricaines vers l&rsquo;Europe, o\u00f9 un approvisionnement plus faible en gaz par pipeline, une utilisation croissante du gaz et de meilleurs rendements nets ont stimul\u00e9 les importations.<\/p>\n\n\n\n<p>Concernant les prix de l&rsquo;\u00e9nergie, mars 2025 a vu des baisses notables d&rsquo;un mois sur l&rsquo;autre pour les r\u00e9f\u00e9rences gazi\u00e8res europ\u00e9ennes et asiatiques. Les prix spot du TTF et du GNL NEA (Nord-Est asiatique) ont atteint en moyenne 13 dollars par million d&rsquo;unit\u00e9s thermiques britanniques (MMBtu), enregistrant chacun une forte baisse de 11% par rapport au mois pr\u00e9c\u00e9dent. Aux \u00c9tats-Unis, le prix spot du Henry Hub a \u00e9galement l\u00e9g\u00e8rement baiss\u00e9, diminuant de 2% d&rsquo;un mois sur l&rsquo;autre pour atteindre en moyenne 4,13 dollars\/MMBtu. Pour l&rsquo;avenir, l&rsquo;escalade de la guerre commerciale et les inqui\u00e9tudes croissantes concernant un potentiel ralentissement \u00e9conomique mondial devraient peser sur l&rsquo;activit\u00e9 industrielle, mod\u00e9rant ainsi la demande mondiale de gaz et exer\u00e7ant une pression \u00e0 la baisse suppl\u00e9mentaire sur les prix spot dans les principaux march\u00e9s, souligne le GECF.<\/p>\n\n\n\n<p>Samira Ghrib<\/p>\n","protected":false},"excerpt":{"rendered":"<p>L&rsquo;Alg\u00e9rie a consolid\u00e9 sa position d&rsquo;exportateur strat\u00e9gique vers l&rsquo;Europe au cours du premier trimestre 2025, selon les derni\u00e8res donn\u00e9es publi\u00e9es<\/p>\n","protected":false},"author":6,"featured_media":66490,"comment_status":"open","ping_status":"closed","sticky":false,"template":"","format":"standard","meta":{"colormag_page_container_layout":"default_layout","colormag_page_sidebar_layout":"default_layout","om_disable_all_campaigns":false,"_monsterinsights_skip_tracking":false,"_monsterinsights_sitenote_active":false,"_monsterinsights_sitenote_note":"","_monsterinsights_sitenote_category":0,"footnotes":"","_wpscppro_dont_share_socialmedia":false,"_wpscppro_custom_social_share_image":0,"_facebook_share_type":"default","_twitter_share_type":"default","_linkedin_share_type":"default","_pinterest_share_type":"default","_linkedin_share_type_page":"","_instagram_share_type":"default","_medium_share_type":"default","_threads_share_type":"","_google_business_share_type":"","_selected_social_profile":[],"_wpsp_enable_custom_social_template":false,"_wpsp_social_scheduling":{"enabled":false,"datetime":null,"platforms":[],"status":"template_only","dateOption":"today","timeOption":"now","customDays":"","customHours":"","customDate":"","customTime":"","schedulingType":"absolute"},"_wpsp_active_default_template":true},"categories":[52,29],"tags":[],"class_list":["post-66489","post","type-post","status-publish","format-standard","has-post-thumbnail","hentry","category-a-la-une","category-economie"],"aioseo_notices":[],"yoast_head":"<!-- This site is optimized with the Yoast SEO plugin v27.5 - https:\/\/yoast.com\/product\/yoast-seo-wordpress\/ -->\n<title>L&rsquo;Alg\u00e9rie renforce sa position sur le march\u00e9 europ\u00e9en : Bond des exportations de gaz en 2025 - La Sentinelle<\/title>\n<meta name=\"robots\" content=\"index, follow, max-snippet:-1, max-image-preview:large, max-video-preview:-1\" \/>\n<link rel=\"canonical\" href=\"https:\/\/lasentinelle.dz\/index.php\/2025\/04\/27\/lalgerie-renforce-sa-position-sur-le-marche-europeen-bond-des-exportations-de-gaz-en-2025\/\" \/>\n<meta property=\"og:locale\" content=\"fr_FR\" \/>\n<meta property=\"og:type\" content=\"article\" \/>\n<meta property=\"og:title\" content=\"L&rsquo;Alg\u00e9rie renforce sa position sur le march\u00e9 europ\u00e9en : Bond des exportations de gaz en 2025 - La Sentinelle\" \/>\n<meta property=\"og:description\" content=\"L&rsquo;Alg\u00e9rie a consolid\u00e9 sa position d&rsquo;exportateur strat\u00e9gique vers l&rsquo;Europe au cours du premier trimestre 2025, selon les derni\u00e8res donn\u00e9es publi\u00e9es\" \/>\n<meta property=\"og:url\" content=\"https:\/\/lasentinelle.dz\/index.php\/2025\/04\/27\/lalgerie-renforce-sa-position-sur-le-marche-europeen-bond-des-exportations-de-gaz-en-2025\/\" \/>\n<meta property=\"og:site_name\" content=\"La Sentinelle\" \/>\n<meta property=\"article:publisher\" content=\"https:\/\/www.facebook.com\/La-Sentinelle-104059864394773\" \/>\n<meta property=\"article:published_time\" content=\"2025-04-27T12:36:04+00:00\" \/>\n<meta property=\"og:image\" content=\"https:\/\/lasentinelle.dz\/wp-content\/uploads\/2025\/04\/gaz.webp\" \/>\n\t<meta property=\"og:image:width\" content=\"1000\" \/>\n\t<meta property=\"og:image:height\" content=\"560\" \/>\n\t<meta property=\"og:image:type\" content=\"image\/webp\" \/>\n<meta name=\"author\" content=\"admin\" \/>\n<meta name=\"twitter:card\" content=\"summary_large_image\" \/>\n<meta name=\"twitter:label1\" content=\"\u00c9crit par\" \/>\n\t<meta name=\"twitter:data1\" content=\"admin\" \/>\n\t<meta name=\"twitter:label2\" content=\"Dur\u00e9e de lecture estim\u00e9e\" \/>\n\t<meta name=\"twitter:data2\" content=\"4 minutes\" \/>\n<script type=\"application\/ld+json\" class=\"yoast-schema-graph\">{\"@context\":\"https:\\\/\\\/schema.org\",\"@graph\":[{\"@type\":\"Article\",\"@id\":\"https:\\\/\\\/lasentinelle.dz\\\/index.php\\\/2025\\\/04\\\/27\\\/lalgerie-renforce-sa-position-sur-le-marche-europeen-bond-des-exportations-de-gaz-en-2025\\\/#article\",\"isPartOf\":{\"@id\":\"https:\\\/\\\/lasentinelle.dz\\\/index.php\\\/2025\\\/04\\\/27\\\/lalgerie-renforce-sa-position-sur-le-marche-europeen-bond-des-exportations-de-gaz-en-2025\\\/\"},\"author\":{\"name\":\"admin\",\"@id\":\"https:\\\/\\\/lasentinelle.dz\\\/#\\\/schema\\\/person\\\/729ee0024f24e0b8c5ec17232f8e8b41\"},\"headline\":\"L&rsquo;Alg\u00e9rie renforce sa position sur le march\u00e9 europ\u00e9en : Bond des exportations de gaz en 2025\",\"datePublished\":\"2025-04-27T12:36:04+00:00\",\"mainEntityOfPage\":{\"@id\":\"https:\\\/\\\/lasentinelle.dz\\\/index.php\\\/2025\\\/04\\\/27\\\/lalgerie-renforce-sa-position-sur-le-marche-europeen-bond-des-exportations-de-gaz-en-2025\\\/\"},\"wordCount\":809,\"commentCount\":0,\"publisher\":{\"@id\":\"https:\\\/\\\/lasentinelle.dz\\\/#organization\"},\"image\":{\"@id\":\"https:\\\/\\\/lasentinelle.dz\\\/index.php\\\/2025\\\/04\\\/27\\\/lalgerie-renforce-sa-position-sur-le-marche-europeen-bond-des-exportations-de-gaz-en-2025\\\/#primaryimage\"},\"thumbnailUrl\":\"https:\\\/\\\/lasentinelle.dz\\\/wp-content\\\/uploads\\\/2025\\\/04\\\/gaz.webp\",\"articleSection\":[\"\u00c0 la Une\",\"\u00c9conomie\"],\"inLanguage\":\"fr-FR\",\"potentialAction\":[{\"@type\":\"CommentAction\",\"name\":\"Comment\",\"target\":[\"https:\\\/\\\/lasentinelle.dz\\\/index.php\\\/2025\\\/04\\\/27\\\/lalgerie-renforce-sa-position-sur-le-marche-europeen-bond-des-exportations-de-gaz-en-2025\\\/#respond\"]}]},{\"@type\":\"WebPage\",\"@id\":\"https:\\\/\\\/lasentinelle.dz\\\/index.php\\\/2025\\\/04\\\/27\\\/lalgerie-renforce-sa-position-sur-le-marche-europeen-bond-des-exportations-de-gaz-en-2025\\\/\",\"url\":\"https:\\\/\\\/lasentinelle.dz\\\/index.php\\\/2025\\\/04\\\/27\\\/lalgerie-renforce-sa-position-sur-le-marche-europeen-bond-des-exportations-de-gaz-en-2025\\\/\",\"name\":\"L&rsquo;Alg\u00e9rie renforce sa position sur le march\u00e9 europ\u00e9en : Bond des exportations de gaz en 2025 - La Sentinelle\",\"isPartOf\":{\"@id\":\"https:\\\/\\\/lasentinelle.dz\\\/#website\"},\"primaryImageOfPage\":{\"@id\":\"https:\\\/\\\/lasentinelle.dz\\\/index.php\\\/2025\\\/04\\\/27\\\/lalgerie-renforce-sa-position-sur-le-marche-europeen-bond-des-exportations-de-gaz-en-2025\\\/#primaryimage\"},\"image\":{\"@id\":\"https:\\\/\\\/lasentinelle.dz\\\/index.php\\\/2025\\\/04\\\/27\\\/lalgerie-renforce-sa-position-sur-le-marche-europeen-bond-des-exportations-de-gaz-en-2025\\\/#primaryimage\"},\"thumbnailUrl\":\"https:\\\/\\\/lasentinelle.dz\\\/wp-content\\\/uploads\\\/2025\\\/04\\\/gaz.webp\",\"datePublished\":\"2025-04-27T12:36:04+00:00\",\"breadcrumb\":{\"@id\":\"https:\\\/\\\/lasentinelle.dz\\\/index.php\\\/2025\\\/04\\\/27\\\/lalgerie-renforce-sa-position-sur-le-marche-europeen-bond-des-exportations-de-gaz-en-2025\\\/#breadcrumb\"},\"inLanguage\":\"fr-FR\",\"potentialAction\":[{\"@type\":\"ReadAction\",\"target\":[\"https:\\\/\\\/lasentinelle.dz\\\/index.php\\\/2025\\\/04\\\/27\\\/lalgerie-renforce-sa-position-sur-le-marche-europeen-bond-des-exportations-de-gaz-en-2025\\\/\"]}]},{\"@type\":\"ImageObject\",\"inLanguage\":\"fr-FR\",\"@id\":\"https:\\\/\\\/lasentinelle.dz\\\/index.php\\\/2025\\\/04\\\/27\\\/lalgerie-renforce-sa-position-sur-le-marche-europeen-bond-des-exportations-de-gaz-en-2025\\\/#primaryimage\",\"url\":\"https:\\\/\\\/lasentinelle.dz\\\/wp-content\\\/uploads\\\/2025\\\/04\\\/gaz.webp\",\"contentUrl\":\"https:\\\/\\\/lasentinelle.dz\\\/wp-content\\\/uploads\\\/2025\\\/04\\\/gaz.webp\",\"width\":1000,\"height\":560},{\"@type\":\"BreadcrumbList\",\"@id\":\"https:\\\/\\\/lasentinelle.dz\\\/index.php\\\/2025\\\/04\\\/27\\\/lalgerie-renforce-sa-position-sur-le-marche-europeen-bond-des-exportations-de-gaz-en-2025\\\/#breadcrumb\",\"itemListElement\":[{\"@type\":\"ListItem\",\"position\":1,\"name\":\"Accueil\",\"item\":\"https:\\\/\\\/lasentinelle.dz\\\/\"},{\"@type\":\"ListItem\",\"position\":2,\"name\":\"L&rsquo;Alg\u00e9rie renforce sa position sur le march\u00e9 europ\u00e9en : Bond des exportations de gaz en 2025\"}]},{\"@type\":\"WebSite\",\"@id\":\"https:\\\/\\\/lasentinelle.dz\\\/#website\",\"url\":\"https:\\\/\\\/lasentinelle.dz\\\/\",\"name\":\"La Sentinelle\",\"description\":\"Quotidien national d&#039;information\",\"publisher\":{\"@id\":\"https:\\\/\\\/lasentinelle.dz\\\/#organization\"},\"potentialAction\":[{\"@type\":\"SearchAction\",\"target\":{\"@type\":\"EntryPoint\",\"urlTemplate\":\"https:\\\/\\\/lasentinelle.dz\\\/?s={search_term_string}\"},\"query-input\":{\"@type\":\"PropertyValueSpecification\",\"valueRequired\":true,\"valueName\":\"search_term_string\"}}],\"inLanguage\":\"fr-FR\"},{\"@type\":\"Organization\",\"@id\":\"https:\\\/\\\/lasentinelle.dz\\\/#organization\",\"name\":\"Quotidien La Sentinelle\",\"url\":\"https:\\\/\\\/lasentinelle.dz\\\/\",\"logo\":{\"@type\":\"ImageObject\",\"inLanguage\":\"fr-FR\",\"@id\":\"https:\\\/\\\/lasentinelle.dz\\\/#\\\/schema\\\/logo\\\/image\\\/\",\"url\":\"https:\\\/\\\/lasentinelle.dz\\\/wp-content\\\/uploads\\\/2021\\\/09\\\/logo-sentinelleSLOGAN-1.png\",\"contentUrl\":\"https:\\\/\\\/lasentinelle.dz\\\/wp-content\\\/uploads\\\/2021\\\/09\\\/logo-sentinelleSLOGAN-1.png\",\"width\":615,\"height\":142,\"caption\":\"Quotidien La Sentinelle\"},\"image\":{\"@id\":\"https:\\\/\\\/lasentinelle.dz\\\/#\\\/schema\\\/logo\\\/image\\\/\"},\"sameAs\":[\"https:\\\/\\\/www.facebook.com\\\/La-Sentinelle-104059864394773\"]},{\"@type\":\"Person\",\"@id\":\"https:\\\/\\\/lasentinelle.dz\\\/#\\\/schema\\\/person\\\/729ee0024f24e0b8c5ec17232f8e8b41\",\"name\":\"admin\",\"image\":{\"@type\":\"ImageObject\",\"inLanguage\":\"fr-FR\",\"@id\":\"https:\\\/\\\/secure.gravatar.com\\\/avatar\\\/4c81fed838786e9b53f540bf46533e750f5d292099ae3b66cfc6fb1982e29df7?s=96&d=mm&r=g\",\"url\":\"https:\\\/\\\/secure.gravatar.com\\\/avatar\\\/4c81fed838786e9b53f540bf46533e750f5d292099ae3b66cfc6fb1982e29df7?s=96&d=mm&r=g\",\"contentUrl\":\"https:\\\/\\\/secure.gravatar.com\\\/avatar\\\/4c81fed838786e9b53f540bf46533e750f5d292099ae3b66cfc6fb1982e29df7?s=96&d=mm&r=g\",\"caption\":\"admin\"},\"description\":\"admin\",\"url\":\"https:\\\/\\\/lasentinelle.dz\\\/author\\\/admin\\\/\"}]}<\/script>\n<!-- \/ Yoast SEO plugin. -->","yoast_head_json":{"title":"L&rsquo;Alg\u00e9rie renforce sa position sur le march\u00e9 europ\u00e9en : Bond des exportations de gaz en 2025 - La Sentinelle","robots":{"index":"index","follow":"follow","max-snippet":"max-snippet:-1","max-image-preview":"max-image-preview:large","max-video-preview":"max-video-preview:-1"},"canonical":"https:\/\/lasentinelle.dz\/index.php\/2025\/04\/27\/lalgerie-renforce-sa-position-sur-le-marche-europeen-bond-des-exportations-de-gaz-en-2025\/","og_locale":"fr_FR","og_type":"article","og_title":"L&rsquo;Alg\u00e9rie renforce sa position sur le march\u00e9 europ\u00e9en : Bond des exportations de gaz en 2025 - La Sentinelle","og_description":"L&rsquo;Alg\u00e9rie a consolid\u00e9 sa position d&rsquo;exportateur strat\u00e9gique vers l&rsquo;Europe au cours du premier trimestre 2025, selon les derni\u00e8res donn\u00e9es publi\u00e9es","og_url":"https:\/\/lasentinelle.dz\/index.php\/2025\/04\/27\/lalgerie-renforce-sa-position-sur-le-marche-europeen-bond-des-exportations-de-gaz-en-2025\/","og_site_name":"La Sentinelle","article_publisher":"https:\/\/www.facebook.com\/La-Sentinelle-104059864394773","article_published_time":"2025-04-27T12:36:04+00:00","og_image":[{"width":1000,"height":560,"url":"https:\/\/lasentinelle.dz\/wp-content\/uploads\/2025\/04\/gaz.webp","type":"image\/webp"}],"author":"admin","twitter_card":"summary_large_image","twitter_misc":{"\u00c9crit par":"admin","Dur\u00e9e de lecture estim\u00e9e":"4 minutes"},"schema":{"@context":"https:\/\/schema.org","@graph":[{"@type":"Article","@id":"https:\/\/lasentinelle.dz\/index.php\/2025\/04\/27\/lalgerie-renforce-sa-position-sur-le-marche-europeen-bond-des-exportations-de-gaz-en-2025\/#article","isPartOf":{"@id":"https:\/\/lasentinelle.dz\/index.php\/2025\/04\/27\/lalgerie-renforce-sa-position-sur-le-marche-europeen-bond-des-exportations-de-gaz-en-2025\/"},"author":{"name":"admin","@id":"https:\/\/lasentinelle.dz\/#\/schema\/person\/729ee0024f24e0b8c5ec17232f8e8b41"},"headline":"L&rsquo;Alg\u00e9rie renforce sa position sur le march\u00e9 europ\u00e9en : Bond des exportations de gaz en 2025","datePublished":"2025-04-27T12:36:04+00:00","mainEntityOfPage":{"@id":"https:\/\/lasentinelle.dz\/index.php\/2025\/04\/27\/lalgerie-renforce-sa-position-sur-le-marche-europeen-bond-des-exportations-de-gaz-en-2025\/"},"wordCount":809,"commentCount":0,"publisher":{"@id":"https:\/\/lasentinelle.dz\/#organization"},"image":{"@id":"https:\/\/lasentinelle.dz\/index.php\/2025\/04\/27\/lalgerie-renforce-sa-position-sur-le-marche-europeen-bond-des-exportations-de-gaz-en-2025\/#primaryimage"},"thumbnailUrl":"https:\/\/lasentinelle.dz\/wp-content\/uploads\/2025\/04\/gaz.webp","articleSection":["\u00c0 la Une","\u00c9conomie"],"inLanguage":"fr-FR","potentialAction":[{"@type":"CommentAction","name":"Comment","target":["https:\/\/lasentinelle.dz\/index.php\/2025\/04\/27\/lalgerie-renforce-sa-position-sur-le-marche-europeen-bond-des-exportations-de-gaz-en-2025\/#respond"]}]},{"@type":"WebPage","@id":"https:\/\/lasentinelle.dz\/index.php\/2025\/04\/27\/lalgerie-renforce-sa-position-sur-le-marche-europeen-bond-des-exportations-de-gaz-en-2025\/","url":"https:\/\/lasentinelle.dz\/index.php\/2025\/04\/27\/lalgerie-renforce-sa-position-sur-le-marche-europeen-bond-des-exportations-de-gaz-en-2025\/","name":"L&rsquo;Alg\u00e9rie renforce sa position sur le march\u00e9 europ\u00e9en : Bond des exportations de gaz en 2025 - La Sentinelle","isPartOf":{"@id":"https:\/\/lasentinelle.dz\/#website"},"primaryImageOfPage":{"@id":"https:\/\/lasentinelle.dz\/index.php\/2025\/04\/27\/lalgerie-renforce-sa-position-sur-le-marche-europeen-bond-des-exportations-de-gaz-en-2025\/#primaryimage"},"image":{"@id":"https:\/\/lasentinelle.dz\/index.php\/2025\/04\/27\/lalgerie-renforce-sa-position-sur-le-marche-europeen-bond-des-exportations-de-gaz-en-2025\/#primaryimage"},"thumbnailUrl":"https:\/\/lasentinelle.dz\/wp-content\/uploads\/2025\/04\/gaz.webp","datePublished":"2025-04-27T12:36:04+00:00","breadcrumb":{"@id":"https:\/\/lasentinelle.dz\/index.php\/2025\/04\/27\/lalgerie-renforce-sa-position-sur-le-marche-europeen-bond-des-exportations-de-gaz-en-2025\/#breadcrumb"},"inLanguage":"fr-FR","potentialAction":[{"@type":"ReadAction","target":["https:\/\/lasentinelle.dz\/index.php\/2025\/04\/27\/lalgerie-renforce-sa-position-sur-le-marche-europeen-bond-des-exportations-de-gaz-en-2025\/"]}]},{"@type":"ImageObject","inLanguage":"fr-FR","@id":"https:\/\/lasentinelle.dz\/index.php\/2025\/04\/27\/lalgerie-renforce-sa-position-sur-le-marche-europeen-bond-des-exportations-de-gaz-en-2025\/#primaryimage","url":"https:\/\/lasentinelle.dz\/wp-content\/uploads\/2025\/04\/gaz.webp","contentUrl":"https:\/\/lasentinelle.dz\/wp-content\/uploads\/2025\/04\/gaz.webp","width":1000,"height":560},{"@type":"BreadcrumbList","@id":"https:\/\/lasentinelle.dz\/index.php\/2025\/04\/27\/lalgerie-renforce-sa-position-sur-le-marche-europeen-bond-des-exportations-de-gaz-en-2025\/#breadcrumb","itemListElement":[{"@type":"ListItem","position":1,"name":"Accueil","item":"https:\/\/lasentinelle.dz\/"},{"@type":"ListItem","position":2,"name":"L&rsquo;Alg\u00e9rie renforce sa position sur le march\u00e9 europ\u00e9en : Bond des exportations de gaz en 2025"}]},{"@type":"WebSite","@id":"https:\/\/lasentinelle.dz\/#website","url":"https:\/\/lasentinelle.dz\/","name":"La Sentinelle","description":"Quotidien national d&#039;information","publisher":{"@id":"https:\/\/lasentinelle.dz\/#organization"},"potentialAction":[{"@type":"SearchAction","target":{"@type":"EntryPoint","urlTemplate":"https:\/\/lasentinelle.dz\/?s={search_term_string}"},"query-input":{"@type":"PropertyValueSpecification","valueRequired":true,"valueName":"search_term_string"}}],"inLanguage":"fr-FR"},{"@type":"Organization","@id":"https:\/\/lasentinelle.dz\/#organization","name":"Quotidien La Sentinelle","url":"https:\/\/lasentinelle.dz\/","logo":{"@type":"ImageObject","inLanguage":"fr-FR","@id":"https:\/\/lasentinelle.dz\/#\/schema\/logo\/image\/","url":"https:\/\/lasentinelle.dz\/wp-content\/uploads\/2021\/09\/logo-sentinelleSLOGAN-1.png","contentUrl":"https:\/\/lasentinelle.dz\/wp-content\/uploads\/2021\/09\/logo-sentinelleSLOGAN-1.png","width":615,"height":142,"caption":"Quotidien La Sentinelle"},"image":{"@id":"https:\/\/lasentinelle.dz\/#\/schema\/logo\/image\/"},"sameAs":["https:\/\/www.facebook.com\/La-Sentinelle-104059864394773"]},{"@type":"Person","@id":"https:\/\/lasentinelle.dz\/#\/schema\/person\/729ee0024f24e0b8c5ec17232f8e8b41","name":"admin","image":{"@type":"ImageObject","inLanguage":"fr-FR","@id":"https:\/\/secure.gravatar.com\/avatar\/4c81fed838786e9b53f540bf46533e750f5d292099ae3b66cfc6fb1982e29df7?s=96&d=mm&r=g","url":"https:\/\/secure.gravatar.com\/avatar\/4c81fed838786e9b53f540bf46533e750f5d292099ae3b66cfc6fb1982e29df7?s=96&d=mm&r=g","contentUrl":"https:\/\/secure.gravatar.com\/avatar\/4c81fed838786e9b53f540bf46533e750f5d292099ae3b66cfc6fb1982e29df7?s=96&d=mm&r=g","caption":"admin"},"description":"admin","url":"https:\/\/lasentinelle.dz\/author\/admin\/"}]}},"_links":{"self":[{"href":"https:\/\/lasentinelle.dz\/index.php\/wp-json\/wp\/v2\/posts\/66489","targetHints":{"allow":["GET"]}}],"collection":[{"href":"https:\/\/lasentinelle.dz\/index.php\/wp-json\/wp\/v2\/posts"}],"about":[{"href":"https:\/\/lasentinelle.dz\/index.php\/wp-json\/wp\/v2\/types\/post"}],"author":[{"embeddable":true,"href":"https:\/\/lasentinelle.dz\/index.php\/wp-json\/wp\/v2\/users\/6"}],"replies":[{"embeddable":true,"href":"https:\/\/lasentinelle.dz\/index.php\/wp-json\/wp\/v2\/comments?post=66489"}],"version-history":[{"count":2,"href":"https:\/\/lasentinelle.dz\/index.php\/wp-json\/wp\/v2\/posts\/66489\/revisions"}],"predecessor-version":[{"id":66492,"href":"https:\/\/lasentinelle.dz\/index.php\/wp-json\/wp\/v2\/posts\/66489\/revisions\/66492"}],"wp:featuredmedia":[{"embeddable":true,"href":"https:\/\/lasentinelle.dz\/index.php\/wp-json\/wp\/v2\/media\/66490"}],"wp:attachment":[{"href":"https:\/\/lasentinelle.dz\/index.php\/wp-json\/wp\/v2\/media?parent=66489"}],"wp:term":[{"taxonomy":"category","embeddable":true,"href":"https:\/\/lasentinelle.dz\/index.php\/wp-json\/wp\/v2\/categories?post=66489"},{"taxonomy":"post_tag","embeddable":true,"href":"https:\/\/lasentinelle.dz\/index.php\/wp-json\/wp\/v2\/tags?post=66489"}],"curies":[{"name":"wp","href":"https:\/\/api.w.org\/{rel}","templated":true}]}}