{"id":66523,"date":"2025-04-28T14:12:03","date_gmt":"2025-04-28T13:12:03","guid":{"rendered":"https:\/\/lasentinelle.dz\/?p=66523"},"modified":"2025-04-28T14:12:04","modified_gmt":"2025-04-28T13:12:04","slug":"ain-defla-une-caravane-medicale-pour-venir-en-aide-aux-personnes-agees","status":"publish","type":"post","link":"https:\/\/lasentinelle.dz\/index.php\/2025\/04\/28\/ain-defla-une-caravane-medicale-pour-venir-en-aide-aux-personnes-agees\/","title":{"rendered":"Ain Defla : Une caravane m\u00e9dicale pour venir en aide aux personnes \u00e2g\u00e9es"},"content":{"rendered":"\n<p>Une initiative solidaire d&rsquo;envergure a \u00e9t\u00e9 lanc\u00e9e ce dimanche dans la wilaya d&rsquo;Ain Defla, o\u00f9 une caravane m\u00e9dicale a \u00e9t\u00e9 lanc\u00e9e au profit des personnes \u00e2g\u00e9es r\u00e9sidant dans les zones recul\u00e9es de 23 communes. Cette action humanitaire, organis\u00e9e par la direction locale de l&rsquo;action sociale et de la solidarit\u00e9 (DASS), co\u00efncide avec la c\u00e9l\u00e9bration de la Journ\u00e9e nationale des personnes \u00e2g\u00e9es, c\u00e9l\u00e9br\u00e9e chaque ann\u00e9e le 27 avril. Le complexe sportif \u00ab\u00a0Abdelkader Ben Hamdoud\u00a0\u00bb a servi de point de d\u00e9part \u00e0 cette op\u00e9ration qui b\u00e9n\u00e9ficiera \u00e0 68 personnes \u00e2g\u00e9es issues de cat\u00e9gories sociales d\u00e9favoris\u00e9es. Selon les informations communiqu\u00e9es par la DASS, cette caravane ne se contente pas d&rsquo;apporter une assistance m\u00e9dicale, mais pr\u00e9voit \u00e9galement \u00ab\u00a0la distribution d&rsquo;aides sociales et de mat\u00e9riel m\u00e9dical, dont des tensiom\u00e8tres, des fauteuils roulants et des matelas m\u00e9dicaux\u00a0\u00bb, tout en offrant aux b\u00e9n\u00e9ficiaires des examens m\u00e9dicaux r\u00e9alis\u00e9s par des \u00e9quipes sp\u00e9cialis\u00e9es rattach\u00e9es aux cellules de proximit\u00e9 de solidarit\u00e9. Cette op\u00e9ration s&rsquo;inscrit dans une d\u00e9marche plus large de soutien aux personnes \u00e2g\u00e9es dans la r\u00e9gion. Les responsables de la DASS ont pr\u00e9cis\u00e9 que cette caravane est \u00ab\u00a0la premi\u00e8re du genre pour cette ann\u00e9e 2025\u00a0\u00bb, rappelant que l&rsquo;ann\u00e9e pr\u00e9c\u00e9dente avait connu l&rsquo;organisation de \u00ab\u00a0cinq caravanes m\u00e9dicales similaires ayant port\u00e9 sur la distribution de mat\u00e9riel m\u00e9dical au profit de pr\u00e8s de 500 personnes \u00e2g\u00e9es\u00a0\u00bb \u00e0 travers la wilaya. Pr\u00e9sent lors du lancement de l&rsquo;initiative, le wali d&rsquo;Ain Defla, Aissa Aziz Bouras, a mis en avant l&rsquo;importance de cette action pour \u00ab\u00a0renforcer l&rsquo;action de proximit\u00e9 au niveau des communes de la wilaya, notamment concernant les examens m\u00e9dicaux\u00a0\u00bb. Dans son allocution, il a tenu \u00e0 rendre hommage au \u00ab\u00a0r\u00f4le des staffs m\u00e9dicaux dans la prise en charge de cette cat\u00e9gorie dans les zones recul\u00e9es\u00a0\u00bb, saluant leur d\u00e9vouement et leur professionnalisme. Les festivit\u00e9s de la Journ\u00e9e nationale des personnes \u00e2g\u00e9es ne se sont pas limit\u00e9es au lancement de cette caravane m\u00e9dicale. En parall\u00e8le, de \u00ab\u00a0nombreuses activit\u00e9s\u00a0\u00bb ont \u00e9t\u00e9 organis\u00e9es au foyer des personnes \u00e2g\u00e9es de Hammam Righa, offrant ainsi aux r\u00e9sidents un moment de convivialit\u00e9 et de partage en cette journ\u00e9e symbolique. Cette initiative t\u00e9moigne de l&rsquo;attention particuli\u00e8re port\u00e9e aux personnes \u00e2g\u00e9es en Alg\u00e9rie, notamment celles r\u00e9sidant dans des zones isol\u00e9es et ayant un acc\u00e8s limit\u00e9 aux soins m\u00e9dicaux. En allant \u00e0 leur rencontre, cette caravane m\u00e9dicale contribue \u00e0 r\u00e9duire les in\u00e9galit\u00e9s d&rsquo;acc\u00e8s aux soins et \u00e0 am\u00e9liorer la qualit\u00e9 de vie de cette frange vuln\u00e9rable de la population, incarnant ainsi les valeurs de solidarit\u00e9 et d&rsquo;entraide profond\u00e9ment ancr\u00e9es dans la soci\u00e9t\u00e9 alg\u00e9rienne.<\/p>\n\n\n\n<p>R.R.<\/p>\n","protected":false},"excerpt":{"rendered":"<p>Une initiative solidaire d&rsquo;envergure a \u00e9t\u00e9 lanc\u00e9e ce dimanche dans la wilaya d&rsquo;Ain Defla, o\u00f9 une caravane m\u00e9dicale a \u00e9t\u00e9<\/p>\n","protected":false},"author":6,"featured_media":66524,"comment_status":"open","ping_status":"closed","sticky":false,"template":"","format":"standard","meta":{"colormag_page_container_layout":"default_layout","colormag_page_sidebar_layout":"default_layout","om_disable_all_campaigns":false,"_monsterinsights_skip_tracking":false,"_monsterinsights_sitenote_active":false,"_monsterinsights_sitenote_note":"","_monsterinsights_sitenote_category":0,"footnotes":"","_wpscppro_dont_share_socialmedia":false,"_wpscppro_custom_social_share_image":0,"_facebook_share_type":"default","_twitter_share_type":"default","_linkedin_share_type":"default","_pinterest_share_type":"default","_linkedin_share_type_page":"","_instagram_share_type":"default","_medium_share_type":"default","_threads_share_type":"","_google_business_share_type":"","_selected_social_profile":[],"_wpsp_enable_custom_social_template":false,"_wpsp_social_scheduling":{"enabled":false,"datetime":null,"platforms":[],"status":"template_only","dateOption":"today","timeOption":"now","customDays":"","customHours":"","customDate":"","customTime":"","schedulingType":"absolute"},"_wpsp_active_default_template":true},"categories":[31],"tags":[],"class_list":["post-66523","post","type-post","status-publish","format-standard","has-post-thumbnail","hentry","category-regions"],"aioseo_notices":[],"yoast_head":"<!-- This site is optimized with the Yoast SEO plugin v27.4 - https:\/\/yoast.com\/product\/yoast-seo-wordpress\/ -->\n<title>Ain Defla : Une caravane m\u00e9dicale pour venir en aide aux personnes \u00e2g\u00e9es - La Sentinelle<\/title>\n<meta name=\"robots\" content=\"index, follow, max-snippet:-1, max-image-preview:large, max-video-preview:-1\" \/>\n<link rel=\"canonical\" href=\"https:\/\/lasentinelle.dz\/index.php\/2025\/04\/28\/ain-defla-une-caravane-medicale-pour-venir-en-aide-aux-personnes-agees\/\" \/>\n<meta property=\"og:locale\" content=\"fr_FR\" \/>\n<meta property=\"og:type\" content=\"article\" \/>\n<meta property=\"og:title\" content=\"Ain Defla : Une caravane m\u00e9dicale pour venir en aide aux personnes \u00e2g\u00e9es - La Sentinelle\" \/>\n<meta property=\"og:description\" content=\"Une initiative solidaire d&rsquo;envergure a \u00e9t\u00e9 lanc\u00e9e ce dimanche dans la wilaya d&rsquo;Ain Defla, o\u00f9 une caravane m\u00e9dicale a \u00e9t\u00e9\" \/>\n<meta property=\"og:url\" content=\"https:\/\/lasentinelle.dz\/index.php\/2025\/04\/28\/ain-defla-une-caravane-medicale-pour-venir-en-aide-aux-personnes-agees\/\" \/>\n<meta property=\"og:site_name\" content=\"La Sentinelle\" \/>\n<meta property=\"article:publisher\" content=\"https:\/\/www.facebook.com\/La-Sentinelle-104059864394773\" \/>\n<meta property=\"article:published_time\" content=\"2025-04-28T13:12:03+00:00\" \/>\n<meta property=\"article:modified_time\" content=\"2025-04-28T13:12:04+00:00\" \/>\n<meta property=\"og:image\" content=\"https:\/\/lasentinelle.dz\/wp-content\/uploads\/2025\/04\/caravane-medicale.jpg\" \/>\n\t<meta property=\"og:image:width\" content=\"1181\" \/>\n\t<meta property=\"og:image:height\" content=\"791\" \/>\n\t<meta property=\"og:image:type\" content=\"image\/jpeg\" \/>\n<meta name=\"author\" content=\"admin\" \/>\n<meta name=\"twitter:card\" content=\"summary_large_image\" \/>\n<meta name=\"twitter:label1\" content=\"\u00c9crit par\" \/>\n\t<meta name=\"twitter:data1\" content=\"admin\" \/>\n\t<meta name=\"twitter:label2\" content=\"Dur\u00e9e de lecture estim\u00e9e\" \/>\n\t<meta name=\"twitter:data2\" content=\"3 minutes\" \/>\n<script type=\"application\/ld+json\" class=\"yoast-schema-graph\">{\"@context\":\"https:\\\/\\\/schema.org\",\"@graph\":[{\"@type\":\"Article\",\"@id\":\"https:\\\/\\\/lasentinelle.dz\\\/index.php\\\/2025\\\/04\\\/28\\\/ain-defla-une-caravane-medicale-pour-venir-en-aide-aux-personnes-agees\\\/#article\",\"isPartOf\":{\"@id\":\"https:\\\/\\\/lasentinelle.dz\\\/index.php\\\/2025\\\/04\\\/28\\\/ain-defla-une-caravane-medicale-pour-venir-en-aide-aux-personnes-agees\\\/\"},\"author\":{\"name\":\"admin\",\"@id\":\"https:\\\/\\\/lasentinelle.dz\\\/#\\\/schema\\\/person\\\/729ee0024f24e0b8c5ec17232f8e8b41\"},\"headline\":\"Ain Defla : Une caravane m\u00e9dicale pour venir en aide aux personnes \u00e2g\u00e9es\",\"datePublished\":\"2025-04-28T13:12:03+00:00\",\"dateModified\":\"2025-04-28T13:12:04+00:00\",\"mainEntityOfPage\":{\"@id\":\"https:\\\/\\\/lasentinelle.dz\\\/index.php\\\/2025\\\/04\\\/28\\\/ain-defla-une-caravane-medicale-pour-venir-en-aide-aux-personnes-agees\\\/\"},\"wordCount\":521,\"commentCount\":0,\"publisher\":{\"@id\":\"https:\\\/\\\/lasentinelle.dz\\\/#organization\"},\"image\":{\"@id\":\"https:\\\/\\\/lasentinelle.dz\\\/index.php\\\/2025\\\/04\\\/28\\\/ain-defla-une-caravane-medicale-pour-venir-en-aide-aux-personnes-agees\\\/#primaryimage\"},\"thumbnailUrl\":\"https:\\\/\\\/lasentinelle.dz\\\/wp-content\\\/uploads\\\/2025\\\/04\\\/caravane-medicale.jpg\",\"articleSection\":[\"R\u00e9gions\"],\"inLanguage\":\"fr-FR\",\"potentialAction\":[{\"@type\":\"CommentAction\",\"name\":\"Comment\",\"target\":[\"https:\\\/\\\/lasentinelle.dz\\\/index.php\\\/2025\\\/04\\\/28\\\/ain-defla-une-caravane-medicale-pour-venir-en-aide-aux-personnes-agees\\\/#respond\"]}]},{\"@type\":\"WebPage\",\"@id\":\"https:\\\/\\\/lasentinelle.dz\\\/index.php\\\/2025\\\/04\\\/28\\\/ain-defla-une-caravane-medicale-pour-venir-en-aide-aux-personnes-agees\\\/\",\"url\":\"https:\\\/\\\/lasentinelle.dz\\\/index.php\\\/2025\\\/04\\\/28\\\/ain-defla-une-caravane-medicale-pour-venir-en-aide-aux-personnes-agees\\\/\",\"name\":\"Ain Defla : Une caravane m\u00e9dicale pour venir en aide aux personnes \u00e2g\u00e9es - La Sentinelle\",\"isPartOf\":{\"@id\":\"https:\\\/\\\/lasentinelle.dz\\\/#website\"},\"primaryImageOfPage\":{\"@id\":\"https:\\\/\\\/lasentinelle.dz\\\/index.php\\\/2025\\\/04\\\/28\\\/ain-defla-une-caravane-medicale-pour-venir-en-aide-aux-personnes-agees\\\/#primaryimage\"},\"image\":{\"@id\":\"https:\\\/\\\/lasentinelle.dz\\\/index.php\\\/2025\\\/04\\\/28\\\/ain-defla-une-caravane-medicale-pour-venir-en-aide-aux-personnes-agees\\\/#primaryimage\"},\"thumbnailUrl\":\"https:\\\/\\\/lasentinelle.dz\\\/wp-content\\\/uploads\\\/2025\\\/04\\\/caravane-medicale.jpg\",\"datePublished\":\"2025-04-28T13:12:03+00:00\",\"dateModified\":\"2025-04-28T13:12:04+00:00\",\"breadcrumb\":{\"@id\":\"https:\\\/\\\/lasentinelle.dz\\\/index.php\\\/2025\\\/04\\\/28\\\/ain-defla-une-caravane-medicale-pour-venir-en-aide-aux-personnes-agees\\\/#breadcrumb\"},\"inLanguage\":\"fr-FR\",\"potentialAction\":[{\"@type\":\"ReadAction\",\"target\":[\"https:\\\/\\\/lasentinelle.dz\\\/index.php\\\/2025\\\/04\\\/28\\\/ain-defla-une-caravane-medicale-pour-venir-en-aide-aux-personnes-agees\\\/\"]}]},{\"@type\":\"ImageObject\",\"inLanguage\":\"fr-FR\",\"@id\":\"https:\\\/\\\/lasentinelle.dz\\\/index.php\\\/2025\\\/04\\\/28\\\/ain-defla-une-caravane-medicale-pour-venir-en-aide-aux-personnes-agees\\\/#primaryimage\",\"url\":\"https:\\\/\\\/lasentinelle.dz\\\/wp-content\\\/uploads\\\/2025\\\/04\\\/caravane-medicale.jpg\",\"contentUrl\":\"https:\\\/\\\/lasentinelle.dz\\\/wp-content\\\/uploads\\\/2025\\\/04\\\/caravane-medicale.jpg\",\"width\":1181,\"height\":791},{\"@type\":\"BreadcrumbList\",\"@id\":\"https:\\\/\\\/lasentinelle.dz\\\/index.php\\\/2025\\\/04\\\/28\\\/ain-defla-une-caravane-medicale-pour-venir-en-aide-aux-personnes-agees\\\/#breadcrumb\",\"itemListElement\":[{\"@type\":\"ListItem\",\"position\":1,\"name\":\"Accueil\",\"item\":\"https:\\\/\\\/lasentinelle.dz\\\/\"},{\"@type\":\"ListItem\",\"position\":2,\"name\":\"Ain Defla : Une caravane m\u00e9dicale pour venir en aide aux personnes \u00e2g\u00e9es\"}]},{\"@type\":\"WebSite\",\"@id\":\"https:\\\/\\\/lasentinelle.dz\\\/#website\",\"url\":\"https:\\\/\\\/lasentinelle.dz\\\/\",\"name\":\"La Sentinelle\",\"description\":\"Quotidien national d&#039;information\",\"publisher\":{\"@id\":\"https:\\\/\\\/lasentinelle.dz\\\/#organization\"},\"potentialAction\":[{\"@type\":\"SearchAction\",\"target\":{\"@type\":\"EntryPoint\",\"urlTemplate\":\"https:\\\/\\\/lasentinelle.dz\\\/?s={search_term_string}\"},\"query-input\":{\"@type\":\"PropertyValueSpecification\",\"valueRequired\":true,\"valueName\":\"search_term_string\"}}],\"inLanguage\":\"fr-FR\"},{\"@type\":\"Organization\",\"@id\":\"https:\\\/\\\/lasentinelle.dz\\\/#organization\",\"name\":\"Quotidien La Sentinelle\",\"url\":\"https:\\\/\\\/lasentinelle.dz\\\/\",\"logo\":{\"@type\":\"ImageObject\",\"inLanguage\":\"fr-FR\",\"@id\":\"https:\\\/\\\/lasentinelle.dz\\\/#\\\/schema\\\/logo\\\/image\\\/\",\"url\":\"https:\\\/\\\/lasentinelle.dz\\\/wp-content\\\/uploads\\\/2021\\\/09\\\/logo-sentinelleSLOGAN-1.png\",\"contentUrl\":\"https:\\\/\\\/lasentinelle.dz\\\/wp-content\\\/uploads\\\/2021\\\/09\\\/logo-sentinelleSLOGAN-1.png\",\"width\":615,\"height\":142,\"caption\":\"Quotidien La Sentinelle\"},\"image\":{\"@id\":\"https:\\\/\\\/lasentinelle.dz\\\/#\\\/schema\\\/logo\\\/image\\\/\"},\"sameAs\":[\"https:\\\/\\\/www.facebook.com\\\/La-Sentinelle-104059864394773\"]},{\"@type\":\"Person\",\"@id\":\"https:\\\/\\\/lasentinelle.dz\\\/#\\\/schema\\\/person\\\/729ee0024f24e0b8c5ec17232f8e8b41\",\"name\":\"admin\",\"image\":{\"@type\":\"ImageObject\",\"inLanguage\":\"fr-FR\",\"@id\":\"https:\\\/\\\/secure.gravatar.com\\\/avatar\\\/4c81fed838786e9b53f540bf46533e750f5d292099ae3b66cfc6fb1982e29df7?s=96&d=mm&r=g\",\"url\":\"https:\\\/\\\/secure.gravatar.com\\\/avatar\\\/4c81fed838786e9b53f540bf46533e750f5d292099ae3b66cfc6fb1982e29df7?s=96&d=mm&r=g\",\"contentUrl\":\"https:\\\/\\\/secure.gravatar.com\\\/avatar\\\/4c81fed838786e9b53f540bf46533e750f5d292099ae3b66cfc6fb1982e29df7?s=96&d=mm&r=g\",\"caption\":\"admin\"},\"description\":\"admin\",\"url\":\"https:\\\/\\\/lasentinelle.dz\\\/author\\\/admin\\\/\"}]}<\/script>\n<!-- \/ Yoast SEO plugin. -->","yoast_head_json":{"title":"Ain Defla : Une caravane m\u00e9dicale pour venir en aide aux personnes \u00e2g\u00e9es - La Sentinelle","robots":{"index":"index","follow":"follow","max-snippet":"max-snippet:-1","max-image-preview":"max-image-preview:large","max-video-preview":"max-video-preview:-1"},"canonical":"https:\/\/lasentinelle.dz\/index.php\/2025\/04\/28\/ain-defla-une-caravane-medicale-pour-venir-en-aide-aux-personnes-agees\/","og_locale":"fr_FR","og_type":"article","og_title":"Ain Defla : Une caravane m\u00e9dicale pour venir en aide aux personnes \u00e2g\u00e9es - La Sentinelle","og_description":"Une initiative solidaire d&rsquo;envergure a \u00e9t\u00e9 lanc\u00e9e ce dimanche dans la wilaya d&rsquo;Ain Defla, o\u00f9 une caravane m\u00e9dicale a \u00e9t\u00e9","og_url":"https:\/\/lasentinelle.dz\/index.php\/2025\/04\/28\/ain-defla-une-caravane-medicale-pour-venir-en-aide-aux-personnes-agees\/","og_site_name":"La Sentinelle","article_publisher":"https:\/\/www.facebook.com\/La-Sentinelle-104059864394773","article_published_time":"2025-04-28T13:12:03+00:00","article_modified_time":"2025-04-28T13:12:04+00:00","og_image":[{"width":1181,"height":791,"url":"https:\/\/lasentinelle.dz\/wp-content\/uploads\/2025\/04\/caravane-medicale.jpg","type":"image\/jpeg"}],"author":"admin","twitter_card":"summary_large_image","twitter_misc":{"\u00c9crit par":"admin","Dur\u00e9e de lecture estim\u00e9e":"3 minutes"},"schema":{"@context":"https:\/\/schema.org","@graph":[{"@type":"Article","@id":"https:\/\/lasentinelle.dz\/index.php\/2025\/04\/28\/ain-defla-une-caravane-medicale-pour-venir-en-aide-aux-personnes-agees\/#article","isPartOf":{"@id":"https:\/\/lasentinelle.dz\/index.php\/2025\/04\/28\/ain-defla-une-caravane-medicale-pour-venir-en-aide-aux-personnes-agees\/"},"author":{"name":"admin","@id":"https:\/\/lasentinelle.dz\/#\/schema\/person\/729ee0024f24e0b8c5ec17232f8e8b41"},"headline":"Ain Defla : Une caravane m\u00e9dicale pour venir en aide aux personnes \u00e2g\u00e9es","datePublished":"2025-04-28T13:12:03+00:00","dateModified":"2025-04-28T13:12:04+00:00","mainEntityOfPage":{"@id":"https:\/\/lasentinelle.dz\/index.php\/2025\/04\/28\/ain-defla-une-caravane-medicale-pour-venir-en-aide-aux-personnes-agees\/"},"wordCount":521,"commentCount":0,"publisher":{"@id":"https:\/\/lasentinelle.dz\/#organization"},"image":{"@id":"https:\/\/lasentinelle.dz\/index.php\/2025\/04\/28\/ain-defla-une-caravane-medicale-pour-venir-en-aide-aux-personnes-agees\/#primaryimage"},"thumbnailUrl":"https:\/\/lasentinelle.dz\/wp-content\/uploads\/2025\/04\/caravane-medicale.jpg","articleSection":["R\u00e9gions"],"inLanguage":"fr-FR","potentialAction":[{"@type":"CommentAction","name":"Comment","target":["https:\/\/lasentinelle.dz\/index.php\/2025\/04\/28\/ain-defla-une-caravane-medicale-pour-venir-en-aide-aux-personnes-agees\/#respond"]}]},{"@type":"WebPage","@id":"https:\/\/lasentinelle.dz\/index.php\/2025\/04\/28\/ain-defla-une-caravane-medicale-pour-venir-en-aide-aux-personnes-agees\/","url":"https:\/\/lasentinelle.dz\/index.php\/2025\/04\/28\/ain-defla-une-caravane-medicale-pour-venir-en-aide-aux-personnes-agees\/","name":"Ain Defla : Une caravane m\u00e9dicale pour venir en aide aux personnes \u00e2g\u00e9es - La Sentinelle","isPartOf":{"@id":"https:\/\/lasentinelle.dz\/#website"},"primaryImageOfPage":{"@id":"https:\/\/lasentinelle.dz\/index.php\/2025\/04\/28\/ain-defla-une-caravane-medicale-pour-venir-en-aide-aux-personnes-agees\/#primaryimage"},"image":{"@id":"https:\/\/lasentinelle.dz\/index.php\/2025\/04\/28\/ain-defla-une-caravane-medicale-pour-venir-en-aide-aux-personnes-agees\/#primaryimage"},"thumbnailUrl":"https:\/\/lasentinelle.dz\/wp-content\/uploads\/2025\/04\/caravane-medicale.jpg","datePublished":"2025-04-28T13:12:03+00:00","dateModified":"2025-04-28T13:12:04+00:00","breadcrumb":{"@id":"https:\/\/lasentinelle.dz\/index.php\/2025\/04\/28\/ain-defla-une-caravane-medicale-pour-venir-en-aide-aux-personnes-agees\/#breadcrumb"},"inLanguage":"fr-FR","potentialAction":[{"@type":"ReadAction","target":["https:\/\/lasentinelle.dz\/index.php\/2025\/04\/28\/ain-defla-une-caravane-medicale-pour-venir-en-aide-aux-personnes-agees\/"]}]},{"@type":"ImageObject","inLanguage":"fr-FR","@id":"https:\/\/lasentinelle.dz\/index.php\/2025\/04\/28\/ain-defla-une-caravane-medicale-pour-venir-en-aide-aux-personnes-agees\/#primaryimage","url":"https:\/\/lasentinelle.dz\/wp-content\/uploads\/2025\/04\/caravane-medicale.jpg","contentUrl":"https:\/\/lasentinelle.dz\/wp-content\/uploads\/2025\/04\/caravane-medicale.jpg","width":1181,"height":791},{"@type":"BreadcrumbList","@id":"https:\/\/lasentinelle.dz\/index.php\/2025\/04\/28\/ain-defla-une-caravane-medicale-pour-venir-en-aide-aux-personnes-agees\/#breadcrumb","itemListElement":[{"@type":"ListItem","position":1,"name":"Accueil","item":"https:\/\/lasentinelle.dz\/"},{"@type":"ListItem","position":2,"name":"Ain Defla : Une caravane m\u00e9dicale pour venir en aide aux personnes \u00e2g\u00e9es"}]},{"@type":"WebSite","@id":"https:\/\/lasentinelle.dz\/#website","url":"https:\/\/lasentinelle.dz\/","name":"La Sentinelle","description":"Quotidien national d&#039;information","publisher":{"@id":"https:\/\/lasentinelle.dz\/#organization"},"potentialAction":[{"@type":"SearchAction","target":{"@type":"EntryPoint","urlTemplate":"https:\/\/lasentinelle.dz\/?s={search_term_string}"},"query-input":{"@type":"PropertyValueSpecification","valueRequired":true,"valueName":"search_term_string"}}],"inLanguage":"fr-FR"},{"@type":"Organization","@id":"https:\/\/lasentinelle.dz\/#organization","name":"Quotidien La Sentinelle","url":"https:\/\/lasentinelle.dz\/","logo":{"@type":"ImageObject","inLanguage":"fr-FR","@id":"https:\/\/lasentinelle.dz\/#\/schema\/logo\/image\/","url":"https:\/\/lasentinelle.dz\/wp-content\/uploads\/2021\/09\/logo-sentinelleSLOGAN-1.png","contentUrl":"https:\/\/lasentinelle.dz\/wp-content\/uploads\/2021\/09\/logo-sentinelleSLOGAN-1.png","width":615,"height":142,"caption":"Quotidien La Sentinelle"},"image":{"@id":"https:\/\/lasentinelle.dz\/#\/schema\/logo\/image\/"},"sameAs":["https:\/\/www.facebook.com\/La-Sentinelle-104059864394773"]},{"@type":"Person","@id":"https:\/\/lasentinelle.dz\/#\/schema\/person\/729ee0024f24e0b8c5ec17232f8e8b41","name":"admin","image":{"@type":"ImageObject","inLanguage":"fr-FR","@id":"https:\/\/secure.gravatar.com\/avatar\/4c81fed838786e9b53f540bf46533e750f5d292099ae3b66cfc6fb1982e29df7?s=96&d=mm&r=g","url":"https:\/\/secure.gravatar.com\/avatar\/4c81fed838786e9b53f540bf46533e750f5d292099ae3b66cfc6fb1982e29df7?s=96&d=mm&r=g","contentUrl":"https:\/\/secure.gravatar.com\/avatar\/4c81fed838786e9b53f540bf46533e750f5d292099ae3b66cfc6fb1982e29df7?s=96&d=mm&r=g","caption":"admin"},"description":"admin","url":"https:\/\/lasentinelle.dz\/author\/admin\/"}]}},"_links":{"self":[{"href":"https:\/\/lasentinelle.dz\/index.php\/wp-json\/wp\/v2\/posts\/66523","targetHints":{"allow":["GET"]}}],"collection":[{"href":"https:\/\/lasentinelle.dz\/index.php\/wp-json\/wp\/v2\/posts"}],"about":[{"href":"https:\/\/lasentinelle.dz\/index.php\/wp-json\/wp\/v2\/types\/post"}],"author":[{"embeddable":true,"href":"https:\/\/lasentinelle.dz\/index.php\/wp-json\/wp\/v2\/users\/6"}],"replies":[{"embeddable":true,"href":"https:\/\/lasentinelle.dz\/index.php\/wp-json\/wp\/v2\/comments?post=66523"}],"version-history":[{"count":1,"href":"https:\/\/lasentinelle.dz\/index.php\/wp-json\/wp\/v2\/posts\/66523\/revisions"}],"predecessor-version":[{"id":66525,"href":"https:\/\/lasentinelle.dz\/index.php\/wp-json\/wp\/v2\/posts\/66523\/revisions\/66525"}],"wp:featuredmedia":[{"embeddable":true,"href":"https:\/\/lasentinelle.dz\/index.php\/wp-json\/wp\/v2\/media\/66524"}],"wp:attachment":[{"href":"https:\/\/lasentinelle.dz\/index.php\/wp-json\/wp\/v2\/media?parent=66523"}],"wp:term":[{"taxonomy":"category","embeddable":true,"href":"https:\/\/lasentinelle.dz\/index.php\/wp-json\/wp\/v2\/categories?post=66523"},{"taxonomy":"post_tag","embeddable":true,"href":"https:\/\/lasentinelle.dz\/index.php\/wp-json\/wp\/v2\/tags?post=66523"}],"curies":[{"name":"wp","href":"https:\/\/api.w.org\/{rel}","templated":true}]}}