{"id":66542,"date":"2025-04-28T14:19:24","date_gmt":"2025-04-28T13:19:24","guid":{"rendered":"https:\/\/lasentinelle.dz\/?p=66542"},"modified":"2025-04-28T14:19:25","modified_gmt":"2025-04-28T13:19:25","slug":"un-glissement-de-terrain-fait-4-morts-a-oran-les-familles-en-danger-immediatement-relogees","status":"publish","type":"post","link":"https:\/\/lasentinelle.dz\/index.php\/2025\/04\/28\/un-glissement-de-terrain-fait-4-morts-a-oran-les-familles-en-danger-immediatement-relogees\/","title":{"rendered":"Un glissement de terrain fait 4 morts \u00e0 Oran : Les familles en danger imm\u00e9diatement relog\u00e9es"},"content":{"rendered":"\n<p>Le ministre de l&rsquo;Int\u00e9rieur a r\u00e9affirm\u00e9 l&rsquo;engagement de l&rsquo;\u00c9tat \u00e0 prot\u00e9ger les citoyens contre les risques naturels et \u00e0 am\u00e9liorer les conditions d&rsquo;habitat dans les zones vuln\u00e9rables.<\/p>\n\n\n\n<p>Un drame s&rsquo;est produit dans la nuit du samedi au dimanche au quartier Sanaouber (ex-Planteurs) d&rsquo;Oran, lorsqu&rsquo;un glissement de terrain a provoqu\u00e9 l&rsquo;effondrement de cinq habitations pr\u00e9caires au lieu-dit \u00ab\u00a0Terrain Chabat\u00a0\u00bb. Selon le bilan d\u00e9finitif \u00e9tabli par les services de la Protection civile, cette catastrophe a caus\u00e9 la mort de quatre personnes \u00e2g\u00e9es de 5 \u00e0 43 ans, dont deux femmes, et fait treize bless\u00e9s \u00e2g\u00e9s de 12 \u00e0 75 ans. Face \u00e0 l&rsquo;ampleur du sinistre, une d\u00e9l\u00e9gation minist\u00e9rielle s&rsquo;est rapidement rendue sur place sur instruction du pr\u00e9sident de la R\u00e9publique, Abdelmadjid Tebboune, pour superviser les op\u00e9rations de secours et mettre en \u0153uvre des solutions d&rsquo;urgence pour les familles sinistr\u00e9es. Dans ce sens, le ministre de l&rsquo;Int\u00e9rieur, des Collectivit\u00e9s locales et de l&rsquo;Am\u00e9nagement du territoire, Brahim Merad, a affirm\u00e9 lors de sa visite que \u00ab\u00a0toutes les familles qui doivent quitter leurs habitations en danger seront relog\u00e9es ce soir (hier soir, NDLR) dans de nouveaux logements. Toutes les dispositions ont \u00e9t\u00e9 prises avec le minist\u00e8re de l&rsquo;Habitat et les autorit\u00e9s locales pour les prendre en charge.\u00a0\u00bb S&rsquo;adressant directement aux citoyens touch\u00e9s par cet incident, le ministre a pr\u00e9cis\u00e9 que la d\u00e9l\u00e9gation s&rsquo;est d\u00e9plac\u00e9e \u00ab\u00a0sur instruction du pr\u00e9sident de la R\u00e9publique pour s&rsquo;assurer de l&rsquo;\u00e9tat de sant\u00e9 des bless\u00e9s et mettre en \u0153uvre, progressivement, des solutions aux personnes impact\u00e9es.\u00a0\u00bb Il a \u00e9galement appel\u00e9 \u00ab\u00a0les citoyens pr\u00e9sents sur les lieux \u00e0 coop\u00e9rer avec l&rsquo;organisme de contr\u00f4le technique de construction (CTC), charg\u00e9 de recenser les habitants du site &lsquo;Terrain Chabat&rsquo; dans le quartier Sanaouber et d&rsquo;identifier ceux qui se trouvent en situation de danger,\u00a0\u00bb tout en assurant que \u00ab\u00a0les moyens n\u00e9cessaires sont disponibles pour prendre en charge les sinistr\u00e9s.\u00a0\u00bb Le ministre a par ailleurs insist\u00e9 sur le fait que \u00ab\u00a0le pr\u00e9sident de la R\u00e9publique, M. Abdelmadjid Tebboune, accorde une attention particuli\u00e8re aux citoyens, o\u00f9 qu&rsquo;ils soient,\u00a0\u00bb appelant \u00e0 \u00ab\u00a0faire preuve de solidarit\u00e9 avec les familles affect\u00e9es et \u00e0 \u00e9liminer les dangers qui les entourent, afin d&rsquo;\u00e9viter que de tels incidents se reproduisent.\u00a0\u00bb Brahim Merad a \u00e9galement soulign\u00e9 que \u00ab\u00a0l&rsquo;\u00c9tat reste aux c\u00f4t\u00e9s du citoyen, tant sur le plan de la solidarit\u00e9 que de l&rsquo;intervention,\u00a0\u00bb insistant sur \u00ab\u00a0la n\u00e9cessit\u00e9 de pr\u00e9venir ce genre de risques dans toutes les villes, qu&rsquo;il s&rsquo;agisse d&rsquo;habitations pr\u00e9caires, d&rsquo;inondations ou d&rsquo;autres menaces.\u00a0\u00bb Concernant le suivi psychologique des victimes, le ministre a annonc\u00e9 que \u00ab\u00a0les victimes de l&rsquo;accident et leurs proches b\u00e9n\u00e9ficieront d&rsquo;un accompagnement psychologique assur\u00e9 par des sp\u00e9cialistes.\u00a0\u00bb La d\u00e9l\u00e9gation minist\u00e9rielle, compos\u00e9e \u00e9galement de la ministre de la Solidarit\u00e9 nationale, de la Famille et de la Condition de la femme, Soraya Mouloudji, et du ministre de l&rsquo;Habitat, de l&rsquo;Urbanisme et de la Ville, Mohamed Tarek Belaribi, accompagn\u00e9s du Directeur g\u00e9n\u00e9ral de la S\u00fbret\u00e9 nationale, Ali Badaoui, et du Directeur g\u00e9n\u00e9ral de la Protection civile, Boualem Boughelaf, s&rsquo;est rendue au service des urgences du Centre hospitalo-universitaire \u00ab\u00a0Dr Benzerdjeb\u00a0\u00bb d&rsquo;Oran pour constater les conditions de prise en charge m\u00e9dicale des bless\u00e9s.<\/p>\n\n\n\n<p><strong>Des instructions pour acc\u00e9l\u00e9rer la distribution de l&rsquo;aide<\/strong><\/p>\n\n\n\n<p>Sur place, la ministre Soraya Mouloudji a donn\u00e9 des instructions pr\u00e9cises aux services locaux de son secteur, notamment \u00e0 la direction du D\u00e9veloppement social et de la Solidarit\u00e9, pour \u00ab\u00a0l&rsquo;acc\u00e9l\u00e9ration de la distribution des aides mat\u00e9rielles et alimentaires et le renforcement du suivi psychologique des bless\u00e9s.\u00a0\u00bb Selon un communiqu\u00e9 du minist\u00e8re, elle a ordonn\u00e9 de \u00ab\u00a0commencer imm\u00e9diatement la distribution des aides mat\u00e9rielles et le lancement des enqu\u00eates sociales par les cellules de proximit\u00e9 de solidarit\u00e9 dans la zone sinistr\u00e9e sous la supervision des autorit\u00e9s locales.\u00a0\u00bb Pour faire face \u00e0 cette situation d&rsquo;urgence, les services de la Protection civile ont d\u00e9ploy\u00e9 d&rsquo;importants moyens : quatre camions de secours, cinq ambulances, une \u00e9quipe sp\u00e9cialis\u00e9e dans les interventions en terrains difficiles, ainsi qu&rsquo;une unit\u00e9 cynotechnique. Par ailleurs, une cellule de crise a \u00e9t\u00e9 mise en place au niveau de la wilaya d&rsquo;Oran, pr\u00e9sid\u00e9e par le wali Samir Chibani, qui s&rsquo;est \u00e9galement rendu sur les lieux du drame pour s&rsquo;enqu\u00e9rir de la situation des habitants du quartier. Cette cellule regroupe divers services, notamment le cabinet du wali, la da\u00efra et la commune d&rsquo;Oran, ainsi que les directions de la sant\u00e9, de l&rsquo;habitat et d&rsquo;autres instances concern\u00e9es, afin de coordonner les interventions et prendre les mesures d&rsquo;urgence n\u00e9cessaires. Lors d&rsquo;une r\u00e9union tenue au si\u00e8ge de la wilaya avec les autorit\u00e9s locales, la d\u00e9l\u00e9gation minist\u00e9rielle a discut\u00e9 des mesures \u00e0 prendre pour assurer le relogement des familles affect\u00e9es et pr\u00e9venir d&rsquo;autres incidents similaires \u00e0 l&rsquo;avenir. Le ministre de l&rsquo;Int\u00e9rieur a r\u00e9affirm\u00e9 l&rsquo;engagement de l&rsquo;\u00c9tat \u00e0 prot\u00e9ger les citoyens contre les risques naturels et \u00e0 am\u00e9liorer les conditions d&rsquo;habitat dans les zones vuln\u00e9rables. Cette catastrophe rappelle l&rsquo;importance d&rsquo;une politique de pr\u00e9vention des risques et de lutte contre l&rsquo;habitat pr\u00e9caire, particuli\u00e8rement dans les zones expos\u00e9es aux al\u00e9as naturels comme les glissements de terrain. Les autorit\u00e9s ont promis de tirer les le\u00e7ons de ce drame pour renforcer la s\u00e9curit\u00e9 des habitants dans les quartiers vuln\u00e9rables d&rsquo;Oran et d&rsquo;autres villes du pays.<\/p>\n\n\n\n<p>Lyna Larbi<\/p>\n","protected":false},"excerpt":{"rendered":"<p>Le ministre de l&rsquo;Int\u00e9rieur a r\u00e9affirm\u00e9 l&rsquo;engagement de l&rsquo;\u00c9tat \u00e0 prot\u00e9ger les citoyens contre les risques naturels et \u00e0 am\u00e9liorer<\/p>\n","protected":false},"author":6,"featured_media":66543,"comment_status":"open","ping_status":"closed","sticky":false,"template":"","format":"standard","meta":{"colormag_page_container_layout":"default_layout","colormag_page_sidebar_layout":"default_layout","om_disable_all_campaigns":false,"_monsterinsights_skip_tracking":false,"_monsterinsights_sitenote_active":false,"_monsterinsights_sitenote_note":"","_monsterinsights_sitenote_category":0,"footnotes":"","_wpscppro_dont_share_socialmedia":false,"_wpscppro_custom_social_share_image":0,"_facebook_share_type":"default","_twitter_share_type":"default","_linkedin_share_type":"default","_pinterest_share_type":"default","_linkedin_share_type_page":"","_instagram_share_type":"default","_medium_share_type":"default","_threads_share_type":"","_google_business_share_type":"","_selected_social_profile":[],"_wpsp_enable_custom_social_template":false,"_wpsp_social_scheduling":{"enabled":false,"datetime":null,"platforms":[],"status":"template_only","dateOption":"today","timeOption":"now","customDays":"","customHours":"","customDate":"","customTime":"","schedulingType":"absolute"},"_wpsp_active_default_template":true},"categories":[52,27],"tags":[],"class_list":["post-66542","post","type-post","status-publish","format-standard","has-post-thumbnail","hentry","category-a-la-une","category-actualite"],"aioseo_notices":[],"yoast_head":"<!-- This site is optimized with the Yoast SEO plugin v27.5 - https:\/\/yoast.com\/product\/yoast-seo-wordpress\/ -->\n<title>Un glissement de terrain fait 4 morts \u00e0 Oran : Les familles en danger imm\u00e9diatement relog\u00e9es - La Sentinelle<\/title>\n<meta name=\"robots\" content=\"index, follow, max-snippet:-1, max-image-preview:large, max-video-preview:-1\" \/>\n<link rel=\"canonical\" href=\"https:\/\/lasentinelle.dz\/index.php\/2025\/04\/28\/un-glissement-de-terrain-fait-4-morts-a-oran-les-familles-en-danger-immediatement-relogees\/\" \/>\n<meta property=\"og:locale\" content=\"fr_FR\" \/>\n<meta property=\"og:type\" content=\"article\" \/>\n<meta property=\"og:title\" content=\"Un glissement de terrain fait 4 morts \u00e0 Oran : Les familles en danger imm\u00e9diatement relog\u00e9es - La Sentinelle\" \/>\n<meta property=\"og:description\" content=\"Le ministre de l&rsquo;Int\u00e9rieur a r\u00e9affirm\u00e9 l&rsquo;engagement de l&rsquo;\u00c9tat \u00e0 prot\u00e9ger les citoyens contre les risques naturels et \u00e0 am\u00e9liorer\" \/>\n<meta property=\"og:url\" content=\"https:\/\/lasentinelle.dz\/index.php\/2025\/04\/28\/un-glissement-de-terrain-fait-4-morts-a-oran-les-familles-en-danger-immediatement-relogees\/\" \/>\n<meta property=\"og:site_name\" content=\"La Sentinelle\" \/>\n<meta property=\"article:publisher\" content=\"https:\/\/www.facebook.com\/La-Sentinelle-104059864394773\" \/>\n<meta property=\"article:published_time\" content=\"2025-04-28T13:19:24+00:00\" \/>\n<meta property=\"article:modified_time\" content=\"2025-04-28T13:19:25+00:00\" \/>\n<meta property=\"og:image\" content=\"https:\/\/lasentinelle.dz\/wp-content\/uploads\/2025\/04\/glissement.jpg\" \/>\n\t<meta property=\"og:image:width\" content=\"1080\" \/>\n\t<meta property=\"og:image:height\" content=\"610\" \/>\n\t<meta property=\"og:image:type\" content=\"image\/jpeg\" \/>\n<meta name=\"author\" content=\"admin\" \/>\n<meta name=\"twitter:card\" content=\"summary_large_image\" \/>\n<meta name=\"twitter:label1\" content=\"\u00c9crit par\" \/>\n\t<meta name=\"twitter:data1\" content=\"admin\" \/>\n\t<meta name=\"twitter:label2\" content=\"Dur\u00e9e de lecture estim\u00e9e\" \/>\n\t<meta name=\"twitter:data2\" content=\"5 minutes\" \/>\n<script type=\"application\/ld+json\" class=\"yoast-schema-graph\">{\"@context\":\"https:\\\/\\\/schema.org\",\"@graph\":[{\"@type\":\"Article\",\"@id\":\"https:\\\/\\\/lasentinelle.dz\\\/index.php\\\/2025\\\/04\\\/28\\\/un-glissement-de-terrain-fait-4-morts-a-oran-les-familles-en-danger-immediatement-relogees\\\/#article\",\"isPartOf\":{\"@id\":\"https:\\\/\\\/lasentinelle.dz\\\/index.php\\\/2025\\\/04\\\/28\\\/un-glissement-de-terrain-fait-4-morts-a-oran-les-familles-en-danger-immediatement-relogees\\\/\"},\"author\":{\"name\":\"admin\",\"@id\":\"https:\\\/\\\/lasentinelle.dz\\\/#\\\/schema\\\/person\\\/729ee0024f24e0b8c5ec17232f8e8b41\"},\"headline\":\"Un glissement de terrain fait 4 morts \u00e0 Oran : Les familles en danger imm\u00e9diatement relog\u00e9es\",\"datePublished\":\"2025-04-28T13:19:24+00:00\",\"dateModified\":\"2025-04-28T13:19:25+00:00\",\"mainEntityOfPage\":{\"@id\":\"https:\\\/\\\/lasentinelle.dz\\\/index.php\\\/2025\\\/04\\\/28\\\/un-glissement-de-terrain-fait-4-morts-a-oran-les-familles-en-danger-immediatement-relogees\\\/\"},\"wordCount\":1000,\"commentCount\":0,\"publisher\":{\"@id\":\"https:\\\/\\\/lasentinelle.dz\\\/#organization\"},\"image\":{\"@id\":\"https:\\\/\\\/lasentinelle.dz\\\/index.php\\\/2025\\\/04\\\/28\\\/un-glissement-de-terrain-fait-4-morts-a-oran-les-familles-en-danger-immediatement-relogees\\\/#primaryimage\"},\"thumbnailUrl\":\"https:\\\/\\\/lasentinelle.dz\\\/wp-content\\\/uploads\\\/2025\\\/04\\\/glissement.jpg\",\"articleSection\":[\"\u00c0 la Une\",\"Actualit\u00e9\"],\"inLanguage\":\"fr-FR\",\"potentialAction\":[{\"@type\":\"CommentAction\",\"name\":\"Comment\",\"target\":[\"https:\\\/\\\/lasentinelle.dz\\\/index.php\\\/2025\\\/04\\\/28\\\/un-glissement-de-terrain-fait-4-morts-a-oran-les-familles-en-danger-immediatement-relogees\\\/#respond\"]}]},{\"@type\":\"WebPage\",\"@id\":\"https:\\\/\\\/lasentinelle.dz\\\/index.php\\\/2025\\\/04\\\/28\\\/un-glissement-de-terrain-fait-4-morts-a-oran-les-familles-en-danger-immediatement-relogees\\\/\",\"url\":\"https:\\\/\\\/lasentinelle.dz\\\/index.php\\\/2025\\\/04\\\/28\\\/un-glissement-de-terrain-fait-4-morts-a-oran-les-familles-en-danger-immediatement-relogees\\\/\",\"name\":\"Un glissement de terrain fait 4 morts \u00e0 Oran : Les familles en danger imm\u00e9diatement relog\u00e9es - La Sentinelle\",\"isPartOf\":{\"@id\":\"https:\\\/\\\/lasentinelle.dz\\\/#website\"},\"primaryImageOfPage\":{\"@id\":\"https:\\\/\\\/lasentinelle.dz\\\/index.php\\\/2025\\\/04\\\/28\\\/un-glissement-de-terrain-fait-4-morts-a-oran-les-familles-en-danger-immediatement-relogees\\\/#primaryimage\"},\"image\":{\"@id\":\"https:\\\/\\\/lasentinelle.dz\\\/index.php\\\/2025\\\/04\\\/28\\\/un-glissement-de-terrain-fait-4-morts-a-oran-les-familles-en-danger-immediatement-relogees\\\/#primaryimage\"},\"thumbnailUrl\":\"https:\\\/\\\/lasentinelle.dz\\\/wp-content\\\/uploads\\\/2025\\\/04\\\/glissement.jpg\",\"datePublished\":\"2025-04-28T13:19:24+00:00\",\"dateModified\":\"2025-04-28T13:19:25+00:00\",\"breadcrumb\":{\"@id\":\"https:\\\/\\\/lasentinelle.dz\\\/index.php\\\/2025\\\/04\\\/28\\\/un-glissement-de-terrain-fait-4-morts-a-oran-les-familles-en-danger-immediatement-relogees\\\/#breadcrumb\"},\"inLanguage\":\"fr-FR\",\"potentialAction\":[{\"@type\":\"ReadAction\",\"target\":[\"https:\\\/\\\/lasentinelle.dz\\\/index.php\\\/2025\\\/04\\\/28\\\/un-glissement-de-terrain-fait-4-morts-a-oran-les-familles-en-danger-immediatement-relogees\\\/\"]}]},{\"@type\":\"ImageObject\",\"inLanguage\":\"fr-FR\",\"@id\":\"https:\\\/\\\/lasentinelle.dz\\\/index.php\\\/2025\\\/04\\\/28\\\/un-glissement-de-terrain-fait-4-morts-a-oran-les-familles-en-danger-immediatement-relogees\\\/#primaryimage\",\"url\":\"https:\\\/\\\/lasentinelle.dz\\\/wp-content\\\/uploads\\\/2025\\\/04\\\/glissement.jpg\",\"contentUrl\":\"https:\\\/\\\/lasentinelle.dz\\\/wp-content\\\/uploads\\\/2025\\\/04\\\/glissement.jpg\",\"width\":1080,\"height\":610},{\"@type\":\"BreadcrumbList\",\"@id\":\"https:\\\/\\\/lasentinelle.dz\\\/index.php\\\/2025\\\/04\\\/28\\\/un-glissement-de-terrain-fait-4-morts-a-oran-les-familles-en-danger-immediatement-relogees\\\/#breadcrumb\",\"itemListElement\":[{\"@type\":\"ListItem\",\"position\":1,\"name\":\"Accueil\",\"item\":\"https:\\\/\\\/lasentinelle.dz\\\/\"},{\"@type\":\"ListItem\",\"position\":2,\"name\":\"Un glissement de terrain fait 4 morts \u00e0 Oran : Les familles en danger imm\u00e9diatement relog\u00e9es\"}]},{\"@type\":\"WebSite\",\"@id\":\"https:\\\/\\\/lasentinelle.dz\\\/#website\",\"url\":\"https:\\\/\\\/lasentinelle.dz\\\/\",\"name\":\"La Sentinelle\",\"description\":\"Quotidien national d&#039;information\",\"publisher\":{\"@id\":\"https:\\\/\\\/lasentinelle.dz\\\/#organization\"},\"potentialAction\":[{\"@type\":\"SearchAction\",\"target\":{\"@type\":\"EntryPoint\",\"urlTemplate\":\"https:\\\/\\\/lasentinelle.dz\\\/?s={search_term_string}\"},\"query-input\":{\"@type\":\"PropertyValueSpecification\",\"valueRequired\":true,\"valueName\":\"search_term_string\"}}],\"inLanguage\":\"fr-FR\"},{\"@type\":\"Organization\",\"@id\":\"https:\\\/\\\/lasentinelle.dz\\\/#organization\",\"name\":\"Quotidien La Sentinelle\",\"url\":\"https:\\\/\\\/lasentinelle.dz\\\/\",\"logo\":{\"@type\":\"ImageObject\",\"inLanguage\":\"fr-FR\",\"@id\":\"https:\\\/\\\/lasentinelle.dz\\\/#\\\/schema\\\/logo\\\/image\\\/\",\"url\":\"https:\\\/\\\/lasentinelle.dz\\\/wp-content\\\/uploads\\\/2021\\\/09\\\/logo-sentinelleSLOGAN-1.png\",\"contentUrl\":\"https:\\\/\\\/lasentinelle.dz\\\/wp-content\\\/uploads\\\/2021\\\/09\\\/logo-sentinelleSLOGAN-1.png\",\"width\":615,\"height\":142,\"caption\":\"Quotidien La Sentinelle\"},\"image\":{\"@id\":\"https:\\\/\\\/lasentinelle.dz\\\/#\\\/schema\\\/logo\\\/image\\\/\"},\"sameAs\":[\"https:\\\/\\\/www.facebook.com\\\/La-Sentinelle-104059864394773\"]},{\"@type\":\"Person\",\"@id\":\"https:\\\/\\\/lasentinelle.dz\\\/#\\\/schema\\\/person\\\/729ee0024f24e0b8c5ec17232f8e8b41\",\"name\":\"admin\",\"image\":{\"@type\":\"ImageObject\",\"inLanguage\":\"fr-FR\",\"@id\":\"https:\\\/\\\/secure.gravatar.com\\\/avatar\\\/4c81fed838786e9b53f540bf46533e750f5d292099ae3b66cfc6fb1982e29df7?s=96&d=mm&r=g\",\"url\":\"https:\\\/\\\/secure.gravatar.com\\\/avatar\\\/4c81fed838786e9b53f540bf46533e750f5d292099ae3b66cfc6fb1982e29df7?s=96&d=mm&r=g\",\"contentUrl\":\"https:\\\/\\\/secure.gravatar.com\\\/avatar\\\/4c81fed838786e9b53f540bf46533e750f5d292099ae3b66cfc6fb1982e29df7?s=96&d=mm&r=g\",\"caption\":\"admin\"},\"description\":\"admin\",\"url\":\"https:\\\/\\\/lasentinelle.dz\\\/author\\\/admin\\\/\"}]}<\/script>\n<!-- \/ Yoast SEO plugin. -->","yoast_head_json":{"title":"Un glissement de terrain fait 4 morts \u00e0 Oran : Les familles en danger imm\u00e9diatement relog\u00e9es - La Sentinelle","robots":{"index":"index","follow":"follow","max-snippet":"max-snippet:-1","max-image-preview":"max-image-preview:large","max-video-preview":"max-video-preview:-1"},"canonical":"https:\/\/lasentinelle.dz\/index.php\/2025\/04\/28\/un-glissement-de-terrain-fait-4-morts-a-oran-les-familles-en-danger-immediatement-relogees\/","og_locale":"fr_FR","og_type":"article","og_title":"Un glissement de terrain fait 4 morts \u00e0 Oran : Les familles en danger imm\u00e9diatement relog\u00e9es - La Sentinelle","og_description":"Le ministre de l&rsquo;Int\u00e9rieur a r\u00e9affirm\u00e9 l&rsquo;engagement de l&rsquo;\u00c9tat \u00e0 prot\u00e9ger les citoyens contre les risques naturels et \u00e0 am\u00e9liorer","og_url":"https:\/\/lasentinelle.dz\/index.php\/2025\/04\/28\/un-glissement-de-terrain-fait-4-morts-a-oran-les-familles-en-danger-immediatement-relogees\/","og_site_name":"La Sentinelle","article_publisher":"https:\/\/www.facebook.com\/La-Sentinelle-104059864394773","article_published_time":"2025-04-28T13:19:24+00:00","article_modified_time":"2025-04-28T13:19:25+00:00","og_image":[{"width":1080,"height":610,"url":"https:\/\/lasentinelle.dz\/wp-content\/uploads\/2025\/04\/glissement.jpg","type":"image\/jpeg"}],"author":"admin","twitter_card":"summary_large_image","twitter_misc":{"\u00c9crit par":"admin","Dur\u00e9e de lecture estim\u00e9e":"5 minutes"},"schema":{"@context":"https:\/\/schema.org","@graph":[{"@type":"Article","@id":"https:\/\/lasentinelle.dz\/index.php\/2025\/04\/28\/un-glissement-de-terrain-fait-4-morts-a-oran-les-familles-en-danger-immediatement-relogees\/#article","isPartOf":{"@id":"https:\/\/lasentinelle.dz\/index.php\/2025\/04\/28\/un-glissement-de-terrain-fait-4-morts-a-oran-les-familles-en-danger-immediatement-relogees\/"},"author":{"name":"admin","@id":"https:\/\/lasentinelle.dz\/#\/schema\/person\/729ee0024f24e0b8c5ec17232f8e8b41"},"headline":"Un glissement de terrain fait 4 morts \u00e0 Oran : Les familles en danger imm\u00e9diatement relog\u00e9es","datePublished":"2025-04-28T13:19:24+00:00","dateModified":"2025-04-28T13:19:25+00:00","mainEntityOfPage":{"@id":"https:\/\/lasentinelle.dz\/index.php\/2025\/04\/28\/un-glissement-de-terrain-fait-4-morts-a-oran-les-familles-en-danger-immediatement-relogees\/"},"wordCount":1000,"commentCount":0,"publisher":{"@id":"https:\/\/lasentinelle.dz\/#organization"},"image":{"@id":"https:\/\/lasentinelle.dz\/index.php\/2025\/04\/28\/un-glissement-de-terrain-fait-4-morts-a-oran-les-familles-en-danger-immediatement-relogees\/#primaryimage"},"thumbnailUrl":"https:\/\/lasentinelle.dz\/wp-content\/uploads\/2025\/04\/glissement.jpg","articleSection":["\u00c0 la Une","Actualit\u00e9"],"inLanguage":"fr-FR","potentialAction":[{"@type":"CommentAction","name":"Comment","target":["https:\/\/lasentinelle.dz\/index.php\/2025\/04\/28\/un-glissement-de-terrain-fait-4-morts-a-oran-les-familles-en-danger-immediatement-relogees\/#respond"]}]},{"@type":"WebPage","@id":"https:\/\/lasentinelle.dz\/index.php\/2025\/04\/28\/un-glissement-de-terrain-fait-4-morts-a-oran-les-familles-en-danger-immediatement-relogees\/","url":"https:\/\/lasentinelle.dz\/index.php\/2025\/04\/28\/un-glissement-de-terrain-fait-4-morts-a-oran-les-familles-en-danger-immediatement-relogees\/","name":"Un glissement de terrain fait 4 morts \u00e0 Oran : Les familles en danger imm\u00e9diatement relog\u00e9es - La Sentinelle","isPartOf":{"@id":"https:\/\/lasentinelle.dz\/#website"},"primaryImageOfPage":{"@id":"https:\/\/lasentinelle.dz\/index.php\/2025\/04\/28\/un-glissement-de-terrain-fait-4-morts-a-oran-les-familles-en-danger-immediatement-relogees\/#primaryimage"},"image":{"@id":"https:\/\/lasentinelle.dz\/index.php\/2025\/04\/28\/un-glissement-de-terrain-fait-4-morts-a-oran-les-familles-en-danger-immediatement-relogees\/#primaryimage"},"thumbnailUrl":"https:\/\/lasentinelle.dz\/wp-content\/uploads\/2025\/04\/glissement.jpg","datePublished":"2025-04-28T13:19:24+00:00","dateModified":"2025-04-28T13:19:25+00:00","breadcrumb":{"@id":"https:\/\/lasentinelle.dz\/index.php\/2025\/04\/28\/un-glissement-de-terrain-fait-4-morts-a-oran-les-familles-en-danger-immediatement-relogees\/#breadcrumb"},"inLanguage":"fr-FR","potentialAction":[{"@type":"ReadAction","target":["https:\/\/lasentinelle.dz\/index.php\/2025\/04\/28\/un-glissement-de-terrain-fait-4-morts-a-oran-les-familles-en-danger-immediatement-relogees\/"]}]},{"@type":"ImageObject","inLanguage":"fr-FR","@id":"https:\/\/lasentinelle.dz\/index.php\/2025\/04\/28\/un-glissement-de-terrain-fait-4-morts-a-oran-les-familles-en-danger-immediatement-relogees\/#primaryimage","url":"https:\/\/lasentinelle.dz\/wp-content\/uploads\/2025\/04\/glissement.jpg","contentUrl":"https:\/\/lasentinelle.dz\/wp-content\/uploads\/2025\/04\/glissement.jpg","width":1080,"height":610},{"@type":"BreadcrumbList","@id":"https:\/\/lasentinelle.dz\/index.php\/2025\/04\/28\/un-glissement-de-terrain-fait-4-morts-a-oran-les-familles-en-danger-immediatement-relogees\/#breadcrumb","itemListElement":[{"@type":"ListItem","position":1,"name":"Accueil","item":"https:\/\/lasentinelle.dz\/"},{"@type":"ListItem","position":2,"name":"Un glissement de terrain fait 4 morts \u00e0 Oran : Les familles en danger imm\u00e9diatement relog\u00e9es"}]},{"@type":"WebSite","@id":"https:\/\/lasentinelle.dz\/#website","url":"https:\/\/lasentinelle.dz\/","name":"La Sentinelle","description":"Quotidien national d&#039;information","publisher":{"@id":"https:\/\/lasentinelle.dz\/#organization"},"potentialAction":[{"@type":"SearchAction","target":{"@type":"EntryPoint","urlTemplate":"https:\/\/lasentinelle.dz\/?s={search_term_string}"},"query-input":{"@type":"PropertyValueSpecification","valueRequired":true,"valueName":"search_term_string"}}],"inLanguage":"fr-FR"},{"@type":"Organization","@id":"https:\/\/lasentinelle.dz\/#organization","name":"Quotidien La Sentinelle","url":"https:\/\/lasentinelle.dz\/","logo":{"@type":"ImageObject","inLanguage":"fr-FR","@id":"https:\/\/lasentinelle.dz\/#\/schema\/logo\/image\/","url":"https:\/\/lasentinelle.dz\/wp-content\/uploads\/2021\/09\/logo-sentinelleSLOGAN-1.png","contentUrl":"https:\/\/lasentinelle.dz\/wp-content\/uploads\/2021\/09\/logo-sentinelleSLOGAN-1.png","width":615,"height":142,"caption":"Quotidien La Sentinelle"},"image":{"@id":"https:\/\/lasentinelle.dz\/#\/schema\/logo\/image\/"},"sameAs":["https:\/\/www.facebook.com\/La-Sentinelle-104059864394773"]},{"@type":"Person","@id":"https:\/\/lasentinelle.dz\/#\/schema\/person\/729ee0024f24e0b8c5ec17232f8e8b41","name":"admin","image":{"@type":"ImageObject","inLanguage":"fr-FR","@id":"https:\/\/secure.gravatar.com\/avatar\/4c81fed838786e9b53f540bf46533e750f5d292099ae3b66cfc6fb1982e29df7?s=96&d=mm&r=g","url":"https:\/\/secure.gravatar.com\/avatar\/4c81fed838786e9b53f540bf46533e750f5d292099ae3b66cfc6fb1982e29df7?s=96&d=mm&r=g","contentUrl":"https:\/\/secure.gravatar.com\/avatar\/4c81fed838786e9b53f540bf46533e750f5d292099ae3b66cfc6fb1982e29df7?s=96&d=mm&r=g","caption":"admin"},"description":"admin","url":"https:\/\/lasentinelle.dz\/author\/admin\/"}]}},"_links":{"self":[{"href":"https:\/\/lasentinelle.dz\/index.php\/wp-json\/wp\/v2\/posts\/66542","targetHints":{"allow":["GET"]}}],"collection":[{"href":"https:\/\/lasentinelle.dz\/index.php\/wp-json\/wp\/v2\/posts"}],"about":[{"href":"https:\/\/lasentinelle.dz\/index.php\/wp-json\/wp\/v2\/types\/post"}],"author":[{"embeddable":true,"href":"https:\/\/lasentinelle.dz\/index.php\/wp-json\/wp\/v2\/users\/6"}],"replies":[{"embeddable":true,"href":"https:\/\/lasentinelle.dz\/index.php\/wp-json\/wp\/v2\/comments?post=66542"}],"version-history":[{"count":1,"href":"https:\/\/lasentinelle.dz\/index.php\/wp-json\/wp\/v2\/posts\/66542\/revisions"}],"predecessor-version":[{"id":66544,"href":"https:\/\/lasentinelle.dz\/index.php\/wp-json\/wp\/v2\/posts\/66542\/revisions\/66544"}],"wp:featuredmedia":[{"embeddable":true,"href":"https:\/\/lasentinelle.dz\/index.php\/wp-json\/wp\/v2\/media\/66543"}],"wp:attachment":[{"href":"https:\/\/lasentinelle.dz\/index.php\/wp-json\/wp\/v2\/media?parent=66542"}],"wp:term":[{"taxonomy":"category","embeddable":true,"href":"https:\/\/lasentinelle.dz\/index.php\/wp-json\/wp\/v2\/categories?post=66542"},{"taxonomy":"post_tag","embeddable":true,"href":"https:\/\/lasentinelle.dz\/index.php\/wp-json\/wp\/v2\/tags?post=66542"}],"curies":[{"name":"wp","href":"https:\/\/api.w.org\/{rel}","templated":true}]}}