{"id":666,"date":"2021-02-25T09:05:00","date_gmt":"2021-02-25T08:05:00","guid":{"rendered":"https:\/\/lasentinelle.dz\/?p=666"},"modified":"2021-02-25T17:07:16","modified_gmt":"2021-02-25T16:07:16","slug":"tizi-ouzou-le-32e-anniversaire-de-la-mort-de-mouloud-mammeri-une-oeuvre-riche-en-heritage","status":"publish","type":"post","link":"https:\/\/lasentinelle.dz\/index.php\/2021\/02\/25\/tizi-ouzou-le-32e-anniversaire-de-la-mort-de-mouloud-mammeri-une-oeuvre-riche-en-heritage\/","title":{"rendered":"Tizi-Ouzou le 32e anniversaire de la mort de Mouloud Mammeri: Une \u0153uvre riche en h\u00e9ritage"},"content":{"rendered":"\n<p><\/p>\n\n\n\n<p><\/p>\n\n\n\n<p>Pour le 32<sup>e<\/sup> anniversaire de la mort de l\u2019\u00e9crivain et anthropologue Mouloud Mammeri, la direction de la culture de Tizi-Ouzou a concoct\u00e9&nbsp; un riche programme culturel.<\/p>\n\n\n\n<p>Des activit\u00e9s qui s\u2019\u00e9taleront d\u2019aujourd\u2019hui, le 25 au 29 f\u00e9vrier et qui s\u2019articuleront sur le parcours intellectuel de cet homme qui a marqu\u00e9 de fa\u00e7on ind\u00e9l\u00e9bile la culture amazighe dans sa dimension kabyle, alg\u00e9rienne et nord-africaine. Un programme qui se d\u00e9clinera en conf\u00e9rences, r\u00e9citals po\u00e9tiques, expositions et ventes d\u00e9dicaces de nombreux auteurs au niveau de la grande salle de cette institution culturelle qui porte son nom, et dans les \u00e9tablissements culturels de plusieurs communes.&nbsp; A noter par ailleurs que ce 32<sup>e<\/sup> anniversaire sera c\u00e9l\u00e9br\u00e9 sous le th\u00e8me \u00ab Mouloud Mammeri et la po\u00e9sie de Si Mohand Oumhand \u00bb.<\/p>\n\n\n\n<p>Aussi, le programme inclut, durant tous les jours, au niveau du hall, une exposition permanente autour de la vie et l\u2019\u0153uvre de Mouloud Mammeri, des vente d\u00e9dicaces par : M.Laceb Djamel, M.Akli Drouaz, Lynda Hantour, Bengana&nbsp; Chabha et Zohra Aoudia. L\u2019ouverture sera \u00e9galement marqu\u00e9e par la projection d\u2019une vid\u00e9o r\u00e9trospective autour&nbsp; de l\u2019\u00e9crivain r\u00e9alis\u00e9e&nbsp; par la Maison de la Culture.<\/p>\n\n\n\n<p>Au niveau du petit th\u00e9\u00e2tre, les visiteurs auront \u00e0 assister \u00e0 un riche programme de conf\u00e9rence autour du th\u00e8me. Elles seront anim\u00e9es entre autres par M.Halouane Hacene&nbsp; qui abordera le th\u00e8me \u00ab Mammeri le pr\u00e9curseur de la pr\u00e9servation du patrimoine amazigh \u00bb. pour sa part, M.Takfarinas Nait Chabane se penchera sur l\u2019 \u00ab Amawal n tmazi\u03b3t tatrart: asurif seg tantaliwin \u03b3er tutlayt n tmazi\u03b3t \u00bb. M.Allaoua Rabhi animera une conf\u00e9rence sous le th\u00e8me \u00ab Mammeri akked&nbsp; Si Muh U Mhand : Seg timmaeyt \u03b3er Usefyer \u00bb.&nbsp; M.Chemakh Said, quant \u00e0 lui, abordera \u00ab Tamedyazt n Si Mu\u1e25end. Amek i tt-id-yelqe\u1e0d Mulud Mammeri? \u00bb<\/p>\n\n\n\n<p>Par ailleurs, l\u2019occasion sera mise \u00e0 profit par la direction de la culture pour l\u2019organisation de la c\u00e9r\u00e9monie de remise des prix&nbsp; aux laur\u00e9ats du concours de po\u00e9sie en hommage \u00e0 Si Muh U Mhand organis\u00e9 par la Direction de la Culture et des Arts en collaboration avec l\u2019association culturelle Mouloud Feraoun. Une c\u00e9r\u00e9monie accompagn\u00e9e de d\u00e9clamation de po\u00e9sie en hommage \u00e0 si Muh U Mhand par M.Omar Tafrante ainsi qu\u2019un r\u00e9cital po\u00e9tique par l\u2019association culturelle Agraw Imdyazen de Tizi-Ouzou.&nbsp; De riches expositions se tiendront \u00e9galement au niveau de la biblioth\u00e8que de lecture publique. Apr\u00e8s un riche programme, l\u2019anniversaire sera conclu par une c\u00e9r\u00e9monie de recueillement sur la tombe de l\u2019\u00e9crivain en collaboration avec la la commune d\u2019AthYenni dimanche&nbsp;&nbsp; le 28&nbsp; f\u00e9vrier 2021.<\/p>\n\n\n\n<p>Enfin, rappelons que l\u2019\u00e9crivain et anthropologue Mouloud Mammeri est n\u00e9 le 28 d\u00e9cembre 1917 \u00e0 Taourirt Mimoun dans la r\u00e9gion d\u2019A\u00eft Yenni. Il est d\u00e9c\u00e9d\u00e9 le 25 f\u00e9vrier 1989. Son \u0153uvre est d\u2019une richesse extr\u00eame avec des romans tels que la colline Oubli\u00e9e, l\u2019Opium et le b\u00e2ton ainsi que Le sommeil du Juste. Des travaux de recherches d\u2019une valeur inestimable ont \u00e9t\u00e9 effectu\u00e9s par Mouloud Mammeri et qui ont d\u00e9terr\u00e9 une culture et une langue&nbsp; longtemps oubli\u00e9es.&nbsp;<\/p>\n\n\n\n<p><strong>Kamel Na\u00eft Ameur<\/strong><\/p>\n","protected":false},"excerpt":{"rendered":"<p>Pour le 32e anniversaire de la mort de l\u2019\u00e9crivain et anthropologue Mouloud Mammeri, la direction de la culture de Tizi-Ouzou<\/p>\n","protected":false},"author":3,"featured_media":667,"comment_status":"open","ping_status":"closed","sticky":false,"template":"","format":"standard","meta":{"colormag_page_container_layout":"default_layout","colormag_page_sidebar_layout":"default_layout","om_disable_all_campaigns":false,"_monsterinsights_skip_tracking":false,"_monsterinsights_sitenote_active":false,"_monsterinsights_sitenote_note":"","_monsterinsights_sitenote_category":0,"footnotes":"","_wpscppro_dont_share_socialmedia":false,"_wpscppro_custom_social_share_image":0,"_facebook_share_type":"","_twitter_share_type":"","_linkedin_share_type":"","_pinterest_share_type":"","_linkedin_share_type_page":"","_instagram_share_type":"","_medium_share_type":"","_threads_share_type":"","_google_business_share_type":"","_selected_social_profile":[],"_wpsp_enable_custom_social_template":false,"_wpsp_social_scheduling":{"enabled":false,"datetime":null,"platforms":[],"status":"template_only","dateOption":"today","timeOption":"now","customDays":"","customHours":"","customDate":"","customTime":"","schedulingType":"absolute"},"_wpsp_active_default_template":true},"categories":[36],"tags":[],"class_list":["post-666","post","type-post","status-publish","format-standard","has-post-thumbnail","hentry","category-culture"],"aioseo_notices":[],"yoast_head":"<!-- This site is optimized with the Yoast SEO plugin v27.5 - https:\/\/yoast.com\/product\/yoast-seo-wordpress\/ -->\n<title>Tizi-Ouzou le 32e anniversaire de la mort de Mouloud Mammeri: Une \u0153uvre riche en h\u00e9ritage - La Sentinelle<\/title>\n<meta name=\"robots\" content=\"index, follow, max-snippet:-1, max-image-preview:large, max-video-preview:-1\" \/>\n<link rel=\"canonical\" href=\"https:\/\/lasentinelle.dz\/index.php\/2021\/02\/25\/tizi-ouzou-le-32e-anniversaire-de-la-mort-de-mouloud-mammeri-une-oeuvre-riche-en-heritage\/\" \/>\n<meta property=\"og:locale\" content=\"fr_FR\" \/>\n<meta property=\"og:type\" content=\"article\" \/>\n<meta property=\"og:title\" content=\"Tizi-Ouzou le 32e anniversaire de la mort de Mouloud Mammeri: Une \u0153uvre riche en h\u00e9ritage - La Sentinelle\" \/>\n<meta property=\"og:description\" content=\"Pour le 32e anniversaire de la mort de l\u2019\u00e9crivain et anthropologue Mouloud Mammeri, la direction de la culture de Tizi-Ouzou\" \/>\n<meta property=\"og:url\" content=\"https:\/\/lasentinelle.dz\/index.php\/2021\/02\/25\/tizi-ouzou-le-32e-anniversaire-de-la-mort-de-mouloud-mammeri-une-oeuvre-riche-en-heritage\/\" \/>\n<meta property=\"og:site_name\" content=\"La Sentinelle\" \/>\n<meta property=\"article:publisher\" content=\"https:\/\/www.facebook.com\/La-Sentinelle-104059864394773\" \/>\n<meta property=\"article:published_time\" content=\"2021-02-25T08:05:00+00:00\" \/>\n<meta property=\"article:modified_time\" content=\"2021-02-25T16:07:16+00:00\" \/>\n<meta property=\"og:image\" content=\"https:\/\/lasentinelle.dz\/wp-content\/uploads\/2021\/02\/Mouloud-Mammeri.jpg\" \/>\n\t<meta property=\"og:image:width\" content=\"571\" \/>\n\t<meta property=\"og:image:height\" content=\"370\" \/>\n\t<meta property=\"og:image:type\" content=\"image\/jpeg\" \/>\n<meta name=\"author\" content=\"La Sentinelle\" \/>\n<meta name=\"twitter:card\" content=\"summary_large_image\" \/>\n<meta name=\"twitter:label1\" content=\"\u00c9crit par\" \/>\n\t<meta name=\"twitter:data1\" content=\"La Sentinelle\" \/>\n\t<meta name=\"twitter:label2\" content=\"Dur\u00e9e de lecture estim\u00e9e\" \/>\n\t<meta name=\"twitter:data2\" content=\"3 minutes\" \/>\n<script type=\"application\/ld+json\" class=\"yoast-schema-graph\">{\"@context\":\"https:\\\/\\\/schema.org\",\"@graph\":[{\"@type\":\"Article\",\"@id\":\"https:\\\/\\\/lasentinelle.dz\\\/index.php\\\/2021\\\/02\\\/25\\\/tizi-ouzou-le-32e-anniversaire-de-la-mort-de-mouloud-mammeri-une-oeuvre-riche-en-heritage\\\/#article\",\"isPartOf\":{\"@id\":\"https:\\\/\\\/lasentinelle.dz\\\/index.php\\\/2021\\\/02\\\/25\\\/tizi-ouzou-le-32e-anniversaire-de-la-mort-de-mouloud-mammeri-une-oeuvre-riche-en-heritage\\\/\"},\"author\":{\"name\":\"La Sentinelle\",\"@id\":\"https:\\\/\\\/lasentinelle.dz\\\/#\\\/schema\\\/person\\\/d865044e22e70a75174ce8bcad3acfb3\"},\"headline\":\"Tizi-Ouzou le 32e anniversaire de la mort de Mouloud Mammeri: Une \u0153uvre riche en h\u00e9ritage\",\"datePublished\":\"2021-02-25T08:05:00+00:00\",\"dateModified\":\"2021-02-25T16:07:16+00:00\",\"mainEntityOfPage\":{\"@id\":\"https:\\\/\\\/lasentinelle.dz\\\/index.php\\\/2021\\\/02\\\/25\\\/tizi-ouzou-le-32e-anniversaire-de-la-mort-de-mouloud-mammeri-une-oeuvre-riche-en-heritage\\\/\"},\"wordCount\":585,\"commentCount\":0,\"publisher\":{\"@id\":\"https:\\\/\\\/lasentinelle.dz\\\/#organization\"},\"image\":{\"@id\":\"https:\\\/\\\/lasentinelle.dz\\\/index.php\\\/2021\\\/02\\\/25\\\/tizi-ouzou-le-32e-anniversaire-de-la-mort-de-mouloud-mammeri-une-oeuvre-riche-en-heritage\\\/#primaryimage\"},\"thumbnailUrl\":\"https:\\\/\\\/lasentinelle.dz\\\/wp-content\\\/uploads\\\/2021\\\/02\\\/Mouloud-Mammeri.jpg\",\"articleSection\":[\"Culture\"],\"inLanguage\":\"fr-FR\",\"potentialAction\":[{\"@type\":\"CommentAction\",\"name\":\"Comment\",\"target\":[\"https:\\\/\\\/lasentinelle.dz\\\/index.php\\\/2021\\\/02\\\/25\\\/tizi-ouzou-le-32e-anniversaire-de-la-mort-de-mouloud-mammeri-une-oeuvre-riche-en-heritage\\\/#respond\"]}]},{\"@type\":\"WebPage\",\"@id\":\"https:\\\/\\\/lasentinelle.dz\\\/index.php\\\/2021\\\/02\\\/25\\\/tizi-ouzou-le-32e-anniversaire-de-la-mort-de-mouloud-mammeri-une-oeuvre-riche-en-heritage\\\/\",\"url\":\"https:\\\/\\\/lasentinelle.dz\\\/index.php\\\/2021\\\/02\\\/25\\\/tizi-ouzou-le-32e-anniversaire-de-la-mort-de-mouloud-mammeri-une-oeuvre-riche-en-heritage\\\/\",\"name\":\"Tizi-Ouzou le 32e anniversaire de la mort de Mouloud Mammeri: Une \u0153uvre riche en h\u00e9ritage - La Sentinelle\",\"isPartOf\":{\"@id\":\"https:\\\/\\\/lasentinelle.dz\\\/#website\"},\"primaryImageOfPage\":{\"@id\":\"https:\\\/\\\/lasentinelle.dz\\\/index.php\\\/2021\\\/02\\\/25\\\/tizi-ouzou-le-32e-anniversaire-de-la-mort-de-mouloud-mammeri-une-oeuvre-riche-en-heritage\\\/#primaryimage\"},\"image\":{\"@id\":\"https:\\\/\\\/lasentinelle.dz\\\/index.php\\\/2021\\\/02\\\/25\\\/tizi-ouzou-le-32e-anniversaire-de-la-mort-de-mouloud-mammeri-une-oeuvre-riche-en-heritage\\\/#primaryimage\"},\"thumbnailUrl\":\"https:\\\/\\\/lasentinelle.dz\\\/wp-content\\\/uploads\\\/2021\\\/02\\\/Mouloud-Mammeri.jpg\",\"datePublished\":\"2021-02-25T08:05:00+00:00\",\"dateModified\":\"2021-02-25T16:07:16+00:00\",\"breadcrumb\":{\"@id\":\"https:\\\/\\\/lasentinelle.dz\\\/index.php\\\/2021\\\/02\\\/25\\\/tizi-ouzou-le-32e-anniversaire-de-la-mort-de-mouloud-mammeri-une-oeuvre-riche-en-heritage\\\/#breadcrumb\"},\"inLanguage\":\"fr-FR\",\"potentialAction\":[{\"@type\":\"ReadAction\",\"target\":[\"https:\\\/\\\/lasentinelle.dz\\\/index.php\\\/2021\\\/02\\\/25\\\/tizi-ouzou-le-32e-anniversaire-de-la-mort-de-mouloud-mammeri-une-oeuvre-riche-en-heritage\\\/\"]}]},{\"@type\":\"ImageObject\",\"inLanguage\":\"fr-FR\",\"@id\":\"https:\\\/\\\/lasentinelle.dz\\\/index.php\\\/2021\\\/02\\\/25\\\/tizi-ouzou-le-32e-anniversaire-de-la-mort-de-mouloud-mammeri-une-oeuvre-riche-en-heritage\\\/#primaryimage\",\"url\":\"https:\\\/\\\/lasentinelle.dz\\\/wp-content\\\/uploads\\\/2021\\\/02\\\/Mouloud-Mammeri.jpg\",\"contentUrl\":\"https:\\\/\\\/lasentinelle.dz\\\/wp-content\\\/uploads\\\/2021\\\/02\\\/Mouloud-Mammeri.jpg\",\"width\":571,\"height\":370},{\"@type\":\"BreadcrumbList\",\"@id\":\"https:\\\/\\\/lasentinelle.dz\\\/index.php\\\/2021\\\/02\\\/25\\\/tizi-ouzou-le-32e-anniversaire-de-la-mort-de-mouloud-mammeri-une-oeuvre-riche-en-heritage\\\/#breadcrumb\",\"itemListElement\":[{\"@type\":\"ListItem\",\"position\":1,\"name\":\"Accueil\",\"item\":\"https:\\\/\\\/lasentinelle.dz\\\/\"},{\"@type\":\"ListItem\",\"position\":2,\"name\":\"Tizi-Ouzou le 32e anniversaire de la mort de Mouloud Mammeri: Une \u0153uvre riche en h\u00e9ritage\"}]},{\"@type\":\"WebSite\",\"@id\":\"https:\\\/\\\/lasentinelle.dz\\\/#website\",\"url\":\"https:\\\/\\\/lasentinelle.dz\\\/\",\"name\":\"La Sentinelle\",\"description\":\"Quotidien national d&#039;information\",\"publisher\":{\"@id\":\"https:\\\/\\\/lasentinelle.dz\\\/#organization\"},\"potentialAction\":[{\"@type\":\"SearchAction\",\"target\":{\"@type\":\"EntryPoint\",\"urlTemplate\":\"https:\\\/\\\/lasentinelle.dz\\\/?s={search_term_string}\"},\"query-input\":{\"@type\":\"PropertyValueSpecification\",\"valueRequired\":true,\"valueName\":\"search_term_string\"}}],\"inLanguage\":\"fr-FR\"},{\"@type\":\"Organization\",\"@id\":\"https:\\\/\\\/lasentinelle.dz\\\/#organization\",\"name\":\"Quotidien La Sentinelle\",\"url\":\"https:\\\/\\\/lasentinelle.dz\\\/\",\"logo\":{\"@type\":\"ImageObject\",\"inLanguage\":\"fr-FR\",\"@id\":\"https:\\\/\\\/lasentinelle.dz\\\/#\\\/schema\\\/logo\\\/image\\\/\",\"url\":\"https:\\\/\\\/lasentinelle.dz\\\/wp-content\\\/uploads\\\/2021\\\/09\\\/logo-sentinelleSLOGAN-1.png\",\"contentUrl\":\"https:\\\/\\\/lasentinelle.dz\\\/wp-content\\\/uploads\\\/2021\\\/09\\\/logo-sentinelleSLOGAN-1.png\",\"width\":615,\"height\":142,\"caption\":\"Quotidien La Sentinelle\"},\"image\":{\"@id\":\"https:\\\/\\\/lasentinelle.dz\\\/#\\\/schema\\\/logo\\\/image\\\/\"},\"sameAs\":[\"https:\\\/\\\/www.facebook.com\\\/La-Sentinelle-104059864394773\"]},{\"@type\":\"Person\",\"@id\":\"https:\\\/\\\/lasentinelle.dz\\\/#\\\/schema\\\/person\\\/d865044e22e70a75174ce8bcad3acfb3\",\"name\":\"La Sentinelle\",\"image\":{\"@type\":\"ImageObject\",\"inLanguage\":\"fr-FR\",\"@id\":\"https:\\\/\\\/secure.gravatar.com\\\/avatar\\\/57de8e5d4b15d43fb361a71fbb36338450fe67865b528a43dd10ef7c51a20392?s=96&d=mm&r=g\",\"url\":\"https:\\\/\\\/secure.gravatar.com\\\/avatar\\\/57de8e5d4b15d43fb361a71fbb36338450fe67865b528a43dd10ef7c51a20392?s=96&d=mm&r=g\",\"contentUrl\":\"https:\\\/\\\/secure.gravatar.com\\\/avatar\\\/57de8e5d4b15d43fb361a71fbb36338450fe67865b528a43dd10ef7c51a20392?s=96&d=mm&r=g\",\"caption\":\"La Sentinelle\"},\"sameAs\":[\"http:\\\/\\\/www.lasentinelle.dz\"],\"url\":\"https:\\\/\\\/lasentinelle.dz\\\/author\\\/redaction\\\/\"}]}<\/script>\n<!-- \/ Yoast SEO plugin. -->","yoast_head_json":{"title":"Tizi-Ouzou le 32e anniversaire de la mort de Mouloud Mammeri: Une \u0153uvre riche en h\u00e9ritage - La Sentinelle","robots":{"index":"index","follow":"follow","max-snippet":"max-snippet:-1","max-image-preview":"max-image-preview:large","max-video-preview":"max-video-preview:-1"},"canonical":"https:\/\/lasentinelle.dz\/index.php\/2021\/02\/25\/tizi-ouzou-le-32e-anniversaire-de-la-mort-de-mouloud-mammeri-une-oeuvre-riche-en-heritage\/","og_locale":"fr_FR","og_type":"article","og_title":"Tizi-Ouzou le 32e anniversaire de la mort de Mouloud Mammeri: Une \u0153uvre riche en h\u00e9ritage - La Sentinelle","og_description":"Pour le 32e anniversaire de la mort de l\u2019\u00e9crivain et anthropologue Mouloud Mammeri, la direction de la culture de Tizi-Ouzou","og_url":"https:\/\/lasentinelle.dz\/index.php\/2021\/02\/25\/tizi-ouzou-le-32e-anniversaire-de-la-mort-de-mouloud-mammeri-une-oeuvre-riche-en-heritage\/","og_site_name":"La Sentinelle","article_publisher":"https:\/\/www.facebook.com\/La-Sentinelle-104059864394773","article_published_time":"2021-02-25T08:05:00+00:00","article_modified_time":"2021-02-25T16:07:16+00:00","og_image":[{"width":571,"height":370,"url":"https:\/\/lasentinelle.dz\/wp-content\/uploads\/2021\/02\/Mouloud-Mammeri.jpg","type":"image\/jpeg"}],"author":"La Sentinelle","twitter_card":"summary_large_image","twitter_misc":{"\u00c9crit par":"La Sentinelle","Dur\u00e9e de lecture estim\u00e9e":"3 minutes"},"schema":{"@context":"https:\/\/schema.org","@graph":[{"@type":"Article","@id":"https:\/\/lasentinelle.dz\/index.php\/2021\/02\/25\/tizi-ouzou-le-32e-anniversaire-de-la-mort-de-mouloud-mammeri-une-oeuvre-riche-en-heritage\/#article","isPartOf":{"@id":"https:\/\/lasentinelle.dz\/index.php\/2021\/02\/25\/tizi-ouzou-le-32e-anniversaire-de-la-mort-de-mouloud-mammeri-une-oeuvre-riche-en-heritage\/"},"author":{"name":"La Sentinelle","@id":"https:\/\/lasentinelle.dz\/#\/schema\/person\/d865044e22e70a75174ce8bcad3acfb3"},"headline":"Tizi-Ouzou le 32e anniversaire de la mort de Mouloud Mammeri: Une \u0153uvre riche en h\u00e9ritage","datePublished":"2021-02-25T08:05:00+00:00","dateModified":"2021-02-25T16:07:16+00:00","mainEntityOfPage":{"@id":"https:\/\/lasentinelle.dz\/index.php\/2021\/02\/25\/tizi-ouzou-le-32e-anniversaire-de-la-mort-de-mouloud-mammeri-une-oeuvre-riche-en-heritage\/"},"wordCount":585,"commentCount":0,"publisher":{"@id":"https:\/\/lasentinelle.dz\/#organization"},"image":{"@id":"https:\/\/lasentinelle.dz\/index.php\/2021\/02\/25\/tizi-ouzou-le-32e-anniversaire-de-la-mort-de-mouloud-mammeri-une-oeuvre-riche-en-heritage\/#primaryimage"},"thumbnailUrl":"https:\/\/lasentinelle.dz\/wp-content\/uploads\/2021\/02\/Mouloud-Mammeri.jpg","articleSection":["Culture"],"inLanguage":"fr-FR","potentialAction":[{"@type":"CommentAction","name":"Comment","target":["https:\/\/lasentinelle.dz\/index.php\/2021\/02\/25\/tizi-ouzou-le-32e-anniversaire-de-la-mort-de-mouloud-mammeri-une-oeuvre-riche-en-heritage\/#respond"]}]},{"@type":"WebPage","@id":"https:\/\/lasentinelle.dz\/index.php\/2021\/02\/25\/tizi-ouzou-le-32e-anniversaire-de-la-mort-de-mouloud-mammeri-une-oeuvre-riche-en-heritage\/","url":"https:\/\/lasentinelle.dz\/index.php\/2021\/02\/25\/tizi-ouzou-le-32e-anniversaire-de-la-mort-de-mouloud-mammeri-une-oeuvre-riche-en-heritage\/","name":"Tizi-Ouzou le 32e anniversaire de la mort de Mouloud Mammeri: Une \u0153uvre riche en h\u00e9ritage - La Sentinelle","isPartOf":{"@id":"https:\/\/lasentinelle.dz\/#website"},"primaryImageOfPage":{"@id":"https:\/\/lasentinelle.dz\/index.php\/2021\/02\/25\/tizi-ouzou-le-32e-anniversaire-de-la-mort-de-mouloud-mammeri-une-oeuvre-riche-en-heritage\/#primaryimage"},"image":{"@id":"https:\/\/lasentinelle.dz\/index.php\/2021\/02\/25\/tizi-ouzou-le-32e-anniversaire-de-la-mort-de-mouloud-mammeri-une-oeuvre-riche-en-heritage\/#primaryimage"},"thumbnailUrl":"https:\/\/lasentinelle.dz\/wp-content\/uploads\/2021\/02\/Mouloud-Mammeri.jpg","datePublished":"2021-02-25T08:05:00+00:00","dateModified":"2021-02-25T16:07:16+00:00","breadcrumb":{"@id":"https:\/\/lasentinelle.dz\/index.php\/2021\/02\/25\/tizi-ouzou-le-32e-anniversaire-de-la-mort-de-mouloud-mammeri-une-oeuvre-riche-en-heritage\/#breadcrumb"},"inLanguage":"fr-FR","potentialAction":[{"@type":"ReadAction","target":["https:\/\/lasentinelle.dz\/index.php\/2021\/02\/25\/tizi-ouzou-le-32e-anniversaire-de-la-mort-de-mouloud-mammeri-une-oeuvre-riche-en-heritage\/"]}]},{"@type":"ImageObject","inLanguage":"fr-FR","@id":"https:\/\/lasentinelle.dz\/index.php\/2021\/02\/25\/tizi-ouzou-le-32e-anniversaire-de-la-mort-de-mouloud-mammeri-une-oeuvre-riche-en-heritage\/#primaryimage","url":"https:\/\/lasentinelle.dz\/wp-content\/uploads\/2021\/02\/Mouloud-Mammeri.jpg","contentUrl":"https:\/\/lasentinelle.dz\/wp-content\/uploads\/2021\/02\/Mouloud-Mammeri.jpg","width":571,"height":370},{"@type":"BreadcrumbList","@id":"https:\/\/lasentinelle.dz\/index.php\/2021\/02\/25\/tizi-ouzou-le-32e-anniversaire-de-la-mort-de-mouloud-mammeri-une-oeuvre-riche-en-heritage\/#breadcrumb","itemListElement":[{"@type":"ListItem","position":1,"name":"Accueil","item":"https:\/\/lasentinelle.dz\/"},{"@type":"ListItem","position":2,"name":"Tizi-Ouzou le 32e anniversaire de la mort de Mouloud Mammeri: Une \u0153uvre riche en h\u00e9ritage"}]},{"@type":"WebSite","@id":"https:\/\/lasentinelle.dz\/#website","url":"https:\/\/lasentinelle.dz\/","name":"La Sentinelle","description":"Quotidien national d&#039;information","publisher":{"@id":"https:\/\/lasentinelle.dz\/#organization"},"potentialAction":[{"@type":"SearchAction","target":{"@type":"EntryPoint","urlTemplate":"https:\/\/lasentinelle.dz\/?s={search_term_string}"},"query-input":{"@type":"PropertyValueSpecification","valueRequired":true,"valueName":"search_term_string"}}],"inLanguage":"fr-FR"},{"@type":"Organization","@id":"https:\/\/lasentinelle.dz\/#organization","name":"Quotidien La Sentinelle","url":"https:\/\/lasentinelle.dz\/","logo":{"@type":"ImageObject","inLanguage":"fr-FR","@id":"https:\/\/lasentinelle.dz\/#\/schema\/logo\/image\/","url":"https:\/\/lasentinelle.dz\/wp-content\/uploads\/2021\/09\/logo-sentinelleSLOGAN-1.png","contentUrl":"https:\/\/lasentinelle.dz\/wp-content\/uploads\/2021\/09\/logo-sentinelleSLOGAN-1.png","width":615,"height":142,"caption":"Quotidien La Sentinelle"},"image":{"@id":"https:\/\/lasentinelle.dz\/#\/schema\/logo\/image\/"},"sameAs":["https:\/\/www.facebook.com\/La-Sentinelle-104059864394773"]},{"@type":"Person","@id":"https:\/\/lasentinelle.dz\/#\/schema\/person\/d865044e22e70a75174ce8bcad3acfb3","name":"La Sentinelle","image":{"@type":"ImageObject","inLanguage":"fr-FR","@id":"https:\/\/secure.gravatar.com\/avatar\/57de8e5d4b15d43fb361a71fbb36338450fe67865b528a43dd10ef7c51a20392?s=96&d=mm&r=g","url":"https:\/\/secure.gravatar.com\/avatar\/57de8e5d4b15d43fb361a71fbb36338450fe67865b528a43dd10ef7c51a20392?s=96&d=mm&r=g","contentUrl":"https:\/\/secure.gravatar.com\/avatar\/57de8e5d4b15d43fb361a71fbb36338450fe67865b528a43dd10ef7c51a20392?s=96&d=mm&r=g","caption":"La Sentinelle"},"sameAs":["http:\/\/www.lasentinelle.dz"],"url":"https:\/\/lasentinelle.dz\/author\/redaction\/"}]}},"_links":{"self":[{"href":"https:\/\/lasentinelle.dz\/index.php\/wp-json\/wp\/v2\/posts\/666","targetHints":{"allow":["GET"]}}],"collection":[{"href":"https:\/\/lasentinelle.dz\/index.php\/wp-json\/wp\/v2\/posts"}],"about":[{"href":"https:\/\/lasentinelle.dz\/index.php\/wp-json\/wp\/v2\/types\/post"}],"author":[{"embeddable":true,"href":"https:\/\/lasentinelle.dz\/index.php\/wp-json\/wp\/v2\/users\/3"}],"replies":[{"embeddable":true,"href":"https:\/\/lasentinelle.dz\/index.php\/wp-json\/wp\/v2\/comments?post=666"}],"version-history":[{"count":1,"href":"https:\/\/lasentinelle.dz\/index.php\/wp-json\/wp\/v2\/posts\/666\/revisions"}],"predecessor-version":[{"id":668,"href":"https:\/\/lasentinelle.dz\/index.php\/wp-json\/wp\/v2\/posts\/666\/revisions\/668"}],"wp:featuredmedia":[{"embeddable":true,"href":"https:\/\/lasentinelle.dz\/index.php\/wp-json\/wp\/v2\/media\/667"}],"wp:attachment":[{"href":"https:\/\/lasentinelle.dz\/index.php\/wp-json\/wp\/v2\/media?parent=666"}],"wp:term":[{"taxonomy":"category","embeddable":true,"href":"https:\/\/lasentinelle.dz\/index.php\/wp-json\/wp\/v2\/categories?post=666"},{"taxonomy":"post_tag","embeddable":true,"href":"https:\/\/lasentinelle.dz\/index.php\/wp-json\/wp\/v2\/tags?post=666"}],"curies":[{"name":"wp","href":"https:\/\/api.w.org\/{rel}","templated":true}]}}