{"id":66619,"date":"2025-04-29T12:41:45","date_gmt":"2025-04-29T11:41:45","guid":{"rendered":"https:\/\/lasentinelle.dz\/?p=66619"},"modified":"2025-04-29T12:41:46","modified_gmt":"2025-04-29T11:41:46","slug":"assassinat-dun-jeune-musulman-dans-une-mosquee-en-france-double-standards-racisme-et-islamophobie-mis-a-nu","status":"publish","type":"post","link":"https:\/\/lasentinelle.dz\/index.php\/2025\/04\/29\/assassinat-dun-jeune-musulman-dans-une-mosquee-en-france-double-standards-racisme-et-islamophobie-mis-a-nu\/","title":{"rendered":"Assassinat d&rsquo;un jeune musulman dans une mosqu\u00e9e en France : Double standards, racisme et islamophobie mis \u00e0 nu"},"content":{"rendered":"\n<p>Aboubakar Ciss\u00e9, un jeune Malien de 22 ans, a \u00e9t\u00e9 sauvagement assassin\u00e9 vendredi alors qu&rsquo;il priait seul dans une mosqu\u00e9e du d\u00e9partement fran\u00e7ais du Gard. L&rsquo;auteur lui a ass\u00e9n\u00e9 une cinquantaine de coups de couteau avant de le filmer agonisant. Ce crime, dont le caract\u00e8re islamophobe semble \u00e9vident selon les premiers \u00e9l\u00e9ments de l&rsquo;enqu\u00eate, a suscit\u00e9 une vague d&rsquo;indignation dans la communaut\u00e9 musulmane et au-del\u00e0, mais \u00e9galement des interrogations sur la r\u00e9action des autorit\u00e9s face \u00e0 cet acte qualifi\u00e9 de terroriste par certains.<\/p>\n\n\n\n<p>Trois jours apr\u00e8s les faits, une information judiciaire a finalement \u00e9t\u00e9 ouverte pour \u00ab\u00a0meurtre avec pr\u00e9m\u00e9ditation et \u00e0 raison de la race ou de la religion\u00a0\u00bb, comme l&rsquo;a annonc\u00e9 la procureure de N\u00eemes, C\u00e9cile Gensac. Cette enqu\u00eate sera d\u00e9sormais men\u00e9e par un juge d&rsquo;instruction du p\u00f4le criminel de N\u00eemes. Toutefois, beaucoup s&rsquo;interrogent sur l&rsquo;absence de saisine du parquet national antiterroriste (Pnat), qui restait encore \u00ab\u00a0en \u00e9valuation \u00e0 ce stade\u00a0\u00bb, laissant la main au parquet d&rsquo;Al\u00e8s, une d\u00e9cision qui a provoqu\u00e9 l&rsquo;indignation de Mourad Battikh, avocat de la famille de la victime, pour qui il ne fait \u00ab\u00a0aucun doute\u00a0\u00bb que ce meurtre est \u00ab\u00a0un attentat\u00a0\u00bb et \u00ab\u00a0une attaque de nature terroriste\u00a0\u00bb. \u00ab\u00a0Il est \u00e9vident que le Pnat doit se saisir de cette affaire sans d\u00e9lai\u00a0\u00bb, a-t-il plaid\u00e9 dans un communiqu\u00e9, estimant que \u00ab\u00a0la communaut\u00e9 musulmane doit b\u00e9n\u00e9ficier du m\u00eame traitement que tout autre citoyen\u00a0\u00bb.<\/p>\n\n\n\n<p>Les circonstances du meurtre ne laissent gu\u00e8re de place au doute quant \u00e0 la motivation du tueur. Selon les sources proches de l&rsquo;enqu\u00eate, Olivier H., un Fran\u00e7ais sans activit\u00e9 professionnelle et inconnu des services de police, a pr\u00e9par\u00e9 son attaque et prof\u00e9r\u00e9 des insultes islamophobes, parlant notamment d'\u00a0\u00bbAllah de merde\u00a0\u00bb. L&rsquo;homme n&rsquo;avait aucun lien connu avec sa victime, et les cam\u00e9ras de vid\u00e9osurveillance de la mosqu\u00e9e ont captur\u00e9 l&rsquo;acte dans son int\u00e9gralit\u00e9. Plus troublant encore, l&rsquo;assassin a utilis\u00e9 son propre smartphone pour filmer sa victime apr\u00e8s l&rsquo;avoir poignard\u00e9e avec un couteau \u00e0 longue lame.<\/p>\n\n\n\n<p>La communaut\u00e9 de La Grand-Combe s&rsquo;est rapidement mobilis\u00e9e pour rendre hommage \u00e0 Aboubakar Ciss\u00e9, fid\u00e8le habitu\u00e9 de la mosqu\u00e9e. Une marche blanche a rassembl\u00e9 pr\u00e8s de 2000 personnes dimanche apr\u00e8s-midi dans cette commune de 5000 habitants. Partie de la mosqu\u00e9e, la marche s&rsquo;est achev\u00e9e devant la mairie par une minute de silence, les participants scandant le nom d&rsquo;Aboubakar. Le m\u00eame jour, \u00e0 Paris, un rassemblement contre l&rsquo;islamophobie a \u00e9t\u00e9 organis\u00e9 place de la R\u00e9publique, auquel s&rsquo;est associ\u00e9e Marine Tondelier, cheffe de file des \u00e9cologistes, pour qui \u00ab\u00a0la banalisation de l&rsquo;islamophobie chez tant de m\u00e9dias et politiques met en danger la vie des musulmans\u00a0\u00bb.<\/p>\n\n\n\n<p><strong>\u00ab\u00a0Retailleau avait piscine\u00a0\u00bb<\/strong><\/p>\n\n\n\n<p>La r\u00e9action des autorit\u00e9s face \u00e0 cet acte barbare a suscit\u00e9 de vives critiques, notamment de la part des associations de lutte contre le racisme. Dominique Sopo, pr\u00e9sident de SOS Racisme, a d\u00e9plor\u00e9 sur franceinfo \u00ab\u00a0la timidit\u00e9 des r\u00e9actions de certains responsables politiques\u00a0\u00bb, visant particuli\u00e8rement le ministre de l&rsquo;Int\u00e9rieur Bruno Retailleau. \u00ab\u00a0Je me demande si M. Retailleau, hier, avait piscine. On ne l&rsquo;a pas entendu. Il y a des personnes qui parlent souvent beaucoup au moindre fait d&rsquo;actualit\u00e9\u00a0\u00bb, a-t-il d\u00e9clar\u00e9 avec ironie. Sopo a notamment reproch\u00e9 au ministre de s&rsquo;\u00eatre \u00ab\u00a0pr\u00e9cipit\u00e9 \u00e0 Nantes\u00a0\u00bb apr\u00e8s l&rsquo;attaque dans le lyc\u00e9e Notre-Dame-de-Toutes-Aides qui a fait une victime, \u00ab\u00a0pour raconter \u00e0 peu pr\u00e8s n&rsquo;importe quoi\u00a0\u00bb, alors qu&rsquo;en tant que ministre des cultes, face \u00e0 un crime \u00ab\u00a0au moins en partie motiv\u00e9 par la haine envers les musulmans, il y a un silence pour le moins assourdissant\u00a0\u00bb.<\/p>\n\n\n\n<p>Ce double standard dans le traitement m\u00e9diatique et politique de ce crime a \u00e9galement \u00e9t\u00e9 point\u00e9 du doigt par Abdallah Zekri, recteur de la mosqu\u00e9e de la Paix \u00e0 N\u00eemes et vice-pr\u00e9sident du Conseil Fran\u00e7ais du Culte Musulman (CFCM). \u00ab\u00a0Du matin au soir, vous allumez la t\u00e9l\u00e9vision, qu&rsquo;est-ce que vous entendez, l&rsquo;islam, les musulmans, les migrants, les OQTF, il n&rsquo;y a que \u00e7a\u00a0\u00bb, a-t-il soulign\u00e9. Il a par ailleurs expliqu\u00e9 que de nombreuses mosqu\u00e9es recevaient des menaces sans que cela ne d\u00e9bouche sur des enqu\u00eates concr\u00e8tes : \u00ab\u00a0Les gens ne portent pas plainte, car \u00e0 chaque fois on nous dit que l&rsquo;auteur ne peut pas \u00eatre identifi\u00e9, et donc l&rsquo;affaire est class\u00e9e\u00a0\u00bb.<\/p>\n\n\n\n<p>Des personnalit\u00e9s politiques de tous bords ont n\u00e9anmoins condamn\u00e9 ce crime. Le Premier ministre Fran\u00e7ois Bayrou a d\u00e9nonc\u00e9 sur X \u00ab\u00a0une ignominie islamophobe\u00a0\u00bb, tandis que Jean-Luc M\u00e9lenchon, leader de La France Insoumise, a d\u00e9clar\u00e9 que \u00ab\u00a0l&rsquo;islamophobie tue. Tous ceux qui y contribuent sont coupables\u00a0\u00bb. Du c\u00f4t\u00e9 des repr\u00e9sentants religieux, la Grande Mosqu\u00e9e de Paris a \u00e9voqu\u00e9 la possible dimension \u00ab\u00a0terroriste\u00a0\u00bb du meurtre. Jean-Fran\u00e7ois Bour, d\u00e9l\u00e9gu\u00e9 national de la Conf\u00e9rence des \u00e9v\u00eaques de France, a pour sa part estim\u00e9 qu'\u00a0\u00bbune r\u00e9ponse ferme \u00e0 la haine antimusulmane\u00a0\u00bb \u00e9tait \u00ab\u00a0urgente\u00a0\u00bb.<\/p>\n\n\n\n<p>Dominique Sopo a soulign\u00e9 l&rsquo;importance de documenter ces actes islamophobes : \u00ab\u00a0Les actes doivent \u00eatre au maximum r\u00e9pertori\u00e9s pour qu&rsquo;il y ait une visibilit\u00e9 de cette agressivit\u00e9, de ces propos, de ces actes parfois du quotidien qui sont absolument insupportables, qui, on le voit, sont aussi le signe d&rsquo;une mont\u00e9e d&rsquo;excitation dans une partie de la soci\u00e9t\u00e9 qui peut mener au crime\u00a0\u00bb. L&rsquo;assassinat d&rsquo;Aboubakar Ciss\u00e9 met en lumi\u00e8re la persistance de l&rsquo;islamophobie dans la soci\u00e9t\u00e9 fran\u00e7aise et soul\u00e8ve des questions sur la mani\u00e8re dont les crimes \u00e0 caract\u00e8re raciste ou islamophobe sont trait\u00e9s par la justice et les m\u00e9dias.<\/p>\n\n\n\n<p>Lyes Sa\u00efdi<\/p>\n","protected":false},"excerpt":{"rendered":"<p>Aboubakar Ciss\u00e9, un jeune Malien de 22 ans, a \u00e9t\u00e9 sauvagement assassin\u00e9 vendredi alors qu&rsquo;il priait seul dans une mosqu\u00e9e<\/p>\n","protected":false},"author":6,"featured_media":61641,"comment_status":"open","ping_status":"closed","sticky":false,"template":"","format":"standard","meta":{"colormag_page_container_layout":"default_layout","colormag_page_sidebar_layout":"default_layout","om_disable_all_campaigns":false,"_monsterinsights_skip_tracking":false,"_monsterinsights_sitenote_active":false,"_monsterinsights_sitenote_note":"","_monsterinsights_sitenote_category":0,"footnotes":"","_wpscppro_dont_share_socialmedia":false,"_wpscppro_custom_social_share_image":0,"_facebook_share_type":"default","_twitter_share_type":"default","_linkedin_share_type":"default","_pinterest_share_type":"default","_linkedin_share_type_page":"","_instagram_share_type":"default","_medium_share_type":"default","_threads_share_type":"","_google_business_share_type":"","_selected_social_profile":[],"_wpsp_enable_custom_social_template":false,"_wpsp_social_scheduling":{"enabled":false,"datetime":null,"platforms":[],"status":"template_only","dateOption":"today","timeOption":"now","customDays":"","customHours":"","customDate":"","customTime":"","schedulingType":"absolute"},"_wpsp_active_default_template":true},"categories":[52,37],"tags":[],"class_list":["post-66619","post","type-post","status-publish","format-standard","has-post-thumbnail","hentry","category-a-la-une","category-monde"],"aioseo_notices":[],"yoast_head":"<!-- This site is optimized with the Yoast SEO plugin v27.5 - https:\/\/yoast.com\/product\/yoast-seo-wordpress\/ -->\n<title>Assassinat d&rsquo;un jeune musulman dans une mosqu\u00e9e en France : Double standards, racisme et islamophobie mis \u00e0 nu - La Sentinelle<\/title>\n<meta name=\"robots\" content=\"index, follow, max-snippet:-1, max-image-preview:large, max-video-preview:-1\" \/>\n<link rel=\"canonical\" href=\"https:\/\/lasentinelle.dz\/index.php\/2025\/04\/29\/assassinat-dun-jeune-musulman-dans-une-mosquee-en-france-double-standards-racisme-et-islamophobie-mis-a-nu\/\" \/>\n<meta property=\"og:locale\" content=\"fr_FR\" \/>\n<meta property=\"og:type\" content=\"article\" \/>\n<meta property=\"og:title\" content=\"Assassinat d&rsquo;un jeune musulman dans une mosqu\u00e9e en France : Double standards, racisme et islamophobie mis \u00e0 nu - La Sentinelle\" \/>\n<meta property=\"og:description\" content=\"Aboubakar Ciss\u00e9, un jeune Malien de 22 ans, a \u00e9t\u00e9 sauvagement assassin\u00e9 vendredi alors qu&rsquo;il priait seul dans une mosqu\u00e9e\" \/>\n<meta property=\"og:url\" content=\"https:\/\/lasentinelle.dz\/index.php\/2025\/04\/29\/assassinat-dun-jeune-musulman-dans-une-mosquee-en-france-double-standards-racisme-et-islamophobie-mis-a-nu\/\" \/>\n<meta property=\"og:site_name\" content=\"La Sentinelle\" \/>\n<meta property=\"article:publisher\" content=\"https:\/\/www.facebook.com\/La-Sentinelle-104059864394773\" \/>\n<meta property=\"article:published_time\" content=\"2025-04-29T11:41:45+00:00\" \/>\n<meta property=\"article:modified_time\" content=\"2025-04-29T11:41:46+00:00\" \/>\n<meta name=\"author\" content=\"admin\" \/>\n<meta name=\"twitter:card\" content=\"summary_large_image\" \/>\n<meta name=\"twitter:label1\" content=\"\u00c9crit par\" \/>\n\t<meta name=\"twitter:data1\" content=\"admin\" \/>\n\t<meta name=\"twitter:label2\" content=\"Dur\u00e9e de lecture estim\u00e9e\" \/>\n\t<meta name=\"twitter:data2\" content=\"5 minutes\" \/>\n<script type=\"application\/ld+json\" class=\"yoast-schema-graph\">{\"@context\":\"https:\\\/\\\/schema.org\",\"@graph\":[{\"@type\":\"Article\",\"@id\":\"https:\\\/\\\/lasentinelle.dz\\\/index.php\\\/2025\\\/04\\\/29\\\/assassinat-dun-jeune-musulman-dans-une-mosquee-en-france-double-standards-racisme-et-islamophobie-mis-a-nu\\\/#article\",\"isPartOf\":{\"@id\":\"https:\\\/\\\/lasentinelle.dz\\\/index.php\\\/2025\\\/04\\\/29\\\/assassinat-dun-jeune-musulman-dans-une-mosquee-en-france-double-standards-racisme-et-islamophobie-mis-a-nu\\\/\"},\"author\":{\"name\":\"admin\",\"@id\":\"https:\\\/\\\/lasentinelle.dz\\\/#\\\/schema\\\/person\\\/729ee0024f24e0b8c5ec17232f8e8b41\"},\"headline\":\"Assassinat d&rsquo;un jeune musulman dans une mosqu\u00e9e en France : Double standards, racisme et islamophobie mis \u00e0 nu\",\"datePublished\":\"2025-04-29T11:41:45+00:00\",\"dateModified\":\"2025-04-29T11:41:46+00:00\",\"mainEntityOfPage\":{\"@id\":\"https:\\\/\\\/lasentinelle.dz\\\/index.php\\\/2025\\\/04\\\/29\\\/assassinat-dun-jeune-musulman-dans-une-mosquee-en-france-double-standards-racisme-et-islamophobie-mis-a-nu\\\/\"},\"wordCount\":1010,\"commentCount\":0,\"publisher\":{\"@id\":\"https:\\\/\\\/lasentinelle.dz\\\/#organization\"},\"image\":{\"@id\":\"https:\\\/\\\/lasentinelle.dz\\\/index.php\\\/2025\\\/04\\\/29\\\/assassinat-dun-jeune-musulman-dans-une-mosquee-en-france-double-standards-racisme-et-islamophobie-mis-a-nu\\\/#primaryimage\"},\"thumbnailUrl\":\"https:\\\/\\\/lasentinelle.dz\\\/wp-content\\\/uploads\\\/2025\\\/01\\\/retailleau.avif\",\"articleSection\":[\"\u00c0 la Une\",\"Monde\"],\"inLanguage\":\"fr-FR\",\"potentialAction\":[{\"@type\":\"CommentAction\",\"name\":\"Comment\",\"target\":[\"https:\\\/\\\/lasentinelle.dz\\\/index.php\\\/2025\\\/04\\\/29\\\/assassinat-dun-jeune-musulman-dans-une-mosquee-en-france-double-standards-racisme-et-islamophobie-mis-a-nu\\\/#respond\"]}]},{\"@type\":\"WebPage\",\"@id\":\"https:\\\/\\\/lasentinelle.dz\\\/index.php\\\/2025\\\/04\\\/29\\\/assassinat-dun-jeune-musulman-dans-une-mosquee-en-france-double-standards-racisme-et-islamophobie-mis-a-nu\\\/\",\"url\":\"https:\\\/\\\/lasentinelle.dz\\\/index.php\\\/2025\\\/04\\\/29\\\/assassinat-dun-jeune-musulman-dans-une-mosquee-en-france-double-standards-racisme-et-islamophobie-mis-a-nu\\\/\",\"name\":\"Assassinat d&rsquo;un jeune musulman dans une mosqu\u00e9e en France : Double standards, racisme et islamophobie mis \u00e0 nu - La Sentinelle\",\"isPartOf\":{\"@id\":\"https:\\\/\\\/lasentinelle.dz\\\/#website\"},\"primaryImageOfPage\":{\"@id\":\"https:\\\/\\\/lasentinelle.dz\\\/index.php\\\/2025\\\/04\\\/29\\\/assassinat-dun-jeune-musulman-dans-une-mosquee-en-france-double-standards-racisme-et-islamophobie-mis-a-nu\\\/#primaryimage\"},\"image\":{\"@id\":\"https:\\\/\\\/lasentinelle.dz\\\/index.php\\\/2025\\\/04\\\/29\\\/assassinat-dun-jeune-musulman-dans-une-mosquee-en-france-double-standards-racisme-et-islamophobie-mis-a-nu\\\/#primaryimage\"},\"thumbnailUrl\":\"https:\\\/\\\/lasentinelle.dz\\\/wp-content\\\/uploads\\\/2025\\\/01\\\/retailleau.avif\",\"datePublished\":\"2025-04-29T11:41:45+00:00\",\"dateModified\":\"2025-04-29T11:41:46+00:00\",\"breadcrumb\":{\"@id\":\"https:\\\/\\\/lasentinelle.dz\\\/index.php\\\/2025\\\/04\\\/29\\\/assassinat-dun-jeune-musulman-dans-une-mosquee-en-france-double-standards-racisme-et-islamophobie-mis-a-nu\\\/#breadcrumb\"},\"inLanguage\":\"fr-FR\",\"potentialAction\":[{\"@type\":\"ReadAction\",\"target\":[\"https:\\\/\\\/lasentinelle.dz\\\/index.php\\\/2025\\\/04\\\/29\\\/assassinat-dun-jeune-musulman-dans-une-mosquee-en-france-double-standards-racisme-et-islamophobie-mis-a-nu\\\/\"]}]},{\"@type\":\"ImageObject\",\"inLanguage\":\"fr-FR\",\"@id\":\"https:\\\/\\\/lasentinelle.dz\\\/index.php\\\/2025\\\/04\\\/29\\\/assassinat-dun-jeune-musulman-dans-une-mosquee-en-france-double-standards-racisme-et-islamophobie-mis-a-nu\\\/#primaryimage\",\"url\":\"https:\\\/\\\/lasentinelle.dz\\\/wp-content\\\/uploads\\\/2025\\\/01\\\/retailleau.avif\",\"contentUrl\":\"https:\\\/\\\/lasentinelle.dz\\\/wp-content\\\/uploads\\\/2025\\\/01\\\/retailleau.avif\",\"width\":1280,\"height\":853},{\"@type\":\"BreadcrumbList\",\"@id\":\"https:\\\/\\\/lasentinelle.dz\\\/index.php\\\/2025\\\/04\\\/29\\\/assassinat-dun-jeune-musulman-dans-une-mosquee-en-france-double-standards-racisme-et-islamophobie-mis-a-nu\\\/#breadcrumb\",\"itemListElement\":[{\"@type\":\"ListItem\",\"position\":1,\"name\":\"Accueil\",\"item\":\"https:\\\/\\\/lasentinelle.dz\\\/\"},{\"@type\":\"ListItem\",\"position\":2,\"name\":\"Assassinat d&rsquo;un jeune musulman dans une mosqu\u00e9e en France : Double standards, racisme et islamophobie mis \u00e0 nu\"}]},{\"@type\":\"WebSite\",\"@id\":\"https:\\\/\\\/lasentinelle.dz\\\/#website\",\"url\":\"https:\\\/\\\/lasentinelle.dz\\\/\",\"name\":\"La Sentinelle\",\"description\":\"Quotidien national d&#039;information\",\"publisher\":{\"@id\":\"https:\\\/\\\/lasentinelle.dz\\\/#organization\"},\"potentialAction\":[{\"@type\":\"SearchAction\",\"target\":{\"@type\":\"EntryPoint\",\"urlTemplate\":\"https:\\\/\\\/lasentinelle.dz\\\/?s={search_term_string}\"},\"query-input\":{\"@type\":\"PropertyValueSpecification\",\"valueRequired\":true,\"valueName\":\"search_term_string\"}}],\"inLanguage\":\"fr-FR\"},{\"@type\":\"Organization\",\"@id\":\"https:\\\/\\\/lasentinelle.dz\\\/#organization\",\"name\":\"Quotidien La Sentinelle\",\"url\":\"https:\\\/\\\/lasentinelle.dz\\\/\",\"logo\":{\"@type\":\"ImageObject\",\"inLanguage\":\"fr-FR\",\"@id\":\"https:\\\/\\\/lasentinelle.dz\\\/#\\\/schema\\\/logo\\\/image\\\/\",\"url\":\"https:\\\/\\\/lasentinelle.dz\\\/wp-content\\\/uploads\\\/2021\\\/09\\\/logo-sentinelleSLOGAN-1.png\",\"contentUrl\":\"https:\\\/\\\/lasentinelle.dz\\\/wp-content\\\/uploads\\\/2021\\\/09\\\/logo-sentinelleSLOGAN-1.png\",\"width\":615,\"height\":142,\"caption\":\"Quotidien La Sentinelle\"},\"image\":{\"@id\":\"https:\\\/\\\/lasentinelle.dz\\\/#\\\/schema\\\/logo\\\/image\\\/\"},\"sameAs\":[\"https:\\\/\\\/www.facebook.com\\\/La-Sentinelle-104059864394773\"]},{\"@type\":\"Person\",\"@id\":\"https:\\\/\\\/lasentinelle.dz\\\/#\\\/schema\\\/person\\\/729ee0024f24e0b8c5ec17232f8e8b41\",\"name\":\"admin\",\"image\":{\"@type\":\"ImageObject\",\"inLanguage\":\"fr-FR\",\"@id\":\"https:\\\/\\\/secure.gravatar.com\\\/avatar\\\/4c81fed838786e9b53f540bf46533e750f5d292099ae3b66cfc6fb1982e29df7?s=96&d=mm&r=g\",\"url\":\"https:\\\/\\\/secure.gravatar.com\\\/avatar\\\/4c81fed838786e9b53f540bf46533e750f5d292099ae3b66cfc6fb1982e29df7?s=96&d=mm&r=g\",\"contentUrl\":\"https:\\\/\\\/secure.gravatar.com\\\/avatar\\\/4c81fed838786e9b53f540bf46533e750f5d292099ae3b66cfc6fb1982e29df7?s=96&d=mm&r=g\",\"caption\":\"admin\"},\"description\":\"admin\",\"url\":\"https:\\\/\\\/lasentinelle.dz\\\/author\\\/admin\\\/\"}]}<\/script>\n<!-- \/ Yoast SEO plugin. -->","yoast_head_json":{"title":"Assassinat d&rsquo;un jeune musulman dans une mosqu\u00e9e en France : Double standards, racisme et islamophobie mis \u00e0 nu - La Sentinelle","robots":{"index":"index","follow":"follow","max-snippet":"max-snippet:-1","max-image-preview":"max-image-preview:large","max-video-preview":"max-video-preview:-1"},"canonical":"https:\/\/lasentinelle.dz\/index.php\/2025\/04\/29\/assassinat-dun-jeune-musulman-dans-une-mosquee-en-france-double-standards-racisme-et-islamophobie-mis-a-nu\/","og_locale":"fr_FR","og_type":"article","og_title":"Assassinat d&rsquo;un jeune musulman dans une mosqu\u00e9e en France : Double standards, racisme et islamophobie mis \u00e0 nu - La Sentinelle","og_description":"Aboubakar Ciss\u00e9, un jeune Malien de 22 ans, a \u00e9t\u00e9 sauvagement assassin\u00e9 vendredi alors qu&rsquo;il priait seul dans une mosqu\u00e9e","og_url":"https:\/\/lasentinelle.dz\/index.php\/2025\/04\/29\/assassinat-dun-jeune-musulman-dans-une-mosquee-en-france-double-standards-racisme-et-islamophobie-mis-a-nu\/","og_site_name":"La Sentinelle","article_publisher":"https:\/\/www.facebook.com\/La-Sentinelle-104059864394773","article_published_time":"2025-04-29T11:41:45+00:00","article_modified_time":"2025-04-29T11:41:46+00:00","author":"admin","twitter_card":"summary_large_image","twitter_misc":{"\u00c9crit par":"admin","Dur\u00e9e de lecture estim\u00e9e":"5 minutes"},"schema":{"@context":"https:\/\/schema.org","@graph":[{"@type":"Article","@id":"https:\/\/lasentinelle.dz\/index.php\/2025\/04\/29\/assassinat-dun-jeune-musulman-dans-une-mosquee-en-france-double-standards-racisme-et-islamophobie-mis-a-nu\/#article","isPartOf":{"@id":"https:\/\/lasentinelle.dz\/index.php\/2025\/04\/29\/assassinat-dun-jeune-musulman-dans-une-mosquee-en-france-double-standards-racisme-et-islamophobie-mis-a-nu\/"},"author":{"name":"admin","@id":"https:\/\/lasentinelle.dz\/#\/schema\/person\/729ee0024f24e0b8c5ec17232f8e8b41"},"headline":"Assassinat d&rsquo;un jeune musulman dans une mosqu\u00e9e en France : Double standards, racisme et islamophobie mis \u00e0 nu","datePublished":"2025-04-29T11:41:45+00:00","dateModified":"2025-04-29T11:41:46+00:00","mainEntityOfPage":{"@id":"https:\/\/lasentinelle.dz\/index.php\/2025\/04\/29\/assassinat-dun-jeune-musulman-dans-une-mosquee-en-france-double-standards-racisme-et-islamophobie-mis-a-nu\/"},"wordCount":1010,"commentCount":0,"publisher":{"@id":"https:\/\/lasentinelle.dz\/#organization"},"image":{"@id":"https:\/\/lasentinelle.dz\/index.php\/2025\/04\/29\/assassinat-dun-jeune-musulman-dans-une-mosquee-en-france-double-standards-racisme-et-islamophobie-mis-a-nu\/#primaryimage"},"thumbnailUrl":"https:\/\/lasentinelle.dz\/wp-content\/uploads\/2025\/01\/retailleau.avif","articleSection":["\u00c0 la Une","Monde"],"inLanguage":"fr-FR","potentialAction":[{"@type":"CommentAction","name":"Comment","target":["https:\/\/lasentinelle.dz\/index.php\/2025\/04\/29\/assassinat-dun-jeune-musulman-dans-une-mosquee-en-france-double-standards-racisme-et-islamophobie-mis-a-nu\/#respond"]}]},{"@type":"WebPage","@id":"https:\/\/lasentinelle.dz\/index.php\/2025\/04\/29\/assassinat-dun-jeune-musulman-dans-une-mosquee-en-france-double-standards-racisme-et-islamophobie-mis-a-nu\/","url":"https:\/\/lasentinelle.dz\/index.php\/2025\/04\/29\/assassinat-dun-jeune-musulman-dans-une-mosquee-en-france-double-standards-racisme-et-islamophobie-mis-a-nu\/","name":"Assassinat d&rsquo;un jeune musulman dans une mosqu\u00e9e en France : Double standards, racisme et islamophobie mis \u00e0 nu - La Sentinelle","isPartOf":{"@id":"https:\/\/lasentinelle.dz\/#website"},"primaryImageOfPage":{"@id":"https:\/\/lasentinelle.dz\/index.php\/2025\/04\/29\/assassinat-dun-jeune-musulman-dans-une-mosquee-en-france-double-standards-racisme-et-islamophobie-mis-a-nu\/#primaryimage"},"image":{"@id":"https:\/\/lasentinelle.dz\/index.php\/2025\/04\/29\/assassinat-dun-jeune-musulman-dans-une-mosquee-en-france-double-standards-racisme-et-islamophobie-mis-a-nu\/#primaryimage"},"thumbnailUrl":"https:\/\/lasentinelle.dz\/wp-content\/uploads\/2025\/01\/retailleau.avif","datePublished":"2025-04-29T11:41:45+00:00","dateModified":"2025-04-29T11:41:46+00:00","breadcrumb":{"@id":"https:\/\/lasentinelle.dz\/index.php\/2025\/04\/29\/assassinat-dun-jeune-musulman-dans-une-mosquee-en-france-double-standards-racisme-et-islamophobie-mis-a-nu\/#breadcrumb"},"inLanguage":"fr-FR","potentialAction":[{"@type":"ReadAction","target":["https:\/\/lasentinelle.dz\/index.php\/2025\/04\/29\/assassinat-dun-jeune-musulman-dans-une-mosquee-en-france-double-standards-racisme-et-islamophobie-mis-a-nu\/"]}]},{"@type":"ImageObject","inLanguage":"fr-FR","@id":"https:\/\/lasentinelle.dz\/index.php\/2025\/04\/29\/assassinat-dun-jeune-musulman-dans-une-mosquee-en-france-double-standards-racisme-et-islamophobie-mis-a-nu\/#primaryimage","url":"https:\/\/lasentinelle.dz\/wp-content\/uploads\/2025\/01\/retailleau.avif","contentUrl":"https:\/\/lasentinelle.dz\/wp-content\/uploads\/2025\/01\/retailleau.avif","width":1280,"height":853},{"@type":"BreadcrumbList","@id":"https:\/\/lasentinelle.dz\/index.php\/2025\/04\/29\/assassinat-dun-jeune-musulman-dans-une-mosquee-en-france-double-standards-racisme-et-islamophobie-mis-a-nu\/#breadcrumb","itemListElement":[{"@type":"ListItem","position":1,"name":"Accueil","item":"https:\/\/lasentinelle.dz\/"},{"@type":"ListItem","position":2,"name":"Assassinat d&rsquo;un jeune musulman dans une mosqu\u00e9e en France : Double standards, racisme et islamophobie mis \u00e0 nu"}]},{"@type":"WebSite","@id":"https:\/\/lasentinelle.dz\/#website","url":"https:\/\/lasentinelle.dz\/","name":"La Sentinelle","description":"Quotidien national d&#039;information","publisher":{"@id":"https:\/\/lasentinelle.dz\/#organization"},"potentialAction":[{"@type":"SearchAction","target":{"@type":"EntryPoint","urlTemplate":"https:\/\/lasentinelle.dz\/?s={search_term_string}"},"query-input":{"@type":"PropertyValueSpecification","valueRequired":true,"valueName":"search_term_string"}}],"inLanguage":"fr-FR"},{"@type":"Organization","@id":"https:\/\/lasentinelle.dz\/#organization","name":"Quotidien La Sentinelle","url":"https:\/\/lasentinelle.dz\/","logo":{"@type":"ImageObject","inLanguage":"fr-FR","@id":"https:\/\/lasentinelle.dz\/#\/schema\/logo\/image\/","url":"https:\/\/lasentinelle.dz\/wp-content\/uploads\/2021\/09\/logo-sentinelleSLOGAN-1.png","contentUrl":"https:\/\/lasentinelle.dz\/wp-content\/uploads\/2021\/09\/logo-sentinelleSLOGAN-1.png","width":615,"height":142,"caption":"Quotidien La Sentinelle"},"image":{"@id":"https:\/\/lasentinelle.dz\/#\/schema\/logo\/image\/"},"sameAs":["https:\/\/www.facebook.com\/La-Sentinelle-104059864394773"]},{"@type":"Person","@id":"https:\/\/lasentinelle.dz\/#\/schema\/person\/729ee0024f24e0b8c5ec17232f8e8b41","name":"admin","image":{"@type":"ImageObject","inLanguage":"fr-FR","@id":"https:\/\/secure.gravatar.com\/avatar\/4c81fed838786e9b53f540bf46533e750f5d292099ae3b66cfc6fb1982e29df7?s=96&d=mm&r=g","url":"https:\/\/secure.gravatar.com\/avatar\/4c81fed838786e9b53f540bf46533e750f5d292099ae3b66cfc6fb1982e29df7?s=96&d=mm&r=g","contentUrl":"https:\/\/secure.gravatar.com\/avatar\/4c81fed838786e9b53f540bf46533e750f5d292099ae3b66cfc6fb1982e29df7?s=96&d=mm&r=g","caption":"admin"},"description":"admin","url":"https:\/\/lasentinelle.dz\/author\/admin\/"}]}},"_links":{"self":[{"href":"https:\/\/lasentinelle.dz\/index.php\/wp-json\/wp\/v2\/posts\/66619","targetHints":{"allow":["GET"]}}],"collection":[{"href":"https:\/\/lasentinelle.dz\/index.php\/wp-json\/wp\/v2\/posts"}],"about":[{"href":"https:\/\/lasentinelle.dz\/index.php\/wp-json\/wp\/v2\/types\/post"}],"author":[{"embeddable":true,"href":"https:\/\/lasentinelle.dz\/index.php\/wp-json\/wp\/v2\/users\/6"}],"replies":[{"embeddable":true,"href":"https:\/\/lasentinelle.dz\/index.php\/wp-json\/wp\/v2\/comments?post=66619"}],"version-history":[{"count":2,"href":"https:\/\/lasentinelle.dz\/index.php\/wp-json\/wp\/v2\/posts\/66619\/revisions"}],"predecessor-version":[{"id":66621,"href":"https:\/\/lasentinelle.dz\/index.php\/wp-json\/wp\/v2\/posts\/66619\/revisions\/66621"}],"wp:featuredmedia":[{"embeddable":true,"href":"https:\/\/lasentinelle.dz\/index.php\/wp-json\/wp\/v2\/media\/61641"}],"wp:attachment":[{"href":"https:\/\/lasentinelle.dz\/index.php\/wp-json\/wp\/v2\/media?parent=66619"}],"wp:term":[{"taxonomy":"category","embeddable":true,"href":"https:\/\/lasentinelle.dz\/index.php\/wp-json\/wp\/v2\/categories?post=66619"},{"taxonomy":"post_tag","embeddable":true,"href":"https:\/\/lasentinelle.dz\/index.php\/wp-json\/wp\/v2\/tags?post=66619"}],"curies":[{"name":"wp","href":"https:\/\/api.w.org\/{rel}","templated":true}]}}