{"id":66671,"date":"2025-04-30T11:48:00","date_gmt":"2025-04-30T10:48:00","guid":{"rendered":"https:\/\/lasentinelle.dz\/?p=66671"},"modified":"2025-05-03T11:49:23","modified_gmt":"2025-05-03T10:49:23","slug":"energie-et-mines-linde-la-bosnie-et-le-canada-affichent-leur-interet-pour-une-cooperation-renforcee-avec-lalgerie","status":"publish","type":"post","link":"https:\/\/lasentinelle.dz\/index.php\/2025\/04\/30\/energie-et-mines-linde-la-bosnie-et-le-canada-affichent-leur-interet-pour-une-cooperation-renforcee-avec-lalgerie\/","title":{"rendered":"\u00c9nergie et mines : L&rsquo;Inde, la Bosnie et le Canada affichent leur int\u00e9r\u00eat pour une coop\u00e9ration renforc\u00e9e avec l&rsquo;Alg\u00e9rie"},"content":{"rendered":"\n<p>Dans un contexte \u00e9nerg\u00e9tique mondial marqu\u00e9 par des mutations profondes et la recherche de partenariats strat\u00e9giques, l&rsquo;Alg\u00e9rie se positionne comme un acteur incontournable attirant l&rsquo;attention de plusieurs puissances \u00e9conomiques internationales. Dans ce contexte, le ministre d&rsquo;\u00c9tat, ministre de l&rsquo;\u00c9nergie, des Mines et des \u00c9nergies renouvelables, Mohamed Arkab, a encha\u00een\u00e9 une s\u00e9rie de rencontres diplomatiques de haut niveau avec les repr\u00e9sentants de l&rsquo;Inde, de la Bosnie-Herz\u00e9govine et du Canada, t\u00e9moignant de l&rsquo;attractivit\u00e9 croissante du secteur \u00e9nerg\u00e9tique alg\u00e9rien. Ces entretiens s&rsquo;inscrivent dans le cadre de la nouvelle politique visant \u00e0 diversifier ses partenariats, \u00e0 attirer les investissements \u00e9trangers et \u00e0 valoriser ses ressources naturelles consid\u00e9rables. Le cadre l\u00e9gislatif r\u00e9nov\u00e9, notamment \u00e0 travers les nouvelles lois sur l&rsquo;investissement, les hydrocarbures et les mines, constitue d\u00e9sormais un socle solide pour l&rsquo;\u00e9tablissement de relations \u00e9conomiques durables et mutuellement b\u00e9n\u00e9fiques.<\/p>\n\n\n\n<p><strong>Des relations privil\u00e9gi\u00e9es avec l&rsquo;Inde<\/strong><\/p>\n\n\n\n<p>La rencontre avec l&rsquo;ambassadrice de l&rsquo;Inde en Alg\u00e9rie, Swati Vijay Kulkarni, tenue lundi dernier au si\u00e8ge du minist\u00e8re, s&rsquo;inscrit dans la dynamique positive qui caract\u00e9rise les relations alg\u00e9ro-indiennes, particuli\u00e8rement depuis la visite d&rsquo;\u00c9tat effectu\u00e9e par la pr\u00e9sidente indienne Droupadi Murmu en Alg\u00e9rie en octobre 2024. Cette visite avait d\u00e9j\u00e0 marqu\u00e9 la volont\u00e9 commune d&rsquo;approfondir le partenariat \u00e9conomique et d&rsquo;en \u00e9largir les perspectives. Lors de cet entretien, Mohamed Arkab a pr\u00e9sent\u00e9 un expos\u00e9 d\u00e9taill\u00e9 sur les programmes de d\u00e9veloppement du secteur \u00e9nerg\u00e9tique alg\u00e9rien, mettant en exergue les vastes opportunit\u00e9s d&rsquo;investissement disponibles, notamment dans les domaines de l&rsquo;exploration et de la production des hydrocarbures, le d\u00e9veloppement des infrastructures \u00e9nerg\u00e9tiques, l&rsquo;ing\u00e9nierie, la localisation de l&rsquo;industrie des \u00e9quipements p\u00e9troliers et gaziers, ainsi que la commercialisation du p\u00e9trole, du gaz et des produits p\u00e9troliers. Le ministre a par ailleurs exprim\u00e9 le souhait de voir les entreprises indiennes contribuer activement \u00e0 la r\u00e9alisation et au d\u00e9veloppement des m\u00e9gaprojets en cours et futurs dans plusieurs secteurs strat\u00e9giques, avec un accent particulier sur la p\u00e9trochimie (production d&rsquo;engrais et transformation des phosphates), les \u00e9nergies renouvelables, le renforcement des r\u00e9seaux \u00e9lectriques et la fabrication d&rsquo;\u00e9quipements \u00e9lectriques. \u00c0 l&rsquo;issue de cette rencontre productive, les deux parties sont convenues de renforcer leur coordination et leur action commune pour d\u00e9finir et suivre efficacement les projets de coop\u00e9ration bilat\u00e9rale de mani\u00e8re durable.<\/p>\n\n\n\n<p><strong>La Bosnie-Herz\u00e9govine: un partenariat qui se consolide<\/strong><\/p>\n\n\n\n<p>Parall\u00e8lement, Mohamed Arkab a re\u00e7u l&rsquo;ambassadrice de la R\u00e9publique de Bosnie-Herz\u00e9govine, Bojana Kondic Panic, pour examiner les perspectives de coop\u00e9ration bilat\u00e9rale dans les domaines \u00e9nerg\u00e9tiques. Cette rencontre a permis de passer en revue l&rsquo;\u00e9tat des relations de coop\u00e9ration entre l&rsquo;Alg\u00e9rie et la Bosnie-Herz\u00e9govine, notamment dans les secteurs de l&rsquo;\u00e9nergie, des mines et des \u00e9nergies renouvelables. Les deux parties ont explor\u00e9 les opportunit\u00e9s d&rsquo;investissement conjoint dans les domaines des mines et des industries manufacturi\u00e8res connexes, ainsi que les projets d&rsquo;\u00e9nergies renouvelables, l&rsquo;\u00e9change d&rsquo;exp\u00e9riences et d&rsquo;expertises, et la formation technique. \u00c0 cet \u00e9gard, elles ont r\u00e9affirm\u00e9 leur engagement \u00e0 poursuivre le renforcement du partenariat \u00e9conomique strat\u00e9gique entre les deux nations, \u00e0 travers des projets concrets contribuant \u00e0 la r\u00e9alisation des int\u00e9r\u00eats \u00e9conomiques communs. Il convient de rappeler que lors de la rencontre du 5 f\u00e9vrier dernier entre M. Arkab et son homologue bosnien, il avait \u00e9t\u00e9 convenu d&rsquo;\u00e9largir la coop\u00e9ration bilat\u00e9rale pour inclure les domaines du gaz naturel liqu\u00e9fi\u00e9 (GNL), de l&rsquo;\u00e9lectricit\u00e9, des \u00e9nergies renouvelables, de l&rsquo;hydrog\u00e8ne vert et de l&rsquo;industrie \u00e9lectrique. Cette visite avait permis \u00e0 la d\u00e9l\u00e9gation bosnienne d&rsquo;effectuer des visites techniques sur les sites des groupes Sonelgaz et Sonatrach, t\u00e9moignant d&rsquo;une volont\u00e9 commune d&rsquo;\u00e9tablir un partenariat \u00e9conomique solide et durable.<\/p>\n\n\n\n<p><strong>Le Canada mise sur le potentiel minier et \u00e9nerg\u00e9tique alg\u00e9rien<\/strong><\/p>\n\n\n\n<p>Compl\u00e9tant cette intense activit\u00e9 diplomatique, le ministre d&rsquo;\u00c9tat a re\u00e7u mardi 29 avril 2025 l&rsquo;ambassadrice du Canada en Alg\u00e9rie, Robin Lyn Whitlaufer, en pr\u00e9sence du secr\u00e9taire d&rsquo;\u00c9tat charg\u00e9 des \u00c9nergies renouvelables, Noureddine Yasaa, et des cadres du minist\u00e8re. Cette rencontre a \u00e9t\u00e9 consacr\u00e9e \u00e0 l&rsquo;\u00e9change de vues sur les moyens de renforcer la coop\u00e9ration bilat\u00e9rale entre l&rsquo;Alg\u00e9rie et le Canada dans les domaines de l&rsquo;\u00e9nergie, des mines et des \u00e9nergies renouvelables, ainsi qu&rsquo;\u00e0 l&rsquo;exploration des opportunit\u00e9s d&rsquo;investissement futur et \u00e0 l&rsquo;\u00e9largissement des partenariats entre les institutions \u00e9conomiques des deux pays.<\/p>\n\n\n\n<p>\u00c0 cette occasion, M. Arkab a pr\u00e9sent\u00e9 les r\u00e9formes adopt\u00e9es par l&rsquo;Alg\u00e9rie, notamment \u00e0 travers les nouvelles l\u00e9gislations relatives \u00e0 l&rsquo;investissement, aux hydrocarbures et aux mines, soulignant que ces cadres l\u00e9gislatifs constituent un support important pour attirer les investissements et faciliter l&rsquo;acc\u00e8s des op\u00e9rateurs \u00e9trangers au march\u00e9 alg\u00e9rien. Dans ce contexte, le ministre a invit\u00e9 les entreprises canadiennes \u00e0 saisir les opportunit\u00e9s disponibles, particuli\u00e8rement dans les domaines de l&rsquo;exploration, de la production et de la transformation des hydrocarbures, de l&rsquo;industrie \u00e9nerg\u00e9tique, du dessalement de l&rsquo;eau de mer, et de la localisation de l&rsquo;industrie des \u00e9quipements connexes.<\/p>\n\n\n\n<p>Les deux parties ont \u00e9galement examin\u00e9 les possibilit\u00e9s de coop\u00e9ration dans le secteur minier, sp\u00e9cialement dans les domaines des \u00e9tudes g\u00e9ologiques, de la cartographie, et de l&rsquo;exploitation et la transformation des ressources min\u00e9rales, avec un accent mis sur les min\u00e9raux strat\u00e9giques et critiques. Le ministre a exprim\u00e9 le souhait de l&rsquo;Alg\u00e9rie de b\u00e9n\u00e9ficier de l&rsquo;expertise canadienne de pointe dans ce domaine, le Canada \u00e9tant reconnu comme l&rsquo;un des acteurs les plus importants de l&rsquo;industrie mini\u00e8re mondiale.<\/p>\n\n\n\n<p>En ce qui concerne les \u00e9nergies renouvelables, les deux parties ont discut\u00e9 des moyens de d\u00e9velopper des projets communs dans les domaines de l&rsquo;\u00e9nergie \u00e9olienne, du stockage d&rsquo;\u00e9nergie, des solutions techniques modernes, et du d\u00e9veloppement de l&rsquo;hydrog\u00e8ne vert, ainsi que de la formation, du transfert de technologie et du d\u00e9veloppement des capacit\u00e9s humaines. \u00c0 l&rsquo;issue de cette rencontre, les deux parties ont confirm\u00e9 l&rsquo;existence de perspectives prometteuses pour renforcer le partenariat \u00e9conomique entre l&rsquo;Alg\u00e9rie et le Canada, et ont convenu de la n\u00e9cessit\u00e9 de poursuivre la coordination et le travail commun pour concr\u00e9tiser des projets tangibles servant les int\u00e9r\u00eats mutuels des deux pays.<\/p>\n\n\n\n<p>Cette s\u00e9rie de rencontres diplomatiques illustre la strat\u00e9gie proactive de l&rsquo;Alg\u00e9rie visant \u00e0 diversifier ses partenariats internationaux et \u00e0 optimiser l&rsquo;exploitation de ses ressources naturelles consid\u00e9rables, tout en s&rsquo;inscrivant dans la transition \u00e9nerg\u00e9tique mondiale.<\/p>\n\n\n\n<p>Amar Malki<\/p>\n","protected":false},"excerpt":{"rendered":"<p>Dans un contexte \u00e9nerg\u00e9tique mondial marqu\u00e9 par des mutations profondes et la recherche de partenariats strat\u00e9giques, l&rsquo;Alg\u00e9rie se positionne comme<\/p>\n","protected":false},"author":6,"featured_media":66672,"comment_status":"open","ping_status":"closed","sticky":false,"template":"","format":"standard","meta":{"colormag_page_container_layout":"default_layout","colormag_page_sidebar_layout":"default_layout","om_disable_all_campaigns":false,"_monsterinsights_skip_tracking":false,"_monsterinsights_sitenote_active":false,"_monsterinsights_sitenote_note":"","_monsterinsights_sitenote_category":0,"footnotes":"","_wpscppro_dont_share_socialmedia":false,"_wpscppro_custom_social_share_image":0,"_facebook_share_type":"default","_twitter_share_type":"default","_linkedin_share_type":"default","_pinterest_share_type":"default","_linkedin_share_type_page":"","_instagram_share_type":"default","_medium_share_type":"default","_threads_share_type":"","_google_business_share_type":"","_selected_social_profile":[],"_wpsp_enable_custom_social_template":false,"_wpsp_social_scheduling":{"enabled":false,"datetime":null,"platforms":[],"status":"template_only","dateOption":"today","timeOption":"now","customDays":"","customHours":"","customDate":"","customTime":"","schedulingType":"absolute"},"_wpsp_active_default_template":true},"categories":[29],"tags":[],"class_list":["post-66671","post","type-post","status-publish","format-standard","has-post-thumbnail","hentry","category-economie"],"aioseo_notices":[],"yoast_head":"<!-- This site is optimized with the Yoast SEO plugin v27.5 - https:\/\/yoast.com\/product\/yoast-seo-wordpress\/ -->\n<title>\u00c9nergie et mines : L&rsquo;Inde, la Bosnie et le Canada affichent leur int\u00e9r\u00eat pour une coop\u00e9ration renforc\u00e9e avec l&rsquo;Alg\u00e9rie - La Sentinelle<\/title>\n<meta name=\"robots\" content=\"index, follow, max-snippet:-1, max-image-preview:large, max-video-preview:-1\" \/>\n<link rel=\"canonical\" href=\"https:\/\/lasentinelle.dz\/index.php\/2025\/04\/30\/energie-et-mines-linde-la-bosnie-et-le-canada-affichent-leur-interet-pour-une-cooperation-renforcee-avec-lalgerie\/\" \/>\n<meta property=\"og:locale\" content=\"fr_FR\" \/>\n<meta property=\"og:type\" content=\"article\" \/>\n<meta property=\"og:title\" content=\"\u00c9nergie et mines : L&rsquo;Inde, la Bosnie et le Canada affichent leur int\u00e9r\u00eat pour une coop\u00e9ration renforc\u00e9e avec l&rsquo;Alg\u00e9rie - La Sentinelle\" \/>\n<meta property=\"og:description\" content=\"Dans un contexte \u00e9nerg\u00e9tique mondial marqu\u00e9 par des mutations profondes et la recherche de partenariats strat\u00e9giques, l&rsquo;Alg\u00e9rie se positionne comme\" \/>\n<meta property=\"og:url\" content=\"https:\/\/lasentinelle.dz\/index.php\/2025\/04\/30\/energie-et-mines-linde-la-bosnie-et-le-canada-affichent-leur-interet-pour-une-cooperation-renforcee-avec-lalgerie\/\" \/>\n<meta property=\"og:site_name\" content=\"La Sentinelle\" \/>\n<meta property=\"article:publisher\" content=\"https:\/\/www.facebook.com\/La-Sentinelle-104059864394773\" \/>\n<meta property=\"article:published_time\" content=\"2025-04-30T10:48:00+00:00\" \/>\n<meta property=\"article:modified_time\" content=\"2025-05-03T10:49:23+00:00\" \/>\n<meta property=\"og:image\" content=\"https:\/\/lasentinelle.dz\/wp-content\/uploads\/2025\/05\/494315399_1010215657919864_163337955427781417_n.jpg\" \/>\n\t<meta property=\"og:image:width\" content=\"2048\" \/>\n\t<meta property=\"og:image:height\" content=\"1280\" \/>\n\t<meta property=\"og:image:type\" content=\"image\/jpeg\" \/>\n<meta name=\"author\" content=\"admin\" \/>\n<meta name=\"twitter:card\" content=\"summary_large_image\" \/>\n<meta name=\"twitter:label1\" content=\"\u00c9crit par\" \/>\n\t<meta name=\"twitter:data1\" content=\"admin\" \/>\n\t<meta name=\"twitter:label2\" content=\"Dur\u00e9e de lecture estim\u00e9e\" \/>\n\t<meta name=\"twitter:data2\" content=\"6 minutes\" \/>\n<script type=\"application\/ld+json\" class=\"yoast-schema-graph\">{\"@context\":\"https:\\\/\\\/schema.org\",\"@graph\":[{\"@type\":\"Article\",\"@id\":\"https:\\\/\\\/lasentinelle.dz\\\/index.php\\\/2025\\\/04\\\/30\\\/energie-et-mines-linde-la-bosnie-et-le-canada-affichent-leur-interet-pour-une-cooperation-renforcee-avec-lalgerie\\\/#article\",\"isPartOf\":{\"@id\":\"https:\\\/\\\/lasentinelle.dz\\\/index.php\\\/2025\\\/04\\\/30\\\/energie-et-mines-linde-la-bosnie-et-le-canada-affichent-leur-interet-pour-une-cooperation-renforcee-avec-lalgerie\\\/\"},\"author\":{\"name\":\"admin\",\"@id\":\"https:\\\/\\\/lasentinelle.dz\\\/#\\\/schema\\\/person\\\/729ee0024f24e0b8c5ec17232f8e8b41\"},\"headline\":\"\u00c9nergie et mines : L&rsquo;Inde, la Bosnie et le Canada affichent leur int\u00e9r\u00eat pour une coop\u00e9ration renforc\u00e9e avec l&rsquo;Alg\u00e9rie\",\"datePublished\":\"2025-04-30T10:48:00+00:00\",\"dateModified\":\"2025-05-03T10:49:23+00:00\",\"mainEntityOfPage\":{\"@id\":\"https:\\\/\\\/lasentinelle.dz\\\/index.php\\\/2025\\\/04\\\/30\\\/energie-et-mines-linde-la-bosnie-et-le-canada-affichent-leur-interet-pour-une-cooperation-renforcee-avec-lalgerie\\\/\"},\"wordCount\":1176,\"commentCount\":0,\"publisher\":{\"@id\":\"https:\\\/\\\/lasentinelle.dz\\\/#organization\"},\"image\":{\"@id\":\"https:\\\/\\\/lasentinelle.dz\\\/index.php\\\/2025\\\/04\\\/30\\\/energie-et-mines-linde-la-bosnie-et-le-canada-affichent-leur-interet-pour-une-cooperation-renforcee-avec-lalgerie\\\/#primaryimage\"},\"thumbnailUrl\":\"https:\\\/\\\/lasentinelle.dz\\\/wp-content\\\/uploads\\\/2025\\\/05\\\/494315399_1010215657919864_163337955427781417_n.jpg\",\"articleSection\":[\"\u00c9conomie\"],\"inLanguage\":\"fr-FR\",\"potentialAction\":[{\"@type\":\"CommentAction\",\"name\":\"Comment\",\"target\":[\"https:\\\/\\\/lasentinelle.dz\\\/index.php\\\/2025\\\/04\\\/30\\\/energie-et-mines-linde-la-bosnie-et-le-canada-affichent-leur-interet-pour-une-cooperation-renforcee-avec-lalgerie\\\/#respond\"]}]},{\"@type\":\"WebPage\",\"@id\":\"https:\\\/\\\/lasentinelle.dz\\\/index.php\\\/2025\\\/04\\\/30\\\/energie-et-mines-linde-la-bosnie-et-le-canada-affichent-leur-interet-pour-une-cooperation-renforcee-avec-lalgerie\\\/\",\"url\":\"https:\\\/\\\/lasentinelle.dz\\\/index.php\\\/2025\\\/04\\\/30\\\/energie-et-mines-linde-la-bosnie-et-le-canada-affichent-leur-interet-pour-une-cooperation-renforcee-avec-lalgerie\\\/\",\"name\":\"\u00c9nergie et mines : L&rsquo;Inde, la Bosnie et le Canada affichent leur int\u00e9r\u00eat pour une coop\u00e9ration renforc\u00e9e avec l&rsquo;Alg\u00e9rie - La Sentinelle\",\"isPartOf\":{\"@id\":\"https:\\\/\\\/lasentinelle.dz\\\/#website\"},\"primaryImageOfPage\":{\"@id\":\"https:\\\/\\\/lasentinelle.dz\\\/index.php\\\/2025\\\/04\\\/30\\\/energie-et-mines-linde-la-bosnie-et-le-canada-affichent-leur-interet-pour-une-cooperation-renforcee-avec-lalgerie\\\/#primaryimage\"},\"image\":{\"@id\":\"https:\\\/\\\/lasentinelle.dz\\\/index.php\\\/2025\\\/04\\\/30\\\/energie-et-mines-linde-la-bosnie-et-le-canada-affichent-leur-interet-pour-une-cooperation-renforcee-avec-lalgerie\\\/#primaryimage\"},\"thumbnailUrl\":\"https:\\\/\\\/lasentinelle.dz\\\/wp-content\\\/uploads\\\/2025\\\/05\\\/494315399_1010215657919864_163337955427781417_n.jpg\",\"datePublished\":\"2025-04-30T10:48:00+00:00\",\"dateModified\":\"2025-05-03T10:49:23+00:00\",\"breadcrumb\":{\"@id\":\"https:\\\/\\\/lasentinelle.dz\\\/index.php\\\/2025\\\/04\\\/30\\\/energie-et-mines-linde-la-bosnie-et-le-canada-affichent-leur-interet-pour-une-cooperation-renforcee-avec-lalgerie\\\/#breadcrumb\"},\"inLanguage\":\"fr-FR\",\"potentialAction\":[{\"@type\":\"ReadAction\",\"target\":[\"https:\\\/\\\/lasentinelle.dz\\\/index.php\\\/2025\\\/04\\\/30\\\/energie-et-mines-linde-la-bosnie-et-le-canada-affichent-leur-interet-pour-une-cooperation-renforcee-avec-lalgerie\\\/\"]}]},{\"@type\":\"ImageObject\",\"inLanguage\":\"fr-FR\",\"@id\":\"https:\\\/\\\/lasentinelle.dz\\\/index.php\\\/2025\\\/04\\\/30\\\/energie-et-mines-linde-la-bosnie-et-le-canada-affichent-leur-interet-pour-une-cooperation-renforcee-avec-lalgerie\\\/#primaryimage\",\"url\":\"https:\\\/\\\/lasentinelle.dz\\\/wp-content\\\/uploads\\\/2025\\\/05\\\/494315399_1010215657919864_163337955427781417_n.jpg\",\"contentUrl\":\"https:\\\/\\\/lasentinelle.dz\\\/wp-content\\\/uploads\\\/2025\\\/05\\\/494315399_1010215657919864_163337955427781417_n.jpg\",\"width\":2048,\"height\":1280},{\"@type\":\"BreadcrumbList\",\"@id\":\"https:\\\/\\\/lasentinelle.dz\\\/index.php\\\/2025\\\/04\\\/30\\\/energie-et-mines-linde-la-bosnie-et-le-canada-affichent-leur-interet-pour-une-cooperation-renforcee-avec-lalgerie\\\/#breadcrumb\",\"itemListElement\":[{\"@type\":\"ListItem\",\"position\":1,\"name\":\"Accueil\",\"item\":\"https:\\\/\\\/lasentinelle.dz\\\/\"},{\"@type\":\"ListItem\",\"position\":2,\"name\":\"\u00c9nergie et mines : L&rsquo;Inde, la Bosnie et le Canada affichent leur int\u00e9r\u00eat pour une coop\u00e9ration renforc\u00e9e avec l&rsquo;Alg\u00e9rie\"}]},{\"@type\":\"WebSite\",\"@id\":\"https:\\\/\\\/lasentinelle.dz\\\/#website\",\"url\":\"https:\\\/\\\/lasentinelle.dz\\\/\",\"name\":\"La Sentinelle\",\"description\":\"Quotidien national d&#039;information\",\"publisher\":{\"@id\":\"https:\\\/\\\/lasentinelle.dz\\\/#organization\"},\"potentialAction\":[{\"@type\":\"SearchAction\",\"target\":{\"@type\":\"EntryPoint\",\"urlTemplate\":\"https:\\\/\\\/lasentinelle.dz\\\/?s={search_term_string}\"},\"query-input\":{\"@type\":\"PropertyValueSpecification\",\"valueRequired\":true,\"valueName\":\"search_term_string\"}}],\"inLanguage\":\"fr-FR\"},{\"@type\":\"Organization\",\"@id\":\"https:\\\/\\\/lasentinelle.dz\\\/#organization\",\"name\":\"Quotidien La Sentinelle\",\"url\":\"https:\\\/\\\/lasentinelle.dz\\\/\",\"logo\":{\"@type\":\"ImageObject\",\"inLanguage\":\"fr-FR\",\"@id\":\"https:\\\/\\\/lasentinelle.dz\\\/#\\\/schema\\\/logo\\\/image\\\/\",\"url\":\"https:\\\/\\\/lasentinelle.dz\\\/wp-content\\\/uploads\\\/2021\\\/09\\\/logo-sentinelleSLOGAN-1.png\",\"contentUrl\":\"https:\\\/\\\/lasentinelle.dz\\\/wp-content\\\/uploads\\\/2021\\\/09\\\/logo-sentinelleSLOGAN-1.png\",\"width\":615,\"height\":142,\"caption\":\"Quotidien La Sentinelle\"},\"image\":{\"@id\":\"https:\\\/\\\/lasentinelle.dz\\\/#\\\/schema\\\/logo\\\/image\\\/\"},\"sameAs\":[\"https:\\\/\\\/www.facebook.com\\\/La-Sentinelle-104059864394773\"]},{\"@type\":\"Person\",\"@id\":\"https:\\\/\\\/lasentinelle.dz\\\/#\\\/schema\\\/person\\\/729ee0024f24e0b8c5ec17232f8e8b41\",\"name\":\"admin\",\"image\":{\"@type\":\"ImageObject\",\"inLanguage\":\"fr-FR\",\"@id\":\"https:\\\/\\\/secure.gravatar.com\\\/avatar\\\/4c81fed838786e9b53f540bf46533e750f5d292099ae3b66cfc6fb1982e29df7?s=96&d=mm&r=g\",\"url\":\"https:\\\/\\\/secure.gravatar.com\\\/avatar\\\/4c81fed838786e9b53f540bf46533e750f5d292099ae3b66cfc6fb1982e29df7?s=96&d=mm&r=g\",\"contentUrl\":\"https:\\\/\\\/secure.gravatar.com\\\/avatar\\\/4c81fed838786e9b53f540bf46533e750f5d292099ae3b66cfc6fb1982e29df7?s=96&d=mm&r=g\",\"caption\":\"admin\"},\"description\":\"admin\",\"url\":\"https:\\\/\\\/lasentinelle.dz\\\/author\\\/admin\\\/\"}]}<\/script>\n<!-- \/ Yoast SEO plugin. -->","yoast_head_json":{"title":"\u00c9nergie et mines : L&rsquo;Inde, la Bosnie et le Canada affichent leur int\u00e9r\u00eat pour une coop\u00e9ration renforc\u00e9e avec l&rsquo;Alg\u00e9rie - La Sentinelle","robots":{"index":"index","follow":"follow","max-snippet":"max-snippet:-1","max-image-preview":"max-image-preview:large","max-video-preview":"max-video-preview:-1"},"canonical":"https:\/\/lasentinelle.dz\/index.php\/2025\/04\/30\/energie-et-mines-linde-la-bosnie-et-le-canada-affichent-leur-interet-pour-une-cooperation-renforcee-avec-lalgerie\/","og_locale":"fr_FR","og_type":"article","og_title":"\u00c9nergie et mines : L&rsquo;Inde, la Bosnie et le Canada affichent leur int\u00e9r\u00eat pour une coop\u00e9ration renforc\u00e9e avec l&rsquo;Alg\u00e9rie - La Sentinelle","og_description":"Dans un contexte \u00e9nerg\u00e9tique mondial marqu\u00e9 par des mutations profondes et la recherche de partenariats strat\u00e9giques, l&rsquo;Alg\u00e9rie se positionne comme","og_url":"https:\/\/lasentinelle.dz\/index.php\/2025\/04\/30\/energie-et-mines-linde-la-bosnie-et-le-canada-affichent-leur-interet-pour-une-cooperation-renforcee-avec-lalgerie\/","og_site_name":"La Sentinelle","article_publisher":"https:\/\/www.facebook.com\/La-Sentinelle-104059864394773","article_published_time":"2025-04-30T10:48:00+00:00","article_modified_time":"2025-05-03T10:49:23+00:00","og_image":[{"width":2048,"height":1280,"url":"https:\/\/lasentinelle.dz\/wp-content\/uploads\/2025\/05\/494315399_1010215657919864_163337955427781417_n.jpg","type":"image\/jpeg"}],"author":"admin","twitter_card":"summary_large_image","twitter_misc":{"\u00c9crit par":"admin","Dur\u00e9e de lecture estim\u00e9e":"6 minutes"},"schema":{"@context":"https:\/\/schema.org","@graph":[{"@type":"Article","@id":"https:\/\/lasentinelle.dz\/index.php\/2025\/04\/30\/energie-et-mines-linde-la-bosnie-et-le-canada-affichent-leur-interet-pour-une-cooperation-renforcee-avec-lalgerie\/#article","isPartOf":{"@id":"https:\/\/lasentinelle.dz\/index.php\/2025\/04\/30\/energie-et-mines-linde-la-bosnie-et-le-canada-affichent-leur-interet-pour-une-cooperation-renforcee-avec-lalgerie\/"},"author":{"name":"admin","@id":"https:\/\/lasentinelle.dz\/#\/schema\/person\/729ee0024f24e0b8c5ec17232f8e8b41"},"headline":"\u00c9nergie et mines : L&rsquo;Inde, la Bosnie et le Canada affichent leur int\u00e9r\u00eat pour une coop\u00e9ration renforc\u00e9e avec l&rsquo;Alg\u00e9rie","datePublished":"2025-04-30T10:48:00+00:00","dateModified":"2025-05-03T10:49:23+00:00","mainEntityOfPage":{"@id":"https:\/\/lasentinelle.dz\/index.php\/2025\/04\/30\/energie-et-mines-linde-la-bosnie-et-le-canada-affichent-leur-interet-pour-une-cooperation-renforcee-avec-lalgerie\/"},"wordCount":1176,"commentCount":0,"publisher":{"@id":"https:\/\/lasentinelle.dz\/#organization"},"image":{"@id":"https:\/\/lasentinelle.dz\/index.php\/2025\/04\/30\/energie-et-mines-linde-la-bosnie-et-le-canada-affichent-leur-interet-pour-une-cooperation-renforcee-avec-lalgerie\/#primaryimage"},"thumbnailUrl":"https:\/\/lasentinelle.dz\/wp-content\/uploads\/2025\/05\/494315399_1010215657919864_163337955427781417_n.jpg","articleSection":["\u00c9conomie"],"inLanguage":"fr-FR","potentialAction":[{"@type":"CommentAction","name":"Comment","target":["https:\/\/lasentinelle.dz\/index.php\/2025\/04\/30\/energie-et-mines-linde-la-bosnie-et-le-canada-affichent-leur-interet-pour-une-cooperation-renforcee-avec-lalgerie\/#respond"]}]},{"@type":"WebPage","@id":"https:\/\/lasentinelle.dz\/index.php\/2025\/04\/30\/energie-et-mines-linde-la-bosnie-et-le-canada-affichent-leur-interet-pour-une-cooperation-renforcee-avec-lalgerie\/","url":"https:\/\/lasentinelle.dz\/index.php\/2025\/04\/30\/energie-et-mines-linde-la-bosnie-et-le-canada-affichent-leur-interet-pour-une-cooperation-renforcee-avec-lalgerie\/","name":"\u00c9nergie et mines : L&rsquo;Inde, la Bosnie et le Canada affichent leur int\u00e9r\u00eat pour une coop\u00e9ration renforc\u00e9e avec l&rsquo;Alg\u00e9rie - La Sentinelle","isPartOf":{"@id":"https:\/\/lasentinelle.dz\/#website"},"primaryImageOfPage":{"@id":"https:\/\/lasentinelle.dz\/index.php\/2025\/04\/30\/energie-et-mines-linde-la-bosnie-et-le-canada-affichent-leur-interet-pour-une-cooperation-renforcee-avec-lalgerie\/#primaryimage"},"image":{"@id":"https:\/\/lasentinelle.dz\/index.php\/2025\/04\/30\/energie-et-mines-linde-la-bosnie-et-le-canada-affichent-leur-interet-pour-une-cooperation-renforcee-avec-lalgerie\/#primaryimage"},"thumbnailUrl":"https:\/\/lasentinelle.dz\/wp-content\/uploads\/2025\/05\/494315399_1010215657919864_163337955427781417_n.jpg","datePublished":"2025-04-30T10:48:00+00:00","dateModified":"2025-05-03T10:49:23+00:00","breadcrumb":{"@id":"https:\/\/lasentinelle.dz\/index.php\/2025\/04\/30\/energie-et-mines-linde-la-bosnie-et-le-canada-affichent-leur-interet-pour-une-cooperation-renforcee-avec-lalgerie\/#breadcrumb"},"inLanguage":"fr-FR","potentialAction":[{"@type":"ReadAction","target":["https:\/\/lasentinelle.dz\/index.php\/2025\/04\/30\/energie-et-mines-linde-la-bosnie-et-le-canada-affichent-leur-interet-pour-une-cooperation-renforcee-avec-lalgerie\/"]}]},{"@type":"ImageObject","inLanguage":"fr-FR","@id":"https:\/\/lasentinelle.dz\/index.php\/2025\/04\/30\/energie-et-mines-linde-la-bosnie-et-le-canada-affichent-leur-interet-pour-une-cooperation-renforcee-avec-lalgerie\/#primaryimage","url":"https:\/\/lasentinelle.dz\/wp-content\/uploads\/2025\/05\/494315399_1010215657919864_163337955427781417_n.jpg","contentUrl":"https:\/\/lasentinelle.dz\/wp-content\/uploads\/2025\/05\/494315399_1010215657919864_163337955427781417_n.jpg","width":2048,"height":1280},{"@type":"BreadcrumbList","@id":"https:\/\/lasentinelle.dz\/index.php\/2025\/04\/30\/energie-et-mines-linde-la-bosnie-et-le-canada-affichent-leur-interet-pour-une-cooperation-renforcee-avec-lalgerie\/#breadcrumb","itemListElement":[{"@type":"ListItem","position":1,"name":"Accueil","item":"https:\/\/lasentinelle.dz\/"},{"@type":"ListItem","position":2,"name":"\u00c9nergie et mines : L&rsquo;Inde, la Bosnie et le Canada affichent leur int\u00e9r\u00eat pour une coop\u00e9ration renforc\u00e9e avec l&rsquo;Alg\u00e9rie"}]},{"@type":"WebSite","@id":"https:\/\/lasentinelle.dz\/#website","url":"https:\/\/lasentinelle.dz\/","name":"La Sentinelle","description":"Quotidien national d&#039;information","publisher":{"@id":"https:\/\/lasentinelle.dz\/#organization"},"potentialAction":[{"@type":"SearchAction","target":{"@type":"EntryPoint","urlTemplate":"https:\/\/lasentinelle.dz\/?s={search_term_string}"},"query-input":{"@type":"PropertyValueSpecification","valueRequired":true,"valueName":"search_term_string"}}],"inLanguage":"fr-FR"},{"@type":"Organization","@id":"https:\/\/lasentinelle.dz\/#organization","name":"Quotidien La Sentinelle","url":"https:\/\/lasentinelle.dz\/","logo":{"@type":"ImageObject","inLanguage":"fr-FR","@id":"https:\/\/lasentinelle.dz\/#\/schema\/logo\/image\/","url":"https:\/\/lasentinelle.dz\/wp-content\/uploads\/2021\/09\/logo-sentinelleSLOGAN-1.png","contentUrl":"https:\/\/lasentinelle.dz\/wp-content\/uploads\/2021\/09\/logo-sentinelleSLOGAN-1.png","width":615,"height":142,"caption":"Quotidien La Sentinelle"},"image":{"@id":"https:\/\/lasentinelle.dz\/#\/schema\/logo\/image\/"},"sameAs":["https:\/\/www.facebook.com\/La-Sentinelle-104059864394773"]},{"@type":"Person","@id":"https:\/\/lasentinelle.dz\/#\/schema\/person\/729ee0024f24e0b8c5ec17232f8e8b41","name":"admin","image":{"@type":"ImageObject","inLanguage":"fr-FR","@id":"https:\/\/secure.gravatar.com\/avatar\/4c81fed838786e9b53f540bf46533e750f5d292099ae3b66cfc6fb1982e29df7?s=96&d=mm&r=g","url":"https:\/\/secure.gravatar.com\/avatar\/4c81fed838786e9b53f540bf46533e750f5d292099ae3b66cfc6fb1982e29df7?s=96&d=mm&r=g","contentUrl":"https:\/\/secure.gravatar.com\/avatar\/4c81fed838786e9b53f540bf46533e750f5d292099ae3b66cfc6fb1982e29df7?s=96&d=mm&r=g","caption":"admin"},"description":"admin","url":"https:\/\/lasentinelle.dz\/author\/admin\/"}]}},"_links":{"self":[{"href":"https:\/\/lasentinelle.dz\/index.php\/wp-json\/wp\/v2\/posts\/66671","targetHints":{"allow":["GET"]}}],"collection":[{"href":"https:\/\/lasentinelle.dz\/index.php\/wp-json\/wp\/v2\/posts"}],"about":[{"href":"https:\/\/lasentinelle.dz\/index.php\/wp-json\/wp\/v2\/types\/post"}],"author":[{"embeddable":true,"href":"https:\/\/lasentinelle.dz\/index.php\/wp-json\/wp\/v2\/users\/6"}],"replies":[{"embeddable":true,"href":"https:\/\/lasentinelle.dz\/index.php\/wp-json\/wp\/v2\/comments?post=66671"}],"version-history":[{"count":2,"href":"https:\/\/lasentinelle.dz\/index.php\/wp-json\/wp\/v2\/posts\/66671\/revisions"}],"predecessor-version":[{"id":66674,"href":"https:\/\/lasentinelle.dz\/index.php\/wp-json\/wp\/v2\/posts\/66671\/revisions\/66674"}],"wp:featuredmedia":[{"embeddable":true,"href":"https:\/\/lasentinelle.dz\/index.php\/wp-json\/wp\/v2\/media\/66672"}],"wp:attachment":[{"href":"https:\/\/lasentinelle.dz\/index.php\/wp-json\/wp\/v2\/media?parent=66671"}],"wp:term":[{"taxonomy":"category","embeddable":true,"href":"https:\/\/lasentinelle.dz\/index.php\/wp-json\/wp\/v2\/categories?post=66671"},{"taxonomy":"post_tag","embeddable":true,"href":"https:\/\/lasentinelle.dz\/index.php\/wp-json\/wp\/v2\/tags?post=66671"}],"curies":[{"name":"wp","href":"https:\/\/api.w.org\/{rel}","templated":true}]}}