{"id":66765,"date":"2025-05-04T11:46:05","date_gmt":"2025-05-04T10:46:05","guid":{"rendered":"https:\/\/lasentinelle.dz\/?p=66765"},"modified":"2025-05-04T11:46:06","modified_gmt":"2025-05-04T10:46:06","slug":"petrole-lopep-accelere-a-nouveau-laugmentation-de-sa-production","status":"publish","type":"post","link":"https:\/\/lasentinelle.dz\/index.php\/2025\/05\/04\/petrole-lopep-accelere-a-nouveau-laugmentation-de-sa-production\/","title":{"rendered":"P\u00e9trole: L&rsquo;OPEP+ acc\u00e9l\u00e8re \u00e0 nouveau l&rsquo;augmentation de sa production"},"content":{"rendered":"\n<p>&nbsp;Huit pays de l&rsquo;OPEP+ acc\u00e9l\u00e8re leur politique de r\u00e9duction des coupes volontaires et ont annonc\u00e9 hier en une nouvelle augmentation de la production de p\u00e9trole pour le mois de juin. Huit pays du cartel ont convenu d&rsquo;accro\u00eetre leur production de 411.000 barils par jour, triplant ainsi l&rsquo;augmentation initialement pr\u00e9vue de 137.000 barils quotidiens.<\/p>\n\n\n\n<p>Cette hausse, annonc\u00e9e lors d&rsquo;une r\u00e9union minist\u00e9rielle tenue par visioconf\u00e9rence ce samedi, repr\u00e9sente un triplement par rapport \u00e0 l&rsquo;augmentation initialement pr\u00e9vue de 137.000 barils quotidiens. La mesure fait suite \u00e0 une d\u00e9cision similaire adopt\u00e9e le mois pr\u00e9c\u00e9dent pour la production de mai, confirmant ainsi un changement de cap strat\u00e9gique pour l&rsquo;alliance. Cette orientation s&rsquo;inscrit dans le cadre des ajustements progressifs des r\u00e9ductions volontaires mises en place depuis avril 2023, et se fonde sur les pr\u00e9visions d&rsquo;am\u00e9lioration de la demande mondiale attendue pour le troisi\u00e8me trimestre 2025. L&rsquo;Alg\u00e9rie, repr\u00e9sent\u00e9e par Mohamed Arkab, ministre d&rsquo;\u00c9tat charg\u00e9 de l&rsquo;\u00c9nergie, des Mines et des \u00c9nergies Renouvelables, a activement particip\u00e9 \u00e0 cette r\u00e9union cruciale aux c\u00f4t\u00e9s de l&rsquo;Arabie saoudite, la Russie, l&rsquo;Irak, les \u00c9mirats arabes unis, le Kowe\u00eft, le Kazakhstan et Oman. Dans le cadre de cet accord, l&rsquo;Alg\u00e9rie verra sa production de p\u00e9trole brut augmenter de 9.000 barils par jour d\u00e8s juin prochain, conform\u00e9ment \u00e0 la cl\u00e9 de r\u00e9partition \u00e9tablie entre les pays participants. Cette d\u00e9cision collective fait suite aux engagements pris le 5 d\u00e9cembre 2024 et renouvel\u00e9s le 3 mars 2025, tout en demeurant adaptable selon l&rsquo;\u00e9volution des conditions du march\u00e9.<\/p>\n\n\n\n<p>Cette inflexion dans la politique de production de l&rsquo;OPEP+ intervient dans un contexte de march\u00e9 particuli\u00e8rement tendu. Les cours du Brent sont r\u00e9cemment pass\u00e9s sous la barre symbolique des 60 dollars le baril, un niveau plancher in\u00e9dit depuis 2020, terminant vendredi en baisse de 1,35% \u00e0 61,29 dollars, tandis que le West Texas Intermediate am\u00e9ricain c\u00e9dait 1,60% \u00e0 58,29 dollars. Ce recul s&rsquo;explique notamment par les nouvelles tensions commerciales sino-am\u00e9ricaines, Washington ayant impos\u00e9 depuis avril une surtaxe de 145% sur de nombreux produits chinois, \u00e0 laquelle P\u00e9kin a ripost\u00e9 par des droits de douane de 125% sur les marchandises am\u00e9ricaines. Ce diff\u00e9rend affecte particuli\u00e8rement le march\u00e9 p\u00e9trolier puisque la Chine demeure le premier importateur mondial de p\u00e9trole. Par ailleurs, des sources internes indiquent que l&rsquo;Arabie saoudite, leader de facto de l&rsquo;alliance, aurait signifi\u00e9 \u00e0 ses partenaires qu&rsquo;elle n&rsquo;entendait plus soutenir seule les march\u00e9s p\u00e9troliers par de nouvelles r\u00e9ductions de l&rsquo;offre, exprimant son m\u00e9contentement envers certains membres comme le Kazakhstan et l&rsquo;Irak qui d\u00e9passeraient leurs quotas assign\u00e9s. Malgr\u00e9 ces ajustements, l&rsquo;OPEP+ maintient globalement une r\u00e9duction de la production mondiale sup\u00e9rieure \u00e0 5 millions de barils quotidiens, dont une grande partie devrait rester en vigueur jusqu&rsquo;\u00e0 fin 2026. Les ministres des huit pays concern\u00e9s ont convenu de poursuivre leurs r\u00e9unions mensuelles pour \u00e9valuer les conditions du march\u00e9, surveillant le respect des engagements et les m\u00e9canismes de compensation. Le prochain rendez-vous est fix\u00e9 au 1er juin prochain, tandis qu&rsquo;une r\u00e9union minist\u00e9rielle pl\u00e9ni\u00e8re de l&rsquo;OPEP+ est programm\u00e9e pour le 28 mai, au cours de laquelle la strat\u00e9gie \u00e0 plus long terme pourrait \u00eatre r\u00e9examin\u00e9e \u00e0 la lumi\u00e8re des \u00e9volutions \u00e9conomiques mondiales et des \u00e9quilibres \u00e9nerg\u00e9tiques internationaux.<\/p>\n\n\n\n<p>Samira Ghrib<\/p>\n","protected":false},"excerpt":{"rendered":"<p>&nbsp;Huit pays de l&rsquo;OPEP+ acc\u00e9l\u00e8re leur politique de r\u00e9duction des coupes volontaires et ont annonc\u00e9 hier en une nouvelle augmentation<\/p>\n","protected":false},"author":6,"featured_media":55601,"comment_status":"open","ping_status":"closed","sticky":false,"template":"","format":"standard","meta":{"colormag_page_container_layout":"default_layout","colormag_page_sidebar_layout":"default_layout","om_disable_all_campaigns":false,"_monsterinsights_skip_tracking":false,"_monsterinsights_sitenote_active":false,"_monsterinsights_sitenote_note":"","_monsterinsights_sitenote_category":0,"footnotes":"","_wpscppro_dont_share_socialmedia":false,"_wpscppro_custom_social_share_image":0,"_facebook_share_type":"default","_twitter_share_type":"default","_linkedin_share_type":"default","_pinterest_share_type":"default","_linkedin_share_type_page":"","_instagram_share_type":"default","_medium_share_type":"default","_threads_share_type":"","_google_business_share_type":"","_selected_social_profile":[],"_wpsp_enable_custom_social_template":false,"_wpsp_social_scheduling":{"enabled":false,"datetime":null,"platforms":[],"status":"template_only","dateOption":"today","timeOption":"now","customDays":"","customHours":"","customDate":"","customTime":"","schedulingType":"absolute"},"_wpsp_active_default_template":true},"categories":[52,29],"tags":[],"class_list":["post-66765","post","type-post","status-publish","format-standard","has-post-thumbnail","hentry","category-a-la-une","category-economie"],"aioseo_notices":[],"yoast_head":"<!-- This site is optimized with the Yoast SEO plugin v27.4 - https:\/\/yoast.com\/product\/yoast-seo-wordpress\/ -->\n<title>P\u00e9trole: L&rsquo;OPEP+ acc\u00e9l\u00e8re \u00e0 nouveau l&rsquo;augmentation de sa production - La Sentinelle<\/title>\n<meta name=\"robots\" content=\"index, follow, max-snippet:-1, max-image-preview:large, max-video-preview:-1\" \/>\n<link rel=\"canonical\" href=\"https:\/\/lasentinelle.dz\/index.php\/2025\/05\/04\/petrole-lopep-accelere-a-nouveau-laugmentation-de-sa-production\/\" \/>\n<meta property=\"og:locale\" content=\"fr_FR\" \/>\n<meta property=\"og:type\" content=\"article\" \/>\n<meta property=\"og:title\" content=\"P\u00e9trole: L&rsquo;OPEP+ acc\u00e9l\u00e8re \u00e0 nouveau l&rsquo;augmentation de sa production - La Sentinelle\" \/>\n<meta property=\"og:description\" content=\"&nbsp;Huit pays de l&rsquo;OPEP+ acc\u00e9l\u00e8re leur politique de r\u00e9duction des coupes volontaires et ont annonc\u00e9 hier en une nouvelle augmentation\" \/>\n<meta property=\"og:url\" content=\"https:\/\/lasentinelle.dz\/index.php\/2025\/05\/04\/petrole-lopep-accelere-a-nouveau-laugmentation-de-sa-production\/\" \/>\n<meta property=\"og:site_name\" content=\"La Sentinelle\" \/>\n<meta property=\"article:publisher\" content=\"https:\/\/www.facebook.com\/La-Sentinelle-104059864394773\" \/>\n<meta property=\"article:published_time\" content=\"2025-05-04T10:46:05+00:00\" \/>\n<meta property=\"article:modified_time\" content=\"2025-05-04T10:46:06+00:00\" \/>\n<meta property=\"og:image\" content=\"https:\/\/lasentinelle.dz\/wp-content\/uploads\/2024\/08\/Opec.webp\" \/>\n\t<meta property=\"og:image:width\" content=\"2560\" \/>\n\t<meta property=\"og:image:height\" content=\"1920\" \/>\n\t<meta property=\"og:image:type\" content=\"image\/webp\" \/>\n<meta name=\"author\" content=\"admin\" \/>\n<meta name=\"twitter:card\" content=\"summary_large_image\" \/>\n<meta name=\"twitter:label1\" content=\"\u00c9crit par\" \/>\n\t<meta name=\"twitter:data1\" content=\"admin\" \/>\n\t<meta name=\"twitter:label2\" content=\"Dur\u00e9e de lecture estim\u00e9e\" \/>\n\t<meta name=\"twitter:data2\" content=\"3 minutes\" \/>\n<script type=\"application\/ld+json\" class=\"yoast-schema-graph\">{\"@context\":\"https:\\\/\\\/schema.org\",\"@graph\":[{\"@type\":\"Article\",\"@id\":\"https:\\\/\\\/lasentinelle.dz\\\/index.php\\\/2025\\\/05\\\/04\\\/petrole-lopep-accelere-a-nouveau-laugmentation-de-sa-production\\\/#article\",\"isPartOf\":{\"@id\":\"https:\\\/\\\/lasentinelle.dz\\\/index.php\\\/2025\\\/05\\\/04\\\/petrole-lopep-accelere-a-nouveau-laugmentation-de-sa-production\\\/\"},\"author\":{\"name\":\"admin\",\"@id\":\"https:\\\/\\\/lasentinelle.dz\\\/#\\\/schema\\\/person\\\/729ee0024f24e0b8c5ec17232f8e8b41\"},\"headline\":\"P\u00e9trole: L&rsquo;OPEP+ acc\u00e9l\u00e8re \u00e0 nouveau l&rsquo;augmentation de sa production\",\"datePublished\":\"2025-05-04T10:46:05+00:00\",\"dateModified\":\"2025-05-04T10:46:06+00:00\",\"mainEntityOfPage\":{\"@id\":\"https:\\\/\\\/lasentinelle.dz\\\/index.php\\\/2025\\\/05\\\/04\\\/petrole-lopep-accelere-a-nouveau-laugmentation-de-sa-production\\\/\"},\"wordCount\":595,\"commentCount\":0,\"publisher\":{\"@id\":\"https:\\\/\\\/lasentinelle.dz\\\/#organization\"},\"image\":{\"@id\":\"https:\\\/\\\/lasentinelle.dz\\\/index.php\\\/2025\\\/05\\\/04\\\/petrole-lopep-accelere-a-nouveau-laugmentation-de-sa-production\\\/#primaryimage\"},\"thumbnailUrl\":\"https:\\\/\\\/lasentinelle.dz\\\/wp-content\\\/uploads\\\/2024\\\/08\\\/Opec.webp\",\"articleSection\":[\"\u00c0 la Une\",\"\u00c9conomie\"],\"inLanguage\":\"fr-FR\",\"potentialAction\":[{\"@type\":\"CommentAction\",\"name\":\"Comment\",\"target\":[\"https:\\\/\\\/lasentinelle.dz\\\/index.php\\\/2025\\\/05\\\/04\\\/petrole-lopep-accelere-a-nouveau-laugmentation-de-sa-production\\\/#respond\"]}]},{\"@type\":\"WebPage\",\"@id\":\"https:\\\/\\\/lasentinelle.dz\\\/index.php\\\/2025\\\/05\\\/04\\\/petrole-lopep-accelere-a-nouveau-laugmentation-de-sa-production\\\/\",\"url\":\"https:\\\/\\\/lasentinelle.dz\\\/index.php\\\/2025\\\/05\\\/04\\\/petrole-lopep-accelere-a-nouveau-laugmentation-de-sa-production\\\/\",\"name\":\"P\u00e9trole: L&rsquo;OPEP+ acc\u00e9l\u00e8re \u00e0 nouveau l&rsquo;augmentation de sa production - La Sentinelle\",\"isPartOf\":{\"@id\":\"https:\\\/\\\/lasentinelle.dz\\\/#website\"},\"primaryImageOfPage\":{\"@id\":\"https:\\\/\\\/lasentinelle.dz\\\/index.php\\\/2025\\\/05\\\/04\\\/petrole-lopep-accelere-a-nouveau-laugmentation-de-sa-production\\\/#primaryimage\"},\"image\":{\"@id\":\"https:\\\/\\\/lasentinelle.dz\\\/index.php\\\/2025\\\/05\\\/04\\\/petrole-lopep-accelere-a-nouveau-laugmentation-de-sa-production\\\/#primaryimage\"},\"thumbnailUrl\":\"https:\\\/\\\/lasentinelle.dz\\\/wp-content\\\/uploads\\\/2024\\\/08\\\/Opec.webp\",\"datePublished\":\"2025-05-04T10:46:05+00:00\",\"dateModified\":\"2025-05-04T10:46:06+00:00\",\"breadcrumb\":{\"@id\":\"https:\\\/\\\/lasentinelle.dz\\\/index.php\\\/2025\\\/05\\\/04\\\/petrole-lopep-accelere-a-nouveau-laugmentation-de-sa-production\\\/#breadcrumb\"},\"inLanguage\":\"fr-FR\",\"potentialAction\":[{\"@type\":\"ReadAction\",\"target\":[\"https:\\\/\\\/lasentinelle.dz\\\/index.php\\\/2025\\\/05\\\/04\\\/petrole-lopep-accelere-a-nouveau-laugmentation-de-sa-production\\\/\"]}]},{\"@type\":\"ImageObject\",\"inLanguage\":\"fr-FR\",\"@id\":\"https:\\\/\\\/lasentinelle.dz\\\/index.php\\\/2025\\\/05\\\/04\\\/petrole-lopep-accelere-a-nouveau-laugmentation-de-sa-production\\\/#primaryimage\",\"url\":\"https:\\\/\\\/lasentinelle.dz\\\/wp-content\\\/uploads\\\/2024\\\/08\\\/Opec.webp\",\"contentUrl\":\"https:\\\/\\\/lasentinelle.dz\\\/wp-content\\\/uploads\\\/2024\\\/08\\\/Opec.webp\",\"width\":2560,\"height\":1920},{\"@type\":\"BreadcrumbList\",\"@id\":\"https:\\\/\\\/lasentinelle.dz\\\/index.php\\\/2025\\\/05\\\/04\\\/petrole-lopep-accelere-a-nouveau-laugmentation-de-sa-production\\\/#breadcrumb\",\"itemListElement\":[{\"@type\":\"ListItem\",\"position\":1,\"name\":\"Accueil\",\"item\":\"https:\\\/\\\/lasentinelle.dz\\\/\"},{\"@type\":\"ListItem\",\"position\":2,\"name\":\"P\u00e9trole: L&rsquo;OPEP+ acc\u00e9l\u00e8re \u00e0 nouveau l&rsquo;augmentation de sa production\"}]},{\"@type\":\"WebSite\",\"@id\":\"https:\\\/\\\/lasentinelle.dz\\\/#website\",\"url\":\"https:\\\/\\\/lasentinelle.dz\\\/\",\"name\":\"La Sentinelle\",\"description\":\"Quotidien national d&#039;information\",\"publisher\":{\"@id\":\"https:\\\/\\\/lasentinelle.dz\\\/#organization\"},\"potentialAction\":[{\"@type\":\"SearchAction\",\"target\":{\"@type\":\"EntryPoint\",\"urlTemplate\":\"https:\\\/\\\/lasentinelle.dz\\\/?s={search_term_string}\"},\"query-input\":{\"@type\":\"PropertyValueSpecification\",\"valueRequired\":true,\"valueName\":\"search_term_string\"}}],\"inLanguage\":\"fr-FR\"},{\"@type\":\"Organization\",\"@id\":\"https:\\\/\\\/lasentinelle.dz\\\/#organization\",\"name\":\"Quotidien La Sentinelle\",\"url\":\"https:\\\/\\\/lasentinelle.dz\\\/\",\"logo\":{\"@type\":\"ImageObject\",\"inLanguage\":\"fr-FR\",\"@id\":\"https:\\\/\\\/lasentinelle.dz\\\/#\\\/schema\\\/logo\\\/image\\\/\",\"url\":\"https:\\\/\\\/lasentinelle.dz\\\/wp-content\\\/uploads\\\/2021\\\/09\\\/logo-sentinelleSLOGAN-1.png\",\"contentUrl\":\"https:\\\/\\\/lasentinelle.dz\\\/wp-content\\\/uploads\\\/2021\\\/09\\\/logo-sentinelleSLOGAN-1.png\",\"width\":615,\"height\":142,\"caption\":\"Quotidien La Sentinelle\"},\"image\":{\"@id\":\"https:\\\/\\\/lasentinelle.dz\\\/#\\\/schema\\\/logo\\\/image\\\/\"},\"sameAs\":[\"https:\\\/\\\/www.facebook.com\\\/La-Sentinelle-104059864394773\"]},{\"@type\":\"Person\",\"@id\":\"https:\\\/\\\/lasentinelle.dz\\\/#\\\/schema\\\/person\\\/729ee0024f24e0b8c5ec17232f8e8b41\",\"name\":\"admin\",\"image\":{\"@type\":\"ImageObject\",\"inLanguage\":\"fr-FR\",\"@id\":\"https:\\\/\\\/secure.gravatar.com\\\/avatar\\\/4c81fed838786e9b53f540bf46533e750f5d292099ae3b66cfc6fb1982e29df7?s=96&d=mm&r=g\",\"url\":\"https:\\\/\\\/secure.gravatar.com\\\/avatar\\\/4c81fed838786e9b53f540bf46533e750f5d292099ae3b66cfc6fb1982e29df7?s=96&d=mm&r=g\",\"contentUrl\":\"https:\\\/\\\/secure.gravatar.com\\\/avatar\\\/4c81fed838786e9b53f540bf46533e750f5d292099ae3b66cfc6fb1982e29df7?s=96&d=mm&r=g\",\"caption\":\"admin\"},\"description\":\"admin\",\"url\":\"https:\\\/\\\/lasentinelle.dz\\\/author\\\/admin\\\/\"}]}<\/script>\n<!-- \/ Yoast SEO plugin. -->","yoast_head_json":{"title":"P\u00e9trole: L&rsquo;OPEP+ acc\u00e9l\u00e8re \u00e0 nouveau l&rsquo;augmentation de sa production - La Sentinelle","robots":{"index":"index","follow":"follow","max-snippet":"max-snippet:-1","max-image-preview":"max-image-preview:large","max-video-preview":"max-video-preview:-1"},"canonical":"https:\/\/lasentinelle.dz\/index.php\/2025\/05\/04\/petrole-lopep-accelere-a-nouveau-laugmentation-de-sa-production\/","og_locale":"fr_FR","og_type":"article","og_title":"P\u00e9trole: L&rsquo;OPEP+ acc\u00e9l\u00e8re \u00e0 nouveau l&rsquo;augmentation de sa production - La Sentinelle","og_description":"&nbsp;Huit pays de l&rsquo;OPEP+ acc\u00e9l\u00e8re leur politique de r\u00e9duction des coupes volontaires et ont annonc\u00e9 hier en une nouvelle augmentation","og_url":"https:\/\/lasentinelle.dz\/index.php\/2025\/05\/04\/petrole-lopep-accelere-a-nouveau-laugmentation-de-sa-production\/","og_site_name":"La Sentinelle","article_publisher":"https:\/\/www.facebook.com\/La-Sentinelle-104059864394773","article_published_time":"2025-05-04T10:46:05+00:00","article_modified_time":"2025-05-04T10:46:06+00:00","og_image":[{"width":2560,"height":1920,"url":"https:\/\/lasentinelle.dz\/wp-content\/uploads\/2024\/08\/Opec.webp","type":"image\/webp"}],"author":"admin","twitter_card":"summary_large_image","twitter_misc":{"\u00c9crit par":"admin","Dur\u00e9e de lecture estim\u00e9e":"3 minutes"},"schema":{"@context":"https:\/\/schema.org","@graph":[{"@type":"Article","@id":"https:\/\/lasentinelle.dz\/index.php\/2025\/05\/04\/petrole-lopep-accelere-a-nouveau-laugmentation-de-sa-production\/#article","isPartOf":{"@id":"https:\/\/lasentinelle.dz\/index.php\/2025\/05\/04\/petrole-lopep-accelere-a-nouveau-laugmentation-de-sa-production\/"},"author":{"name":"admin","@id":"https:\/\/lasentinelle.dz\/#\/schema\/person\/729ee0024f24e0b8c5ec17232f8e8b41"},"headline":"P\u00e9trole: L&rsquo;OPEP+ acc\u00e9l\u00e8re \u00e0 nouveau l&rsquo;augmentation de sa production","datePublished":"2025-05-04T10:46:05+00:00","dateModified":"2025-05-04T10:46:06+00:00","mainEntityOfPage":{"@id":"https:\/\/lasentinelle.dz\/index.php\/2025\/05\/04\/petrole-lopep-accelere-a-nouveau-laugmentation-de-sa-production\/"},"wordCount":595,"commentCount":0,"publisher":{"@id":"https:\/\/lasentinelle.dz\/#organization"},"image":{"@id":"https:\/\/lasentinelle.dz\/index.php\/2025\/05\/04\/petrole-lopep-accelere-a-nouveau-laugmentation-de-sa-production\/#primaryimage"},"thumbnailUrl":"https:\/\/lasentinelle.dz\/wp-content\/uploads\/2024\/08\/Opec.webp","articleSection":["\u00c0 la Une","\u00c9conomie"],"inLanguage":"fr-FR","potentialAction":[{"@type":"CommentAction","name":"Comment","target":["https:\/\/lasentinelle.dz\/index.php\/2025\/05\/04\/petrole-lopep-accelere-a-nouveau-laugmentation-de-sa-production\/#respond"]}]},{"@type":"WebPage","@id":"https:\/\/lasentinelle.dz\/index.php\/2025\/05\/04\/petrole-lopep-accelere-a-nouveau-laugmentation-de-sa-production\/","url":"https:\/\/lasentinelle.dz\/index.php\/2025\/05\/04\/petrole-lopep-accelere-a-nouveau-laugmentation-de-sa-production\/","name":"P\u00e9trole: L&rsquo;OPEP+ acc\u00e9l\u00e8re \u00e0 nouveau l&rsquo;augmentation de sa production - La Sentinelle","isPartOf":{"@id":"https:\/\/lasentinelle.dz\/#website"},"primaryImageOfPage":{"@id":"https:\/\/lasentinelle.dz\/index.php\/2025\/05\/04\/petrole-lopep-accelere-a-nouveau-laugmentation-de-sa-production\/#primaryimage"},"image":{"@id":"https:\/\/lasentinelle.dz\/index.php\/2025\/05\/04\/petrole-lopep-accelere-a-nouveau-laugmentation-de-sa-production\/#primaryimage"},"thumbnailUrl":"https:\/\/lasentinelle.dz\/wp-content\/uploads\/2024\/08\/Opec.webp","datePublished":"2025-05-04T10:46:05+00:00","dateModified":"2025-05-04T10:46:06+00:00","breadcrumb":{"@id":"https:\/\/lasentinelle.dz\/index.php\/2025\/05\/04\/petrole-lopep-accelere-a-nouveau-laugmentation-de-sa-production\/#breadcrumb"},"inLanguage":"fr-FR","potentialAction":[{"@type":"ReadAction","target":["https:\/\/lasentinelle.dz\/index.php\/2025\/05\/04\/petrole-lopep-accelere-a-nouveau-laugmentation-de-sa-production\/"]}]},{"@type":"ImageObject","inLanguage":"fr-FR","@id":"https:\/\/lasentinelle.dz\/index.php\/2025\/05\/04\/petrole-lopep-accelere-a-nouveau-laugmentation-de-sa-production\/#primaryimage","url":"https:\/\/lasentinelle.dz\/wp-content\/uploads\/2024\/08\/Opec.webp","contentUrl":"https:\/\/lasentinelle.dz\/wp-content\/uploads\/2024\/08\/Opec.webp","width":2560,"height":1920},{"@type":"BreadcrumbList","@id":"https:\/\/lasentinelle.dz\/index.php\/2025\/05\/04\/petrole-lopep-accelere-a-nouveau-laugmentation-de-sa-production\/#breadcrumb","itemListElement":[{"@type":"ListItem","position":1,"name":"Accueil","item":"https:\/\/lasentinelle.dz\/"},{"@type":"ListItem","position":2,"name":"P\u00e9trole: L&rsquo;OPEP+ acc\u00e9l\u00e8re \u00e0 nouveau l&rsquo;augmentation de sa production"}]},{"@type":"WebSite","@id":"https:\/\/lasentinelle.dz\/#website","url":"https:\/\/lasentinelle.dz\/","name":"La Sentinelle","description":"Quotidien national d&#039;information","publisher":{"@id":"https:\/\/lasentinelle.dz\/#organization"},"potentialAction":[{"@type":"SearchAction","target":{"@type":"EntryPoint","urlTemplate":"https:\/\/lasentinelle.dz\/?s={search_term_string}"},"query-input":{"@type":"PropertyValueSpecification","valueRequired":true,"valueName":"search_term_string"}}],"inLanguage":"fr-FR"},{"@type":"Organization","@id":"https:\/\/lasentinelle.dz\/#organization","name":"Quotidien La Sentinelle","url":"https:\/\/lasentinelle.dz\/","logo":{"@type":"ImageObject","inLanguage":"fr-FR","@id":"https:\/\/lasentinelle.dz\/#\/schema\/logo\/image\/","url":"https:\/\/lasentinelle.dz\/wp-content\/uploads\/2021\/09\/logo-sentinelleSLOGAN-1.png","contentUrl":"https:\/\/lasentinelle.dz\/wp-content\/uploads\/2021\/09\/logo-sentinelleSLOGAN-1.png","width":615,"height":142,"caption":"Quotidien La Sentinelle"},"image":{"@id":"https:\/\/lasentinelle.dz\/#\/schema\/logo\/image\/"},"sameAs":["https:\/\/www.facebook.com\/La-Sentinelle-104059864394773"]},{"@type":"Person","@id":"https:\/\/lasentinelle.dz\/#\/schema\/person\/729ee0024f24e0b8c5ec17232f8e8b41","name":"admin","image":{"@type":"ImageObject","inLanguage":"fr-FR","@id":"https:\/\/secure.gravatar.com\/avatar\/4c81fed838786e9b53f540bf46533e750f5d292099ae3b66cfc6fb1982e29df7?s=96&d=mm&r=g","url":"https:\/\/secure.gravatar.com\/avatar\/4c81fed838786e9b53f540bf46533e750f5d292099ae3b66cfc6fb1982e29df7?s=96&d=mm&r=g","contentUrl":"https:\/\/secure.gravatar.com\/avatar\/4c81fed838786e9b53f540bf46533e750f5d292099ae3b66cfc6fb1982e29df7?s=96&d=mm&r=g","caption":"admin"},"description":"admin","url":"https:\/\/lasentinelle.dz\/author\/admin\/"}]}},"_links":{"self":[{"href":"https:\/\/lasentinelle.dz\/index.php\/wp-json\/wp\/v2\/posts\/66765","targetHints":{"allow":["GET"]}}],"collection":[{"href":"https:\/\/lasentinelle.dz\/index.php\/wp-json\/wp\/v2\/posts"}],"about":[{"href":"https:\/\/lasentinelle.dz\/index.php\/wp-json\/wp\/v2\/types\/post"}],"author":[{"embeddable":true,"href":"https:\/\/lasentinelle.dz\/index.php\/wp-json\/wp\/v2\/users\/6"}],"replies":[{"embeddable":true,"href":"https:\/\/lasentinelle.dz\/index.php\/wp-json\/wp\/v2\/comments?post=66765"}],"version-history":[{"count":2,"href":"https:\/\/lasentinelle.dz\/index.php\/wp-json\/wp\/v2\/posts\/66765\/revisions"}],"predecessor-version":[{"id":66767,"href":"https:\/\/lasentinelle.dz\/index.php\/wp-json\/wp\/v2\/posts\/66765\/revisions\/66767"}],"wp:featuredmedia":[{"embeddable":true,"href":"https:\/\/lasentinelle.dz\/index.php\/wp-json\/wp\/v2\/media\/55601"}],"wp:attachment":[{"href":"https:\/\/lasentinelle.dz\/index.php\/wp-json\/wp\/v2\/media?parent=66765"}],"wp:term":[{"taxonomy":"category","embeddable":true,"href":"https:\/\/lasentinelle.dz\/index.php\/wp-json\/wp\/v2\/categories?post=66765"},{"taxonomy":"post_tag","embeddable":true,"href":"https:\/\/lasentinelle.dz\/index.php\/wp-json\/wp\/v2\/tags?post=66765"}],"curies":[{"name":"wp","href":"https:\/\/api.w.org\/{rel}","templated":true}]}}