{"id":66853,"date":"2025-05-06T11:27:08","date_gmt":"2025-05-06T10:27:08","guid":{"rendered":"https:\/\/lasentinelle.dz\/?p=66853"},"modified":"2025-05-06T11:27:09","modified_gmt":"2025-05-06T10:27:09","slug":"4e-salon-national-du-livre-amazigh-a-ouacif-une-celebration-litteraire-du-patrimoine","status":"publish","type":"post","link":"https:\/\/lasentinelle.dz\/index.php\/2025\/05\/06\/4e-salon-national-du-livre-amazigh-a-ouacif-une-celebration-litteraire-du-patrimoine\/","title":{"rendered":"4e Salon national du livre amazigh \u00e0 Ouacif : Une c\u00e9l\u00e9bration litt\u00e9raire du patrimoine"},"content":{"rendered":"\n<p>C&rsquo;est dans un cadre empreint de solennit\u00e9 culturelle que s&rsquo;est ouverte mercredi la quatri\u00e8me \u00e9dition du Salon National du Livre Amazigh. Nich\u00e9e dans les hauteurs de la Kabylie, la commune d&rsquo;Ouacif accueille cet \u00e9v\u00e9nement d&rsquo;envergure nationale \u00e0 la Maison de jeunes \u00ab\u00a0Fr\u00e8res Martyrs Houacine Mohammed Amokrane et Boukhalfa\u00a0\u00bb, transform\u00e9e pour l&rsquo;occasion en v\u00e9ritable temple de la litt\u00e9rature berb\u00e8re.<\/p>\n\n\n\n<p>La c\u00e9r\u00e9monie d&rsquo;ouverture s&rsquo;est d\u00e9roul\u00e9e en pr\u00e9sence d&rsquo;un parterre de personnalit\u00e9s, avec \u00e0 leur t\u00eate Mme Nabila Goumeziane, directrice de la Culture et des Arts de la wilaya de Tizi-Ouzou, accompagn\u00e9e du pr\u00e9sident de l&rsquo;Assembl\u00e9e populaire de wilaya et du chef de da\u00efra d&rsquo;Ouacif. Le commissaire du Salon, M. Salem Ait Ali Belkacem, a orchestr\u00e9 cette inauguration rehauss\u00e9e par la pr\u00e9sence remarqu\u00e9e de l&rsquo;artiste l\u00e9gendaire Loun\u00e8s Ait Menguellet, figure tut\u00e9laire de la chanson kabyle, suscitant l&rsquo;enthousiasme du public pr\u00e9sent.<\/p>\n\n\n\n<p>Cette manifestation litt\u00e9raire, plac\u00e9e sous l&rsquo;\u00e9gide de l&rsquo;association culturelle \u00ab\u00a0El Anis d&rsquo;Ouacif\u00a0\u00bb et supervis\u00e9e par l&rsquo;Assembl\u00e9e populaire de wilaya de Tizi-Ouzou, s&rsquo;impose comme un rendez-vous incontournable pour les passionn\u00e9s de la culture amazighe. Plus de vingt maisons d&rsquo;\u00e9dition, cent cinquante auteurs, ainsi que plusieurs centres de recherche et associations culturelles ont r\u00e9pondu pr\u00e9sents, t\u00e9moignant du dynamisme croissant de l&rsquo;\u00e9dition en langue amazighe.<\/p>\n\n\n\n<p>\u00ab Ce salon repr\u00e9sente bien plus qu&rsquo;une simple exposition de livres. C&rsquo;est un espace de r\u00e9sistance culturelle et de transmission interg\u00e9n\u00e9rationnelle \u00bb, confie un jeune auteur venu pr\u00e9senter son premier roman. Le programme concoct\u00e9 par les organisateurs refl\u00e8te cette ambition avec une riche palette d&rsquo;activit\u00e9s : conf\u00e9rences th\u00e9matiques, concours d&rsquo;orthographe destin\u00e9s aux meilleurs \u00e9l\u00e8ves des \u00e9tablissements scolaires d&rsquo;Ouacif, soir\u00e9es po\u00e9tiques anim\u00e9es par les po\u00e9tesses Hadjira Oubachir et Nacira Benyoucef, ainsi qu&rsquo;une projection sp\u00e9ciale d&rsquo;un documentaire sur l&rsquo;\u00e9crivain disparu Imache Amar, r\u00e9alis\u00e9 par Yazid Arab.<\/p>\n\n\n\n<p>La manifestation a \u00e9galement \u00e9t\u00e9 marqu\u00e9e par un vibrant hommage rendu \u00e0 des figures intellectuelles disparues ayant \u0153uvr\u00e9 pour la promotion de la culture amazighe, notamment Ahmed Nekkar, Abderrahmane Ifassah et Youcef Merahi, dont les contributions \u00e0 l&rsquo;enrichissement du patrimoine culturel alg\u00e9rien demeurent inestimables.<\/p>\n\n\n\n<p>Dans son allocution, Mme Goumeziane a soulign\u00e9 \u00ab l&rsquo;importance cruciale de tels \u00e9v\u00e9nements culturels qui jouent un r\u00f4le vital dans la pr\u00e9servation de l&rsquo;identit\u00e9 nationale et le renforcement du patrimoine alg\u00e9rien \u00bb. Elle a particuli\u00e8rement salu\u00e9 l&rsquo;initiative de la production documentaire qui, selon ses mots, \u00ab renforce la pr\u00e9sence amazighe dans le paysage culturel national \u00e0 travers le septi\u00e8me art \u00bb.<\/p>\n\n\n\n<p>Durant les quatre jours de cette manifestation, le public a eu l&rsquo;opportunit\u00e9 de participer \u00e0 des rencontres litt\u00e9raires, assister \u00e0 des s\u00e9ances de d\u00e9dicaces, d\u00e9couvrir diverses expositions et savourer des lectures artistiques qui mettent en lumi\u00e8re la richesse et l&rsquo;authenticit\u00e9 de la culture amazighe. Les organisateurs esp\u00e8rent ainsi contribuer \u00e0 l&rsquo;essor de la litt\u00e9rature amazighe, longtemps transmise par voie orale et qui conna\u00eet aujourd&rsquo;hui un renouveau \u00e9ditorial significatif.<\/p>\n\n\n\n<p>Ce salon s&rsquo;inscrit dans une d\u00e9marche plus large de valorisation des langues nationales et illustre la politique culturelle de l&rsquo;\u00c9tat alg\u00e9rien visant \u00e0 promouvoir la diversit\u00e9 linguistique du pays. \u00c0 l&rsquo;heure o\u00f9 la mondialisation tend \u00e0 uniformiser les pratiques culturelles, des initiatives comme le Salon National du Livre Amazigh d&rsquo;Ouacif apparaissent comme des bastions essentiels pour la sauvegarde d&rsquo;un patrimoine mill\u00e9naire et son adaptation aux d\u00e9fis contemporains de l&rsquo;\u00e9dition et de la diffusion litt\u00e9raire.<\/p>\n\n\n\n<p><strong>Mohand Seghir<\/strong><\/p>\n","protected":false},"excerpt":{"rendered":"<p>C&rsquo;est dans un cadre empreint de solennit\u00e9 culturelle que s&rsquo;est ouverte mercredi la quatri\u00e8me \u00e9dition du Salon National du Livre<\/p>\n","protected":false},"author":6,"featured_media":66854,"comment_status":"open","ping_status":"closed","sticky":false,"template":"","format":"standard","meta":{"colormag_page_container_layout":"default_layout","colormag_page_sidebar_layout":"default_layout","om_disable_all_campaigns":false,"_monsterinsights_skip_tracking":false,"_monsterinsights_sitenote_active":false,"_monsterinsights_sitenote_note":"","_monsterinsights_sitenote_category":0,"footnotes":"","_wpscppro_dont_share_socialmedia":false,"_wpscppro_custom_social_share_image":0,"_facebook_share_type":"default","_twitter_share_type":"default","_linkedin_share_type":"default","_pinterest_share_type":"default","_linkedin_share_type_page":"","_instagram_share_type":"default","_medium_share_type":"default","_threads_share_type":"","_google_business_share_type":"","_selected_social_profile":[],"_wpsp_enable_custom_social_template":false,"_wpsp_social_scheduling":{"enabled":false,"datetime":null,"platforms":[],"status":"template_only","dateOption":"today","timeOption":"now","customDays":"","customHours":"","customDate":"","customTime":"","schedulingType":"absolute"},"_wpsp_active_default_template":true},"categories":[36],"tags":[],"class_list":["post-66853","post","type-post","status-publish","format-standard","has-post-thumbnail","hentry","category-culture"],"aioseo_notices":[],"yoast_head":"<!-- This site is optimized with the Yoast SEO plugin v27.5 - https:\/\/yoast.com\/product\/yoast-seo-wordpress\/ -->\n<title>4e Salon national du livre amazigh \u00e0 Ouacif : Une c\u00e9l\u00e9bration litt\u00e9raire du patrimoine - La Sentinelle<\/title>\n<meta name=\"robots\" content=\"index, follow, max-snippet:-1, max-image-preview:large, max-video-preview:-1\" \/>\n<link rel=\"canonical\" href=\"https:\/\/lasentinelle.dz\/index.php\/2025\/05\/06\/4e-salon-national-du-livre-amazigh-a-ouacif-une-celebration-litteraire-du-patrimoine\/\" \/>\n<meta property=\"og:locale\" content=\"fr_FR\" \/>\n<meta property=\"og:type\" content=\"article\" \/>\n<meta property=\"og:title\" content=\"4e Salon national du livre amazigh \u00e0 Ouacif : Une c\u00e9l\u00e9bration litt\u00e9raire du patrimoine - La Sentinelle\" \/>\n<meta property=\"og:description\" content=\"C&rsquo;est dans un cadre empreint de solennit\u00e9 culturelle que s&rsquo;est ouverte mercredi la quatri\u00e8me \u00e9dition du Salon National du Livre\" \/>\n<meta property=\"og:url\" content=\"https:\/\/lasentinelle.dz\/index.php\/2025\/05\/06\/4e-salon-national-du-livre-amazigh-a-ouacif-une-celebration-litteraire-du-patrimoine\/\" \/>\n<meta property=\"og:site_name\" content=\"La Sentinelle\" \/>\n<meta property=\"article:publisher\" content=\"https:\/\/www.facebook.com\/La-Sentinelle-104059864394773\" \/>\n<meta property=\"article:published_time\" content=\"2025-05-06T10:27:08+00:00\" \/>\n<meta property=\"article:modified_time\" content=\"2025-05-06T10:27:09+00:00\" \/>\n<meta property=\"og:image\" content=\"https:\/\/lasentinelle.dz\/wp-content\/uploads\/2025\/05\/Salon.jpg\" \/>\n\t<meta property=\"og:image:width\" content=\"1000\" \/>\n\t<meta property=\"og:image:height\" content=\"750\" \/>\n\t<meta property=\"og:image:type\" content=\"image\/jpeg\" \/>\n<meta name=\"author\" content=\"admin\" \/>\n<meta name=\"twitter:card\" content=\"summary_large_image\" \/>\n<meta name=\"twitter:label1\" content=\"\u00c9crit par\" \/>\n\t<meta name=\"twitter:data1\" content=\"admin\" \/>\n\t<meta name=\"twitter:label2\" content=\"Dur\u00e9e de lecture estim\u00e9e\" \/>\n\t<meta name=\"twitter:data2\" content=\"3 minutes\" \/>\n<script type=\"application\/ld+json\" class=\"yoast-schema-graph\">{\"@context\":\"https:\\\/\\\/schema.org\",\"@graph\":[{\"@type\":\"Article\",\"@id\":\"https:\\\/\\\/lasentinelle.dz\\\/index.php\\\/2025\\\/05\\\/06\\\/4e-salon-national-du-livre-amazigh-a-ouacif-une-celebration-litteraire-du-patrimoine\\\/#article\",\"isPartOf\":{\"@id\":\"https:\\\/\\\/lasentinelle.dz\\\/index.php\\\/2025\\\/05\\\/06\\\/4e-salon-national-du-livre-amazigh-a-ouacif-une-celebration-litteraire-du-patrimoine\\\/\"},\"author\":{\"name\":\"admin\",\"@id\":\"https:\\\/\\\/lasentinelle.dz\\\/#\\\/schema\\\/person\\\/729ee0024f24e0b8c5ec17232f8e8b41\"},\"headline\":\"4e Salon national du livre amazigh \u00e0 Ouacif : Une c\u00e9l\u00e9bration litt\u00e9raire du patrimoine\",\"datePublished\":\"2025-05-06T10:27:08+00:00\",\"dateModified\":\"2025-05-06T10:27:09+00:00\",\"mainEntityOfPage\":{\"@id\":\"https:\\\/\\\/lasentinelle.dz\\\/index.php\\\/2025\\\/05\\\/06\\\/4e-salon-national-du-livre-amazigh-a-ouacif-une-celebration-litteraire-du-patrimoine\\\/\"},\"wordCount\":643,\"commentCount\":0,\"publisher\":{\"@id\":\"https:\\\/\\\/lasentinelle.dz\\\/#organization\"},\"image\":{\"@id\":\"https:\\\/\\\/lasentinelle.dz\\\/index.php\\\/2025\\\/05\\\/06\\\/4e-salon-national-du-livre-amazigh-a-ouacif-une-celebration-litteraire-du-patrimoine\\\/#primaryimage\"},\"thumbnailUrl\":\"https:\\\/\\\/lasentinelle.dz\\\/wp-content\\\/uploads\\\/2025\\\/05\\\/Salon.jpg\",\"articleSection\":[\"Culture\"],\"inLanguage\":\"fr-FR\",\"potentialAction\":[{\"@type\":\"CommentAction\",\"name\":\"Comment\",\"target\":[\"https:\\\/\\\/lasentinelle.dz\\\/index.php\\\/2025\\\/05\\\/06\\\/4e-salon-national-du-livre-amazigh-a-ouacif-une-celebration-litteraire-du-patrimoine\\\/#respond\"]}]},{\"@type\":\"WebPage\",\"@id\":\"https:\\\/\\\/lasentinelle.dz\\\/index.php\\\/2025\\\/05\\\/06\\\/4e-salon-national-du-livre-amazigh-a-ouacif-une-celebration-litteraire-du-patrimoine\\\/\",\"url\":\"https:\\\/\\\/lasentinelle.dz\\\/index.php\\\/2025\\\/05\\\/06\\\/4e-salon-national-du-livre-amazigh-a-ouacif-une-celebration-litteraire-du-patrimoine\\\/\",\"name\":\"4e Salon national du livre amazigh \u00e0 Ouacif : Une c\u00e9l\u00e9bration litt\u00e9raire du patrimoine - La Sentinelle\",\"isPartOf\":{\"@id\":\"https:\\\/\\\/lasentinelle.dz\\\/#website\"},\"primaryImageOfPage\":{\"@id\":\"https:\\\/\\\/lasentinelle.dz\\\/index.php\\\/2025\\\/05\\\/06\\\/4e-salon-national-du-livre-amazigh-a-ouacif-une-celebration-litteraire-du-patrimoine\\\/#primaryimage\"},\"image\":{\"@id\":\"https:\\\/\\\/lasentinelle.dz\\\/index.php\\\/2025\\\/05\\\/06\\\/4e-salon-national-du-livre-amazigh-a-ouacif-une-celebration-litteraire-du-patrimoine\\\/#primaryimage\"},\"thumbnailUrl\":\"https:\\\/\\\/lasentinelle.dz\\\/wp-content\\\/uploads\\\/2025\\\/05\\\/Salon.jpg\",\"datePublished\":\"2025-05-06T10:27:08+00:00\",\"dateModified\":\"2025-05-06T10:27:09+00:00\",\"breadcrumb\":{\"@id\":\"https:\\\/\\\/lasentinelle.dz\\\/index.php\\\/2025\\\/05\\\/06\\\/4e-salon-national-du-livre-amazigh-a-ouacif-une-celebration-litteraire-du-patrimoine\\\/#breadcrumb\"},\"inLanguage\":\"fr-FR\",\"potentialAction\":[{\"@type\":\"ReadAction\",\"target\":[\"https:\\\/\\\/lasentinelle.dz\\\/index.php\\\/2025\\\/05\\\/06\\\/4e-salon-national-du-livre-amazigh-a-ouacif-une-celebration-litteraire-du-patrimoine\\\/\"]}]},{\"@type\":\"ImageObject\",\"inLanguage\":\"fr-FR\",\"@id\":\"https:\\\/\\\/lasentinelle.dz\\\/index.php\\\/2025\\\/05\\\/06\\\/4e-salon-national-du-livre-amazigh-a-ouacif-une-celebration-litteraire-du-patrimoine\\\/#primaryimage\",\"url\":\"https:\\\/\\\/lasentinelle.dz\\\/wp-content\\\/uploads\\\/2025\\\/05\\\/Salon.jpg\",\"contentUrl\":\"https:\\\/\\\/lasentinelle.dz\\\/wp-content\\\/uploads\\\/2025\\\/05\\\/Salon.jpg\",\"width\":1000,\"height\":750},{\"@type\":\"BreadcrumbList\",\"@id\":\"https:\\\/\\\/lasentinelle.dz\\\/index.php\\\/2025\\\/05\\\/06\\\/4e-salon-national-du-livre-amazigh-a-ouacif-une-celebration-litteraire-du-patrimoine\\\/#breadcrumb\",\"itemListElement\":[{\"@type\":\"ListItem\",\"position\":1,\"name\":\"Accueil\",\"item\":\"https:\\\/\\\/lasentinelle.dz\\\/\"},{\"@type\":\"ListItem\",\"position\":2,\"name\":\"4e Salon national du livre amazigh \u00e0 Ouacif : Une c\u00e9l\u00e9bration litt\u00e9raire du patrimoine\"}]},{\"@type\":\"WebSite\",\"@id\":\"https:\\\/\\\/lasentinelle.dz\\\/#website\",\"url\":\"https:\\\/\\\/lasentinelle.dz\\\/\",\"name\":\"La Sentinelle\",\"description\":\"Quotidien national d&#039;information\",\"publisher\":{\"@id\":\"https:\\\/\\\/lasentinelle.dz\\\/#organization\"},\"potentialAction\":[{\"@type\":\"SearchAction\",\"target\":{\"@type\":\"EntryPoint\",\"urlTemplate\":\"https:\\\/\\\/lasentinelle.dz\\\/?s={search_term_string}\"},\"query-input\":{\"@type\":\"PropertyValueSpecification\",\"valueRequired\":true,\"valueName\":\"search_term_string\"}}],\"inLanguage\":\"fr-FR\"},{\"@type\":\"Organization\",\"@id\":\"https:\\\/\\\/lasentinelle.dz\\\/#organization\",\"name\":\"Quotidien La Sentinelle\",\"url\":\"https:\\\/\\\/lasentinelle.dz\\\/\",\"logo\":{\"@type\":\"ImageObject\",\"inLanguage\":\"fr-FR\",\"@id\":\"https:\\\/\\\/lasentinelle.dz\\\/#\\\/schema\\\/logo\\\/image\\\/\",\"url\":\"https:\\\/\\\/lasentinelle.dz\\\/wp-content\\\/uploads\\\/2021\\\/09\\\/logo-sentinelleSLOGAN-1.png\",\"contentUrl\":\"https:\\\/\\\/lasentinelle.dz\\\/wp-content\\\/uploads\\\/2021\\\/09\\\/logo-sentinelleSLOGAN-1.png\",\"width\":615,\"height\":142,\"caption\":\"Quotidien La Sentinelle\"},\"image\":{\"@id\":\"https:\\\/\\\/lasentinelle.dz\\\/#\\\/schema\\\/logo\\\/image\\\/\"},\"sameAs\":[\"https:\\\/\\\/www.facebook.com\\\/La-Sentinelle-104059864394773\"]},{\"@type\":\"Person\",\"@id\":\"https:\\\/\\\/lasentinelle.dz\\\/#\\\/schema\\\/person\\\/729ee0024f24e0b8c5ec17232f8e8b41\",\"name\":\"admin\",\"image\":{\"@type\":\"ImageObject\",\"inLanguage\":\"fr-FR\",\"@id\":\"https:\\\/\\\/secure.gravatar.com\\\/avatar\\\/4c81fed838786e9b53f540bf46533e750f5d292099ae3b66cfc6fb1982e29df7?s=96&d=mm&r=g\",\"url\":\"https:\\\/\\\/secure.gravatar.com\\\/avatar\\\/4c81fed838786e9b53f540bf46533e750f5d292099ae3b66cfc6fb1982e29df7?s=96&d=mm&r=g\",\"contentUrl\":\"https:\\\/\\\/secure.gravatar.com\\\/avatar\\\/4c81fed838786e9b53f540bf46533e750f5d292099ae3b66cfc6fb1982e29df7?s=96&d=mm&r=g\",\"caption\":\"admin\"},\"description\":\"admin\",\"url\":\"https:\\\/\\\/lasentinelle.dz\\\/author\\\/admin\\\/\"}]}<\/script>\n<!-- \/ Yoast SEO plugin. -->","yoast_head_json":{"title":"4e Salon national du livre amazigh \u00e0 Ouacif : Une c\u00e9l\u00e9bration litt\u00e9raire du patrimoine - La Sentinelle","robots":{"index":"index","follow":"follow","max-snippet":"max-snippet:-1","max-image-preview":"max-image-preview:large","max-video-preview":"max-video-preview:-1"},"canonical":"https:\/\/lasentinelle.dz\/index.php\/2025\/05\/06\/4e-salon-national-du-livre-amazigh-a-ouacif-une-celebration-litteraire-du-patrimoine\/","og_locale":"fr_FR","og_type":"article","og_title":"4e Salon national du livre amazigh \u00e0 Ouacif : Une c\u00e9l\u00e9bration litt\u00e9raire du patrimoine - La Sentinelle","og_description":"C&rsquo;est dans un cadre empreint de solennit\u00e9 culturelle que s&rsquo;est ouverte mercredi la quatri\u00e8me \u00e9dition du Salon National du Livre","og_url":"https:\/\/lasentinelle.dz\/index.php\/2025\/05\/06\/4e-salon-national-du-livre-amazigh-a-ouacif-une-celebration-litteraire-du-patrimoine\/","og_site_name":"La Sentinelle","article_publisher":"https:\/\/www.facebook.com\/La-Sentinelle-104059864394773","article_published_time":"2025-05-06T10:27:08+00:00","article_modified_time":"2025-05-06T10:27:09+00:00","og_image":[{"width":1000,"height":750,"url":"https:\/\/lasentinelle.dz\/wp-content\/uploads\/2025\/05\/Salon.jpg","type":"image\/jpeg"}],"author":"admin","twitter_card":"summary_large_image","twitter_misc":{"\u00c9crit par":"admin","Dur\u00e9e de lecture estim\u00e9e":"3 minutes"},"schema":{"@context":"https:\/\/schema.org","@graph":[{"@type":"Article","@id":"https:\/\/lasentinelle.dz\/index.php\/2025\/05\/06\/4e-salon-national-du-livre-amazigh-a-ouacif-une-celebration-litteraire-du-patrimoine\/#article","isPartOf":{"@id":"https:\/\/lasentinelle.dz\/index.php\/2025\/05\/06\/4e-salon-national-du-livre-amazigh-a-ouacif-une-celebration-litteraire-du-patrimoine\/"},"author":{"name":"admin","@id":"https:\/\/lasentinelle.dz\/#\/schema\/person\/729ee0024f24e0b8c5ec17232f8e8b41"},"headline":"4e Salon national du livre amazigh \u00e0 Ouacif : Une c\u00e9l\u00e9bration litt\u00e9raire du patrimoine","datePublished":"2025-05-06T10:27:08+00:00","dateModified":"2025-05-06T10:27:09+00:00","mainEntityOfPage":{"@id":"https:\/\/lasentinelle.dz\/index.php\/2025\/05\/06\/4e-salon-national-du-livre-amazigh-a-ouacif-une-celebration-litteraire-du-patrimoine\/"},"wordCount":643,"commentCount":0,"publisher":{"@id":"https:\/\/lasentinelle.dz\/#organization"},"image":{"@id":"https:\/\/lasentinelle.dz\/index.php\/2025\/05\/06\/4e-salon-national-du-livre-amazigh-a-ouacif-une-celebration-litteraire-du-patrimoine\/#primaryimage"},"thumbnailUrl":"https:\/\/lasentinelle.dz\/wp-content\/uploads\/2025\/05\/Salon.jpg","articleSection":["Culture"],"inLanguage":"fr-FR","potentialAction":[{"@type":"CommentAction","name":"Comment","target":["https:\/\/lasentinelle.dz\/index.php\/2025\/05\/06\/4e-salon-national-du-livre-amazigh-a-ouacif-une-celebration-litteraire-du-patrimoine\/#respond"]}]},{"@type":"WebPage","@id":"https:\/\/lasentinelle.dz\/index.php\/2025\/05\/06\/4e-salon-national-du-livre-amazigh-a-ouacif-une-celebration-litteraire-du-patrimoine\/","url":"https:\/\/lasentinelle.dz\/index.php\/2025\/05\/06\/4e-salon-national-du-livre-amazigh-a-ouacif-une-celebration-litteraire-du-patrimoine\/","name":"4e Salon national du livre amazigh \u00e0 Ouacif : Une c\u00e9l\u00e9bration litt\u00e9raire du patrimoine - La Sentinelle","isPartOf":{"@id":"https:\/\/lasentinelle.dz\/#website"},"primaryImageOfPage":{"@id":"https:\/\/lasentinelle.dz\/index.php\/2025\/05\/06\/4e-salon-national-du-livre-amazigh-a-ouacif-une-celebration-litteraire-du-patrimoine\/#primaryimage"},"image":{"@id":"https:\/\/lasentinelle.dz\/index.php\/2025\/05\/06\/4e-salon-national-du-livre-amazigh-a-ouacif-une-celebration-litteraire-du-patrimoine\/#primaryimage"},"thumbnailUrl":"https:\/\/lasentinelle.dz\/wp-content\/uploads\/2025\/05\/Salon.jpg","datePublished":"2025-05-06T10:27:08+00:00","dateModified":"2025-05-06T10:27:09+00:00","breadcrumb":{"@id":"https:\/\/lasentinelle.dz\/index.php\/2025\/05\/06\/4e-salon-national-du-livre-amazigh-a-ouacif-une-celebration-litteraire-du-patrimoine\/#breadcrumb"},"inLanguage":"fr-FR","potentialAction":[{"@type":"ReadAction","target":["https:\/\/lasentinelle.dz\/index.php\/2025\/05\/06\/4e-salon-national-du-livre-amazigh-a-ouacif-une-celebration-litteraire-du-patrimoine\/"]}]},{"@type":"ImageObject","inLanguage":"fr-FR","@id":"https:\/\/lasentinelle.dz\/index.php\/2025\/05\/06\/4e-salon-national-du-livre-amazigh-a-ouacif-une-celebration-litteraire-du-patrimoine\/#primaryimage","url":"https:\/\/lasentinelle.dz\/wp-content\/uploads\/2025\/05\/Salon.jpg","contentUrl":"https:\/\/lasentinelle.dz\/wp-content\/uploads\/2025\/05\/Salon.jpg","width":1000,"height":750},{"@type":"BreadcrumbList","@id":"https:\/\/lasentinelle.dz\/index.php\/2025\/05\/06\/4e-salon-national-du-livre-amazigh-a-ouacif-une-celebration-litteraire-du-patrimoine\/#breadcrumb","itemListElement":[{"@type":"ListItem","position":1,"name":"Accueil","item":"https:\/\/lasentinelle.dz\/"},{"@type":"ListItem","position":2,"name":"4e Salon national du livre amazigh \u00e0 Ouacif : Une c\u00e9l\u00e9bration litt\u00e9raire du patrimoine"}]},{"@type":"WebSite","@id":"https:\/\/lasentinelle.dz\/#website","url":"https:\/\/lasentinelle.dz\/","name":"La Sentinelle","description":"Quotidien national d&#039;information","publisher":{"@id":"https:\/\/lasentinelle.dz\/#organization"},"potentialAction":[{"@type":"SearchAction","target":{"@type":"EntryPoint","urlTemplate":"https:\/\/lasentinelle.dz\/?s={search_term_string}"},"query-input":{"@type":"PropertyValueSpecification","valueRequired":true,"valueName":"search_term_string"}}],"inLanguage":"fr-FR"},{"@type":"Organization","@id":"https:\/\/lasentinelle.dz\/#organization","name":"Quotidien La Sentinelle","url":"https:\/\/lasentinelle.dz\/","logo":{"@type":"ImageObject","inLanguage":"fr-FR","@id":"https:\/\/lasentinelle.dz\/#\/schema\/logo\/image\/","url":"https:\/\/lasentinelle.dz\/wp-content\/uploads\/2021\/09\/logo-sentinelleSLOGAN-1.png","contentUrl":"https:\/\/lasentinelle.dz\/wp-content\/uploads\/2021\/09\/logo-sentinelleSLOGAN-1.png","width":615,"height":142,"caption":"Quotidien La Sentinelle"},"image":{"@id":"https:\/\/lasentinelle.dz\/#\/schema\/logo\/image\/"},"sameAs":["https:\/\/www.facebook.com\/La-Sentinelle-104059864394773"]},{"@type":"Person","@id":"https:\/\/lasentinelle.dz\/#\/schema\/person\/729ee0024f24e0b8c5ec17232f8e8b41","name":"admin","image":{"@type":"ImageObject","inLanguage":"fr-FR","@id":"https:\/\/secure.gravatar.com\/avatar\/4c81fed838786e9b53f540bf46533e750f5d292099ae3b66cfc6fb1982e29df7?s=96&d=mm&r=g","url":"https:\/\/secure.gravatar.com\/avatar\/4c81fed838786e9b53f540bf46533e750f5d292099ae3b66cfc6fb1982e29df7?s=96&d=mm&r=g","contentUrl":"https:\/\/secure.gravatar.com\/avatar\/4c81fed838786e9b53f540bf46533e750f5d292099ae3b66cfc6fb1982e29df7?s=96&d=mm&r=g","caption":"admin"},"description":"admin","url":"https:\/\/lasentinelle.dz\/author\/admin\/"}]}},"_links":{"self":[{"href":"https:\/\/lasentinelle.dz\/index.php\/wp-json\/wp\/v2\/posts\/66853","targetHints":{"allow":["GET"]}}],"collection":[{"href":"https:\/\/lasentinelle.dz\/index.php\/wp-json\/wp\/v2\/posts"}],"about":[{"href":"https:\/\/lasentinelle.dz\/index.php\/wp-json\/wp\/v2\/types\/post"}],"author":[{"embeddable":true,"href":"https:\/\/lasentinelle.dz\/index.php\/wp-json\/wp\/v2\/users\/6"}],"replies":[{"embeddable":true,"href":"https:\/\/lasentinelle.dz\/index.php\/wp-json\/wp\/v2\/comments?post=66853"}],"version-history":[{"count":1,"href":"https:\/\/lasentinelle.dz\/index.php\/wp-json\/wp\/v2\/posts\/66853\/revisions"}],"predecessor-version":[{"id":66855,"href":"https:\/\/lasentinelle.dz\/index.php\/wp-json\/wp\/v2\/posts\/66853\/revisions\/66855"}],"wp:featuredmedia":[{"embeddable":true,"href":"https:\/\/lasentinelle.dz\/index.php\/wp-json\/wp\/v2\/media\/66854"}],"wp:attachment":[{"href":"https:\/\/lasentinelle.dz\/index.php\/wp-json\/wp\/v2\/media?parent=66853"}],"wp:term":[{"taxonomy":"category","embeddable":true,"href":"https:\/\/lasentinelle.dz\/index.php\/wp-json\/wp\/v2\/categories?post=66853"},{"taxonomy":"post_tag","embeddable":true,"href":"https:\/\/lasentinelle.dz\/index.php\/wp-json\/wp\/v2\/tags?post=66853"}],"curies":[{"name":"wp","href":"https:\/\/api.w.org\/{rel}","templated":true}]}}