{"id":66871,"date":"2025-05-06T11:42:40","date_gmt":"2025-05-06T10:42:40","guid":{"rendered":"https:\/\/lasentinelle.dz\/?p=66871"},"modified":"2025-05-06T11:42:40","modified_gmt":"2025-05-06T10:42:40","slug":"universite-badji-mokhtar-dannaba-une-nouvelle-ecole-normale-superieure-pour-la-formation-des-enseignants","status":"publish","type":"post","link":"https:\/\/lasentinelle.dz\/index.php\/2025\/05\/06\/universite-badji-mokhtar-dannaba-une-nouvelle-ecole-normale-superieure-pour-la-formation-des-enseignants\/","title":{"rendered":"Universit\u00e9 Badji Mokhtar d&rsquo;Annaba : Une nouvelle \u00c9cole Normale Sup\u00e9rieure pour la formation des enseignants"},"content":{"rendered":"\n<p>Le nouvel \u00e9tablissement b\u00e9n\u00e9ficiera aux candidats du secteur de l&rsquo;\u00e9ducation de six wilayas de l&rsquo;est du pays : Annaba, El Tarf, Skikda, Souk Ahras, Guelma et T\u00e9bessa. La structure proposera au total 853 postes p\u00e9dagogiques r\u00e9partis entre les trois cycles d&rsquo;enseignement.<\/p>\n\n\n\n<p>Une \u00c9cole Normale Sup\u00e9rieure (ENS) ouvrira ses portes \u00e0 l&rsquo;universit\u00e9 Badji Mokhtar d&rsquo;Annaba (UBM) pour l&rsquo;ann\u00e9e universitaire 2025-2026, selon une source universitaire. Cette cr\u00e9ation, qui a re\u00e7u l&rsquo;aval du minist\u00e8re de l&rsquo;Enseignement sup\u00e9rieur et de la Recherche scientifique, s&rsquo;inscrit dans une strat\u00e9gie nationale visant \u00e0 am\u00e9liorer la professionnalisation du m\u00e9tier d&rsquo;enseignant et \u00e0 r\u00e9pondre aux exigences de la r\u00e9forme du syst\u00e8me \u00e9ducatif alg\u00e9rien. Ce nouvel \u00e9tablissement b\u00e9n\u00e9ficiera aux candidats du secteur de l&rsquo;\u00e9ducation de six wilayas de l&rsquo;est du pays : Annaba, El Tarf, Skikda, Souk Ahras, Guelma et T\u00e9bessa. La structure proposera au total 853 postes p\u00e9dagogiques r\u00e9partis entre les trois cycles d&rsquo;enseignement.<\/p>\n\n\n\n<p>Pour le cycle d&rsquo;enseignement primaire, 241 postes seront destin\u00e9s aux enseignants polyvalents dans les disciplines de base telles que la langue arabe, l&rsquo;anglais et le fran\u00e7ais. Ce cycle s&rsquo;adresse principalement aux \u00e9tudiants issus des wilayas d&rsquo;Annaba, d&rsquo;El Tarf, de Skikda et de T\u00e9bessa. Concernant le cycle d&rsquo;enseignement moyen, il inclura 381 postes couvrant un \u00e9ventail plus large de sp\u00e9cialit\u00e9s : les langues (arabe, anglais, fran\u00e7ais), l&rsquo;histoire et la g\u00e9ographie, ainsi que les sciences naturelles, l&rsquo;informatique et les math\u00e9matiques. Ce cycle est ouvert aux r\u00e9sidents des wilayas d&rsquo;Annaba, d&rsquo;El Tarf, de Skikda, de T\u00e9bessa et de Guelma.<\/p>\n\n\n\n<p>Quant au cycle d&rsquo;enseignement secondaire, 231 postes seront propos\u00e9s dans plusieurs sp\u00e9cialit\u00e9s comme les sciences physiques, les langues fran\u00e7aise et anglaise, ainsi que l&rsquo;histoire, la g\u00e9ographie et la philosophie. Ce cycle concerne les candidats des six wilayas mentionn\u00e9es pr\u00e9c\u00e9demment. Cette \u00c9cole Normale Sup\u00e9rieure repr\u00e9sente une valeur ajout\u00e9e significative pour la qualit\u00e9 de l&rsquo;enseignement dans la r\u00e9gion et contribuera certainement \u00e0 \u00e9lever le niveau des \u00e9l\u00e8ves des trois paliers du syst\u00e8me \u00e9ducatif.<\/p>\n\n\n\n<p><strong>Sofia Chahine<\/strong><\/p>\n","protected":false},"excerpt":{"rendered":"<p>Le nouvel \u00e9tablissement b\u00e9n\u00e9ficiera aux candidats du secteur de l&rsquo;\u00e9ducation de six wilayas de l&rsquo;est du pays : Annaba, El<\/p>\n","protected":false},"author":6,"featured_media":53953,"comment_status":"open","ping_status":"closed","sticky":false,"template":"","format":"standard","meta":{"colormag_page_container_layout":"default_layout","colormag_page_sidebar_layout":"default_layout","om_disable_all_campaigns":false,"_monsterinsights_skip_tracking":false,"_monsterinsights_sitenote_active":false,"_monsterinsights_sitenote_note":"","_monsterinsights_sitenote_category":0,"footnotes":"","_wpscppro_dont_share_socialmedia":false,"_wpscppro_custom_social_share_image":0,"_facebook_share_type":"default","_twitter_share_type":"default","_linkedin_share_type":"default","_pinterest_share_type":"default","_linkedin_share_type_page":"","_instagram_share_type":"default","_medium_share_type":"default","_threads_share_type":"","_google_business_share_type":"","_selected_social_profile":[],"_wpsp_enable_custom_social_template":false,"_wpsp_social_scheduling":{"enabled":false,"datetime":null,"platforms":[],"status":"template_only","dateOption":"today","timeOption":"now","customDays":"","customHours":"","customDate":"","customTime":"","schedulingType":"absolute"},"_wpsp_active_default_template":true},"categories":[31],"tags":[],"class_list":["post-66871","post","type-post","status-publish","format-standard","has-post-thumbnail","hentry","category-regions"],"aioseo_notices":[],"yoast_head":"<!-- This site is optimized with the Yoast SEO plugin v27.5 - https:\/\/yoast.com\/product\/yoast-seo-wordpress\/ -->\n<title>Universit\u00e9 Badji Mokhtar d&rsquo;Annaba : Une nouvelle \u00c9cole Normale Sup\u00e9rieure pour la formation des enseignants - La Sentinelle<\/title>\n<meta name=\"robots\" content=\"index, follow, max-snippet:-1, max-image-preview:large, max-video-preview:-1\" \/>\n<link rel=\"canonical\" href=\"https:\/\/lasentinelle.dz\/index.php\/2025\/05\/06\/universite-badji-mokhtar-dannaba-une-nouvelle-ecole-normale-superieure-pour-la-formation-des-enseignants\/\" \/>\n<meta property=\"og:locale\" content=\"fr_FR\" \/>\n<meta property=\"og:type\" content=\"article\" \/>\n<meta property=\"og:title\" content=\"Universit\u00e9 Badji Mokhtar d&rsquo;Annaba : Une nouvelle \u00c9cole Normale Sup\u00e9rieure pour la formation des enseignants - La Sentinelle\" \/>\n<meta property=\"og:description\" content=\"Le nouvel \u00e9tablissement b\u00e9n\u00e9ficiera aux candidats du secteur de l&rsquo;\u00e9ducation de six wilayas de l&rsquo;est du pays : Annaba, El\" \/>\n<meta property=\"og:url\" content=\"https:\/\/lasentinelle.dz\/index.php\/2025\/05\/06\/universite-badji-mokhtar-dannaba-une-nouvelle-ecole-normale-superieure-pour-la-formation-des-enseignants\/\" \/>\n<meta property=\"og:site_name\" content=\"La Sentinelle\" \/>\n<meta property=\"article:publisher\" content=\"https:\/\/www.facebook.com\/La-Sentinelle-104059864394773\" \/>\n<meta property=\"article:published_time\" content=\"2025-05-06T10:42:40+00:00\" \/>\n<meta property=\"og:image\" content=\"https:\/\/lasentinelle.dz\/wp-content\/uploads\/2024\/07\/universite-dAnnaba.jpeg\" \/>\n\t<meta property=\"og:image:width\" content=\"960\" \/>\n\t<meta property=\"og:image:height\" content=\"720\" \/>\n\t<meta property=\"og:image:type\" content=\"image\/jpeg\" \/>\n<meta name=\"author\" content=\"admin\" \/>\n<meta name=\"twitter:card\" content=\"summary_large_image\" \/>\n<meta name=\"twitter:label1\" content=\"\u00c9crit par\" \/>\n\t<meta name=\"twitter:data1\" content=\"admin\" \/>\n\t<meta name=\"twitter:label2\" content=\"Dur\u00e9e de lecture estim\u00e9e\" \/>\n\t<meta name=\"twitter:data2\" content=\"2 minutes\" \/>\n<script type=\"application\/ld+json\" class=\"yoast-schema-graph\">{\"@context\":\"https:\\\/\\\/schema.org\",\"@graph\":[{\"@type\":\"Article\",\"@id\":\"https:\\\/\\\/lasentinelle.dz\\\/index.php\\\/2025\\\/05\\\/06\\\/universite-badji-mokhtar-dannaba-une-nouvelle-ecole-normale-superieure-pour-la-formation-des-enseignants\\\/#article\",\"isPartOf\":{\"@id\":\"https:\\\/\\\/lasentinelle.dz\\\/index.php\\\/2025\\\/05\\\/06\\\/universite-badji-mokhtar-dannaba-une-nouvelle-ecole-normale-superieure-pour-la-formation-des-enseignants\\\/\"},\"author\":{\"name\":\"admin\",\"@id\":\"https:\\\/\\\/lasentinelle.dz\\\/#\\\/schema\\\/person\\\/729ee0024f24e0b8c5ec17232f8e8b41\"},\"headline\":\"Universit\u00e9 Badji Mokhtar d&rsquo;Annaba : Une nouvelle \u00c9cole Normale Sup\u00e9rieure pour la formation des enseignants\",\"datePublished\":\"2025-05-06T10:42:40+00:00\",\"mainEntityOfPage\":{\"@id\":\"https:\\\/\\\/lasentinelle.dz\\\/index.php\\\/2025\\\/05\\\/06\\\/universite-badji-mokhtar-dannaba-une-nouvelle-ecole-normale-superieure-pour-la-formation-des-enseignants\\\/\"},\"wordCount\":392,\"commentCount\":0,\"publisher\":{\"@id\":\"https:\\\/\\\/lasentinelle.dz\\\/#organization\"},\"image\":{\"@id\":\"https:\\\/\\\/lasentinelle.dz\\\/index.php\\\/2025\\\/05\\\/06\\\/universite-badji-mokhtar-dannaba-une-nouvelle-ecole-normale-superieure-pour-la-formation-des-enseignants\\\/#primaryimage\"},\"thumbnailUrl\":\"https:\\\/\\\/lasentinelle.dz\\\/wp-content\\\/uploads\\\/2024\\\/07\\\/universite-dAnnaba.jpeg\",\"articleSection\":[\"R\u00e9gions\"],\"inLanguage\":\"fr-FR\",\"potentialAction\":[{\"@type\":\"CommentAction\",\"name\":\"Comment\",\"target\":[\"https:\\\/\\\/lasentinelle.dz\\\/index.php\\\/2025\\\/05\\\/06\\\/universite-badji-mokhtar-dannaba-une-nouvelle-ecole-normale-superieure-pour-la-formation-des-enseignants\\\/#respond\"]}]},{\"@type\":\"WebPage\",\"@id\":\"https:\\\/\\\/lasentinelle.dz\\\/index.php\\\/2025\\\/05\\\/06\\\/universite-badji-mokhtar-dannaba-une-nouvelle-ecole-normale-superieure-pour-la-formation-des-enseignants\\\/\",\"url\":\"https:\\\/\\\/lasentinelle.dz\\\/index.php\\\/2025\\\/05\\\/06\\\/universite-badji-mokhtar-dannaba-une-nouvelle-ecole-normale-superieure-pour-la-formation-des-enseignants\\\/\",\"name\":\"Universit\u00e9 Badji Mokhtar d&rsquo;Annaba : Une nouvelle \u00c9cole Normale Sup\u00e9rieure pour la formation des enseignants - La Sentinelle\",\"isPartOf\":{\"@id\":\"https:\\\/\\\/lasentinelle.dz\\\/#website\"},\"primaryImageOfPage\":{\"@id\":\"https:\\\/\\\/lasentinelle.dz\\\/index.php\\\/2025\\\/05\\\/06\\\/universite-badji-mokhtar-dannaba-une-nouvelle-ecole-normale-superieure-pour-la-formation-des-enseignants\\\/#primaryimage\"},\"image\":{\"@id\":\"https:\\\/\\\/lasentinelle.dz\\\/index.php\\\/2025\\\/05\\\/06\\\/universite-badji-mokhtar-dannaba-une-nouvelle-ecole-normale-superieure-pour-la-formation-des-enseignants\\\/#primaryimage\"},\"thumbnailUrl\":\"https:\\\/\\\/lasentinelle.dz\\\/wp-content\\\/uploads\\\/2024\\\/07\\\/universite-dAnnaba.jpeg\",\"datePublished\":\"2025-05-06T10:42:40+00:00\",\"breadcrumb\":{\"@id\":\"https:\\\/\\\/lasentinelle.dz\\\/index.php\\\/2025\\\/05\\\/06\\\/universite-badji-mokhtar-dannaba-une-nouvelle-ecole-normale-superieure-pour-la-formation-des-enseignants\\\/#breadcrumb\"},\"inLanguage\":\"fr-FR\",\"potentialAction\":[{\"@type\":\"ReadAction\",\"target\":[\"https:\\\/\\\/lasentinelle.dz\\\/index.php\\\/2025\\\/05\\\/06\\\/universite-badji-mokhtar-dannaba-une-nouvelle-ecole-normale-superieure-pour-la-formation-des-enseignants\\\/\"]}]},{\"@type\":\"ImageObject\",\"inLanguage\":\"fr-FR\",\"@id\":\"https:\\\/\\\/lasentinelle.dz\\\/index.php\\\/2025\\\/05\\\/06\\\/universite-badji-mokhtar-dannaba-une-nouvelle-ecole-normale-superieure-pour-la-formation-des-enseignants\\\/#primaryimage\",\"url\":\"https:\\\/\\\/lasentinelle.dz\\\/wp-content\\\/uploads\\\/2024\\\/07\\\/universite-dAnnaba.jpeg\",\"contentUrl\":\"https:\\\/\\\/lasentinelle.dz\\\/wp-content\\\/uploads\\\/2024\\\/07\\\/universite-dAnnaba.jpeg\",\"width\":960,\"height\":720},{\"@type\":\"BreadcrumbList\",\"@id\":\"https:\\\/\\\/lasentinelle.dz\\\/index.php\\\/2025\\\/05\\\/06\\\/universite-badji-mokhtar-dannaba-une-nouvelle-ecole-normale-superieure-pour-la-formation-des-enseignants\\\/#breadcrumb\",\"itemListElement\":[{\"@type\":\"ListItem\",\"position\":1,\"name\":\"Accueil\",\"item\":\"https:\\\/\\\/lasentinelle.dz\\\/\"},{\"@type\":\"ListItem\",\"position\":2,\"name\":\"Universit\u00e9 Badji Mokhtar d&rsquo;Annaba : Une nouvelle \u00c9cole Normale Sup\u00e9rieure pour la formation des enseignants\"}]},{\"@type\":\"WebSite\",\"@id\":\"https:\\\/\\\/lasentinelle.dz\\\/#website\",\"url\":\"https:\\\/\\\/lasentinelle.dz\\\/\",\"name\":\"La Sentinelle\",\"description\":\"Quotidien national d&#039;information\",\"publisher\":{\"@id\":\"https:\\\/\\\/lasentinelle.dz\\\/#organization\"},\"potentialAction\":[{\"@type\":\"SearchAction\",\"target\":{\"@type\":\"EntryPoint\",\"urlTemplate\":\"https:\\\/\\\/lasentinelle.dz\\\/?s={search_term_string}\"},\"query-input\":{\"@type\":\"PropertyValueSpecification\",\"valueRequired\":true,\"valueName\":\"search_term_string\"}}],\"inLanguage\":\"fr-FR\"},{\"@type\":\"Organization\",\"@id\":\"https:\\\/\\\/lasentinelle.dz\\\/#organization\",\"name\":\"Quotidien La Sentinelle\",\"url\":\"https:\\\/\\\/lasentinelle.dz\\\/\",\"logo\":{\"@type\":\"ImageObject\",\"inLanguage\":\"fr-FR\",\"@id\":\"https:\\\/\\\/lasentinelle.dz\\\/#\\\/schema\\\/logo\\\/image\\\/\",\"url\":\"https:\\\/\\\/lasentinelle.dz\\\/wp-content\\\/uploads\\\/2021\\\/09\\\/logo-sentinelleSLOGAN-1.png\",\"contentUrl\":\"https:\\\/\\\/lasentinelle.dz\\\/wp-content\\\/uploads\\\/2021\\\/09\\\/logo-sentinelleSLOGAN-1.png\",\"width\":615,\"height\":142,\"caption\":\"Quotidien La Sentinelle\"},\"image\":{\"@id\":\"https:\\\/\\\/lasentinelle.dz\\\/#\\\/schema\\\/logo\\\/image\\\/\"},\"sameAs\":[\"https:\\\/\\\/www.facebook.com\\\/La-Sentinelle-104059864394773\"]},{\"@type\":\"Person\",\"@id\":\"https:\\\/\\\/lasentinelle.dz\\\/#\\\/schema\\\/person\\\/729ee0024f24e0b8c5ec17232f8e8b41\",\"name\":\"admin\",\"image\":{\"@type\":\"ImageObject\",\"inLanguage\":\"fr-FR\",\"@id\":\"https:\\\/\\\/secure.gravatar.com\\\/avatar\\\/4c81fed838786e9b53f540bf46533e750f5d292099ae3b66cfc6fb1982e29df7?s=96&d=mm&r=g\",\"url\":\"https:\\\/\\\/secure.gravatar.com\\\/avatar\\\/4c81fed838786e9b53f540bf46533e750f5d292099ae3b66cfc6fb1982e29df7?s=96&d=mm&r=g\",\"contentUrl\":\"https:\\\/\\\/secure.gravatar.com\\\/avatar\\\/4c81fed838786e9b53f540bf46533e750f5d292099ae3b66cfc6fb1982e29df7?s=96&d=mm&r=g\",\"caption\":\"admin\"},\"description\":\"admin\",\"url\":\"https:\\\/\\\/lasentinelle.dz\\\/author\\\/admin\\\/\"}]}<\/script>\n<!-- \/ Yoast SEO plugin. -->","yoast_head_json":{"title":"Universit\u00e9 Badji Mokhtar d&rsquo;Annaba : Une nouvelle \u00c9cole Normale Sup\u00e9rieure pour la formation des enseignants - La Sentinelle","robots":{"index":"index","follow":"follow","max-snippet":"max-snippet:-1","max-image-preview":"max-image-preview:large","max-video-preview":"max-video-preview:-1"},"canonical":"https:\/\/lasentinelle.dz\/index.php\/2025\/05\/06\/universite-badji-mokhtar-dannaba-une-nouvelle-ecole-normale-superieure-pour-la-formation-des-enseignants\/","og_locale":"fr_FR","og_type":"article","og_title":"Universit\u00e9 Badji Mokhtar d&rsquo;Annaba : Une nouvelle \u00c9cole Normale Sup\u00e9rieure pour la formation des enseignants - La Sentinelle","og_description":"Le nouvel \u00e9tablissement b\u00e9n\u00e9ficiera aux candidats du secteur de l&rsquo;\u00e9ducation de six wilayas de l&rsquo;est du pays : Annaba, El","og_url":"https:\/\/lasentinelle.dz\/index.php\/2025\/05\/06\/universite-badji-mokhtar-dannaba-une-nouvelle-ecole-normale-superieure-pour-la-formation-des-enseignants\/","og_site_name":"La Sentinelle","article_publisher":"https:\/\/www.facebook.com\/La-Sentinelle-104059864394773","article_published_time":"2025-05-06T10:42:40+00:00","og_image":[{"width":960,"height":720,"url":"https:\/\/lasentinelle.dz\/wp-content\/uploads\/2024\/07\/universite-dAnnaba.jpeg","type":"image\/jpeg"}],"author":"admin","twitter_card":"summary_large_image","twitter_misc":{"\u00c9crit par":"admin","Dur\u00e9e de lecture estim\u00e9e":"2 minutes"},"schema":{"@context":"https:\/\/schema.org","@graph":[{"@type":"Article","@id":"https:\/\/lasentinelle.dz\/index.php\/2025\/05\/06\/universite-badji-mokhtar-dannaba-une-nouvelle-ecole-normale-superieure-pour-la-formation-des-enseignants\/#article","isPartOf":{"@id":"https:\/\/lasentinelle.dz\/index.php\/2025\/05\/06\/universite-badji-mokhtar-dannaba-une-nouvelle-ecole-normale-superieure-pour-la-formation-des-enseignants\/"},"author":{"name":"admin","@id":"https:\/\/lasentinelle.dz\/#\/schema\/person\/729ee0024f24e0b8c5ec17232f8e8b41"},"headline":"Universit\u00e9 Badji Mokhtar d&rsquo;Annaba : Une nouvelle \u00c9cole Normale Sup\u00e9rieure pour la formation des enseignants","datePublished":"2025-05-06T10:42:40+00:00","mainEntityOfPage":{"@id":"https:\/\/lasentinelle.dz\/index.php\/2025\/05\/06\/universite-badji-mokhtar-dannaba-une-nouvelle-ecole-normale-superieure-pour-la-formation-des-enseignants\/"},"wordCount":392,"commentCount":0,"publisher":{"@id":"https:\/\/lasentinelle.dz\/#organization"},"image":{"@id":"https:\/\/lasentinelle.dz\/index.php\/2025\/05\/06\/universite-badji-mokhtar-dannaba-une-nouvelle-ecole-normale-superieure-pour-la-formation-des-enseignants\/#primaryimage"},"thumbnailUrl":"https:\/\/lasentinelle.dz\/wp-content\/uploads\/2024\/07\/universite-dAnnaba.jpeg","articleSection":["R\u00e9gions"],"inLanguage":"fr-FR","potentialAction":[{"@type":"CommentAction","name":"Comment","target":["https:\/\/lasentinelle.dz\/index.php\/2025\/05\/06\/universite-badji-mokhtar-dannaba-une-nouvelle-ecole-normale-superieure-pour-la-formation-des-enseignants\/#respond"]}]},{"@type":"WebPage","@id":"https:\/\/lasentinelle.dz\/index.php\/2025\/05\/06\/universite-badji-mokhtar-dannaba-une-nouvelle-ecole-normale-superieure-pour-la-formation-des-enseignants\/","url":"https:\/\/lasentinelle.dz\/index.php\/2025\/05\/06\/universite-badji-mokhtar-dannaba-une-nouvelle-ecole-normale-superieure-pour-la-formation-des-enseignants\/","name":"Universit\u00e9 Badji Mokhtar d&rsquo;Annaba : Une nouvelle \u00c9cole Normale Sup\u00e9rieure pour la formation des enseignants - La Sentinelle","isPartOf":{"@id":"https:\/\/lasentinelle.dz\/#website"},"primaryImageOfPage":{"@id":"https:\/\/lasentinelle.dz\/index.php\/2025\/05\/06\/universite-badji-mokhtar-dannaba-une-nouvelle-ecole-normale-superieure-pour-la-formation-des-enseignants\/#primaryimage"},"image":{"@id":"https:\/\/lasentinelle.dz\/index.php\/2025\/05\/06\/universite-badji-mokhtar-dannaba-une-nouvelle-ecole-normale-superieure-pour-la-formation-des-enseignants\/#primaryimage"},"thumbnailUrl":"https:\/\/lasentinelle.dz\/wp-content\/uploads\/2024\/07\/universite-dAnnaba.jpeg","datePublished":"2025-05-06T10:42:40+00:00","breadcrumb":{"@id":"https:\/\/lasentinelle.dz\/index.php\/2025\/05\/06\/universite-badji-mokhtar-dannaba-une-nouvelle-ecole-normale-superieure-pour-la-formation-des-enseignants\/#breadcrumb"},"inLanguage":"fr-FR","potentialAction":[{"@type":"ReadAction","target":["https:\/\/lasentinelle.dz\/index.php\/2025\/05\/06\/universite-badji-mokhtar-dannaba-une-nouvelle-ecole-normale-superieure-pour-la-formation-des-enseignants\/"]}]},{"@type":"ImageObject","inLanguage":"fr-FR","@id":"https:\/\/lasentinelle.dz\/index.php\/2025\/05\/06\/universite-badji-mokhtar-dannaba-une-nouvelle-ecole-normale-superieure-pour-la-formation-des-enseignants\/#primaryimage","url":"https:\/\/lasentinelle.dz\/wp-content\/uploads\/2024\/07\/universite-dAnnaba.jpeg","contentUrl":"https:\/\/lasentinelle.dz\/wp-content\/uploads\/2024\/07\/universite-dAnnaba.jpeg","width":960,"height":720},{"@type":"BreadcrumbList","@id":"https:\/\/lasentinelle.dz\/index.php\/2025\/05\/06\/universite-badji-mokhtar-dannaba-une-nouvelle-ecole-normale-superieure-pour-la-formation-des-enseignants\/#breadcrumb","itemListElement":[{"@type":"ListItem","position":1,"name":"Accueil","item":"https:\/\/lasentinelle.dz\/"},{"@type":"ListItem","position":2,"name":"Universit\u00e9 Badji Mokhtar d&rsquo;Annaba : Une nouvelle \u00c9cole Normale Sup\u00e9rieure pour la formation des enseignants"}]},{"@type":"WebSite","@id":"https:\/\/lasentinelle.dz\/#website","url":"https:\/\/lasentinelle.dz\/","name":"La Sentinelle","description":"Quotidien national d&#039;information","publisher":{"@id":"https:\/\/lasentinelle.dz\/#organization"},"potentialAction":[{"@type":"SearchAction","target":{"@type":"EntryPoint","urlTemplate":"https:\/\/lasentinelle.dz\/?s={search_term_string}"},"query-input":{"@type":"PropertyValueSpecification","valueRequired":true,"valueName":"search_term_string"}}],"inLanguage":"fr-FR"},{"@type":"Organization","@id":"https:\/\/lasentinelle.dz\/#organization","name":"Quotidien La Sentinelle","url":"https:\/\/lasentinelle.dz\/","logo":{"@type":"ImageObject","inLanguage":"fr-FR","@id":"https:\/\/lasentinelle.dz\/#\/schema\/logo\/image\/","url":"https:\/\/lasentinelle.dz\/wp-content\/uploads\/2021\/09\/logo-sentinelleSLOGAN-1.png","contentUrl":"https:\/\/lasentinelle.dz\/wp-content\/uploads\/2021\/09\/logo-sentinelleSLOGAN-1.png","width":615,"height":142,"caption":"Quotidien La Sentinelle"},"image":{"@id":"https:\/\/lasentinelle.dz\/#\/schema\/logo\/image\/"},"sameAs":["https:\/\/www.facebook.com\/La-Sentinelle-104059864394773"]},{"@type":"Person","@id":"https:\/\/lasentinelle.dz\/#\/schema\/person\/729ee0024f24e0b8c5ec17232f8e8b41","name":"admin","image":{"@type":"ImageObject","inLanguage":"fr-FR","@id":"https:\/\/secure.gravatar.com\/avatar\/4c81fed838786e9b53f540bf46533e750f5d292099ae3b66cfc6fb1982e29df7?s=96&d=mm&r=g","url":"https:\/\/secure.gravatar.com\/avatar\/4c81fed838786e9b53f540bf46533e750f5d292099ae3b66cfc6fb1982e29df7?s=96&d=mm&r=g","contentUrl":"https:\/\/secure.gravatar.com\/avatar\/4c81fed838786e9b53f540bf46533e750f5d292099ae3b66cfc6fb1982e29df7?s=96&d=mm&r=g","caption":"admin"},"description":"admin","url":"https:\/\/lasentinelle.dz\/author\/admin\/"}]}},"_links":{"self":[{"href":"https:\/\/lasentinelle.dz\/index.php\/wp-json\/wp\/v2\/posts\/66871","targetHints":{"allow":["GET"]}}],"collection":[{"href":"https:\/\/lasentinelle.dz\/index.php\/wp-json\/wp\/v2\/posts"}],"about":[{"href":"https:\/\/lasentinelle.dz\/index.php\/wp-json\/wp\/v2\/types\/post"}],"author":[{"embeddable":true,"href":"https:\/\/lasentinelle.dz\/index.php\/wp-json\/wp\/v2\/users\/6"}],"replies":[{"embeddable":true,"href":"https:\/\/lasentinelle.dz\/index.php\/wp-json\/wp\/v2\/comments?post=66871"}],"version-history":[{"count":2,"href":"https:\/\/lasentinelle.dz\/index.php\/wp-json\/wp\/v2\/posts\/66871\/revisions"}],"predecessor-version":[{"id":66873,"href":"https:\/\/lasentinelle.dz\/index.php\/wp-json\/wp\/v2\/posts\/66871\/revisions\/66873"}],"wp:featuredmedia":[{"embeddable":true,"href":"https:\/\/lasentinelle.dz\/index.php\/wp-json\/wp\/v2\/media\/53953"}],"wp:attachment":[{"href":"https:\/\/lasentinelle.dz\/index.php\/wp-json\/wp\/v2\/media?parent=66871"}],"wp:term":[{"taxonomy":"category","embeddable":true,"href":"https:\/\/lasentinelle.dz\/index.php\/wp-json\/wp\/v2\/categories?post=66871"},{"taxonomy":"post_tag","embeddable":true,"href":"https:\/\/lasentinelle.dz\/index.php\/wp-json\/wp\/v2\/tags?post=66871"}],"curies":[{"name":"wp","href":"https:\/\/api.w.org\/{rel}","templated":true}]}}