{"id":66925,"date":"2025-05-07T11:27:47","date_gmt":"2025-05-07T10:27:47","guid":{"rendered":"https:\/\/lasentinelle.dz\/?p=66925"},"modified":"2025-05-07T11:27:48","modified_gmt":"2025-05-07T10:27:48","slug":"jeux-scolaires-africains-la-selection-nationale-de-boxe-en-stage","status":"publish","type":"post","link":"https:\/\/lasentinelle.dz\/index.php\/2025\/05\/07\/jeux-scolaires-africains-la-selection-nationale-de-boxe-en-stage\/","title":{"rendered":"Jeux Scolaires Africains: La s\u00e9lection nationale de boxe en stage"},"content":{"rendered":"\n<p>\u00c0 quelques mois des Jeux Scolaires Africains 2025, la pr\u00e9paration s&rsquo;intensifie pour les jeunes talents de la boxe alg\u00e9rienne.<\/p>\n\n\n\n<p>&nbsp;Alors que s&rsquo;ach\u00e8ve leur stage de pr\u00e9paration au Centre de Regroupement R\u00e9gional des \u00c9lites Sportives \u00e0 Chlef, la F\u00e9d\u00e9ration alg\u00e9rienne de boxe (FAB) a dress\u00e9 un bilan encourageant de cette p\u00e9riode d&rsquo;entra\u00eenement intense, cruciale dans la mont\u00e9e en puissance de ces espoirs avant le rendez-vous continental pr\u00e9vu du 26 juillet au 5 ao\u00fbt en Alg\u00e9rie. Ce regroupement, qui a d\u00e9but\u00e9 le 1er mai et se termine ce mercredi 7 mai, constitue la deuxi\u00e8me phase de pr\u00e9paration pour les seize jeunes pugilistes de la cat\u00e9gorie cadets. Plac\u00e9 sous la direction experte de l&rsquo;entra\u00eeneur R\u00e9da Iboud, \u00e9paul\u00e9 par ses assistants Yacine Loubar et Nour-Eddine Medjhoud, ce stage a permis d&rsquo;affiner la technique et de renforcer la condition physique des jeunes boxeurs dans des conditions optimales.<\/p>\n\n\n\n<p>La FAB n&rsquo;a pas cach\u00e9 sa satisfaction quant \u00e0 l&rsquo;\u00e9volution de ses prot\u00e9g\u00e9s, soulignant dans un communiqu\u00e9 publi\u00e9 sur son site officiel que l&rsquo;\u00e9quipe a r\u00e9alis\u00e9 \u00ab un bilan positif de sa pr\u00e9paration \u00bb. Une dynamique encourageante qui laisse pr\u00e9sager des ambitions l\u00e9gitimes pour ces Jeux qui se d\u00e9rouleront \u00e0 domicile, offrant ainsi un avantage psychologique non n\u00e9gligeable aux repr\u00e9sentants alg\u00e9riens.<\/p>\n\n\n\n<p>L&rsquo;organisation de ces Jeux Scolaires Africains 2025 repr\u00e9sente un d\u00e9fi majeur pour l&rsquo;Alg\u00e9rie qui mobilise quatre villes h\u00f4tes &#8211; Skikda, Annaba, S\u00e9tif et Constantine &#8211; pour accueillir cet \u00e9v\u00e9nement d&rsquo;envergure continentale. Plac\u00e9e sous l&rsquo;\u00e9gide de l&rsquo;Association des Comit\u00e9s Nationaux Olympiques d&rsquo;Afrique (ACNOA) et organis\u00e9e en collaboration avec la F\u00e9d\u00e9ration Internationale du Sport Scolaire, cette comp\u00e9tition promet de rassembler l&rsquo;\u00e9lite de la jeunesse sportive africaine dans un esprit de fraternit\u00e9 et d&rsquo;\u00e9mulation.<\/p>\n\n\n\n<p>Au total, 24 disciplines sportives seront au programme de ces jeux, offrant un panorama complet des pratiques sportives contemporaines. De l&rsquo;athl\u00e9tisme \u00e0 la natation, en passant par le judo, le taekwondo, le skateboard, le beach-volley, le basketball 3&#215;3 et le football, cette diversit\u00e9 t\u00e9moigne de la volont\u00e9 des organisateurs de promouvoir la pratique sportive sous toutes ses formes aupr\u00e8s de la jeunesse africaine.<\/p>\n\n\n\n<p>Pour la boxe alg\u00e9rienne, ces Jeux constituent une \u00e9tape fondamentale dans le d\u00e9veloppement de ses jeunes talents. Les entra\u00eenements intensifs men\u00e9s \u00e0 Chlef visent non seulement \u00e0 pr\u00e9parer techniquement et physiquement les athl\u00e8tes, mais \u00e9galement \u00e0 les aguerrir mentalement face \u00e0 la pression d&rsquo;une comp\u00e9tition internationale disput\u00e9e devant leur public.<\/p>\n\n\n\n<p>La boxe, sport historiquement pourvoyeur de m\u00e9dailles pour l&rsquo;Alg\u00e9rie dans les comp\u00e9titions internationales, nourrit de grandes ambitions pour ces Jeux. Les seize jeunes s\u00e9lectionn\u00e9s, repr\u00e9sentant diff\u00e9rentes r\u00e9gions du pays, ont \u00e9t\u00e9 choisis apr\u00e8s un processus de d\u00e9tection rigoureux, garantissant ainsi la pr\u00e9sence des meilleurs espoirs nationaux dans chaque cat\u00e9gorie de poids.<\/p>\n\n\n\n<p>Le staff technique, dirig\u00e9 par l&rsquo;exp\u00e9riment\u00e9 R\u00e9da Iboud, a mis en place un programme d&rsquo;entra\u00eenement progressif visant \u00e0 amener les athl\u00e8tes \u00e0 leur pic de forme pour la fin juillet. Ce travail m\u00e9thodique, alternant pr\u00e9paration physique, perfectionnement technique et mise en situation de combat, devrait permettre aux jeunes boxeurs d&rsquo;aborder la comp\u00e9tition avec confiance et d\u00e9termination. Au-del\u00e0 de l&rsquo;aspect purement sportif, ces Jeux Scolaires Africains repr\u00e9sentent une formidable opportunit\u00e9 pour l&rsquo;Alg\u00e9rie de d\u00e9montrer sa capacit\u00e9 \u00e0 organiser des \u00e9v\u00e9nements sportifs majeurs tout en renfor\u00e7ant ses liens avec les autres nations africaines autour des valeurs universelles du sport.<\/p>\n\n\n\n<p>M. Dahleb<\/p>\n","protected":false},"excerpt":{"rendered":"<p>\u00c0 quelques mois des Jeux Scolaires Africains 2025, la pr\u00e9paration s&rsquo;intensifie pour les jeunes talents de la boxe alg\u00e9rienne. &nbsp;Alors<\/p>\n","protected":false},"author":6,"featured_media":1925,"comment_status":"open","ping_status":"closed","sticky":false,"template":"","format":"standard","meta":{"colormag_page_container_layout":"default_layout","colormag_page_sidebar_layout":"default_layout","om_disable_all_campaigns":false,"_monsterinsights_skip_tracking":false,"_monsterinsights_sitenote_active":false,"_monsterinsights_sitenote_note":"","_monsterinsights_sitenote_category":0,"footnotes":"","_wpscppro_dont_share_socialmedia":false,"_wpscppro_custom_social_share_image":0,"_facebook_share_type":"default","_twitter_share_type":"default","_linkedin_share_type":"default","_pinterest_share_type":"default","_linkedin_share_type_page":"","_instagram_share_type":"default","_medium_share_type":"default","_threads_share_type":"","_google_business_share_type":"","_selected_social_profile":[],"_wpsp_enable_custom_social_template":false,"_wpsp_social_scheduling":{"enabled":false,"datetime":null,"platforms":[],"status":"template_only","dateOption":"today","timeOption":"now","customDays":"","customHours":"","customDate":"","customTime":"","schedulingType":"absolute"},"_wpsp_active_default_template":true},"categories":[33],"tags":[],"class_list":["post-66925","post","type-post","status-publish","format-standard","has-post-thumbnail","hentry","category-sports"],"aioseo_notices":[],"yoast_head":"<!-- This site is optimized with the Yoast SEO plugin v27.5 - https:\/\/yoast.com\/product\/yoast-seo-wordpress\/ -->\n<title>Jeux Scolaires Africains: La s\u00e9lection nationale de boxe en stage - La Sentinelle<\/title>\n<meta name=\"robots\" content=\"index, follow, max-snippet:-1, max-image-preview:large, max-video-preview:-1\" \/>\n<link rel=\"canonical\" href=\"https:\/\/lasentinelle.dz\/index.php\/2025\/05\/07\/jeux-scolaires-africains-la-selection-nationale-de-boxe-en-stage\/\" \/>\n<meta property=\"og:locale\" content=\"fr_FR\" \/>\n<meta property=\"og:type\" content=\"article\" \/>\n<meta property=\"og:title\" content=\"Jeux Scolaires Africains: La s\u00e9lection nationale de boxe en stage - La Sentinelle\" \/>\n<meta property=\"og:description\" content=\"\u00c0 quelques mois des Jeux Scolaires Africains 2025, la pr\u00e9paration s&rsquo;intensifie pour les jeunes talents de la boxe alg\u00e9rienne. &nbsp;Alors\" \/>\n<meta property=\"og:url\" content=\"https:\/\/lasentinelle.dz\/index.php\/2025\/05\/07\/jeux-scolaires-africains-la-selection-nationale-de-boxe-en-stage\/\" \/>\n<meta property=\"og:site_name\" content=\"La Sentinelle\" \/>\n<meta property=\"article:publisher\" content=\"https:\/\/www.facebook.com\/La-Sentinelle-104059864394773\" \/>\n<meta property=\"article:published_time\" content=\"2025-05-07T10:27:47+00:00\" \/>\n<meta property=\"article:modified_time\" content=\"2025-05-07T10:27:48+00:00\" \/>\n<meta property=\"og:image\" content=\"https:\/\/lasentinelle.dz\/wp-content\/uploads\/2021\/07\/boxe-1.png\" \/>\n\t<meta property=\"og:image:width\" content=\"1491\" \/>\n\t<meta property=\"og:image:height\" content=\"900\" \/>\n\t<meta property=\"og:image:type\" content=\"image\/png\" \/>\n<meta name=\"author\" content=\"admin\" \/>\n<meta name=\"twitter:card\" content=\"summary_large_image\" \/>\n<meta name=\"twitter:label1\" content=\"\u00c9crit par\" \/>\n\t<meta name=\"twitter:data1\" content=\"admin\" \/>\n\t<meta name=\"twitter:label2\" content=\"Dur\u00e9e de lecture estim\u00e9e\" \/>\n\t<meta name=\"twitter:data2\" content=\"3 minutes\" \/>\n<script type=\"application\/ld+json\" class=\"yoast-schema-graph\">{\"@context\":\"https:\\\/\\\/schema.org\",\"@graph\":[{\"@type\":\"Article\",\"@id\":\"https:\\\/\\\/lasentinelle.dz\\\/index.php\\\/2025\\\/05\\\/07\\\/jeux-scolaires-africains-la-selection-nationale-de-boxe-en-stage\\\/#article\",\"isPartOf\":{\"@id\":\"https:\\\/\\\/lasentinelle.dz\\\/index.php\\\/2025\\\/05\\\/07\\\/jeux-scolaires-africains-la-selection-nationale-de-boxe-en-stage\\\/\"},\"author\":{\"name\":\"admin\",\"@id\":\"https:\\\/\\\/lasentinelle.dz\\\/#\\\/schema\\\/person\\\/729ee0024f24e0b8c5ec17232f8e8b41\"},\"headline\":\"Jeux Scolaires Africains: La s\u00e9lection nationale de boxe en stage\",\"datePublished\":\"2025-05-07T10:27:47+00:00\",\"dateModified\":\"2025-05-07T10:27:48+00:00\",\"mainEntityOfPage\":{\"@id\":\"https:\\\/\\\/lasentinelle.dz\\\/index.php\\\/2025\\\/05\\\/07\\\/jeux-scolaires-africains-la-selection-nationale-de-boxe-en-stage\\\/\"},\"wordCount\":631,\"commentCount\":0,\"publisher\":{\"@id\":\"https:\\\/\\\/lasentinelle.dz\\\/#organization\"},\"image\":{\"@id\":\"https:\\\/\\\/lasentinelle.dz\\\/index.php\\\/2025\\\/05\\\/07\\\/jeux-scolaires-africains-la-selection-nationale-de-boxe-en-stage\\\/#primaryimage\"},\"thumbnailUrl\":\"https:\\\/\\\/lasentinelle.dz\\\/wp-content\\\/uploads\\\/2021\\\/07\\\/boxe-1.png\",\"articleSection\":[\"Sports\"],\"inLanguage\":\"fr-FR\",\"potentialAction\":[{\"@type\":\"CommentAction\",\"name\":\"Comment\",\"target\":[\"https:\\\/\\\/lasentinelle.dz\\\/index.php\\\/2025\\\/05\\\/07\\\/jeux-scolaires-africains-la-selection-nationale-de-boxe-en-stage\\\/#respond\"]}]},{\"@type\":\"WebPage\",\"@id\":\"https:\\\/\\\/lasentinelle.dz\\\/index.php\\\/2025\\\/05\\\/07\\\/jeux-scolaires-africains-la-selection-nationale-de-boxe-en-stage\\\/\",\"url\":\"https:\\\/\\\/lasentinelle.dz\\\/index.php\\\/2025\\\/05\\\/07\\\/jeux-scolaires-africains-la-selection-nationale-de-boxe-en-stage\\\/\",\"name\":\"Jeux Scolaires Africains: La s\u00e9lection nationale de boxe en stage - La Sentinelle\",\"isPartOf\":{\"@id\":\"https:\\\/\\\/lasentinelle.dz\\\/#website\"},\"primaryImageOfPage\":{\"@id\":\"https:\\\/\\\/lasentinelle.dz\\\/index.php\\\/2025\\\/05\\\/07\\\/jeux-scolaires-africains-la-selection-nationale-de-boxe-en-stage\\\/#primaryimage\"},\"image\":{\"@id\":\"https:\\\/\\\/lasentinelle.dz\\\/index.php\\\/2025\\\/05\\\/07\\\/jeux-scolaires-africains-la-selection-nationale-de-boxe-en-stage\\\/#primaryimage\"},\"thumbnailUrl\":\"https:\\\/\\\/lasentinelle.dz\\\/wp-content\\\/uploads\\\/2021\\\/07\\\/boxe-1.png\",\"datePublished\":\"2025-05-07T10:27:47+00:00\",\"dateModified\":\"2025-05-07T10:27:48+00:00\",\"breadcrumb\":{\"@id\":\"https:\\\/\\\/lasentinelle.dz\\\/index.php\\\/2025\\\/05\\\/07\\\/jeux-scolaires-africains-la-selection-nationale-de-boxe-en-stage\\\/#breadcrumb\"},\"inLanguage\":\"fr-FR\",\"potentialAction\":[{\"@type\":\"ReadAction\",\"target\":[\"https:\\\/\\\/lasentinelle.dz\\\/index.php\\\/2025\\\/05\\\/07\\\/jeux-scolaires-africains-la-selection-nationale-de-boxe-en-stage\\\/\"]}]},{\"@type\":\"ImageObject\",\"inLanguage\":\"fr-FR\",\"@id\":\"https:\\\/\\\/lasentinelle.dz\\\/index.php\\\/2025\\\/05\\\/07\\\/jeux-scolaires-africains-la-selection-nationale-de-boxe-en-stage\\\/#primaryimage\",\"url\":\"https:\\\/\\\/lasentinelle.dz\\\/wp-content\\\/uploads\\\/2021\\\/07\\\/boxe-1.png\",\"contentUrl\":\"https:\\\/\\\/lasentinelle.dz\\\/wp-content\\\/uploads\\\/2021\\\/07\\\/boxe-1.png\",\"width\":1491,\"height\":900},{\"@type\":\"BreadcrumbList\",\"@id\":\"https:\\\/\\\/lasentinelle.dz\\\/index.php\\\/2025\\\/05\\\/07\\\/jeux-scolaires-africains-la-selection-nationale-de-boxe-en-stage\\\/#breadcrumb\",\"itemListElement\":[{\"@type\":\"ListItem\",\"position\":1,\"name\":\"Accueil\",\"item\":\"https:\\\/\\\/lasentinelle.dz\\\/\"},{\"@type\":\"ListItem\",\"position\":2,\"name\":\"Jeux Scolaires Africains: La s\u00e9lection nationale de boxe en stage\"}]},{\"@type\":\"WebSite\",\"@id\":\"https:\\\/\\\/lasentinelle.dz\\\/#website\",\"url\":\"https:\\\/\\\/lasentinelle.dz\\\/\",\"name\":\"La Sentinelle\",\"description\":\"Quotidien national d&#039;information\",\"publisher\":{\"@id\":\"https:\\\/\\\/lasentinelle.dz\\\/#organization\"},\"potentialAction\":[{\"@type\":\"SearchAction\",\"target\":{\"@type\":\"EntryPoint\",\"urlTemplate\":\"https:\\\/\\\/lasentinelle.dz\\\/?s={search_term_string}\"},\"query-input\":{\"@type\":\"PropertyValueSpecification\",\"valueRequired\":true,\"valueName\":\"search_term_string\"}}],\"inLanguage\":\"fr-FR\"},{\"@type\":\"Organization\",\"@id\":\"https:\\\/\\\/lasentinelle.dz\\\/#organization\",\"name\":\"Quotidien La Sentinelle\",\"url\":\"https:\\\/\\\/lasentinelle.dz\\\/\",\"logo\":{\"@type\":\"ImageObject\",\"inLanguage\":\"fr-FR\",\"@id\":\"https:\\\/\\\/lasentinelle.dz\\\/#\\\/schema\\\/logo\\\/image\\\/\",\"url\":\"https:\\\/\\\/lasentinelle.dz\\\/wp-content\\\/uploads\\\/2021\\\/09\\\/logo-sentinelleSLOGAN-1.png\",\"contentUrl\":\"https:\\\/\\\/lasentinelle.dz\\\/wp-content\\\/uploads\\\/2021\\\/09\\\/logo-sentinelleSLOGAN-1.png\",\"width\":615,\"height\":142,\"caption\":\"Quotidien La Sentinelle\"},\"image\":{\"@id\":\"https:\\\/\\\/lasentinelle.dz\\\/#\\\/schema\\\/logo\\\/image\\\/\"},\"sameAs\":[\"https:\\\/\\\/www.facebook.com\\\/La-Sentinelle-104059864394773\"]},{\"@type\":\"Person\",\"@id\":\"https:\\\/\\\/lasentinelle.dz\\\/#\\\/schema\\\/person\\\/729ee0024f24e0b8c5ec17232f8e8b41\",\"name\":\"admin\",\"image\":{\"@type\":\"ImageObject\",\"inLanguage\":\"fr-FR\",\"@id\":\"https:\\\/\\\/secure.gravatar.com\\\/avatar\\\/4c81fed838786e9b53f540bf46533e750f5d292099ae3b66cfc6fb1982e29df7?s=96&d=mm&r=g\",\"url\":\"https:\\\/\\\/secure.gravatar.com\\\/avatar\\\/4c81fed838786e9b53f540bf46533e750f5d292099ae3b66cfc6fb1982e29df7?s=96&d=mm&r=g\",\"contentUrl\":\"https:\\\/\\\/secure.gravatar.com\\\/avatar\\\/4c81fed838786e9b53f540bf46533e750f5d292099ae3b66cfc6fb1982e29df7?s=96&d=mm&r=g\",\"caption\":\"admin\"},\"description\":\"admin\",\"url\":\"https:\\\/\\\/lasentinelle.dz\\\/author\\\/admin\\\/\"}]}<\/script>\n<!-- \/ Yoast SEO plugin. -->","yoast_head_json":{"title":"Jeux Scolaires Africains: La s\u00e9lection nationale de boxe en stage - La Sentinelle","robots":{"index":"index","follow":"follow","max-snippet":"max-snippet:-1","max-image-preview":"max-image-preview:large","max-video-preview":"max-video-preview:-1"},"canonical":"https:\/\/lasentinelle.dz\/index.php\/2025\/05\/07\/jeux-scolaires-africains-la-selection-nationale-de-boxe-en-stage\/","og_locale":"fr_FR","og_type":"article","og_title":"Jeux Scolaires Africains: La s\u00e9lection nationale de boxe en stage - La Sentinelle","og_description":"\u00c0 quelques mois des Jeux Scolaires Africains 2025, la pr\u00e9paration s&rsquo;intensifie pour les jeunes talents de la boxe alg\u00e9rienne. &nbsp;Alors","og_url":"https:\/\/lasentinelle.dz\/index.php\/2025\/05\/07\/jeux-scolaires-africains-la-selection-nationale-de-boxe-en-stage\/","og_site_name":"La Sentinelle","article_publisher":"https:\/\/www.facebook.com\/La-Sentinelle-104059864394773","article_published_time":"2025-05-07T10:27:47+00:00","article_modified_time":"2025-05-07T10:27:48+00:00","og_image":[{"width":1491,"height":900,"url":"https:\/\/lasentinelle.dz\/wp-content\/uploads\/2021\/07\/boxe-1.png","type":"image\/png"}],"author":"admin","twitter_card":"summary_large_image","twitter_misc":{"\u00c9crit par":"admin","Dur\u00e9e de lecture estim\u00e9e":"3 minutes"},"schema":{"@context":"https:\/\/schema.org","@graph":[{"@type":"Article","@id":"https:\/\/lasentinelle.dz\/index.php\/2025\/05\/07\/jeux-scolaires-africains-la-selection-nationale-de-boxe-en-stage\/#article","isPartOf":{"@id":"https:\/\/lasentinelle.dz\/index.php\/2025\/05\/07\/jeux-scolaires-africains-la-selection-nationale-de-boxe-en-stage\/"},"author":{"name":"admin","@id":"https:\/\/lasentinelle.dz\/#\/schema\/person\/729ee0024f24e0b8c5ec17232f8e8b41"},"headline":"Jeux Scolaires Africains: La s\u00e9lection nationale de boxe en stage","datePublished":"2025-05-07T10:27:47+00:00","dateModified":"2025-05-07T10:27:48+00:00","mainEntityOfPage":{"@id":"https:\/\/lasentinelle.dz\/index.php\/2025\/05\/07\/jeux-scolaires-africains-la-selection-nationale-de-boxe-en-stage\/"},"wordCount":631,"commentCount":0,"publisher":{"@id":"https:\/\/lasentinelle.dz\/#organization"},"image":{"@id":"https:\/\/lasentinelle.dz\/index.php\/2025\/05\/07\/jeux-scolaires-africains-la-selection-nationale-de-boxe-en-stage\/#primaryimage"},"thumbnailUrl":"https:\/\/lasentinelle.dz\/wp-content\/uploads\/2021\/07\/boxe-1.png","articleSection":["Sports"],"inLanguage":"fr-FR","potentialAction":[{"@type":"CommentAction","name":"Comment","target":["https:\/\/lasentinelle.dz\/index.php\/2025\/05\/07\/jeux-scolaires-africains-la-selection-nationale-de-boxe-en-stage\/#respond"]}]},{"@type":"WebPage","@id":"https:\/\/lasentinelle.dz\/index.php\/2025\/05\/07\/jeux-scolaires-africains-la-selection-nationale-de-boxe-en-stage\/","url":"https:\/\/lasentinelle.dz\/index.php\/2025\/05\/07\/jeux-scolaires-africains-la-selection-nationale-de-boxe-en-stage\/","name":"Jeux Scolaires Africains: La s\u00e9lection nationale de boxe en stage - La Sentinelle","isPartOf":{"@id":"https:\/\/lasentinelle.dz\/#website"},"primaryImageOfPage":{"@id":"https:\/\/lasentinelle.dz\/index.php\/2025\/05\/07\/jeux-scolaires-africains-la-selection-nationale-de-boxe-en-stage\/#primaryimage"},"image":{"@id":"https:\/\/lasentinelle.dz\/index.php\/2025\/05\/07\/jeux-scolaires-africains-la-selection-nationale-de-boxe-en-stage\/#primaryimage"},"thumbnailUrl":"https:\/\/lasentinelle.dz\/wp-content\/uploads\/2021\/07\/boxe-1.png","datePublished":"2025-05-07T10:27:47+00:00","dateModified":"2025-05-07T10:27:48+00:00","breadcrumb":{"@id":"https:\/\/lasentinelle.dz\/index.php\/2025\/05\/07\/jeux-scolaires-africains-la-selection-nationale-de-boxe-en-stage\/#breadcrumb"},"inLanguage":"fr-FR","potentialAction":[{"@type":"ReadAction","target":["https:\/\/lasentinelle.dz\/index.php\/2025\/05\/07\/jeux-scolaires-africains-la-selection-nationale-de-boxe-en-stage\/"]}]},{"@type":"ImageObject","inLanguage":"fr-FR","@id":"https:\/\/lasentinelle.dz\/index.php\/2025\/05\/07\/jeux-scolaires-africains-la-selection-nationale-de-boxe-en-stage\/#primaryimage","url":"https:\/\/lasentinelle.dz\/wp-content\/uploads\/2021\/07\/boxe-1.png","contentUrl":"https:\/\/lasentinelle.dz\/wp-content\/uploads\/2021\/07\/boxe-1.png","width":1491,"height":900},{"@type":"BreadcrumbList","@id":"https:\/\/lasentinelle.dz\/index.php\/2025\/05\/07\/jeux-scolaires-africains-la-selection-nationale-de-boxe-en-stage\/#breadcrumb","itemListElement":[{"@type":"ListItem","position":1,"name":"Accueil","item":"https:\/\/lasentinelle.dz\/"},{"@type":"ListItem","position":2,"name":"Jeux Scolaires Africains: La s\u00e9lection nationale de boxe en stage"}]},{"@type":"WebSite","@id":"https:\/\/lasentinelle.dz\/#website","url":"https:\/\/lasentinelle.dz\/","name":"La Sentinelle","description":"Quotidien national d&#039;information","publisher":{"@id":"https:\/\/lasentinelle.dz\/#organization"},"potentialAction":[{"@type":"SearchAction","target":{"@type":"EntryPoint","urlTemplate":"https:\/\/lasentinelle.dz\/?s={search_term_string}"},"query-input":{"@type":"PropertyValueSpecification","valueRequired":true,"valueName":"search_term_string"}}],"inLanguage":"fr-FR"},{"@type":"Organization","@id":"https:\/\/lasentinelle.dz\/#organization","name":"Quotidien La Sentinelle","url":"https:\/\/lasentinelle.dz\/","logo":{"@type":"ImageObject","inLanguage":"fr-FR","@id":"https:\/\/lasentinelle.dz\/#\/schema\/logo\/image\/","url":"https:\/\/lasentinelle.dz\/wp-content\/uploads\/2021\/09\/logo-sentinelleSLOGAN-1.png","contentUrl":"https:\/\/lasentinelle.dz\/wp-content\/uploads\/2021\/09\/logo-sentinelleSLOGAN-1.png","width":615,"height":142,"caption":"Quotidien La Sentinelle"},"image":{"@id":"https:\/\/lasentinelle.dz\/#\/schema\/logo\/image\/"},"sameAs":["https:\/\/www.facebook.com\/La-Sentinelle-104059864394773"]},{"@type":"Person","@id":"https:\/\/lasentinelle.dz\/#\/schema\/person\/729ee0024f24e0b8c5ec17232f8e8b41","name":"admin","image":{"@type":"ImageObject","inLanguage":"fr-FR","@id":"https:\/\/secure.gravatar.com\/avatar\/4c81fed838786e9b53f540bf46533e750f5d292099ae3b66cfc6fb1982e29df7?s=96&d=mm&r=g","url":"https:\/\/secure.gravatar.com\/avatar\/4c81fed838786e9b53f540bf46533e750f5d292099ae3b66cfc6fb1982e29df7?s=96&d=mm&r=g","contentUrl":"https:\/\/secure.gravatar.com\/avatar\/4c81fed838786e9b53f540bf46533e750f5d292099ae3b66cfc6fb1982e29df7?s=96&d=mm&r=g","caption":"admin"},"description":"admin","url":"https:\/\/lasentinelle.dz\/author\/admin\/"}]}},"_links":{"self":[{"href":"https:\/\/lasentinelle.dz\/index.php\/wp-json\/wp\/v2\/posts\/66925","targetHints":{"allow":["GET"]}}],"collection":[{"href":"https:\/\/lasentinelle.dz\/index.php\/wp-json\/wp\/v2\/posts"}],"about":[{"href":"https:\/\/lasentinelle.dz\/index.php\/wp-json\/wp\/v2\/types\/post"}],"author":[{"embeddable":true,"href":"https:\/\/lasentinelle.dz\/index.php\/wp-json\/wp\/v2\/users\/6"}],"replies":[{"embeddable":true,"href":"https:\/\/lasentinelle.dz\/index.php\/wp-json\/wp\/v2\/comments?post=66925"}],"version-history":[{"count":1,"href":"https:\/\/lasentinelle.dz\/index.php\/wp-json\/wp\/v2\/posts\/66925\/revisions"}],"predecessor-version":[{"id":66926,"href":"https:\/\/lasentinelle.dz\/index.php\/wp-json\/wp\/v2\/posts\/66925\/revisions\/66926"}],"wp:featuredmedia":[{"embeddable":true,"href":"https:\/\/lasentinelle.dz\/index.php\/wp-json\/wp\/v2\/media\/1925"}],"wp:attachment":[{"href":"https:\/\/lasentinelle.dz\/index.php\/wp-json\/wp\/v2\/media?parent=66925"}],"wp:term":[{"taxonomy":"category","embeddable":true,"href":"https:\/\/lasentinelle.dz\/index.php\/wp-json\/wp\/v2\/categories?post=66925"},{"taxonomy":"post_tag","embeddable":true,"href":"https:\/\/lasentinelle.dz\/index.php\/wp-json\/wp\/v2\/tags?post=66925"}],"curies":[{"name":"wp","href":"https:\/\/api.w.org\/{rel}","templated":true}]}}