{"id":66927,"date":"2025-05-07T11:28:27","date_gmt":"2025-05-07T10:28:27","guid":{"rendered":"https:\/\/lasentinelle.dz\/?p=66927"},"modified":"2025-05-07T11:28:27","modified_gmt":"2025-05-07T10:28:27","slug":"coupe-arabe-fifa-qatar-2025-les-verts-fixes-sur-leurs-adversaires-le-24-mai","status":"publish","type":"post","link":"https:\/\/lasentinelle.dz\/index.php\/2025\/05\/07\/coupe-arabe-fifa-qatar-2025-les-verts-fixes-sur-leurs-adversaires-le-24-mai\/","title":{"rendered":"Coupe Arabe FIFA-Qatar 2025 : Les Verts fix\u00e9s sur leurs adversaires le 24 mai"},"content":{"rendered":"\n<p>La F\u00e9d\u00e9ration internationale de football (FIFA) a annonc\u00e9 que le tirage au sort de &nbsp;la Coupe Arabe FIFA-Qatar 2025 se tiendra le 24 mai \u00e0 Doha, permettant aux participants de conna\u00eetre leurs adversaires pour le tournoi programm\u00e9 du 1er au 18 d\u00e9cembre prochain. Cette c\u00e9r\u00e9monie, qui s&rsquo;annonce comme un \u00e9v\u00e9nement majeur du calendrier footballistique arabe, se d\u00e9roulera en parall\u00e8le du tirage au sort de la phase finale de la Coupe du monde U17, \u00e9galement organis\u00e9e au Qatar, qui r\u00e9unira 48 nations dont la Tunisie.<\/p>\n\n\n\n<p>Pour l&rsquo;Alg\u00e9rie, championne en titre, l&rsquo;enjeu est particuli\u00e8rement important. Les Fennecs ont re\u00e7u une invitation officielle de la FIFA pour d\u00e9fendre leur couronne conquise lors de la premi\u00e8re \u00e9dition en 2021. Un statut qui place naturellement la s\u00e9lection nationale parmi les favoris de cette comp\u00e9tition. Le souvenir de la finale victorieuse contre la Tunisie reste encore vivace dans les m\u00e9moires des supporters alg\u00e9riens. Lors de cette rencontre disput\u00e9e \u00e0 Doha, l&rsquo;\u00e9quipe nationale avait d\u00fb attendre les prolongations pour s&rsquo;imposer 2-0 gr\u00e2ce aux r\u00e9alisations de Sayoud \u00e0 la 99e minute et de Brahimi dans les ultimes secondes du match (120e+5). Cette performance historique avait permis \u00e0 l&rsquo;Alg\u00e9rie d&rsquo;inscrire son nom au palmar\u00e8s de cette comp\u00e9tition renaissante sous l&rsquo;\u00e9gide de la FIFA. Consciente de l&rsquo;importance de cette \u00e9ch\u00e9ance et de la n\u00e9cessit\u00e9 de conserver ce troph\u00e9e symbolique, la F\u00e9d\u00e9ration alg\u00e9rienne de football (FAF) a pris les devants en nommant d\u00e8s d\u00e9cembre 2024 l&rsquo;ancien international Madjid Bougherra \u00e0 la t\u00eate de l&rsquo;\u00e9quipe qui disputera le tournoi. Un choix qui s&rsquo;inscrit dans une certaine continuit\u00e9. Sa mission est claire : constituer une s\u00e9lection nationale comp\u00e9titive capable de d\u00e9fendre avec brio le titre conquis en 2021. La participation \u00e0 cette Coupe Arabe repr\u00e9sente un d\u00e9fi de taille pour les nations engag\u00e9es, d&rsquo;autant que le niveau de la comp\u00e9tition s&rsquo;annonce relev\u00e9. Pour le pays h\u00f4te, le Qatar, ce tournoi constituera \u00e9galement une nouvelle opportunit\u00e9 de d\u00e9montrer ses capacit\u00e9s organisationnelles avant d&rsquo;autres \u00e9ch\u00e9ances internationales majeures, consolidant ainsi son statut de place forte du football mondial. Le choix du mois de d\u00e9cembre pour cette comp\u00e9tition n&rsquo;est pas anodin, puisqu&rsquo;il correspond \u00e0 des conditions climatiques plus cl\u00e9mentes dans la r\u00e9gion, permettant ainsi aux joueurs d&rsquo;\u00e9voluer dans un environnement favorable. Pour les s\u00e9lections participantes, la Coupe Arabe FIFA 2025 repr\u00e9sente bien plus qu&rsquo;un simple tournoi r\u00e9gional : c&rsquo;est une vitrine exceptionnelle permettant de jauger leur niveau face \u00e0 des adversaires de qualit\u00e9, tout en renfor\u00e7ant la coop\u00e9ration sportive entre les nations arabes. \u00c0 moins de trois semaines du tirage au sort, les sp\u00e9culations vont bon train quant aux potentiels groupes qui seront form\u00e9s. L&rsquo;Alg\u00e9rie, avec son statut de tenante du titre, devrait logiquement figurer parmi les t\u00eates de s\u00e9rie, ce qui pourrait th\u00e9oriquement lui offrir un parcours initial plus abordable. L&rsquo;objectif sera de briller dans cette comp\u00e9tition qui gagne en prestige et en visibilit\u00e9, confirmant l&rsquo;importance croissante du football arabe sur la sc\u00e8ne internationale.<\/p>\n\n\n\n<p>Moncef D.<\/p>\n","protected":false},"excerpt":{"rendered":"<p>La F\u00e9d\u00e9ration internationale de football (FIFA) a annonc\u00e9 que le tirage au sort de &nbsp;la Coupe Arabe FIFA-Qatar 2025 se<\/p>\n","protected":false},"author":6,"featured_media":66517,"comment_status":"open","ping_status":"closed","sticky":false,"template":"","format":"standard","meta":{"colormag_page_container_layout":"default_layout","colormag_page_sidebar_layout":"default_layout","om_disable_all_campaigns":false,"_monsterinsights_skip_tracking":false,"_monsterinsights_sitenote_active":false,"_monsterinsights_sitenote_note":"","_monsterinsights_sitenote_category":0,"footnotes":"","_wpscppro_dont_share_socialmedia":false,"_wpscppro_custom_social_share_image":0,"_facebook_share_type":"default","_twitter_share_type":"default","_linkedin_share_type":"default","_pinterest_share_type":"default","_linkedin_share_type_page":"","_instagram_share_type":"default","_medium_share_type":"default","_threads_share_type":"","_google_business_share_type":"","_selected_social_profile":[],"_wpsp_enable_custom_social_template":false,"_wpsp_social_scheduling":{"enabled":false,"datetime":null,"platforms":[],"status":"template_only","dateOption":"today","timeOption":"now","customDays":"","customHours":"","customDate":"","customTime":"","schedulingType":"absolute"},"_wpsp_active_default_template":true},"categories":[33],"tags":[],"class_list":["post-66927","post","type-post","status-publish","format-standard","has-post-thumbnail","hentry","category-sports"],"aioseo_notices":[],"yoast_head":"<!-- This site is optimized with the Yoast SEO plugin v27.5 - https:\/\/yoast.com\/product\/yoast-seo-wordpress\/ -->\n<title>Coupe Arabe FIFA-Qatar 2025 : Les Verts fix\u00e9s sur leurs adversaires le 24 mai - La Sentinelle<\/title>\n<meta name=\"robots\" content=\"index, follow, max-snippet:-1, max-image-preview:large, max-video-preview:-1\" \/>\n<link rel=\"canonical\" href=\"https:\/\/lasentinelle.dz\/index.php\/2025\/05\/07\/coupe-arabe-fifa-qatar-2025-les-verts-fixes-sur-leurs-adversaires-le-24-mai\/\" \/>\n<meta property=\"og:locale\" content=\"fr_FR\" \/>\n<meta property=\"og:type\" content=\"article\" \/>\n<meta property=\"og:title\" content=\"Coupe Arabe FIFA-Qatar 2025 : Les Verts fix\u00e9s sur leurs adversaires le 24 mai - La Sentinelle\" \/>\n<meta property=\"og:description\" content=\"La F\u00e9d\u00e9ration internationale de football (FIFA) a annonc\u00e9 que le tirage au sort de &nbsp;la Coupe Arabe FIFA-Qatar 2025 se\" \/>\n<meta property=\"og:url\" content=\"https:\/\/lasentinelle.dz\/index.php\/2025\/05\/07\/coupe-arabe-fifa-qatar-2025-les-verts-fixes-sur-leurs-adversaires-le-24-mai\/\" \/>\n<meta property=\"og:site_name\" content=\"La Sentinelle\" \/>\n<meta property=\"article:publisher\" content=\"https:\/\/www.facebook.com\/La-Sentinelle-104059864394773\" \/>\n<meta property=\"article:published_time\" content=\"2025-05-07T10:28:27+00:00\" \/>\n<meta property=\"og:image\" content=\"https:\/\/lasentinelle.dz\/wp-content\/uploads\/2025\/04\/coupe-arabe.webp\" \/>\n\t<meta property=\"og:image:width\" content=\"900\" \/>\n\t<meta property=\"og:image:height\" content=\"675\" \/>\n\t<meta property=\"og:image:type\" content=\"image\/webp\" \/>\n<meta name=\"author\" content=\"admin\" \/>\n<meta name=\"twitter:card\" content=\"summary_large_image\" \/>\n<meta name=\"twitter:label1\" content=\"\u00c9crit par\" \/>\n\t<meta name=\"twitter:data1\" content=\"admin\" \/>\n\t<meta name=\"twitter:label2\" content=\"Dur\u00e9e de lecture estim\u00e9e\" \/>\n\t<meta name=\"twitter:data2\" content=\"3 minutes\" \/>\n<script type=\"application\/ld+json\" class=\"yoast-schema-graph\">{\"@context\":\"https:\\\/\\\/schema.org\",\"@graph\":[{\"@type\":\"Article\",\"@id\":\"https:\\\/\\\/lasentinelle.dz\\\/index.php\\\/2025\\\/05\\\/07\\\/coupe-arabe-fifa-qatar-2025-les-verts-fixes-sur-leurs-adversaires-le-24-mai\\\/#article\",\"isPartOf\":{\"@id\":\"https:\\\/\\\/lasentinelle.dz\\\/index.php\\\/2025\\\/05\\\/07\\\/coupe-arabe-fifa-qatar-2025-les-verts-fixes-sur-leurs-adversaires-le-24-mai\\\/\"},\"author\":{\"name\":\"admin\",\"@id\":\"https:\\\/\\\/lasentinelle.dz\\\/#\\\/schema\\\/person\\\/729ee0024f24e0b8c5ec17232f8e8b41\"},\"headline\":\"Coupe Arabe FIFA-Qatar 2025 : Les Verts fix\u00e9s sur leurs adversaires le 24 mai\",\"datePublished\":\"2025-05-07T10:28:27+00:00\",\"mainEntityOfPage\":{\"@id\":\"https:\\\/\\\/lasentinelle.dz\\\/index.php\\\/2025\\\/05\\\/07\\\/coupe-arabe-fifa-qatar-2025-les-verts-fixes-sur-leurs-adversaires-le-24-mai\\\/\"},\"wordCount\":560,\"commentCount\":0,\"publisher\":{\"@id\":\"https:\\\/\\\/lasentinelle.dz\\\/#organization\"},\"image\":{\"@id\":\"https:\\\/\\\/lasentinelle.dz\\\/index.php\\\/2025\\\/05\\\/07\\\/coupe-arabe-fifa-qatar-2025-les-verts-fixes-sur-leurs-adversaires-le-24-mai\\\/#primaryimage\"},\"thumbnailUrl\":\"https:\\\/\\\/lasentinelle.dz\\\/wp-content\\\/uploads\\\/2025\\\/04\\\/coupe-arabe.webp\",\"articleSection\":[\"Sports\"],\"inLanguage\":\"fr-FR\",\"potentialAction\":[{\"@type\":\"CommentAction\",\"name\":\"Comment\",\"target\":[\"https:\\\/\\\/lasentinelle.dz\\\/index.php\\\/2025\\\/05\\\/07\\\/coupe-arabe-fifa-qatar-2025-les-verts-fixes-sur-leurs-adversaires-le-24-mai\\\/#respond\"]}]},{\"@type\":\"WebPage\",\"@id\":\"https:\\\/\\\/lasentinelle.dz\\\/index.php\\\/2025\\\/05\\\/07\\\/coupe-arabe-fifa-qatar-2025-les-verts-fixes-sur-leurs-adversaires-le-24-mai\\\/\",\"url\":\"https:\\\/\\\/lasentinelle.dz\\\/index.php\\\/2025\\\/05\\\/07\\\/coupe-arabe-fifa-qatar-2025-les-verts-fixes-sur-leurs-adversaires-le-24-mai\\\/\",\"name\":\"Coupe Arabe FIFA-Qatar 2025 : Les Verts fix\u00e9s sur leurs adversaires le 24 mai - La Sentinelle\",\"isPartOf\":{\"@id\":\"https:\\\/\\\/lasentinelle.dz\\\/#website\"},\"primaryImageOfPage\":{\"@id\":\"https:\\\/\\\/lasentinelle.dz\\\/index.php\\\/2025\\\/05\\\/07\\\/coupe-arabe-fifa-qatar-2025-les-verts-fixes-sur-leurs-adversaires-le-24-mai\\\/#primaryimage\"},\"image\":{\"@id\":\"https:\\\/\\\/lasentinelle.dz\\\/index.php\\\/2025\\\/05\\\/07\\\/coupe-arabe-fifa-qatar-2025-les-verts-fixes-sur-leurs-adversaires-le-24-mai\\\/#primaryimage\"},\"thumbnailUrl\":\"https:\\\/\\\/lasentinelle.dz\\\/wp-content\\\/uploads\\\/2025\\\/04\\\/coupe-arabe.webp\",\"datePublished\":\"2025-05-07T10:28:27+00:00\",\"breadcrumb\":{\"@id\":\"https:\\\/\\\/lasentinelle.dz\\\/index.php\\\/2025\\\/05\\\/07\\\/coupe-arabe-fifa-qatar-2025-les-verts-fixes-sur-leurs-adversaires-le-24-mai\\\/#breadcrumb\"},\"inLanguage\":\"fr-FR\",\"potentialAction\":[{\"@type\":\"ReadAction\",\"target\":[\"https:\\\/\\\/lasentinelle.dz\\\/index.php\\\/2025\\\/05\\\/07\\\/coupe-arabe-fifa-qatar-2025-les-verts-fixes-sur-leurs-adversaires-le-24-mai\\\/\"]}]},{\"@type\":\"ImageObject\",\"inLanguage\":\"fr-FR\",\"@id\":\"https:\\\/\\\/lasentinelle.dz\\\/index.php\\\/2025\\\/05\\\/07\\\/coupe-arabe-fifa-qatar-2025-les-verts-fixes-sur-leurs-adversaires-le-24-mai\\\/#primaryimage\",\"url\":\"https:\\\/\\\/lasentinelle.dz\\\/wp-content\\\/uploads\\\/2025\\\/04\\\/coupe-arabe.webp\",\"contentUrl\":\"https:\\\/\\\/lasentinelle.dz\\\/wp-content\\\/uploads\\\/2025\\\/04\\\/coupe-arabe.webp\",\"width\":900,\"height\":675},{\"@type\":\"BreadcrumbList\",\"@id\":\"https:\\\/\\\/lasentinelle.dz\\\/index.php\\\/2025\\\/05\\\/07\\\/coupe-arabe-fifa-qatar-2025-les-verts-fixes-sur-leurs-adversaires-le-24-mai\\\/#breadcrumb\",\"itemListElement\":[{\"@type\":\"ListItem\",\"position\":1,\"name\":\"Accueil\",\"item\":\"https:\\\/\\\/lasentinelle.dz\\\/\"},{\"@type\":\"ListItem\",\"position\":2,\"name\":\"Coupe Arabe FIFA-Qatar 2025 : Les Verts fix\u00e9s sur leurs adversaires le 24 mai\"}]},{\"@type\":\"WebSite\",\"@id\":\"https:\\\/\\\/lasentinelle.dz\\\/#website\",\"url\":\"https:\\\/\\\/lasentinelle.dz\\\/\",\"name\":\"La Sentinelle\",\"description\":\"Quotidien national d&#039;information\",\"publisher\":{\"@id\":\"https:\\\/\\\/lasentinelle.dz\\\/#organization\"},\"potentialAction\":[{\"@type\":\"SearchAction\",\"target\":{\"@type\":\"EntryPoint\",\"urlTemplate\":\"https:\\\/\\\/lasentinelle.dz\\\/?s={search_term_string}\"},\"query-input\":{\"@type\":\"PropertyValueSpecification\",\"valueRequired\":true,\"valueName\":\"search_term_string\"}}],\"inLanguage\":\"fr-FR\"},{\"@type\":\"Organization\",\"@id\":\"https:\\\/\\\/lasentinelle.dz\\\/#organization\",\"name\":\"Quotidien La Sentinelle\",\"url\":\"https:\\\/\\\/lasentinelle.dz\\\/\",\"logo\":{\"@type\":\"ImageObject\",\"inLanguage\":\"fr-FR\",\"@id\":\"https:\\\/\\\/lasentinelle.dz\\\/#\\\/schema\\\/logo\\\/image\\\/\",\"url\":\"https:\\\/\\\/lasentinelle.dz\\\/wp-content\\\/uploads\\\/2021\\\/09\\\/logo-sentinelleSLOGAN-1.png\",\"contentUrl\":\"https:\\\/\\\/lasentinelle.dz\\\/wp-content\\\/uploads\\\/2021\\\/09\\\/logo-sentinelleSLOGAN-1.png\",\"width\":615,\"height\":142,\"caption\":\"Quotidien La Sentinelle\"},\"image\":{\"@id\":\"https:\\\/\\\/lasentinelle.dz\\\/#\\\/schema\\\/logo\\\/image\\\/\"},\"sameAs\":[\"https:\\\/\\\/www.facebook.com\\\/La-Sentinelle-104059864394773\"]},{\"@type\":\"Person\",\"@id\":\"https:\\\/\\\/lasentinelle.dz\\\/#\\\/schema\\\/person\\\/729ee0024f24e0b8c5ec17232f8e8b41\",\"name\":\"admin\",\"image\":{\"@type\":\"ImageObject\",\"inLanguage\":\"fr-FR\",\"@id\":\"https:\\\/\\\/secure.gravatar.com\\\/avatar\\\/4c81fed838786e9b53f540bf46533e750f5d292099ae3b66cfc6fb1982e29df7?s=96&d=mm&r=g\",\"url\":\"https:\\\/\\\/secure.gravatar.com\\\/avatar\\\/4c81fed838786e9b53f540bf46533e750f5d292099ae3b66cfc6fb1982e29df7?s=96&d=mm&r=g\",\"contentUrl\":\"https:\\\/\\\/secure.gravatar.com\\\/avatar\\\/4c81fed838786e9b53f540bf46533e750f5d292099ae3b66cfc6fb1982e29df7?s=96&d=mm&r=g\",\"caption\":\"admin\"},\"description\":\"admin\",\"url\":\"https:\\\/\\\/lasentinelle.dz\\\/author\\\/admin\\\/\"}]}<\/script>\n<!-- \/ Yoast SEO plugin. -->","yoast_head_json":{"title":"Coupe Arabe FIFA-Qatar 2025 : Les Verts fix\u00e9s sur leurs adversaires le 24 mai - La Sentinelle","robots":{"index":"index","follow":"follow","max-snippet":"max-snippet:-1","max-image-preview":"max-image-preview:large","max-video-preview":"max-video-preview:-1"},"canonical":"https:\/\/lasentinelle.dz\/index.php\/2025\/05\/07\/coupe-arabe-fifa-qatar-2025-les-verts-fixes-sur-leurs-adversaires-le-24-mai\/","og_locale":"fr_FR","og_type":"article","og_title":"Coupe Arabe FIFA-Qatar 2025 : Les Verts fix\u00e9s sur leurs adversaires le 24 mai - La Sentinelle","og_description":"La F\u00e9d\u00e9ration internationale de football (FIFA) a annonc\u00e9 que le tirage au sort de &nbsp;la Coupe Arabe FIFA-Qatar 2025 se","og_url":"https:\/\/lasentinelle.dz\/index.php\/2025\/05\/07\/coupe-arabe-fifa-qatar-2025-les-verts-fixes-sur-leurs-adversaires-le-24-mai\/","og_site_name":"La Sentinelle","article_publisher":"https:\/\/www.facebook.com\/La-Sentinelle-104059864394773","article_published_time":"2025-05-07T10:28:27+00:00","og_image":[{"width":900,"height":675,"url":"https:\/\/lasentinelle.dz\/wp-content\/uploads\/2025\/04\/coupe-arabe.webp","type":"image\/webp"}],"author":"admin","twitter_card":"summary_large_image","twitter_misc":{"\u00c9crit par":"admin","Dur\u00e9e de lecture estim\u00e9e":"3 minutes"},"schema":{"@context":"https:\/\/schema.org","@graph":[{"@type":"Article","@id":"https:\/\/lasentinelle.dz\/index.php\/2025\/05\/07\/coupe-arabe-fifa-qatar-2025-les-verts-fixes-sur-leurs-adversaires-le-24-mai\/#article","isPartOf":{"@id":"https:\/\/lasentinelle.dz\/index.php\/2025\/05\/07\/coupe-arabe-fifa-qatar-2025-les-verts-fixes-sur-leurs-adversaires-le-24-mai\/"},"author":{"name":"admin","@id":"https:\/\/lasentinelle.dz\/#\/schema\/person\/729ee0024f24e0b8c5ec17232f8e8b41"},"headline":"Coupe Arabe FIFA-Qatar 2025 : Les Verts fix\u00e9s sur leurs adversaires le 24 mai","datePublished":"2025-05-07T10:28:27+00:00","mainEntityOfPage":{"@id":"https:\/\/lasentinelle.dz\/index.php\/2025\/05\/07\/coupe-arabe-fifa-qatar-2025-les-verts-fixes-sur-leurs-adversaires-le-24-mai\/"},"wordCount":560,"commentCount":0,"publisher":{"@id":"https:\/\/lasentinelle.dz\/#organization"},"image":{"@id":"https:\/\/lasentinelle.dz\/index.php\/2025\/05\/07\/coupe-arabe-fifa-qatar-2025-les-verts-fixes-sur-leurs-adversaires-le-24-mai\/#primaryimage"},"thumbnailUrl":"https:\/\/lasentinelle.dz\/wp-content\/uploads\/2025\/04\/coupe-arabe.webp","articleSection":["Sports"],"inLanguage":"fr-FR","potentialAction":[{"@type":"CommentAction","name":"Comment","target":["https:\/\/lasentinelle.dz\/index.php\/2025\/05\/07\/coupe-arabe-fifa-qatar-2025-les-verts-fixes-sur-leurs-adversaires-le-24-mai\/#respond"]}]},{"@type":"WebPage","@id":"https:\/\/lasentinelle.dz\/index.php\/2025\/05\/07\/coupe-arabe-fifa-qatar-2025-les-verts-fixes-sur-leurs-adversaires-le-24-mai\/","url":"https:\/\/lasentinelle.dz\/index.php\/2025\/05\/07\/coupe-arabe-fifa-qatar-2025-les-verts-fixes-sur-leurs-adversaires-le-24-mai\/","name":"Coupe Arabe FIFA-Qatar 2025 : Les Verts fix\u00e9s sur leurs adversaires le 24 mai - La Sentinelle","isPartOf":{"@id":"https:\/\/lasentinelle.dz\/#website"},"primaryImageOfPage":{"@id":"https:\/\/lasentinelle.dz\/index.php\/2025\/05\/07\/coupe-arabe-fifa-qatar-2025-les-verts-fixes-sur-leurs-adversaires-le-24-mai\/#primaryimage"},"image":{"@id":"https:\/\/lasentinelle.dz\/index.php\/2025\/05\/07\/coupe-arabe-fifa-qatar-2025-les-verts-fixes-sur-leurs-adversaires-le-24-mai\/#primaryimage"},"thumbnailUrl":"https:\/\/lasentinelle.dz\/wp-content\/uploads\/2025\/04\/coupe-arabe.webp","datePublished":"2025-05-07T10:28:27+00:00","breadcrumb":{"@id":"https:\/\/lasentinelle.dz\/index.php\/2025\/05\/07\/coupe-arabe-fifa-qatar-2025-les-verts-fixes-sur-leurs-adversaires-le-24-mai\/#breadcrumb"},"inLanguage":"fr-FR","potentialAction":[{"@type":"ReadAction","target":["https:\/\/lasentinelle.dz\/index.php\/2025\/05\/07\/coupe-arabe-fifa-qatar-2025-les-verts-fixes-sur-leurs-adversaires-le-24-mai\/"]}]},{"@type":"ImageObject","inLanguage":"fr-FR","@id":"https:\/\/lasentinelle.dz\/index.php\/2025\/05\/07\/coupe-arabe-fifa-qatar-2025-les-verts-fixes-sur-leurs-adversaires-le-24-mai\/#primaryimage","url":"https:\/\/lasentinelle.dz\/wp-content\/uploads\/2025\/04\/coupe-arabe.webp","contentUrl":"https:\/\/lasentinelle.dz\/wp-content\/uploads\/2025\/04\/coupe-arabe.webp","width":900,"height":675},{"@type":"BreadcrumbList","@id":"https:\/\/lasentinelle.dz\/index.php\/2025\/05\/07\/coupe-arabe-fifa-qatar-2025-les-verts-fixes-sur-leurs-adversaires-le-24-mai\/#breadcrumb","itemListElement":[{"@type":"ListItem","position":1,"name":"Accueil","item":"https:\/\/lasentinelle.dz\/"},{"@type":"ListItem","position":2,"name":"Coupe Arabe FIFA-Qatar 2025 : Les Verts fix\u00e9s sur leurs adversaires le 24 mai"}]},{"@type":"WebSite","@id":"https:\/\/lasentinelle.dz\/#website","url":"https:\/\/lasentinelle.dz\/","name":"La Sentinelle","description":"Quotidien national d&#039;information","publisher":{"@id":"https:\/\/lasentinelle.dz\/#organization"},"potentialAction":[{"@type":"SearchAction","target":{"@type":"EntryPoint","urlTemplate":"https:\/\/lasentinelle.dz\/?s={search_term_string}"},"query-input":{"@type":"PropertyValueSpecification","valueRequired":true,"valueName":"search_term_string"}}],"inLanguage":"fr-FR"},{"@type":"Organization","@id":"https:\/\/lasentinelle.dz\/#organization","name":"Quotidien La Sentinelle","url":"https:\/\/lasentinelle.dz\/","logo":{"@type":"ImageObject","inLanguage":"fr-FR","@id":"https:\/\/lasentinelle.dz\/#\/schema\/logo\/image\/","url":"https:\/\/lasentinelle.dz\/wp-content\/uploads\/2021\/09\/logo-sentinelleSLOGAN-1.png","contentUrl":"https:\/\/lasentinelle.dz\/wp-content\/uploads\/2021\/09\/logo-sentinelleSLOGAN-1.png","width":615,"height":142,"caption":"Quotidien La Sentinelle"},"image":{"@id":"https:\/\/lasentinelle.dz\/#\/schema\/logo\/image\/"},"sameAs":["https:\/\/www.facebook.com\/La-Sentinelle-104059864394773"]},{"@type":"Person","@id":"https:\/\/lasentinelle.dz\/#\/schema\/person\/729ee0024f24e0b8c5ec17232f8e8b41","name":"admin","image":{"@type":"ImageObject","inLanguage":"fr-FR","@id":"https:\/\/secure.gravatar.com\/avatar\/4c81fed838786e9b53f540bf46533e750f5d292099ae3b66cfc6fb1982e29df7?s=96&d=mm&r=g","url":"https:\/\/secure.gravatar.com\/avatar\/4c81fed838786e9b53f540bf46533e750f5d292099ae3b66cfc6fb1982e29df7?s=96&d=mm&r=g","contentUrl":"https:\/\/secure.gravatar.com\/avatar\/4c81fed838786e9b53f540bf46533e750f5d292099ae3b66cfc6fb1982e29df7?s=96&d=mm&r=g","caption":"admin"},"description":"admin","url":"https:\/\/lasentinelle.dz\/author\/admin\/"}]}},"_links":{"self":[{"href":"https:\/\/lasentinelle.dz\/index.php\/wp-json\/wp\/v2\/posts\/66927","targetHints":{"allow":["GET"]}}],"collection":[{"href":"https:\/\/lasentinelle.dz\/index.php\/wp-json\/wp\/v2\/posts"}],"about":[{"href":"https:\/\/lasentinelle.dz\/index.php\/wp-json\/wp\/v2\/types\/post"}],"author":[{"embeddable":true,"href":"https:\/\/lasentinelle.dz\/index.php\/wp-json\/wp\/v2\/users\/6"}],"replies":[{"embeddable":true,"href":"https:\/\/lasentinelle.dz\/index.php\/wp-json\/wp\/v2\/comments?post=66927"}],"version-history":[{"count":1,"href":"https:\/\/lasentinelle.dz\/index.php\/wp-json\/wp\/v2\/posts\/66927\/revisions"}],"predecessor-version":[{"id":66928,"href":"https:\/\/lasentinelle.dz\/index.php\/wp-json\/wp\/v2\/posts\/66927\/revisions\/66928"}],"wp:featuredmedia":[{"embeddable":true,"href":"https:\/\/lasentinelle.dz\/index.php\/wp-json\/wp\/v2\/media\/66517"}],"wp:attachment":[{"href":"https:\/\/lasentinelle.dz\/index.php\/wp-json\/wp\/v2\/media?parent=66927"}],"wp:term":[{"taxonomy":"category","embeddable":true,"href":"https:\/\/lasentinelle.dz\/index.php\/wp-json\/wp\/v2\/categories?post=66927"},{"taxonomy":"post_tag","embeddable":true,"href":"https:\/\/lasentinelle.dz\/index.php\/wp-json\/wp\/v2\/tags?post=66927"}],"curies":[{"name":"wp","href":"https:\/\/api.w.org\/{rel}","templated":true}]}}