{"id":66938,"date":"2025-05-07T11:31:54","date_gmt":"2025-05-07T10:31:54","guid":{"rendered":"https:\/\/lasentinelle.dz\/?p=66938"},"modified":"2025-05-07T11:31:55","modified_gmt":"2025-05-07T10:31:55","slug":"dessalement-lintegration-du-produit-national-et-des-energies-renouvelables-en-ligne-de-mire","status":"publish","type":"post","link":"https:\/\/lasentinelle.dz\/index.php\/2025\/05\/07\/dessalement-lintegration-du-produit-national-et-des-energies-renouvelables-en-ligne-de-mire\/","title":{"rendered":"Dessalement : L&rsquo;int\u00e9gration du produit national et des \u00e9nergies renouvelables en ligne de mire"},"content":{"rendered":"\n<p>L&rsquo;Alg\u00e9rie s&rsquo;engage r\u00e9solument dans une nouvelle phase strat\u00e9gique pour ses infrastructures hydrauliques avec un ambitieux programme d&rsquo;extension de ses capacit\u00e9s de dessalement d&rsquo;eau de mer. Forte de son exp\u00e9rience r\u00e9ussie dans ce domaine, le pays pr\u00e9pare d\u00e9sormais un bond qualitatif majeur en int\u00e9grant davantage le produit national et les \u00e9nergies renouvelables dans les futurs projets. C&rsquo;est ce qu&rsquo;a annonc\u00e9 mardi \u00e0 Oran M. Chahed Brahim, vice-Pr\u00e9sident directeur g\u00e9n\u00e9ral de l&rsquo;Algerian Energy Company (AEC), en marge de la premi\u00e8re \u00e9dition du Salon National de la Qualit\u00e9, de l&rsquo;Hygi\u00e8ne, de la S\u00e9curit\u00e9 et de l&rsquo;Environnement. Ce responsable a rappel\u00e9 le succ\u00e8s d\u00e9j\u00e0 enregistr\u00e9 par l&rsquo;AEC avec la construction de cinq stations de dessalement dans un d\u00e9lai remarquablement court de 25 mois, d\u00e9montrant ainsi la capacit\u00e9 nationale \u00e0 ma\u00eetriser cette technologie complexe. L&rsquo;approche pour les six nouvelles stations programm\u00e9es s&rsquo;inscrit cependant dans une vision plus ambitieuse et durable. Ces futures installations seront strat\u00e9giquement implant\u00e9es dans les wilayas c\u00f4ti\u00e8res de Skikda, Jijel, Chlef, Tizi Ouzou, Mostaganem et Tlemcen, renfor\u00e7ant significativement le maillage territorial des infrastructures de dessalement. L&rsquo;impact de cette extension sera consid\u00e9rable puisque la capacit\u00e9 nationale de production d&rsquo;eau dessal\u00e9e passera de 3,7 millions de m\u00e8tres cubes quotidiens actuellement \u00e0 5,5 millions \u00e0 l&rsquo;horizon 2030, soit une augmentation de pr\u00e8s de 50%. Cette \u00e9volution quantitative s&rsquo;accompagne d&rsquo;un changement paradigmatique puisque l&rsquo;eau dessal\u00e9e ne sera plus con\u00e7ue comme un simple compl\u00e9ment mais deviendra une source principale d&rsquo;approvisionnement en eau potable pour les r\u00e9gions c\u00f4ti\u00e8res. Ce basculement r\u00e9pond \u00e0 une n\u00e9cessit\u00e9 strat\u00e9gique dans un contexte de stress hydrique croissant, exacerb\u00e9 par les effets du changement climatique sur le r\u00e9gime pluviom\u00e9trique du pays. L&rsquo;innovation majeure de ce programme r\u00e9side toutefois dans la double int\u00e9gration vis\u00e9e : celle du produit national d&rsquo;une part, et celle des \u00e9nergies renouvelables d&rsquo;autre part. Sur le plan industriel, l&rsquo;AEC pr\u00e9voit un recours accru \u00e0 l&rsquo;ing\u00e9nierie locale, aux mat\u00e9riaux et aux \u00e9quipements fabriqu\u00e9s en Alg\u00e9rie, g\u00e9n\u00e9rant ainsi des effets d&rsquo;entra\u00eenement b\u00e9n\u00e9fiques sur l&rsquo;\u00e9conomie nationale, tant en termes d&#8217;emplois que de transfert de comp\u00e9tences au sein des fili\u00e8res industrielles. Sur le plan \u00e9nerg\u00e9tique, l&rsquo;introduction progressive de sources renouvelables, notamment solaires, constitue une avanc\u00e9e significative pour ces installations traditionnellement \u00e9nergivores. Cette orientation vise \u00e0 r\u00e9duire l&#8217;empreinte carbone des stations de dessalement tout en augmentant leur autonomie op\u00e9rationnelle et leur r\u00e9silience face aux al\u00e9as d&rsquo;approvisionnement \u00e9nerg\u00e9tique. Ce virage technologique et industriel s&rsquo;inscrit pleinement dans la strat\u00e9gie nationale de transition \u00e9nerg\u00e9tique et de valorisation des ressources locales. Il traduit \u00e9galement une vision \u00e0 long terme qui fait du dessalement non plus une solution d&rsquo;appoint mais un pilier structurel de la politique hydraulique nationale. En conjuguant imp\u00e9ratifs de s\u00e9curit\u00e9 hydrique, d\u00e9veloppement industriel local et transition \u00e9nerg\u00e9tique, l&rsquo;Alg\u00e9rie pose ainsi les jalons d&rsquo;un mod\u00e8le plus souverain et durable de gestion de cette ressource vitale.<\/p>\n\n\n\n<p>Lyna Larbi<\/p>\n","protected":false},"excerpt":{"rendered":"<p>L&rsquo;Alg\u00e9rie s&rsquo;engage r\u00e9solument dans une nouvelle phase strat\u00e9gique pour ses infrastructures hydrauliques avec un ambitieux programme d&rsquo;extension de ses capacit\u00e9s<\/p>\n","protected":false},"author":6,"featured_media":48099,"comment_status":"open","ping_status":"closed","sticky":false,"template":"","format":"standard","meta":{"colormag_page_container_layout":"default_layout","colormag_page_sidebar_layout":"default_layout","om_disable_all_campaigns":false,"_monsterinsights_skip_tracking":false,"_monsterinsights_sitenote_active":false,"_monsterinsights_sitenote_note":"","_monsterinsights_sitenote_category":0,"footnotes":"","_wpscppro_dont_share_socialmedia":false,"_wpscppro_custom_social_share_image":0,"_facebook_share_type":"default","_twitter_share_type":"default","_linkedin_share_type":"default","_pinterest_share_type":"default","_linkedin_share_type_page":"","_instagram_share_type":"default","_medium_share_type":"default","_threads_share_type":"","_google_business_share_type":"","_selected_social_profile":[],"_wpsp_enable_custom_social_template":false,"_wpsp_social_scheduling":{"enabled":false,"datetime":null,"platforms":[],"status":"template_only","dateOption":"today","timeOption":"now","customDays":"","customHours":"","customDate":"","customTime":"","schedulingType":"absolute"},"_wpsp_active_default_template":true},"categories":[29],"tags":[],"class_list":["post-66938","post","type-post","status-publish","format-standard","has-post-thumbnail","hentry","category-economie"],"aioseo_notices":[],"yoast_head":"<!-- This site is optimized with the Yoast SEO plugin v27.5 - https:\/\/yoast.com\/product\/yoast-seo-wordpress\/ -->\n<title>Dessalement : L&rsquo;int\u00e9gration du produit national et des \u00e9nergies renouvelables en ligne de mire - La Sentinelle<\/title>\n<meta name=\"robots\" content=\"index, follow, max-snippet:-1, max-image-preview:large, max-video-preview:-1\" \/>\n<link rel=\"canonical\" href=\"https:\/\/lasentinelle.dz\/index.php\/2025\/05\/07\/dessalement-lintegration-du-produit-national-et-des-energies-renouvelables-en-ligne-de-mire\/\" \/>\n<meta property=\"og:locale\" content=\"fr_FR\" \/>\n<meta property=\"og:type\" content=\"article\" \/>\n<meta property=\"og:title\" content=\"Dessalement : L&rsquo;int\u00e9gration du produit national et des \u00e9nergies renouvelables en ligne de mire - La Sentinelle\" \/>\n<meta property=\"og:description\" content=\"L&rsquo;Alg\u00e9rie s&rsquo;engage r\u00e9solument dans une nouvelle phase strat\u00e9gique pour ses infrastructures hydrauliques avec un ambitieux programme d&rsquo;extension de ses capacit\u00e9s\" \/>\n<meta property=\"og:url\" content=\"https:\/\/lasentinelle.dz\/index.php\/2025\/05\/07\/dessalement-lintegration-du-produit-national-et-des-energies-renouvelables-en-ligne-de-mire\/\" \/>\n<meta property=\"og:site_name\" content=\"La Sentinelle\" \/>\n<meta property=\"article:publisher\" content=\"https:\/\/www.facebook.com\/La-Sentinelle-104059864394773\" \/>\n<meta property=\"article:published_time\" content=\"2025-05-07T10:31:54+00:00\" \/>\n<meta property=\"article:modified_time\" content=\"2025-05-07T10:31:55+00:00\" \/>\n<meta property=\"og:image\" content=\"https:\/\/lasentinelle.dz\/wp-content\/uploads\/2023\/12\/dessalement.webp\" \/>\n\t<meta property=\"og:image:width\" content=\"1200\" \/>\n\t<meta property=\"og:image:height\" content=\"600\" \/>\n\t<meta property=\"og:image:type\" content=\"image\/webp\" \/>\n<meta name=\"author\" content=\"admin\" \/>\n<meta name=\"twitter:card\" content=\"summary_large_image\" \/>\n<meta name=\"twitter:label1\" content=\"\u00c9crit par\" \/>\n\t<meta name=\"twitter:data1\" content=\"admin\" \/>\n\t<meta name=\"twitter:label2\" content=\"Dur\u00e9e de lecture estim\u00e9e\" \/>\n\t<meta name=\"twitter:data2\" content=\"3 minutes\" \/>\n<script type=\"application\/ld+json\" class=\"yoast-schema-graph\">{\"@context\":\"https:\\\/\\\/schema.org\",\"@graph\":[{\"@type\":\"Article\",\"@id\":\"https:\\\/\\\/lasentinelle.dz\\\/index.php\\\/2025\\\/05\\\/07\\\/dessalement-lintegration-du-produit-national-et-des-energies-renouvelables-en-ligne-de-mire\\\/#article\",\"isPartOf\":{\"@id\":\"https:\\\/\\\/lasentinelle.dz\\\/index.php\\\/2025\\\/05\\\/07\\\/dessalement-lintegration-du-produit-national-et-des-energies-renouvelables-en-ligne-de-mire\\\/\"},\"author\":{\"name\":\"admin\",\"@id\":\"https:\\\/\\\/lasentinelle.dz\\\/#\\\/schema\\\/person\\\/729ee0024f24e0b8c5ec17232f8e8b41\"},\"headline\":\"Dessalement : L&rsquo;int\u00e9gration du produit national et des \u00e9nergies renouvelables en ligne de mire\",\"datePublished\":\"2025-05-07T10:31:54+00:00\",\"dateModified\":\"2025-05-07T10:31:55+00:00\",\"mainEntityOfPage\":{\"@id\":\"https:\\\/\\\/lasentinelle.dz\\\/index.php\\\/2025\\\/05\\\/07\\\/dessalement-lintegration-du-produit-national-et-des-energies-renouvelables-en-ligne-de-mire\\\/\"},\"wordCount\":565,\"commentCount\":0,\"publisher\":{\"@id\":\"https:\\\/\\\/lasentinelle.dz\\\/#organization\"},\"image\":{\"@id\":\"https:\\\/\\\/lasentinelle.dz\\\/index.php\\\/2025\\\/05\\\/07\\\/dessalement-lintegration-du-produit-national-et-des-energies-renouvelables-en-ligne-de-mire\\\/#primaryimage\"},\"thumbnailUrl\":\"https:\\\/\\\/lasentinelle.dz\\\/wp-content\\\/uploads\\\/2023\\\/12\\\/dessalement.webp\",\"articleSection\":[\"\u00c9conomie\"],\"inLanguage\":\"fr-FR\",\"potentialAction\":[{\"@type\":\"CommentAction\",\"name\":\"Comment\",\"target\":[\"https:\\\/\\\/lasentinelle.dz\\\/index.php\\\/2025\\\/05\\\/07\\\/dessalement-lintegration-du-produit-national-et-des-energies-renouvelables-en-ligne-de-mire\\\/#respond\"]}]},{\"@type\":\"WebPage\",\"@id\":\"https:\\\/\\\/lasentinelle.dz\\\/index.php\\\/2025\\\/05\\\/07\\\/dessalement-lintegration-du-produit-national-et-des-energies-renouvelables-en-ligne-de-mire\\\/\",\"url\":\"https:\\\/\\\/lasentinelle.dz\\\/index.php\\\/2025\\\/05\\\/07\\\/dessalement-lintegration-du-produit-national-et-des-energies-renouvelables-en-ligne-de-mire\\\/\",\"name\":\"Dessalement : L&rsquo;int\u00e9gration du produit national et des \u00e9nergies renouvelables en ligne de mire - La Sentinelle\",\"isPartOf\":{\"@id\":\"https:\\\/\\\/lasentinelle.dz\\\/#website\"},\"primaryImageOfPage\":{\"@id\":\"https:\\\/\\\/lasentinelle.dz\\\/index.php\\\/2025\\\/05\\\/07\\\/dessalement-lintegration-du-produit-national-et-des-energies-renouvelables-en-ligne-de-mire\\\/#primaryimage\"},\"image\":{\"@id\":\"https:\\\/\\\/lasentinelle.dz\\\/index.php\\\/2025\\\/05\\\/07\\\/dessalement-lintegration-du-produit-national-et-des-energies-renouvelables-en-ligne-de-mire\\\/#primaryimage\"},\"thumbnailUrl\":\"https:\\\/\\\/lasentinelle.dz\\\/wp-content\\\/uploads\\\/2023\\\/12\\\/dessalement.webp\",\"datePublished\":\"2025-05-07T10:31:54+00:00\",\"dateModified\":\"2025-05-07T10:31:55+00:00\",\"breadcrumb\":{\"@id\":\"https:\\\/\\\/lasentinelle.dz\\\/index.php\\\/2025\\\/05\\\/07\\\/dessalement-lintegration-du-produit-national-et-des-energies-renouvelables-en-ligne-de-mire\\\/#breadcrumb\"},\"inLanguage\":\"fr-FR\",\"potentialAction\":[{\"@type\":\"ReadAction\",\"target\":[\"https:\\\/\\\/lasentinelle.dz\\\/index.php\\\/2025\\\/05\\\/07\\\/dessalement-lintegration-du-produit-national-et-des-energies-renouvelables-en-ligne-de-mire\\\/\"]}]},{\"@type\":\"ImageObject\",\"inLanguage\":\"fr-FR\",\"@id\":\"https:\\\/\\\/lasentinelle.dz\\\/index.php\\\/2025\\\/05\\\/07\\\/dessalement-lintegration-du-produit-national-et-des-energies-renouvelables-en-ligne-de-mire\\\/#primaryimage\",\"url\":\"https:\\\/\\\/lasentinelle.dz\\\/wp-content\\\/uploads\\\/2023\\\/12\\\/dessalement.webp\",\"contentUrl\":\"https:\\\/\\\/lasentinelle.dz\\\/wp-content\\\/uploads\\\/2023\\\/12\\\/dessalement.webp\",\"width\":1200,\"height\":600},{\"@type\":\"BreadcrumbList\",\"@id\":\"https:\\\/\\\/lasentinelle.dz\\\/index.php\\\/2025\\\/05\\\/07\\\/dessalement-lintegration-du-produit-national-et-des-energies-renouvelables-en-ligne-de-mire\\\/#breadcrumb\",\"itemListElement\":[{\"@type\":\"ListItem\",\"position\":1,\"name\":\"Accueil\",\"item\":\"https:\\\/\\\/lasentinelle.dz\\\/\"},{\"@type\":\"ListItem\",\"position\":2,\"name\":\"Dessalement : L&rsquo;int\u00e9gration du produit national et des \u00e9nergies renouvelables en ligne de mire\"}]},{\"@type\":\"WebSite\",\"@id\":\"https:\\\/\\\/lasentinelle.dz\\\/#website\",\"url\":\"https:\\\/\\\/lasentinelle.dz\\\/\",\"name\":\"La Sentinelle\",\"description\":\"Quotidien national d&#039;information\",\"publisher\":{\"@id\":\"https:\\\/\\\/lasentinelle.dz\\\/#organization\"},\"potentialAction\":[{\"@type\":\"SearchAction\",\"target\":{\"@type\":\"EntryPoint\",\"urlTemplate\":\"https:\\\/\\\/lasentinelle.dz\\\/?s={search_term_string}\"},\"query-input\":{\"@type\":\"PropertyValueSpecification\",\"valueRequired\":true,\"valueName\":\"search_term_string\"}}],\"inLanguage\":\"fr-FR\"},{\"@type\":\"Organization\",\"@id\":\"https:\\\/\\\/lasentinelle.dz\\\/#organization\",\"name\":\"Quotidien La Sentinelle\",\"url\":\"https:\\\/\\\/lasentinelle.dz\\\/\",\"logo\":{\"@type\":\"ImageObject\",\"inLanguage\":\"fr-FR\",\"@id\":\"https:\\\/\\\/lasentinelle.dz\\\/#\\\/schema\\\/logo\\\/image\\\/\",\"url\":\"https:\\\/\\\/lasentinelle.dz\\\/wp-content\\\/uploads\\\/2021\\\/09\\\/logo-sentinelleSLOGAN-1.png\",\"contentUrl\":\"https:\\\/\\\/lasentinelle.dz\\\/wp-content\\\/uploads\\\/2021\\\/09\\\/logo-sentinelleSLOGAN-1.png\",\"width\":615,\"height\":142,\"caption\":\"Quotidien La Sentinelle\"},\"image\":{\"@id\":\"https:\\\/\\\/lasentinelle.dz\\\/#\\\/schema\\\/logo\\\/image\\\/\"},\"sameAs\":[\"https:\\\/\\\/www.facebook.com\\\/La-Sentinelle-104059864394773\"]},{\"@type\":\"Person\",\"@id\":\"https:\\\/\\\/lasentinelle.dz\\\/#\\\/schema\\\/person\\\/729ee0024f24e0b8c5ec17232f8e8b41\",\"name\":\"admin\",\"image\":{\"@type\":\"ImageObject\",\"inLanguage\":\"fr-FR\",\"@id\":\"https:\\\/\\\/secure.gravatar.com\\\/avatar\\\/4c81fed838786e9b53f540bf46533e750f5d292099ae3b66cfc6fb1982e29df7?s=96&d=mm&r=g\",\"url\":\"https:\\\/\\\/secure.gravatar.com\\\/avatar\\\/4c81fed838786e9b53f540bf46533e750f5d292099ae3b66cfc6fb1982e29df7?s=96&d=mm&r=g\",\"contentUrl\":\"https:\\\/\\\/secure.gravatar.com\\\/avatar\\\/4c81fed838786e9b53f540bf46533e750f5d292099ae3b66cfc6fb1982e29df7?s=96&d=mm&r=g\",\"caption\":\"admin\"},\"description\":\"admin\",\"url\":\"https:\\\/\\\/lasentinelle.dz\\\/author\\\/admin\\\/\"}]}<\/script>\n<!-- \/ Yoast SEO plugin. -->","yoast_head_json":{"title":"Dessalement : L&rsquo;int\u00e9gration du produit national et des \u00e9nergies renouvelables en ligne de mire - La Sentinelle","robots":{"index":"index","follow":"follow","max-snippet":"max-snippet:-1","max-image-preview":"max-image-preview:large","max-video-preview":"max-video-preview:-1"},"canonical":"https:\/\/lasentinelle.dz\/index.php\/2025\/05\/07\/dessalement-lintegration-du-produit-national-et-des-energies-renouvelables-en-ligne-de-mire\/","og_locale":"fr_FR","og_type":"article","og_title":"Dessalement : L&rsquo;int\u00e9gration du produit national et des \u00e9nergies renouvelables en ligne de mire - La Sentinelle","og_description":"L&rsquo;Alg\u00e9rie s&rsquo;engage r\u00e9solument dans une nouvelle phase strat\u00e9gique pour ses infrastructures hydrauliques avec un ambitieux programme d&rsquo;extension de ses capacit\u00e9s","og_url":"https:\/\/lasentinelle.dz\/index.php\/2025\/05\/07\/dessalement-lintegration-du-produit-national-et-des-energies-renouvelables-en-ligne-de-mire\/","og_site_name":"La Sentinelle","article_publisher":"https:\/\/www.facebook.com\/La-Sentinelle-104059864394773","article_published_time":"2025-05-07T10:31:54+00:00","article_modified_time":"2025-05-07T10:31:55+00:00","og_image":[{"width":1200,"height":600,"url":"https:\/\/lasentinelle.dz\/wp-content\/uploads\/2023\/12\/dessalement.webp","type":"image\/webp"}],"author":"admin","twitter_card":"summary_large_image","twitter_misc":{"\u00c9crit par":"admin","Dur\u00e9e de lecture estim\u00e9e":"3 minutes"},"schema":{"@context":"https:\/\/schema.org","@graph":[{"@type":"Article","@id":"https:\/\/lasentinelle.dz\/index.php\/2025\/05\/07\/dessalement-lintegration-du-produit-national-et-des-energies-renouvelables-en-ligne-de-mire\/#article","isPartOf":{"@id":"https:\/\/lasentinelle.dz\/index.php\/2025\/05\/07\/dessalement-lintegration-du-produit-national-et-des-energies-renouvelables-en-ligne-de-mire\/"},"author":{"name":"admin","@id":"https:\/\/lasentinelle.dz\/#\/schema\/person\/729ee0024f24e0b8c5ec17232f8e8b41"},"headline":"Dessalement : L&rsquo;int\u00e9gration du produit national et des \u00e9nergies renouvelables en ligne de mire","datePublished":"2025-05-07T10:31:54+00:00","dateModified":"2025-05-07T10:31:55+00:00","mainEntityOfPage":{"@id":"https:\/\/lasentinelle.dz\/index.php\/2025\/05\/07\/dessalement-lintegration-du-produit-national-et-des-energies-renouvelables-en-ligne-de-mire\/"},"wordCount":565,"commentCount":0,"publisher":{"@id":"https:\/\/lasentinelle.dz\/#organization"},"image":{"@id":"https:\/\/lasentinelle.dz\/index.php\/2025\/05\/07\/dessalement-lintegration-du-produit-national-et-des-energies-renouvelables-en-ligne-de-mire\/#primaryimage"},"thumbnailUrl":"https:\/\/lasentinelle.dz\/wp-content\/uploads\/2023\/12\/dessalement.webp","articleSection":["\u00c9conomie"],"inLanguage":"fr-FR","potentialAction":[{"@type":"CommentAction","name":"Comment","target":["https:\/\/lasentinelle.dz\/index.php\/2025\/05\/07\/dessalement-lintegration-du-produit-national-et-des-energies-renouvelables-en-ligne-de-mire\/#respond"]}]},{"@type":"WebPage","@id":"https:\/\/lasentinelle.dz\/index.php\/2025\/05\/07\/dessalement-lintegration-du-produit-national-et-des-energies-renouvelables-en-ligne-de-mire\/","url":"https:\/\/lasentinelle.dz\/index.php\/2025\/05\/07\/dessalement-lintegration-du-produit-national-et-des-energies-renouvelables-en-ligne-de-mire\/","name":"Dessalement : L&rsquo;int\u00e9gration du produit national et des \u00e9nergies renouvelables en ligne de mire - La Sentinelle","isPartOf":{"@id":"https:\/\/lasentinelle.dz\/#website"},"primaryImageOfPage":{"@id":"https:\/\/lasentinelle.dz\/index.php\/2025\/05\/07\/dessalement-lintegration-du-produit-national-et-des-energies-renouvelables-en-ligne-de-mire\/#primaryimage"},"image":{"@id":"https:\/\/lasentinelle.dz\/index.php\/2025\/05\/07\/dessalement-lintegration-du-produit-national-et-des-energies-renouvelables-en-ligne-de-mire\/#primaryimage"},"thumbnailUrl":"https:\/\/lasentinelle.dz\/wp-content\/uploads\/2023\/12\/dessalement.webp","datePublished":"2025-05-07T10:31:54+00:00","dateModified":"2025-05-07T10:31:55+00:00","breadcrumb":{"@id":"https:\/\/lasentinelle.dz\/index.php\/2025\/05\/07\/dessalement-lintegration-du-produit-national-et-des-energies-renouvelables-en-ligne-de-mire\/#breadcrumb"},"inLanguage":"fr-FR","potentialAction":[{"@type":"ReadAction","target":["https:\/\/lasentinelle.dz\/index.php\/2025\/05\/07\/dessalement-lintegration-du-produit-national-et-des-energies-renouvelables-en-ligne-de-mire\/"]}]},{"@type":"ImageObject","inLanguage":"fr-FR","@id":"https:\/\/lasentinelle.dz\/index.php\/2025\/05\/07\/dessalement-lintegration-du-produit-national-et-des-energies-renouvelables-en-ligne-de-mire\/#primaryimage","url":"https:\/\/lasentinelle.dz\/wp-content\/uploads\/2023\/12\/dessalement.webp","contentUrl":"https:\/\/lasentinelle.dz\/wp-content\/uploads\/2023\/12\/dessalement.webp","width":1200,"height":600},{"@type":"BreadcrumbList","@id":"https:\/\/lasentinelle.dz\/index.php\/2025\/05\/07\/dessalement-lintegration-du-produit-national-et-des-energies-renouvelables-en-ligne-de-mire\/#breadcrumb","itemListElement":[{"@type":"ListItem","position":1,"name":"Accueil","item":"https:\/\/lasentinelle.dz\/"},{"@type":"ListItem","position":2,"name":"Dessalement : L&rsquo;int\u00e9gration du produit national et des \u00e9nergies renouvelables en ligne de mire"}]},{"@type":"WebSite","@id":"https:\/\/lasentinelle.dz\/#website","url":"https:\/\/lasentinelle.dz\/","name":"La Sentinelle","description":"Quotidien national d&#039;information","publisher":{"@id":"https:\/\/lasentinelle.dz\/#organization"},"potentialAction":[{"@type":"SearchAction","target":{"@type":"EntryPoint","urlTemplate":"https:\/\/lasentinelle.dz\/?s={search_term_string}"},"query-input":{"@type":"PropertyValueSpecification","valueRequired":true,"valueName":"search_term_string"}}],"inLanguage":"fr-FR"},{"@type":"Organization","@id":"https:\/\/lasentinelle.dz\/#organization","name":"Quotidien La Sentinelle","url":"https:\/\/lasentinelle.dz\/","logo":{"@type":"ImageObject","inLanguage":"fr-FR","@id":"https:\/\/lasentinelle.dz\/#\/schema\/logo\/image\/","url":"https:\/\/lasentinelle.dz\/wp-content\/uploads\/2021\/09\/logo-sentinelleSLOGAN-1.png","contentUrl":"https:\/\/lasentinelle.dz\/wp-content\/uploads\/2021\/09\/logo-sentinelleSLOGAN-1.png","width":615,"height":142,"caption":"Quotidien La Sentinelle"},"image":{"@id":"https:\/\/lasentinelle.dz\/#\/schema\/logo\/image\/"},"sameAs":["https:\/\/www.facebook.com\/La-Sentinelle-104059864394773"]},{"@type":"Person","@id":"https:\/\/lasentinelle.dz\/#\/schema\/person\/729ee0024f24e0b8c5ec17232f8e8b41","name":"admin","image":{"@type":"ImageObject","inLanguage":"fr-FR","@id":"https:\/\/secure.gravatar.com\/avatar\/4c81fed838786e9b53f540bf46533e750f5d292099ae3b66cfc6fb1982e29df7?s=96&d=mm&r=g","url":"https:\/\/secure.gravatar.com\/avatar\/4c81fed838786e9b53f540bf46533e750f5d292099ae3b66cfc6fb1982e29df7?s=96&d=mm&r=g","contentUrl":"https:\/\/secure.gravatar.com\/avatar\/4c81fed838786e9b53f540bf46533e750f5d292099ae3b66cfc6fb1982e29df7?s=96&d=mm&r=g","caption":"admin"},"description":"admin","url":"https:\/\/lasentinelle.dz\/author\/admin\/"}]}},"_links":{"self":[{"href":"https:\/\/lasentinelle.dz\/index.php\/wp-json\/wp\/v2\/posts\/66938","targetHints":{"allow":["GET"]}}],"collection":[{"href":"https:\/\/lasentinelle.dz\/index.php\/wp-json\/wp\/v2\/posts"}],"about":[{"href":"https:\/\/lasentinelle.dz\/index.php\/wp-json\/wp\/v2\/types\/post"}],"author":[{"embeddable":true,"href":"https:\/\/lasentinelle.dz\/index.php\/wp-json\/wp\/v2\/users\/6"}],"replies":[{"embeddable":true,"href":"https:\/\/lasentinelle.dz\/index.php\/wp-json\/wp\/v2\/comments?post=66938"}],"version-history":[{"count":2,"href":"https:\/\/lasentinelle.dz\/index.php\/wp-json\/wp\/v2\/posts\/66938\/revisions"}],"predecessor-version":[{"id":66940,"href":"https:\/\/lasentinelle.dz\/index.php\/wp-json\/wp\/v2\/posts\/66938\/revisions\/66940"}],"wp:featuredmedia":[{"embeddable":true,"href":"https:\/\/lasentinelle.dz\/index.php\/wp-json\/wp\/v2\/media\/48099"}],"wp:attachment":[{"href":"https:\/\/lasentinelle.dz\/index.php\/wp-json\/wp\/v2\/media?parent=66938"}],"wp:term":[{"taxonomy":"category","embeddable":true,"href":"https:\/\/lasentinelle.dz\/index.php\/wp-json\/wp\/v2\/categories?post=66938"},{"taxonomy":"post_tag","embeddable":true,"href":"https:\/\/lasentinelle.dz\/index.php\/wp-json\/wp\/v2\/tags?post=66938"}],"curies":[{"name":"wp","href":"https:\/\/api.w.org\/{rel}","templated":true}]}}