{"id":6697,"date":"2021-09-06T00:05:00","date_gmt":"2021-09-05T23:05:00","guid":{"rendered":"https:\/\/lasentinelle.dz\/?p=6697"},"modified":"2021-09-05T18:37:05","modified_gmt":"2021-09-05T17:37:05","slug":"nomination-de-7-diplomates-et-experts-comme-envoyes-speciaux-la-diplomatie-algerienne-affute-ses-armes","status":"publish","type":"post","link":"https:\/\/lasentinelle.dz\/index.php\/2021\/09\/06\/nomination-de-7-diplomates-et-experts-comme-envoyes-speciaux-la-diplomatie-algerienne-affute-ses-armes\/","title":{"rendered":"Nomination de 7 diplomates et experts comme envoy\u00e9s sp\u00e9ciaux : La diplomatie alg\u00e9rienne aff\u00fbte ses armes"},"content":{"rendered":"\n<p>Le Pr\u00e9sident de la R\u00e9publique, Abdelmadjid Tebboune, a d\u00e9cid\u00e9 de renforcer et d\u2019affuter les outils de la diplomatie alg\u00e9rienne afin de l\u2019engager r\u00e9solument dans les nouvelles formes d\u2019action modernes de la diplomatie mondiale. Il s&rsquo;agit de la cr\u00e9ation de postes d\u2019envoy\u00e9s sp\u00e9ciaux charg\u00e9s de conduire l\u2019action internationale de l\u2019Alg\u00e9rie sur sept axes d\u2019efforts essentiels refl\u00e9tant ses int\u00e9r\u00eats et ses priorit\u00e9s, sous l\u2019autorit\u00e9 directe du ministre des Affaires \u00e9trang\u00e8res et de la Communaut\u00e9 nationale \u00e0 l&rsquo;\u00e9tranger. Ces nouveaux postes permettront notamment de renforcer la capacit\u00e9 d\u2019interaction et d\u2019influence de notre diplomatie et la d\u00e9multiplication de la pr\u00e9sence de l\u2019Alg\u00e9rie et l\u2019efficacit\u00e9 de son action sur les sc\u00e8nes r\u00e9gionales et internationales. Le choix du Pr\u00e9sident Tebboune s\u2019est port\u00e9 sur des diplomates chevronn\u00e9s ainsi que sur des responsables et experts de haut niveau. Il s\u2019agit d\u2019Amar Belani, qui sera charg\u00e9 de la question du Sahara Occidental et des pays du Maghreb, d\u2019Ahmed Benyamina, charg\u00e9 des questions de s\u00e9curit\u00e9 internationale, de Boudjemaa Delmi, charg\u00e9 de questions africaines, en particulier de la g\u00e9ostrat\u00e9gie de l\u2019espace sah\u00e9lo-saharien et de la pr\u00e9sidence du comit\u00e9 de suivi de l\u2019application de l\u2019accord d\u2019Alger sur la paix et la r\u00e9conciliation au Mali. Taos Haddadi-Djellouli est charg\u00e9e, pour sa part, de la communaut\u00e9 nationale \u00e9tablie \u00e0 l\u2019\u00e9tranger, Abdelkrim Harchaoui est charg\u00e9 de la diplomatie \u00e9conomique, Noreddine Aouam, est charg\u00e9 des pays arabes, et enfin Leila Zerrougui est charg\u00e9e des grands partenariats internationaux.<\/p>\n\n\n\n<p>Ce sont tous des cadres sup\u00e9rieurs de la Nation, issus de l\u2019Alg\u00e9rie ind\u00e9pendante et qui ont eu des parcours jalonn\u00e9s du double sceau du patriotisme et du professionnalisme. A titre indicatif, Amar Belani a occup\u00e9 plusieurs postes dont celui de porte-parole du minist\u00e8re des Affaires \u00e9trang\u00e8res et Ambassadeur d&rsquo;Alg\u00e9rie aupr\u00e8s de l&rsquo;Union Europ\u00e9enne, de l&rsquo;OTAN et du royaume de Belgique.&nbsp; Ahmed Benyamina a \u00e9galement occup\u00e9 plusieurs postes d\u2019Ambassadeur, successivement au Pakistan, en Grande Bretagne, en Gr\u00e8ce et au Royaume du Maroc. Boudjemaa Delmi a exerc\u00e9 dans d\u2019importantes capitales de la diplomatie multilat\u00e9rale, notamment \u00e0&nbsp; Addis Abeba et Gen\u00e8ve, ainsi qu\u2019\u00e0 Tokyo. Fille d\u2019\u00e9migr\u00e9, Taos Haddadi-Djellouli, a \u00e9t\u00e9 la cheffe de cabinet du Secr\u00e9taire d\u2019Etat charg\u00e9 de la communaut\u00e9 nationale \u00e9tablie \u00e0 l\u2019\u00e9tranger et elle a longtemps travaill\u00e9 sur le dossier des relations alg\u00e9ro-francaises avant d\u2019exercer en qualit\u00e9 d\u2019Ambassadeure d\u2019Alg\u00e9rie en Roumanie.&nbsp;<\/p>\n\n\n\n<p>Abdelkrim Harchaoui a exerc\u00e9 notamment les fonctions de ministre des Finances et de ministre du Commerce ; cadre de grande comp\u00e9tence, il est un parfait connaisseur des institutions \u00e9conomiques, financi\u00e8res et commerciales internationales.<\/p>\n\n\n\n<p>Ancien secr\u00e9taire g\u00e9n\u00e9ral du minist\u00e8re des affaires \u00e9trang\u00e8res,&nbsp; Noreddine Aouam est actuellement Ambassadeur d\u2019Alg\u00e9rie \u00e0 Berlin. Il a \u00e9t\u00e9 Ambassadeur \u00e0 Addis Ab\u00e9ba aupr\u00e8s de l\u2019Union Africaine. Leila Zerrougui a accompli une longue carri\u00e8re de fonctionnaire internationale qui a culmin\u00e9 avec sa nomination au poste de Secr\u00e9taire g\u00e9n\u00e9rale adjointe des Nations Unies et cheffe de la mission de stabilisation de l\u2019ONU en R\u00e9publique D\u00e9mocratique du Congo&nbsp; (MONUSCO). Sa carri\u00e8re nationale dans la magistrature a fait la d\u00e9monstration de qualit\u00e9s humaines et professionnelles de grande valeur. Il s\u2019agit, en l\u2019occurrence, de cadres qui ont engrang\u00e9 une vaste exp\u00e9rience qui devrait leur permettre d\u2019accompagner utilement et collectivement le ministre des Affaires \u00e9trang\u00e8res notamment en mati\u00e8re d\u2019analyse et d\u2019anticipation dans la perspective trac\u00e9e par le Chef de l\u2019Etat concernant une diplomatie r\u00e9ellement dynamique et proactive, qui puisse \u00eatre en mesure de disposer de capacit\u00e9s d\u2019initiative sur les grands dossiers r\u00e9gionaux et internationaux&nbsp; et de s\u2019inscrire dans une logique d\u2019influence pour conforter le r\u00f4le de l\u2019Alg\u00e9rie en tant que puissance m\u00e9diane productrice et exportatrice de paix, de stabilit\u00e9 et de s\u00e9curit\u00e9.<\/p>\n\n\n\n<p><strong>Vaste red\u00e9ploiement<\/strong><\/p>\n\n\n\n<p>En sus de ces nominations, le Pr\u00e9sident de la R\u00e9publique, vient de prendre la d\u00e9cision de lancer un tr\u00e8s vaste mouvement qui touchera plus de 70 postes diplomatiques et consulaires, dans l\u2019objectif de red\u00e9ployer l\u2019appareil diplomatique. A cet effet, le ministre des affaires \u00e9trang\u00e8res, Ramtane Lamamra, a \u00e9t\u00e9 charg\u00e9 de pr\u00e9parer une grande conf\u00e9rence qui regroupera l\u2019ensemble des chefs de postes diplomatiques et consulaires. Cette grande messe diplomatique qui participe de l\u2019\u0153uvre de r\u00e9novation des m\u00e9thodes de travail apportera sa contribution \u00e0 la modernisation de l\u2019appareil diplomatique en tant que vecteur de paix, de s\u00e9curit\u00e9 et de d\u00e9veloppement. Elle consacrera \u00e9galement notre attachement visc\u00e9ral \u00e0 notre communaut\u00e9 nationale \u00e0 l\u2019\u00e9tranger en tant qu\u2019avant-garde de la Nation sur l&rsquo;ar\u00e8ne mondiale au service des int\u00e9r\u00eats strat\u00e9giques de l&rsquo;Alg\u00e9rie.<\/p>\n\n\n\n<p><strong>Fai\u00e7al Bedjaoui<\/strong><\/p>\n","protected":false},"excerpt":{"rendered":"<p>Le Pr\u00e9sident de la R\u00e9publique, Abdelmadjid Tebboune, a d\u00e9cid\u00e9 de renforcer et d\u2019affuter les outils de la diplomatie alg\u00e9rienne afin<\/p>\n","protected":false},"author":3,"featured_media":6701,"comment_status":"open","ping_status":"closed","sticky":false,"template":"","format":"standard","meta":{"colormag_page_container_layout":"default_layout","colormag_page_sidebar_layout":"default_layout","om_disable_all_campaigns":false,"_monsterinsights_skip_tracking":false,"_monsterinsights_sitenote_active":false,"_monsterinsights_sitenote_note":"","_monsterinsights_sitenote_category":0,"footnotes":"","_wpscppro_dont_share_socialmedia":false,"_wpscppro_custom_social_share_image":0,"_facebook_share_type":"","_twitter_share_type":"","_linkedin_share_type":"","_pinterest_share_type":"","_linkedin_share_type_page":"","_instagram_share_type":"","_medium_share_type":"","_threads_share_type":"","_google_business_share_type":"","_selected_social_profile":[],"_wpsp_enable_custom_social_template":false,"_wpsp_social_scheduling":{"enabled":false,"datetime":null,"platforms":[],"status":"template_only","dateOption":"today","timeOption":"now","customDays":"","customHours":"","customDate":"","customTime":"","schedulingType":"absolute"},"_wpsp_active_default_template":true},"categories":[52,27],"tags":[],"class_list":["post-6697","post","type-post","status-publish","format-standard","has-post-thumbnail","hentry","category-a-la-une","category-actualite"],"aioseo_notices":[],"yoast_head":"<!-- This site is optimized with the Yoast SEO plugin v27.5 - https:\/\/yoast.com\/product\/yoast-seo-wordpress\/ -->\n<title>Nomination de 7 diplomates et experts comme envoy\u00e9s sp\u00e9ciaux : La diplomatie alg\u00e9rienne aff\u00fbte ses armes - La Sentinelle<\/title>\n<meta name=\"robots\" content=\"index, follow, max-snippet:-1, max-image-preview:large, max-video-preview:-1\" \/>\n<link rel=\"canonical\" href=\"https:\/\/lasentinelle.dz\/index.php\/2021\/09\/06\/nomination-de-7-diplomates-et-experts-comme-envoyes-speciaux-la-diplomatie-algerienne-affute-ses-armes\/\" \/>\n<meta property=\"og:locale\" content=\"fr_FR\" \/>\n<meta property=\"og:type\" content=\"article\" \/>\n<meta property=\"og:title\" content=\"Nomination de 7 diplomates et experts comme envoy\u00e9s sp\u00e9ciaux : La diplomatie alg\u00e9rienne aff\u00fbte ses armes - La Sentinelle\" \/>\n<meta property=\"og:description\" content=\"Le Pr\u00e9sident de la R\u00e9publique, Abdelmadjid Tebboune, a d\u00e9cid\u00e9 de renforcer et d\u2019affuter les outils de la diplomatie alg\u00e9rienne afin\" \/>\n<meta property=\"og:url\" content=\"https:\/\/lasentinelle.dz\/index.php\/2021\/09\/06\/nomination-de-7-diplomates-et-experts-comme-envoyes-speciaux-la-diplomatie-algerienne-affute-ses-armes\/\" \/>\n<meta property=\"og:site_name\" content=\"La Sentinelle\" \/>\n<meta property=\"article:publisher\" content=\"https:\/\/www.facebook.com\/La-Sentinelle-104059864394773\" \/>\n<meta property=\"article:published_time\" content=\"2021-09-05T23:05:00+00:00\" \/>\n<meta property=\"og:image\" content=\"https:\/\/lasentinelle.dz\/wp-content\/uploads\/2021\/09\/MAE-siege.jpeg\" \/>\n\t<meta property=\"og:image:width\" content=\"2135\" \/>\n\t<meta property=\"og:image:height\" content=\"1423\" \/>\n\t<meta property=\"og:image:type\" content=\"image\/jpeg\" \/>\n<meta name=\"author\" content=\"La Sentinelle\" \/>\n<meta name=\"twitter:card\" content=\"summary_large_image\" \/>\n<meta name=\"twitter:label1\" content=\"\u00c9crit par\" \/>\n\t<meta name=\"twitter:data1\" content=\"La Sentinelle\" \/>\n\t<meta name=\"twitter:label2\" content=\"Dur\u00e9e de lecture estim\u00e9e\" \/>\n\t<meta name=\"twitter:data2\" content=\"4 minutes\" \/>\n<script type=\"application\/ld+json\" class=\"yoast-schema-graph\">{\"@context\":\"https:\\\/\\\/schema.org\",\"@graph\":[{\"@type\":\"Article\",\"@id\":\"https:\\\/\\\/lasentinelle.dz\\\/index.php\\\/2021\\\/09\\\/06\\\/nomination-de-7-diplomates-et-experts-comme-envoyes-speciaux-la-diplomatie-algerienne-affute-ses-armes\\\/#article\",\"isPartOf\":{\"@id\":\"https:\\\/\\\/lasentinelle.dz\\\/index.php\\\/2021\\\/09\\\/06\\\/nomination-de-7-diplomates-et-experts-comme-envoyes-speciaux-la-diplomatie-algerienne-affute-ses-armes\\\/\"},\"author\":{\"name\":\"La Sentinelle\",\"@id\":\"https:\\\/\\\/lasentinelle.dz\\\/#\\\/schema\\\/person\\\/d865044e22e70a75174ce8bcad3acfb3\"},\"headline\":\"Nomination de 7 diplomates et experts comme envoy\u00e9s sp\u00e9ciaux : La diplomatie alg\u00e9rienne aff\u00fbte ses armes\",\"datePublished\":\"2021-09-05T23:05:00+00:00\",\"mainEntityOfPage\":{\"@id\":\"https:\\\/\\\/lasentinelle.dz\\\/index.php\\\/2021\\\/09\\\/06\\\/nomination-de-7-diplomates-et-experts-comme-envoyes-speciaux-la-diplomatie-algerienne-affute-ses-armes\\\/\"},\"wordCount\":877,\"commentCount\":0,\"publisher\":{\"@id\":\"https:\\\/\\\/lasentinelle.dz\\\/#organization\"},\"image\":{\"@id\":\"https:\\\/\\\/lasentinelle.dz\\\/index.php\\\/2021\\\/09\\\/06\\\/nomination-de-7-diplomates-et-experts-comme-envoyes-speciaux-la-diplomatie-algerienne-affute-ses-armes\\\/#primaryimage\"},\"thumbnailUrl\":\"https:\\\/\\\/lasentinelle.dz\\\/wp-content\\\/uploads\\\/2021\\\/09\\\/MAE-siege.jpeg\",\"articleSection\":[\"\u00c0 la Une\",\"Actualit\u00e9\"],\"inLanguage\":\"fr-FR\",\"potentialAction\":[{\"@type\":\"CommentAction\",\"name\":\"Comment\",\"target\":[\"https:\\\/\\\/lasentinelle.dz\\\/index.php\\\/2021\\\/09\\\/06\\\/nomination-de-7-diplomates-et-experts-comme-envoyes-speciaux-la-diplomatie-algerienne-affute-ses-armes\\\/#respond\"]}]},{\"@type\":\"WebPage\",\"@id\":\"https:\\\/\\\/lasentinelle.dz\\\/index.php\\\/2021\\\/09\\\/06\\\/nomination-de-7-diplomates-et-experts-comme-envoyes-speciaux-la-diplomatie-algerienne-affute-ses-armes\\\/\",\"url\":\"https:\\\/\\\/lasentinelle.dz\\\/index.php\\\/2021\\\/09\\\/06\\\/nomination-de-7-diplomates-et-experts-comme-envoyes-speciaux-la-diplomatie-algerienne-affute-ses-armes\\\/\",\"name\":\"Nomination de 7 diplomates et experts comme envoy\u00e9s sp\u00e9ciaux : La diplomatie alg\u00e9rienne aff\u00fbte ses armes - La Sentinelle\",\"isPartOf\":{\"@id\":\"https:\\\/\\\/lasentinelle.dz\\\/#website\"},\"primaryImageOfPage\":{\"@id\":\"https:\\\/\\\/lasentinelle.dz\\\/index.php\\\/2021\\\/09\\\/06\\\/nomination-de-7-diplomates-et-experts-comme-envoyes-speciaux-la-diplomatie-algerienne-affute-ses-armes\\\/#primaryimage\"},\"image\":{\"@id\":\"https:\\\/\\\/lasentinelle.dz\\\/index.php\\\/2021\\\/09\\\/06\\\/nomination-de-7-diplomates-et-experts-comme-envoyes-speciaux-la-diplomatie-algerienne-affute-ses-armes\\\/#primaryimage\"},\"thumbnailUrl\":\"https:\\\/\\\/lasentinelle.dz\\\/wp-content\\\/uploads\\\/2021\\\/09\\\/MAE-siege.jpeg\",\"datePublished\":\"2021-09-05T23:05:00+00:00\",\"breadcrumb\":{\"@id\":\"https:\\\/\\\/lasentinelle.dz\\\/index.php\\\/2021\\\/09\\\/06\\\/nomination-de-7-diplomates-et-experts-comme-envoyes-speciaux-la-diplomatie-algerienne-affute-ses-armes\\\/#breadcrumb\"},\"inLanguage\":\"fr-FR\",\"potentialAction\":[{\"@type\":\"ReadAction\",\"target\":[\"https:\\\/\\\/lasentinelle.dz\\\/index.php\\\/2021\\\/09\\\/06\\\/nomination-de-7-diplomates-et-experts-comme-envoyes-speciaux-la-diplomatie-algerienne-affute-ses-armes\\\/\"]}]},{\"@type\":\"ImageObject\",\"inLanguage\":\"fr-FR\",\"@id\":\"https:\\\/\\\/lasentinelle.dz\\\/index.php\\\/2021\\\/09\\\/06\\\/nomination-de-7-diplomates-et-experts-comme-envoyes-speciaux-la-diplomatie-algerienne-affute-ses-armes\\\/#primaryimage\",\"url\":\"https:\\\/\\\/lasentinelle.dz\\\/wp-content\\\/uploads\\\/2021\\\/09\\\/MAE-siege.jpeg\",\"contentUrl\":\"https:\\\/\\\/lasentinelle.dz\\\/wp-content\\\/uploads\\\/2021\\\/09\\\/MAE-siege.jpeg\",\"width\":2135,\"height\":1423,\"caption\":\"????????????????????????????????????\"},{\"@type\":\"BreadcrumbList\",\"@id\":\"https:\\\/\\\/lasentinelle.dz\\\/index.php\\\/2021\\\/09\\\/06\\\/nomination-de-7-diplomates-et-experts-comme-envoyes-speciaux-la-diplomatie-algerienne-affute-ses-armes\\\/#breadcrumb\",\"itemListElement\":[{\"@type\":\"ListItem\",\"position\":1,\"name\":\"Accueil\",\"item\":\"https:\\\/\\\/lasentinelle.dz\\\/\"},{\"@type\":\"ListItem\",\"position\":2,\"name\":\"Nomination de 7 diplomates et experts comme envoy\u00e9s sp\u00e9ciaux : La diplomatie alg\u00e9rienne aff\u00fbte ses armes\"}]},{\"@type\":\"WebSite\",\"@id\":\"https:\\\/\\\/lasentinelle.dz\\\/#website\",\"url\":\"https:\\\/\\\/lasentinelle.dz\\\/\",\"name\":\"La Sentinelle\",\"description\":\"Quotidien national d&#039;information\",\"publisher\":{\"@id\":\"https:\\\/\\\/lasentinelle.dz\\\/#organization\"},\"potentialAction\":[{\"@type\":\"SearchAction\",\"target\":{\"@type\":\"EntryPoint\",\"urlTemplate\":\"https:\\\/\\\/lasentinelle.dz\\\/?s={search_term_string}\"},\"query-input\":{\"@type\":\"PropertyValueSpecification\",\"valueRequired\":true,\"valueName\":\"search_term_string\"}}],\"inLanguage\":\"fr-FR\"},{\"@type\":\"Organization\",\"@id\":\"https:\\\/\\\/lasentinelle.dz\\\/#organization\",\"name\":\"Quotidien La Sentinelle\",\"url\":\"https:\\\/\\\/lasentinelle.dz\\\/\",\"logo\":{\"@type\":\"ImageObject\",\"inLanguage\":\"fr-FR\",\"@id\":\"https:\\\/\\\/lasentinelle.dz\\\/#\\\/schema\\\/logo\\\/image\\\/\",\"url\":\"https:\\\/\\\/lasentinelle.dz\\\/wp-content\\\/uploads\\\/2021\\\/09\\\/logo-sentinelleSLOGAN-1.png\",\"contentUrl\":\"https:\\\/\\\/lasentinelle.dz\\\/wp-content\\\/uploads\\\/2021\\\/09\\\/logo-sentinelleSLOGAN-1.png\",\"width\":615,\"height\":142,\"caption\":\"Quotidien La Sentinelle\"},\"image\":{\"@id\":\"https:\\\/\\\/lasentinelle.dz\\\/#\\\/schema\\\/logo\\\/image\\\/\"},\"sameAs\":[\"https:\\\/\\\/www.facebook.com\\\/La-Sentinelle-104059864394773\"]},{\"@type\":\"Person\",\"@id\":\"https:\\\/\\\/lasentinelle.dz\\\/#\\\/schema\\\/person\\\/d865044e22e70a75174ce8bcad3acfb3\",\"name\":\"La Sentinelle\",\"image\":{\"@type\":\"ImageObject\",\"inLanguage\":\"fr-FR\",\"@id\":\"https:\\\/\\\/secure.gravatar.com\\\/avatar\\\/57de8e5d4b15d43fb361a71fbb36338450fe67865b528a43dd10ef7c51a20392?s=96&d=mm&r=g\",\"url\":\"https:\\\/\\\/secure.gravatar.com\\\/avatar\\\/57de8e5d4b15d43fb361a71fbb36338450fe67865b528a43dd10ef7c51a20392?s=96&d=mm&r=g\",\"contentUrl\":\"https:\\\/\\\/secure.gravatar.com\\\/avatar\\\/57de8e5d4b15d43fb361a71fbb36338450fe67865b528a43dd10ef7c51a20392?s=96&d=mm&r=g\",\"caption\":\"La Sentinelle\"},\"sameAs\":[\"http:\\\/\\\/www.lasentinelle.dz\"],\"url\":\"https:\\\/\\\/lasentinelle.dz\\\/author\\\/redaction\\\/\"}]}<\/script>\n<!-- \/ Yoast SEO plugin. -->","yoast_head_json":{"title":"Nomination de 7 diplomates et experts comme envoy\u00e9s sp\u00e9ciaux : La diplomatie alg\u00e9rienne aff\u00fbte ses armes - La Sentinelle","robots":{"index":"index","follow":"follow","max-snippet":"max-snippet:-1","max-image-preview":"max-image-preview:large","max-video-preview":"max-video-preview:-1"},"canonical":"https:\/\/lasentinelle.dz\/index.php\/2021\/09\/06\/nomination-de-7-diplomates-et-experts-comme-envoyes-speciaux-la-diplomatie-algerienne-affute-ses-armes\/","og_locale":"fr_FR","og_type":"article","og_title":"Nomination de 7 diplomates et experts comme envoy\u00e9s sp\u00e9ciaux : La diplomatie alg\u00e9rienne aff\u00fbte ses armes - La Sentinelle","og_description":"Le Pr\u00e9sident de la R\u00e9publique, Abdelmadjid Tebboune, a d\u00e9cid\u00e9 de renforcer et d\u2019affuter les outils de la diplomatie alg\u00e9rienne afin","og_url":"https:\/\/lasentinelle.dz\/index.php\/2021\/09\/06\/nomination-de-7-diplomates-et-experts-comme-envoyes-speciaux-la-diplomatie-algerienne-affute-ses-armes\/","og_site_name":"La Sentinelle","article_publisher":"https:\/\/www.facebook.com\/La-Sentinelle-104059864394773","article_published_time":"2021-09-05T23:05:00+00:00","og_image":[{"width":2135,"height":1423,"url":"https:\/\/lasentinelle.dz\/wp-content\/uploads\/2021\/09\/MAE-siege.jpeg","type":"image\/jpeg"}],"author":"La Sentinelle","twitter_card":"summary_large_image","twitter_misc":{"\u00c9crit par":"La Sentinelle","Dur\u00e9e de lecture estim\u00e9e":"4 minutes"},"schema":{"@context":"https:\/\/schema.org","@graph":[{"@type":"Article","@id":"https:\/\/lasentinelle.dz\/index.php\/2021\/09\/06\/nomination-de-7-diplomates-et-experts-comme-envoyes-speciaux-la-diplomatie-algerienne-affute-ses-armes\/#article","isPartOf":{"@id":"https:\/\/lasentinelle.dz\/index.php\/2021\/09\/06\/nomination-de-7-diplomates-et-experts-comme-envoyes-speciaux-la-diplomatie-algerienne-affute-ses-armes\/"},"author":{"name":"La Sentinelle","@id":"https:\/\/lasentinelle.dz\/#\/schema\/person\/d865044e22e70a75174ce8bcad3acfb3"},"headline":"Nomination de 7 diplomates et experts comme envoy\u00e9s sp\u00e9ciaux : La diplomatie alg\u00e9rienne aff\u00fbte ses armes","datePublished":"2021-09-05T23:05:00+00:00","mainEntityOfPage":{"@id":"https:\/\/lasentinelle.dz\/index.php\/2021\/09\/06\/nomination-de-7-diplomates-et-experts-comme-envoyes-speciaux-la-diplomatie-algerienne-affute-ses-armes\/"},"wordCount":877,"commentCount":0,"publisher":{"@id":"https:\/\/lasentinelle.dz\/#organization"},"image":{"@id":"https:\/\/lasentinelle.dz\/index.php\/2021\/09\/06\/nomination-de-7-diplomates-et-experts-comme-envoyes-speciaux-la-diplomatie-algerienne-affute-ses-armes\/#primaryimage"},"thumbnailUrl":"https:\/\/lasentinelle.dz\/wp-content\/uploads\/2021\/09\/MAE-siege.jpeg","articleSection":["\u00c0 la Une","Actualit\u00e9"],"inLanguage":"fr-FR","potentialAction":[{"@type":"CommentAction","name":"Comment","target":["https:\/\/lasentinelle.dz\/index.php\/2021\/09\/06\/nomination-de-7-diplomates-et-experts-comme-envoyes-speciaux-la-diplomatie-algerienne-affute-ses-armes\/#respond"]}]},{"@type":"WebPage","@id":"https:\/\/lasentinelle.dz\/index.php\/2021\/09\/06\/nomination-de-7-diplomates-et-experts-comme-envoyes-speciaux-la-diplomatie-algerienne-affute-ses-armes\/","url":"https:\/\/lasentinelle.dz\/index.php\/2021\/09\/06\/nomination-de-7-diplomates-et-experts-comme-envoyes-speciaux-la-diplomatie-algerienne-affute-ses-armes\/","name":"Nomination de 7 diplomates et experts comme envoy\u00e9s sp\u00e9ciaux : La diplomatie alg\u00e9rienne aff\u00fbte ses armes - La Sentinelle","isPartOf":{"@id":"https:\/\/lasentinelle.dz\/#website"},"primaryImageOfPage":{"@id":"https:\/\/lasentinelle.dz\/index.php\/2021\/09\/06\/nomination-de-7-diplomates-et-experts-comme-envoyes-speciaux-la-diplomatie-algerienne-affute-ses-armes\/#primaryimage"},"image":{"@id":"https:\/\/lasentinelle.dz\/index.php\/2021\/09\/06\/nomination-de-7-diplomates-et-experts-comme-envoyes-speciaux-la-diplomatie-algerienne-affute-ses-armes\/#primaryimage"},"thumbnailUrl":"https:\/\/lasentinelle.dz\/wp-content\/uploads\/2021\/09\/MAE-siege.jpeg","datePublished":"2021-09-05T23:05:00+00:00","breadcrumb":{"@id":"https:\/\/lasentinelle.dz\/index.php\/2021\/09\/06\/nomination-de-7-diplomates-et-experts-comme-envoyes-speciaux-la-diplomatie-algerienne-affute-ses-armes\/#breadcrumb"},"inLanguage":"fr-FR","potentialAction":[{"@type":"ReadAction","target":["https:\/\/lasentinelle.dz\/index.php\/2021\/09\/06\/nomination-de-7-diplomates-et-experts-comme-envoyes-speciaux-la-diplomatie-algerienne-affute-ses-armes\/"]}]},{"@type":"ImageObject","inLanguage":"fr-FR","@id":"https:\/\/lasentinelle.dz\/index.php\/2021\/09\/06\/nomination-de-7-diplomates-et-experts-comme-envoyes-speciaux-la-diplomatie-algerienne-affute-ses-armes\/#primaryimage","url":"https:\/\/lasentinelle.dz\/wp-content\/uploads\/2021\/09\/MAE-siege.jpeg","contentUrl":"https:\/\/lasentinelle.dz\/wp-content\/uploads\/2021\/09\/MAE-siege.jpeg","width":2135,"height":1423,"caption":"????????????????????????????????????"},{"@type":"BreadcrumbList","@id":"https:\/\/lasentinelle.dz\/index.php\/2021\/09\/06\/nomination-de-7-diplomates-et-experts-comme-envoyes-speciaux-la-diplomatie-algerienne-affute-ses-armes\/#breadcrumb","itemListElement":[{"@type":"ListItem","position":1,"name":"Accueil","item":"https:\/\/lasentinelle.dz\/"},{"@type":"ListItem","position":2,"name":"Nomination de 7 diplomates et experts comme envoy\u00e9s sp\u00e9ciaux : La diplomatie alg\u00e9rienne aff\u00fbte ses armes"}]},{"@type":"WebSite","@id":"https:\/\/lasentinelle.dz\/#website","url":"https:\/\/lasentinelle.dz\/","name":"La Sentinelle","description":"Quotidien national d&#039;information","publisher":{"@id":"https:\/\/lasentinelle.dz\/#organization"},"potentialAction":[{"@type":"SearchAction","target":{"@type":"EntryPoint","urlTemplate":"https:\/\/lasentinelle.dz\/?s={search_term_string}"},"query-input":{"@type":"PropertyValueSpecification","valueRequired":true,"valueName":"search_term_string"}}],"inLanguage":"fr-FR"},{"@type":"Organization","@id":"https:\/\/lasentinelle.dz\/#organization","name":"Quotidien La Sentinelle","url":"https:\/\/lasentinelle.dz\/","logo":{"@type":"ImageObject","inLanguage":"fr-FR","@id":"https:\/\/lasentinelle.dz\/#\/schema\/logo\/image\/","url":"https:\/\/lasentinelle.dz\/wp-content\/uploads\/2021\/09\/logo-sentinelleSLOGAN-1.png","contentUrl":"https:\/\/lasentinelle.dz\/wp-content\/uploads\/2021\/09\/logo-sentinelleSLOGAN-1.png","width":615,"height":142,"caption":"Quotidien La Sentinelle"},"image":{"@id":"https:\/\/lasentinelle.dz\/#\/schema\/logo\/image\/"},"sameAs":["https:\/\/www.facebook.com\/La-Sentinelle-104059864394773"]},{"@type":"Person","@id":"https:\/\/lasentinelle.dz\/#\/schema\/person\/d865044e22e70a75174ce8bcad3acfb3","name":"La Sentinelle","image":{"@type":"ImageObject","inLanguage":"fr-FR","@id":"https:\/\/secure.gravatar.com\/avatar\/57de8e5d4b15d43fb361a71fbb36338450fe67865b528a43dd10ef7c51a20392?s=96&d=mm&r=g","url":"https:\/\/secure.gravatar.com\/avatar\/57de8e5d4b15d43fb361a71fbb36338450fe67865b528a43dd10ef7c51a20392?s=96&d=mm&r=g","contentUrl":"https:\/\/secure.gravatar.com\/avatar\/57de8e5d4b15d43fb361a71fbb36338450fe67865b528a43dd10ef7c51a20392?s=96&d=mm&r=g","caption":"La Sentinelle"},"sameAs":["http:\/\/www.lasentinelle.dz"],"url":"https:\/\/lasentinelle.dz\/author\/redaction\/"}]}},"_links":{"self":[{"href":"https:\/\/lasentinelle.dz\/index.php\/wp-json\/wp\/v2\/posts\/6697","targetHints":{"allow":["GET"]}}],"collection":[{"href":"https:\/\/lasentinelle.dz\/index.php\/wp-json\/wp\/v2\/posts"}],"about":[{"href":"https:\/\/lasentinelle.dz\/index.php\/wp-json\/wp\/v2\/types\/post"}],"author":[{"embeddable":true,"href":"https:\/\/lasentinelle.dz\/index.php\/wp-json\/wp\/v2\/users\/3"}],"replies":[{"embeddable":true,"href":"https:\/\/lasentinelle.dz\/index.php\/wp-json\/wp\/v2\/comments?post=6697"}],"version-history":[{"count":1,"href":"https:\/\/lasentinelle.dz\/index.php\/wp-json\/wp\/v2\/posts\/6697\/revisions"}],"predecessor-version":[{"id":6702,"href":"https:\/\/lasentinelle.dz\/index.php\/wp-json\/wp\/v2\/posts\/6697\/revisions\/6702"}],"wp:featuredmedia":[{"embeddable":true,"href":"https:\/\/lasentinelle.dz\/index.php\/wp-json\/wp\/v2\/media\/6701"}],"wp:attachment":[{"href":"https:\/\/lasentinelle.dz\/index.php\/wp-json\/wp\/v2\/media?parent=6697"}],"wp:term":[{"taxonomy":"category","embeddable":true,"href":"https:\/\/lasentinelle.dz\/index.php\/wp-json\/wp\/v2\/categories?post=6697"},{"taxonomy":"post_tag","embeddable":true,"href":"https:\/\/lasentinelle.dz\/index.php\/wp-json\/wp\/v2\/tags?post=6697"}],"curies":[{"name":"wp","href":"https:\/\/api.w.org\/{rel}","templated":true}]}}