{"id":66993,"date":"2025-05-08T12:51:03","date_gmt":"2025-05-08T11:51:03","guid":{"rendered":"https:\/\/lasentinelle.dz\/?p=66993"},"modified":"2025-05-10T12:52:55","modified_gmt":"2025-05-10T11:52:55","slug":"des-bombardements-entre-linde-et-le-pakistan-font-des-dizaines-de-morts-la-tension-monte-dans-le-sous-continent-indien","status":"publish","type":"post","link":"https:\/\/lasentinelle.dz\/index.php\/2025\/05\/08\/des-bombardements-entre-linde-et-le-pakistan-font-des-dizaines-de-morts-la-tension-monte-dans-le-sous-continent-indien\/","title":{"rendered":"Des bombardements entre l&rsquo;Inde et le Pakistan font des dizaines de morts: La tension monte dans le sous-continent indien"},"content":{"rendered":"\n<p>Le sous-continent indien traverse actuellement l&rsquo;une des crises les plus graves de ces derni\u00e8res ann\u00e9es, apr\u00e8s une nuit de bombardements intensifs entre l&rsquo;Inde et le Pakistan qui a fait au moins 38 morts. Cette flamb\u00e9e de violence, que plusieurs observateurs internationaux qualifient \u00ab\u00a0d&rsquo;escalade majeure\u00a0\u00bb, ravive les craintes d&rsquo;un conflit ouvert entre les deux puissances nucl\u00e9aires, d\u00e9j\u00e0 rivales depuis leur partition en 1947.<\/p>\n\n\n\n<p>Tout a commenc\u00e9 le 22 avril dernier, lorsque des tireurs ont abattu 26 hommes \u00e0 Pahalgam, au Cachemire indien. Cet attentat, jamais revendiqu\u00e9, a \u00e9t\u00e9 attribu\u00e9 par New Delhi au mouvement terroriste Lashkar-e-Taiba (LeT), le m\u00eame groupe soup\u00e7onn\u00e9 des attaques ayant fait 166 morts \u00e0 Bombay en 2008. L&rsquo;Inde accuse formellement le Pakistan de soutenir ce groupe, une all\u00e9gation qu&rsquo;Islamabad rejette cat\u00e9goriquement. Dans la nuit de mardi \u00e0 mercredi, l&rsquo;arm\u00e9e indienne a frapp\u00e9 ce qu&rsquo;elle pr\u00e9sente comme neuf \u00ab\u00a0camps terroristes\u00a0\u00bb situ\u00e9s au Pakistan. Selon le ministre indien de la D\u00e9fense Rajnath Singh, ces frappes ont \u00e9t\u00e9 \u00ab\u00a0soigneusement cibl\u00e9es pour \u00e9viter la population ou des secteurs civils\u00a0\u00bb. Le Pakistan conteste vigoureusement cette version, affirmant que les missiles indiens ont touch\u00e9 six villes au Cachemire et au Pendjab pakistanais, tuant 26 civils et en blessant 46 autres. L&rsquo;arm\u00e9e pakistanaise rapporte \u00e9galement des dommages sur un barrage hydro\u00e9lectrique au Cachemire. La riposte pakistanaise ne s&rsquo;est pas fait attendre. Des tirs d&rsquo;artillerie ont \u00e9t\u00e9 \u00e9chang\u00e9s le long de la fronti\u00e8re contest\u00e9e, et le Pakistan affirme avoir \u00ab\u00a0abattu cinq avions indiens\u00a0\u00bb dans l&rsquo;espace a\u00e9rien indien. New Delhi reconna\u00eet de son c\u00f4t\u00e9 que trois chasseurs de l&rsquo;arm\u00e9e de l&rsquo;air indienne se sont \u00e9cras\u00e9s, sans en pr\u00e9ciser les causes. L&rsquo;Inde d\u00e9plore 12 morts et 38 bless\u00e9s dans le village cachemiri indien de Poonch, cible de nombreux obus pakistanais. Les t\u00e9moignages recueillis des deux c\u00f4t\u00e9s de la fronti\u00e8re d\u00e9crivent des sc\u00e8nes de panique. \u00c0 Poonch, un habitant pr\u00e9nomm\u00e9 Farooq raconte avoir \u00e9t\u00e9 \u00ab\u00a0r\u00e9veill\u00e9 par des tirs\u00a0\u00bb et avoir \u00ab\u00a0vu des obus tomber\u00a0\u00bb. \u00c0 Muzaffarabad, c\u00f4t\u00e9 pakistanais, Mohammed Salman \u00e9voque \u00ab\u00a0des bruits terribles dans la nuit\u00a0\u00bb et une \u00ab\u00a0panique partout\u00a0\u00bb. Les fun\u00e9railles des victimes ont d\u00e9j\u00e0 commenc\u00e9 dans la r\u00e9gion, tandis que les observateurs militaires des Nations unies d\u00e9ploy\u00e9s dans la zone disput\u00e9e inspectent les d\u00e9g\u00e2ts. Cette escalade soudaine a d\u00e9clench\u00e9 une vague de r\u00e9actions internationales. Le secr\u00e9taire g\u00e9n\u00e9ral de l&rsquo;ONU, Antonio Guterres, a appel\u00e9 les deux pays \u00e0 faire preuve d&rsquo;une \u00ab\u00a0retenue maximale\u00a0\u00bb, soulignant que \u00ab\u00a0le monde ne saurait se permettre une confrontation militaire entre l&rsquo;Inde et le Pakistan\u00a0\u00bb. Il a \u00e9galement condamn\u00e9 fermement l&rsquo;attentat de Pahalgam, rappelant que \u00ab\u00a0cibler des civils est inacceptable et les responsables doivent \u00eatre traduits en justice par des moyens cr\u00e9dibles et l\u00e9gaux\u00a0\u00bb. P\u00e9kin et Londres ont propos\u00e9 leur m\u00e9diation, tandis que l&rsquo;Union europ\u00e9enne, Moscou, Washington et Paris appellent \u00e0 la d\u00e9sescalade. La Turquie, alli\u00e9e du Pakistan, a point\u00e9 du doigt New Delhi, estimant que \u00ab\u00a0l&rsquo;attaque conduite par l&rsquo;Inde fait courir le risque d&rsquo;une guerre totale\u00a0\u00bb. De son c\u00f4t\u00e9, le ministre indien des Affaires \u00e9trang\u00e8res Subrahmanyam Jaishankar multiplie les contacts diplomatiques avec le Japon, la France, l&rsquo;Allemagne et l&rsquo;Espagne pour justifier les frappes de son pays. \u00c0 Islamabad, le Comit\u00e9 de la s\u00e9curit\u00e9 nationale, r\u00e9uni en urgence, r\u00e9clame que la communaut\u00e9 internationale fasse \u00ab\u00a0rendre des comptes\u00a0\u00bb \u00e0 l&rsquo;Inde. Le minist\u00e8re pakistanais des Affaires \u00e9trang\u00e8res a convoqu\u00e9 le charg\u00e9 d&rsquo;affaires indien pour protester contre ces frappes qui \u00ab\u00a0constituent une violation manifeste de la souverainet\u00e9 du Pakistan\u00a0\u00bb et \u00ab\u00a0contredisent la Charte des Nations unies, le droit international et les normes \u00e9tablies dans les relations entre les \u00c9tats\u00a0\u00bb. La crise actuelle est d&rsquo;autant plus pr\u00e9occupante qu&rsquo;elle s&rsquo;accompagne d&rsquo;un diff\u00e9rend sur les ressources hydrauliques. D\u00e8s le lendemain de l&rsquo;attentat de Pahalgam, l&rsquo;Inde s&rsquo;\u00e9tait retir\u00e9e du trait\u00e9 de partage des eaux sign\u00e9 en 1960 avec son voisin. Mardi soir, le Premier ministre indien Narendra Modi a annonc\u00e9 son intention de \u00ab\u00a0couper l&rsquo;eau\u00a0\u00bb des fleuves qui prennent leur source en Inde et irriguent le Pakistan \u2013 une menace que les experts jugent impossible \u00e0 mettre en \u0153uvre \u00e0 court terme. Le Pakistan accuse d\u00e9j\u00e0 l&rsquo;Inde de modifier le d\u00e9bit du fleuve Chenab, l&rsquo;un des trois plac\u00e9s sous son contr\u00f4le selon le trait\u00e9 de 1960.<\/p>\n\n\n\n<p>Lyes Sa\u00efdi<\/p>\n\n\n\n<p><strong>L&rsquo;Alg\u00e9rie exprime sa \u00ab\u00a0r\u00e9elle pr\u00e9occupation\u00a0\u00bb apr\u00e8s les affrontements \u00ab\u00a0tragiques\u00a0\u00bb entre l&rsquo;Inde et le Pakistan<\/strong><\/p>\n\n\n\n<p>Le Gouvernement alg\u00e9rien a exprim\u00e9 ses \u00ab\u00a0profonds regrets\u00a0\u00bb ainsi que sa \u00ab\u00a0r\u00e9elle pr\u00e9occupation\u00a0\u00bb quant aux affrontements \u00ab\u00a0tragiques\u00a0\u00bb entre l&rsquo;Inde et le Pakistan, a indiqu\u00e9 mercredi un communiqu\u00e9 du minist\u00e8re des Affaires \u00e9trang\u00e8res, de la Communaut\u00e9 nationale \u00e0 l&rsquo;\u00e9tranger et des Affaires africaines. Dans le cadre du Conseil de s\u00e9curit\u00e9, de m\u00eame qu&rsquo;\u00e0 l&rsquo;occasion des entretiens t\u00e9l\u00e9phoniques du ministre d&rsquo;Etat, ministre des Affaires \u00e9trang\u00e8res, de la Communaut\u00e9 nationale \u00e0 l&rsquo;\u00e9tranger et des Affaires africaines, Ahmed Attaf, avec ses homologues indien, Subrahmanyam Jaishankar, et pakistanais, Mohammad Ishaq Dar, l&rsquo;Alg\u00e9rie a adress\u00e9 \u00ab\u00a0un appel pressant \u00e0 la retenue, tout comme elle a appel\u00e9 \u00e0 faire primer la voie politique et diplomatique sur le recours \u00e0 la force\u00a0\u00bb, a soulign\u00e9 le communiqu\u00e9. L&rsquo;Alg\u00e9rie \u00ab\u00a0renouvelle cet appel avec d&rsquo;autant plus d&rsquo;insistance que le d\u00e9clenchement des hostilit\u00e9s depuis la soir\u00e9e d&rsquo;hier est porteur de risques graves pour la paix et la s\u00e9curit\u00e9 de l&rsquo;ensemble de la r\u00e9gion\u00a0\u00bb. \u00ab\u00a0La plus haute priorit\u00e9 de l&rsquo;heure doit \u00eatre accord\u00e9e \u00e0 la retenue, au calme et au sens de responsabilit\u00e9 pour renouer avec le dialogue qui, seul, pourra \u00e9pargner \u00e0 l&rsquo;Inde et au Pakistan, ainsi qu&rsquo;\u00e0 leurs peuples les \u00e9preuves d&rsquo;un conflit qu&rsquo;ils peuvent et doivent surmonter\u00a0\u00bb, a conclu le communiqu\u00e9.<\/p>\n\n\n\n<p>APS<\/p>\n","protected":false},"excerpt":{"rendered":"<p>Le sous-continent indien traverse actuellement l&rsquo;une des crises les plus graves de ces derni\u00e8res ann\u00e9es, apr\u00e8s une nuit de bombardements<\/p>\n","protected":false},"author":6,"featured_media":66994,"comment_status":"open","ping_status":"closed","sticky":false,"template":"","format":"standard","meta":{"colormag_page_container_layout":"default_layout","colormag_page_sidebar_layout":"default_layout","om_disable_all_campaigns":false,"_monsterinsights_skip_tracking":false,"_monsterinsights_sitenote_active":false,"_monsterinsights_sitenote_note":"","_monsterinsights_sitenote_category":0,"footnotes":"","_wpscppro_dont_share_socialmedia":false,"_wpscppro_custom_social_share_image":0,"_facebook_share_type":"default","_twitter_share_type":"default","_linkedin_share_type":"default","_pinterest_share_type":"default","_linkedin_share_type_page":"","_instagram_share_type":"default","_medium_share_type":"default","_threads_share_type":"","_google_business_share_type":"","_selected_social_profile":[],"_wpsp_enable_custom_social_template":false,"_wpsp_social_scheduling":{"enabled":false,"datetime":null,"platforms":[],"status":"template_only","dateOption":"today","timeOption":"now","customDays":"","customHours":"","customDate":"","customTime":"","schedulingType":"absolute"},"_wpsp_active_default_template":true},"categories":[37],"tags":[],"class_list":["post-66993","post","type-post","status-publish","format-standard","has-post-thumbnail","hentry","category-monde"],"aioseo_notices":[],"yoast_head":"<!-- This site is optimized with the Yoast SEO plugin v27.4 - https:\/\/yoast.com\/product\/yoast-seo-wordpress\/ -->\n<title>Des bombardements entre l&rsquo;Inde et le Pakistan font des dizaines de morts: La tension monte dans le sous-continent indien - La Sentinelle<\/title>\n<meta name=\"robots\" content=\"index, follow, max-snippet:-1, max-image-preview:large, max-video-preview:-1\" \/>\n<link rel=\"canonical\" href=\"https:\/\/lasentinelle.dz\/index.php\/2025\/05\/08\/des-bombardements-entre-linde-et-le-pakistan-font-des-dizaines-de-morts-la-tension-monte-dans-le-sous-continent-indien\/\" \/>\n<meta property=\"og:locale\" content=\"fr_FR\" \/>\n<meta property=\"og:type\" content=\"article\" \/>\n<meta property=\"og:title\" content=\"Des bombardements entre l&rsquo;Inde et le Pakistan font des dizaines de morts: La tension monte dans le sous-continent indien - La Sentinelle\" \/>\n<meta property=\"og:description\" content=\"Le sous-continent indien traverse actuellement l&rsquo;une des crises les plus graves de ces derni\u00e8res ann\u00e9es, apr\u00e8s une nuit de bombardements\" \/>\n<meta property=\"og:url\" content=\"https:\/\/lasentinelle.dz\/index.php\/2025\/05\/08\/des-bombardements-entre-linde-et-le-pakistan-font-des-dizaines-de-morts-la-tension-monte-dans-le-sous-continent-indien\/\" \/>\n<meta property=\"og:site_name\" content=\"La Sentinelle\" \/>\n<meta property=\"article:publisher\" content=\"https:\/\/www.facebook.com\/La-Sentinelle-104059864394773\" \/>\n<meta property=\"article:published_time\" content=\"2025-05-08T11:51:03+00:00\" \/>\n<meta property=\"article:modified_time\" content=\"2025-05-10T11:52:55+00:00\" \/>\n<meta property=\"og:image\" content=\"https:\/\/lasentinelle.dz\/wp-content\/uploads\/2025\/05\/inde-pakistan.jpg\" \/>\n\t<meta property=\"og:image:width\" content=\"432\" \/>\n\t<meta property=\"og:image:height\" content=\"243\" \/>\n\t<meta property=\"og:image:type\" content=\"image\/jpeg\" \/>\n<meta name=\"author\" content=\"admin\" \/>\n<meta name=\"twitter:card\" content=\"summary_large_image\" \/>\n<meta name=\"twitter:label1\" content=\"\u00c9crit par\" \/>\n\t<meta name=\"twitter:data1\" content=\"admin\" \/>\n\t<meta name=\"twitter:label2\" content=\"Dur\u00e9e de lecture estim\u00e9e\" \/>\n\t<meta name=\"twitter:data2\" content=\"5 minutes\" \/>\n<script type=\"application\/ld+json\" class=\"yoast-schema-graph\">{\"@context\":\"https:\\\/\\\/schema.org\",\"@graph\":[{\"@type\":\"Article\",\"@id\":\"https:\\\/\\\/lasentinelle.dz\\\/index.php\\\/2025\\\/05\\\/08\\\/des-bombardements-entre-linde-et-le-pakistan-font-des-dizaines-de-morts-la-tension-monte-dans-le-sous-continent-indien\\\/#article\",\"isPartOf\":{\"@id\":\"https:\\\/\\\/lasentinelle.dz\\\/index.php\\\/2025\\\/05\\\/08\\\/des-bombardements-entre-linde-et-le-pakistan-font-des-dizaines-de-morts-la-tension-monte-dans-le-sous-continent-indien\\\/\"},\"author\":{\"name\":\"admin\",\"@id\":\"https:\\\/\\\/lasentinelle.dz\\\/#\\\/schema\\\/person\\\/729ee0024f24e0b8c5ec17232f8e8b41\"},\"headline\":\"Des bombardements entre l&rsquo;Inde et le Pakistan font des dizaines de morts: La tension monte dans le sous-continent indien\",\"datePublished\":\"2025-05-08T11:51:03+00:00\",\"dateModified\":\"2025-05-10T11:52:55+00:00\",\"mainEntityOfPage\":{\"@id\":\"https:\\\/\\\/lasentinelle.dz\\\/index.php\\\/2025\\\/05\\\/08\\\/des-bombardements-entre-linde-et-le-pakistan-font-des-dizaines-de-morts-la-tension-monte-dans-le-sous-continent-indien\\\/\"},\"wordCount\":1034,\"commentCount\":0,\"publisher\":{\"@id\":\"https:\\\/\\\/lasentinelle.dz\\\/#organization\"},\"image\":{\"@id\":\"https:\\\/\\\/lasentinelle.dz\\\/index.php\\\/2025\\\/05\\\/08\\\/des-bombardements-entre-linde-et-le-pakistan-font-des-dizaines-de-morts-la-tension-monte-dans-le-sous-continent-indien\\\/#primaryimage\"},\"thumbnailUrl\":\"https:\\\/\\\/lasentinelle.dz\\\/wp-content\\\/uploads\\\/2025\\\/05\\\/inde-pakistan.jpg\",\"articleSection\":[\"Monde\"],\"inLanguage\":\"fr-FR\",\"potentialAction\":[{\"@type\":\"CommentAction\",\"name\":\"Comment\",\"target\":[\"https:\\\/\\\/lasentinelle.dz\\\/index.php\\\/2025\\\/05\\\/08\\\/des-bombardements-entre-linde-et-le-pakistan-font-des-dizaines-de-morts-la-tension-monte-dans-le-sous-continent-indien\\\/#respond\"]}]},{\"@type\":\"WebPage\",\"@id\":\"https:\\\/\\\/lasentinelle.dz\\\/index.php\\\/2025\\\/05\\\/08\\\/des-bombardements-entre-linde-et-le-pakistan-font-des-dizaines-de-morts-la-tension-monte-dans-le-sous-continent-indien\\\/\",\"url\":\"https:\\\/\\\/lasentinelle.dz\\\/index.php\\\/2025\\\/05\\\/08\\\/des-bombardements-entre-linde-et-le-pakistan-font-des-dizaines-de-morts-la-tension-monte-dans-le-sous-continent-indien\\\/\",\"name\":\"Des bombardements entre l&rsquo;Inde et le Pakistan font des dizaines de morts: La tension monte dans le sous-continent indien - La Sentinelle\",\"isPartOf\":{\"@id\":\"https:\\\/\\\/lasentinelle.dz\\\/#website\"},\"primaryImageOfPage\":{\"@id\":\"https:\\\/\\\/lasentinelle.dz\\\/index.php\\\/2025\\\/05\\\/08\\\/des-bombardements-entre-linde-et-le-pakistan-font-des-dizaines-de-morts-la-tension-monte-dans-le-sous-continent-indien\\\/#primaryimage\"},\"image\":{\"@id\":\"https:\\\/\\\/lasentinelle.dz\\\/index.php\\\/2025\\\/05\\\/08\\\/des-bombardements-entre-linde-et-le-pakistan-font-des-dizaines-de-morts-la-tension-monte-dans-le-sous-continent-indien\\\/#primaryimage\"},\"thumbnailUrl\":\"https:\\\/\\\/lasentinelle.dz\\\/wp-content\\\/uploads\\\/2025\\\/05\\\/inde-pakistan.jpg\",\"datePublished\":\"2025-05-08T11:51:03+00:00\",\"dateModified\":\"2025-05-10T11:52:55+00:00\",\"breadcrumb\":{\"@id\":\"https:\\\/\\\/lasentinelle.dz\\\/index.php\\\/2025\\\/05\\\/08\\\/des-bombardements-entre-linde-et-le-pakistan-font-des-dizaines-de-morts-la-tension-monte-dans-le-sous-continent-indien\\\/#breadcrumb\"},\"inLanguage\":\"fr-FR\",\"potentialAction\":[{\"@type\":\"ReadAction\",\"target\":[\"https:\\\/\\\/lasentinelle.dz\\\/index.php\\\/2025\\\/05\\\/08\\\/des-bombardements-entre-linde-et-le-pakistan-font-des-dizaines-de-morts-la-tension-monte-dans-le-sous-continent-indien\\\/\"]}]},{\"@type\":\"ImageObject\",\"inLanguage\":\"fr-FR\",\"@id\":\"https:\\\/\\\/lasentinelle.dz\\\/index.php\\\/2025\\\/05\\\/08\\\/des-bombardements-entre-linde-et-le-pakistan-font-des-dizaines-de-morts-la-tension-monte-dans-le-sous-continent-indien\\\/#primaryimage\",\"url\":\"https:\\\/\\\/lasentinelle.dz\\\/wp-content\\\/uploads\\\/2025\\\/05\\\/inde-pakistan.jpg\",\"contentUrl\":\"https:\\\/\\\/lasentinelle.dz\\\/wp-content\\\/uploads\\\/2025\\\/05\\\/inde-pakistan.jpg\",\"width\":432,\"height\":243},{\"@type\":\"BreadcrumbList\",\"@id\":\"https:\\\/\\\/lasentinelle.dz\\\/index.php\\\/2025\\\/05\\\/08\\\/des-bombardements-entre-linde-et-le-pakistan-font-des-dizaines-de-morts-la-tension-monte-dans-le-sous-continent-indien\\\/#breadcrumb\",\"itemListElement\":[{\"@type\":\"ListItem\",\"position\":1,\"name\":\"Accueil\",\"item\":\"https:\\\/\\\/lasentinelle.dz\\\/\"},{\"@type\":\"ListItem\",\"position\":2,\"name\":\"Des bombardements entre l&rsquo;Inde et le Pakistan font des dizaines de morts: La tension monte dans le sous-continent indien\"}]},{\"@type\":\"WebSite\",\"@id\":\"https:\\\/\\\/lasentinelle.dz\\\/#website\",\"url\":\"https:\\\/\\\/lasentinelle.dz\\\/\",\"name\":\"La Sentinelle\",\"description\":\"Quotidien national d&#039;information\",\"publisher\":{\"@id\":\"https:\\\/\\\/lasentinelle.dz\\\/#organization\"},\"potentialAction\":[{\"@type\":\"SearchAction\",\"target\":{\"@type\":\"EntryPoint\",\"urlTemplate\":\"https:\\\/\\\/lasentinelle.dz\\\/?s={search_term_string}\"},\"query-input\":{\"@type\":\"PropertyValueSpecification\",\"valueRequired\":true,\"valueName\":\"search_term_string\"}}],\"inLanguage\":\"fr-FR\"},{\"@type\":\"Organization\",\"@id\":\"https:\\\/\\\/lasentinelle.dz\\\/#organization\",\"name\":\"Quotidien La Sentinelle\",\"url\":\"https:\\\/\\\/lasentinelle.dz\\\/\",\"logo\":{\"@type\":\"ImageObject\",\"inLanguage\":\"fr-FR\",\"@id\":\"https:\\\/\\\/lasentinelle.dz\\\/#\\\/schema\\\/logo\\\/image\\\/\",\"url\":\"https:\\\/\\\/lasentinelle.dz\\\/wp-content\\\/uploads\\\/2021\\\/09\\\/logo-sentinelleSLOGAN-1.png\",\"contentUrl\":\"https:\\\/\\\/lasentinelle.dz\\\/wp-content\\\/uploads\\\/2021\\\/09\\\/logo-sentinelleSLOGAN-1.png\",\"width\":615,\"height\":142,\"caption\":\"Quotidien La Sentinelle\"},\"image\":{\"@id\":\"https:\\\/\\\/lasentinelle.dz\\\/#\\\/schema\\\/logo\\\/image\\\/\"},\"sameAs\":[\"https:\\\/\\\/www.facebook.com\\\/La-Sentinelle-104059864394773\"]},{\"@type\":\"Person\",\"@id\":\"https:\\\/\\\/lasentinelle.dz\\\/#\\\/schema\\\/person\\\/729ee0024f24e0b8c5ec17232f8e8b41\",\"name\":\"admin\",\"image\":{\"@type\":\"ImageObject\",\"inLanguage\":\"fr-FR\",\"@id\":\"https:\\\/\\\/secure.gravatar.com\\\/avatar\\\/4c81fed838786e9b53f540bf46533e750f5d292099ae3b66cfc6fb1982e29df7?s=96&d=mm&r=g\",\"url\":\"https:\\\/\\\/secure.gravatar.com\\\/avatar\\\/4c81fed838786e9b53f540bf46533e750f5d292099ae3b66cfc6fb1982e29df7?s=96&d=mm&r=g\",\"contentUrl\":\"https:\\\/\\\/secure.gravatar.com\\\/avatar\\\/4c81fed838786e9b53f540bf46533e750f5d292099ae3b66cfc6fb1982e29df7?s=96&d=mm&r=g\",\"caption\":\"admin\"},\"description\":\"admin\",\"url\":\"https:\\\/\\\/lasentinelle.dz\\\/author\\\/admin\\\/\"}]}<\/script>\n<!-- \/ Yoast SEO plugin. -->","yoast_head_json":{"title":"Des bombardements entre l&rsquo;Inde et le Pakistan font des dizaines de morts: La tension monte dans le sous-continent indien - La Sentinelle","robots":{"index":"index","follow":"follow","max-snippet":"max-snippet:-1","max-image-preview":"max-image-preview:large","max-video-preview":"max-video-preview:-1"},"canonical":"https:\/\/lasentinelle.dz\/index.php\/2025\/05\/08\/des-bombardements-entre-linde-et-le-pakistan-font-des-dizaines-de-morts-la-tension-monte-dans-le-sous-continent-indien\/","og_locale":"fr_FR","og_type":"article","og_title":"Des bombardements entre l&rsquo;Inde et le Pakistan font des dizaines de morts: La tension monte dans le sous-continent indien - La Sentinelle","og_description":"Le sous-continent indien traverse actuellement l&rsquo;une des crises les plus graves de ces derni\u00e8res ann\u00e9es, apr\u00e8s une nuit de bombardements","og_url":"https:\/\/lasentinelle.dz\/index.php\/2025\/05\/08\/des-bombardements-entre-linde-et-le-pakistan-font-des-dizaines-de-morts-la-tension-monte-dans-le-sous-continent-indien\/","og_site_name":"La Sentinelle","article_publisher":"https:\/\/www.facebook.com\/La-Sentinelle-104059864394773","article_published_time":"2025-05-08T11:51:03+00:00","article_modified_time":"2025-05-10T11:52:55+00:00","og_image":[{"width":432,"height":243,"url":"https:\/\/lasentinelle.dz\/wp-content\/uploads\/2025\/05\/inde-pakistan.jpg","type":"image\/jpeg"}],"author":"admin","twitter_card":"summary_large_image","twitter_misc":{"\u00c9crit par":"admin","Dur\u00e9e de lecture estim\u00e9e":"5 minutes"},"schema":{"@context":"https:\/\/schema.org","@graph":[{"@type":"Article","@id":"https:\/\/lasentinelle.dz\/index.php\/2025\/05\/08\/des-bombardements-entre-linde-et-le-pakistan-font-des-dizaines-de-morts-la-tension-monte-dans-le-sous-continent-indien\/#article","isPartOf":{"@id":"https:\/\/lasentinelle.dz\/index.php\/2025\/05\/08\/des-bombardements-entre-linde-et-le-pakistan-font-des-dizaines-de-morts-la-tension-monte-dans-le-sous-continent-indien\/"},"author":{"name":"admin","@id":"https:\/\/lasentinelle.dz\/#\/schema\/person\/729ee0024f24e0b8c5ec17232f8e8b41"},"headline":"Des bombardements entre l&rsquo;Inde et le Pakistan font des dizaines de morts: La tension monte dans le sous-continent indien","datePublished":"2025-05-08T11:51:03+00:00","dateModified":"2025-05-10T11:52:55+00:00","mainEntityOfPage":{"@id":"https:\/\/lasentinelle.dz\/index.php\/2025\/05\/08\/des-bombardements-entre-linde-et-le-pakistan-font-des-dizaines-de-morts-la-tension-monte-dans-le-sous-continent-indien\/"},"wordCount":1034,"commentCount":0,"publisher":{"@id":"https:\/\/lasentinelle.dz\/#organization"},"image":{"@id":"https:\/\/lasentinelle.dz\/index.php\/2025\/05\/08\/des-bombardements-entre-linde-et-le-pakistan-font-des-dizaines-de-morts-la-tension-monte-dans-le-sous-continent-indien\/#primaryimage"},"thumbnailUrl":"https:\/\/lasentinelle.dz\/wp-content\/uploads\/2025\/05\/inde-pakistan.jpg","articleSection":["Monde"],"inLanguage":"fr-FR","potentialAction":[{"@type":"CommentAction","name":"Comment","target":["https:\/\/lasentinelle.dz\/index.php\/2025\/05\/08\/des-bombardements-entre-linde-et-le-pakistan-font-des-dizaines-de-morts-la-tension-monte-dans-le-sous-continent-indien\/#respond"]}]},{"@type":"WebPage","@id":"https:\/\/lasentinelle.dz\/index.php\/2025\/05\/08\/des-bombardements-entre-linde-et-le-pakistan-font-des-dizaines-de-morts-la-tension-monte-dans-le-sous-continent-indien\/","url":"https:\/\/lasentinelle.dz\/index.php\/2025\/05\/08\/des-bombardements-entre-linde-et-le-pakistan-font-des-dizaines-de-morts-la-tension-monte-dans-le-sous-continent-indien\/","name":"Des bombardements entre l&rsquo;Inde et le Pakistan font des dizaines de morts: La tension monte dans le sous-continent indien - La Sentinelle","isPartOf":{"@id":"https:\/\/lasentinelle.dz\/#website"},"primaryImageOfPage":{"@id":"https:\/\/lasentinelle.dz\/index.php\/2025\/05\/08\/des-bombardements-entre-linde-et-le-pakistan-font-des-dizaines-de-morts-la-tension-monte-dans-le-sous-continent-indien\/#primaryimage"},"image":{"@id":"https:\/\/lasentinelle.dz\/index.php\/2025\/05\/08\/des-bombardements-entre-linde-et-le-pakistan-font-des-dizaines-de-morts-la-tension-monte-dans-le-sous-continent-indien\/#primaryimage"},"thumbnailUrl":"https:\/\/lasentinelle.dz\/wp-content\/uploads\/2025\/05\/inde-pakistan.jpg","datePublished":"2025-05-08T11:51:03+00:00","dateModified":"2025-05-10T11:52:55+00:00","breadcrumb":{"@id":"https:\/\/lasentinelle.dz\/index.php\/2025\/05\/08\/des-bombardements-entre-linde-et-le-pakistan-font-des-dizaines-de-morts-la-tension-monte-dans-le-sous-continent-indien\/#breadcrumb"},"inLanguage":"fr-FR","potentialAction":[{"@type":"ReadAction","target":["https:\/\/lasentinelle.dz\/index.php\/2025\/05\/08\/des-bombardements-entre-linde-et-le-pakistan-font-des-dizaines-de-morts-la-tension-monte-dans-le-sous-continent-indien\/"]}]},{"@type":"ImageObject","inLanguage":"fr-FR","@id":"https:\/\/lasentinelle.dz\/index.php\/2025\/05\/08\/des-bombardements-entre-linde-et-le-pakistan-font-des-dizaines-de-morts-la-tension-monte-dans-le-sous-continent-indien\/#primaryimage","url":"https:\/\/lasentinelle.dz\/wp-content\/uploads\/2025\/05\/inde-pakistan.jpg","contentUrl":"https:\/\/lasentinelle.dz\/wp-content\/uploads\/2025\/05\/inde-pakistan.jpg","width":432,"height":243},{"@type":"BreadcrumbList","@id":"https:\/\/lasentinelle.dz\/index.php\/2025\/05\/08\/des-bombardements-entre-linde-et-le-pakistan-font-des-dizaines-de-morts-la-tension-monte-dans-le-sous-continent-indien\/#breadcrumb","itemListElement":[{"@type":"ListItem","position":1,"name":"Accueil","item":"https:\/\/lasentinelle.dz\/"},{"@type":"ListItem","position":2,"name":"Des bombardements entre l&rsquo;Inde et le Pakistan font des dizaines de morts: La tension monte dans le sous-continent indien"}]},{"@type":"WebSite","@id":"https:\/\/lasentinelle.dz\/#website","url":"https:\/\/lasentinelle.dz\/","name":"La Sentinelle","description":"Quotidien national d&#039;information","publisher":{"@id":"https:\/\/lasentinelle.dz\/#organization"},"potentialAction":[{"@type":"SearchAction","target":{"@type":"EntryPoint","urlTemplate":"https:\/\/lasentinelle.dz\/?s={search_term_string}"},"query-input":{"@type":"PropertyValueSpecification","valueRequired":true,"valueName":"search_term_string"}}],"inLanguage":"fr-FR"},{"@type":"Organization","@id":"https:\/\/lasentinelle.dz\/#organization","name":"Quotidien La Sentinelle","url":"https:\/\/lasentinelle.dz\/","logo":{"@type":"ImageObject","inLanguage":"fr-FR","@id":"https:\/\/lasentinelle.dz\/#\/schema\/logo\/image\/","url":"https:\/\/lasentinelle.dz\/wp-content\/uploads\/2021\/09\/logo-sentinelleSLOGAN-1.png","contentUrl":"https:\/\/lasentinelle.dz\/wp-content\/uploads\/2021\/09\/logo-sentinelleSLOGAN-1.png","width":615,"height":142,"caption":"Quotidien La Sentinelle"},"image":{"@id":"https:\/\/lasentinelle.dz\/#\/schema\/logo\/image\/"},"sameAs":["https:\/\/www.facebook.com\/La-Sentinelle-104059864394773"]},{"@type":"Person","@id":"https:\/\/lasentinelle.dz\/#\/schema\/person\/729ee0024f24e0b8c5ec17232f8e8b41","name":"admin","image":{"@type":"ImageObject","inLanguage":"fr-FR","@id":"https:\/\/secure.gravatar.com\/avatar\/4c81fed838786e9b53f540bf46533e750f5d292099ae3b66cfc6fb1982e29df7?s=96&d=mm&r=g","url":"https:\/\/secure.gravatar.com\/avatar\/4c81fed838786e9b53f540bf46533e750f5d292099ae3b66cfc6fb1982e29df7?s=96&d=mm&r=g","contentUrl":"https:\/\/secure.gravatar.com\/avatar\/4c81fed838786e9b53f540bf46533e750f5d292099ae3b66cfc6fb1982e29df7?s=96&d=mm&r=g","caption":"admin"},"description":"admin","url":"https:\/\/lasentinelle.dz\/author\/admin\/"}]}},"_links":{"self":[{"href":"https:\/\/lasentinelle.dz\/index.php\/wp-json\/wp\/v2\/posts\/66993","targetHints":{"allow":["GET"]}}],"collection":[{"href":"https:\/\/lasentinelle.dz\/index.php\/wp-json\/wp\/v2\/posts"}],"about":[{"href":"https:\/\/lasentinelle.dz\/index.php\/wp-json\/wp\/v2\/types\/post"}],"author":[{"embeddable":true,"href":"https:\/\/lasentinelle.dz\/index.php\/wp-json\/wp\/v2\/users\/6"}],"replies":[{"embeddable":true,"href":"https:\/\/lasentinelle.dz\/index.php\/wp-json\/wp\/v2\/comments?post=66993"}],"version-history":[{"count":2,"href":"https:\/\/lasentinelle.dz\/index.php\/wp-json\/wp\/v2\/posts\/66993\/revisions"}],"predecessor-version":[{"id":66996,"href":"https:\/\/lasentinelle.dz\/index.php\/wp-json\/wp\/v2\/posts\/66993\/revisions\/66996"}],"wp:featuredmedia":[{"embeddable":true,"href":"https:\/\/lasentinelle.dz\/index.php\/wp-json\/wp\/v2\/media\/66994"}],"wp:attachment":[{"href":"https:\/\/lasentinelle.dz\/index.php\/wp-json\/wp\/v2\/media?parent=66993"}],"wp:term":[{"taxonomy":"category","embeddable":true,"href":"https:\/\/lasentinelle.dz\/index.php\/wp-json\/wp\/v2\/categories?post=66993"},{"taxonomy":"post_tag","embeddable":true,"href":"https:\/\/lasentinelle.dz\/index.php\/wp-json\/wp\/v2\/tags?post=66993"}],"curies":[{"name":"wp","href":"https:\/\/api.w.org\/{rel}","templated":true}]}}