{"id":6700,"date":"2021-09-06T00:01:00","date_gmt":"2021-09-05T23:01:00","guid":{"rendered":"https:\/\/lasentinelle.dz\/?p=6700"},"modified":"2021-09-05T18:21:03","modified_gmt":"2021-09-05T17:21:03","slug":"vaccination-des-personnels-de-leducation-nationale-un-taux-satisfaisant-pour-belabed","status":"publish","type":"post","link":"https:\/\/lasentinelle.dz\/index.php\/2021\/09\/06\/vaccination-des-personnels-de-leducation-nationale-un-taux-satisfaisant-pour-belabed\/","title":{"rendered":"Vaccination des personnels de l\u2019\u00c9ducation nationale : Un taux satisfaisant, pour Belabed"},"content":{"rendered":"\n<p>Le ministre de l&rsquo;\u00e9ducation nationale, Abdelhakim Belabed,a indiqu\u00e9, samedi, que l&rsquo;op\u00e9ration de vaccination du personnel du secteur de l&rsquo;\u00c9ducation nationale a atteint un taux satisfaisant.Le ministre qui pr\u00e9sidait une r\u00e9union de pr\u00e9paration de la rentr\u00e9e scolaire 2021-2022, a expliqu\u00e9 \u00e0 cet effet justement que le report de la date initiale de la rentr\u00e9e a \u00e9t\u00e9 d\u00e9cid\u00e9 apr\u00e8s consultation des plus hautes autorit\u00e9s du pays et dans l&rsquo;objectif de donner plus de temps au personnels de se faire vacciner. Ce report , explique-t-il, r\u00e9pondait \u00e9galement \u00e0 l&rsquo;objectif de permettre d&rsquo;\u00e9tablir un recensement d\u00e9taill\u00e9 des personnes vaccin\u00e9es \u00e0 s&rsquo;assurer que toutes les conditions, y compris relatives \u00e0 la vaccination, sont r\u00e9unies pour une rentr\u00e9e scolaire en toute s\u00e9curit\u00e9. La p\u00e9riode en question a aussi, \u00e9t\u00e9 d\u00e9cid\u00e9e, note le ministre, pour permettre \u00e0 tous les enseignants de rejoindre leurs postes de travail surtout dans les wilayas du Sud qui ont toujours formul\u00e9 le v\u0153ux de rejoindre les \u00e9tablissements un peu tard pour \u00e9viter les p\u00e9riode de forte chaleur.&nbsp;<\/p>\n\n\n\n<p>Par ailleurs, tout en assurant de la disponibilit\u00e9 du livre scolaire et de tous les besoins des \u00e9l\u00e8ves, M. Belabed a rappel\u00e9 que les conditions de la rentr\u00e9e et de travail dont le syst\u00e8me de groupes ont \u00e9t\u00e9 dict\u00e9es par la situation pand\u00e9mique li\u00e9e au Covid 19. Des mesures visant, ajoute-t-il, \u00e0 mettre en s\u00e9curit\u00e9 les enfants et le personnel de l&rsquo;\u00e9ducation durant cette pand\u00e9mie qui touche non pas seulement notre pays mais le monde entier. L&rsquo;application stricte du protocole sanitaire et le syst\u00e8me d e groupe permettront aussi, selon le ministre, de respecter les mesures sanitaires telles que la distanciation dans les classes.<\/p>\n\n\n\n<p>Pour plus de flexibilit\u00e9 dans la gestion de cette conjoncture difficile, le ministre a recommand\u00e9 de laisser une marge de d\u00e9cision aux directeurs des \u00e9tablissements pour prendre des d\u00e9cision adapt\u00e9es \u00e0 la situation de leurs \u00e9coles respectives tout en soulignant que cette marge de man\u0153uvre doit \u00eatre mise \u00e0 profit dans le cadre des lois&nbsp; en vigueur dans le secteur de l&rsquo;\u00e9ducation. Durant cette p\u00e9riode difficile, affirme M. Belabed, le personnel de l&rsquo;\u00e9ducation doit faire face \u00e0 toute les \u00e9ventuelles tentatives de semer la zizanie par l&rsquo;intox en leur opposant l&rsquo;information vraie et \u00e0 temps. Le ministre de l&rsquo;\u00e9ducation n&rsquo;a non plus pas omis de recommander l&rsquo;actualisation permanente de la plate-forme num\u00e9rique pour un meilleur service sur le plan technique et p\u00e9dagogique.Enfin, tout en rappelant la n\u00e9cessit\u00e9 de travailler en \u00e9troite collaboration avec les partenaires sociaux pour lever tous les probl\u00e8mes socioprofessionnelles, M. Belabed a assur\u00e9 qu&rsquo;un nombre important de cantines vont \u00eatre ouvertes \u00e0 la rentr\u00e9e, selon les recommandations du pr\u00e9sident de la r\u00e9publique qui accorde une grande importance au bien-\u00eatre des \u00e9l\u00e8ves.&nbsp;&nbsp;<\/p>\n\n\n\n<p>Akli Amor<\/p>\n","protected":false},"excerpt":{"rendered":"<p>Le ministre de l&rsquo;\u00e9ducation nationale, Abdelhakim Belabed,a indiqu\u00e9, samedi, que l&rsquo;op\u00e9ration de vaccination du personnel du secteur de l&rsquo;\u00c9ducation nationale<\/p>\n","protected":false},"author":3,"featured_media":6711,"comment_status":"open","ping_status":"closed","sticky":false,"template":"","format":"standard","meta":{"colormag_page_container_layout":"default_layout","colormag_page_sidebar_layout":"default_layout","om_disable_all_campaigns":false,"_monsterinsights_skip_tracking":false,"_monsterinsights_sitenote_active":false,"_monsterinsights_sitenote_note":"","_monsterinsights_sitenote_category":0,"footnotes":"","_wpscppro_dont_share_socialmedia":false,"_wpscppro_custom_social_share_image":0,"_facebook_share_type":"","_twitter_share_type":"","_linkedin_share_type":"","_pinterest_share_type":"","_linkedin_share_type_page":"","_instagram_share_type":"","_medium_share_type":"","_threads_share_type":"","_google_business_share_type":"","_selected_social_profile":[],"_wpsp_enable_custom_social_template":false,"_wpsp_social_scheduling":{"enabled":false,"datetime":null,"platforms":[],"status":"template_only","dateOption":"today","timeOption":"now","customDays":"","customHours":"","customDate":"","customTime":"","schedulingType":"absolute"},"_wpsp_active_default_template":true},"categories":[27],"tags":[],"class_list":["post-6700","post","type-post","status-publish","format-standard","has-post-thumbnail","hentry","category-actualite"],"aioseo_notices":[],"yoast_head":"<!-- This site is optimized with the Yoast SEO plugin v27.5 - https:\/\/yoast.com\/product\/yoast-seo-wordpress\/ -->\n<title>Vaccination des personnels de l\u2019\u00c9ducation nationale : Un taux satisfaisant, pour Belabed - La Sentinelle<\/title>\n<meta name=\"robots\" content=\"index, follow, max-snippet:-1, max-image-preview:large, max-video-preview:-1\" \/>\n<link rel=\"canonical\" href=\"https:\/\/lasentinelle.dz\/index.php\/2021\/09\/06\/vaccination-des-personnels-de-leducation-nationale-un-taux-satisfaisant-pour-belabed\/\" \/>\n<meta property=\"og:locale\" content=\"fr_FR\" \/>\n<meta property=\"og:type\" content=\"article\" \/>\n<meta property=\"og:title\" content=\"Vaccination des personnels de l\u2019\u00c9ducation nationale : Un taux satisfaisant, pour Belabed - La Sentinelle\" \/>\n<meta property=\"og:description\" content=\"Le ministre de l&rsquo;\u00e9ducation nationale, Abdelhakim Belabed,a indiqu\u00e9, samedi, que l&rsquo;op\u00e9ration de vaccination du personnel du secteur de l&rsquo;\u00c9ducation nationale\" \/>\n<meta property=\"og:url\" content=\"https:\/\/lasentinelle.dz\/index.php\/2021\/09\/06\/vaccination-des-personnels-de-leducation-nationale-un-taux-satisfaisant-pour-belabed\/\" \/>\n<meta property=\"og:site_name\" content=\"La Sentinelle\" \/>\n<meta property=\"article:publisher\" content=\"https:\/\/www.facebook.com\/La-Sentinelle-104059864394773\" \/>\n<meta property=\"article:published_time\" content=\"2021-09-05T23:01:00+00:00\" \/>\n<meta property=\"og:image\" content=\"https:\/\/lasentinelle.dz\/wp-content\/uploads\/2021\/09\/image_2021-09-05_182017-1024x636.png\" \/>\n\t<meta property=\"og:image:width\" content=\"1024\" \/>\n\t<meta property=\"og:image:height\" content=\"636\" \/>\n\t<meta property=\"og:image:type\" content=\"image\/png\" \/>\n<meta name=\"author\" content=\"La Sentinelle\" \/>\n<meta name=\"twitter:card\" content=\"summary_large_image\" \/>\n<meta name=\"twitter:label1\" content=\"\u00c9crit par\" \/>\n\t<meta name=\"twitter:data1\" content=\"La Sentinelle\" \/>\n\t<meta name=\"twitter:label2\" content=\"Dur\u00e9e de lecture estim\u00e9e\" \/>\n\t<meta name=\"twitter:data2\" content=\"2 minutes\" \/>\n<script type=\"application\/ld+json\" class=\"yoast-schema-graph\">{\"@context\":\"https:\\\/\\\/schema.org\",\"@graph\":[{\"@type\":\"Article\",\"@id\":\"https:\\\/\\\/lasentinelle.dz\\\/index.php\\\/2021\\\/09\\\/06\\\/vaccination-des-personnels-de-leducation-nationale-un-taux-satisfaisant-pour-belabed\\\/#article\",\"isPartOf\":{\"@id\":\"https:\\\/\\\/lasentinelle.dz\\\/index.php\\\/2021\\\/09\\\/06\\\/vaccination-des-personnels-de-leducation-nationale-un-taux-satisfaisant-pour-belabed\\\/\"},\"author\":{\"name\":\"La Sentinelle\",\"@id\":\"https:\\\/\\\/lasentinelle.dz\\\/#\\\/schema\\\/person\\\/d865044e22e70a75174ce8bcad3acfb3\"},\"headline\":\"Vaccination des personnels de l\u2019\u00c9ducation nationale : Un taux satisfaisant, pour Belabed\",\"datePublished\":\"2021-09-05T23:01:00+00:00\",\"mainEntityOfPage\":{\"@id\":\"https:\\\/\\\/lasentinelle.dz\\\/index.php\\\/2021\\\/09\\\/06\\\/vaccination-des-personnels-de-leducation-nationale-un-taux-satisfaisant-pour-belabed\\\/\"},\"wordCount\":511,\"commentCount\":0,\"publisher\":{\"@id\":\"https:\\\/\\\/lasentinelle.dz\\\/#organization\"},\"image\":{\"@id\":\"https:\\\/\\\/lasentinelle.dz\\\/index.php\\\/2021\\\/09\\\/06\\\/vaccination-des-personnels-de-leducation-nationale-un-taux-satisfaisant-pour-belabed\\\/#primaryimage\"},\"thumbnailUrl\":\"https:\\\/\\\/lasentinelle.dz\\\/wp-content\\\/uploads\\\/2021\\\/09\\\/image_2021-09-05_182017.png\",\"articleSection\":[\"Actualit\u00e9\"],\"inLanguage\":\"fr-FR\",\"potentialAction\":[{\"@type\":\"CommentAction\",\"name\":\"Comment\",\"target\":[\"https:\\\/\\\/lasentinelle.dz\\\/index.php\\\/2021\\\/09\\\/06\\\/vaccination-des-personnels-de-leducation-nationale-un-taux-satisfaisant-pour-belabed\\\/#respond\"]}]},{\"@type\":\"WebPage\",\"@id\":\"https:\\\/\\\/lasentinelle.dz\\\/index.php\\\/2021\\\/09\\\/06\\\/vaccination-des-personnels-de-leducation-nationale-un-taux-satisfaisant-pour-belabed\\\/\",\"url\":\"https:\\\/\\\/lasentinelle.dz\\\/index.php\\\/2021\\\/09\\\/06\\\/vaccination-des-personnels-de-leducation-nationale-un-taux-satisfaisant-pour-belabed\\\/\",\"name\":\"Vaccination des personnels de l\u2019\u00c9ducation nationale : Un taux satisfaisant, pour Belabed - La Sentinelle\",\"isPartOf\":{\"@id\":\"https:\\\/\\\/lasentinelle.dz\\\/#website\"},\"primaryImageOfPage\":{\"@id\":\"https:\\\/\\\/lasentinelle.dz\\\/index.php\\\/2021\\\/09\\\/06\\\/vaccination-des-personnels-de-leducation-nationale-un-taux-satisfaisant-pour-belabed\\\/#primaryimage\"},\"image\":{\"@id\":\"https:\\\/\\\/lasentinelle.dz\\\/index.php\\\/2021\\\/09\\\/06\\\/vaccination-des-personnels-de-leducation-nationale-un-taux-satisfaisant-pour-belabed\\\/#primaryimage\"},\"thumbnailUrl\":\"https:\\\/\\\/lasentinelle.dz\\\/wp-content\\\/uploads\\\/2021\\\/09\\\/image_2021-09-05_182017.png\",\"datePublished\":\"2021-09-05T23:01:00+00:00\",\"breadcrumb\":{\"@id\":\"https:\\\/\\\/lasentinelle.dz\\\/index.php\\\/2021\\\/09\\\/06\\\/vaccination-des-personnels-de-leducation-nationale-un-taux-satisfaisant-pour-belabed\\\/#breadcrumb\"},\"inLanguage\":\"fr-FR\",\"potentialAction\":[{\"@type\":\"ReadAction\",\"target\":[\"https:\\\/\\\/lasentinelle.dz\\\/index.php\\\/2021\\\/09\\\/06\\\/vaccination-des-personnels-de-leducation-nationale-un-taux-satisfaisant-pour-belabed\\\/\"]}]},{\"@type\":\"ImageObject\",\"inLanguage\":\"fr-FR\",\"@id\":\"https:\\\/\\\/lasentinelle.dz\\\/index.php\\\/2021\\\/09\\\/06\\\/vaccination-des-personnels-de-leducation-nationale-un-taux-satisfaisant-pour-belabed\\\/#primaryimage\",\"url\":\"https:\\\/\\\/lasentinelle.dz\\\/wp-content\\\/uploads\\\/2021\\\/09\\\/image_2021-09-05_182017.png\",\"contentUrl\":\"https:\\\/\\\/lasentinelle.dz\\\/wp-content\\\/uploads\\\/2021\\\/09\\\/image_2021-09-05_182017.png\",\"width\":2948,\"height\":1830},{\"@type\":\"BreadcrumbList\",\"@id\":\"https:\\\/\\\/lasentinelle.dz\\\/index.php\\\/2021\\\/09\\\/06\\\/vaccination-des-personnels-de-leducation-nationale-un-taux-satisfaisant-pour-belabed\\\/#breadcrumb\",\"itemListElement\":[{\"@type\":\"ListItem\",\"position\":1,\"name\":\"Accueil\",\"item\":\"https:\\\/\\\/lasentinelle.dz\\\/\"},{\"@type\":\"ListItem\",\"position\":2,\"name\":\"Vaccination des personnels de l\u2019\u00c9ducation nationale : Un taux satisfaisant, pour Belabed\"}]},{\"@type\":\"WebSite\",\"@id\":\"https:\\\/\\\/lasentinelle.dz\\\/#website\",\"url\":\"https:\\\/\\\/lasentinelle.dz\\\/\",\"name\":\"La Sentinelle\",\"description\":\"Quotidien national d&#039;information\",\"publisher\":{\"@id\":\"https:\\\/\\\/lasentinelle.dz\\\/#organization\"},\"potentialAction\":[{\"@type\":\"SearchAction\",\"target\":{\"@type\":\"EntryPoint\",\"urlTemplate\":\"https:\\\/\\\/lasentinelle.dz\\\/?s={search_term_string}\"},\"query-input\":{\"@type\":\"PropertyValueSpecification\",\"valueRequired\":true,\"valueName\":\"search_term_string\"}}],\"inLanguage\":\"fr-FR\"},{\"@type\":\"Organization\",\"@id\":\"https:\\\/\\\/lasentinelle.dz\\\/#organization\",\"name\":\"Quotidien La Sentinelle\",\"url\":\"https:\\\/\\\/lasentinelle.dz\\\/\",\"logo\":{\"@type\":\"ImageObject\",\"inLanguage\":\"fr-FR\",\"@id\":\"https:\\\/\\\/lasentinelle.dz\\\/#\\\/schema\\\/logo\\\/image\\\/\",\"url\":\"https:\\\/\\\/lasentinelle.dz\\\/wp-content\\\/uploads\\\/2021\\\/09\\\/logo-sentinelleSLOGAN-1.png\",\"contentUrl\":\"https:\\\/\\\/lasentinelle.dz\\\/wp-content\\\/uploads\\\/2021\\\/09\\\/logo-sentinelleSLOGAN-1.png\",\"width\":615,\"height\":142,\"caption\":\"Quotidien La Sentinelle\"},\"image\":{\"@id\":\"https:\\\/\\\/lasentinelle.dz\\\/#\\\/schema\\\/logo\\\/image\\\/\"},\"sameAs\":[\"https:\\\/\\\/www.facebook.com\\\/La-Sentinelle-104059864394773\"]},{\"@type\":\"Person\",\"@id\":\"https:\\\/\\\/lasentinelle.dz\\\/#\\\/schema\\\/person\\\/d865044e22e70a75174ce8bcad3acfb3\",\"name\":\"La Sentinelle\",\"image\":{\"@type\":\"ImageObject\",\"inLanguage\":\"fr-FR\",\"@id\":\"https:\\\/\\\/secure.gravatar.com\\\/avatar\\\/57de8e5d4b15d43fb361a71fbb36338450fe67865b528a43dd10ef7c51a20392?s=96&d=mm&r=g\",\"url\":\"https:\\\/\\\/secure.gravatar.com\\\/avatar\\\/57de8e5d4b15d43fb361a71fbb36338450fe67865b528a43dd10ef7c51a20392?s=96&d=mm&r=g\",\"contentUrl\":\"https:\\\/\\\/secure.gravatar.com\\\/avatar\\\/57de8e5d4b15d43fb361a71fbb36338450fe67865b528a43dd10ef7c51a20392?s=96&d=mm&r=g\",\"caption\":\"La Sentinelle\"},\"sameAs\":[\"http:\\\/\\\/www.lasentinelle.dz\"],\"url\":\"https:\\\/\\\/lasentinelle.dz\\\/author\\\/redaction\\\/\"}]}<\/script>\n<!-- \/ Yoast SEO plugin. -->","yoast_head_json":{"title":"Vaccination des personnels de l\u2019\u00c9ducation nationale : Un taux satisfaisant, pour Belabed - La Sentinelle","robots":{"index":"index","follow":"follow","max-snippet":"max-snippet:-1","max-image-preview":"max-image-preview:large","max-video-preview":"max-video-preview:-1"},"canonical":"https:\/\/lasentinelle.dz\/index.php\/2021\/09\/06\/vaccination-des-personnels-de-leducation-nationale-un-taux-satisfaisant-pour-belabed\/","og_locale":"fr_FR","og_type":"article","og_title":"Vaccination des personnels de l\u2019\u00c9ducation nationale : Un taux satisfaisant, pour Belabed - La Sentinelle","og_description":"Le ministre de l&rsquo;\u00e9ducation nationale, Abdelhakim Belabed,a indiqu\u00e9, samedi, que l&rsquo;op\u00e9ration de vaccination du personnel du secteur de l&rsquo;\u00c9ducation nationale","og_url":"https:\/\/lasentinelle.dz\/index.php\/2021\/09\/06\/vaccination-des-personnels-de-leducation-nationale-un-taux-satisfaisant-pour-belabed\/","og_site_name":"La Sentinelle","article_publisher":"https:\/\/www.facebook.com\/La-Sentinelle-104059864394773","article_published_time":"2021-09-05T23:01:00+00:00","og_image":[{"width":1024,"height":636,"url":"https:\/\/lasentinelle.dz\/wp-content\/uploads\/2021\/09\/image_2021-09-05_182017-1024x636.png","type":"image\/png"}],"author":"La Sentinelle","twitter_card":"summary_large_image","twitter_misc":{"\u00c9crit par":"La Sentinelle","Dur\u00e9e de lecture estim\u00e9e":"2 minutes"},"schema":{"@context":"https:\/\/schema.org","@graph":[{"@type":"Article","@id":"https:\/\/lasentinelle.dz\/index.php\/2021\/09\/06\/vaccination-des-personnels-de-leducation-nationale-un-taux-satisfaisant-pour-belabed\/#article","isPartOf":{"@id":"https:\/\/lasentinelle.dz\/index.php\/2021\/09\/06\/vaccination-des-personnels-de-leducation-nationale-un-taux-satisfaisant-pour-belabed\/"},"author":{"name":"La Sentinelle","@id":"https:\/\/lasentinelle.dz\/#\/schema\/person\/d865044e22e70a75174ce8bcad3acfb3"},"headline":"Vaccination des personnels de l\u2019\u00c9ducation nationale : Un taux satisfaisant, pour Belabed","datePublished":"2021-09-05T23:01:00+00:00","mainEntityOfPage":{"@id":"https:\/\/lasentinelle.dz\/index.php\/2021\/09\/06\/vaccination-des-personnels-de-leducation-nationale-un-taux-satisfaisant-pour-belabed\/"},"wordCount":511,"commentCount":0,"publisher":{"@id":"https:\/\/lasentinelle.dz\/#organization"},"image":{"@id":"https:\/\/lasentinelle.dz\/index.php\/2021\/09\/06\/vaccination-des-personnels-de-leducation-nationale-un-taux-satisfaisant-pour-belabed\/#primaryimage"},"thumbnailUrl":"https:\/\/lasentinelle.dz\/wp-content\/uploads\/2021\/09\/image_2021-09-05_182017.png","articleSection":["Actualit\u00e9"],"inLanguage":"fr-FR","potentialAction":[{"@type":"CommentAction","name":"Comment","target":["https:\/\/lasentinelle.dz\/index.php\/2021\/09\/06\/vaccination-des-personnels-de-leducation-nationale-un-taux-satisfaisant-pour-belabed\/#respond"]}]},{"@type":"WebPage","@id":"https:\/\/lasentinelle.dz\/index.php\/2021\/09\/06\/vaccination-des-personnels-de-leducation-nationale-un-taux-satisfaisant-pour-belabed\/","url":"https:\/\/lasentinelle.dz\/index.php\/2021\/09\/06\/vaccination-des-personnels-de-leducation-nationale-un-taux-satisfaisant-pour-belabed\/","name":"Vaccination des personnels de l\u2019\u00c9ducation nationale : Un taux satisfaisant, pour Belabed - La Sentinelle","isPartOf":{"@id":"https:\/\/lasentinelle.dz\/#website"},"primaryImageOfPage":{"@id":"https:\/\/lasentinelle.dz\/index.php\/2021\/09\/06\/vaccination-des-personnels-de-leducation-nationale-un-taux-satisfaisant-pour-belabed\/#primaryimage"},"image":{"@id":"https:\/\/lasentinelle.dz\/index.php\/2021\/09\/06\/vaccination-des-personnels-de-leducation-nationale-un-taux-satisfaisant-pour-belabed\/#primaryimage"},"thumbnailUrl":"https:\/\/lasentinelle.dz\/wp-content\/uploads\/2021\/09\/image_2021-09-05_182017.png","datePublished":"2021-09-05T23:01:00+00:00","breadcrumb":{"@id":"https:\/\/lasentinelle.dz\/index.php\/2021\/09\/06\/vaccination-des-personnels-de-leducation-nationale-un-taux-satisfaisant-pour-belabed\/#breadcrumb"},"inLanguage":"fr-FR","potentialAction":[{"@type":"ReadAction","target":["https:\/\/lasentinelle.dz\/index.php\/2021\/09\/06\/vaccination-des-personnels-de-leducation-nationale-un-taux-satisfaisant-pour-belabed\/"]}]},{"@type":"ImageObject","inLanguage":"fr-FR","@id":"https:\/\/lasentinelle.dz\/index.php\/2021\/09\/06\/vaccination-des-personnels-de-leducation-nationale-un-taux-satisfaisant-pour-belabed\/#primaryimage","url":"https:\/\/lasentinelle.dz\/wp-content\/uploads\/2021\/09\/image_2021-09-05_182017.png","contentUrl":"https:\/\/lasentinelle.dz\/wp-content\/uploads\/2021\/09\/image_2021-09-05_182017.png","width":2948,"height":1830},{"@type":"BreadcrumbList","@id":"https:\/\/lasentinelle.dz\/index.php\/2021\/09\/06\/vaccination-des-personnels-de-leducation-nationale-un-taux-satisfaisant-pour-belabed\/#breadcrumb","itemListElement":[{"@type":"ListItem","position":1,"name":"Accueil","item":"https:\/\/lasentinelle.dz\/"},{"@type":"ListItem","position":2,"name":"Vaccination des personnels de l\u2019\u00c9ducation nationale : Un taux satisfaisant, pour Belabed"}]},{"@type":"WebSite","@id":"https:\/\/lasentinelle.dz\/#website","url":"https:\/\/lasentinelle.dz\/","name":"La Sentinelle","description":"Quotidien national d&#039;information","publisher":{"@id":"https:\/\/lasentinelle.dz\/#organization"},"potentialAction":[{"@type":"SearchAction","target":{"@type":"EntryPoint","urlTemplate":"https:\/\/lasentinelle.dz\/?s={search_term_string}"},"query-input":{"@type":"PropertyValueSpecification","valueRequired":true,"valueName":"search_term_string"}}],"inLanguage":"fr-FR"},{"@type":"Organization","@id":"https:\/\/lasentinelle.dz\/#organization","name":"Quotidien La Sentinelle","url":"https:\/\/lasentinelle.dz\/","logo":{"@type":"ImageObject","inLanguage":"fr-FR","@id":"https:\/\/lasentinelle.dz\/#\/schema\/logo\/image\/","url":"https:\/\/lasentinelle.dz\/wp-content\/uploads\/2021\/09\/logo-sentinelleSLOGAN-1.png","contentUrl":"https:\/\/lasentinelle.dz\/wp-content\/uploads\/2021\/09\/logo-sentinelleSLOGAN-1.png","width":615,"height":142,"caption":"Quotidien La Sentinelle"},"image":{"@id":"https:\/\/lasentinelle.dz\/#\/schema\/logo\/image\/"},"sameAs":["https:\/\/www.facebook.com\/La-Sentinelle-104059864394773"]},{"@type":"Person","@id":"https:\/\/lasentinelle.dz\/#\/schema\/person\/d865044e22e70a75174ce8bcad3acfb3","name":"La Sentinelle","image":{"@type":"ImageObject","inLanguage":"fr-FR","@id":"https:\/\/secure.gravatar.com\/avatar\/57de8e5d4b15d43fb361a71fbb36338450fe67865b528a43dd10ef7c51a20392?s=96&d=mm&r=g","url":"https:\/\/secure.gravatar.com\/avatar\/57de8e5d4b15d43fb361a71fbb36338450fe67865b528a43dd10ef7c51a20392?s=96&d=mm&r=g","contentUrl":"https:\/\/secure.gravatar.com\/avatar\/57de8e5d4b15d43fb361a71fbb36338450fe67865b528a43dd10ef7c51a20392?s=96&d=mm&r=g","caption":"La Sentinelle"},"sameAs":["http:\/\/www.lasentinelle.dz"],"url":"https:\/\/lasentinelle.dz\/author\/redaction\/"}]}},"_links":{"self":[{"href":"https:\/\/lasentinelle.dz\/index.php\/wp-json\/wp\/v2\/posts\/6700","targetHints":{"allow":["GET"]}}],"collection":[{"href":"https:\/\/lasentinelle.dz\/index.php\/wp-json\/wp\/v2\/posts"}],"about":[{"href":"https:\/\/lasentinelle.dz\/index.php\/wp-json\/wp\/v2\/types\/post"}],"author":[{"embeddable":true,"href":"https:\/\/lasentinelle.dz\/index.php\/wp-json\/wp\/v2\/users\/3"}],"replies":[{"embeddable":true,"href":"https:\/\/lasentinelle.dz\/index.php\/wp-json\/wp\/v2\/comments?post=6700"}],"version-history":[{"count":1,"href":"https:\/\/lasentinelle.dz\/index.php\/wp-json\/wp\/v2\/posts\/6700\/revisions"}],"predecessor-version":[{"id":6712,"href":"https:\/\/lasentinelle.dz\/index.php\/wp-json\/wp\/v2\/posts\/6700\/revisions\/6712"}],"wp:featuredmedia":[{"embeddable":true,"href":"https:\/\/lasentinelle.dz\/index.php\/wp-json\/wp\/v2\/media\/6711"}],"wp:attachment":[{"href":"https:\/\/lasentinelle.dz\/index.php\/wp-json\/wp\/v2\/media?parent=6700"}],"wp:term":[{"taxonomy":"category","embeddable":true,"href":"https:\/\/lasentinelle.dz\/index.php\/wp-json\/wp\/v2\/categories?post=6700"},{"taxonomy":"post_tag","embeddable":true,"href":"https:\/\/lasentinelle.dz\/index.php\/wp-json\/wp\/v2\/tags?post=6700"}],"curies":[{"name":"wp","href":"https:\/\/api.w.org\/{rel}","templated":true}]}}