{"id":67020,"date":"2025-05-08T13:00:32","date_gmt":"2025-05-08T12:00:32","guid":{"rendered":"https:\/\/lasentinelle.dz\/?p=67020"},"modified":"2025-05-10T13:01:09","modified_gmt":"2025-05-10T12:01:09","slug":"barrages-qualificatifs-pour-le-chan-2025-les-verts-a-90-minutes-du-bonheur","status":"publish","type":"post","link":"https:\/\/lasentinelle.dz\/index.php\/2025\/05\/08\/barrages-qualificatifs-pour-le-chan-2025-les-verts-a-90-minutes-du-bonheur\/","title":{"rendered":"Barrages qualificatifs pour le CHAN-2025: Les Verts \u00e0 90 minutes du bonheur"},"content":{"rendered":"\n<p>\u00c0 quelques heures du match retour des barrages qualificatifs pour le Championnat d&rsquo;Afrique des Nations CHAN-2025, l&rsquo;\u00e9quipe nationale A&rsquo; se trouve \u00e0 un tournant d\u00e9cisif de sa campagne. Apr\u00e8s avoir arrach\u00e9 un pr\u00e9cieux match nul (0-0) samedi dernier sur la pelouse du stade de l&rsquo;Ind\u00e9pendance \u00e0 Bakau, les hommes de Madjid Bougherra n&rsquo;ont plus qu&rsquo;un seul objectif en t\u00eate : l&#8217;emporter vendredi au stade du 19-mai 1956 d&rsquo;Annaba pour valider leur billet pour la phase finale du tournoi continental qui se d\u00e9roulera du 2 au 30 ao\u00fbt prochain au Kenya, en Tanzanie et en Ouganda.<\/p>\n\n\n\n<p>Le match nul obtenu en terre gambienne place d\u00e9sormais les Fennecs dans une position o\u00f9 seule la victoire sera synonyme de qualification. Ce r\u00e9sultat, bien que satisfaisant dans des conditions de jeu difficiles \u00e0 l&rsquo;ext\u00e9rieur, oblige maintenant l&rsquo;\u00e9quipe \u00e0 faire preuve d&rsquo;une plus grande efficacit\u00e9 offensive sur son terrain. Le s\u00e9lectionneur national, conscient de cet imp\u00e9ratif, s&rsquo;appr\u00eate \u00e0 revoir sa strat\u00e9gie en optant probablement pour un sch\u00e9ma tactique plus offensif en 4-2-3-1, afin de mettre toutes les chances de son c\u00f4t\u00e9 face \u00e0 des \u00ab\u00a0Scorpions\u00a0\u00bb qui n&rsquo;auront rien \u00e0 perdre. La pr\u00e9paration bat son plein au Centre technique national de Sidi Moussa \u00e0 Alger, o\u00f9 les co\u00e9quipiers du capitaine Mohamed Amine Madani peaufinent les derniers r\u00e9glages avant le d\u00e9placement vers Annaba. Les s\u00e9ances d&rsquo;entra\u00eenement sont principalement ax\u00e9es sur l&rsquo;aspect technico-tactique, avec un accent particulier sur les automatismes collectifs, les transitions rapides et les sch\u00e9mas offensifs. Une pr\u00e9paration minutieuse qui t\u00e9moigne de la d\u00e9termination du groupe \u00e0 ne rien laisser au hasard pour cette \u00e9ch\u00e9ance capitale.<\/p>\n\n\n\n<p>Sur le plan de l&rsquo;effectif, Bougherra pourra compter sur le retour de l&rsquo;ailier Abderrahmane Meziane, absent lors du d\u00e9placement \u00e0 Banjul pour des raisons familiales, ainsi que sur le meneur de jeu constantinois Ibrahim Dib, pr\u00e9serv\u00e9 \u00e0 l&rsquo;aller en raison de douleurs au cou. Ces deux renforts offensifs devraient apporter la cr\u00e9ativit\u00e9 et la percussion qui ont parfois manqu\u00e9 lors de la premi\u00e8re manche. En revanche, le milieu de terrain Mohamed Benkhemassa (MCA) et le d\u00e9fenseur Imad-Eddine Azzi (USMA) restent forfaits apr\u00e8s avoir d\u00e9clar\u00e9 leur indisponibilit\u00e9 avant m\u00eame le d\u00e9placement en Gambie.<\/p>\n\n\n\n<p>Dans le camp alg\u00e9rien, la confiance est de mise, comme en t\u00e9moignent les d\u00e9clarations recueillies lors de la zone mixte organis\u00e9e mardi apr\u00e8s-midi au CTN de Sidi Moussa. Le capitaine Mohamed Amine Madani donne le ton : \u00ab\u00a0Certes, nous n&rsquo;avons pas gagn\u00e9 \u00e0 l&rsquo;aller, mais l&rsquo;essentiel \u00e9tait de ne pas perdre. Il nous reste la seconde manche \u00e0 la maison, on fera tout pour s&rsquo;imposer et se qualifier pour la phase finale.\u00a0\u00bb Un discours empreint de d\u00e9termination qui refl\u00e8te l&rsquo;\u00e9tat d&rsquo;esprit du groupe \u00e0 trois jours de cette rencontre d\u00e9cisive. L&rsquo;attaquant Adil Boulbina, lui aussi, se montre optimiste malgr\u00e9 les conditions difficiles rencontr\u00e9es \u00e0 l&rsquo;aller : \u00ab\u00a0En d\u00e9pit des conditions difficiles dans lesquelles s&rsquo;est jou\u00e9e la premi\u00e8re manche, nous avons r\u00e9ussi \u00e0 revenir avec un bon r\u00e9sultat de Bakau. Nous allons aborder la seconde manche \u00e0 Annaba avec la ferme intention de valider notre ticket pour la phase finale. Il r\u00e8gne une excellente ambiance au sein du groupe, c&rsquo;est de bon augure pour la suite.\u00a0\u00bb Le jeune attaquant ne cache pas non plus ses ambitions personnelles : \u00ab\u00a0Mon ambition est de rejoindre la s\u00e9lection A, ce sera un honneur pour moi.\u00a0\u00bb Son comp\u00e8re de l&rsquo;attaque, Redouane Berkane, partage cet \u00e9tat d&rsquo;esprit conqu\u00e9rant : \u00ab\u00a0Nous sommes conscients de la t\u00e2che qui nous attend vendredi. Nous sommes en train de travailler dur afin de remporter ce match retour et se qualifier.\u00a0\u00bb Le jeune attaquant souligne \u00e9galement la bonne int\u00e9gration des nouveaux venus : \u00ab\u00a0Il y a des joueurs d&rsquo;exp\u00e9rience qui m&rsquo;ont beaucoup aid\u00e9 pour mon adaptation. Je me sens bien avec le coach. On s&rsquo;entraide entre nous les jeunes joueurs.\u00a0\u00bb En d\u00e9fense, Ayoub Ghezala confirme la d\u00e9termination collective : \u00ab\u00a0Les pr\u00e9paratifs se d\u00e9roulent dans les meilleures conditions, tout le monde se porte bien et est conscient de la mission qui l&rsquo;attend. L&rsquo;\u00e9tat d&rsquo;esprit est positif dans le groupe. L&rsquo;entente est parfaite entre les joueurs et le staff technique, je pense que tout est r\u00e9uni pour d\u00e9crocher la qualification.\u00a0\u00bb Le d\u00e9fenseur reste toutefois vigilant : \u00ab\u00a0Nous allons affronter une bonne \u00e9quipe de la Gambie, athl\u00e9tique, \u00e0 nous d&rsquo;\u00eatre les meilleurs le jour J.\u00a0\u00bb Le milieu offensif Lahlou Akhrib, nouvelle recrue du groupe, \u00e9voque quant \u00e0 lui les difficult\u00e9s rencontr\u00e9es lors du match aller : \u00ab\u00a0Apr\u00e8s le r\u00e9sultat positif d\u00e9croch\u00e9 en match aller, nous avons repris le travail avant de s&rsquo;envoler pour Annaba en vue du match retour. Les conditions \u00e9taient d\u00e9favorables \u00e0 Bakau, chose qui nous a emp\u00each\u00e9s de jouer avec notre v\u00e9ritable valeur.\u00a0\u00bb Il se f\u00e9licite \u00e9galement de son int\u00e9gration rapide : \u00ab\u00a0Je n&rsquo;ai pas senti que je suis un nouveau dans cette \u00e9quipe, les joueurs m&rsquo;ont aid\u00e9 dans mon adaptation.\u00a0\u00bb Du c\u00f4t\u00e9 gambien, l&rsquo;\u00e9quipe qui s&rsquo;est qualifi\u00e9e pour ces barrages aux d\u00e9pens du Gabon (aller : 1-1, retour : 1-1, aux t.a.b : 5-3), est attendue ce mercredi \u00e0 Alger, avant de rallier Annaba. Les \u00ab\u00a0Scorpions\u00a0\u00bb n&rsquo;ont certainement pas dit leur dernier mot et tenteront de cr\u00e9er la surprise en terre alg\u00e9rienne, face \u00e0 une \u00e9quipe qui avait atteint la finale de la pr\u00e9c\u00e9dente \u00e9dition en 2023, s&rsquo;inclinant uniquement aux tirs au but face au S\u00e9n\u00e9gal (0-0, 4-5). En cas de qualification, l&rsquo;Alg\u00e9rie sera vers\u00e9e dans le groupe C de la phase finale, en compagnie de l&rsquo;Ouganda, du Niger, de la Guin\u00e9e, et l&rsquo;autre qualifi\u00e9 issu du second barrage opposant l&rsquo;Afrique du Sud au Malawi. Lors du match aller disput\u00e9 samedi \u00e0 Lilongwe, le Malawi a pris un l\u00e9ger avantage en s&rsquo;imposant 1-0. Le match retour est pr\u00e9vu ce dimanche au stade Loftus Versfeld \u00e0 Pretoria. \u00c0 90 minutes d&rsquo;une qualification pour le CHAN-2025, les \u00ab\u00a0Verts\u00a0\u00bb comptent bien sur le soutien massif du public annabi pour franchir ce dernier obstacle et poursuivre leur aventure continentale. Rendez-vous vendredi \u00e0 19h00 au stade du 19-mai 1956 d&rsquo;Annaba pour ce qui promet d&rsquo;\u00eatre une belle f\u00eate du football.<\/p>\n\n\n\n<p>Moncef Dahleb<\/p>\n","protected":false},"excerpt":{"rendered":"<p>\u00c0 quelques heures du match retour des barrages qualificatifs pour le Championnat d&rsquo;Afrique des Nations CHAN-2025, l&rsquo;\u00e9quipe nationale A&rsquo; se<\/p>\n","protected":false},"author":6,"featured_media":67021,"comment_status":"open","ping_status":"closed","sticky":false,"template":"","format":"standard","meta":{"colormag_page_container_layout":"default_layout","colormag_page_sidebar_layout":"default_layout","om_disable_all_campaigns":false,"_monsterinsights_skip_tracking":false,"_monsterinsights_sitenote_active":false,"_monsterinsights_sitenote_note":"","_monsterinsights_sitenote_category":0,"footnotes":"","_wpscppro_dont_share_socialmedia":false,"_wpscppro_custom_social_share_image":0,"_facebook_share_type":"default","_twitter_share_type":"default","_linkedin_share_type":"default","_pinterest_share_type":"default","_linkedin_share_type_page":"","_instagram_share_type":"default","_medium_share_type":"default","_threads_share_type":"","_google_business_share_type":"","_selected_social_profile":[],"_wpsp_enable_custom_social_template":false,"_wpsp_social_scheduling":{"enabled":false,"datetime":null,"platforms":[],"status":"template_only","dateOption":"today","timeOption":"now","customDays":"","customHours":"","customDate":"","customTime":"","schedulingType":"absolute"},"_wpsp_active_default_template":true},"categories":[52,33],"tags":[],"class_list":["post-67020","post","type-post","status-publish","format-standard","has-post-thumbnail","hentry","category-a-la-une","category-sports"],"aioseo_notices":[],"yoast_head":"<!-- This site is optimized with the Yoast SEO plugin v27.5 - https:\/\/yoast.com\/product\/yoast-seo-wordpress\/ -->\n<title>Barrages qualificatifs pour le CHAN-2025: Les Verts \u00e0 90 minutes du bonheur - La Sentinelle<\/title>\n<meta name=\"robots\" content=\"index, follow, max-snippet:-1, max-image-preview:large, max-video-preview:-1\" \/>\n<link rel=\"canonical\" href=\"https:\/\/lasentinelle.dz\/index.php\/2025\/05\/08\/barrages-qualificatifs-pour-le-chan-2025-les-verts-a-90-minutes-du-bonheur\/\" \/>\n<meta property=\"og:locale\" content=\"fr_FR\" \/>\n<meta property=\"og:type\" content=\"article\" \/>\n<meta property=\"og:title\" content=\"Barrages qualificatifs pour le CHAN-2025: Les Verts \u00e0 90 minutes du bonheur - La Sentinelle\" \/>\n<meta property=\"og:description\" content=\"\u00c0 quelques heures du match retour des barrages qualificatifs pour le Championnat d&rsquo;Afrique des Nations CHAN-2025, l&rsquo;\u00e9quipe nationale A&rsquo; se\" \/>\n<meta property=\"og:url\" content=\"https:\/\/lasentinelle.dz\/index.php\/2025\/05\/08\/barrages-qualificatifs-pour-le-chan-2025-les-verts-a-90-minutes-du-bonheur\/\" \/>\n<meta property=\"og:site_name\" content=\"La Sentinelle\" \/>\n<meta property=\"article:publisher\" content=\"https:\/\/www.facebook.com\/La-Sentinelle-104059864394773\" \/>\n<meta property=\"article:published_time\" content=\"2025-05-08T12:00:32+00:00\" \/>\n<meta property=\"article:modified_time\" content=\"2025-05-10T12:01:09+00:00\" \/>\n<meta property=\"og:image\" content=\"https:\/\/lasentinelle.dz\/wp-content\/uploads\/2025\/05\/Verts-A-1.jpg\" \/>\n\t<meta property=\"og:image:width\" content=\"2432\" \/>\n\t<meta property=\"og:image:height\" content=\"2432\" \/>\n\t<meta property=\"og:image:type\" content=\"image\/jpeg\" \/>\n<meta name=\"author\" content=\"admin\" \/>\n<meta name=\"twitter:card\" content=\"summary_large_image\" \/>\n<meta name=\"twitter:label1\" content=\"\u00c9crit par\" \/>\n\t<meta name=\"twitter:data1\" content=\"admin\" \/>\n\t<meta name=\"twitter:label2\" content=\"Dur\u00e9e de lecture estim\u00e9e\" \/>\n\t<meta name=\"twitter:data2\" content=\"6 minutes\" \/>\n<script type=\"application\/ld+json\" class=\"yoast-schema-graph\">{\"@context\":\"https:\\\/\\\/schema.org\",\"@graph\":[{\"@type\":\"Article\",\"@id\":\"https:\\\/\\\/lasentinelle.dz\\\/index.php\\\/2025\\\/05\\\/08\\\/barrages-qualificatifs-pour-le-chan-2025-les-verts-a-90-minutes-du-bonheur\\\/#article\",\"isPartOf\":{\"@id\":\"https:\\\/\\\/lasentinelle.dz\\\/index.php\\\/2025\\\/05\\\/08\\\/barrages-qualificatifs-pour-le-chan-2025-les-verts-a-90-minutes-du-bonheur\\\/\"},\"author\":{\"name\":\"admin\",\"@id\":\"https:\\\/\\\/lasentinelle.dz\\\/#\\\/schema\\\/person\\\/729ee0024f24e0b8c5ec17232f8e8b41\"},\"headline\":\"Barrages qualificatifs pour le CHAN-2025: Les Verts \u00e0 90 minutes du bonheur\",\"datePublished\":\"2025-05-08T12:00:32+00:00\",\"dateModified\":\"2025-05-10T12:01:09+00:00\",\"mainEntityOfPage\":{\"@id\":\"https:\\\/\\\/lasentinelle.dz\\\/index.php\\\/2025\\\/05\\\/08\\\/barrages-qualificatifs-pour-le-chan-2025-les-verts-a-90-minutes-du-bonheur\\\/\"},\"wordCount\":1100,\"commentCount\":0,\"publisher\":{\"@id\":\"https:\\\/\\\/lasentinelle.dz\\\/#organization\"},\"image\":{\"@id\":\"https:\\\/\\\/lasentinelle.dz\\\/index.php\\\/2025\\\/05\\\/08\\\/barrages-qualificatifs-pour-le-chan-2025-les-verts-a-90-minutes-du-bonheur\\\/#primaryimage\"},\"thumbnailUrl\":\"https:\\\/\\\/lasentinelle.dz\\\/wp-content\\\/uploads\\\/2025\\\/05\\\/Verts-A-1.jpg\",\"articleSection\":[\"\u00c0 la Une\",\"Sports\"],\"inLanguage\":\"fr-FR\",\"potentialAction\":[{\"@type\":\"CommentAction\",\"name\":\"Comment\",\"target\":[\"https:\\\/\\\/lasentinelle.dz\\\/index.php\\\/2025\\\/05\\\/08\\\/barrages-qualificatifs-pour-le-chan-2025-les-verts-a-90-minutes-du-bonheur\\\/#respond\"]}]},{\"@type\":\"WebPage\",\"@id\":\"https:\\\/\\\/lasentinelle.dz\\\/index.php\\\/2025\\\/05\\\/08\\\/barrages-qualificatifs-pour-le-chan-2025-les-verts-a-90-minutes-du-bonheur\\\/\",\"url\":\"https:\\\/\\\/lasentinelle.dz\\\/index.php\\\/2025\\\/05\\\/08\\\/barrages-qualificatifs-pour-le-chan-2025-les-verts-a-90-minutes-du-bonheur\\\/\",\"name\":\"Barrages qualificatifs pour le CHAN-2025: Les Verts \u00e0 90 minutes du bonheur - La Sentinelle\",\"isPartOf\":{\"@id\":\"https:\\\/\\\/lasentinelle.dz\\\/#website\"},\"primaryImageOfPage\":{\"@id\":\"https:\\\/\\\/lasentinelle.dz\\\/index.php\\\/2025\\\/05\\\/08\\\/barrages-qualificatifs-pour-le-chan-2025-les-verts-a-90-minutes-du-bonheur\\\/#primaryimage\"},\"image\":{\"@id\":\"https:\\\/\\\/lasentinelle.dz\\\/index.php\\\/2025\\\/05\\\/08\\\/barrages-qualificatifs-pour-le-chan-2025-les-verts-a-90-minutes-du-bonheur\\\/#primaryimage\"},\"thumbnailUrl\":\"https:\\\/\\\/lasentinelle.dz\\\/wp-content\\\/uploads\\\/2025\\\/05\\\/Verts-A-1.jpg\",\"datePublished\":\"2025-05-08T12:00:32+00:00\",\"dateModified\":\"2025-05-10T12:01:09+00:00\",\"breadcrumb\":{\"@id\":\"https:\\\/\\\/lasentinelle.dz\\\/index.php\\\/2025\\\/05\\\/08\\\/barrages-qualificatifs-pour-le-chan-2025-les-verts-a-90-minutes-du-bonheur\\\/#breadcrumb\"},\"inLanguage\":\"fr-FR\",\"potentialAction\":[{\"@type\":\"ReadAction\",\"target\":[\"https:\\\/\\\/lasentinelle.dz\\\/index.php\\\/2025\\\/05\\\/08\\\/barrages-qualificatifs-pour-le-chan-2025-les-verts-a-90-minutes-du-bonheur\\\/\"]}]},{\"@type\":\"ImageObject\",\"inLanguage\":\"fr-FR\",\"@id\":\"https:\\\/\\\/lasentinelle.dz\\\/index.php\\\/2025\\\/05\\\/08\\\/barrages-qualificatifs-pour-le-chan-2025-les-verts-a-90-minutes-du-bonheur\\\/#primaryimage\",\"url\":\"https:\\\/\\\/lasentinelle.dz\\\/wp-content\\\/uploads\\\/2025\\\/05\\\/Verts-A-1.jpg\",\"contentUrl\":\"https:\\\/\\\/lasentinelle.dz\\\/wp-content\\\/uploads\\\/2025\\\/05\\\/Verts-A-1.jpg\",\"width\":2432,\"height\":2432},{\"@type\":\"BreadcrumbList\",\"@id\":\"https:\\\/\\\/lasentinelle.dz\\\/index.php\\\/2025\\\/05\\\/08\\\/barrages-qualificatifs-pour-le-chan-2025-les-verts-a-90-minutes-du-bonheur\\\/#breadcrumb\",\"itemListElement\":[{\"@type\":\"ListItem\",\"position\":1,\"name\":\"Accueil\",\"item\":\"https:\\\/\\\/lasentinelle.dz\\\/\"},{\"@type\":\"ListItem\",\"position\":2,\"name\":\"Barrages qualificatifs pour le CHAN-2025: Les Verts \u00e0 90 minutes du bonheur\"}]},{\"@type\":\"WebSite\",\"@id\":\"https:\\\/\\\/lasentinelle.dz\\\/#website\",\"url\":\"https:\\\/\\\/lasentinelle.dz\\\/\",\"name\":\"La Sentinelle\",\"description\":\"Quotidien national d&#039;information\",\"publisher\":{\"@id\":\"https:\\\/\\\/lasentinelle.dz\\\/#organization\"},\"potentialAction\":[{\"@type\":\"SearchAction\",\"target\":{\"@type\":\"EntryPoint\",\"urlTemplate\":\"https:\\\/\\\/lasentinelle.dz\\\/?s={search_term_string}\"},\"query-input\":{\"@type\":\"PropertyValueSpecification\",\"valueRequired\":true,\"valueName\":\"search_term_string\"}}],\"inLanguage\":\"fr-FR\"},{\"@type\":\"Organization\",\"@id\":\"https:\\\/\\\/lasentinelle.dz\\\/#organization\",\"name\":\"Quotidien La Sentinelle\",\"url\":\"https:\\\/\\\/lasentinelle.dz\\\/\",\"logo\":{\"@type\":\"ImageObject\",\"inLanguage\":\"fr-FR\",\"@id\":\"https:\\\/\\\/lasentinelle.dz\\\/#\\\/schema\\\/logo\\\/image\\\/\",\"url\":\"https:\\\/\\\/lasentinelle.dz\\\/wp-content\\\/uploads\\\/2021\\\/09\\\/logo-sentinelleSLOGAN-1.png\",\"contentUrl\":\"https:\\\/\\\/lasentinelle.dz\\\/wp-content\\\/uploads\\\/2021\\\/09\\\/logo-sentinelleSLOGAN-1.png\",\"width\":615,\"height\":142,\"caption\":\"Quotidien La Sentinelle\"},\"image\":{\"@id\":\"https:\\\/\\\/lasentinelle.dz\\\/#\\\/schema\\\/logo\\\/image\\\/\"},\"sameAs\":[\"https:\\\/\\\/www.facebook.com\\\/La-Sentinelle-104059864394773\"]},{\"@type\":\"Person\",\"@id\":\"https:\\\/\\\/lasentinelle.dz\\\/#\\\/schema\\\/person\\\/729ee0024f24e0b8c5ec17232f8e8b41\",\"name\":\"admin\",\"image\":{\"@type\":\"ImageObject\",\"inLanguage\":\"fr-FR\",\"@id\":\"https:\\\/\\\/secure.gravatar.com\\\/avatar\\\/4c81fed838786e9b53f540bf46533e750f5d292099ae3b66cfc6fb1982e29df7?s=96&d=mm&r=g\",\"url\":\"https:\\\/\\\/secure.gravatar.com\\\/avatar\\\/4c81fed838786e9b53f540bf46533e750f5d292099ae3b66cfc6fb1982e29df7?s=96&d=mm&r=g\",\"contentUrl\":\"https:\\\/\\\/secure.gravatar.com\\\/avatar\\\/4c81fed838786e9b53f540bf46533e750f5d292099ae3b66cfc6fb1982e29df7?s=96&d=mm&r=g\",\"caption\":\"admin\"},\"description\":\"admin\",\"url\":\"https:\\\/\\\/lasentinelle.dz\\\/author\\\/admin\\\/\"}]}<\/script>\n<!-- \/ Yoast SEO plugin. -->","yoast_head_json":{"title":"Barrages qualificatifs pour le CHAN-2025: Les Verts \u00e0 90 minutes du bonheur - La Sentinelle","robots":{"index":"index","follow":"follow","max-snippet":"max-snippet:-1","max-image-preview":"max-image-preview:large","max-video-preview":"max-video-preview:-1"},"canonical":"https:\/\/lasentinelle.dz\/index.php\/2025\/05\/08\/barrages-qualificatifs-pour-le-chan-2025-les-verts-a-90-minutes-du-bonheur\/","og_locale":"fr_FR","og_type":"article","og_title":"Barrages qualificatifs pour le CHAN-2025: Les Verts \u00e0 90 minutes du bonheur - La Sentinelle","og_description":"\u00c0 quelques heures du match retour des barrages qualificatifs pour le Championnat d&rsquo;Afrique des Nations CHAN-2025, l&rsquo;\u00e9quipe nationale A&rsquo; se","og_url":"https:\/\/lasentinelle.dz\/index.php\/2025\/05\/08\/barrages-qualificatifs-pour-le-chan-2025-les-verts-a-90-minutes-du-bonheur\/","og_site_name":"La Sentinelle","article_publisher":"https:\/\/www.facebook.com\/La-Sentinelle-104059864394773","article_published_time":"2025-05-08T12:00:32+00:00","article_modified_time":"2025-05-10T12:01:09+00:00","og_image":[{"width":2432,"height":2432,"url":"https:\/\/lasentinelle.dz\/wp-content\/uploads\/2025\/05\/Verts-A-1.jpg","type":"image\/jpeg"}],"author":"admin","twitter_card":"summary_large_image","twitter_misc":{"\u00c9crit par":"admin","Dur\u00e9e de lecture estim\u00e9e":"6 minutes"},"schema":{"@context":"https:\/\/schema.org","@graph":[{"@type":"Article","@id":"https:\/\/lasentinelle.dz\/index.php\/2025\/05\/08\/barrages-qualificatifs-pour-le-chan-2025-les-verts-a-90-minutes-du-bonheur\/#article","isPartOf":{"@id":"https:\/\/lasentinelle.dz\/index.php\/2025\/05\/08\/barrages-qualificatifs-pour-le-chan-2025-les-verts-a-90-minutes-du-bonheur\/"},"author":{"name":"admin","@id":"https:\/\/lasentinelle.dz\/#\/schema\/person\/729ee0024f24e0b8c5ec17232f8e8b41"},"headline":"Barrages qualificatifs pour le CHAN-2025: Les Verts \u00e0 90 minutes du bonheur","datePublished":"2025-05-08T12:00:32+00:00","dateModified":"2025-05-10T12:01:09+00:00","mainEntityOfPage":{"@id":"https:\/\/lasentinelle.dz\/index.php\/2025\/05\/08\/barrages-qualificatifs-pour-le-chan-2025-les-verts-a-90-minutes-du-bonheur\/"},"wordCount":1100,"commentCount":0,"publisher":{"@id":"https:\/\/lasentinelle.dz\/#organization"},"image":{"@id":"https:\/\/lasentinelle.dz\/index.php\/2025\/05\/08\/barrages-qualificatifs-pour-le-chan-2025-les-verts-a-90-minutes-du-bonheur\/#primaryimage"},"thumbnailUrl":"https:\/\/lasentinelle.dz\/wp-content\/uploads\/2025\/05\/Verts-A-1.jpg","articleSection":["\u00c0 la Une","Sports"],"inLanguage":"fr-FR","potentialAction":[{"@type":"CommentAction","name":"Comment","target":["https:\/\/lasentinelle.dz\/index.php\/2025\/05\/08\/barrages-qualificatifs-pour-le-chan-2025-les-verts-a-90-minutes-du-bonheur\/#respond"]}]},{"@type":"WebPage","@id":"https:\/\/lasentinelle.dz\/index.php\/2025\/05\/08\/barrages-qualificatifs-pour-le-chan-2025-les-verts-a-90-minutes-du-bonheur\/","url":"https:\/\/lasentinelle.dz\/index.php\/2025\/05\/08\/barrages-qualificatifs-pour-le-chan-2025-les-verts-a-90-minutes-du-bonheur\/","name":"Barrages qualificatifs pour le CHAN-2025: Les Verts \u00e0 90 minutes du bonheur - La Sentinelle","isPartOf":{"@id":"https:\/\/lasentinelle.dz\/#website"},"primaryImageOfPage":{"@id":"https:\/\/lasentinelle.dz\/index.php\/2025\/05\/08\/barrages-qualificatifs-pour-le-chan-2025-les-verts-a-90-minutes-du-bonheur\/#primaryimage"},"image":{"@id":"https:\/\/lasentinelle.dz\/index.php\/2025\/05\/08\/barrages-qualificatifs-pour-le-chan-2025-les-verts-a-90-minutes-du-bonheur\/#primaryimage"},"thumbnailUrl":"https:\/\/lasentinelle.dz\/wp-content\/uploads\/2025\/05\/Verts-A-1.jpg","datePublished":"2025-05-08T12:00:32+00:00","dateModified":"2025-05-10T12:01:09+00:00","breadcrumb":{"@id":"https:\/\/lasentinelle.dz\/index.php\/2025\/05\/08\/barrages-qualificatifs-pour-le-chan-2025-les-verts-a-90-minutes-du-bonheur\/#breadcrumb"},"inLanguage":"fr-FR","potentialAction":[{"@type":"ReadAction","target":["https:\/\/lasentinelle.dz\/index.php\/2025\/05\/08\/barrages-qualificatifs-pour-le-chan-2025-les-verts-a-90-minutes-du-bonheur\/"]}]},{"@type":"ImageObject","inLanguage":"fr-FR","@id":"https:\/\/lasentinelle.dz\/index.php\/2025\/05\/08\/barrages-qualificatifs-pour-le-chan-2025-les-verts-a-90-minutes-du-bonheur\/#primaryimage","url":"https:\/\/lasentinelle.dz\/wp-content\/uploads\/2025\/05\/Verts-A-1.jpg","contentUrl":"https:\/\/lasentinelle.dz\/wp-content\/uploads\/2025\/05\/Verts-A-1.jpg","width":2432,"height":2432},{"@type":"BreadcrumbList","@id":"https:\/\/lasentinelle.dz\/index.php\/2025\/05\/08\/barrages-qualificatifs-pour-le-chan-2025-les-verts-a-90-minutes-du-bonheur\/#breadcrumb","itemListElement":[{"@type":"ListItem","position":1,"name":"Accueil","item":"https:\/\/lasentinelle.dz\/"},{"@type":"ListItem","position":2,"name":"Barrages qualificatifs pour le CHAN-2025: Les Verts \u00e0 90 minutes du bonheur"}]},{"@type":"WebSite","@id":"https:\/\/lasentinelle.dz\/#website","url":"https:\/\/lasentinelle.dz\/","name":"La Sentinelle","description":"Quotidien national d&#039;information","publisher":{"@id":"https:\/\/lasentinelle.dz\/#organization"},"potentialAction":[{"@type":"SearchAction","target":{"@type":"EntryPoint","urlTemplate":"https:\/\/lasentinelle.dz\/?s={search_term_string}"},"query-input":{"@type":"PropertyValueSpecification","valueRequired":true,"valueName":"search_term_string"}}],"inLanguage":"fr-FR"},{"@type":"Organization","@id":"https:\/\/lasentinelle.dz\/#organization","name":"Quotidien La Sentinelle","url":"https:\/\/lasentinelle.dz\/","logo":{"@type":"ImageObject","inLanguage":"fr-FR","@id":"https:\/\/lasentinelle.dz\/#\/schema\/logo\/image\/","url":"https:\/\/lasentinelle.dz\/wp-content\/uploads\/2021\/09\/logo-sentinelleSLOGAN-1.png","contentUrl":"https:\/\/lasentinelle.dz\/wp-content\/uploads\/2021\/09\/logo-sentinelleSLOGAN-1.png","width":615,"height":142,"caption":"Quotidien La Sentinelle"},"image":{"@id":"https:\/\/lasentinelle.dz\/#\/schema\/logo\/image\/"},"sameAs":["https:\/\/www.facebook.com\/La-Sentinelle-104059864394773"]},{"@type":"Person","@id":"https:\/\/lasentinelle.dz\/#\/schema\/person\/729ee0024f24e0b8c5ec17232f8e8b41","name":"admin","image":{"@type":"ImageObject","inLanguage":"fr-FR","@id":"https:\/\/secure.gravatar.com\/avatar\/4c81fed838786e9b53f540bf46533e750f5d292099ae3b66cfc6fb1982e29df7?s=96&d=mm&r=g","url":"https:\/\/secure.gravatar.com\/avatar\/4c81fed838786e9b53f540bf46533e750f5d292099ae3b66cfc6fb1982e29df7?s=96&d=mm&r=g","contentUrl":"https:\/\/secure.gravatar.com\/avatar\/4c81fed838786e9b53f540bf46533e750f5d292099ae3b66cfc6fb1982e29df7?s=96&d=mm&r=g","caption":"admin"},"description":"admin","url":"https:\/\/lasentinelle.dz\/author\/admin\/"}]}},"_links":{"self":[{"href":"https:\/\/lasentinelle.dz\/index.php\/wp-json\/wp\/v2\/posts\/67020","targetHints":{"allow":["GET"]}}],"collection":[{"href":"https:\/\/lasentinelle.dz\/index.php\/wp-json\/wp\/v2\/posts"}],"about":[{"href":"https:\/\/lasentinelle.dz\/index.php\/wp-json\/wp\/v2\/types\/post"}],"author":[{"embeddable":true,"href":"https:\/\/lasentinelle.dz\/index.php\/wp-json\/wp\/v2\/users\/6"}],"replies":[{"embeddable":true,"href":"https:\/\/lasentinelle.dz\/index.php\/wp-json\/wp\/v2\/comments?post=67020"}],"version-history":[{"count":1,"href":"https:\/\/lasentinelle.dz\/index.php\/wp-json\/wp\/v2\/posts\/67020\/revisions"}],"predecessor-version":[{"id":67022,"href":"https:\/\/lasentinelle.dz\/index.php\/wp-json\/wp\/v2\/posts\/67020\/revisions\/67022"}],"wp:featuredmedia":[{"embeddable":true,"href":"https:\/\/lasentinelle.dz\/index.php\/wp-json\/wp\/v2\/media\/67021"}],"wp:attachment":[{"href":"https:\/\/lasentinelle.dz\/index.php\/wp-json\/wp\/v2\/media?parent=67020"}],"wp:term":[{"taxonomy":"category","embeddable":true,"href":"https:\/\/lasentinelle.dz\/index.php\/wp-json\/wp\/v2\/categories?post=67020"},{"taxonomy":"post_tag","embeddable":true,"href":"https:\/\/lasentinelle.dz\/index.php\/wp-json\/wp\/v2\/tags?post=67020"}],"curies":[{"name":"wp","href":"https:\/\/api.w.org\/{rel}","templated":true}]}}