{"id":67041,"date":"2025-05-08T13:08:24","date_gmt":"2025-05-08T12:08:24","guid":{"rendered":"https:\/\/lasentinelle.dz\/?p=67041"},"modified":"2025-05-10T13:08:55","modified_gmt":"2025-05-10T12:08:55","slug":"le-general-darmee-said-chanegriha-met-les-points-sur-le-i-lalgerie-naccepte-aucune-surenchere-sur-sa-lutte-contre-le-terrorisme","status":"publish","type":"post","link":"https:\/\/lasentinelle.dz\/index.php\/2025\/05\/08\/le-general-darmee-said-chanegriha-met-les-points-sur-le-i-lalgerie-naccepte-aucune-surenchere-sur-sa-lutte-contre-le-terrorisme\/","title":{"rendered":"Le G\u00e9n\u00e9ral d&rsquo;Arm\u00e9e Sa\u00efd Chanegriha met les points sur le \u00ab\u00a0I\u00a0\u00bb : \u00ab\u00a0L&rsquo;Alg\u00e9rie n&rsquo;accepte aucune surench\u00e8re sur sa lutte contre le terrorisme\u00a0\u00bb"},"content":{"rendered":"\n<p>Un s\u00e9minaire international \u00e0 Alger examine les mutations g\u00e9opolitiques du terrorisme \u00e0 la lumi\u00e8re de l&rsquo;exp\u00e9rience alg\u00e9rienne.<\/p>\n\n\n\n<p>\u00ab\u00a0L&rsquo;Alg\u00e9rie n&rsquo;accepte aucune surench\u00e8re sur la lutte qu&rsquo;elle a men\u00e9e contre le terrorisme, dans le cadre des lois de la R\u00e9publique, car elle a subi ses affres avant tout le monde, et lui a d\u00e9clar\u00e9 la guerre \u00e0 un moment o\u00f9 le doute, l&rsquo;h\u00e9sitation et la complicit\u00e9 r\u00e9gnaient dans les sph\u00e8res politiques et m\u00e9diatiques et aussi dans les forums r\u00e9gionaux et internationaux\u00a0\u00bb. C&rsquo;est en ces termes sans \u00e9quivoque que le G\u00e9n\u00e9ral d&rsquo;Arm\u00e9e Sa\u00efd Chanegriha, ministre d\u00e9l\u00e9gu\u00e9 aupr\u00e8s du ministre de la D\u00e9fense nationale et Chef d&rsquo;\u00c9tat-major de l&rsquo;Arm\u00e9e nationale populaire (ANP), a ouvert ce mercredi \u00e0 Alger le s\u00e9minaire international intitul\u00e9 \u00ab\u00a0G\u00e9opolitique du terrorisme \u00e0 l&rsquo;ombre des nouvelles mutations mondiales\u00a0\u00bb. Cette rencontre de deux jours, organis\u00e9e au Cercle national de l&rsquo;Arm\u00e9e \u00e0 Beni-Messous les 7 et 8 mai 2025, s&rsquo;inscrit dans la continuit\u00e9 des efforts de l&rsquo;Alg\u00e9rie pour consolider son approche multidimensionnelle de lutte contre le terrorisme, un fl\u00e9au qui continue de frapper de nombreuses r\u00e9gions \u00e0 travers le monde. Le choix de la date n&rsquo;est pas anodin, co\u00efncidant avec la comm\u00e9moration du 80e anniversaire des massacres du 8 mai 1945, rappelant ainsi l&rsquo;engagement historique de l&rsquo;Alg\u00e9rie dans la lutte pour la libert\u00e9 et contre toutes formes d&rsquo;oppression. Dans son allocution d&rsquo;ouverture, le G\u00e9n\u00e9ral d&rsquo;Arm\u00e9e Chanegriha a rappel\u00e9 le lourd tribut pay\u00e9 par l&rsquo;Alg\u00e9rie face \u00e0 la menace terroriste qui a frapp\u00e9 le pays durant la d\u00e9cennie noire. \u00ab\u00a0Il importe de rappeler que l&rsquo;Alg\u00e9rie avait, tr\u00e8s t\u00f4t, pris conscience de la gravit\u00e9 du ph\u00e9nom\u00e8ne du terrorisme barbare et de l&rsquo;extr\u00e9misme obscurantiste, qui a menac\u00e9 les fondements de l&rsquo;\u00c9tat national et son r\u00e9gime r\u00e9publicain. Elle \u00e9tait la plus \u00e0 m\u00eame de comprendre ce fl\u00e9au, \u00e9tranger, tant elle a souffert de ses affres\u00a0\u00bb, a-t-il soulign\u00e9 devant un parterre d&rsquo;experts nationaux et internationaux. Le Chef d&rsquo;\u00c9tat-major de l&rsquo;ANP a mis en exergue le r\u00f4le d\u00e9terminant de la coh\u00e9sion nationale dans la victoire contre le terrorisme : \u00ab\u00a0C&rsquo;est bien gr\u00e2ce \u00e0 la coh\u00e9sion du peuple et le soutien ind\u00e9fectible qu&rsquo;il a t\u00e9moign\u00e9 \u00e0 ses institutions, \u00e0 leur t\u00eate l&rsquo;Arm\u00e9e nationale populaire, qu&rsquo;elle a r\u00e9ussi \u00e0 d\u00e9jouer les vils desseins qui se tramaient contre l&rsquo;\u00c9tat, l&rsquo;unit\u00e9 de la soci\u00e9t\u00e9 et son identit\u00e9 authentique\u00a0\u00bb. Des propos qui r\u00e9pondent aussi aux accusations fantaisistes prof\u00e9r\u00e9s par certains r\u00e9gimes inconstitutionnels du Sahel qui ont largement consomm\u00e9 leur \u00e9chec sur le front de la lutte contre le terrorisme<\/p>\n\n\n\n<p><strong>Un mod\u00e8le alg\u00e9rien de lutte antiterroriste reconnu<\/strong><\/p>\n\n\n\n<p>Cette position ferme du haut commandement militaire intervient dans un contexte international marqu\u00e9 par la persistance de la menace terroriste sous des formes diverses et par des tentatives de r\u00e9vision de l&rsquo;histoire ou de minimisation des efforts consentis par de l&rsquo;Alg\u00e9rie en premi\u00e8re ligne. L&rsquo;Alg\u00e9rie, qui a combattu seule le terrorisme islamiste dans les ann\u00e9es 1990, alors que la communaut\u00e9 internationale tardait \u00e0 reconna\u00eetre la gravit\u00e9 de cette menace, dispose aujourd&rsquo;hui d&rsquo;une expertise reconnue en mati\u00e8re de lutte antiterroriste. \u00ab\u00a0Gr\u00e2ce \u00e0 son peuple, son arm\u00e9e et ses institutions, l&rsquo;Alg\u00e9rie a triomph\u00e9 du terrorisme et a d\u00e9velopp\u00e9 une exp\u00e9rience toute singuli\u00e8re dans la lutte et la pr\u00e9vention contre ce fl\u00e9au, tant sur le plan op\u00e9rationnel que celui de l&rsquo;adoption d&rsquo;une approche inclusive et multidimensionnelle qui, aujourd&rsquo;hui, repr\u00e9sente un mod\u00e8le pour les \u00c9tats et les soci\u00e9t\u00e9s, qui \u0153uvrent \u00e0 se pr\u00e9munir contre cette menace transfrontali\u00e8re et transnationale\u00a0\u00bb, a affirm\u00e9 le G\u00e9n\u00e9ral d&rsquo;Arm\u00e9e Chanegriha. Cette exp\u00e9rience alg\u00e9rienne se caract\u00e9rise notamment par une strat\u00e9gie globale qui ne se limite pas \u00e0 l&rsquo;aspect s\u00e9curitaire mais int\u00e8gre \u00e9galement les dimensions politique, religieuse, sociale et \u00e9conomique. Le s\u00e9minaire international de deux jours r\u00e9unit des professeurs et experts de diff\u00e9rents horizons qui ont centr\u00e9 leurs interventions sur l&rsquo;analyse de la carte g\u00e9opolitique du terrorisme actuel et la d\u00e9finition des contours de la menace terroriste dans le futur. Une attention particuli\u00e8re a \u00e9t\u00e9 accord\u00e9e \u00e0 l&rsquo;examen des fondements, r\u00e8gles et m\u00e9canismes de l&rsquo;approche alg\u00e9rienne pour la lutte et la pr\u00e9vention contre ce fl\u00e9au. Les travaux se poursuivent \u00e0 travers des ateliers th\u00e9matiques visant \u00e0 \u00e9laborer des recommandations concr\u00e8tes pour renforcer la coop\u00e9ration internationale face \u00e0 toutes les formes de terrorisme et d&rsquo;extr\u00e9misme. Cette rencontre de haut niveau intervient alors que la r\u00e9gion sah\u00e9lo-saharienne conna\u00eet une recrudescence des activit\u00e9s terroristes et que de nouvelles menaces \u00e9mergent dans un contexte g\u00e9opolitique en pleine mutation. L&rsquo;instabilit\u00e9 dans certains pays voisins, les conflits r\u00e9gionaux et la mont\u00e9e des extr\u00e9mismes de tous bords constituent autant de d\u00e9fis auxquels l&rsquo;Alg\u00e9rie fait face avec d\u00e9termination, forte de son exp\u00e9rience douloureuse mais victorieuse contre le terrorisme. L&rsquo;organisation de ce s\u00e9minaire refl\u00e8te \u00e9galement la volont\u00e9 de l&rsquo;Alg\u00e9rie de partager son expertise et de contribuer activement aux efforts internationaux de lutte contre le terrorisme, tout en d\u00e9fendant sa vision souveraine sur ces questions. \u00c0 l&rsquo;heure o\u00f9 certaines puissances tentent d&rsquo;instrumentaliser la lutte antiterroriste \u00e0 des fins g\u00e9opolitiques, la position alg\u00e9rienne r\u00e9affirm\u00e9e par le G\u00e9n\u00e9ral d&rsquo;Arm\u00e9e Chanegriha rappelle que l&rsquo;efficacit\u00e9 de cette lutte repose avant tout sur le respect des principes du droit international, la souverainet\u00e9 des \u00c9tats et la prise en compte des sp\u00e9cificit\u00e9s nationales et r\u00e9gionales.<\/p>\n\n\n\n<p>Salim Amokrane<\/p>\n","protected":false},"excerpt":{"rendered":"<p>Un s\u00e9minaire international \u00e0 Alger examine les mutations g\u00e9opolitiques du terrorisme \u00e0 la lumi\u00e8re de l&rsquo;exp\u00e9rience alg\u00e9rienne. \u00ab\u00a0L&rsquo;Alg\u00e9rie n&rsquo;accepte aucune<\/p>\n","protected":false},"author":6,"featured_media":67042,"comment_status":"open","ping_status":"closed","sticky":false,"template":"","format":"standard","meta":{"colormag_page_container_layout":"default_layout","colormag_page_sidebar_layout":"default_layout","om_disable_all_campaigns":false,"_monsterinsights_skip_tracking":false,"_monsterinsights_sitenote_active":false,"_monsterinsights_sitenote_note":"","_monsterinsights_sitenote_category":0,"footnotes":"","_wpscppro_dont_share_socialmedia":false,"_wpscppro_custom_social_share_image":0,"_facebook_share_type":"default","_twitter_share_type":"default","_linkedin_share_type":"default","_pinterest_share_type":"default","_linkedin_share_type_page":"","_instagram_share_type":"default","_medium_share_type":"default","_threads_share_type":"","_google_business_share_type":"","_selected_social_profile":[],"_wpsp_enable_custom_social_template":false,"_wpsp_social_scheduling":{"enabled":false,"datetime":null,"platforms":[],"status":"template_only","dateOption":"today","timeOption":"now","customDays":"","customHours":"","customDate":"","customTime":"","schedulingType":"absolute"},"_wpsp_active_default_template":true},"categories":[52,27],"tags":[],"class_list":["post-67041","post","type-post","status-publish","format-standard","has-post-thumbnail","hentry","category-a-la-une","category-actualite"],"aioseo_notices":[],"yoast_head":"<!-- This site is optimized with the Yoast SEO plugin v27.5 - https:\/\/yoast.com\/product\/yoast-seo-wordpress\/ -->\n<title>Le G\u00e9n\u00e9ral d&rsquo;Arm\u00e9e Sa\u00efd Chanegriha met les points sur le \u00ab\u00a0I\u00a0\u00bb : \u00ab\u00a0L&rsquo;Alg\u00e9rie n&rsquo;accepte aucune surench\u00e8re sur sa lutte contre le terrorisme\u00a0\u00bb - La Sentinelle<\/title>\n<meta name=\"robots\" content=\"index, follow, max-snippet:-1, max-image-preview:large, max-video-preview:-1\" \/>\n<link rel=\"canonical\" href=\"https:\/\/lasentinelle.dz\/index.php\/2025\/05\/08\/le-general-darmee-said-chanegriha-met-les-points-sur-le-i-lalgerie-naccepte-aucune-surenchere-sur-sa-lutte-contre-le-terrorisme\/\" \/>\n<meta property=\"og:locale\" content=\"fr_FR\" \/>\n<meta property=\"og:type\" content=\"article\" \/>\n<meta property=\"og:title\" content=\"Le G\u00e9n\u00e9ral d&rsquo;Arm\u00e9e Sa\u00efd Chanegriha met les points sur le \u00ab\u00a0I\u00a0\u00bb : \u00ab\u00a0L&rsquo;Alg\u00e9rie n&rsquo;accepte aucune surench\u00e8re sur sa lutte contre le terrorisme\u00a0\u00bb - La Sentinelle\" \/>\n<meta property=\"og:description\" content=\"Un s\u00e9minaire international \u00e0 Alger examine les mutations g\u00e9opolitiques du terrorisme \u00e0 la lumi\u00e8re de l&rsquo;exp\u00e9rience alg\u00e9rienne. \u00ab\u00a0L&rsquo;Alg\u00e9rie n&rsquo;accepte aucune\" \/>\n<meta property=\"og:url\" content=\"https:\/\/lasentinelle.dz\/index.php\/2025\/05\/08\/le-general-darmee-said-chanegriha-met-les-points-sur-le-i-lalgerie-naccepte-aucune-surenchere-sur-sa-lutte-contre-le-terrorisme\/\" \/>\n<meta property=\"og:site_name\" content=\"La Sentinelle\" \/>\n<meta property=\"article:publisher\" content=\"https:\/\/www.facebook.com\/La-Sentinelle-104059864394773\" \/>\n<meta property=\"article:published_time\" content=\"2025-05-08T12:08:24+00:00\" \/>\n<meta property=\"article:modified_time\" content=\"2025-05-10T12:08:55+00:00\" \/>\n<meta property=\"og:image\" content=\"https:\/\/lasentinelle.dz\/wp-content\/uploads\/2025\/05\/Chane.jpg\" \/>\n\t<meta property=\"og:image:width\" content=\"1410\" \/>\n\t<meta property=\"og:image:height\" content=\"944\" \/>\n\t<meta property=\"og:image:type\" content=\"image\/jpeg\" \/>\n<meta name=\"author\" content=\"admin\" \/>\n<meta name=\"twitter:card\" content=\"summary_large_image\" \/>\n<meta name=\"twitter:label1\" content=\"\u00c9crit par\" \/>\n\t<meta name=\"twitter:data1\" content=\"admin\" \/>\n\t<meta name=\"twitter:label2\" content=\"Dur\u00e9e de lecture estim\u00e9e\" \/>\n\t<meta name=\"twitter:data2\" content=\"5 minutes\" \/>\n<script type=\"application\/ld+json\" class=\"yoast-schema-graph\">{\"@context\":\"https:\\\/\\\/schema.org\",\"@graph\":[{\"@type\":\"Article\",\"@id\":\"https:\\\/\\\/lasentinelle.dz\\\/index.php\\\/2025\\\/05\\\/08\\\/le-general-darmee-said-chanegriha-met-les-points-sur-le-i-lalgerie-naccepte-aucune-surenchere-sur-sa-lutte-contre-le-terrorisme\\\/#article\",\"isPartOf\":{\"@id\":\"https:\\\/\\\/lasentinelle.dz\\\/index.php\\\/2025\\\/05\\\/08\\\/le-general-darmee-said-chanegriha-met-les-points-sur-le-i-lalgerie-naccepte-aucune-surenchere-sur-sa-lutte-contre-le-terrorisme\\\/\"},\"author\":{\"name\":\"admin\",\"@id\":\"https:\\\/\\\/lasentinelle.dz\\\/#\\\/schema\\\/person\\\/729ee0024f24e0b8c5ec17232f8e8b41\"},\"headline\":\"Le G\u00e9n\u00e9ral d&rsquo;Arm\u00e9e Sa\u00efd Chanegriha met les points sur le \u00ab\u00a0I\u00a0\u00bb : \u00ab\u00a0L&rsquo;Alg\u00e9rie n&rsquo;accepte aucune surench\u00e8re sur sa lutte contre le terrorisme\u00a0\u00bb\",\"datePublished\":\"2025-05-08T12:08:24+00:00\",\"dateModified\":\"2025-05-10T12:08:55+00:00\",\"mainEntityOfPage\":{\"@id\":\"https:\\\/\\\/lasentinelle.dz\\\/index.php\\\/2025\\\/05\\\/08\\\/le-general-darmee-said-chanegriha-met-les-points-sur-le-i-lalgerie-naccepte-aucune-surenchere-sur-sa-lutte-contre-le-terrorisme\\\/\"},\"wordCount\":1040,\"commentCount\":0,\"publisher\":{\"@id\":\"https:\\\/\\\/lasentinelle.dz\\\/#organization\"},\"image\":{\"@id\":\"https:\\\/\\\/lasentinelle.dz\\\/index.php\\\/2025\\\/05\\\/08\\\/le-general-darmee-said-chanegriha-met-les-points-sur-le-i-lalgerie-naccepte-aucune-surenchere-sur-sa-lutte-contre-le-terrorisme\\\/#primaryimage\"},\"thumbnailUrl\":\"https:\\\/\\\/lasentinelle.dz\\\/wp-content\\\/uploads\\\/2025\\\/05\\\/Chane.jpg\",\"articleSection\":[\"\u00c0 la Une\",\"Actualit\u00e9\"],\"inLanguage\":\"fr-FR\",\"potentialAction\":[{\"@type\":\"CommentAction\",\"name\":\"Comment\",\"target\":[\"https:\\\/\\\/lasentinelle.dz\\\/index.php\\\/2025\\\/05\\\/08\\\/le-general-darmee-said-chanegriha-met-les-points-sur-le-i-lalgerie-naccepte-aucune-surenchere-sur-sa-lutte-contre-le-terrorisme\\\/#respond\"]}]},{\"@type\":\"WebPage\",\"@id\":\"https:\\\/\\\/lasentinelle.dz\\\/index.php\\\/2025\\\/05\\\/08\\\/le-general-darmee-said-chanegriha-met-les-points-sur-le-i-lalgerie-naccepte-aucune-surenchere-sur-sa-lutte-contre-le-terrorisme\\\/\",\"url\":\"https:\\\/\\\/lasentinelle.dz\\\/index.php\\\/2025\\\/05\\\/08\\\/le-general-darmee-said-chanegriha-met-les-points-sur-le-i-lalgerie-naccepte-aucune-surenchere-sur-sa-lutte-contre-le-terrorisme\\\/\",\"name\":\"Le G\u00e9n\u00e9ral d&rsquo;Arm\u00e9e Sa\u00efd Chanegriha met les points sur le \u00ab\u00a0I\u00a0\u00bb : \u00ab\u00a0L&rsquo;Alg\u00e9rie n&rsquo;accepte aucune surench\u00e8re sur sa lutte contre le terrorisme\u00a0\u00bb - La Sentinelle\",\"isPartOf\":{\"@id\":\"https:\\\/\\\/lasentinelle.dz\\\/#website\"},\"primaryImageOfPage\":{\"@id\":\"https:\\\/\\\/lasentinelle.dz\\\/index.php\\\/2025\\\/05\\\/08\\\/le-general-darmee-said-chanegriha-met-les-points-sur-le-i-lalgerie-naccepte-aucune-surenchere-sur-sa-lutte-contre-le-terrorisme\\\/#primaryimage\"},\"image\":{\"@id\":\"https:\\\/\\\/lasentinelle.dz\\\/index.php\\\/2025\\\/05\\\/08\\\/le-general-darmee-said-chanegriha-met-les-points-sur-le-i-lalgerie-naccepte-aucune-surenchere-sur-sa-lutte-contre-le-terrorisme\\\/#primaryimage\"},\"thumbnailUrl\":\"https:\\\/\\\/lasentinelle.dz\\\/wp-content\\\/uploads\\\/2025\\\/05\\\/Chane.jpg\",\"datePublished\":\"2025-05-08T12:08:24+00:00\",\"dateModified\":\"2025-05-10T12:08:55+00:00\",\"breadcrumb\":{\"@id\":\"https:\\\/\\\/lasentinelle.dz\\\/index.php\\\/2025\\\/05\\\/08\\\/le-general-darmee-said-chanegriha-met-les-points-sur-le-i-lalgerie-naccepte-aucune-surenchere-sur-sa-lutte-contre-le-terrorisme\\\/#breadcrumb\"},\"inLanguage\":\"fr-FR\",\"potentialAction\":[{\"@type\":\"ReadAction\",\"target\":[\"https:\\\/\\\/lasentinelle.dz\\\/index.php\\\/2025\\\/05\\\/08\\\/le-general-darmee-said-chanegriha-met-les-points-sur-le-i-lalgerie-naccepte-aucune-surenchere-sur-sa-lutte-contre-le-terrorisme\\\/\"]}]},{\"@type\":\"ImageObject\",\"inLanguage\":\"fr-FR\",\"@id\":\"https:\\\/\\\/lasentinelle.dz\\\/index.php\\\/2025\\\/05\\\/08\\\/le-general-darmee-said-chanegriha-met-les-points-sur-le-i-lalgerie-naccepte-aucune-surenchere-sur-sa-lutte-contre-le-terrorisme\\\/#primaryimage\",\"url\":\"https:\\\/\\\/lasentinelle.dz\\\/wp-content\\\/uploads\\\/2025\\\/05\\\/Chane.jpg\",\"contentUrl\":\"https:\\\/\\\/lasentinelle.dz\\\/wp-content\\\/uploads\\\/2025\\\/05\\\/Chane.jpg\",\"width\":1410,\"height\":944},{\"@type\":\"BreadcrumbList\",\"@id\":\"https:\\\/\\\/lasentinelle.dz\\\/index.php\\\/2025\\\/05\\\/08\\\/le-general-darmee-said-chanegriha-met-les-points-sur-le-i-lalgerie-naccepte-aucune-surenchere-sur-sa-lutte-contre-le-terrorisme\\\/#breadcrumb\",\"itemListElement\":[{\"@type\":\"ListItem\",\"position\":1,\"name\":\"Accueil\",\"item\":\"https:\\\/\\\/lasentinelle.dz\\\/\"},{\"@type\":\"ListItem\",\"position\":2,\"name\":\"Le G\u00e9n\u00e9ral d&rsquo;Arm\u00e9e Sa\u00efd Chanegriha met les points sur le \u00ab\u00a0I\u00a0\u00bb : \u00ab\u00a0L&rsquo;Alg\u00e9rie n&rsquo;accepte aucune surench\u00e8re sur sa lutte contre le terrorisme\u00a0\u00bb\"}]},{\"@type\":\"WebSite\",\"@id\":\"https:\\\/\\\/lasentinelle.dz\\\/#website\",\"url\":\"https:\\\/\\\/lasentinelle.dz\\\/\",\"name\":\"La Sentinelle\",\"description\":\"Quotidien national d&#039;information\",\"publisher\":{\"@id\":\"https:\\\/\\\/lasentinelle.dz\\\/#organization\"},\"potentialAction\":[{\"@type\":\"SearchAction\",\"target\":{\"@type\":\"EntryPoint\",\"urlTemplate\":\"https:\\\/\\\/lasentinelle.dz\\\/?s={search_term_string}\"},\"query-input\":{\"@type\":\"PropertyValueSpecification\",\"valueRequired\":true,\"valueName\":\"search_term_string\"}}],\"inLanguage\":\"fr-FR\"},{\"@type\":\"Organization\",\"@id\":\"https:\\\/\\\/lasentinelle.dz\\\/#organization\",\"name\":\"Quotidien La Sentinelle\",\"url\":\"https:\\\/\\\/lasentinelle.dz\\\/\",\"logo\":{\"@type\":\"ImageObject\",\"inLanguage\":\"fr-FR\",\"@id\":\"https:\\\/\\\/lasentinelle.dz\\\/#\\\/schema\\\/logo\\\/image\\\/\",\"url\":\"https:\\\/\\\/lasentinelle.dz\\\/wp-content\\\/uploads\\\/2021\\\/09\\\/logo-sentinelleSLOGAN-1.png\",\"contentUrl\":\"https:\\\/\\\/lasentinelle.dz\\\/wp-content\\\/uploads\\\/2021\\\/09\\\/logo-sentinelleSLOGAN-1.png\",\"width\":615,\"height\":142,\"caption\":\"Quotidien La Sentinelle\"},\"image\":{\"@id\":\"https:\\\/\\\/lasentinelle.dz\\\/#\\\/schema\\\/logo\\\/image\\\/\"},\"sameAs\":[\"https:\\\/\\\/www.facebook.com\\\/La-Sentinelle-104059864394773\"]},{\"@type\":\"Person\",\"@id\":\"https:\\\/\\\/lasentinelle.dz\\\/#\\\/schema\\\/person\\\/729ee0024f24e0b8c5ec17232f8e8b41\",\"name\":\"admin\",\"image\":{\"@type\":\"ImageObject\",\"inLanguage\":\"fr-FR\",\"@id\":\"https:\\\/\\\/secure.gravatar.com\\\/avatar\\\/4c81fed838786e9b53f540bf46533e750f5d292099ae3b66cfc6fb1982e29df7?s=96&d=mm&r=g\",\"url\":\"https:\\\/\\\/secure.gravatar.com\\\/avatar\\\/4c81fed838786e9b53f540bf46533e750f5d292099ae3b66cfc6fb1982e29df7?s=96&d=mm&r=g\",\"contentUrl\":\"https:\\\/\\\/secure.gravatar.com\\\/avatar\\\/4c81fed838786e9b53f540bf46533e750f5d292099ae3b66cfc6fb1982e29df7?s=96&d=mm&r=g\",\"caption\":\"admin\"},\"description\":\"admin\",\"url\":\"https:\\\/\\\/lasentinelle.dz\\\/author\\\/admin\\\/\"}]}<\/script>\n<!-- \/ Yoast SEO plugin. -->","yoast_head_json":{"title":"Le G\u00e9n\u00e9ral d&rsquo;Arm\u00e9e Sa\u00efd Chanegriha met les points sur le \u00ab\u00a0I\u00a0\u00bb : \u00ab\u00a0L&rsquo;Alg\u00e9rie n&rsquo;accepte aucune surench\u00e8re sur sa lutte contre le terrorisme\u00a0\u00bb - La Sentinelle","robots":{"index":"index","follow":"follow","max-snippet":"max-snippet:-1","max-image-preview":"max-image-preview:large","max-video-preview":"max-video-preview:-1"},"canonical":"https:\/\/lasentinelle.dz\/index.php\/2025\/05\/08\/le-general-darmee-said-chanegriha-met-les-points-sur-le-i-lalgerie-naccepte-aucune-surenchere-sur-sa-lutte-contre-le-terrorisme\/","og_locale":"fr_FR","og_type":"article","og_title":"Le G\u00e9n\u00e9ral d&rsquo;Arm\u00e9e Sa\u00efd Chanegriha met les points sur le \u00ab\u00a0I\u00a0\u00bb : \u00ab\u00a0L&rsquo;Alg\u00e9rie n&rsquo;accepte aucune surench\u00e8re sur sa lutte contre le terrorisme\u00a0\u00bb - La Sentinelle","og_description":"Un s\u00e9minaire international \u00e0 Alger examine les mutations g\u00e9opolitiques du terrorisme \u00e0 la lumi\u00e8re de l&rsquo;exp\u00e9rience alg\u00e9rienne. \u00ab\u00a0L&rsquo;Alg\u00e9rie n&rsquo;accepte aucune","og_url":"https:\/\/lasentinelle.dz\/index.php\/2025\/05\/08\/le-general-darmee-said-chanegriha-met-les-points-sur-le-i-lalgerie-naccepte-aucune-surenchere-sur-sa-lutte-contre-le-terrorisme\/","og_site_name":"La Sentinelle","article_publisher":"https:\/\/www.facebook.com\/La-Sentinelle-104059864394773","article_published_time":"2025-05-08T12:08:24+00:00","article_modified_time":"2025-05-10T12:08:55+00:00","og_image":[{"width":1410,"height":944,"url":"https:\/\/lasentinelle.dz\/wp-content\/uploads\/2025\/05\/Chane.jpg","type":"image\/jpeg"}],"author":"admin","twitter_card":"summary_large_image","twitter_misc":{"\u00c9crit par":"admin","Dur\u00e9e de lecture estim\u00e9e":"5 minutes"},"schema":{"@context":"https:\/\/schema.org","@graph":[{"@type":"Article","@id":"https:\/\/lasentinelle.dz\/index.php\/2025\/05\/08\/le-general-darmee-said-chanegriha-met-les-points-sur-le-i-lalgerie-naccepte-aucune-surenchere-sur-sa-lutte-contre-le-terrorisme\/#article","isPartOf":{"@id":"https:\/\/lasentinelle.dz\/index.php\/2025\/05\/08\/le-general-darmee-said-chanegriha-met-les-points-sur-le-i-lalgerie-naccepte-aucune-surenchere-sur-sa-lutte-contre-le-terrorisme\/"},"author":{"name":"admin","@id":"https:\/\/lasentinelle.dz\/#\/schema\/person\/729ee0024f24e0b8c5ec17232f8e8b41"},"headline":"Le G\u00e9n\u00e9ral d&rsquo;Arm\u00e9e Sa\u00efd Chanegriha met les points sur le \u00ab\u00a0I\u00a0\u00bb : \u00ab\u00a0L&rsquo;Alg\u00e9rie n&rsquo;accepte aucune surench\u00e8re sur sa lutte contre le terrorisme\u00a0\u00bb","datePublished":"2025-05-08T12:08:24+00:00","dateModified":"2025-05-10T12:08:55+00:00","mainEntityOfPage":{"@id":"https:\/\/lasentinelle.dz\/index.php\/2025\/05\/08\/le-general-darmee-said-chanegriha-met-les-points-sur-le-i-lalgerie-naccepte-aucune-surenchere-sur-sa-lutte-contre-le-terrorisme\/"},"wordCount":1040,"commentCount":0,"publisher":{"@id":"https:\/\/lasentinelle.dz\/#organization"},"image":{"@id":"https:\/\/lasentinelle.dz\/index.php\/2025\/05\/08\/le-general-darmee-said-chanegriha-met-les-points-sur-le-i-lalgerie-naccepte-aucune-surenchere-sur-sa-lutte-contre-le-terrorisme\/#primaryimage"},"thumbnailUrl":"https:\/\/lasentinelle.dz\/wp-content\/uploads\/2025\/05\/Chane.jpg","articleSection":["\u00c0 la Une","Actualit\u00e9"],"inLanguage":"fr-FR","potentialAction":[{"@type":"CommentAction","name":"Comment","target":["https:\/\/lasentinelle.dz\/index.php\/2025\/05\/08\/le-general-darmee-said-chanegriha-met-les-points-sur-le-i-lalgerie-naccepte-aucune-surenchere-sur-sa-lutte-contre-le-terrorisme\/#respond"]}]},{"@type":"WebPage","@id":"https:\/\/lasentinelle.dz\/index.php\/2025\/05\/08\/le-general-darmee-said-chanegriha-met-les-points-sur-le-i-lalgerie-naccepte-aucune-surenchere-sur-sa-lutte-contre-le-terrorisme\/","url":"https:\/\/lasentinelle.dz\/index.php\/2025\/05\/08\/le-general-darmee-said-chanegriha-met-les-points-sur-le-i-lalgerie-naccepte-aucune-surenchere-sur-sa-lutte-contre-le-terrorisme\/","name":"Le G\u00e9n\u00e9ral d&rsquo;Arm\u00e9e Sa\u00efd Chanegriha met les points sur le \u00ab\u00a0I\u00a0\u00bb : \u00ab\u00a0L&rsquo;Alg\u00e9rie n&rsquo;accepte aucune surench\u00e8re sur sa lutte contre le terrorisme\u00a0\u00bb - La Sentinelle","isPartOf":{"@id":"https:\/\/lasentinelle.dz\/#website"},"primaryImageOfPage":{"@id":"https:\/\/lasentinelle.dz\/index.php\/2025\/05\/08\/le-general-darmee-said-chanegriha-met-les-points-sur-le-i-lalgerie-naccepte-aucune-surenchere-sur-sa-lutte-contre-le-terrorisme\/#primaryimage"},"image":{"@id":"https:\/\/lasentinelle.dz\/index.php\/2025\/05\/08\/le-general-darmee-said-chanegriha-met-les-points-sur-le-i-lalgerie-naccepte-aucune-surenchere-sur-sa-lutte-contre-le-terrorisme\/#primaryimage"},"thumbnailUrl":"https:\/\/lasentinelle.dz\/wp-content\/uploads\/2025\/05\/Chane.jpg","datePublished":"2025-05-08T12:08:24+00:00","dateModified":"2025-05-10T12:08:55+00:00","breadcrumb":{"@id":"https:\/\/lasentinelle.dz\/index.php\/2025\/05\/08\/le-general-darmee-said-chanegriha-met-les-points-sur-le-i-lalgerie-naccepte-aucune-surenchere-sur-sa-lutte-contre-le-terrorisme\/#breadcrumb"},"inLanguage":"fr-FR","potentialAction":[{"@type":"ReadAction","target":["https:\/\/lasentinelle.dz\/index.php\/2025\/05\/08\/le-general-darmee-said-chanegriha-met-les-points-sur-le-i-lalgerie-naccepte-aucune-surenchere-sur-sa-lutte-contre-le-terrorisme\/"]}]},{"@type":"ImageObject","inLanguage":"fr-FR","@id":"https:\/\/lasentinelle.dz\/index.php\/2025\/05\/08\/le-general-darmee-said-chanegriha-met-les-points-sur-le-i-lalgerie-naccepte-aucune-surenchere-sur-sa-lutte-contre-le-terrorisme\/#primaryimage","url":"https:\/\/lasentinelle.dz\/wp-content\/uploads\/2025\/05\/Chane.jpg","contentUrl":"https:\/\/lasentinelle.dz\/wp-content\/uploads\/2025\/05\/Chane.jpg","width":1410,"height":944},{"@type":"BreadcrumbList","@id":"https:\/\/lasentinelle.dz\/index.php\/2025\/05\/08\/le-general-darmee-said-chanegriha-met-les-points-sur-le-i-lalgerie-naccepte-aucune-surenchere-sur-sa-lutte-contre-le-terrorisme\/#breadcrumb","itemListElement":[{"@type":"ListItem","position":1,"name":"Accueil","item":"https:\/\/lasentinelle.dz\/"},{"@type":"ListItem","position":2,"name":"Le G\u00e9n\u00e9ral d&rsquo;Arm\u00e9e Sa\u00efd Chanegriha met les points sur le \u00ab\u00a0I\u00a0\u00bb : \u00ab\u00a0L&rsquo;Alg\u00e9rie n&rsquo;accepte aucune surench\u00e8re sur sa lutte contre le terrorisme\u00a0\u00bb"}]},{"@type":"WebSite","@id":"https:\/\/lasentinelle.dz\/#website","url":"https:\/\/lasentinelle.dz\/","name":"La Sentinelle","description":"Quotidien national d&#039;information","publisher":{"@id":"https:\/\/lasentinelle.dz\/#organization"},"potentialAction":[{"@type":"SearchAction","target":{"@type":"EntryPoint","urlTemplate":"https:\/\/lasentinelle.dz\/?s={search_term_string}"},"query-input":{"@type":"PropertyValueSpecification","valueRequired":true,"valueName":"search_term_string"}}],"inLanguage":"fr-FR"},{"@type":"Organization","@id":"https:\/\/lasentinelle.dz\/#organization","name":"Quotidien La Sentinelle","url":"https:\/\/lasentinelle.dz\/","logo":{"@type":"ImageObject","inLanguage":"fr-FR","@id":"https:\/\/lasentinelle.dz\/#\/schema\/logo\/image\/","url":"https:\/\/lasentinelle.dz\/wp-content\/uploads\/2021\/09\/logo-sentinelleSLOGAN-1.png","contentUrl":"https:\/\/lasentinelle.dz\/wp-content\/uploads\/2021\/09\/logo-sentinelleSLOGAN-1.png","width":615,"height":142,"caption":"Quotidien La Sentinelle"},"image":{"@id":"https:\/\/lasentinelle.dz\/#\/schema\/logo\/image\/"},"sameAs":["https:\/\/www.facebook.com\/La-Sentinelle-104059864394773"]},{"@type":"Person","@id":"https:\/\/lasentinelle.dz\/#\/schema\/person\/729ee0024f24e0b8c5ec17232f8e8b41","name":"admin","image":{"@type":"ImageObject","inLanguage":"fr-FR","@id":"https:\/\/secure.gravatar.com\/avatar\/4c81fed838786e9b53f540bf46533e750f5d292099ae3b66cfc6fb1982e29df7?s=96&d=mm&r=g","url":"https:\/\/secure.gravatar.com\/avatar\/4c81fed838786e9b53f540bf46533e750f5d292099ae3b66cfc6fb1982e29df7?s=96&d=mm&r=g","contentUrl":"https:\/\/secure.gravatar.com\/avatar\/4c81fed838786e9b53f540bf46533e750f5d292099ae3b66cfc6fb1982e29df7?s=96&d=mm&r=g","caption":"admin"},"description":"admin","url":"https:\/\/lasentinelle.dz\/author\/admin\/"}]}},"_links":{"self":[{"href":"https:\/\/lasentinelle.dz\/index.php\/wp-json\/wp\/v2\/posts\/67041","targetHints":{"allow":["GET"]}}],"collection":[{"href":"https:\/\/lasentinelle.dz\/index.php\/wp-json\/wp\/v2\/posts"}],"about":[{"href":"https:\/\/lasentinelle.dz\/index.php\/wp-json\/wp\/v2\/types\/post"}],"author":[{"embeddable":true,"href":"https:\/\/lasentinelle.dz\/index.php\/wp-json\/wp\/v2\/users\/6"}],"replies":[{"embeddable":true,"href":"https:\/\/lasentinelle.dz\/index.php\/wp-json\/wp\/v2\/comments?post=67041"}],"version-history":[{"count":2,"href":"https:\/\/lasentinelle.dz\/index.php\/wp-json\/wp\/v2\/posts\/67041\/revisions"}],"predecessor-version":[{"id":67044,"href":"https:\/\/lasentinelle.dz\/index.php\/wp-json\/wp\/v2\/posts\/67041\/revisions\/67044"}],"wp:featuredmedia":[{"embeddable":true,"href":"https:\/\/lasentinelle.dz\/index.php\/wp-json\/wp\/v2\/media\/67042"}],"wp:attachment":[{"href":"https:\/\/lasentinelle.dz\/index.php\/wp-json\/wp\/v2\/media?parent=67041"}],"wp:term":[{"taxonomy":"category","embeddable":true,"href":"https:\/\/lasentinelle.dz\/index.php\/wp-json\/wp\/v2\/categories?post=67041"},{"taxonomy":"post_tag","embeddable":true,"href":"https:\/\/lasentinelle.dz\/index.php\/wp-json\/wp\/v2\/tags?post=67041"}],"curies":[{"name":"wp","href":"https:\/\/api.w.org\/{rel}","templated":true}]}}