{"id":6718,"date":"2021-09-06T00:01:00","date_gmt":"2021-09-05T23:01:00","guid":{"rendered":"https:\/\/lasentinelle.dz\/?p=6718"},"modified":"2021-09-05T18:53:18","modified_gmt":"2021-09-05T17:53:18","slug":"elections-locales-lanie-sengage-a-garantir-la-transparence-du-processus","status":"publish","type":"post","link":"https:\/\/lasentinelle.dz\/index.php\/2021\/09\/06\/elections-locales-lanie-sengage-a-garantir-la-transparence-du-processus\/","title":{"rendered":"\u00c9lections locales : L\u2019ANIE s\u2019engage \u00e0 garantir la transparence du processus"},"content":{"rendered":"\n<p>La r\u00e9vision exceptionnelle des listes \u00e9lectorales, en vue des prochaines \u00e9lections locales du 27novembre prochain, a d\u00e9but\u00e9 hier et s\u2019\u00e9talera jusqu\u2019au 15 de ce mois en cours. Une op\u00e9ration dont le coup d\u2019envoi a \u00e9t\u00e9 donn\u00e9 hier par le pr\u00e9sident de l\u2019Autorit\u00e9 nationale ind\u00e9pendante des \u00e9lections (ANIE), Mohamed Charfi\u00e0 partir de la commune de Mohamadia, \u00e0 Alger. L\u2019occasion pour le pr\u00e9sident de l\u2019ANIE de r\u00e9it\u00e9rer l\u2019appel aux citoyens de s\u2019inscrire sur les listes \u00e9lectorales. Mohamed Charfi, a \u00e9galement affirm\u00e9 que \u00ab toutes les conditions \u00bb de r\u00e9ussite des \u00e9lections locales \u00ab sont r\u00e9unies \u00bb, en relevant que cette r\u00e9ussite \u00e9tait \u00ab \u00e9troitement li\u00e9e au degr\u00e9 de l&rsquo;\u00e9veil d\u00e9mocratique chez le citoyen \u00bb.<\/p>\n\n\n\n<p>\u00ab En tant qu&rsquo;Autorit\u00e9 nationale ind\u00e9pendante des \u00e9lections, nous \u0153uvrons \u00e0 garantir toutes les conditions pour faire des prochaines \u00e9lections locales une r\u00e9ussite et obtenir un taux important de participation, mais cette r\u00e9ussite est \u00e9troitement li\u00e9e au degr\u00e9 de l&rsquo;\u00e9veil d\u00e9mocratique chez le citoyen \u00bb, a indiqu\u00e9 le pr\u00e9sident de l\u2019ANIE. Et d\u2019ajouter que cette derni\u00e8re \u00ab s&rsquo;att\u00e8le \u00e0 assurer la cr\u00e9dibilit\u00e9, l&rsquo;int\u00e9grit\u00e9 et la transparence des prochaines \u00e9lections ainsi que l&rsquo;\u00e9galit\u00e9 entre tous les acteurs concern\u00e9s, candidats comme \u00e9lecteurs \u00bb, avant de souligner que l&rsquo;autorit\u00e9 \u00ab lutte aussi contre toute tentative de fraude ou de corruption dans l&rsquo;op\u00e9ration \u00e9lectorale \u00bb.<\/p>\n\n\n\n<p>Il \u00e9galement \u00e9voqu\u00e9 le dernier amendement du code des communes estimant que celui-ci permettra de \u00ab&nbsp;r\u00e9gler la probl\u00e9matique li\u00e9e \u00e0 l\u2019\u00e9lection des membres des assembl\u00e9es communales en particulier celui du pr\u00e9sident de cette institution \u00e9lue (le P\/APC)&nbsp;\u00bb.<\/p>\n\n\n\n<p>Pour rappel, l\u2019ANIE avait appel\u00e9 mercredi pass\u00e9, les citoyens non inscrits sur les listes \u00e9lectorales, notamment ceux \u00e2g\u00e9s de 18ans au jour de scrutin \u00e0 s\u2019inscrire au niveau de la commission communale charg\u00e9e de la r\u00e9vision des listes \u00e9lectorales dans la commune de leur r\u00e9sidence.<\/p>\n\n\n\n<p>L\u2019ANIE avait \u00e9galement tenu \u00e0 expliquer que les citoyens ayant chang\u00e9 de lieu de r\u00e9sidence doivent se rapprocher de la commission communale de la nouvelle r\u00e9sidence pour leur r\u00e9inscription, pr\u00e9cisant que \u00ab la demande d\u2019inscription doit \u00eatre accompagn\u00e9e d\u2019un document prouvant l\u2019identit\u00e9 de la personne concern\u00e9e et un autre document attestant de sa r\u00e9sidence \u00ab.<\/p>\n\n\n\n<p>Concernant les citoyens r\u00e9sidant \u00e0 l\u2019\u00e9tranger et immatricul\u00e9s aupr\u00e8s des repr\u00e9sentations diplomatiques et consulaires Alg\u00e9riennes, ils peuvent demander leur inscription sur la liste \u00e9lectorale pour l\u2019une des communes suivantes : la commune de naissance de l\u2019int\u00e9ress\u00e9, la commune de naissance de l\u2019un des descendants de l\u2019int\u00e9ress\u00e9, la commune du dernier domicile de l\u2019int\u00e9ress\u00e9 et ce conform\u00e9ment aux dispositions de l\u2019article 57 de l\u2019Ordonnance 24-01 du 10mars 2021 portant loi organique relative au r\u00e9gime \u00e9lectoral.Rappelons que le corps \u00e9lectoral global lors des \u00e9lections l\u00e9gislatives du 12juin pass\u00e9 \u00e9tait estim\u00e9 \u00e0 23.522.322 \u00e9lecteurs \u00e0 l\u2019int\u00e9rieur du pays et de 900.865 \u00e9lecteurs \u00e0 l\u2019ext\u00e9rieur du pays.<\/p>\n\n\n\n<p>Boubekeur Amrani<\/p>\n","protected":false},"excerpt":{"rendered":"<p>La r\u00e9vision exceptionnelle des listes \u00e9lectorales, en vue des prochaines \u00e9lections locales du 27novembre prochain, a d\u00e9but\u00e9 hier et s\u2019\u00e9talera<\/p>\n","protected":false},"author":3,"featured_media":6720,"comment_status":"open","ping_status":"closed","sticky":false,"template":"","format":"standard","meta":{"colormag_page_container_layout":"default_layout","colormag_page_sidebar_layout":"default_layout","om_disable_all_campaigns":false,"_monsterinsights_skip_tracking":false,"_monsterinsights_sitenote_active":false,"_monsterinsights_sitenote_note":"","_monsterinsights_sitenote_category":0,"footnotes":"","_wpscppro_dont_share_socialmedia":false,"_wpscppro_custom_social_share_image":0,"_facebook_share_type":"","_twitter_share_type":"","_linkedin_share_type":"","_pinterest_share_type":"","_linkedin_share_type_page":"","_instagram_share_type":"","_medium_share_type":"","_threads_share_type":"","_google_business_share_type":"","_selected_social_profile":[],"_wpsp_enable_custom_social_template":false,"_wpsp_social_scheduling":{"enabled":false,"datetime":null,"platforms":[],"status":"template_only","dateOption":"today","timeOption":"now","customDays":"","customHours":"","customDate":"","customTime":"","schedulingType":"absolute"},"_wpsp_active_default_template":true},"categories":[27],"tags":[],"class_list":["post-6718","post","type-post","status-publish","format-standard","has-post-thumbnail","hentry","category-actualite"],"aioseo_notices":[],"yoast_head":"<!-- This site is optimized with the Yoast SEO plugin v27.5 - https:\/\/yoast.com\/product\/yoast-seo-wordpress\/ -->\n<title>\u00c9lections locales : L\u2019ANIE s\u2019engage \u00e0 garantir la transparence du processus - La Sentinelle<\/title>\n<meta name=\"robots\" content=\"index, follow, max-snippet:-1, max-image-preview:large, max-video-preview:-1\" \/>\n<link rel=\"canonical\" href=\"https:\/\/lasentinelle.dz\/index.php\/2021\/09\/06\/elections-locales-lanie-sengage-a-garantir-la-transparence-du-processus\/\" \/>\n<meta property=\"og:locale\" content=\"fr_FR\" \/>\n<meta property=\"og:type\" content=\"article\" \/>\n<meta property=\"og:title\" content=\"\u00c9lections locales : L\u2019ANIE s\u2019engage \u00e0 garantir la transparence du processus - La Sentinelle\" \/>\n<meta property=\"og:description\" content=\"La r\u00e9vision exceptionnelle des listes \u00e9lectorales, en vue des prochaines \u00e9lections locales du 27novembre prochain, a d\u00e9but\u00e9 hier et s\u2019\u00e9talera\" \/>\n<meta property=\"og:url\" content=\"https:\/\/lasentinelle.dz\/index.php\/2021\/09\/06\/elections-locales-lanie-sengage-a-garantir-la-transparence-du-processus\/\" \/>\n<meta property=\"og:site_name\" content=\"La Sentinelle\" \/>\n<meta property=\"article:publisher\" content=\"https:\/\/www.facebook.com\/La-Sentinelle-104059864394773\" \/>\n<meta property=\"article:published_time\" content=\"2021-09-05T23:01:00+00:00\" \/>\n<meta property=\"og:image\" content=\"https:\/\/lasentinelle.dz\/wp-content\/uploads\/2021\/09\/image_2021-09-05_185312.png\" \/>\n\t<meta property=\"og:image:width\" content=\"745\" \/>\n\t<meta property=\"og:image:height\" content=\"470\" \/>\n\t<meta property=\"og:image:type\" content=\"image\/png\" \/>\n<meta name=\"author\" content=\"La Sentinelle\" \/>\n<meta name=\"twitter:card\" content=\"summary_large_image\" \/>\n<meta name=\"twitter:label1\" content=\"\u00c9crit par\" \/>\n\t<meta name=\"twitter:data1\" content=\"La Sentinelle\" \/>\n\t<meta name=\"twitter:label2\" content=\"Dur\u00e9e de lecture estim\u00e9e\" \/>\n\t<meta name=\"twitter:data2\" content=\"2 minutes\" \/>\n<script type=\"application\/ld+json\" class=\"yoast-schema-graph\">{\"@context\":\"https:\\\/\\\/schema.org\",\"@graph\":[{\"@type\":\"Article\",\"@id\":\"https:\\\/\\\/lasentinelle.dz\\\/index.php\\\/2021\\\/09\\\/06\\\/elections-locales-lanie-sengage-a-garantir-la-transparence-du-processus\\\/#article\",\"isPartOf\":{\"@id\":\"https:\\\/\\\/lasentinelle.dz\\\/index.php\\\/2021\\\/09\\\/06\\\/elections-locales-lanie-sengage-a-garantir-la-transparence-du-processus\\\/\"},\"author\":{\"name\":\"La Sentinelle\",\"@id\":\"https:\\\/\\\/lasentinelle.dz\\\/#\\\/schema\\\/person\\\/d865044e22e70a75174ce8bcad3acfb3\"},\"headline\":\"\u00c9lections locales : L\u2019ANIE s\u2019engage \u00e0 garantir la transparence du processus\",\"datePublished\":\"2021-09-05T23:01:00+00:00\",\"mainEntityOfPage\":{\"@id\":\"https:\\\/\\\/lasentinelle.dz\\\/index.php\\\/2021\\\/09\\\/06\\\/elections-locales-lanie-sengage-a-garantir-la-transparence-du-processus\\\/\"},\"wordCount\":529,\"commentCount\":0,\"publisher\":{\"@id\":\"https:\\\/\\\/lasentinelle.dz\\\/#organization\"},\"image\":{\"@id\":\"https:\\\/\\\/lasentinelle.dz\\\/index.php\\\/2021\\\/09\\\/06\\\/elections-locales-lanie-sengage-a-garantir-la-transparence-du-processus\\\/#primaryimage\"},\"thumbnailUrl\":\"https:\\\/\\\/lasentinelle.dz\\\/wp-content\\\/uploads\\\/2021\\\/09\\\/image_2021-09-05_185312.png\",\"articleSection\":[\"Actualit\u00e9\"],\"inLanguage\":\"fr-FR\",\"potentialAction\":[{\"@type\":\"CommentAction\",\"name\":\"Comment\",\"target\":[\"https:\\\/\\\/lasentinelle.dz\\\/index.php\\\/2021\\\/09\\\/06\\\/elections-locales-lanie-sengage-a-garantir-la-transparence-du-processus\\\/#respond\"]}]},{\"@type\":\"WebPage\",\"@id\":\"https:\\\/\\\/lasentinelle.dz\\\/index.php\\\/2021\\\/09\\\/06\\\/elections-locales-lanie-sengage-a-garantir-la-transparence-du-processus\\\/\",\"url\":\"https:\\\/\\\/lasentinelle.dz\\\/index.php\\\/2021\\\/09\\\/06\\\/elections-locales-lanie-sengage-a-garantir-la-transparence-du-processus\\\/\",\"name\":\"\u00c9lections locales : L\u2019ANIE s\u2019engage \u00e0 garantir la transparence du processus - La Sentinelle\",\"isPartOf\":{\"@id\":\"https:\\\/\\\/lasentinelle.dz\\\/#website\"},\"primaryImageOfPage\":{\"@id\":\"https:\\\/\\\/lasentinelle.dz\\\/index.php\\\/2021\\\/09\\\/06\\\/elections-locales-lanie-sengage-a-garantir-la-transparence-du-processus\\\/#primaryimage\"},\"image\":{\"@id\":\"https:\\\/\\\/lasentinelle.dz\\\/index.php\\\/2021\\\/09\\\/06\\\/elections-locales-lanie-sengage-a-garantir-la-transparence-du-processus\\\/#primaryimage\"},\"thumbnailUrl\":\"https:\\\/\\\/lasentinelle.dz\\\/wp-content\\\/uploads\\\/2021\\\/09\\\/image_2021-09-05_185312.png\",\"datePublished\":\"2021-09-05T23:01:00+00:00\",\"breadcrumb\":{\"@id\":\"https:\\\/\\\/lasentinelle.dz\\\/index.php\\\/2021\\\/09\\\/06\\\/elections-locales-lanie-sengage-a-garantir-la-transparence-du-processus\\\/#breadcrumb\"},\"inLanguage\":\"fr-FR\",\"potentialAction\":[{\"@type\":\"ReadAction\",\"target\":[\"https:\\\/\\\/lasentinelle.dz\\\/index.php\\\/2021\\\/09\\\/06\\\/elections-locales-lanie-sengage-a-garantir-la-transparence-du-processus\\\/\"]}]},{\"@type\":\"ImageObject\",\"inLanguage\":\"fr-FR\",\"@id\":\"https:\\\/\\\/lasentinelle.dz\\\/index.php\\\/2021\\\/09\\\/06\\\/elections-locales-lanie-sengage-a-garantir-la-transparence-du-processus\\\/#primaryimage\",\"url\":\"https:\\\/\\\/lasentinelle.dz\\\/wp-content\\\/uploads\\\/2021\\\/09\\\/image_2021-09-05_185312.png\",\"contentUrl\":\"https:\\\/\\\/lasentinelle.dz\\\/wp-content\\\/uploads\\\/2021\\\/09\\\/image_2021-09-05_185312.png\",\"width\":745,\"height\":470},{\"@type\":\"BreadcrumbList\",\"@id\":\"https:\\\/\\\/lasentinelle.dz\\\/index.php\\\/2021\\\/09\\\/06\\\/elections-locales-lanie-sengage-a-garantir-la-transparence-du-processus\\\/#breadcrumb\",\"itemListElement\":[{\"@type\":\"ListItem\",\"position\":1,\"name\":\"Accueil\",\"item\":\"https:\\\/\\\/lasentinelle.dz\\\/\"},{\"@type\":\"ListItem\",\"position\":2,\"name\":\"\u00c9lections locales : L\u2019ANIE s\u2019engage \u00e0 garantir la transparence du processus\"}]},{\"@type\":\"WebSite\",\"@id\":\"https:\\\/\\\/lasentinelle.dz\\\/#website\",\"url\":\"https:\\\/\\\/lasentinelle.dz\\\/\",\"name\":\"La Sentinelle\",\"description\":\"Quotidien national d&#039;information\",\"publisher\":{\"@id\":\"https:\\\/\\\/lasentinelle.dz\\\/#organization\"},\"potentialAction\":[{\"@type\":\"SearchAction\",\"target\":{\"@type\":\"EntryPoint\",\"urlTemplate\":\"https:\\\/\\\/lasentinelle.dz\\\/?s={search_term_string}\"},\"query-input\":{\"@type\":\"PropertyValueSpecification\",\"valueRequired\":true,\"valueName\":\"search_term_string\"}}],\"inLanguage\":\"fr-FR\"},{\"@type\":\"Organization\",\"@id\":\"https:\\\/\\\/lasentinelle.dz\\\/#organization\",\"name\":\"Quotidien La Sentinelle\",\"url\":\"https:\\\/\\\/lasentinelle.dz\\\/\",\"logo\":{\"@type\":\"ImageObject\",\"inLanguage\":\"fr-FR\",\"@id\":\"https:\\\/\\\/lasentinelle.dz\\\/#\\\/schema\\\/logo\\\/image\\\/\",\"url\":\"https:\\\/\\\/lasentinelle.dz\\\/wp-content\\\/uploads\\\/2021\\\/09\\\/logo-sentinelleSLOGAN-1.png\",\"contentUrl\":\"https:\\\/\\\/lasentinelle.dz\\\/wp-content\\\/uploads\\\/2021\\\/09\\\/logo-sentinelleSLOGAN-1.png\",\"width\":615,\"height\":142,\"caption\":\"Quotidien La Sentinelle\"},\"image\":{\"@id\":\"https:\\\/\\\/lasentinelle.dz\\\/#\\\/schema\\\/logo\\\/image\\\/\"},\"sameAs\":[\"https:\\\/\\\/www.facebook.com\\\/La-Sentinelle-104059864394773\"]},{\"@type\":\"Person\",\"@id\":\"https:\\\/\\\/lasentinelle.dz\\\/#\\\/schema\\\/person\\\/d865044e22e70a75174ce8bcad3acfb3\",\"name\":\"La Sentinelle\",\"image\":{\"@type\":\"ImageObject\",\"inLanguage\":\"fr-FR\",\"@id\":\"https:\\\/\\\/secure.gravatar.com\\\/avatar\\\/57de8e5d4b15d43fb361a71fbb36338450fe67865b528a43dd10ef7c51a20392?s=96&d=mm&r=g\",\"url\":\"https:\\\/\\\/secure.gravatar.com\\\/avatar\\\/57de8e5d4b15d43fb361a71fbb36338450fe67865b528a43dd10ef7c51a20392?s=96&d=mm&r=g\",\"contentUrl\":\"https:\\\/\\\/secure.gravatar.com\\\/avatar\\\/57de8e5d4b15d43fb361a71fbb36338450fe67865b528a43dd10ef7c51a20392?s=96&d=mm&r=g\",\"caption\":\"La Sentinelle\"},\"sameAs\":[\"http:\\\/\\\/www.lasentinelle.dz\"],\"url\":\"https:\\\/\\\/lasentinelle.dz\\\/author\\\/redaction\\\/\"}]}<\/script>\n<!-- \/ Yoast SEO plugin. -->","yoast_head_json":{"title":"\u00c9lections locales : L\u2019ANIE s\u2019engage \u00e0 garantir la transparence du processus - La Sentinelle","robots":{"index":"index","follow":"follow","max-snippet":"max-snippet:-1","max-image-preview":"max-image-preview:large","max-video-preview":"max-video-preview:-1"},"canonical":"https:\/\/lasentinelle.dz\/index.php\/2021\/09\/06\/elections-locales-lanie-sengage-a-garantir-la-transparence-du-processus\/","og_locale":"fr_FR","og_type":"article","og_title":"\u00c9lections locales : L\u2019ANIE s\u2019engage \u00e0 garantir la transparence du processus - La Sentinelle","og_description":"La r\u00e9vision exceptionnelle des listes \u00e9lectorales, en vue des prochaines \u00e9lections locales du 27novembre prochain, a d\u00e9but\u00e9 hier et s\u2019\u00e9talera","og_url":"https:\/\/lasentinelle.dz\/index.php\/2021\/09\/06\/elections-locales-lanie-sengage-a-garantir-la-transparence-du-processus\/","og_site_name":"La Sentinelle","article_publisher":"https:\/\/www.facebook.com\/La-Sentinelle-104059864394773","article_published_time":"2021-09-05T23:01:00+00:00","og_image":[{"width":745,"height":470,"url":"https:\/\/lasentinelle.dz\/wp-content\/uploads\/2021\/09\/image_2021-09-05_185312.png","type":"image\/png"}],"author":"La Sentinelle","twitter_card":"summary_large_image","twitter_misc":{"\u00c9crit par":"La Sentinelle","Dur\u00e9e de lecture estim\u00e9e":"2 minutes"},"schema":{"@context":"https:\/\/schema.org","@graph":[{"@type":"Article","@id":"https:\/\/lasentinelle.dz\/index.php\/2021\/09\/06\/elections-locales-lanie-sengage-a-garantir-la-transparence-du-processus\/#article","isPartOf":{"@id":"https:\/\/lasentinelle.dz\/index.php\/2021\/09\/06\/elections-locales-lanie-sengage-a-garantir-la-transparence-du-processus\/"},"author":{"name":"La Sentinelle","@id":"https:\/\/lasentinelle.dz\/#\/schema\/person\/d865044e22e70a75174ce8bcad3acfb3"},"headline":"\u00c9lections locales : L\u2019ANIE s\u2019engage \u00e0 garantir la transparence du processus","datePublished":"2021-09-05T23:01:00+00:00","mainEntityOfPage":{"@id":"https:\/\/lasentinelle.dz\/index.php\/2021\/09\/06\/elections-locales-lanie-sengage-a-garantir-la-transparence-du-processus\/"},"wordCount":529,"commentCount":0,"publisher":{"@id":"https:\/\/lasentinelle.dz\/#organization"},"image":{"@id":"https:\/\/lasentinelle.dz\/index.php\/2021\/09\/06\/elections-locales-lanie-sengage-a-garantir-la-transparence-du-processus\/#primaryimage"},"thumbnailUrl":"https:\/\/lasentinelle.dz\/wp-content\/uploads\/2021\/09\/image_2021-09-05_185312.png","articleSection":["Actualit\u00e9"],"inLanguage":"fr-FR","potentialAction":[{"@type":"CommentAction","name":"Comment","target":["https:\/\/lasentinelle.dz\/index.php\/2021\/09\/06\/elections-locales-lanie-sengage-a-garantir-la-transparence-du-processus\/#respond"]}]},{"@type":"WebPage","@id":"https:\/\/lasentinelle.dz\/index.php\/2021\/09\/06\/elections-locales-lanie-sengage-a-garantir-la-transparence-du-processus\/","url":"https:\/\/lasentinelle.dz\/index.php\/2021\/09\/06\/elections-locales-lanie-sengage-a-garantir-la-transparence-du-processus\/","name":"\u00c9lections locales : L\u2019ANIE s\u2019engage \u00e0 garantir la transparence du processus - La Sentinelle","isPartOf":{"@id":"https:\/\/lasentinelle.dz\/#website"},"primaryImageOfPage":{"@id":"https:\/\/lasentinelle.dz\/index.php\/2021\/09\/06\/elections-locales-lanie-sengage-a-garantir-la-transparence-du-processus\/#primaryimage"},"image":{"@id":"https:\/\/lasentinelle.dz\/index.php\/2021\/09\/06\/elections-locales-lanie-sengage-a-garantir-la-transparence-du-processus\/#primaryimage"},"thumbnailUrl":"https:\/\/lasentinelle.dz\/wp-content\/uploads\/2021\/09\/image_2021-09-05_185312.png","datePublished":"2021-09-05T23:01:00+00:00","breadcrumb":{"@id":"https:\/\/lasentinelle.dz\/index.php\/2021\/09\/06\/elections-locales-lanie-sengage-a-garantir-la-transparence-du-processus\/#breadcrumb"},"inLanguage":"fr-FR","potentialAction":[{"@type":"ReadAction","target":["https:\/\/lasentinelle.dz\/index.php\/2021\/09\/06\/elections-locales-lanie-sengage-a-garantir-la-transparence-du-processus\/"]}]},{"@type":"ImageObject","inLanguage":"fr-FR","@id":"https:\/\/lasentinelle.dz\/index.php\/2021\/09\/06\/elections-locales-lanie-sengage-a-garantir-la-transparence-du-processus\/#primaryimage","url":"https:\/\/lasentinelle.dz\/wp-content\/uploads\/2021\/09\/image_2021-09-05_185312.png","contentUrl":"https:\/\/lasentinelle.dz\/wp-content\/uploads\/2021\/09\/image_2021-09-05_185312.png","width":745,"height":470},{"@type":"BreadcrumbList","@id":"https:\/\/lasentinelle.dz\/index.php\/2021\/09\/06\/elections-locales-lanie-sengage-a-garantir-la-transparence-du-processus\/#breadcrumb","itemListElement":[{"@type":"ListItem","position":1,"name":"Accueil","item":"https:\/\/lasentinelle.dz\/"},{"@type":"ListItem","position":2,"name":"\u00c9lections locales : L\u2019ANIE s\u2019engage \u00e0 garantir la transparence du processus"}]},{"@type":"WebSite","@id":"https:\/\/lasentinelle.dz\/#website","url":"https:\/\/lasentinelle.dz\/","name":"La Sentinelle","description":"Quotidien national d&#039;information","publisher":{"@id":"https:\/\/lasentinelle.dz\/#organization"},"potentialAction":[{"@type":"SearchAction","target":{"@type":"EntryPoint","urlTemplate":"https:\/\/lasentinelle.dz\/?s={search_term_string}"},"query-input":{"@type":"PropertyValueSpecification","valueRequired":true,"valueName":"search_term_string"}}],"inLanguage":"fr-FR"},{"@type":"Organization","@id":"https:\/\/lasentinelle.dz\/#organization","name":"Quotidien La Sentinelle","url":"https:\/\/lasentinelle.dz\/","logo":{"@type":"ImageObject","inLanguage":"fr-FR","@id":"https:\/\/lasentinelle.dz\/#\/schema\/logo\/image\/","url":"https:\/\/lasentinelle.dz\/wp-content\/uploads\/2021\/09\/logo-sentinelleSLOGAN-1.png","contentUrl":"https:\/\/lasentinelle.dz\/wp-content\/uploads\/2021\/09\/logo-sentinelleSLOGAN-1.png","width":615,"height":142,"caption":"Quotidien La Sentinelle"},"image":{"@id":"https:\/\/lasentinelle.dz\/#\/schema\/logo\/image\/"},"sameAs":["https:\/\/www.facebook.com\/La-Sentinelle-104059864394773"]},{"@type":"Person","@id":"https:\/\/lasentinelle.dz\/#\/schema\/person\/d865044e22e70a75174ce8bcad3acfb3","name":"La Sentinelle","image":{"@type":"ImageObject","inLanguage":"fr-FR","@id":"https:\/\/secure.gravatar.com\/avatar\/57de8e5d4b15d43fb361a71fbb36338450fe67865b528a43dd10ef7c51a20392?s=96&d=mm&r=g","url":"https:\/\/secure.gravatar.com\/avatar\/57de8e5d4b15d43fb361a71fbb36338450fe67865b528a43dd10ef7c51a20392?s=96&d=mm&r=g","contentUrl":"https:\/\/secure.gravatar.com\/avatar\/57de8e5d4b15d43fb361a71fbb36338450fe67865b528a43dd10ef7c51a20392?s=96&d=mm&r=g","caption":"La Sentinelle"},"sameAs":["http:\/\/www.lasentinelle.dz"],"url":"https:\/\/lasentinelle.dz\/author\/redaction\/"}]}},"_links":{"self":[{"href":"https:\/\/lasentinelle.dz\/index.php\/wp-json\/wp\/v2\/posts\/6718","targetHints":{"allow":["GET"]}}],"collection":[{"href":"https:\/\/lasentinelle.dz\/index.php\/wp-json\/wp\/v2\/posts"}],"about":[{"href":"https:\/\/lasentinelle.dz\/index.php\/wp-json\/wp\/v2\/types\/post"}],"author":[{"embeddable":true,"href":"https:\/\/lasentinelle.dz\/index.php\/wp-json\/wp\/v2\/users\/3"}],"replies":[{"embeddable":true,"href":"https:\/\/lasentinelle.dz\/index.php\/wp-json\/wp\/v2\/comments?post=6718"}],"version-history":[{"count":1,"href":"https:\/\/lasentinelle.dz\/index.php\/wp-json\/wp\/v2\/posts\/6718\/revisions"}],"predecessor-version":[{"id":6721,"href":"https:\/\/lasentinelle.dz\/index.php\/wp-json\/wp\/v2\/posts\/6718\/revisions\/6721"}],"wp:featuredmedia":[{"embeddable":true,"href":"https:\/\/lasentinelle.dz\/index.php\/wp-json\/wp\/v2\/media\/6720"}],"wp:attachment":[{"href":"https:\/\/lasentinelle.dz\/index.php\/wp-json\/wp\/v2\/media?parent=6718"}],"wp:term":[{"taxonomy":"category","embeddable":true,"href":"https:\/\/lasentinelle.dz\/index.php\/wp-json\/wp\/v2\/categories?post=6718"},{"taxonomy":"post_tag","embeddable":true,"href":"https:\/\/lasentinelle.dz\/index.php\/wp-json\/wp\/v2\/tags?post=6718"}],"curies":[{"name":"wp","href":"https:\/\/api.w.org\/{rel}","templated":true}]}}