{"id":6734,"date":"2021-09-07T00:05:00","date_gmt":"2021-09-06T23:05:00","guid":{"rendered":"https:\/\/lasentinelle.dz\/?p=6734"},"modified":"2021-09-06T14:58:42","modified_gmt":"2021-09-06T13:58:42","slug":"burkina-faso-algerie-ce-soir-a-20h-a-marrakech-les-verts-pour-la-passe-de-deux","status":"publish","type":"post","link":"https:\/\/lasentinelle.dz\/index.php\/2021\/09\/07\/burkina-faso-algerie-ce-soir-a-20h-a-marrakech-les-verts-pour-la-passe-de-deux\/","title":{"rendered":"Burkina Faso \u2013 Alg\u00e9rie, ce soir \u00e0 20h \u00e0 Marrakech : Les Verts pour la passe de deux"},"content":{"rendered":"\n<p>Apr\u00e8s une \u00e9clatante victoire face \u00e0 Djibouti (8-0), jeudi dernier, dans le cadre de la premi\u00e8re journ\u00e9e des \u00e9liminatoires du Mondial 2022, l\u2019\u00e9quipe nationale alg\u00e9rienne aura \u00e0 disputer, aujourd\u2019hui, le match de la seconde journ\u00e9e. Cette fois-ci, il aura lieu en d\u00e9placement \u00e0 Marrakech, au Maroc, face au Burkina Faso. La s\u00e9lection burkinabaise a \u00e9t\u00e9 contrainte de recevoir en dehors de ses bases, puisque ses stades n\u2019ont pas \u00e9t\u00e9 homologu\u00e9s par la Conf\u00e9d\u00e9ration africaine de football. La F\u00e9d\u00e9ration burkinabaise a d\u00e9cid\u00e9, donc, d\u2019accueillir ses adversaire au Maroc, \u00e0 commencer par celui d\u2019aujourd\u2019hui. Lors de la premi\u00e8re journ\u00e9e, le Burkina Faso a jou\u00e9 aussi au Maroc, lorsque l\u2019\u00e9quipe a \u00e9t\u00e9 re\u00e7ue par le Niger, et l\u2019a emport\u00e9 (2-0). Pour les Verts, le lieu du match importe peu, puisque le plus important est d\u2019\u00eatre pr\u00eat \u00e0 faire face \u00e0 toutes les situations. L\u2019objectif est clair dans ce sens, puisque les Alg\u00e9riens veulent l\u2019emporter et continuer sur leur lanc\u00e9e, avec un 29e match sans d\u00e9faite, eux qui d\u00e9tiennent le record africain d\u2019invincibilit\u00e9. Le coach national, Djamel Belmadi, insiste sur le fait que les joueurs doivent garder le m\u00eame \u00e9tat d\u2019esprit et jouer juste pour gagner. Il veut, dans ce sens, pousser ses joueurs \u00e0 r\u00e9colter le maximum de points et, surtout, assurer la qualification pour les barrages, avant m\u00eame la fin de ce tour. Ceci, afin de pr\u00e9parer ce match barrage de la meilleure des mani\u00e8res et aborder, apr\u00e8s, la Coupe d\u2019Afrique des nations, au Cameroun, au mois de janvier prochain. L\u2019effectif d\u2019aujourd\u2019hui devrait \u00eatre le m\u00eame que celui du premier match, surtout que Belmadi ne change pas une \u00e9quipe qui gagne, et surtout avec le score de (8-0). Il veut que les joueurs continuent de monter en puissance. Et ce n\u2019est pas tout, il devrait aligner Slimani d\u2019entr\u00e9e de jeu<a><\/a> afin de lui permettre de marquer et \u00e9galer le record du nombre de but. Ce record est d\u00e9tenu par AbdelhafidTasfaout, avec 36 buts, alors que Slimani en est \u00e0 35, apr\u00e8s le quadrupl\u00e9 inscrit lors de la journ\u00e9e inaugurale. Tous les ingr\u00e9dients sont pr\u00e9sents pour que les Alg\u00e9riens l\u2019emportent et leurs inconditionnels croisent les doigts en esp\u00e9rant \u00eatre encore une fois g\u00e2t\u00e9s par Mahrez et consorts.<\/p>\n\n\n\n<p><strong>Abderrahim Mahious<\/strong><\/p>\n","protected":false},"excerpt":{"rendered":"<p>Apr\u00e8s une \u00e9clatante victoire face \u00e0 Djibouti (8-0), jeudi dernier, dans le cadre de la premi\u00e8re journ\u00e9e des \u00e9liminatoires du<\/p>\n","protected":false},"author":3,"featured_media":6740,"comment_status":"open","ping_status":"closed","sticky":false,"template":"","format":"standard","meta":{"colormag_page_container_layout":"default_layout","colormag_page_sidebar_layout":"default_layout","om_disable_all_campaigns":false,"_monsterinsights_skip_tracking":false,"_monsterinsights_sitenote_active":false,"_monsterinsights_sitenote_note":"","_monsterinsights_sitenote_category":0,"footnotes":"","_wpscppro_dont_share_socialmedia":false,"_wpscppro_custom_social_share_image":0,"_facebook_share_type":"","_twitter_share_type":"","_linkedin_share_type":"","_pinterest_share_type":"","_linkedin_share_type_page":"","_instagram_share_type":"","_medium_share_type":"","_threads_share_type":"","_google_business_share_type":"","_selected_social_profile":[],"_wpsp_enable_custom_social_template":false,"_wpsp_social_scheduling":{"enabled":false,"datetime":null,"platforms":[],"status":"template_only","dateOption":"today","timeOption":"now","customDays":"","customHours":"","customDate":"","customTime":"","schedulingType":"absolute"},"_wpsp_active_default_template":true},"categories":[52,33],"tags":[],"class_list":["post-6734","post","type-post","status-publish","format-standard","has-post-thumbnail","hentry","category-a-la-une","category-sports"],"aioseo_notices":[],"yoast_head":"<!-- This site is optimized with the Yoast SEO plugin v27.5 - https:\/\/yoast.com\/product\/yoast-seo-wordpress\/ -->\n<title>Burkina Faso \u2013 Alg\u00e9rie, ce soir \u00e0 20h \u00e0 Marrakech : Les Verts pour la passe de deux - La Sentinelle<\/title>\n<meta name=\"robots\" content=\"index, follow, max-snippet:-1, max-image-preview:large, max-video-preview:-1\" \/>\n<link rel=\"canonical\" href=\"https:\/\/lasentinelle.dz\/index.php\/2021\/09\/07\/burkina-faso-algerie-ce-soir-a-20h-a-marrakech-les-verts-pour-la-passe-de-deux\/\" \/>\n<meta property=\"og:locale\" content=\"fr_FR\" \/>\n<meta property=\"og:type\" content=\"article\" \/>\n<meta property=\"og:title\" content=\"Burkina Faso \u2013 Alg\u00e9rie, ce soir \u00e0 20h \u00e0 Marrakech : Les Verts pour la passe de deux - La Sentinelle\" \/>\n<meta property=\"og:description\" content=\"Apr\u00e8s une \u00e9clatante victoire face \u00e0 Djibouti (8-0), jeudi dernier, dans le cadre de la premi\u00e8re journ\u00e9e des \u00e9liminatoires du\" \/>\n<meta property=\"og:url\" content=\"https:\/\/lasentinelle.dz\/index.php\/2021\/09\/07\/burkina-faso-algerie-ce-soir-a-20h-a-marrakech-les-verts-pour-la-passe-de-deux\/\" \/>\n<meta property=\"og:site_name\" content=\"La Sentinelle\" \/>\n<meta property=\"article:publisher\" content=\"https:\/\/www.facebook.com\/La-Sentinelle-104059864394773\" \/>\n<meta property=\"article:published_time\" content=\"2021-09-06T23:05:00+00:00\" \/>\n<meta property=\"og:image\" content=\"https:\/\/lasentinelle.dz\/wp-content\/uploads\/2021\/09\/Verts333.jpg\" \/>\n\t<meta property=\"og:image:width\" content=\"1500\" \/>\n\t<meta property=\"og:image:height\" content=\"1000\" \/>\n\t<meta property=\"og:image:type\" content=\"image\/jpeg\" \/>\n<meta name=\"author\" content=\"La Sentinelle\" \/>\n<meta name=\"twitter:card\" content=\"summary_large_image\" \/>\n<meta name=\"twitter:label1\" content=\"\u00c9crit par\" \/>\n\t<meta name=\"twitter:data1\" content=\"La Sentinelle\" \/>\n\t<meta name=\"twitter:label2\" content=\"Dur\u00e9e de lecture estim\u00e9e\" \/>\n\t<meta name=\"twitter:data2\" content=\"2 minutes\" \/>\n<script type=\"application\/ld+json\" class=\"yoast-schema-graph\">{\"@context\":\"https:\\\/\\\/schema.org\",\"@graph\":[{\"@type\":\"Article\",\"@id\":\"https:\\\/\\\/lasentinelle.dz\\\/index.php\\\/2021\\\/09\\\/07\\\/burkina-faso-algerie-ce-soir-a-20h-a-marrakech-les-verts-pour-la-passe-de-deux\\\/#article\",\"isPartOf\":{\"@id\":\"https:\\\/\\\/lasentinelle.dz\\\/index.php\\\/2021\\\/09\\\/07\\\/burkina-faso-algerie-ce-soir-a-20h-a-marrakech-les-verts-pour-la-passe-de-deux\\\/\"},\"author\":{\"name\":\"La Sentinelle\",\"@id\":\"https:\\\/\\\/lasentinelle.dz\\\/#\\\/schema\\\/person\\\/d865044e22e70a75174ce8bcad3acfb3\"},\"headline\":\"Burkina Faso \u2013 Alg\u00e9rie, ce soir \u00e0 20h \u00e0 Marrakech : Les Verts pour la passe de deux\",\"datePublished\":\"2021-09-06T23:05:00+00:00\",\"mainEntityOfPage\":{\"@id\":\"https:\\\/\\\/lasentinelle.dz\\\/index.php\\\/2021\\\/09\\\/07\\\/burkina-faso-algerie-ce-soir-a-20h-a-marrakech-les-verts-pour-la-passe-de-deux\\\/\"},\"wordCount\":428,\"commentCount\":0,\"publisher\":{\"@id\":\"https:\\\/\\\/lasentinelle.dz\\\/#organization\"},\"image\":{\"@id\":\"https:\\\/\\\/lasentinelle.dz\\\/index.php\\\/2021\\\/09\\\/07\\\/burkina-faso-algerie-ce-soir-a-20h-a-marrakech-les-verts-pour-la-passe-de-deux\\\/#primaryimage\"},\"thumbnailUrl\":\"https:\\\/\\\/lasentinelle.dz\\\/wp-content\\\/uploads\\\/2021\\\/09\\\/Verts333.jpg\",\"articleSection\":[\"\u00c0 la Une\",\"Sports\"],\"inLanguage\":\"fr-FR\",\"potentialAction\":[{\"@type\":\"CommentAction\",\"name\":\"Comment\",\"target\":[\"https:\\\/\\\/lasentinelle.dz\\\/index.php\\\/2021\\\/09\\\/07\\\/burkina-faso-algerie-ce-soir-a-20h-a-marrakech-les-verts-pour-la-passe-de-deux\\\/#respond\"]}]},{\"@type\":\"WebPage\",\"@id\":\"https:\\\/\\\/lasentinelle.dz\\\/index.php\\\/2021\\\/09\\\/07\\\/burkina-faso-algerie-ce-soir-a-20h-a-marrakech-les-verts-pour-la-passe-de-deux\\\/\",\"url\":\"https:\\\/\\\/lasentinelle.dz\\\/index.php\\\/2021\\\/09\\\/07\\\/burkina-faso-algerie-ce-soir-a-20h-a-marrakech-les-verts-pour-la-passe-de-deux\\\/\",\"name\":\"Burkina Faso \u2013 Alg\u00e9rie, ce soir \u00e0 20h \u00e0 Marrakech : Les Verts pour la passe de deux - La Sentinelle\",\"isPartOf\":{\"@id\":\"https:\\\/\\\/lasentinelle.dz\\\/#website\"},\"primaryImageOfPage\":{\"@id\":\"https:\\\/\\\/lasentinelle.dz\\\/index.php\\\/2021\\\/09\\\/07\\\/burkina-faso-algerie-ce-soir-a-20h-a-marrakech-les-verts-pour-la-passe-de-deux\\\/#primaryimage\"},\"image\":{\"@id\":\"https:\\\/\\\/lasentinelle.dz\\\/index.php\\\/2021\\\/09\\\/07\\\/burkina-faso-algerie-ce-soir-a-20h-a-marrakech-les-verts-pour-la-passe-de-deux\\\/#primaryimage\"},\"thumbnailUrl\":\"https:\\\/\\\/lasentinelle.dz\\\/wp-content\\\/uploads\\\/2021\\\/09\\\/Verts333.jpg\",\"datePublished\":\"2021-09-06T23:05:00+00:00\",\"breadcrumb\":{\"@id\":\"https:\\\/\\\/lasentinelle.dz\\\/index.php\\\/2021\\\/09\\\/07\\\/burkina-faso-algerie-ce-soir-a-20h-a-marrakech-les-verts-pour-la-passe-de-deux\\\/#breadcrumb\"},\"inLanguage\":\"fr-FR\",\"potentialAction\":[{\"@type\":\"ReadAction\",\"target\":[\"https:\\\/\\\/lasentinelle.dz\\\/index.php\\\/2021\\\/09\\\/07\\\/burkina-faso-algerie-ce-soir-a-20h-a-marrakech-les-verts-pour-la-passe-de-deux\\\/\"]}]},{\"@type\":\"ImageObject\",\"inLanguage\":\"fr-FR\",\"@id\":\"https:\\\/\\\/lasentinelle.dz\\\/index.php\\\/2021\\\/09\\\/07\\\/burkina-faso-algerie-ce-soir-a-20h-a-marrakech-les-verts-pour-la-passe-de-deux\\\/#primaryimage\",\"url\":\"https:\\\/\\\/lasentinelle.dz\\\/wp-content\\\/uploads\\\/2021\\\/09\\\/Verts333.jpg\",\"contentUrl\":\"https:\\\/\\\/lasentinelle.dz\\\/wp-content\\\/uploads\\\/2021\\\/09\\\/Verts333.jpg\",\"width\":1500,\"height\":1000},{\"@type\":\"BreadcrumbList\",\"@id\":\"https:\\\/\\\/lasentinelle.dz\\\/index.php\\\/2021\\\/09\\\/07\\\/burkina-faso-algerie-ce-soir-a-20h-a-marrakech-les-verts-pour-la-passe-de-deux\\\/#breadcrumb\",\"itemListElement\":[{\"@type\":\"ListItem\",\"position\":1,\"name\":\"Accueil\",\"item\":\"https:\\\/\\\/lasentinelle.dz\\\/\"},{\"@type\":\"ListItem\",\"position\":2,\"name\":\"Burkina Faso \u2013 Alg\u00e9rie, ce soir \u00e0 20h \u00e0 Marrakech : Les Verts pour la passe de deux\"}]},{\"@type\":\"WebSite\",\"@id\":\"https:\\\/\\\/lasentinelle.dz\\\/#website\",\"url\":\"https:\\\/\\\/lasentinelle.dz\\\/\",\"name\":\"La Sentinelle\",\"description\":\"Quotidien national d&#039;information\",\"publisher\":{\"@id\":\"https:\\\/\\\/lasentinelle.dz\\\/#organization\"},\"potentialAction\":[{\"@type\":\"SearchAction\",\"target\":{\"@type\":\"EntryPoint\",\"urlTemplate\":\"https:\\\/\\\/lasentinelle.dz\\\/?s={search_term_string}\"},\"query-input\":{\"@type\":\"PropertyValueSpecification\",\"valueRequired\":true,\"valueName\":\"search_term_string\"}}],\"inLanguage\":\"fr-FR\"},{\"@type\":\"Organization\",\"@id\":\"https:\\\/\\\/lasentinelle.dz\\\/#organization\",\"name\":\"Quotidien La Sentinelle\",\"url\":\"https:\\\/\\\/lasentinelle.dz\\\/\",\"logo\":{\"@type\":\"ImageObject\",\"inLanguage\":\"fr-FR\",\"@id\":\"https:\\\/\\\/lasentinelle.dz\\\/#\\\/schema\\\/logo\\\/image\\\/\",\"url\":\"https:\\\/\\\/lasentinelle.dz\\\/wp-content\\\/uploads\\\/2021\\\/09\\\/logo-sentinelleSLOGAN-1.png\",\"contentUrl\":\"https:\\\/\\\/lasentinelle.dz\\\/wp-content\\\/uploads\\\/2021\\\/09\\\/logo-sentinelleSLOGAN-1.png\",\"width\":615,\"height\":142,\"caption\":\"Quotidien La Sentinelle\"},\"image\":{\"@id\":\"https:\\\/\\\/lasentinelle.dz\\\/#\\\/schema\\\/logo\\\/image\\\/\"},\"sameAs\":[\"https:\\\/\\\/www.facebook.com\\\/La-Sentinelle-104059864394773\"]},{\"@type\":\"Person\",\"@id\":\"https:\\\/\\\/lasentinelle.dz\\\/#\\\/schema\\\/person\\\/d865044e22e70a75174ce8bcad3acfb3\",\"name\":\"La Sentinelle\",\"image\":{\"@type\":\"ImageObject\",\"inLanguage\":\"fr-FR\",\"@id\":\"https:\\\/\\\/secure.gravatar.com\\\/avatar\\\/57de8e5d4b15d43fb361a71fbb36338450fe67865b528a43dd10ef7c51a20392?s=96&d=mm&r=g\",\"url\":\"https:\\\/\\\/secure.gravatar.com\\\/avatar\\\/57de8e5d4b15d43fb361a71fbb36338450fe67865b528a43dd10ef7c51a20392?s=96&d=mm&r=g\",\"contentUrl\":\"https:\\\/\\\/secure.gravatar.com\\\/avatar\\\/57de8e5d4b15d43fb361a71fbb36338450fe67865b528a43dd10ef7c51a20392?s=96&d=mm&r=g\",\"caption\":\"La Sentinelle\"},\"sameAs\":[\"http:\\\/\\\/www.lasentinelle.dz\"],\"url\":\"https:\\\/\\\/lasentinelle.dz\\\/author\\\/redaction\\\/\"}]}<\/script>\n<!-- \/ Yoast SEO plugin. -->","yoast_head_json":{"title":"Burkina Faso \u2013 Alg\u00e9rie, ce soir \u00e0 20h \u00e0 Marrakech : Les Verts pour la passe de deux - La Sentinelle","robots":{"index":"index","follow":"follow","max-snippet":"max-snippet:-1","max-image-preview":"max-image-preview:large","max-video-preview":"max-video-preview:-1"},"canonical":"https:\/\/lasentinelle.dz\/index.php\/2021\/09\/07\/burkina-faso-algerie-ce-soir-a-20h-a-marrakech-les-verts-pour-la-passe-de-deux\/","og_locale":"fr_FR","og_type":"article","og_title":"Burkina Faso \u2013 Alg\u00e9rie, ce soir \u00e0 20h \u00e0 Marrakech : Les Verts pour la passe de deux - La Sentinelle","og_description":"Apr\u00e8s une \u00e9clatante victoire face \u00e0 Djibouti (8-0), jeudi dernier, dans le cadre de la premi\u00e8re journ\u00e9e des \u00e9liminatoires du","og_url":"https:\/\/lasentinelle.dz\/index.php\/2021\/09\/07\/burkina-faso-algerie-ce-soir-a-20h-a-marrakech-les-verts-pour-la-passe-de-deux\/","og_site_name":"La Sentinelle","article_publisher":"https:\/\/www.facebook.com\/La-Sentinelle-104059864394773","article_published_time":"2021-09-06T23:05:00+00:00","og_image":[{"width":1500,"height":1000,"url":"https:\/\/lasentinelle.dz\/wp-content\/uploads\/2021\/09\/Verts333.jpg","type":"image\/jpeg"}],"author":"La Sentinelle","twitter_card":"summary_large_image","twitter_misc":{"\u00c9crit par":"La Sentinelle","Dur\u00e9e de lecture estim\u00e9e":"2 minutes"},"schema":{"@context":"https:\/\/schema.org","@graph":[{"@type":"Article","@id":"https:\/\/lasentinelle.dz\/index.php\/2021\/09\/07\/burkina-faso-algerie-ce-soir-a-20h-a-marrakech-les-verts-pour-la-passe-de-deux\/#article","isPartOf":{"@id":"https:\/\/lasentinelle.dz\/index.php\/2021\/09\/07\/burkina-faso-algerie-ce-soir-a-20h-a-marrakech-les-verts-pour-la-passe-de-deux\/"},"author":{"name":"La Sentinelle","@id":"https:\/\/lasentinelle.dz\/#\/schema\/person\/d865044e22e70a75174ce8bcad3acfb3"},"headline":"Burkina Faso \u2013 Alg\u00e9rie, ce soir \u00e0 20h \u00e0 Marrakech : Les Verts pour la passe de deux","datePublished":"2021-09-06T23:05:00+00:00","mainEntityOfPage":{"@id":"https:\/\/lasentinelle.dz\/index.php\/2021\/09\/07\/burkina-faso-algerie-ce-soir-a-20h-a-marrakech-les-verts-pour-la-passe-de-deux\/"},"wordCount":428,"commentCount":0,"publisher":{"@id":"https:\/\/lasentinelle.dz\/#organization"},"image":{"@id":"https:\/\/lasentinelle.dz\/index.php\/2021\/09\/07\/burkina-faso-algerie-ce-soir-a-20h-a-marrakech-les-verts-pour-la-passe-de-deux\/#primaryimage"},"thumbnailUrl":"https:\/\/lasentinelle.dz\/wp-content\/uploads\/2021\/09\/Verts333.jpg","articleSection":["\u00c0 la Une","Sports"],"inLanguage":"fr-FR","potentialAction":[{"@type":"CommentAction","name":"Comment","target":["https:\/\/lasentinelle.dz\/index.php\/2021\/09\/07\/burkina-faso-algerie-ce-soir-a-20h-a-marrakech-les-verts-pour-la-passe-de-deux\/#respond"]}]},{"@type":"WebPage","@id":"https:\/\/lasentinelle.dz\/index.php\/2021\/09\/07\/burkina-faso-algerie-ce-soir-a-20h-a-marrakech-les-verts-pour-la-passe-de-deux\/","url":"https:\/\/lasentinelle.dz\/index.php\/2021\/09\/07\/burkina-faso-algerie-ce-soir-a-20h-a-marrakech-les-verts-pour-la-passe-de-deux\/","name":"Burkina Faso \u2013 Alg\u00e9rie, ce soir \u00e0 20h \u00e0 Marrakech : Les Verts pour la passe de deux - La Sentinelle","isPartOf":{"@id":"https:\/\/lasentinelle.dz\/#website"},"primaryImageOfPage":{"@id":"https:\/\/lasentinelle.dz\/index.php\/2021\/09\/07\/burkina-faso-algerie-ce-soir-a-20h-a-marrakech-les-verts-pour-la-passe-de-deux\/#primaryimage"},"image":{"@id":"https:\/\/lasentinelle.dz\/index.php\/2021\/09\/07\/burkina-faso-algerie-ce-soir-a-20h-a-marrakech-les-verts-pour-la-passe-de-deux\/#primaryimage"},"thumbnailUrl":"https:\/\/lasentinelle.dz\/wp-content\/uploads\/2021\/09\/Verts333.jpg","datePublished":"2021-09-06T23:05:00+00:00","breadcrumb":{"@id":"https:\/\/lasentinelle.dz\/index.php\/2021\/09\/07\/burkina-faso-algerie-ce-soir-a-20h-a-marrakech-les-verts-pour-la-passe-de-deux\/#breadcrumb"},"inLanguage":"fr-FR","potentialAction":[{"@type":"ReadAction","target":["https:\/\/lasentinelle.dz\/index.php\/2021\/09\/07\/burkina-faso-algerie-ce-soir-a-20h-a-marrakech-les-verts-pour-la-passe-de-deux\/"]}]},{"@type":"ImageObject","inLanguage":"fr-FR","@id":"https:\/\/lasentinelle.dz\/index.php\/2021\/09\/07\/burkina-faso-algerie-ce-soir-a-20h-a-marrakech-les-verts-pour-la-passe-de-deux\/#primaryimage","url":"https:\/\/lasentinelle.dz\/wp-content\/uploads\/2021\/09\/Verts333.jpg","contentUrl":"https:\/\/lasentinelle.dz\/wp-content\/uploads\/2021\/09\/Verts333.jpg","width":1500,"height":1000},{"@type":"BreadcrumbList","@id":"https:\/\/lasentinelle.dz\/index.php\/2021\/09\/07\/burkina-faso-algerie-ce-soir-a-20h-a-marrakech-les-verts-pour-la-passe-de-deux\/#breadcrumb","itemListElement":[{"@type":"ListItem","position":1,"name":"Accueil","item":"https:\/\/lasentinelle.dz\/"},{"@type":"ListItem","position":2,"name":"Burkina Faso \u2013 Alg\u00e9rie, ce soir \u00e0 20h \u00e0 Marrakech : Les Verts pour la passe de deux"}]},{"@type":"WebSite","@id":"https:\/\/lasentinelle.dz\/#website","url":"https:\/\/lasentinelle.dz\/","name":"La Sentinelle","description":"Quotidien national d&#039;information","publisher":{"@id":"https:\/\/lasentinelle.dz\/#organization"},"potentialAction":[{"@type":"SearchAction","target":{"@type":"EntryPoint","urlTemplate":"https:\/\/lasentinelle.dz\/?s={search_term_string}"},"query-input":{"@type":"PropertyValueSpecification","valueRequired":true,"valueName":"search_term_string"}}],"inLanguage":"fr-FR"},{"@type":"Organization","@id":"https:\/\/lasentinelle.dz\/#organization","name":"Quotidien La Sentinelle","url":"https:\/\/lasentinelle.dz\/","logo":{"@type":"ImageObject","inLanguage":"fr-FR","@id":"https:\/\/lasentinelle.dz\/#\/schema\/logo\/image\/","url":"https:\/\/lasentinelle.dz\/wp-content\/uploads\/2021\/09\/logo-sentinelleSLOGAN-1.png","contentUrl":"https:\/\/lasentinelle.dz\/wp-content\/uploads\/2021\/09\/logo-sentinelleSLOGAN-1.png","width":615,"height":142,"caption":"Quotidien La Sentinelle"},"image":{"@id":"https:\/\/lasentinelle.dz\/#\/schema\/logo\/image\/"},"sameAs":["https:\/\/www.facebook.com\/La-Sentinelle-104059864394773"]},{"@type":"Person","@id":"https:\/\/lasentinelle.dz\/#\/schema\/person\/d865044e22e70a75174ce8bcad3acfb3","name":"La Sentinelle","image":{"@type":"ImageObject","inLanguage":"fr-FR","@id":"https:\/\/secure.gravatar.com\/avatar\/57de8e5d4b15d43fb361a71fbb36338450fe67865b528a43dd10ef7c51a20392?s=96&d=mm&r=g","url":"https:\/\/secure.gravatar.com\/avatar\/57de8e5d4b15d43fb361a71fbb36338450fe67865b528a43dd10ef7c51a20392?s=96&d=mm&r=g","contentUrl":"https:\/\/secure.gravatar.com\/avatar\/57de8e5d4b15d43fb361a71fbb36338450fe67865b528a43dd10ef7c51a20392?s=96&d=mm&r=g","caption":"La Sentinelle"},"sameAs":["http:\/\/www.lasentinelle.dz"],"url":"https:\/\/lasentinelle.dz\/author\/redaction\/"}]}},"_links":{"self":[{"href":"https:\/\/lasentinelle.dz\/index.php\/wp-json\/wp\/v2\/posts\/6734","targetHints":{"allow":["GET"]}}],"collection":[{"href":"https:\/\/lasentinelle.dz\/index.php\/wp-json\/wp\/v2\/posts"}],"about":[{"href":"https:\/\/lasentinelle.dz\/index.php\/wp-json\/wp\/v2\/types\/post"}],"author":[{"embeddable":true,"href":"https:\/\/lasentinelle.dz\/index.php\/wp-json\/wp\/v2\/users\/3"}],"replies":[{"embeddable":true,"href":"https:\/\/lasentinelle.dz\/index.php\/wp-json\/wp\/v2\/comments?post=6734"}],"version-history":[{"count":1,"href":"https:\/\/lasentinelle.dz\/index.php\/wp-json\/wp\/v2\/posts\/6734\/revisions"}],"predecessor-version":[{"id":6741,"href":"https:\/\/lasentinelle.dz\/index.php\/wp-json\/wp\/v2\/posts\/6734\/revisions\/6741"}],"wp:featuredmedia":[{"embeddable":true,"href":"https:\/\/lasentinelle.dz\/index.php\/wp-json\/wp\/v2\/media\/6740"}],"wp:attachment":[{"href":"https:\/\/lasentinelle.dz\/index.php\/wp-json\/wp\/v2\/media?parent=6734"}],"wp:term":[{"taxonomy":"category","embeddable":true,"href":"https:\/\/lasentinelle.dz\/index.php\/wp-json\/wp\/v2\/categories?post=6734"},{"taxonomy":"post_tag","embeddable":true,"href":"https:\/\/lasentinelle.dz\/index.php\/wp-json\/wp\/v2\/tags?post=6734"}],"curies":[{"name":"wp","href":"https:\/\/api.w.org\/{rel}","templated":true}]}}