{"id":6753,"date":"2021-09-07T00:01:00","date_gmt":"2021-09-06T23:01:00","guid":{"rendered":"https:\/\/lasentinelle.dz\/?p=6753"},"modified":"2021-09-06T15:12:51","modified_gmt":"2021-09-06T14:12:51","slug":"federation-algerienne-de-handball-labane-suspendu-a-titre-conservatoire","status":"publish","type":"post","link":"https:\/\/lasentinelle.dz\/index.php\/2021\/09\/07\/federation-algerienne-de-handball-labane-suspendu-a-titre-conservatoire\/","title":{"rendered":"F\u00e9d\u00e9ration alg\u00e9rienne de handball : Labane suspendu \u00e0 titre conservatoire"},"content":{"rendered":"\n<p>Le ministre de la Jeunesse et des Sports, Abderezak Sebgag, a fait \u00e9tat de \u00ab\u00a0la suspension \u00e0 titre conservatoire\u00a0\u00bb du pr\u00e9sident de la F\u00e9d\u00e9ration alg\u00e9rienne du handball (FAHB), en raison de manquements dans la gestion du mandat olympique pr\u00e9c\u00e9dant, soulignant l&rsquo;existence de 10 dossiers concernant des f\u00e9d\u00e9rations sportives au niveau de \u00ab\u00a0l&rsquo;instruction et de la justice\u00a0\u00bb. \u00ab\u00a0J&rsquo;ai transmis pour instruction un dossier contenant des manquements dans la gestion au sein de la FAHB et j&rsquo;ai ordonn\u00e9 la suspension \u00e0 titre conservatoire de son pr\u00e9sident (Habib Labane), directement concern\u00e9 par l&rsquo;affaire\u00a0\u00bb, a d\u00e9clar\u00e9 le ministre lors d&rsquo;une conf\u00e9rence de presse tenue, dimanche, au centre de presse du complexe olympique Mohamed Boudiaf. Pour rappel, Habib Labane a \u00e9t\u00e9 reconduit \u00e0 la t\u00eate de la FAHB pour le mandat olympique 2021-2024, lors de l&rsquo;Assembl\u00e9e g\u00e9n\u00e9rale \u00e9lective \u00ab\u00a0bis\u00a0\u00bb, avec un total de 50 voix contre 44 pour son rival Taher Allioui, sur un total de 97 voix exprim\u00e9es. Affirmant que les services du minist\u00e8re de la Jeunesse et des Sports se penchaient minutieuse ment sur la situation de toutes les instances f\u00e9d\u00e9rales, Sebgag a indiqu\u00e9 concernant l&rsquo;examen des dossiers relatifs aux pr\u00e9c\u00e9dents mandats, que \u00ab\u00a010 dossiers sont en instruction au niveau de la justice\u00a0\u00bb. Pour le ministre, \u00ab\u00a0le renouvellement des f\u00e9d\u00e9rations sportives avant les JO n&#8217;emp\u00eache la reddition des comptes car le minist\u00e8re traite avec les instances et non pas avec les personnes\u00a0\u00bb. Ainsi, a-t-il ajout\u00e9 \u00ab\u00a0il a \u00e9t\u00e9 demand\u00e9 une situation de l&rsquo;ensemble des instances f\u00e9d\u00e9rales pour le mandat olympique 2017 -2020 et les rapports de l&rsquo;Inspection g\u00e9n\u00e9rale abordent toutes les lacunes et infractions enregistr\u00e9es\u00a0\u00bb. Dans le m\u00eame contexte, le ministre a r\u00e9v\u00e9l\u00e9 que \u00ab\u00a0les dossiers de la f\u00e9d\u00e9ration d&rsquo;halt\u00e9rophilie et des JO de Rio-2016, ainsi que le dossier des missions \u00e0 l&rsquo;\u00e9tranger sont aussi au niveau de la justice\u00a0\u00bb. Concernant ses r\u00e9centes d\u00e9clarations sur le changement n\u00e9cessaire de certains cadres du secteur occupant les m\u00eames postes depuis de nombreuses ann\u00e9es sans r\u00e9aliser de r\u00e9sultats positifs, le ministre de la Jeunesse et des Sports s&rsquo;est dit \u00ab\u00a0convaincu de ce constat et que des d\u00e9cisions appropri\u00e9es seront prises le moment opportun\u00a0\u00bb&nbsp; Sebgag a tenu a pr\u00e9cis\u00e9 que le plus important pour lui \u00e9tait \u00ab\u00a0le travail assidu\u00a0\u00bb en vue de la bonne gestion du secteur.<\/p>\n\n\n\n<p>APS<\/p>\n","protected":false},"excerpt":{"rendered":"<p>Le ministre de la Jeunesse et des Sports, Abderezak Sebgag, a fait \u00e9tat de \u00ab\u00a0la suspension \u00e0 titre conservatoire\u00a0\u00bb du<\/p>\n","protected":false},"author":3,"featured_media":6775,"comment_status":"open","ping_status":"closed","sticky":false,"template":"","format":"standard","meta":{"colormag_page_container_layout":"default_layout","colormag_page_sidebar_layout":"default_layout","om_disable_all_campaigns":false,"_monsterinsights_skip_tracking":false,"_monsterinsights_sitenote_active":false,"_monsterinsights_sitenote_note":"","_monsterinsights_sitenote_category":0,"footnotes":"","_wpscppro_dont_share_socialmedia":false,"_wpscppro_custom_social_share_image":0,"_facebook_share_type":"","_twitter_share_type":"","_linkedin_share_type":"","_pinterest_share_type":"","_linkedin_share_type_page":"","_instagram_share_type":"","_medium_share_type":"","_threads_share_type":"","_google_business_share_type":"","_selected_social_profile":[],"_wpsp_enable_custom_social_template":false,"_wpsp_social_scheduling":{"enabled":false,"datetime":null,"platforms":[],"status":"template_only","dateOption":"today","timeOption":"now","customDays":"","customHours":"","customDate":"","customTime":"","schedulingType":"absolute"},"_wpsp_active_default_template":true},"categories":[33],"tags":[],"class_list":["post-6753","post","type-post","status-publish","format-standard","has-post-thumbnail","hentry","category-sports"],"aioseo_notices":[],"yoast_head":"<!-- This site is optimized with the Yoast SEO plugin v27.5 - https:\/\/yoast.com\/product\/yoast-seo-wordpress\/ -->\n<title>F\u00e9d\u00e9ration alg\u00e9rienne de handball : Labane suspendu \u00e0 titre conservatoire - La Sentinelle<\/title>\n<meta name=\"robots\" content=\"index, follow, max-snippet:-1, max-image-preview:large, max-video-preview:-1\" \/>\n<link rel=\"canonical\" href=\"https:\/\/lasentinelle.dz\/index.php\/2021\/09\/07\/federation-algerienne-de-handball-labane-suspendu-a-titre-conservatoire\/\" \/>\n<meta property=\"og:locale\" content=\"fr_FR\" \/>\n<meta property=\"og:type\" content=\"article\" \/>\n<meta property=\"og:title\" content=\"F\u00e9d\u00e9ration alg\u00e9rienne de handball : Labane suspendu \u00e0 titre conservatoire - La Sentinelle\" \/>\n<meta property=\"og:description\" content=\"Le ministre de la Jeunesse et des Sports, Abderezak Sebgag, a fait \u00e9tat de \u00ab\u00a0la suspension \u00e0 titre conservatoire\u00a0\u00bb du\" \/>\n<meta property=\"og:url\" content=\"https:\/\/lasentinelle.dz\/index.php\/2021\/09\/07\/federation-algerienne-de-handball-labane-suspendu-a-titre-conservatoire\/\" \/>\n<meta property=\"og:site_name\" content=\"La Sentinelle\" \/>\n<meta property=\"article:publisher\" content=\"https:\/\/www.facebook.com\/La-Sentinelle-104059864394773\" \/>\n<meta property=\"article:published_time\" content=\"2021-09-06T23:01:00+00:00\" \/>\n<meta property=\"og:image\" content=\"https:\/\/lasentinelle.dz\/wp-content\/uploads\/2021\/09\/image_2021-09-06_151242.png\" \/>\n\t<meta property=\"og:image:width\" content=\"620\" \/>\n\t<meta property=\"og:image:height\" content=\"330\" \/>\n\t<meta property=\"og:image:type\" content=\"image\/png\" \/>\n<meta name=\"author\" content=\"La Sentinelle\" \/>\n<meta name=\"twitter:card\" content=\"summary_large_image\" \/>\n<meta name=\"twitter:label1\" content=\"\u00c9crit par\" \/>\n\t<meta name=\"twitter:data1\" content=\"La Sentinelle\" \/>\n\t<meta name=\"twitter:label2\" content=\"Dur\u00e9e de lecture estim\u00e9e\" \/>\n\t<meta name=\"twitter:data2\" content=\"2 minutes\" \/>\n<script type=\"application\/ld+json\" class=\"yoast-schema-graph\">{\"@context\":\"https:\\\/\\\/schema.org\",\"@graph\":[{\"@type\":\"Article\",\"@id\":\"https:\\\/\\\/lasentinelle.dz\\\/index.php\\\/2021\\\/09\\\/07\\\/federation-algerienne-de-handball-labane-suspendu-a-titre-conservatoire\\\/#article\",\"isPartOf\":{\"@id\":\"https:\\\/\\\/lasentinelle.dz\\\/index.php\\\/2021\\\/09\\\/07\\\/federation-algerienne-de-handball-labane-suspendu-a-titre-conservatoire\\\/\"},\"author\":{\"name\":\"La Sentinelle\",\"@id\":\"https:\\\/\\\/lasentinelle.dz\\\/#\\\/schema\\\/person\\\/d865044e22e70a75174ce8bcad3acfb3\"},\"headline\":\"F\u00e9d\u00e9ration alg\u00e9rienne de handball : Labane suspendu \u00e0 titre conservatoire\",\"datePublished\":\"2021-09-06T23:01:00+00:00\",\"mainEntityOfPage\":{\"@id\":\"https:\\\/\\\/lasentinelle.dz\\\/index.php\\\/2021\\\/09\\\/07\\\/federation-algerienne-de-handball-labane-suspendu-a-titre-conservatoire\\\/\"},\"wordCount\":433,\"commentCount\":0,\"publisher\":{\"@id\":\"https:\\\/\\\/lasentinelle.dz\\\/#organization\"},\"image\":{\"@id\":\"https:\\\/\\\/lasentinelle.dz\\\/index.php\\\/2021\\\/09\\\/07\\\/federation-algerienne-de-handball-labane-suspendu-a-titre-conservatoire\\\/#primaryimage\"},\"thumbnailUrl\":\"https:\\\/\\\/lasentinelle.dz\\\/wp-content\\\/uploads\\\/2021\\\/09\\\/image_2021-09-06_151242.png\",\"articleSection\":[\"Sports\"],\"inLanguage\":\"fr-FR\",\"potentialAction\":[{\"@type\":\"CommentAction\",\"name\":\"Comment\",\"target\":[\"https:\\\/\\\/lasentinelle.dz\\\/index.php\\\/2021\\\/09\\\/07\\\/federation-algerienne-de-handball-labane-suspendu-a-titre-conservatoire\\\/#respond\"]}]},{\"@type\":\"WebPage\",\"@id\":\"https:\\\/\\\/lasentinelle.dz\\\/index.php\\\/2021\\\/09\\\/07\\\/federation-algerienne-de-handball-labane-suspendu-a-titre-conservatoire\\\/\",\"url\":\"https:\\\/\\\/lasentinelle.dz\\\/index.php\\\/2021\\\/09\\\/07\\\/federation-algerienne-de-handball-labane-suspendu-a-titre-conservatoire\\\/\",\"name\":\"F\u00e9d\u00e9ration alg\u00e9rienne de handball : Labane suspendu \u00e0 titre conservatoire - La Sentinelle\",\"isPartOf\":{\"@id\":\"https:\\\/\\\/lasentinelle.dz\\\/#website\"},\"primaryImageOfPage\":{\"@id\":\"https:\\\/\\\/lasentinelle.dz\\\/index.php\\\/2021\\\/09\\\/07\\\/federation-algerienne-de-handball-labane-suspendu-a-titre-conservatoire\\\/#primaryimage\"},\"image\":{\"@id\":\"https:\\\/\\\/lasentinelle.dz\\\/index.php\\\/2021\\\/09\\\/07\\\/federation-algerienne-de-handball-labane-suspendu-a-titre-conservatoire\\\/#primaryimage\"},\"thumbnailUrl\":\"https:\\\/\\\/lasentinelle.dz\\\/wp-content\\\/uploads\\\/2021\\\/09\\\/image_2021-09-06_151242.png\",\"datePublished\":\"2021-09-06T23:01:00+00:00\",\"breadcrumb\":{\"@id\":\"https:\\\/\\\/lasentinelle.dz\\\/index.php\\\/2021\\\/09\\\/07\\\/federation-algerienne-de-handball-labane-suspendu-a-titre-conservatoire\\\/#breadcrumb\"},\"inLanguage\":\"fr-FR\",\"potentialAction\":[{\"@type\":\"ReadAction\",\"target\":[\"https:\\\/\\\/lasentinelle.dz\\\/index.php\\\/2021\\\/09\\\/07\\\/federation-algerienne-de-handball-labane-suspendu-a-titre-conservatoire\\\/\"]}]},{\"@type\":\"ImageObject\",\"inLanguage\":\"fr-FR\",\"@id\":\"https:\\\/\\\/lasentinelle.dz\\\/index.php\\\/2021\\\/09\\\/07\\\/federation-algerienne-de-handball-labane-suspendu-a-titre-conservatoire\\\/#primaryimage\",\"url\":\"https:\\\/\\\/lasentinelle.dz\\\/wp-content\\\/uploads\\\/2021\\\/09\\\/image_2021-09-06_151242.png\",\"contentUrl\":\"https:\\\/\\\/lasentinelle.dz\\\/wp-content\\\/uploads\\\/2021\\\/09\\\/image_2021-09-06_151242.png\",\"width\":620,\"height\":330},{\"@type\":\"BreadcrumbList\",\"@id\":\"https:\\\/\\\/lasentinelle.dz\\\/index.php\\\/2021\\\/09\\\/07\\\/federation-algerienne-de-handball-labane-suspendu-a-titre-conservatoire\\\/#breadcrumb\",\"itemListElement\":[{\"@type\":\"ListItem\",\"position\":1,\"name\":\"Accueil\",\"item\":\"https:\\\/\\\/lasentinelle.dz\\\/\"},{\"@type\":\"ListItem\",\"position\":2,\"name\":\"F\u00e9d\u00e9ration alg\u00e9rienne de handball : Labane suspendu \u00e0 titre conservatoire\"}]},{\"@type\":\"WebSite\",\"@id\":\"https:\\\/\\\/lasentinelle.dz\\\/#website\",\"url\":\"https:\\\/\\\/lasentinelle.dz\\\/\",\"name\":\"La Sentinelle\",\"description\":\"Quotidien national d&#039;information\",\"publisher\":{\"@id\":\"https:\\\/\\\/lasentinelle.dz\\\/#organization\"},\"potentialAction\":[{\"@type\":\"SearchAction\",\"target\":{\"@type\":\"EntryPoint\",\"urlTemplate\":\"https:\\\/\\\/lasentinelle.dz\\\/?s={search_term_string}\"},\"query-input\":{\"@type\":\"PropertyValueSpecification\",\"valueRequired\":true,\"valueName\":\"search_term_string\"}}],\"inLanguage\":\"fr-FR\"},{\"@type\":\"Organization\",\"@id\":\"https:\\\/\\\/lasentinelle.dz\\\/#organization\",\"name\":\"Quotidien La Sentinelle\",\"url\":\"https:\\\/\\\/lasentinelle.dz\\\/\",\"logo\":{\"@type\":\"ImageObject\",\"inLanguage\":\"fr-FR\",\"@id\":\"https:\\\/\\\/lasentinelle.dz\\\/#\\\/schema\\\/logo\\\/image\\\/\",\"url\":\"https:\\\/\\\/lasentinelle.dz\\\/wp-content\\\/uploads\\\/2021\\\/09\\\/logo-sentinelleSLOGAN-1.png\",\"contentUrl\":\"https:\\\/\\\/lasentinelle.dz\\\/wp-content\\\/uploads\\\/2021\\\/09\\\/logo-sentinelleSLOGAN-1.png\",\"width\":615,\"height\":142,\"caption\":\"Quotidien La Sentinelle\"},\"image\":{\"@id\":\"https:\\\/\\\/lasentinelle.dz\\\/#\\\/schema\\\/logo\\\/image\\\/\"},\"sameAs\":[\"https:\\\/\\\/www.facebook.com\\\/La-Sentinelle-104059864394773\"]},{\"@type\":\"Person\",\"@id\":\"https:\\\/\\\/lasentinelle.dz\\\/#\\\/schema\\\/person\\\/d865044e22e70a75174ce8bcad3acfb3\",\"name\":\"La Sentinelle\",\"image\":{\"@type\":\"ImageObject\",\"inLanguage\":\"fr-FR\",\"@id\":\"https:\\\/\\\/secure.gravatar.com\\\/avatar\\\/57de8e5d4b15d43fb361a71fbb36338450fe67865b528a43dd10ef7c51a20392?s=96&d=mm&r=g\",\"url\":\"https:\\\/\\\/secure.gravatar.com\\\/avatar\\\/57de8e5d4b15d43fb361a71fbb36338450fe67865b528a43dd10ef7c51a20392?s=96&d=mm&r=g\",\"contentUrl\":\"https:\\\/\\\/secure.gravatar.com\\\/avatar\\\/57de8e5d4b15d43fb361a71fbb36338450fe67865b528a43dd10ef7c51a20392?s=96&d=mm&r=g\",\"caption\":\"La Sentinelle\"},\"sameAs\":[\"http:\\\/\\\/www.lasentinelle.dz\"],\"url\":\"https:\\\/\\\/lasentinelle.dz\\\/author\\\/redaction\\\/\"}]}<\/script>\n<!-- \/ Yoast SEO plugin. -->","yoast_head_json":{"title":"F\u00e9d\u00e9ration alg\u00e9rienne de handball : Labane suspendu \u00e0 titre conservatoire - La Sentinelle","robots":{"index":"index","follow":"follow","max-snippet":"max-snippet:-1","max-image-preview":"max-image-preview:large","max-video-preview":"max-video-preview:-1"},"canonical":"https:\/\/lasentinelle.dz\/index.php\/2021\/09\/07\/federation-algerienne-de-handball-labane-suspendu-a-titre-conservatoire\/","og_locale":"fr_FR","og_type":"article","og_title":"F\u00e9d\u00e9ration alg\u00e9rienne de handball : Labane suspendu \u00e0 titre conservatoire - La Sentinelle","og_description":"Le ministre de la Jeunesse et des Sports, Abderezak Sebgag, a fait \u00e9tat de \u00ab\u00a0la suspension \u00e0 titre conservatoire\u00a0\u00bb du","og_url":"https:\/\/lasentinelle.dz\/index.php\/2021\/09\/07\/federation-algerienne-de-handball-labane-suspendu-a-titre-conservatoire\/","og_site_name":"La Sentinelle","article_publisher":"https:\/\/www.facebook.com\/La-Sentinelle-104059864394773","article_published_time":"2021-09-06T23:01:00+00:00","og_image":[{"width":620,"height":330,"url":"https:\/\/lasentinelle.dz\/wp-content\/uploads\/2021\/09\/image_2021-09-06_151242.png","type":"image\/png"}],"author":"La Sentinelle","twitter_card":"summary_large_image","twitter_misc":{"\u00c9crit par":"La Sentinelle","Dur\u00e9e de lecture estim\u00e9e":"2 minutes"},"schema":{"@context":"https:\/\/schema.org","@graph":[{"@type":"Article","@id":"https:\/\/lasentinelle.dz\/index.php\/2021\/09\/07\/federation-algerienne-de-handball-labane-suspendu-a-titre-conservatoire\/#article","isPartOf":{"@id":"https:\/\/lasentinelle.dz\/index.php\/2021\/09\/07\/federation-algerienne-de-handball-labane-suspendu-a-titre-conservatoire\/"},"author":{"name":"La Sentinelle","@id":"https:\/\/lasentinelle.dz\/#\/schema\/person\/d865044e22e70a75174ce8bcad3acfb3"},"headline":"F\u00e9d\u00e9ration alg\u00e9rienne de handball : Labane suspendu \u00e0 titre conservatoire","datePublished":"2021-09-06T23:01:00+00:00","mainEntityOfPage":{"@id":"https:\/\/lasentinelle.dz\/index.php\/2021\/09\/07\/federation-algerienne-de-handball-labane-suspendu-a-titre-conservatoire\/"},"wordCount":433,"commentCount":0,"publisher":{"@id":"https:\/\/lasentinelle.dz\/#organization"},"image":{"@id":"https:\/\/lasentinelle.dz\/index.php\/2021\/09\/07\/federation-algerienne-de-handball-labane-suspendu-a-titre-conservatoire\/#primaryimage"},"thumbnailUrl":"https:\/\/lasentinelle.dz\/wp-content\/uploads\/2021\/09\/image_2021-09-06_151242.png","articleSection":["Sports"],"inLanguage":"fr-FR","potentialAction":[{"@type":"CommentAction","name":"Comment","target":["https:\/\/lasentinelle.dz\/index.php\/2021\/09\/07\/federation-algerienne-de-handball-labane-suspendu-a-titre-conservatoire\/#respond"]}]},{"@type":"WebPage","@id":"https:\/\/lasentinelle.dz\/index.php\/2021\/09\/07\/federation-algerienne-de-handball-labane-suspendu-a-titre-conservatoire\/","url":"https:\/\/lasentinelle.dz\/index.php\/2021\/09\/07\/federation-algerienne-de-handball-labane-suspendu-a-titre-conservatoire\/","name":"F\u00e9d\u00e9ration alg\u00e9rienne de handball : Labane suspendu \u00e0 titre conservatoire - La Sentinelle","isPartOf":{"@id":"https:\/\/lasentinelle.dz\/#website"},"primaryImageOfPage":{"@id":"https:\/\/lasentinelle.dz\/index.php\/2021\/09\/07\/federation-algerienne-de-handball-labane-suspendu-a-titre-conservatoire\/#primaryimage"},"image":{"@id":"https:\/\/lasentinelle.dz\/index.php\/2021\/09\/07\/federation-algerienne-de-handball-labane-suspendu-a-titre-conservatoire\/#primaryimage"},"thumbnailUrl":"https:\/\/lasentinelle.dz\/wp-content\/uploads\/2021\/09\/image_2021-09-06_151242.png","datePublished":"2021-09-06T23:01:00+00:00","breadcrumb":{"@id":"https:\/\/lasentinelle.dz\/index.php\/2021\/09\/07\/federation-algerienne-de-handball-labane-suspendu-a-titre-conservatoire\/#breadcrumb"},"inLanguage":"fr-FR","potentialAction":[{"@type":"ReadAction","target":["https:\/\/lasentinelle.dz\/index.php\/2021\/09\/07\/federation-algerienne-de-handball-labane-suspendu-a-titre-conservatoire\/"]}]},{"@type":"ImageObject","inLanguage":"fr-FR","@id":"https:\/\/lasentinelle.dz\/index.php\/2021\/09\/07\/federation-algerienne-de-handball-labane-suspendu-a-titre-conservatoire\/#primaryimage","url":"https:\/\/lasentinelle.dz\/wp-content\/uploads\/2021\/09\/image_2021-09-06_151242.png","contentUrl":"https:\/\/lasentinelle.dz\/wp-content\/uploads\/2021\/09\/image_2021-09-06_151242.png","width":620,"height":330},{"@type":"BreadcrumbList","@id":"https:\/\/lasentinelle.dz\/index.php\/2021\/09\/07\/federation-algerienne-de-handball-labane-suspendu-a-titre-conservatoire\/#breadcrumb","itemListElement":[{"@type":"ListItem","position":1,"name":"Accueil","item":"https:\/\/lasentinelle.dz\/"},{"@type":"ListItem","position":2,"name":"F\u00e9d\u00e9ration alg\u00e9rienne de handball : Labane suspendu \u00e0 titre conservatoire"}]},{"@type":"WebSite","@id":"https:\/\/lasentinelle.dz\/#website","url":"https:\/\/lasentinelle.dz\/","name":"La Sentinelle","description":"Quotidien national d&#039;information","publisher":{"@id":"https:\/\/lasentinelle.dz\/#organization"},"potentialAction":[{"@type":"SearchAction","target":{"@type":"EntryPoint","urlTemplate":"https:\/\/lasentinelle.dz\/?s={search_term_string}"},"query-input":{"@type":"PropertyValueSpecification","valueRequired":true,"valueName":"search_term_string"}}],"inLanguage":"fr-FR"},{"@type":"Organization","@id":"https:\/\/lasentinelle.dz\/#organization","name":"Quotidien La Sentinelle","url":"https:\/\/lasentinelle.dz\/","logo":{"@type":"ImageObject","inLanguage":"fr-FR","@id":"https:\/\/lasentinelle.dz\/#\/schema\/logo\/image\/","url":"https:\/\/lasentinelle.dz\/wp-content\/uploads\/2021\/09\/logo-sentinelleSLOGAN-1.png","contentUrl":"https:\/\/lasentinelle.dz\/wp-content\/uploads\/2021\/09\/logo-sentinelleSLOGAN-1.png","width":615,"height":142,"caption":"Quotidien La Sentinelle"},"image":{"@id":"https:\/\/lasentinelle.dz\/#\/schema\/logo\/image\/"},"sameAs":["https:\/\/www.facebook.com\/La-Sentinelle-104059864394773"]},{"@type":"Person","@id":"https:\/\/lasentinelle.dz\/#\/schema\/person\/d865044e22e70a75174ce8bcad3acfb3","name":"La Sentinelle","image":{"@type":"ImageObject","inLanguage":"fr-FR","@id":"https:\/\/secure.gravatar.com\/avatar\/57de8e5d4b15d43fb361a71fbb36338450fe67865b528a43dd10ef7c51a20392?s=96&d=mm&r=g","url":"https:\/\/secure.gravatar.com\/avatar\/57de8e5d4b15d43fb361a71fbb36338450fe67865b528a43dd10ef7c51a20392?s=96&d=mm&r=g","contentUrl":"https:\/\/secure.gravatar.com\/avatar\/57de8e5d4b15d43fb361a71fbb36338450fe67865b528a43dd10ef7c51a20392?s=96&d=mm&r=g","caption":"La Sentinelle"},"sameAs":["http:\/\/www.lasentinelle.dz"],"url":"https:\/\/lasentinelle.dz\/author\/redaction\/"}]}},"_links":{"self":[{"href":"https:\/\/lasentinelle.dz\/index.php\/wp-json\/wp\/v2\/posts\/6753","targetHints":{"allow":["GET"]}}],"collection":[{"href":"https:\/\/lasentinelle.dz\/index.php\/wp-json\/wp\/v2\/posts"}],"about":[{"href":"https:\/\/lasentinelle.dz\/index.php\/wp-json\/wp\/v2\/types\/post"}],"author":[{"embeddable":true,"href":"https:\/\/lasentinelle.dz\/index.php\/wp-json\/wp\/v2\/users\/3"}],"replies":[{"embeddable":true,"href":"https:\/\/lasentinelle.dz\/index.php\/wp-json\/wp\/v2\/comments?post=6753"}],"version-history":[{"count":1,"href":"https:\/\/lasentinelle.dz\/index.php\/wp-json\/wp\/v2\/posts\/6753\/revisions"}],"predecessor-version":[{"id":6774,"href":"https:\/\/lasentinelle.dz\/index.php\/wp-json\/wp\/v2\/posts\/6753\/revisions\/6774"}],"wp:featuredmedia":[{"embeddable":true,"href":"https:\/\/lasentinelle.dz\/index.php\/wp-json\/wp\/v2\/media\/6775"}],"wp:attachment":[{"href":"https:\/\/lasentinelle.dz\/index.php\/wp-json\/wp\/v2\/media?parent=6753"}],"wp:term":[{"taxonomy":"category","embeddable":true,"href":"https:\/\/lasentinelle.dz\/index.php\/wp-json\/wp\/v2\/categories?post=6753"},{"taxonomy":"post_tag","embeddable":true,"href":"https:\/\/lasentinelle.dz\/index.php\/wp-json\/wp\/v2\/tags?post=6753"}],"curies":[{"name":"wp","href":"https:\/\/api.w.org\/{rel}","templated":true}]}}