{"id":67605,"date":"2025-05-20T10:10:32","date_gmt":"2025-05-20T09:10:32","guid":{"rendered":"https:\/\/lasentinelle.dz\/?p=67605"},"modified":"2025-05-20T10:10:33","modified_gmt":"2025-05-20T09:10:33","slug":"handisport-le-college-technique-national-se-reunit-pour-tracer-les-perspectives-de-developpement","status":"publish","type":"post","link":"https:\/\/lasentinelle.dz\/index.php\/2025\/05\/20\/handisport-le-college-technique-national-se-reunit-pour-tracer-les-perspectives-de-developpement\/","title":{"rendered":"Handisport: Le Coll\u00e8ge technique national se r\u00e9unit pour tracer les perspectives de d\u00e9veloppement"},"content":{"rendered":"\n<p>Le Coll\u00e8ge technique national de la F\u00e9d\u00e9ration alg\u00e9rienne handisport (FAH) a tenu ce lundi une importante r\u00e9union \u00e0 l&rsquo;Institut d&rsquo;\u00e9ducation physique et sportif de D\u00e9ly-Ibrahim (Alger), un rendez-vous qui s&rsquo;annonce crucial pour l&rsquo;avenir des douze disciplines handisport pratiqu\u00e9es \u00e0 travers le pays. Pr\u00e9sid\u00e9e par le Directeur technique national, Salim Boutebcha, cette assembl\u00e9e mobilise l&rsquo;ensemble des acteurs du handisport alg\u00e9rien dans un effort concert\u00e9 pour optimiser les structures et le fonctionnement de ce secteur sportif en pleine expansion. La r\u00e9union, qui s&rsquo;inscrit dans le cadre de la convention r\u00e9cemment sign\u00e9e entre la FAH et l&rsquo;Institut d&rsquo;\u00e9ducation physique et sportif, rassemble un large \u00e9ventail de participants, notamment les pr\u00e9sidents des ligues r\u00e9gionales et de wilayas ou leurs repr\u00e9sentants, ainsi que les dirigeants des clubs handisport. \u00c0 leurs c\u00f4t\u00e9s figurent les membres de la Direction technique nationale (DTN), initiatrice de cette rencontre, les responsables des directions m\u00e9thodologiques de la F\u00e9d\u00e9ration, telles que la Direction de l&rsquo;organisation sportive, de la formation, du d\u00e9veloppement sportif et des jeunes talents, sans oublier le secr\u00e9taire g\u00e9n\u00e9ral de la FAH.<\/p>\n\n\n\n<p>L&rsquo;ordre du jour particuli\u00e8rement charg\u00e9 t\u00e9moigne de l&rsquo;ambition des organisateurs d&rsquo;aborder l&rsquo;ensemble des aspects cruciaux pour le d\u00e9veloppement du handisport alg\u00e9rien. Les participants se sont pench\u00e9s sur les lois g\u00e9n\u00e9rales et les proc\u00e9dures administratives, les concepts li\u00e9s \u00e0 la classification dans les diff\u00e9rentes disciplines, la formation et le d\u00e9veloppement du handisport selon les sp\u00e9cialit\u00e9s, ainsi que le syst\u00e8me de comp\u00e9tition, incluant les r\u00e8glements et l&rsquo;organisation des \u00e9preuves. Cette approche globale vise \u00e0 \u00e9tablir un cadre coh\u00e9rent et dynamique pour l&rsquo;\u00e9volution du handisport national.<\/p>\n\n\n\n<p>\u00ab\u00a0Le Coll\u00e8ge technique est un organe consultatif qui se r\u00e9unit en session ordinaire. Ses programmes seront soumis \u00e0 l&rsquo;approbation du Bureau f\u00e9d\u00e9ral de la F\u00e9d\u00e9ration avant leur mise en application sur le terrain\u00a0\u00bb, a pr\u00e9cis\u00e9 Salim Boutebcha, soulignant ainsi le caract\u00e8re m\u00e9thodique de la d\u00e9marche adopt\u00e9e. Le DTN a \u00e9galement indiqu\u00e9 que \u00ab\u00a0le Coll\u00e8ge technique national sera notamment charg\u00e9 de formuler toutes propositions, recommandations et avis susceptibles de contribuer \u00e0 la d\u00e9finition des objectifs et \u00e0 la mise en \u0153uvre des actions li\u00e9es \u00e0 la promotion et au d\u00e9veloppement du handisport.\u00a0\u00bb<\/p>\n\n\n\n<p>Cette r\u00e9union repr\u00e9sente une opportunit\u00e9 unique de dialogue et de concertation pour les douze disciplines pratiqu\u00e9es au niveau des ligues: para-athl\u00e9tisme, para-judo, handi-basket, para-powerlifting, football pour d\u00e9ficients visuels, goal-ball, football pour amput\u00e9s, para-tennis de table, football pour personnes avec infirmit\u00e9 motrice c\u00e9r\u00e9brale (IMC), para-hand, para-natation et boccia. L&rsquo;objectif est de permettre \u00e0 chaque sp\u00e9cialit\u00e9 d&rsquo;exprimer ses besoins sp\u00e9cifiques et de contribuer \u00e0 l&rsquo;\u00e9laboration d&rsquo;une vision commune pour l&rsquo;avenir.<\/p>\n\n\n\n<p>Le Coll\u00e8ge technique national, en tant qu&rsquo;organe technique de la FAH, assume des responsabilit\u00e9s essentielles dans la structuration du handisport alg\u00e9rien. Parmi ses missions principales figurent l&rsquo;\u00e9laboration des programmes d&rsquo;activit\u00e9s saisonniers, la proposition de syst\u00e8mes et de formules de comp\u00e9tition adapt\u00e9s, ainsi que le d\u00e9veloppement de programmes de formation destin\u00e9s aux \u00e9ducateurs de diff\u00e9rents niveaux exer\u00e7ant \u00e0 temps partiel.<\/p>\n\n\n\n<p>M.D.<\/p>\n","protected":false},"excerpt":{"rendered":"<p>Le Coll\u00e8ge technique national de la F\u00e9d\u00e9ration alg\u00e9rienne handisport (FAH) a tenu ce lundi une importante r\u00e9union \u00e0 l&rsquo;Institut d&rsquo;\u00e9ducation<\/p>\n","protected":false},"author":6,"featured_media":62710,"comment_status":"open","ping_status":"closed","sticky":false,"template":"","format":"standard","meta":{"colormag_page_container_layout":"default_layout","colormag_page_sidebar_layout":"default_layout","om_disable_all_campaigns":false,"_monsterinsights_skip_tracking":false,"_monsterinsights_sitenote_active":false,"_monsterinsights_sitenote_note":"","_monsterinsights_sitenote_category":0,"footnotes":"","_wpscppro_dont_share_socialmedia":false,"_wpscppro_custom_social_share_image":0,"_facebook_share_type":"default","_twitter_share_type":"default","_linkedin_share_type":"default","_pinterest_share_type":"default","_linkedin_share_type_page":"","_instagram_share_type":"default","_medium_share_type":"default","_threads_share_type":"","_google_business_share_type":"","_selected_social_profile":[],"_wpsp_enable_custom_social_template":false,"_wpsp_social_scheduling":{"enabled":false,"datetime":null,"platforms":[],"status":"template_only","dateOption":"today","timeOption":"now","customDays":"","customHours":"","customDate":"","customTime":"","schedulingType":"absolute"},"_wpsp_active_default_template":true},"categories":[33],"tags":[],"class_list":["post-67605","post","type-post","status-publish","format-standard","has-post-thumbnail","hentry","category-sports"],"aioseo_notices":[],"yoast_head":"<!-- This site is optimized with the Yoast SEO plugin v27.5 - https:\/\/yoast.com\/product\/yoast-seo-wordpress\/ -->\n<title>Handisport: Le Coll\u00e8ge technique national se r\u00e9unit pour tracer les perspectives de d\u00e9veloppement - La Sentinelle<\/title>\n<meta name=\"robots\" content=\"index, follow, max-snippet:-1, max-image-preview:large, max-video-preview:-1\" \/>\n<link rel=\"canonical\" href=\"https:\/\/lasentinelle.dz\/index.php\/2025\/05\/20\/handisport-le-college-technique-national-se-reunit-pour-tracer-les-perspectives-de-developpement\/\" \/>\n<meta property=\"og:locale\" content=\"fr_FR\" \/>\n<meta property=\"og:type\" content=\"article\" \/>\n<meta property=\"og:title\" content=\"Handisport: Le Coll\u00e8ge technique national se r\u00e9unit pour tracer les perspectives de d\u00e9veloppement - La Sentinelle\" \/>\n<meta property=\"og:description\" content=\"Le Coll\u00e8ge technique national de la F\u00e9d\u00e9ration alg\u00e9rienne handisport (FAH) a tenu ce lundi une importante r\u00e9union \u00e0 l&rsquo;Institut d&rsquo;\u00e9ducation\" \/>\n<meta property=\"og:url\" content=\"https:\/\/lasentinelle.dz\/index.php\/2025\/05\/20\/handisport-le-college-technique-national-se-reunit-pour-tracer-les-perspectives-de-developpement\/\" \/>\n<meta property=\"og:site_name\" content=\"La Sentinelle\" \/>\n<meta property=\"article:publisher\" content=\"https:\/\/www.facebook.com\/La-Sentinelle-104059864394773\" \/>\n<meta property=\"article:published_time\" content=\"2025-05-20T09:10:32+00:00\" \/>\n<meta property=\"article:modified_time\" content=\"2025-05-20T09:10:33+00:00\" \/>\n<meta property=\"og:image\" content=\"https:\/\/lasentinelle.dz\/wp-content\/uploads\/2025\/02\/handisport.jpg\" \/>\n\t<meta property=\"og:image:width\" content=\"612\" \/>\n\t<meta property=\"og:image:height\" content=\"471\" \/>\n\t<meta property=\"og:image:type\" content=\"image\/jpeg\" \/>\n<meta name=\"author\" content=\"admin\" \/>\n<meta name=\"twitter:card\" content=\"summary_large_image\" \/>\n<meta name=\"twitter:label1\" content=\"\u00c9crit par\" \/>\n\t<meta name=\"twitter:data1\" content=\"admin\" \/>\n\t<meta name=\"twitter:label2\" content=\"Dur\u00e9e de lecture estim\u00e9e\" \/>\n\t<meta name=\"twitter:data2\" content=\"3 minutes\" \/>\n<script type=\"application\/ld+json\" class=\"yoast-schema-graph\">{\"@context\":\"https:\\\/\\\/schema.org\",\"@graph\":[{\"@type\":\"Article\",\"@id\":\"https:\\\/\\\/lasentinelle.dz\\\/index.php\\\/2025\\\/05\\\/20\\\/handisport-le-college-technique-national-se-reunit-pour-tracer-les-perspectives-de-developpement\\\/#article\",\"isPartOf\":{\"@id\":\"https:\\\/\\\/lasentinelle.dz\\\/index.php\\\/2025\\\/05\\\/20\\\/handisport-le-college-technique-national-se-reunit-pour-tracer-les-perspectives-de-developpement\\\/\"},\"author\":{\"name\":\"admin\",\"@id\":\"https:\\\/\\\/lasentinelle.dz\\\/#\\\/schema\\\/person\\\/729ee0024f24e0b8c5ec17232f8e8b41\"},\"headline\":\"Handisport: Le Coll\u00e8ge technique national se r\u00e9unit pour tracer les perspectives de d\u00e9veloppement\",\"datePublished\":\"2025-05-20T09:10:32+00:00\",\"dateModified\":\"2025-05-20T09:10:33+00:00\",\"mainEntityOfPage\":{\"@id\":\"https:\\\/\\\/lasentinelle.dz\\\/index.php\\\/2025\\\/05\\\/20\\\/handisport-le-college-technique-national-se-reunit-pour-tracer-les-perspectives-de-developpement\\\/\"},\"wordCount\":582,\"commentCount\":0,\"publisher\":{\"@id\":\"https:\\\/\\\/lasentinelle.dz\\\/#organization\"},\"image\":{\"@id\":\"https:\\\/\\\/lasentinelle.dz\\\/index.php\\\/2025\\\/05\\\/20\\\/handisport-le-college-technique-national-se-reunit-pour-tracer-les-perspectives-de-developpement\\\/#primaryimage\"},\"thumbnailUrl\":\"https:\\\/\\\/lasentinelle.dz\\\/wp-content\\\/uploads\\\/2025\\\/02\\\/handisport.jpg\",\"articleSection\":[\"Sports\"],\"inLanguage\":\"fr-FR\",\"potentialAction\":[{\"@type\":\"CommentAction\",\"name\":\"Comment\",\"target\":[\"https:\\\/\\\/lasentinelle.dz\\\/index.php\\\/2025\\\/05\\\/20\\\/handisport-le-college-technique-national-se-reunit-pour-tracer-les-perspectives-de-developpement\\\/#respond\"]}]},{\"@type\":\"WebPage\",\"@id\":\"https:\\\/\\\/lasentinelle.dz\\\/index.php\\\/2025\\\/05\\\/20\\\/handisport-le-college-technique-national-se-reunit-pour-tracer-les-perspectives-de-developpement\\\/\",\"url\":\"https:\\\/\\\/lasentinelle.dz\\\/index.php\\\/2025\\\/05\\\/20\\\/handisport-le-college-technique-national-se-reunit-pour-tracer-les-perspectives-de-developpement\\\/\",\"name\":\"Handisport: Le Coll\u00e8ge technique national se r\u00e9unit pour tracer les perspectives de d\u00e9veloppement - La Sentinelle\",\"isPartOf\":{\"@id\":\"https:\\\/\\\/lasentinelle.dz\\\/#website\"},\"primaryImageOfPage\":{\"@id\":\"https:\\\/\\\/lasentinelle.dz\\\/index.php\\\/2025\\\/05\\\/20\\\/handisport-le-college-technique-national-se-reunit-pour-tracer-les-perspectives-de-developpement\\\/#primaryimage\"},\"image\":{\"@id\":\"https:\\\/\\\/lasentinelle.dz\\\/index.php\\\/2025\\\/05\\\/20\\\/handisport-le-college-technique-national-se-reunit-pour-tracer-les-perspectives-de-developpement\\\/#primaryimage\"},\"thumbnailUrl\":\"https:\\\/\\\/lasentinelle.dz\\\/wp-content\\\/uploads\\\/2025\\\/02\\\/handisport.jpg\",\"datePublished\":\"2025-05-20T09:10:32+00:00\",\"dateModified\":\"2025-05-20T09:10:33+00:00\",\"breadcrumb\":{\"@id\":\"https:\\\/\\\/lasentinelle.dz\\\/index.php\\\/2025\\\/05\\\/20\\\/handisport-le-college-technique-national-se-reunit-pour-tracer-les-perspectives-de-developpement\\\/#breadcrumb\"},\"inLanguage\":\"fr-FR\",\"potentialAction\":[{\"@type\":\"ReadAction\",\"target\":[\"https:\\\/\\\/lasentinelle.dz\\\/index.php\\\/2025\\\/05\\\/20\\\/handisport-le-college-technique-national-se-reunit-pour-tracer-les-perspectives-de-developpement\\\/\"]}]},{\"@type\":\"ImageObject\",\"inLanguage\":\"fr-FR\",\"@id\":\"https:\\\/\\\/lasentinelle.dz\\\/index.php\\\/2025\\\/05\\\/20\\\/handisport-le-college-technique-national-se-reunit-pour-tracer-les-perspectives-de-developpement\\\/#primaryimage\",\"url\":\"https:\\\/\\\/lasentinelle.dz\\\/wp-content\\\/uploads\\\/2025\\\/02\\\/handisport.jpg\",\"contentUrl\":\"https:\\\/\\\/lasentinelle.dz\\\/wp-content\\\/uploads\\\/2025\\\/02\\\/handisport.jpg\",\"width\":612,\"height\":471,\"caption\":\"Paris, France - September 3: Mohamed Berrahal of Algeria competes during Men's 200m T51 on day 6 of the Paris 2024 Summer Paralympic Games at Paris La Defense Arena on September 3, 2024 in Nanterre, France. (Photo by Matteo Ciambelli\\\/DeFodi Images via Getty Images)\"},{\"@type\":\"BreadcrumbList\",\"@id\":\"https:\\\/\\\/lasentinelle.dz\\\/index.php\\\/2025\\\/05\\\/20\\\/handisport-le-college-technique-national-se-reunit-pour-tracer-les-perspectives-de-developpement\\\/#breadcrumb\",\"itemListElement\":[{\"@type\":\"ListItem\",\"position\":1,\"name\":\"Accueil\",\"item\":\"https:\\\/\\\/lasentinelle.dz\\\/\"},{\"@type\":\"ListItem\",\"position\":2,\"name\":\"Handisport: Le Coll\u00e8ge technique national se r\u00e9unit pour tracer les perspectives de d\u00e9veloppement\"}]},{\"@type\":\"WebSite\",\"@id\":\"https:\\\/\\\/lasentinelle.dz\\\/#website\",\"url\":\"https:\\\/\\\/lasentinelle.dz\\\/\",\"name\":\"La Sentinelle\",\"description\":\"Quotidien national d&#039;information\",\"publisher\":{\"@id\":\"https:\\\/\\\/lasentinelle.dz\\\/#organization\"},\"potentialAction\":[{\"@type\":\"SearchAction\",\"target\":{\"@type\":\"EntryPoint\",\"urlTemplate\":\"https:\\\/\\\/lasentinelle.dz\\\/?s={search_term_string}\"},\"query-input\":{\"@type\":\"PropertyValueSpecification\",\"valueRequired\":true,\"valueName\":\"search_term_string\"}}],\"inLanguage\":\"fr-FR\"},{\"@type\":\"Organization\",\"@id\":\"https:\\\/\\\/lasentinelle.dz\\\/#organization\",\"name\":\"Quotidien La Sentinelle\",\"url\":\"https:\\\/\\\/lasentinelle.dz\\\/\",\"logo\":{\"@type\":\"ImageObject\",\"inLanguage\":\"fr-FR\",\"@id\":\"https:\\\/\\\/lasentinelle.dz\\\/#\\\/schema\\\/logo\\\/image\\\/\",\"url\":\"https:\\\/\\\/lasentinelle.dz\\\/wp-content\\\/uploads\\\/2021\\\/09\\\/logo-sentinelleSLOGAN-1.png\",\"contentUrl\":\"https:\\\/\\\/lasentinelle.dz\\\/wp-content\\\/uploads\\\/2021\\\/09\\\/logo-sentinelleSLOGAN-1.png\",\"width\":615,\"height\":142,\"caption\":\"Quotidien La Sentinelle\"},\"image\":{\"@id\":\"https:\\\/\\\/lasentinelle.dz\\\/#\\\/schema\\\/logo\\\/image\\\/\"},\"sameAs\":[\"https:\\\/\\\/www.facebook.com\\\/La-Sentinelle-104059864394773\"]},{\"@type\":\"Person\",\"@id\":\"https:\\\/\\\/lasentinelle.dz\\\/#\\\/schema\\\/person\\\/729ee0024f24e0b8c5ec17232f8e8b41\",\"name\":\"admin\",\"image\":{\"@type\":\"ImageObject\",\"inLanguage\":\"fr-FR\",\"@id\":\"https:\\\/\\\/secure.gravatar.com\\\/avatar\\\/4c81fed838786e9b53f540bf46533e750f5d292099ae3b66cfc6fb1982e29df7?s=96&d=mm&r=g\",\"url\":\"https:\\\/\\\/secure.gravatar.com\\\/avatar\\\/4c81fed838786e9b53f540bf46533e750f5d292099ae3b66cfc6fb1982e29df7?s=96&d=mm&r=g\",\"contentUrl\":\"https:\\\/\\\/secure.gravatar.com\\\/avatar\\\/4c81fed838786e9b53f540bf46533e750f5d292099ae3b66cfc6fb1982e29df7?s=96&d=mm&r=g\",\"caption\":\"admin\"},\"description\":\"admin\",\"url\":\"https:\\\/\\\/lasentinelle.dz\\\/author\\\/admin\\\/\"}]}<\/script>\n<!-- \/ Yoast SEO plugin. -->","yoast_head_json":{"title":"Handisport: Le Coll\u00e8ge technique national se r\u00e9unit pour tracer les perspectives de d\u00e9veloppement - La Sentinelle","robots":{"index":"index","follow":"follow","max-snippet":"max-snippet:-1","max-image-preview":"max-image-preview:large","max-video-preview":"max-video-preview:-1"},"canonical":"https:\/\/lasentinelle.dz\/index.php\/2025\/05\/20\/handisport-le-college-technique-national-se-reunit-pour-tracer-les-perspectives-de-developpement\/","og_locale":"fr_FR","og_type":"article","og_title":"Handisport: Le Coll\u00e8ge technique national se r\u00e9unit pour tracer les perspectives de d\u00e9veloppement - La Sentinelle","og_description":"Le Coll\u00e8ge technique national de la F\u00e9d\u00e9ration alg\u00e9rienne handisport (FAH) a tenu ce lundi une importante r\u00e9union \u00e0 l&rsquo;Institut d&rsquo;\u00e9ducation","og_url":"https:\/\/lasentinelle.dz\/index.php\/2025\/05\/20\/handisport-le-college-technique-national-se-reunit-pour-tracer-les-perspectives-de-developpement\/","og_site_name":"La Sentinelle","article_publisher":"https:\/\/www.facebook.com\/La-Sentinelle-104059864394773","article_published_time":"2025-05-20T09:10:32+00:00","article_modified_time":"2025-05-20T09:10:33+00:00","og_image":[{"width":612,"height":471,"url":"https:\/\/lasentinelle.dz\/wp-content\/uploads\/2025\/02\/handisport.jpg","type":"image\/jpeg"}],"author":"admin","twitter_card":"summary_large_image","twitter_misc":{"\u00c9crit par":"admin","Dur\u00e9e de lecture estim\u00e9e":"3 minutes"},"schema":{"@context":"https:\/\/schema.org","@graph":[{"@type":"Article","@id":"https:\/\/lasentinelle.dz\/index.php\/2025\/05\/20\/handisport-le-college-technique-national-se-reunit-pour-tracer-les-perspectives-de-developpement\/#article","isPartOf":{"@id":"https:\/\/lasentinelle.dz\/index.php\/2025\/05\/20\/handisport-le-college-technique-national-se-reunit-pour-tracer-les-perspectives-de-developpement\/"},"author":{"name":"admin","@id":"https:\/\/lasentinelle.dz\/#\/schema\/person\/729ee0024f24e0b8c5ec17232f8e8b41"},"headline":"Handisport: Le Coll\u00e8ge technique national se r\u00e9unit pour tracer les perspectives de d\u00e9veloppement","datePublished":"2025-05-20T09:10:32+00:00","dateModified":"2025-05-20T09:10:33+00:00","mainEntityOfPage":{"@id":"https:\/\/lasentinelle.dz\/index.php\/2025\/05\/20\/handisport-le-college-technique-national-se-reunit-pour-tracer-les-perspectives-de-developpement\/"},"wordCount":582,"commentCount":0,"publisher":{"@id":"https:\/\/lasentinelle.dz\/#organization"},"image":{"@id":"https:\/\/lasentinelle.dz\/index.php\/2025\/05\/20\/handisport-le-college-technique-national-se-reunit-pour-tracer-les-perspectives-de-developpement\/#primaryimage"},"thumbnailUrl":"https:\/\/lasentinelle.dz\/wp-content\/uploads\/2025\/02\/handisport.jpg","articleSection":["Sports"],"inLanguage":"fr-FR","potentialAction":[{"@type":"CommentAction","name":"Comment","target":["https:\/\/lasentinelle.dz\/index.php\/2025\/05\/20\/handisport-le-college-technique-national-se-reunit-pour-tracer-les-perspectives-de-developpement\/#respond"]}]},{"@type":"WebPage","@id":"https:\/\/lasentinelle.dz\/index.php\/2025\/05\/20\/handisport-le-college-technique-national-se-reunit-pour-tracer-les-perspectives-de-developpement\/","url":"https:\/\/lasentinelle.dz\/index.php\/2025\/05\/20\/handisport-le-college-technique-national-se-reunit-pour-tracer-les-perspectives-de-developpement\/","name":"Handisport: Le Coll\u00e8ge technique national se r\u00e9unit pour tracer les perspectives de d\u00e9veloppement - La Sentinelle","isPartOf":{"@id":"https:\/\/lasentinelle.dz\/#website"},"primaryImageOfPage":{"@id":"https:\/\/lasentinelle.dz\/index.php\/2025\/05\/20\/handisport-le-college-technique-national-se-reunit-pour-tracer-les-perspectives-de-developpement\/#primaryimage"},"image":{"@id":"https:\/\/lasentinelle.dz\/index.php\/2025\/05\/20\/handisport-le-college-technique-national-se-reunit-pour-tracer-les-perspectives-de-developpement\/#primaryimage"},"thumbnailUrl":"https:\/\/lasentinelle.dz\/wp-content\/uploads\/2025\/02\/handisport.jpg","datePublished":"2025-05-20T09:10:32+00:00","dateModified":"2025-05-20T09:10:33+00:00","breadcrumb":{"@id":"https:\/\/lasentinelle.dz\/index.php\/2025\/05\/20\/handisport-le-college-technique-national-se-reunit-pour-tracer-les-perspectives-de-developpement\/#breadcrumb"},"inLanguage":"fr-FR","potentialAction":[{"@type":"ReadAction","target":["https:\/\/lasentinelle.dz\/index.php\/2025\/05\/20\/handisport-le-college-technique-national-se-reunit-pour-tracer-les-perspectives-de-developpement\/"]}]},{"@type":"ImageObject","inLanguage":"fr-FR","@id":"https:\/\/lasentinelle.dz\/index.php\/2025\/05\/20\/handisport-le-college-technique-national-se-reunit-pour-tracer-les-perspectives-de-developpement\/#primaryimage","url":"https:\/\/lasentinelle.dz\/wp-content\/uploads\/2025\/02\/handisport.jpg","contentUrl":"https:\/\/lasentinelle.dz\/wp-content\/uploads\/2025\/02\/handisport.jpg","width":612,"height":471,"caption":"Paris, France - September 3: Mohamed Berrahal of Algeria competes during Men's 200m T51 on day 6 of the Paris 2024 Summer Paralympic Games at Paris La Defense Arena on September 3, 2024 in Nanterre, France. (Photo by Matteo Ciambelli\/DeFodi Images via Getty Images)"},{"@type":"BreadcrumbList","@id":"https:\/\/lasentinelle.dz\/index.php\/2025\/05\/20\/handisport-le-college-technique-national-se-reunit-pour-tracer-les-perspectives-de-developpement\/#breadcrumb","itemListElement":[{"@type":"ListItem","position":1,"name":"Accueil","item":"https:\/\/lasentinelle.dz\/"},{"@type":"ListItem","position":2,"name":"Handisport: Le Coll\u00e8ge technique national se r\u00e9unit pour tracer les perspectives de d\u00e9veloppement"}]},{"@type":"WebSite","@id":"https:\/\/lasentinelle.dz\/#website","url":"https:\/\/lasentinelle.dz\/","name":"La Sentinelle","description":"Quotidien national d&#039;information","publisher":{"@id":"https:\/\/lasentinelle.dz\/#organization"},"potentialAction":[{"@type":"SearchAction","target":{"@type":"EntryPoint","urlTemplate":"https:\/\/lasentinelle.dz\/?s={search_term_string}"},"query-input":{"@type":"PropertyValueSpecification","valueRequired":true,"valueName":"search_term_string"}}],"inLanguage":"fr-FR"},{"@type":"Organization","@id":"https:\/\/lasentinelle.dz\/#organization","name":"Quotidien La Sentinelle","url":"https:\/\/lasentinelle.dz\/","logo":{"@type":"ImageObject","inLanguage":"fr-FR","@id":"https:\/\/lasentinelle.dz\/#\/schema\/logo\/image\/","url":"https:\/\/lasentinelle.dz\/wp-content\/uploads\/2021\/09\/logo-sentinelleSLOGAN-1.png","contentUrl":"https:\/\/lasentinelle.dz\/wp-content\/uploads\/2021\/09\/logo-sentinelleSLOGAN-1.png","width":615,"height":142,"caption":"Quotidien La Sentinelle"},"image":{"@id":"https:\/\/lasentinelle.dz\/#\/schema\/logo\/image\/"},"sameAs":["https:\/\/www.facebook.com\/La-Sentinelle-104059864394773"]},{"@type":"Person","@id":"https:\/\/lasentinelle.dz\/#\/schema\/person\/729ee0024f24e0b8c5ec17232f8e8b41","name":"admin","image":{"@type":"ImageObject","inLanguage":"fr-FR","@id":"https:\/\/secure.gravatar.com\/avatar\/4c81fed838786e9b53f540bf46533e750f5d292099ae3b66cfc6fb1982e29df7?s=96&d=mm&r=g","url":"https:\/\/secure.gravatar.com\/avatar\/4c81fed838786e9b53f540bf46533e750f5d292099ae3b66cfc6fb1982e29df7?s=96&d=mm&r=g","contentUrl":"https:\/\/secure.gravatar.com\/avatar\/4c81fed838786e9b53f540bf46533e750f5d292099ae3b66cfc6fb1982e29df7?s=96&d=mm&r=g","caption":"admin"},"description":"admin","url":"https:\/\/lasentinelle.dz\/author\/admin\/"}]}},"_links":{"self":[{"href":"https:\/\/lasentinelle.dz\/index.php\/wp-json\/wp\/v2\/posts\/67605","targetHints":{"allow":["GET"]}}],"collection":[{"href":"https:\/\/lasentinelle.dz\/index.php\/wp-json\/wp\/v2\/posts"}],"about":[{"href":"https:\/\/lasentinelle.dz\/index.php\/wp-json\/wp\/v2\/types\/post"}],"author":[{"embeddable":true,"href":"https:\/\/lasentinelle.dz\/index.php\/wp-json\/wp\/v2\/users\/6"}],"replies":[{"embeddable":true,"href":"https:\/\/lasentinelle.dz\/index.php\/wp-json\/wp\/v2\/comments?post=67605"}],"version-history":[{"count":1,"href":"https:\/\/lasentinelle.dz\/index.php\/wp-json\/wp\/v2\/posts\/67605\/revisions"}],"predecessor-version":[{"id":67606,"href":"https:\/\/lasentinelle.dz\/index.php\/wp-json\/wp\/v2\/posts\/67605\/revisions\/67606"}],"wp:featuredmedia":[{"embeddable":true,"href":"https:\/\/lasentinelle.dz\/index.php\/wp-json\/wp\/v2\/media\/62710"}],"wp:attachment":[{"href":"https:\/\/lasentinelle.dz\/index.php\/wp-json\/wp\/v2\/media?parent=67605"}],"wp:term":[{"taxonomy":"category","embeddable":true,"href":"https:\/\/lasentinelle.dz\/index.php\/wp-json\/wp\/v2\/categories?post=67605"},{"taxonomy":"post_tag","embeddable":true,"href":"https:\/\/lasentinelle.dz\/index.php\/wp-json\/wp\/v2\/tags?post=67605"}],"curies":[{"name":"wp","href":"https:\/\/api.w.org\/{rel}","templated":true}]}}