{"id":67607,"date":"2025-05-20T10:11:18","date_gmt":"2025-05-20T09:11:18","guid":{"rendered":"https:\/\/lasentinelle.dz\/?p=67607"},"modified":"2025-05-20T10:11:18","modified_gmt":"2025-05-20T09:11:18","slug":"gymnastique-le-coa-reforme-son-engagement-a-accompagner-a-kaylia-nemour","status":"publish","type":"post","link":"https:\/\/lasentinelle.dz\/index.php\/2025\/05\/20\/gymnastique-le-coa-reforme-son-engagement-a-accompagner-a-kaylia-nemour\/","title":{"rendered":"Gymnastique : Le COA r\u00e9forme son engagement \u00e0 accompagner \u00e0 Kaylia Nemour"},"content":{"rendered":"\n<p>La star montante de la gymnastique alg\u00e9rienne peut poursuivre sa pr\u00e9paration l&rsquo;esprit serein ! Kaylia Nemour, notre championne olympique qui fait la fiert\u00e9 de toute l&rsquo;Alg\u00e9rie, a re\u00e7u ce lundi un soutien de poids pour continuer son parcours dor\u00e9 jusqu&rsquo;aux Jeux Olympiques de Los Angeles 2028.<\/p>\n\n\n\n<p>Le pr\u00e9sident du Comit\u00e9 olympique et sportif alg\u00e9rien (COA), Abderrahmane Hammad, lui a personnellement assur\u00e9 un accompagnement sans faille pour les trois prochaines ann\u00e9es lors d&rsquo;une rencontre chaleureuse au si\u00e8ge du COA \u00e0 Ben Aknoun. La p\u00e9pite de la gymnastique alg\u00e9rienne ne cachait pas son sourire radieux en quittant cette entrevue de haut niveau qui s&rsquo;est d\u00e9roul\u00e9e en pr\u00e9sence d&rsquo;un v\u00e9ritable \u00e9tat-major olympique et f\u00e9d\u00e9ral. Aux c\u00f4t\u00e9s du pr\u00e9sident Hammad, on notait la pr\u00e9sence de Nadia Maci, l&rsquo;entra\u00eeneur actuel de la championne, mais \u00e9galement de Kheir-Eddine Barbari, secr\u00e9taire g\u00e9n\u00e9ral du COA, Dahbia Ayad, pr\u00e9sidente de la F\u00e9d\u00e9ration alg\u00e9rienne de gymnastique (FAG), et Sa\u00e2d-Eddine Hamici, directeur technique national. Une mobilisation qui t\u00e9moigne de l&rsquo;importance accord\u00e9e \u00e0 cette jeune prodige qui a fait entrer l&rsquo;Alg\u00e9rie dans le cercle tr\u00e8s ferm\u00e9 des nations m\u00e9daill\u00e9es en gymnastique artistique.<\/p>\n\n\n\n<p>\u00ab\u00a0Je suis tr\u00e8s satisfaite des conditions de pr\u00e9paration en Alg\u00e9rie et vraiment enthousiaste \u00e0 l&rsquo;id\u00e9e de bien repr\u00e9senter les couleurs nationales \u00e0 Los Angeles\u00a0\u00bb, a confi\u00e9 Nemour avec la simplicit\u00e9 qui la caract\u00e9rise, malgr\u00e9 son statut de star internationale d\u00e9sormais. Des paroles qui r\u00e9sonnent comme une excellente nouvelle pour tous les supporters alg\u00e9riens qui voient en elle un espoir de m\u00e9daille pour les prochains Jeux.<\/p>\n\n\n\n<p>L&rsquo;enjeu est d\u00e9sormais de maintenir la reine des barres asym\u00e9triques au sommet de son art pour les trois prochaines ann\u00e9es. Un d\u00e9fi que le COA prend tr\u00e8s au s\u00e9rieux, comme l&rsquo;a soulign\u00e9 Hammad en r\u00e9it\u00e9rant son engagement personnel et celui de l&rsquo;institution olympique \u00e0 \u00ab\u00a0soutenir et accompagner Nemour durant la suite de sa carri\u00e8re\u00a0\u00bb. Un soutien qui commencera par les comp\u00e9titions prestigieuses comme les Championnats et la Coupe du monde, th\u00e9\u00e2tres o\u00f9 la championne alg\u00e9rienne a toujours brill\u00e9 malgr\u00e9 la concurrence f\u00e9roce d&rsquo;adversaires redoutables telles que l&rsquo;\u00c9gyptienne Jana Mahmoud ou la Nord-Cor\u00e9enne Chon Jin.<\/p>\n\n\n\n<p>Le programme qui attend Nemour est aussi ambitieux que m\u00e9thodique. Alternant pr\u00e9parations en club et regroupements avec l&rsquo;\u00e9quipe nationale, la gymnaste b\u00e9n\u00e9ficiera d&rsquo;un suivi personnalis\u00e9 pour maintenir ce \u00ab\u00a0degr\u00e9 \u00e9lev\u00e9 de comp\u00e9tition\u00a0\u00bb qui l&rsquo;a propuls\u00e9e sur la plus haute marche du podium olympique.<\/p>\n\n\n\n<p>D\u00e9sormais pleinement int\u00e9gr\u00e9e dans le paysage sportif alg\u00e9rien apr\u00e8s des ann\u00e9es de pr\u00e9paration \u00e0 l&rsquo;\u00e9tranger, Nemour s&rsquo;est dite particuli\u00e8rement \u00ab\u00a0satisfaite des conditions d&rsquo;h\u00e9bergement et de pr\u00e9paration en Alg\u00e9rie\u00a0\u00bb. Un signal fort qui montre que le pays a su mettre en place les infrastructures n\u00e9cessaires pour accompagner ses talents d&rsquo;exception.<\/p>\n\n\n\n<p>L&rsquo;impact de Kaylia Nemour va bien au-del\u00e0 de ses performances individuelles. V\u00e9ritable locomotive pour la gymnastique alg\u00e9rienne, elle est devenue, selon les mots du pr\u00e9sident de la FAG, \u00ab\u00a0un mod\u00e8le pour tous les athl\u00e8tes de l&rsquo;\u00e9quipe nationale\u00a0\u00bb et une source d&rsquo;inspiration pour les jeunes talents que la f\u00e9d\u00e9ration pr\u00e9pare en vue des prochains rendez-vous internationaux, notamment les Jeux africains scolaires programm\u00e9s du 26 juillet au 5 ao\u00fbt prochain.<\/p>\n\n\n\n<p><strong>Moncef D.<\/strong><\/p>\n","protected":false},"excerpt":{"rendered":"<p>La star montante de la gymnastique alg\u00e9rienne peut poursuivre sa pr\u00e9paration l&rsquo;esprit serein ! Kaylia Nemour, notre championne olympique qui<\/p>\n","protected":false},"author":6,"featured_media":67608,"comment_status":"open","ping_status":"closed","sticky":false,"template":"","format":"standard","meta":{"colormag_page_container_layout":"default_layout","colormag_page_sidebar_layout":"default_layout","om_disable_all_campaigns":false,"_monsterinsights_skip_tracking":false,"_monsterinsights_sitenote_active":false,"_monsterinsights_sitenote_note":"","_monsterinsights_sitenote_category":0,"footnotes":"","_wpscppro_dont_share_socialmedia":false,"_wpscppro_custom_social_share_image":0,"_facebook_share_type":"default","_twitter_share_type":"default","_linkedin_share_type":"default","_pinterest_share_type":"default","_linkedin_share_type_page":"","_instagram_share_type":"default","_medium_share_type":"default","_threads_share_type":"","_google_business_share_type":"","_selected_social_profile":[],"_wpsp_enable_custom_social_template":false,"_wpsp_social_scheduling":{"enabled":false,"datetime":null,"platforms":[],"status":"template_only","dateOption":"today","timeOption":"now","customDays":"","customHours":"","customDate":"","customTime":"","schedulingType":"absolute"},"_wpsp_active_default_template":true},"categories":[33],"tags":[],"class_list":["post-67607","post","type-post","status-publish","format-standard","has-post-thumbnail","hentry","category-sports"],"aioseo_notices":[],"yoast_head":"<!-- This site is optimized with the Yoast SEO plugin v27.5 - https:\/\/yoast.com\/product\/yoast-seo-wordpress\/ -->\n<title>Gymnastique : Le COA r\u00e9forme son engagement \u00e0 accompagner \u00e0 Kaylia Nemour - La Sentinelle<\/title>\n<meta name=\"robots\" content=\"index, follow, max-snippet:-1, max-image-preview:large, max-video-preview:-1\" \/>\n<link rel=\"canonical\" href=\"https:\/\/lasentinelle.dz\/index.php\/2025\/05\/20\/gymnastique-le-coa-reforme-son-engagement-a-accompagner-a-kaylia-nemour\/\" \/>\n<meta property=\"og:locale\" content=\"fr_FR\" \/>\n<meta property=\"og:type\" content=\"article\" \/>\n<meta property=\"og:title\" content=\"Gymnastique : Le COA r\u00e9forme son engagement \u00e0 accompagner \u00e0 Kaylia Nemour - La Sentinelle\" \/>\n<meta property=\"og:description\" content=\"La star montante de la gymnastique alg\u00e9rienne peut poursuivre sa pr\u00e9paration l&rsquo;esprit serein ! Kaylia Nemour, notre championne olympique qui\" \/>\n<meta property=\"og:url\" content=\"https:\/\/lasentinelle.dz\/index.php\/2025\/05\/20\/gymnastique-le-coa-reforme-son-engagement-a-accompagner-a-kaylia-nemour\/\" \/>\n<meta property=\"og:site_name\" content=\"La Sentinelle\" \/>\n<meta property=\"article:publisher\" content=\"https:\/\/www.facebook.com\/La-Sentinelle-104059864394773\" \/>\n<meta property=\"article:published_time\" content=\"2025-05-20T09:11:18+00:00\" \/>\n<meta property=\"og:image\" content=\"https:\/\/lasentinelle.dz\/wp-content\/uploads\/2025\/05\/nemour-COA.jpg\" \/>\n\t<meta property=\"og:image:width\" content=\"1290\" \/>\n\t<meta property=\"og:image:height\" content=\"1377\" \/>\n\t<meta property=\"og:image:type\" content=\"image\/jpeg\" \/>\n<meta name=\"author\" content=\"admin\" \/>\n<meta name=\"twitter:card\" content=\"summary_large_image\" \/>\n<meta name=\"twitter:label1\" content=\"\u00c9crit par\" \/>\n\t<meta name=\"twitter:data1\" content=\"admin\" \/>\n\t<meta name=\"twitter:label2\" content=\"Dur\u00e9e de lecture estim\u00e9e\" \/>\n\t<meta name=\"twitter:data2\" content=\"3 minutes\" \/>\n<script type=\"application\/ld+json\" class=\"yoast-schema-graph\">{\"@context\":\"https:\\\/\\\/schema.org\",\"@graph\":[{\"@type\":\"Article\",\"@id\":\"https:\\\/\\\/lasentinelle.dz\\\/index.php\\\/2025\\\/05\\\/20\\\/gymnastique-le-coa-reforme-son-engagement-a-accompagner-a-kaylia-nemour\\\/#article\",\"isPartOf\":{\"@id\":\"https:\\\/\\\/lasentinelle.dz\\\/index.php\\\/2025\\\/05\\\/20\\\/gymnastique-le-coa-reforme-son-engagement-a-accompagner-a-kaylia-nemour\\\/\"},\"author\":{\"name\":\"admin\",\"@id\":\"https:\\\/\\\/lasentinelle.dz\\\/#\\\/schema\\\/person\\\/729ee0024f24e0b8c5ec17232f8e8b41\"},\"headline\":\"Gymnastique : Le COA r\u00e9forme son engagement \u00e0 accompagner \u00e0 Kaylia Nemour\",\"datePublished\":\"2025-05-20T09:11:18+00:00\",\"mainEntityOfPage\":{\"@id\":\"https:\\\/\\\/lasentinelle.dz\\\/index.php\\\/2025\\\/05\\\/20\\\/gymnastique-le-coa-reforme-son-engagement-a-accompagner-a-kaylia-nemour\\\/\"},\"wordCount\":613,\"commentCount\":0,\"publisher\":{\"@id\":\"https:\\\/\\\/lasentinelle.dz\\\/#organization\"},\"image\":{\"@id\":\"https:\\\/\\\/lasentinelle.dz\\\/index.php\\\/2025\\\/05\\\/20\\\/gymnastique-le-coa-reforme-son-engagement-a-accompagner-a-kaylia-nemour\\\/#primaryimage\"},\"thumbnailUrl\":\"https:\\\/\\\/lasentinelle.dz\\\/wp-content\\\/uploads\\\/2025\\\/05\\\/nemour-COA.jpg\",\"articleSection\":[\"Sports\"],\"inLanguage\":\"fr-FR\",\"potentialAction\":[{\"@type\":\"CommentAction\",\"name\":\"Comment\",\"target\":[\"https:\\\/\\\/lasentinelle.dz\\\/index.php\\\/2025\\\/05\\\/20\\\/gymnastique-le-coa-reforme-son-engagement-a-accompagner-a-kaylia-nemour\\\/#respond\"]}]},{\"@type\":\"WebPage\",\"@id\":\"https:\\\/\\\/lasentinelle.dz\\\/index.php\\\/2025\\\/05\\\/20\\\/gymnastique-le-coa-reforme-son-engagement-a-accompagner-a-kaylia-nemour\\\/\",\"url\":\"https:\\\/\\\/lasentinelle.dz\\\/index.php\\\/2025\\\/05\\\/20\\\/gymnastique-le-coa-reforme-son-engagement-a-accompagner-a-kaylia-nemour\\\/\",\"name\":\"Gymnastique : Le COA r\u00e9forme son engagement \u00e0 accompagner \u00e0 Kaylia Nemour - La Sentinelle\",\"isPartOf\":{\"@id\":\"https:\\\/\\\/lasentinelle.dz\\\/#website\"},\"primaryImageOfPage\":{\"@id\":\"https:\\\/\\\/lasentinelle.dz\\\/index.php\\\/2025\\\/05\\\/20\\\/gymnastique-le-coa-reforme-son-engagement-a-accompagner-a-kaylia-nemour\\\/#primaryimage\"},\"image\":{\"@id\":\"https:\\\/\\\/lasentinelle.dz\\\/index.php\\\/2025\\\/05\\\/20\\\/gymnastique-le-coa-reforme-son-engagement-a-accompagner-a-kaylia-nemour\\\/#primaryimage\"},\"thumbnailUrl\":\"https:\\\/\\\/lasentinelle.dz\\\/wp-content\\\/uploads\\\/2025\\\/05\\\/nemour-COA.jpg\",\"datePublished\":\"2025-05-20T09:11:18+00:00\",\"breadcrumb\":{\"@id\":\"https:\\\/\\\/lasentinelle.dz\\\/index.php\\\/2025\\\/05\\\/20\\\/gymnastique-le-coa-reforme-son-engagement-a-accompagner-a-kaylia-nemour\\\/#breadcrumb\"},\"inLanguage\":\"fr-FR\",\"potentialAction\":[{\"@type\":\"ReadAction\",\"target\":[\"https:\\\/\\\/lasentinelle.dz\\\/index.php\\\/2025\\\/05\\\/20\\\/gymnastique-le-coa-reforme-son-engagement-a-accompagner-a-kaylia-nemour\\\/\"]}]},{\"@type\":\"ImageObject\",\"inLanguage\":\"fr-FR\",\"@id\":\"https:\\\/\\\/lasentinelle.dz\\\/index.php\\\/2025\\\/05\\\/20\\\/gymnastique-le-coa-reforme-son-engagement-a-accompagner-a-kaylia-nemour\\\/#primaryimage\",\"url\":\"https:\\\/\\\/lasentinelle.dz\\\/wp-content\\\/uploads\\\/2025\\\/05\\\/nemour-COA.jpg\",\"contentUrl\":\"https:\\\/\\\/lasentinelle.dz\\\/wp-content\\\/uploads\\\/2025\\\/05\\\/nemour-COA.jpg\",\"width\":1290,\"height\":1377},{\"@type\":\"BreadcrumbList\",\"@id\":\"https:\\\/\\\/lasentinelle.dz\\\/index.php\\\/2025\\\/05\\\/20\\\/gymnastique-le-coa-reforme-son-engagement-a-accompagner-a-kaylia-nemour\\\/#breadcrumb\",\"itemListElement\":[{\"@type\":\"ListItem\",\"position\":1,\"name\":\"Accueil\",\"item\":\"https:\\\/\\\/lasentinelle.dz\\\/\"},{\"@type\":\"ListItem\",\"position\":2,\"name\":\"Gymnastique : Le COA r\u00e9forme son engagement \u00e0 accompagner \u00e0 Kaylia Nemour\"}]},{\"@type\":\"WebSite\",\"@id\":\"https:\\\/\\\/lasentinelle.dz\\\/#website\",\"url\":\"https:\\\/\\\/lasentinelle.dz\\\/\",\"name\":\"La Sentinelle\",\"description\":\"Quotidien national d&#039;information\",\"publisher\":{\"@id\":\"https:\\\/\\\/lasentinelle.dz\\\/#organization\"},\"potentialAction\":[{\"@type\":\"SearchAction\",\"target\":{\"@type\":\"EntryPoint\",\"urlTemplate\":\"https:\\\/\\\/lasentinelle.dz\\\/?s={search_term_string}\"},\"query-input\":{\"@type\":\"PropertyValueSpecification\",\"valueRequired\":true,\"valueName\":\"search_term_string\"}}],\"inLanguage\":\"fr-FR\"},{\"@type\":\"Organization\",\"@id\":\"https:\\\/\\\/lasentinelle.dz\\\/#organization\",\"name\":\"Quotidien La Sentinelle\",\"url\":\"https:\\\/\\\/lasentinelle.dz\\\/\",\"logo\":{\"@type\":\"ImageObject\",\"inLanguage\":\"fr-FR\",\"@id\":\"https:\\\/\\\/lasentinelle.dz\\\/#\\\/schema\\\/logo\\\/image\\\/\",\"url\":\"https:\\\/\\\/lasentinelle.dz\\\/wp-content\\\/uploads\\\/2021\\\/09\\\/logo-sentinelleSLOGAN-1.png\",\"contentUrl\":\"https:\\\/\\\/lasentinelle.dz\\\/wp-content\\\/uploads\\\/2021\\\/09\\\/logo-sentinelleSLOGAN-1.png\",\"width\":615,\"height\":142,\"caption\":\"Quotidien La Sentinelle\"},\"image\":{\"@id\":\"https:\\\/\\\/lasentinelle.dz\\\/#\\\/schema\\\/logo\\\/image\\\/\"},\"sameAs\":[\"https:\\\/\\\/www.facebook.com\\\/La-Sentinelle-104059864394773\"]},{\"@type\":\"Person\",\"@id\":\"https:\\\/\\\/lasentinelle.dz\\\/#\\\/schema\\\/person\\\/729ee0024f24e0b8c5ec17232f8e8b41\",\"name\":\"admin\",\"image\":{\"@type\":\"ImageObject\",\"inLanguage\":\"fr-FR\",\"@id\":\"https:\\\/\\\/secure.gravatar.com\\\/avatar\\\/4c81fed838786e9b53f540bf46533e750f5d292099ae3b66cfc6fb1982e29df7?s=96&d=mm&r=g\",\"url\":\"https:\\\/\\\/secure.gravatar.com\\\/avatar\\\/4c81fed838786e9b53f540bf46533e750f5d292099ae3b66cfc6fb1982e29df7?s=96&d=mm&r=g\",\"contentUrl\":\"https:\\\/\\\/secure.gravatar.com\\\/avatar\\\/4c81fed838786e9b53f540bf46533e750f5d292099ae3b66cfc6fb1982e29df7?s=96&d=mm&r=g\",\"caption\":\"admin\"},\"description\":\"admin\",\"url\":\"https:\\\/\\\/lasentinelle.dz\\\/author\\\/admin\\\/\"}]}<\/script>\n<!-- \/ Yoast SEO plugin. -->","yoast_head_json":{"title":"Gymnastique : Le COA r\u00e9forme son engagement \u00e0 accompagner \u00e0 Kaylia Nemour - La Sentinelle","robots":{"index":"index","follow":"follow","max-snippet":"max-snippet:-1","max-image-preview":"max-image-preview:large","max-video-preview":"max-video-preview:-1"},"canonical":"https:\/\/lasentinelle.dz\/index.php\/2025\/05\/20\/gymnastique-le-coa-reforme-son-engagement-a-accompagner-a-kaylia-nemour\/","og_locale":"fr_FR","og_type":"article","og_title":"Gymnastique : Le COA r\u00e9forme son engagement \u00e0 accompagner \u00e0 Kaylia Nemour - La Sentinelle","og_description":"La star montante de la gymnastique alg\u00e9rienne peut poursuivre sa pr\u00e9paration l&rsquo;esprit serein ! Kaylia Nemour, notre championne olympique qui","og_url":"https:\/\/lasentinelle.dz\/index.php\/2025\/05\/20\/gymnastique-le-coa-reforme-son-engagement-a-accompagner-a-kaylia-nemour\/","og_site_name":"La Sentinelle","article_publisher":"https:\/\/www.facebook.com\/La-Sentinelle-104059864394773","article_published_time":"2025-05-20T09:11:18+00:00","og_image":[{"width":1290,"height":1377,"url":"https:\/\/lasentinelle.dz\/wp-content\/uploads\/2025\/05\/nemour-COA.jpg","type":"image\/jpeg"}],"author":"admin","twitter_card":"summary_large_image","twitter_misc":{"\u00c9crit par":"admin","Dur\u00e9e de lecture estim\u00e9e":"3 minutes"},"schema":{"@context":"https:\/\/schema.org","@graph":[{"@type":"Article","@id":"https:\/\/lasentinelle.dz\/index.php\/2025\/05\/20\/gymnastique-le-coa-reforme-son-engagement-a-accompagner-a-kaylia-nemour\/#article","isPartOf":{"@id":"https:\/\/lasentinelle.dz\/index.php\/2025\/05\/20\/gymnastique-le-coa-reforme-son-engagement-a-accompagner-a-kaylia-nemour\/"},"author":{"name":"admin","@id":"https:\/\/lasentinelle.dz\/#\/schema\/person\/729ee0024f24e0b8c5ec17232f8e8b41"},"headline":"Gymnastique : Le COA r\u00e9forme son engagement \u00e0 accompagner \u00e0 Kaylia Nemour","datePublished":"2025-05-20T09:11:18+00:00","mainEntityOfPage":{"@id":"https:\/\/lasentinelle.dz\/index.php\/2025\/05\/20\/gymnastique-le-coa-reforme-son-engagement-a-accompagner-a-kaylia-nemour\/"},"wordCount":613,"commentCount":0,"publisher":{"@id":"https:\/\/lasentinelle.dz\/#organization"},"image":{"@id":"https:\/\/lasentinelle.dz\/index.php\/2025\/05\/20\/gymnastique-le-coa-reforme-son-engagement-a-accompagner-a-kaylia-nemour\/#primaryimage"},"thumbnailUrl":"https:\/\/lasentinelle.dz\/wp-content\/uploads\/2025\/05\/nemour-COA.jpg","articleSection":["Sports"],"inLanguage":"fr-FR","potentialAction":[{"@type":"CommentAction","name":"Comment","target":["https:\/\/lasentinelle.dz\/index.php\/2025\/05\/20\/gymnastique-le-coa-reforme-son-engagement-a-accompagner-a-kaylia-nemour\/#respond"]}]},{"@type":"WebPage","@id":"https:\/\/lasentinelle.dz\/index.php\/2025\/05\/20\/gymnastique-le-coa-reforme-son-engagement-a-accompagner-a-kaylia-nemour\/","url":"https:\/\/lasentinelle.dz\/index.php\/2025\/05\/20\/gymnastique-le-coa-reforme-son-engagement-a-accompagner-a-kaylia-nemour\/","name":"Gymnastique : Le COA r\u00e9forme son engagement \u00e0 accompagner \u00e0 Kaylia Nemour - La Sentinelle","isPartOf":{"@id":"https:\/\/lasentinelle.dz\/#website"},"primaryImageOfPage":{"@id":"https:\/\/lasentinelle.dz\/index.php\/2025\/05\/20\/gymnastique-le-coa-reforme-son-engagement-a-accompagner-a-kaylia-nemour\/#primaryimage"},"image":{"@id":"https:\/\/lasentinelle.dz\/index.php\/2025\/05\/20\/gymnastique-le-coa-reforme-son-engagement-a-accompagner-a-kaylia-nemour\/#primaryimage"},"thumbnailUrl":"https:\/\/lasentinelle.dz\/wp-content\/uploads\/2025\/05\/nemour-COA.jpg","datePublished":"2025-05-20T09:11:18+00:00","breadcrumb":{"@id":"https:\/\/lasentinelle.dz\/index.php\/2025\/05\/20\/gymnastique-le-coa-reforme-son-engagement-a-accompagner-a-kaylia-nemour\/#breadcrumb"},"inLanguage":"fr-FR","potentialAction":[{"@type":"ReadAction","target":["https:\/\/lasentinelle.dz\/index.php\/2025\/05\/20\/gymnastique-le-coa-reforme-son-engagement-a-accompagner-a-kaylia-nemour\/"]}]},{"@type":"ImageObject","inLanguage":"fr-FR","@id":"https:\/\/lasentinelle.dz\/index.php\/2025\/05\/20\/gymnastique-le-coa-reforme-son-engagement-a-accompagner-a-kaylia-nemour\/#primaryimage","url":"https:\/\/lasentinelle.dz\/wp-content\/uploads\/2025\/05\/nemour-COA.jpg","contentUrl":"https:\/\/lasentinelle.dz\/wp-content\/uploads\/2025\/05\/nemour-COA.jpg","width":1290,"height":1377},{"@type":"BreadcrumbList","@id":"https:\/\/lasentinelle.dz\/index.php\/2025\/05\/20\/gymnastique-le-coa-reforme-son-engagement-a-accompagner-a-kaylia-nemour\/#breadcrumb","itemListElement":[{"@type":"ListItem","position":1,"name":"Accueil","item":"https:\/\/lasentinelle.dz\/"},{"@type":"ListItem","position":2,"name":"Gymnastique : Le COA r\u00e9forme son engagement \u00e0 accompagner \u00e0 Kaylia Nemour"}]},{"@type":"WebSite","@id":"https:\/\/lasentinelle.dz\/#website","url":"https:\/\/lasentinelle.dz\/","name":"La Sentinelle","description":"Quotidien national d&#039;information","publisher":{"@id":"https:\/\/lasentinelle.dz\/#organization"},"potentialAction":[{"@type":"SearchAction","target":{"@type":"EntryPoint","urlTemplate":"https:\/\/lasentinelle.dz\/?s={search_term_string}"},"query-input":{"@type":"PropertyValueSpecification","valueRequired":true,"valueName":"search_term_string"}}],"inLanguage":"fr-FR"},{"@type":"Organization","@id":"https:\/\/lasentinelle.dz\/#organization","name":"Quotidien La Sentinelle","url":"https:\/\/lasentinelle.dz\/","logo":{"@type":"ImageObject","inLanguage":"fr-FR","@id":"https:\/\/lasentinelle.dz\/#\/schema\/logo\/image\/","url":"https:\/\/lasentinelle.dz\/wp-content\/uploads\/2021\/09\/logo-sentinelleSLOGAN-1.png","contentUrl":"https:\/\/lasentinelle.dz\/wp-content\/uploads\/2021\/09\/logo-sentinelleSLOGAN-1.png","width":615,"height":142,"caption":"Quotidien La Sentinelle"},"image":{"@id":"https:\/\/lasentinelle.dz\/#\/schema\/logo\/image\/"},"sameAs":["https:\/\/www.facebook.com\/La-Sentinelle-104059864394773"]},{"@type":"Person","@id":"https:\/\/lasentinelle.dz\/#\/schema\/person\/729ee0024f24e0b8c5ec17232f8e8b41","name":"admin","image":{"@type":"ImageObject","inLanguage":"fr-FR","@id":"https:\/\/secure.gravatar.com\/avatar\/4c81fed838786e9b53f540bf46533e750f5d292099ae3b66cfc6fb1982e29df7?s=96&d=mm&r=g","url":"https:\/\/secure.gravatar.com\/avatar\/4c81fed838786e9b53f540bf46533e750f5d292099ae3b66cfc6fb1982e29df7?s=96&d=mm&r=g","contentUrl":"https:\/\/secure.gravatar.com\/avatar\/4c81fed838786e9b53f540bf46533e750f5d292099ae3b66cfc6fb1982e29df7?s=96&d=mm&r=g","caption":"admin"},"description":"admin","url":"https:\/\/lasentinelle.dz\/author\/admin\/"}]}},"_links":{"self":[{"href":"https:\/\/lasentinelle.dz\/index.php\/wp-json\/wp\/v2\/posts\/67607","targetHints":{"allow":["GET"]}}],"collection":[{"href":"https:\/\/lasentinelle.dz\/index.php\/wp-json\/wp\/v2\/posts"}],"about":[{"href":"https:\/\/lasentinelle.dz\/index.php\/wp-json\/wp\/v2\/types\/post"}],"author":[{"embeddable":true,"href":"https:\/\/lasentinelle.dz\/index.php\/wp-json\/wp\/v2\/users\/6"}],"replies":[{"embeddable":true,"href":"https:\/\/lasentinelle.dz\/index.php\/wp-json\/wp\/v2\/comments?post=67607"}],"version-history":[{"count":1,"href":"https:\/\/lasentinelle.dz\/index.php\/wp-json\/wp\/v2\/posts\/67607\/revisions"}],"predecessor-version":[{"id":67609,"href":"https:\/\/lasentinelle.dz\/index.php\/wp-json\/wp\/v2\/posts\/67607\/revisions\/67609"}],"wp:featuredmedia":[{"embeddable":true,"href":"https:\/\/lasentinelle.dz\/index.php\/wp-json\/wp\/v2\/media\/67608"}],"wp:attachment":[{"href":"https:\/\/lasentinelle.dz\/index.php\/wp-json\/wp\/v2\/media?parent=67607"}],"wp:term":[{"taxonomy":"category","embeddable":true,"href":"https:\/\/lasentinelle.dz\/index.php\/wp-json\/wp\/v2\/categories?post=67607"},{"taxonomy":"post_tag","embeddable":true,"href":"https:\/\/lasentinelle.dz\/index.php\/wp-json\/wp\/v2\/tags?post=67607"}],"curies":[{"name":"wp","href":"https:\/\/api.w.org\/{rel}","templated":true}]}}