{"id":67610,"date":"2025-05-20T10:12:18","date_gmt":"2025-05-20T09:12:18","guid":{"rendered":"https:\/\/lasentinelle.dz\/?p=67610"},"modified":"2025-05-20T10:12:19","modified_gmt":"2025-05-20T09:12:19","slug":"le-calendrier-de-la-27e-journee-de-ligue-1-mobilis-devoile-un-week-end-sous-tension","status":"publish","type":"post","link":"https:\/\/lasentinelle.dz\/index.php\/2025\/05\/20\/le-calendrier-de-la-27e-journee-de-ligue-1-mobilis-devoile-un-week-end-sous-tension\/","title":{"rendered":"Le calendrier de la 27e journ\u00e9e de Ligue 1 Mobilis d\u00e9voil\u00e9: Un week-end sous tension !"},"content":{"rendered":"\n<p>\u00c0 quatre journ\u00e9es de la fin du championnat, la Ligue 1 Mobilis s&rsquo;appr\u00eate \u00e0 vivre une 27e journ\u00e9e \u00e9lectrique o\u00f9 chaque point pourrait s&rsquo;av\u00e9rer d\u00e9terminant tant pour le haut que pour le bas du classement.<\/p>\n\n\n\n<p>Apr\u00e8s l&rsquo;annonce du programme complet par la Ligue de Football Professionnel (LFP), tous les regards sont d\u00e9sormais tourn\u00e9s vers ce rendez-vous qui s&rsquo;\u00e9talera sur trois jours, du 25 au 27 mai, avec des affiches qui promettent du spectacle et de l&rsquo;intensit\u00e9 sur les pelouses alg\u00e9riennes. Le MC Alger sera particuli\u00e8rement scrut\u00e9 lors de son d\u00e9placement p\u00e9rilleux \u00e0 B\u00e9char pour d\u00e9fier une JS Saoura en pleine confiance apr\u00e8s son exploit \u00e0 Tizi-Ouzou. Les Canaris, quant \u00e0 eux, tenteront de se racheter apr\u00e8s leur contre-performance inattendue \u00e0 domicile, en se d\u00e9pla\u00e7ant chez le NC Magra, une \u00e9quipe qui joue sa survie dans l&rsquo;\u00e9lite. Avec 46 points chacun, Alg\u00e9rois et Kabyles n&rsquo;ont plus droit \u00e0 l&rsquo;erreur dans ce sprint final haletant pour le titre.<\/p>\n\n\n\n<p>La JS Saoura, v\u00e9ritable trouble-f\u00eate de cette fin de saison, aborde son duel face au Mouloudia avec le statut d&rsquo;\u00e9quipe en forme du moment. Les B\u00e9charois, qui viennent de r\u00e9aliser un coup d&rsquo;\u00e9clat en s&rsquo;imposant face \u00e0 la JSK (2-1), ont pratiquement assur\u00e9 leur maintien et peuvent d\u00e9sormais jouer sans pression. Une situation qui pourrait s&rsquo;av\u00e9rer dangereuse pour le MCA, d&rsquo;autant que les hommes de B\u00e9char auront l&rsquo;avantage du terrain et de la chaleur au stade du 20-ao\u00fbt 1955, mardi prochain \u00e0 19h00. Pour les Mouloud\u00e9ens, ce match repr\u00e9sente un v\u00e9ritable test de caract\u00e8re, surtout qu&rsquo;ils seront auparavant engag\u00e9s dans un duel tout aussi crucial contre l&rsquo;ES S\u00e9tif pour cl\u00f4turer la 26e journ\u00e9e, avant d&rsquo;encha\u00eener le vendredi 23 mai avec le derby tant attendu face \u00e0 l&rsquo;USM Alger, en match de mise \u00e0 jour de la 22e journ\u00e9e.<\/p>\n\n\n\n<p>Le calendrier s&rsquo;annonce tout aussi charg\u00e9 pour les Usmistes qui, avant de disputer le \u00ab\u00a0big derby\u00a0\u00bb de la capitale, devront se refaire une sant\u00e9 face \u00e0 l&rsquo;Olympique Akbou, lundi 26 mai au stade du 5-Juillet \u00e0 huis clos. Une sanction qui pourrait peser lourd pour les Rouge et Noir, d\u00e9j\u00e0 fragilis\u00e9s par leur d\u00e9faite face au Paradou AC (3-1) lors de la derni\u00e8re journ\u00e9e. Sixi\u00e8mes avec 36 points, les hommes de l&rsquo;USMA sont \u00e0 la crois\u00e9e des chemins et doivent imp\u00e9rativement r\u00e9agir pour pr\u00e9server leurs chances de terminer sur le podium.<\/p>\n\n\n\n<p>Du c\u00f4t\u00e9 du CR Belouizdad, tenant du titre mais distanc\u00e9 dans la course cette saison, l&rsquo;heure est \u00e0 la reconstruction. Les Belouizdadis, qui affrontent l&rsquo;ASO Chlef en cl\u00f4ture de la 26e journ\u00e9e, encha\u00eeneront avec un derby face au Paradou AC le mardi 27 mai au stade Nelson-Mandela de Baraki. Une affiche qui promet d&rsquo;\u00eatre explosive, surtout apr\u00e8s la d\u00e9monstration des Pacistes face \u00e0 l&rsquo;USMA. Le meilleur buteur du championnat, Boulbina, auteur d&rsquo;un doubl\u00e9 portant son total \u00e0 18 r\u00e9alisations, sera l&rsquo;homme \u00e0 surveiller de pr\u00e8s pour la d\u00e9fense du Chabab.<\/p>\n\n\n\n<p>Dans le bas du tableau, la lutte pour le maintien s&rsquo;intensifie avec plusieurs \u00e9quipes en danger. L&rsquo;ES Mostaganem, qui vient de compromettre ses chances en se contentant d&rsquo;un match nul \u00e0 domicile contre le MC El-Bayadh (0-0), jouera une v\u00e9ritable finale face \u00e0 l&rsquo;ASO Chlef. Les hommes de Mostaganem, qui ont termin\u00e9 leur dernier match en inf\u00e9riorit\u00e9 num\u00e9rique apr\u00e8s l&rsquo;expulsion de leur attaquant Siam, n&rsquo;ont plus le droit \u00e0 l&rsquo;erreur s&rsquo;ils veulent pr\u00e9server leur place dans l&rsquo;\u00e9lite.<\/p>\n\n\n\n<p>Pour l&rsquo;US Biskra, lanterne rouge qui aligne d\u00e9j\u00e0 sept matchs sans victoire, la situation semble d\u00e9sesp\u00e9r\u00e9e avec huit points de retard sur le premier non rel\u00e9gable. Les Biskris, qui se d\u00e9placeront chez le MC Oran, auront besoin d&rsquo;un miracle pour esp\u00e9rer se maintenir. Les Oranais, tout comme l&rsquo;Olympique Akbou, ont quant \u00e0 eux r\u00e9alis\u00e9 une bonne op\u00e9ration lors de la derni\u00e8re journ\u00e9e en s&rsquo;imposant respectivement contre le NC Magra et l&rsquo;USM Khenchela sur le m\u00eame score (2-1), prenant ainsi leurs distances avec la zone rouge.<\/p>\n\n\n\n<p>Le CS Constantine, qui a encha\u00een\u00e9 un deuxi\u00e8me succ\u00e8s cons\u00e9cutif en \u00e9crasant l&rsquo;US Biskra (3-0), affrontera le MC El-Bayadh avec l&rsquo;ambition de poursuivre sa remont\u00e9e au classement. D\u00e9sormais \u00e0 \u00e9galit\u00e9 avec l&rsquo;ASO Chlef \u00e0 la 9e place avec 32 points, les Constantinois poss\u00e8dent l&rsquo;avantage d&rsquo;avoir trois matchs en retard, dont celui pr\u00e9vu face au MC Oran le jeudi 22 mai au stade Chahid-Hamlaoui de Constantine.<\/p>\n\n\n\n<p>\u00c0 noter \u00e9galement le match entre l&rsquo;ES S\u00e9tif et l&rsquo;USM Khenchela qui ouvrira la 27e journ\u00e9e le dimanche 25 mai, une rencontre qui s&rsquo;annonce \u00e9quilibr\u00e9e entre deux formations du milieu de tableau cherchant \u00e0 assurer d\u00e9finitivement leur maintien pour aborder sereinement la fin de saison. Dans ce championnat o\u00f9 rien n&rsquo;est jou\u00e9, tant pour le titre que pour le maintien, cette 27e journ\u00e9e pourrait bien repr\u00e9senter un tournant d\u00e9cisif. Les amateurs du football alg\u00e9rien s&rsquo;appr\u00eatent \u00e0 vivre des moments intenses, o\u00f9 chaque action, chaque but et chaque point pourrait s&rsquo;av\u00e9rer d\u00e9terminant dans le d\u00e9compte final.<\/p>\n\n\n\n<p>Moncef Dahleb<\/p>\n","protected":false},"excerpt":{"rendered":"<p>\u00c0 quatre journ\u00e9es de la fin du championnat, la Ligue 1 Mobilis s&rsquo;appr\u00eate \u00e0 vivre une 27e journ\u00e9e \u00e9lectrique o\u00f9<\/p>\n","protected":false},"author":6,"featured_media":67611,"comment_status":"open","ping_status":"closed","sticky":false,"template":"","format":"standard","meta":{"colormag_page_container_layout":"default_layout","colormag_page_sidebar_layout":"default_layout","om_disable_all_campaigns":false,"_monsterinsights_skip_tracking":false,"_monsterinsights_sitenote_active":false,"_monsterinsights_sitenote_note":"","_monsterinsights_sitenote_category":0,"footnotes":"","_wpscppro_dont_share_socialmedia":false,"_wpscppro_custom_social_share_image":0,"_facebook_share_type":"default","_twitter_share_type":"default","_linkedin_share_type":"default","_pinterest_share_type":"default","_linkedin_share_type_page":"","_instagram_share_type":"default","_medium_share_type":"default","_threads_share_type":"","_google_business_share_type":"","_selected_social_profile":[],"_wpsp_enable_custom_social_template":false,"_wpsp_social_scheduling":{"enabled":false,"datetime":null,"platforms":[],"status":"template_only","dateOption":"today","timeOption":"now","customDays":"","customHours":"","customDate":"","customTime":"","schedulingType":"absolute"},"_wpsp_active_default_template":true},"categories":[33],"tags":[],"class_list":["post-67610","post","type-post","status-publish","format-standard","has-post-thumbnail","hentry","category-sports"],"aioseo_notices":[],"yoast_head":"<!-- This site is optimized with the Yoast SEO plugin v27.5 - https:\/\/yoast.com\/product\/yoast-seo-wordpress\/ -->\n<title>Le calendrier de la 27e journ\u00e9e de Ligue 1 Mobilis d\u00e9voil\u00e9: Un week-end sous tension ! - La Sentinelle<\/title>\n<meta name=\"robots\" content=\"index, follow, max-snippet:-1, max-image-preview:large, max-video-preview:-1\" \/>\n<link rel=\"canonical\" href=\"https:\/\/lasentinelle.dz\/index.php\/2025\/05\/20\/le-calendrier-de-la-27e-journee-de-ligue-1-mobilis-devoile-un-week-end-sous-tension\/\" \/>\n<meta property=\"og:locale\" content=\"fr_FR\" \/>\n<meta property=\"og:type\" content=\"article\" \/>\n<meta property=\"og:title\" content=\"Le calendrier de la 27e journ\u00e9e de Ligue 1 Mobilis d\u00e9voil\u00e9: Un week-end sous tension ! - La Sentinelle\" \/>\n<meta property=\"og:description\" content=\"\u00c0 quatre journ\u00e9es de la fin du championnat, la Ligue 1 Mobilis s&rsquo;appr\u00eate \u00e0 vivre une 27e journ\u00e9e \u00e9lectrique o\u00f9\" \/>\n<meta property=\"og:url\" content=\"https:\/\/lasentinelle.dz\/index.php\/2025\/05\/20\/le-calendrier-de-la-27e-journee-de-ligue-1-mobilis-devoile-un-week-end-sous-tension\/\" \/>\n<meta property=\"og:site_name\" content=\"La Sentinelle\" \/>\n<meta property=\"article:publisher\" content=\"https:\/\/www.facebook.com\/La-Sentinelle-104059864394773\" \/>\n<meta property=\"article:published_time\" content=\"2025-05-20T09:12:18+00:00\" \/>\n<meta property=\"article:modified_time\" content=\"2025-05-20T09:12:19+00:00\" \/>\n<meta property=\"og:image\" content=\"https:\/\/lasentinelle.dz\/wp-content\/uploads\/2025\/05\/Ligue-1.jpeg\" \/>\n\t<meta property=\"og:image:width\" content=\"1280\" \/>\n\t<meta property=\"og:image:height\" content=\"720\" \/>\n\t<meta property=\"og:image:type\" content=\"image\/jpeg\" \/>\n<meta name=\"author\" content=\"admin\" \/>\n<meta name=\"twitter:card\" content=\"summary_large_image\" \/>\n<meta name=\"twitter:label1\" content=\"\u00c9crit par\" \/>\n\t<meta name=\"twitter:data1\" content=\"admin\" \/>\n\t<meta name=\"twitter:label2\" content=\"Dur\u00e9e de lecture estim\u00e9e\" \/>\n\t<meta name=\"twitter:data2\" content=\"5 minutes\" \/>\n<script type=\"application\/ld+json\" class=\"yoast-schema-graph\">{\"@context\":\"https:\\\/\\\/schema.org\",\"@graph\":[{\"@type\":\"Article\",\"@id\":\"https:\\\/\\\/lasentinelle.dz\\\/index.php\\\/2025\\\/05\\\/20\\\/le-calendrier-de-la-27e-journee-de-ligue-1-mobilis-devoile-un-week-end-sous-tension\\\/#article\",\"isPartOf\":{\"@id\":\"https:\\\/\\\/lasentinelle.dz\\\/index.php\\\/2025\\\/05\\\/20\\\/le-calendrier-de-la-27e-journee-de-ligue-1-mobilis-devoile-un-week-end-sous-tension\\\/\"},\"author\":{\"name\":\"admin\",\"@id\":\"https:\\\/\\\/lasentinelle.dz\\\/#\\\/schema\\\/person\\\/729ee0024f24e0b8c5ec17232f8e8b41\"},\"headline\":\"Le calendrier de la 27e journ\u00e9e de Ligue 1 Mobilis d\u00e9voil\u00e9: Un week-end sous tension !\",\"datePublished\":\"2025-05-20T09:12:18+00:00\",\"dateModified\":\"2025-05-20T09:12:19+00:00\",\"mainEntityOfPage\":{\"@id\":\"https:\\\/\\\/lasentinelle.dz\\\/index.php\\\/2025\\\/05\\\/20\\\/le-calendrier-de-la-27e-journee-de-ligue-1-mobilis-devoile-un-week-end-sous-tension\\\/\"},\"wordCount\":920,\"commentCount\":0,\"publisher\":{\"@id\":\"https:\\\/\\\/lasentinelle.dz\\\/#organization\"},\"image\":{\"@id\":\"https:\\\/\\\/lasentinelle.dz\\\/index.php\\\/2025\\\/05\\\/20\\\/le-calendrier-de-la-27e-journee-de-ligue-1-mobilis-devoile-un-week-end-sous-tension\\\/#primaryimage\"},\"thumbnailUrl\":\"https:\\\/\\\/lasentinelle.dz\\\/wp-content\\\/uploads\\\/2025\\\/05\\\/Ligue-1.jpeg\",\"articleSection\":[\"Sports\"],\"inLanguage\":\"fr-FR\",\"potentialAction\":[{\"@type\":\"CommentAction\",\"name\":\"Comment\",\"target\":[\"https:\\\/\\\/lasentinelle.dz\\\/index.php\\\/2025\\\/05\\\/20\\\/le-calendrier-de-la-27e-journee-de-ligue-1-mobilis-devoile-un-week-end-sous-tension\\\/#respond\"]}]},{\"@type\":\"WebPage\",\"@id\":\"https:\\\/\\\/lasentinelle.dz\\\/index.php\\\/2025\\\/05\\\/20\\\/le-calendrier-de-la-27e-journee-de-ligue-1-mobilis-devoile-un-week-end-sous-tension\\\/\",\"url\":\"https:\\\/\\\/lasentinelle.dz\\\/index.php\\\/2025\\\/05\\\/20\\\/le-calendrier-de-la-27e-journee-de-ligue-1-mobilis-devoile-un-week-end-sous-tension\\\/\",\"name\":\"Le calendrier de la 27e journ\u00e9e de Ligue 1 Mobilis d\u00e9voil\u00e9: Un week-end sous tension ! - La Sentinelle\",\"isPartOf\":{\"@id\":\"https:\\\/\\\/lasentinelle.dz\\\/#website\"},\"primaryImageOfPage\":{\"@id\":\"https:\\\/\\\/lasentinelle.dz\\\/index.php\\\/2025\\\/05\\\/20\\\/le-calendrier-de-la-27e-journee-de-ligue-1-mobilis-devoile-un-week-end-sous-tension\\\/#primaryimage\"},\"image\":{\"@id\":\"https:\\\/\\\/lasentinelle.dz\\\/index.php\\\/2025\\\/05\\\/20\\\/le-calendrier-de-la-27e-journee-de-ligue-1-mobilis-devoile-un-week-end-sous-tension\\\/#primaryimage\"},\"thumbnailUrl\":\"https:\\\/\\\/lasentinelle.dz\\\/wp-content\\\/uploads\\\/2025\\\/05\\\/Ligue-1.jpeg\",\"datePublished\":\"2025-05-20T09:12:18+00:00\",\"dateModified\":\"2025-05-20T09:12:19+00:00\",\"breadcrumb\":{\"@id\":\"https:\\\/\\\/lasentinelle.dz\\\/index.php\\\/2025\\\/05\\\/20\\\/le-calendrier-de-la-27e-journee-de-ligue-1-mobilis-devoile-un-week-end-sous-tension\\\/#breadcrumb\"},\"inLanguage\":\"fr-FR\",\"potentialAction\":[{\"@type\":\"ReadAction\",\"target\":[\"https:\\\/\\\/lasentinelle.dz\\\/index.php\\\/2025\\\/05\\\/20\\\/le-calendrier-de-la-27e-journee-de-ligue-1-mobilis-devoile-un-week-end-sous-tension\\\/\"]}]},{\"@type\":\"ImageObject\",\"inLanguage\":\"fr-FR\",\"@id\":\"https:\\\/\\\/lasentinelle.dz\\\/index.php\\\/2025\\\/05\\\/20\\\/le-calendrier-de-la-27e-journee-de-ligue-1-mobilis-devoile-un-week-end-sous-tension\\\/#primaryimage\",\"url\":\"https:\\\/\\\/lasentinelle.dz\\\/wp-content\\\/uploads\\\/2025\\\/05\\\/Ligue-1.jpeg\",\"contentUrl\":\"https:\\\/\\\/lasentinelle.dz\\\/wp-content\\\/uploads\\\/2025\\\/05\\\/Ligue-1.jpeg\",\"width\":1280,\"height\":720},{\"@type\":\"BreadcrumbList\",\"@id\":\"https:\\\/\\\/lasentinelle.dz\\\/index.php\\\/2025\\\/05\\\/20\\\/le-calendrier-de-la-27e-journee-de-ligue-1-mobilis-devoile-un-week-end-sous-tension\\\/#breadcrumb\",\"itemListElement\":[{\"@type\":\"ListItem\",\"position\":1,\"name\":\"Accueil\",\"item\":\"https:\\\/\\\/lasentinelle.dz\\\/\"},{\"@type\":\"ListItem\",\"position\":2,\"name\":\"Le calendrier de la 27e journ\u00e9e de Ligue 1 Mobilis d\u00e9voil\u00e9: Un week-end sous tension !\"}]},{\"@type\":\"WebSite\",\"@id\":\"https:\\\/\\\/lasentinelle.dz\\\/#website\",\"url\":\"https:\\\/\\\/lasentinelle.dz\\\/\",\"name\":\"La Sentinelle\",\"description\":\"Quotidien national d&#039;information\",\"publisher\":{\"@id\":\"https:\\\/\\\/lasentinelle.dz\\\/#organization\"},\"potentialAction\":[{\"@type\":\"SearchAction\",\"target\":{\"@type\":\"EntryPoint\",\"urlTemplate\":\"https:\\\/\\\/lasentinelle.dz\\\/?s={search_term_string}\"},\"query-input\":{\"@type\":\"PropertyValueSpecification\",\"valueRequired\":true,\"valueName\":\"search_term_string\"}}],\"inLanguage\":\"fr-FR\"},{\"@type\":\"Organization\",\"@id\":\"https:\\\/\\\/lasentinelle.dz\\\/#organization\",\"name\":\"Quotidien La Sentinelle\",\"url\":\"https:\\\/\\\/lasentinelle.dz\\\/\",\"logo\":{\"@type\":\"ImageObject\",\"inLanguage\":\"fr-FR\",\"@id\":\"https:\\\/\\\/lasentinelle.dz\\\/#\\\/schema\\\/logo\\\/image\\\/\",\"url\":\"https:\\\/\\\/lasentinelle.dz\\\/wp-content\\\/uploads\\\/2021\\\/09\\\/logo-sentinelleSLOGAN-1.png\",\"contentUrl\":\"https:\\\/\\\/lasentinelle.dz\\\/wp-content\\\/uploads\\\/2021\\\/09\\\/logo-sentinelleSLOGAN-1.png\",\"width\":615,\"height\":142,\"caption\":\"Quotidien La Sentinelle\"},\"image\":{\"@id\":\"https:\\\/\\\/lasentinelle.dz\\\/#\\\/schema\\\/logo\\\/image\\\/\"},\"sameAs\":[\"https:\\\/\\\/www.facebook.com\\\/La-Sentinelle-104059864394773\"]},{\"@type\":\"Person\",\"@id\":\"https:\\\/\\\/lasentinelle.dz\\\/#\\\/schema\\\/person\\\/729ee0024f24e0b8c5ec17232f8e8b41\",\"name\":\"admin\",\"image\":{\"@type\":\"ImageObject\",\"inLanguage\":\"fr-FR\",\"@id\":\"https:\\\/\\\/secure.gravatar.com\\\/avatar\\\/4c81fed838786e9b53f540bf46533e750f5d292099ae3b66cfc6fb1982e29df7?s=96&d=mm&r=g\",\"url\":\"https:\\\/\\\/secure.gravatar.com\\\/avatar\\\/4c81fed838786e9b53f540bf46533e750f5d292099ae3b66cfc6fb1982e29df7?s=96&d=mm&r=g\",\"contentUrl\":\"https:\\\/\\\/secure.gravatar.com\\\/avatar\\\/4c81fed838786e9b53f540bf46533e750f5d292099ae3b66cfc6fb1982e29df7?s=96&d=mm&r=g\",\"caption\":\"admin\"},\"description\":\"admin\",\"url\":\"https:\\\/\\\/lasentinelle.dz\\\/author\\\/admin\\\/\"}]}<\/script>\n<!-- \/ Yoast SEO plugin. -->","yoast_head_json":{"title":"Le calendrier de la 27e journ\u00e9e de Ligue 1 Mobilis d\u00e9voil\u00e9: Un week-end sous tension ! - La Sentinelle","robots":{"index":"index","follow":"follow","max-snippet":"max-snippet:-1","max-image-preview":"max-image-preview:large","max-video-preview":"max-video-preview:-1"},"canonical":"https:\/\/lasentinelle.dz\/index.php\/2025\/05\/20\/le-calendrier-de-la-27e-journee-de-ligue-1-mobilis-devoile-un-week-end-sous-tension\/","og_locale":"fr_FR","og_type":"article","og_title":"Le calendrier de la 27e journ\u00e9e de Ligue 1 Mobilis d\u00e9voil\u00e9: Un week-end sous tension ! - La Sentinelle","og_description":"\u00c0 quatre journ\u00e9es de la fin du championnat, la Ligue 1 Mobilis s&rsquo;appr\u00eate \u00e0 vivre une 27e journ\u00e9e \u00e9lectrique o\u00f9","og_url":"https:\/\/lasentinelle.dz\/index.php\/2025\/05\/20\/le-calendrier-de-la-27e-journee-de-ligue-1-mobilis-devoile-un-week-end-sous-tension\/","og_site_name":"La Sentinelle","article_publisher":"https:\/\/www.facebook.com\/La-Sentinelle-104059864394773","article_published_time":"2025-05-20T09:12:18+00:00","article_modified_time":"2025-05-20T09:12:19+00:00","og_image":[{"width":1280,"height":720,"url":"https:\/\/lasentinelle.dz\/wp-content\/uploads\/2025\/05\/Ligue-1.jpeg","type":"image\/jpeg"}],"author":"admin","twitter_card":"summary_large_image","twitter_misc":{"\u00c9crit par":"admin","Dur\u00e9e de lecture estim\u00e9e":"5 minutes"},"schema":{"@context":"https:\/\/schema.org","@graph":[{"@type":"Article","@id":"https:\/\/lasentinelle.dz\/index.php\/2025\/05\/20\/le-calendrier-de-la-27e-journee-de-ligue-1-mobilis-devoile-un-week-end-sous-tension\/#article","isPartOf":{"@id":"https:\/\/lasentinelle.dz\/index.php\/2025\/05\/20\/le-calendrier-de-la-27e-journee-de-ligue-1-mobilis-devoile-un-week-end-sous-tension\/"},"author":{"name":"admin","@id":"https:\/\/lasentinelle.dz\/#\/schema\/person\/729ee0024f24e0b8c5ec17232f8e8b41"},"headline":"Le calendrier de la 27e journ\u00e9e de Ligue 1 Mobilis d\u00e9voil\u00e9: Un week-end sous tension !","datePublished":"2025-05-20T09:12:18+00:00","dateModified":"2025-05-20T09:12:19+00:00","mainEntityOfPage":{"@id":"https:\/\/lasentinelle.dz\/index.php\/2025\/05\/20\/le-calendrier-de-la-27e-journee-de-ligue-1-mobilis-devoile-un-week-end-sous-tension\/"},"wordCount":920,"commentCount":0,"publisher":{"@id":"https:\/\/lasentinelle.dz\/#organization"},"image":{"@id":"https:\/\/lasentinelle.dz\/index.php\/2025\/05\/20\/le-calendrier-de-la-27e-journee-de-ligue-1-mobilis-devoile-un-week-end-sous-tension\/#primaryimage"},"thumbnailUrl":"https:\/\/lasentinelle.dz\/wp-content\/uploads\/2025\/05\/Ligue-1.jpeg","articleSection":["Sports"],"inLanguage":"fr-FR","potentialAction":[{"@type":"CommentAction","name":"Comment","target":["https:\/\/lasentinelle.dz\/index.php\/2025\/05\/20\/le-calendrier-de-la-27e-journee-de-ligue-1-mobilis-devoile-un-week-end-sous-tension\/#respond"]}]},{"@type":"WebPage","@id":"https:\/\/lasentinelle.dz\/index.php\/2025\/05\/20\/le-calendrier-de-la-27e-journee-de-ligue-1-mobilis-devoile-un-week-end-sous-tension\/","url":"https:\/\/lasentinelle.dz\/index.php\/2025\/05\/20\/le-calendrier-de-la-27e-journee-de-ligue-1-mobilis-devoile-un-week-end-sous-tension\/","name":"Le calendrier de la 27e journ\u00e9e de Ligue 1 Mobilis d\u00e9voil\u00e9: Un week-end sous tension ! - La Sentinelle","isPartOf":{"@id":"https:\/\/lasentinelle.dz\/#website"},"primaryImageOfPage":{"@id":"https:\/\/lasentinelle.dz\/index.php\/2025\/05\/20\/le-calendrier-de-la-27e-journee-de-ligue-1-mobilis-devoile-un-week-end-sous-tension\/#primaryimage"},"image":{"@id":"https:\/\/lasentinelle.dz\/index.php\/2025\/05\/20\/le-calendrier-de-la-27e-journee-de-ligue-1-mobilis-devoile-un-week-end-sous-tension\/#primaryimage"},"thumbnailUrl":"https:\/\/lasentinelle.dz\/wp-content\/uploads\/2025\/05\/Ligue-1.jpeg","datePublished":"2025-05-20T09:12:18+00:00","dateModified":"2025-05-20T09:12:19+00:00","breadcrumb":{"@id":"https:\/\/lasentinelle.dz\/index.php\/2025\/05\/20\/le-calendrier-de-la-27e-journee-de-ligue-1-mobilis-devoile-un-week-end-sous-tension\/#breadcrumb"},"inLanguage":"fr-FR","potentialAction":[{"@type":"ReadAction","target":["https:\/\/lasentinelle.dz\/index.php\/2025\/05\/20\/le-calendrier-de-la-27e-journee-de-ligue-1-mobilis-devoile-un-week-end-sous-tension\/"]}]},{"@type":"ImageObject","inLanguage":"fr-FR","@id":"https:\/\/lasentinelle.dz\/index.php\/2025\/05\/20\/le-calendrier-de-la-27e-journee-de-ligue-1-mobilis-devoile-un-week-end-sous-tension\/#primaryimage","url":"https:\/\/lasentinelle.dz\/wp-content\/uploads\/2025\/05\/Ligue-1.jpeg","contentUrl":"https:\/\/lasentinelle.dz\/wp-content\/uploads\/2025\/05\/Ligue-1.jpeg","width":1280,"height":720},{"@type":"BreadcrumbList","@id":"https:\/\/lasentinelle.dz\/index.php\/2025\/05\/20\/le-calendrier-de-la-27e-journee-de-ligue-1-mobilis-devoile-un-week-end-sous-tension\/#breadcrumb","itemListElement":[{"@type":"ListItem","position":1,"name":"Accueil","item":"https:\/\/lasentinelle.dz\/"},{"@type":"ListItem","position":2,"name":"Le calendrier de la 27e journ\u00e9e de Ligue 1 Mobilis d\u00e9voil\u00e9: Un week-end sous tension !"}]},{"@type":"WebSite","@id":"https:\/\/lasentinelle.dz\/#website","url":"https:\/\/lasentinelle.dz\/","name":"La Sentinelle","description":"Quotidien national d&#039;information","publisher":{"@id":"https:\/\/lasentinelle.dz\/#organization"},"potentialAction":[{"@type":"SearchAction","target":{"@type":"EntryPoint","urlTemplate":"https:\/\/lasentinelle.dz\/?s={search_term_string}"},"query-input":{"@type":"PropertyValueSpecification","valueRequired":true,"valueName":"search_term_string"}}],"inLanguage":"fr-FR"},{"@type":"Organization","@id":"https:\/\/lasentinelle.dz\/#organization","name":"Quotidien La Sentinelle","url":"https:\/\/lasentinelle.dz\/","logo":{"@type":"ImageObject","inLanguage":"fr-FR","@id":"https:\/\/lasentinelle.dz\/#\/schema\/logo\/image\/","url":"https:\/\/lasentinelle.dz\/wp-content\/uploads\/2021\/09\/logo-sentinelleSLOGAN-1.png","contentUrl":"https:\/\/lasentinelle.dz\/wp-content\/uploads\/2021\/09\/logo-sentinelleSLOGAN-1.png","width":615,"height":142,"caption":"Quotidien La Sentinelle"},"image":{"@id":"https:\/\/lasentinelle.dz\/#\/schema\/logo\/image\/"},"sameAs":["https:\/\/www.facebook.com\/La-Sentinelle-104059864394773"]},{"@type":"Person","@id":"https:\/\/lasentinelle.dz\/#\/schema\/person\/729ee0024f24e0b8c5ec17232f8e8b41","name":"admin","image":{"@type":"ImageObject","inLanguage":"fr-FR","@id":"https:\/\/secure.gravatar.com\/avatar\/4c81fed838786e9b53f540bf46533e750f5d292099ae3b66cfc6fb1982e29df7?s=96&d=mm&r=g","url":"https:\/\/secure.gravatar.com\/avatar\/4c81fed838786e9b53f540bf46533e750f5d292099ae3b66cfc6fb1982e29df7?s=96&d=mm&r=g","contentUrl":"https:\/\/secure.gravatar.com\/avatar\/4c81fed838786e9b53f540bf46533e750f5d292099ae3b66cfc6fb1982e29df7?s=96&d=mm&r=g","caption":"admin"},"description":"admin","url":"https:\/\/lasentinelle.dz\/author\/admin\/"}]}},"_links":{"self":[{"href":"https:\/\/lasentinelle.dz\/index.php\/wp-json\/wp\/v2\/posts\/67610","targetHints":{"allow":["GET"]}}],"collection":[{"href":"https:\/\/lasentinelle.dz\/index.php\/wp-json\/wp\/v2\/posts"}],"about":[{"href":"https:\/\/lasentinelle.dz\/index.php\/wp-json\/wp\/v2\/types\/post"}],"author":[{"embeddable":true,"href":"https:\/\/lasentinelle.dz\/index.php\/wp-json\/wp\/v2\/users\/6"}],"replies":[{"embeddable":true,"href":"https:\/\/lasentinelle.dz\/index.php\/wp-json\/wp\/v2\/comments?post=67610"}],"version-history":[{"count":1,"href":"https:\/\/lasentinelle.dz\/index.php\/wp-json\/wp\/v2\/posts\/67610\/revisions"}],"predecessor-version":[{"id":67612,"href":"https:\/\/lasentinelle.dz\/index.php\/wp-json\/wp\/v2\/posts\/67610\/revisions\/67612"}],"wp:featuredmedia":[{"embeddable":true,"href":"https:\/\/lasentinelle.dz\/index.php\/wp-json\/wp\/v2\/media\/67611"}],"wp:attachment":[{"href":"https:\/\/lasentinelle.dz\/index.php\/wp-json\/wp\/v2\/media?parent=67610"}],"wp:term":[{"taxonomy":"category","embeddable":true,"href":"https:\/\/lasentinelle.dz\/index.php\/wp-json\/wp\/v2\/categories?post=67610"},{"taxonomy":"post_tag","embeddable":true,"href":"https:\/\/lasentinelle.dz\/index.php\/wp-json\/wp\/v2\/tags?post=67610"}],"curies":[{"name":"wp","href":"https:\/\/api.w.org\/{rel}","templated":true}]}}