{"id":67661,"date":"2025-05-21T12:15:47","date_gmt":"2025-05-21T11:15:47","guid":{"rendered":"https:\/\/lasentinelle.dz\/?p=67661"},"modified":"2025-05-21T12:15:48","modified_gmt":"2025-05-21T11:15:48","slug":"sahara-occidental-attaques-marocaines-de-drones-un-crime-de-guerre","status":"publish","type":"post","link":"https:\/\/lasentinelle.dz\/index.php\/2025\/05\/21\/sahara-occidental-attaques-marocaines-de-drones-un-crime-de-guerre\/","title":{"rendered":"Sahara Occidental : Attaques marocaines de drones, un crime de guerre"},"content":{"rendered":"\n<p>Le Collectif des d\u00e9fenseurs sahraouis des droits humains au Sahara occidental (CODESA) a fermement condamn\u00e9 la poursuite des \u00ab\u00a0crimes de guerre et crimes contre l&rsquo;humanit\u00e9\u00a0\u00bb perp\u00e9tr\u00e9s par la puissance occupante marocaine. Ces actes, qualifi\u00e9s de violations flagrantes du droit international humanitaire, s&rsquo;inscrivent dans une strat\u00e9gie d\u00e9lib\u00e9r\u00e9e d&rsquo;intimidation et d&rsquo;\u00e9limination cibl\u00e9e touchant non seulement la population sahraouie mais \u00e9galement des ressortissants de pays voisins.<\/p>\n\n\n\n<p>Le dernier \u00e9pisode de cette campagne syst\u00e9matique de terreur s&rsquo;est produit le 16 mai dernier, lorsque l&rsquo;arm\u00e9e d&rsquo;occupation marocaine a d\u00e9lib\u00e9r\u00e9ment cibl\u00e9 un v\u00e9hicule civil immatricul\u00e9 en R\u00e9publique islamique de Mauritanie transportant deux ressortissants mauritaniens dans la zone de Kuerziz, \u00e0 l&rsquo;est du mur de s\u00e9paration militaire \u00e9rig\u00e9 ill\u00e9galement par le Maroc en territoire sahraoui. Cette attaque caract\u00e9ris\u00e9e, men\u00e9e par un drone militaire marocain en violation de toutes les conventions internationales, a entra\u00een\u00e9 la destruction totale du v\u00e9hicule et caus\u00e9 la mort tragique des deux civils mauritaniens. Leurs d\u00e9pouilles ont d\u00fb \u00eatre transport\u00e9es vers la ville mauritanienne de Zouerate, situ\u00e9e \u00e0 environ 200 kilom\u00e8tres du lieu de cette ex\u00e9cution extrajudiciaire. Cet assassinat cibl\u00e9 s&rsquo;ajoute \u00e0 une liste d\u00e9j\u00e0 longue d&rsquo;exactions commises par l&rsquo;occupant marocain depuis la rupture unilat\u00e9rale du cessez-le-feu en novembre 2020, rupture qui a marqu\u00e9 une intensification dramatique de la r\u00e9pression. Le Comit\u00e9 pour la protection des civils sahraouis, structure relevant du CODESA, n&rsquo;a pas manqu\u00e9 de relever dans son communiqu\u00e9 \u00ab\u00a0une recrudescence de crimes de guerre et de crimes contre l&rsquo;humanit\u00e9\u00a0\u00bb tant dans les territoires occup\u00e9s qu&rsquo;\u00e0 l&rsquo;est du mur militaire de s\u00e9paration, r\u00e9v\u00e9lant ainsi l&rsquo;ampleur d&rsquo;une offensive g\u00e9n\u00e9ralis\u00e9e contre les populations civiles. Les informations recueillies sur le terrain confirment que les deux victimes mauritaniennes \u00e9taient des orpailleurs qui prospectaient pacifiquement dans la r\u00e9gion, comme l&rsquo;a rapport\u00e9 la presse mauritanienne cette semaine. L&rsquo;activiste mauritanien Isma\u00efl Yakoub Che\u00efkh Sidia a soulign\u00e9 avec force que \u00ab\u00a0les deux victimes ne constituaient aucune menace\u00a0\u00bb, d\u00e9mentant ainsi toute justification s\u00e9curitaire que pourrait avancer le r\u00e9gime d&rsquo;occupation. Il a par ailleurs d\u00e9nonc\u00e9 la multiplication inqui\u00e9tante des agressions marocaines contre les citoyens mauritaniens, signe d&rsquo;une extension pr\u00e9occupante du p\u00e9rim\u00e8tre d&rsquo;agression au-del\u00e0 m\u00eame des fronti\u00e8res traditionnelles du conflit. La r\u00e9action indign\u00e9e ne s&rsquo;est pas limit\u00e9e aux organisations de d\u00e9fense des droits humains. Sur le plan politique, l&rsquo;Union des forces de progr\u00e8s (UFP), parti politique mauritanien influent, a condamn\u00e9 \u00ab\u00a0\u00e9nergiquement\u00a0\u00bb ces \u00ab\u00a0assassinats \u00e0 r\u00e9p\u00e9tition\u00a0\u00bb de civils mauritaniens par les drones de l&rsquo;arm\u00e9e marocaine, exigeant dans un communiqu\u00e9 sans ambigu\u00eft\u00e9 \u00ab\u00a0que des dispositions n\u00e9cessaires soient prises pour mettre fin \u00e0 ces drames \u00e0 r\u00e9p\u00e9tition\u00a0\u00bb. Cette prise de position illustre l&rsquo;inqui\u00e9tude croissante des pays voisins face \u00e0 l&rsquo;escalade militaire marocaine et ses cons\u00e9quences d\u00e9stabilisatrices pour toute la r\u00e9gion sah\u00e9lo-saharienne. Face \u00e0 cette situation alarmante qui constitue une menace directe pour la paix r\u00e9gionale, le CODESA a exprim\u00e9 \u00ab\u00a0son enti\u00e8re solidarit\u00e9 avec les familles des victimes civiles, de toutes nationalit\u00e9s, dont les proches ont \u00e9t\u00e9 cibl\u00e9s par des frappes de drones et des armes l\u00e9tales \u00e0 l&rsquo;est du mur militaire \u00e9rig\u00e9 par l&rsquo;occupation marocaine\u00a0\u00bb. Cette solidarit\u00e9 transcende les fronti\u00e8res et rappelle la dimension universelle du combat pour la lib\u00e9ration du Sahara occidental, derni\u00e8re colonie d&rsquo;Afrique. Dans une d\u00e9marche urgente pour mettre fin \u00e0 ces violations syst\u00e9matiques, le collectif a lanc\u00e9 un \u00ab\u00a0appel urgent\u00a0\u00bb aux instances internationales &#8211; Organisation des Nations unies, Union africaine et Comit\u00e9 international de la Croix-Rouge &#8211; pour une intervention \u00ab\u00a0imm\u00e9diate\u00a0\u00bb afin de \u00ab\u00a0mettre un terme \u00e0 ces crimes perp\u00e9tr\u00e9s par la puissance occupante marocaine\u00a0\u00bb. Cet appel souligne \u00e9galement la n\u00e9cessit\u00e9 d&rsquo;assurer enfin une protection effective des populations civiles et, surtout, d&rsquo;engager un \u00ab\u00a0v\u00e9ritable processus de d\u00e9colonisation du Sahara occidental conform\u00e9ment \u00e0 la Charte des Nations unies et \u00e0 toutes les r\u00e9solutions et recommandations pertinentes de l&rsquo;Assembl\u00e9e g\u00e9n\u00e9rale des Nations unies\u00a0\u00bb. Ces \u00e9v\u00e9nements tragiques mettent en lumi\u00e8re l&rsquo;\u00e9chec patent de la MINURSO (Mission des Nations Unies pour l&rsquo;Organisation d&rsquo;un R\u00e9f\u00e9rendum au Sahara Occidental) \u00e0 garantir la s\u00e9curit\u00e9 des populations civiles et \u00e0 faire respecter le droit international dans cette r\u00e9gion occup\u00e9e. Ils soulignent l&rsquo;urgence d&rsquo;\u00e9largir le mandat de cette mission pour y inclure explicitement la surveillance des droits humains, une revendication constante du Front Polisario et de la soci\u00e9t\u00e9 civile sahraouie syst\u00e9matiquement bloqu\u00e9e par le Maroc et ses alli\u00e9s au Conseil de s\u00e9curit\u00e9. L&rsquo;utilisation croissante de drones arm\u00e9s par le Maroc contre des cibles civiles repr\u00e9sente une dangereuse escalade dans ce conflit vieux de pr\u00e8s de cinq d\u00e9cennies.<\/p>\n\n\n\n<p>Lyes Sa\u00efdi<\/p>\n","protected":false},"excerpt":{"rendered":"<p>Le Collectif des d\u00e9fenseurs sahraouis des droits humains au Sahara occidental (CODESA) a fermement condamn\u00e9 la poursuite des \u00ab\u00a0crimes de<\/p>\n","protected":false},"author":6,"featured_media":53189,"comment_status":"open","ping_status":"closed","sticky":false,"template":"","format":"standard","meta":{"colormag_page_container_layout":"default_layout","colormag_page_sidebar_layout":"default_layout","om_disable_all_campaigns":false,"_monsterinsights_skip_tracking":false,"_monsterinsights_sitenote_active":false,"_monsterinsights_sitenote_note":"","_monsterinsights_sitenote_category":0,"footnotes":"","_wpscppro_dont_share_socialmedia":false,"_wpscppro_custom_social_share_image":0,"_facebook_share_type":"default","_twitter_share_type":"default","_linkedin_share_type":"default","_pinterest_share_type":"default","_linkedin_share_type_page":"","_instagram_share_type":"default","_medium_share_type":"default","_threads_share_type":"","_google_business_share_type":"","_selected_social_profile":[],"_wpsp_enable_custom_social_template":false,"_wpsp_social_scheduling":{"enabled":false,"datetime":null,"platforms":[],"status":"template_only","dateOption":"today","timeOption":"now","customDays":"","customHours":"","customDate":"","customTime":"","schedulingType":"absolute"},"_wpsp_active_default_template":true},"categories":[37],"tags":[],"class_list":["post-67661","post","type-post","status-publish","format-standard","has-post-thumbnail","hentry","category-monde"],"aioseo_notices":[],"yoast_head":"<!-- This site is optimized with the Yoast SEO plugin v27.5 - https:\/\/yoast.com\/product\/yoast-seo-wordpress\/ -->\n<title>Sahara Occidental : Attaques marocaines de drones, un crime de guerre - La Sentinelle<\/title>\n<meta name=\"robots\" content=\"index, follow, max-snippet:-1, max-image-preview:large, max-video-preview:-1\" \/>\n<link rel=\"canonical\" href=\"https:\/\/lasentinelle.dz\/index.php\/2025\/05\/21\/sahara-occidental-attaques-marocaines-de-drones-un-crime-de-guerre\/\" \/>\n<meta property=\"og:locale\" content=\"fr_FR\" \/>\n<meta property=\"og:type\" content=\"article\" \/>\n<meta property=\"og:title\" content=\"Sahara Occidental : Attaques marocaines de drones, un crime de guerre - La Sentinelle\" \/>\n<meta property=\"og:description\" content=\"Le Collectif des d\u00e9fenseurs sahraouis des droits humains au Sahara occidental (CODESA) a fermement condamn\u00e9 la poursuite des \u00ab\u00a0crimes de\" \/>\n<meta property=\"og:url\" content=\"https:\/\/lasentinelle.dz\/index.php\/2025\/05\/21\/sahara-occidental-attaques-marocaines-de-drones-un-crime-de-guerre\/\" \/>\n<meta property=\"og:site_name\" content=\"La Sentinelle\" \/>\n<meta property=\"article:publisher\" content=\"https:\/\/www.facebook.com\/La-Sentinelle-104059864394773\" \/>\n<meta property=\"article:published_time\" content=\"2025-05-21T11:15:47+00:00\" \/>\n<meta property=\"article:modified_time\" content=\"2025-05-21T11:15:48+00:00\" \/>\n<meta property=\"og:image\" content=\"https:\/\/lasentinelle.dz\/wp-content\/uploads\/2024\/06\/drones-maroc.png\" \/>\n\t<meta property=\"og:image:width\" content=\"680\" \/>\n\t<meta property=\"og:image:height\" content=\"425\" \/>\n\t<meta property=\"og:image:type\" content=\"image\/png\" \/>\n<meta name=\"author\" content=\"admin\" \/>\n<meta name=\"twitter:card\" content=\"summary_large_image\" \/>\n<meta name=\"twitter:label1\" content=\"\u00c9crit par\" \/>\n\t<meta name=\"twitter:data1\" content=\"admin\" \/>\n\t<meta name=\"twitter:label2\" content=\"Dur\u00e9e de lecture estim\u00e9e\" \/>\n\t<meta name=\"twitter:data2\" content=\"4 minutes\" \/>\n<script type=\"application\/ld+json\" class=\"yoast-schema-graph\">{\"@context\":\"https:\\\/\\\/schema.org\",\"@graph\":[{\"@type\":\"Article\",\"@id\":\"https:\\\/\\\/lasentinelle.dz\\\/index.php\\\/2025\\\/05\\\/21\\\/sahara-occidental-attaques-marocaines-de-drones-un-crime-de-guerre\\\/#article\",\"isPartOf\":{\"@id\":\"https:\\\/\\\/lasentinelle.dz\\\/index.php\\\/2025\\\/05\\\/21\\\/sahara-occidental-attaques-marocaines-de-drones-un-crime-de-guerre\\\/\"},\"author\":{\"name\":\"admin\",\"@id\":\"https:\\\/\\\/lasentinelle.dz\\\/#\\\/schema\\\/person\\\/729ee0024f24e0b8c5ec17232f8e8b41\"},\"headline\":\"Sahara Occidental : Attaques marocaines de drones, un crime de guerre\",\"datePublished\":\"2025-05-21T11:15:47+00:00\",\"dateModified\":\"2025-05-21T11:15:48+00:00\",\"mainEntityOfPage\":{\"@id\":\"https:\\\/\\\/lasentinelle.dz\\\/index.php\\\/2025\\\/05\\\/21\\\/sahara-occidental-attaques-marocaines-de-drones-un-crime-de-guerre\\\/\"},\"wordCount\":853,\"commentCount\":0,\"publisher\":{\"@id\":\"https:\\\/\\\/lasentinelle.dz\\\/#organization\"},\"image\":{\"@id\":\"https:\\\/\\\/lasentinelle.dz\\\/index.php\\\/2025\\\/05\\\/21\\\/sahara-occidental-attaques-marocaines-de-drones-un-crime-de-guerre\\\/#primaryimage\"},\"thumbnailUrl\":\"https:\\\/\\\/lasentinelle.dz\\\/wp-content\\\/uploads\\\/2024\\\/06\\\/drones-maroc.png\",\"articleSection\":[\"Monde\"],\"inLanguage\":\"fr-FR\",\"potentialAction\":[{\"@type\":\"CommentAction\",\"name\":\"Comment\",\"target\":[\"https:\\\/\\\/lasentinelle.dz\\\/index.php\\\/2025\\\/05\\\/21\\\/sahara-occidental-attaques-marocaines-de-drones-un-crime-de-guerre\\\/#respond\"]}]},{\"@type\":\"WebPage\",\"@id\":\"https:\\\/\\\/lasentinelle.dz\\\/index.php\\\/2025\\\/05\\\/21\\\/sahara-occidental-attaques-marocaines-de-drones-un-crime-de-guerre\\\/\",\"url\":\"https:\\\/\\\/lasentinelle.dz\\\/index.php\\\/2025\\\/05\\\/21\\\/sahara-occidental-attaques-marocaines-de-drones-un-crime-de-guerre\\\/\",\"name\":\"Sahara Occidental : Attaques marocaines de drones, un crime de guerre - La Sentinelle\",\"isPartOf\":{\"@id\":\"https:\\\/\\\/lasentinelle.dz\\\/#website\"},\"primaryImageOfPage\":{\"@id\":\"https:\\\/\\\/lasentinelle.dz\\\/index.php\\\/2025\\\/05\\\/21\\\/sahara-occidental-attaques-marocaines-de-drones-un-crime-de-guerre\\\/#primaryimage\"},\"image\":{\"@id\":\"https:\\\/\\\/lasentinelle.dz\\\/index.php\\\/2025\\\/05\\\/21\\\/sahara-occidental-attaques-marocaines-de-drones-un-crime-de-guerre\\\/#primaryimage\"},\"thumbnailUrl\":\"https:\\\/\\\/lasentinelle.dz\\\/wp-content\\\/uploads\\\/2024\\\/06\\\/drones-maroc.png\",\"datePublished\":\"2025-05-21T11:15:47+00:00\",\"dateModified\":\"2025-05-21T11:15:48+00:00\",\"breadcrumb\":{\"@id\":\"https:\\\/\\\/lasentinelle.dz\\\/index.php\\\/2025\\\/05\\\/21\\\/sahara-occidental-attaques-marocaines-de-drones-un-crime-de-guerre\\\/#breadcrumb\"},\"inLanguage\":\"fr-FR\",\"potentialAction\":[{\"@type\":\"ReadAction\",\"target\":[\"https:\\\/\\\/lasentinelle.dz\\\/index.php\\\/2025\\\/05\\\/21\\\/sahara-occidental-attaques-marocaines-de-drones-un-crime-de-guerre\\\/\"]}]},{\"@type\":\"ImageObject\",\"inLanguage\":\"fr-FR\",\"@id\":\"https:\\\/\\\/lasentinelle.dz\\\/index.php\\\/2025\\\/05\\\/21\\\/sahara-occidental-attaques-marocaines-de-drones-un-crime-de-guerre\\\/#primaryimage\",\"url\":\"https:\\\/\\\/lasentinelle.dz\\\/wp-content\\\/uploads\\\/2024\\\/06\\\/drones-maroc.png\",\"contentUrl\":\"https:\\\/\\\/lasentinelle.dz\\\/wp-content\\\/uploads\\\/2024\\\/06\\\/drones-maroc.png\",\"width\":680,\"height\":425},{\"@type\":\"BreadcrumbList\",\"@id\":\"https:\\\/\\\/lasentinelle.dz\\\/index.php\\\/2025\\\/05\\\/21\\\/sahara-occidental-attaques-marocaines-de-drones-un-crime-de-guerre\\\/#breadcrumb\",\"itemListElement\":[{\"@type\":\"ListItem\",\"position\":1,\"name\":\"Accueil\",\"item\":\"https:\\\/\\\/lasentinelle.dz\\\/\"},{\"@type\":\"ListItem\",\"position\":2,\"name\":\"Sahara Occidental : Attaques marocaines de drones, un crime de guerre\"}]},{\"@type\":\"WebSite\",\"@id\":\"https:\\\/\\\/lasentinelle.dz\\\/#website\",\"url\":\"https:\\\/\\\/lasentinelle.dz\\\/\",\"name\":\"La Sentinelle\",\"description\":\"Quotidien national d&#039;information\",\"publisher\":{\"@id\":\"https:\\\/\\\/lasentinelle.dz\\\/#organization\"},\"potentialAction\":[{\"@type\":\"SearchAction\",\"target\":{\"@type\":\"EntryPoint\",\"urlTemplate\":\"https:\\\/\\\/lasentinelle.dz\\\/?s={search_term_string}\"},\"query-input\":{\"@type\":\"PropertyValueSpecification\",\"valueRequired\":true,\"valueName\":\"search_term_string\"}}],\"inLanguage\":\"fr-FR\"},{\"@type\":\"Organization\",\"@id\":\"https:\\\/\\\/lasentinelle.dz\\\/#organization\",\"name\":\"Quotidien La Sentinelle\",\"url\":\"https:\\\/\\\/lasentinelle.dz\\\/\",\"logo\":{\"@type\":\"ImageObject\",\"inLanguage\":\"fr-FR\",\"@id\":\"https:\\\/\\\/lasentinelle.dz\\\/#\\\/schema\\\/logo\\\/image\\\/\",\"url\":\"https:\\\/\\\/lasentinelle.dz\\\/wp-content\\\/uploads\\\/2021\\\/09\\\/logo-sentinelleSLOGAN-1.png\",\"contentUrl\":\"https:\\\/\\\/lasentinelle.dz\\\/wp-content\\\/uploads\\\/2021\\\/09\\\/logo-sentinelleSLOGAN-1.png\",\"width\":615,\"height\":142,\"caption\":\"Quotidien La Sentinelle\"},\"image\":{\"@id\":\"https:\\\/\\\/lasentinelle.dz\\\/#\\\/schema\\\/logo\\\/image\\\/\"},\"sameAs\":[\"https:\\\/\\\/www.facebook.com\\\/La-Sentinelle-104059864394773\"]},{\"@type\":\"Person\",\"@id\":\"https:\\\/\\\/lasentinelle.dz\\\/#\\\/schema\\\/person\\\/729ee0024f24e0b8c5ec17232f8e8b41\",\"name\":\"admin\",\"image\":{\"@type\":\"ImageObject\",\"inLanguage\":\"fr-FR\",\"@id\":\"https:\\\/\\\/secure.gravatar.com\\\/avatar\\\/4c81fed838786e9b53f540bf46533e750f5d292099ae3b66cfc6fb1982e29df7?s=96&d=mm&r=g\",\"url\":\"https:\\\/\\\/secure.gravatar.com\\\/avatar\\\/4c81fed838786e9b53f540bf46533e750f5d292099ae3b66cfc6fb1982e29df7?s=96&d=mm&r=g\",\"contentUrl\":\"https:\\\/\\\/secure.gravatar.com\\\/avatar\\\/4c81fed838786e9b53f540bf46533e750f5d292099ae3b66cfc6fb1982e29df7?s=96&d=mm&r=g\",\"caption\":\"admin\"},\"description\":\"admin\",\"url\":\"https:\\\/\\\/lasentinelle.dz\\\/author\\\/admin\\\/\"}]}<\/script>\n<!-- \/ Yoast SEO plugin. -->","yoast_head_json":{"title":"Sahara Occidental : Attaques marocaines de drones, un crime de guerre - La Sentinelle","robots":{"index":"index","follow":"follow","max-snippet":"max-snippet:-1","max-image-preview":"max-image-preview:large","max-video-preview":"max-video-preview:-1"},"canonical":"https:\/\/lasentinelle.dz\/index.php\/2025\/05\/21\/sahara-occidental-attaques-marocaines-de-drones-un-crime-de-guerre\/","og_locale":"fr_FR","og_type":"article","og_title":"Sahara Occidental : Attaques marocaines de drones, un crime de guerre - La Sentinelle","og_description":"Le Collectif des d\u00e9fenseurs sahraouis des droits humains au Sahara occidental (CODESA) a fermement condamn\u00e9 la poursuite des \u00ab\u00a0crimes de","og_url":"https:\/\/lasentinelle.dz\/index.php\/2025\/05\/21\/sahara-occidental-attaques-marocaines-de-drones-un-crime-de-guerre\/","og_site_name":"La Sentinelle","article_publisher":"https:\/\/www.facebook.com\/La-Sentinelle-104059864394773","article_published_time":"2025-05-21T11:15:47+00:00","article_modified_time":"2025-05-21T11:15:48+00:00","og_image":[{"width":680,"height":425,"url":"https:\/\/lasentinelle.dz\/wp-content\/uploads\/2024\/06\/drones-maroc.png","type":"image\/png"}],"author":"admin","twitter_card":"summary_large_image","twitter_misc":{"\u00c9crit par":"admin","Dur\u00e9e de lecture estim\u00e9e":"4 minutes"},"schema":{"@context":"https:\/\/schema.org","@graph":[{"@type":"Article","@id":"https:\/\/lasentinelle.dz\/index.php\/2025\/05\/21\/sahara-occidental-attaques-marocaines-de-drones-un-crime-de-guerre\/#article","isPartOf":{"@id":"https:\/\/lasentinelle.dz\/index.php\/2025\/05\/21\/sahara-occidental-attaques-marocaines-de-drones-un-crime-de-guerre\/"},"author":{"name":"admin","@id":"https:\/\/lasentinelle.dz\/#\/schema\/person\/729ee0024f24e0b8c5ec17232f8e8b41"},"headline":"Sahara Occidental : Attaques marocaines de drones, un crime de guerre","datePublished":"2025-05-21T11:15:47+00:00","dateModified":"2025-05-21T11:15:48+00:00","mainEntityOfPage":{"@id":"https:\/\/lasentinelle.dz\/index.php\/2025\/05\/21\/sahara-occidental-attaques-marocaines-de-drones-un-crime-de-guerre\/"},"wordCount":853,"commentCount":0,"publisher":{"@id":"https:\/\/lasentinelle.dz\/#organization"},"image":{"@id":"https:\/\/lasentinelle.dz\/index.php\/2025\/05\/21\/sahara-occidental-attaques-marocaines-de-drones-un-crime-de-guerre\/#primaryimage"},"thumbnailUrl":"https:\/\/lasentinelle.dz\/wp-content\/uploads\/2024\/06\/drones-maroc.png","articleSection":["Monde"],"inLanguage":"fr-FR","potentialAction":[{"@type":"CommentAction","name":"Comment","target":["https:\/\/lasentinelle.dz\/index.php\/2025\/05\/21\/sahara-occidental-attaques-marocaines-de-drones-un-crime-de-guerre\/#respond"]}]},{"@type":"WebPage","@id":"https:\/\/lasentinelle.dz\/index.php\/2025\/05\/21\/sahara-occidental-attaques-marocaines-de-drones-un-crime-de-guerre\/","url":"https:\/\/lasentinelle.dz\/index.php\/2025\/05\/21\/sahara-occidental-attaques-marocaines-de-drones-un-crime-de-guerre\/","name":"Sahara Occidental : Attaques marocaines de drones, un crime de guerre - La Sentinelle","isPartOf":{"@id":"https:\/\/lasentinelle.dz\/#website"},"primaryImageOfPage":{"@id":"https:\/\/lasentinelle.dz\/index.php\/2025\/05\/21\/sahara-occidental-attaques-marocaines-de-drones-un-crime-de-guerre\/#primaryimage"},"image":{"@id":"https:\/\/lasentinelle.dz\/index.php\/2025\/05\/21\/sahara-occidental-attaques-marocaines-de-drones-un-crime-de-guerre\/#primaryimage"},"thumbnailUrl":"https:\/\/lasentinelle.dz\/wp-content\/uploads\/2024\/06\/drones-maroc.png","datePublished":"2025-05-21T11:15:47+00:00","dateModified":"2025-05-21T11:15:48+00:00","breadcrumb":{"@id":"https:\/\/lasentinelle.dz\/index.php\/2025\/05\/21\/sahara-occidental-attaques-marocaines-de-drones-un-crime-de-guerre\/#breadcrumb"},"inLanguage":"fr-FR","potentialAction":[{"@type":"ReadAction","target":["https:\/\/lasentinelle.dz\/index.php\/2025\/05\/21\/sahara-occidental-attaques-marocaines-de-drones-un-crime-de-guerre\/"]}]},{"@type":"ImageObject","inLanguage":"fr-FR","@id":"https:\/\/lasentinelle.dz\/index.php\/2025\/05\/21\/sahara-occidental-attaques-marocaines-de-drones-un-crime-de-guerre\/#primaryimage","url":"https:\/\/lasentinelle.dz\/wp-content\/uploads\/2024\/06\/drones-maroc.png","contentUrl":"https:\/\/lasentinelle.dz\/wp-content\/uploads\/2024\/06\/drones-maroc.png","width":680,"height":425},{"@type":"BreadcrumbList","@id":"https:\/\/lasentinelle.dz\/index.php\/2025\/05\/21\/sahara-occidental-attaques-marocaines-de-drones-un-crime-de-guerre\/#breadcrumb","itemListElement":[{"@type":"ListItem","position":1,"name":"Accueil","item":"https:\/\/lasentinelle.dz\/"},{"@type":"ListItem","position":2,"name":"Sahara Occidental : Attaques marocaines de drones, un crime de guerre"}]},{"@type":"WebSite","@id":"https:\/\/lasentinelle.dz\/#website","url":"https:\/\/lasentinelle.dz\/","name":"La Sentinelle","description":"Quotidien national d&#039;information","publisher":{"@id":"https:\/\/lasentinelle.dz\/#organization"},"potentialAction":[{"@type":"SearchAction","target":{"@type":"EntryPoint","urlTemplate":"https:\/\/lasentinelle.dz\/?s={search_term_string}"},"query-input":{"@type":"PropertyValueSpecification","valueRequired":true,"valueName":"search_term_string"}}],"inLanguage":"fr-FR"},{"@type":"Organization","@id":"https:\/\/lasentinelle.dz\/#organization","name":"Quotidien La Sentinelle","url":"https:\/\/lasentinelle.dz\/","logo":{"@type":"ImageObject","inLanguage":"fr-FR","@id":"https:\/\/lasentinelle.dz\/#\/schema\/logo\/image\/","url":"https:\/\/lasentinelle.dz\/wp-content\/uploads\/2021\/09\/logo-sentinelleSLOGAN-1.png","contentUrl":"https:\/\/lasentinelle.dz\/wp-content\/uploads\/2021\/09\/logo-sentinelleSLOGAN-1.png","width":615,"height":142,"caption":"Quotidien La Sentinelle"},"image":{"@id":"https:\/\/lasentinelle.dz\/#\/schema\/logo\/image\/"},"sameAs":["https:\/\/www.facebook.com\/La-Sentinelle-104059864394773"]},{"@type":"Person","@id":"https:\/\/lasentinelle.dz\/#\/schema\/person\/729ee0024f24e0b8c5ec17232f8e8b41","name":"admin","image":{"@type":"ImageObject","inLanguage":"fr-FR","@id":"https:\/\/secure.gravatar.com\/avatar\/4c81fed838786e9b53f540bf46533e750f5d292099ae3b66cfc6fb1982e29df7?s=96&d=mm&r=g","url":"https:\/\/secure.gravatar.com\/avatar\/4c81fed838786e9b53f540bf46533e750f5d292099ae3b66cfc6fb1982e29df7?s=96&d=mm&r=g","contentUrl":"https:\/\/secure.gravatar.com\/avatar\/4c81fed838786e9b53f540bf46533e750f5d292099ae3b66cfc6fb1982e29df7?s=96&d=mm&r=g","caption":"admin"},"description":"admin","url":"https:\/\/lasentinelle.dz\/author\/admin\/"}]}},"_links":{"self":[{"href":"https:\/\/lasentinelle.dz\/index.php\/wp-json\/wp\/v2\/posts\/67661","targetHints":{"allow":["GET"]}}],"collection":[{"href":"https:\/\/lasentinelle.dz\/index.php\/wp-json\/wp\/v2\/posts"}],"about":[{"href":"https:\/\/lasentinelle.dz\/index.php\/wp-json\/wp\/v2\/types\/post"}],"author":[{"embeddable":true,"href":"https:\/\/lasentinelle.dz\/index.php\/wp-json\/wp\/v2\/users\/6"}],"replies":[{"embeddable":true,"href":"https:\/\/lasentinelle.dz\/index.php\/wp-json\/wp\/v2\/comments?post=67661"}],"version-history":[{"count":1,"href":"https:\/\/lasentinelle.dz\/index.php\/wp-json\/wp\/v2\/posts\/67661\/revisions"}],"predecessor-version":[{"id":67662,"href":"https:\/\/lasentinelle.dz\/index.php\/wp-json\/wp\/v2\/posts\/67661\/revisions\/67662"}],"wp:featuredmedia":[{"embeddable":true,"href":"https:\/\/lasentinelle.dz\/index.php\/wp-json\/wp\/v2\/media\/53189"}],"wp:attachment":[{"href":"https:\/\/lasentinelle.dz\/index.php\/wp-json\/wp\/v2\/media?parent=67661"}],"wp:term":[{"taxonomy":"category","embeddable":true,"href":"https:\/\/lasentinelle.dz\/index.php\/wp-json\/wp\/v2\/categories?post=67661"},{"taxonomy":"post_tag","embeddable":true,"href":"https:\/\/lasentinelle.dz\/index.php\/wp-json\/wp\/v2\/tags?post=67661"}],"curies":[{"name":"wp","href":"https:\/\/api.w.org\/{rel}","templated":true}]}}