{"id":67663,"date":"2025-05-21T12:16:35","date_gmt":"2025-05-21T11:16:35","guid":{"rendered":"https:\/\/lasentinelle.dz\/?p=67663"},"modified":"2025-05-21T12:16:35","modified_gmt":"2025-05-21T11:16:35","slug":"premier-festival-cinematographique-de-biskra-lintelligence-artificielle-dans-le-septieme-art-en-question","status":"publish","type":"post","link":"https:\/\/lasentinelle.dz\/index.php\/2025\/05\/21\/premier-festival-cinematographique-de-biskra-lintelligence-artificielle-dans-le-septieme-art-en-question\/","title":{"rendered":"Premier festival cin\u00e9matographique de Biskra \u00a0: L&rsquo;intelligence artificielle dans le septi\u00e8me art en question"},"content":{"rendered":"\n<p>La salle de cin\u00e9ma Atlas de Biskra a accueilli samedi soir le lancement des premi\u00e8res journ\u00e9es cin\u00e9matographiques plac\u00e9es sous le th\u00e8me \u00ab\u00a0Cin\u00e9ma et Intelligence Artificielle\u00a0\u00bb. Cet \u00e9v\u00e9nement culturel d&rsquo;envergure, organis\u00e9 par l&rsquo;association Qamra pour le cin\u00e9ma et la culture en collaboration avec la direction de la culture de la wilaya de Biskra, marque un tournant dans la sc\u00e8ne artistique locale en confrontant tradition cin\u00e9matographique et innovations technologiques. M Reda Ghersi, directeur de la culture de la wilaya, a pr\u00e9sid\u00e9 la c\u00e9r\u00e9monie d&rsquo;ouverture en pronon\u00e7ant un discours chaleureux dans lequel il a soulign\u00e9 l&rsquo;importance fondamentale du cin\u00e9ma comme expression artistique et culturelle, tout en mettant en exergue le r\u00f4le transformateur des nouvelles technologies et de l&rsquo;intelligence artificielle dans l&rsquo;\u00e9volution de l&rsquo;industrie cin\u00e9matographique. La c\u00e9r\u00e9monie s&rsquo;est d\u00e9roul\u00e9e en pr\u00e9sence des autorit\u00e9s locales et d&rsquo;un public nombreux compos\u00e9 d&rsquo;intellectuels et de passionn\u00e9s du septi\u00e8me art. Le pr\u00e9sident de l&rsquo;assembl\u00e9e populaire communale a \u00e9galement pris la parole avant de c\u00e9der la place \u00e0 une intervention remarquable du journaliste Abdelhamid Zakiri intitul\u00e9e \u00ab\u00a0Histoire du cin\u00e9ma \u00e0 Biskra\u00a0\u00bb, qui a retrac\u00e9 l&rsquo;\u00e9volution du paysage cin\u00e9matographique local et sa contribution significative \u00e0 la culture nationale. Le programme de la soir\u00e9e a \u00e9t\u00e9 enrichi par la projection d&rsquo;un film r\u00e9alis\u00e9 par le cin\u00e9aste Khaled Chenna, qui a \u00e9t\u00e9 chaleureusement accueilli par l&rsquo;assistance. Les participants ont \u00e9galement eu l&rsquo;opportunit\u00e9 de visiter une exposition organis\u00e9e en marge de la manifestation, pr\u00e9sentant une collection de documents et d&rsquo;archives cin\u00e9matographiques qui t\u00e9moignent de l&rsquo;histoire du cin\u00e9ma dans la r\u00e9gion. Ce festival propose un programme riche comprenant des conf\u00e9rences anim\u00e9es par des professeurs sp\u00e9cialis\u00e9s, des projections de films alg\u00e9riens r\u00e9alis\u00e9s par des cin\u00e9astes locaux, suivies de sessions de discussion interactives. L&rsquo;\u00e9v\u00e9nement vise \u00e0 renforcer le paysage culturel et artistique de la wilaya tout en explorant les potentialit\u00e9s offertes par les techniques modernes et l&rsquo;intelligence artificielle dans la cr\u00e9ation cin\u00e9matographique, cr\u00e9ant ainsi un pont entre l&rsquo;h\u00e9ritage cin\u00e9matographique de Biskra et les horizons prometteurs qu&rsquo;offrent les nouvelles technologies dans ce domaine en constante \u00e9volution.<\/p>\n\n\n\n<p>M.S.<\/p>\n","protected":false},"excerpt":{"rendered":"<p>La salle de cin\u00e9ma Atlas de Biskra a accueilli samedi soir le lancement des premi\u00e8res journ\u00e9es cin\u00e9matographiques plac\u00e9es sous le<\/p>\n","protected":false},"author":6,"featured_media":6223,"comment_status":"open","ping_status":"closed","sticky":false,"template":"","format":"standard","meta":{"colormag_page_container_layout":"default_layout","colormag_page_sidebar_layout":"default_layout","om_disable_all_campaigns":false,"_monsterinsights_skip_tracking":false,"_monsterinsights_sitenote_active":false,"_monsterinsights_sitenote_note":"","_monsterinsights_sitenote_category":0,"footnotes":"","_wpscppro_dont_share_socialmedia":false,"_wpscppro_custom_social_share_image":0,"_facebook_share_type":"default","_twitter_share_type":"default","_linkedin_share_type":"default","_pinterest_share_type":"default","_linkedin_share_type_page":"","_instagram_share_type":"default","_medium_share_type":"default","_threads_share_type":"","_google_business_share_type":"","_selected_social_profile":[],"_wpsp_enable_custom_social_template":false,"_wpsp_social_scheduling":{"enabled":false,"datetime":null,"platforms":[],"status":"template_only","dateOption":"today","timeOption":"now","customDays":"","customHours":"","customDate":"","customTime":"","schedulingType":"absolute"},"_wpsp_active_default_template":true},"categories":[36],"tags":[],"class_list":["post-67663","post","type-post","status-publish","format-standard","has-post-thumbnail","hentry","category-culture"],"aioseo_notices":[],"yoast_head":"<!-- This site is optimized with the Yoast SEO plugin v27.5 - https:\/\/yoast.com\/product\/yoast-seo-wordpress\/ -->\n<title>Premier festival cin\u00e9matographique de Biskra \u00a0: L&rsquo;intelligence artificielle dans le septi\u00e8me art en question - La Sentinelle<\/title>\n<meta name=\"robots\" content=\"index, follow, max-snippet:-1, max-image-preview:large, max-video-preview:-1\" \/>\n<link rel=\"canonical\" href=\"https:\/\/lasentinelle.dz\/index.php\/2025\/05\/21\/premier-festival-cinematographique-de-biskra-lintelligence-artificielle-dans-le-septieme-art-en-question\/\" \/>\n<meta property=\"og:locale\" content=\"fr_FR\" \/>\n<meta property=\"og:type\" content=\"article\" \/>\n<meta property=\"og:title\" content=\"Premier festival cin\u00e9matographique de Biskra \u00a0: L&rsquo;intelligence artificielle dans le septi\u00e8me art en question - La Sentinelle\" \/>\n<meta property=\"og:description\" content=\"La salle de cin\u00e9ma Atlas de Biskra a accueilli samedi soir le lancement des premi\u00e8res journ\u00e9es cin\u00e9matographiques plac\u00e9es sous le\" \/>\n<meta property=\"og:url\" content=\"https:\/\/lasentinelle.dz\/index.php\/2025\/05\/21\/premier-festival-cinematographique-de-biskra-lintelligence-artificielle-dans-le-septieme-art-en-question\/\" \/>\n<meta property=\"og:site_name\" content=\"La Sentinelle\" \/>\n<meta property=\"article:publisher\" content=\"https:\/\/www.facebook.com\/La-Sentinelle-104059864394773\" \/>\n<meta property=\"article:published_time\" content=\"2025-05-21T11:16:35+00:00\" \/>\n<meta property=\"og:image\" content=\"https:\/\/lasentinelle.dz\/wp-content\/uploads\/2021\/09\/tournage.jpeg\" \/>\n\t<meta property=\"og:image:width\" content=\"580\" \/>\n\t<meta property=\"og:image:height\" content=\"350\" \/>\n\t<meta property=\"og:image:type\" content=\"image\/jpeg\" \/>\n<meta name=\"author\" content=\"admin\" \/>\n<meta name=\"twitter:card\" content=\"summary_large_image\" \/>\n<meta name=\"twitter:label1\" content=\"\u00c9crit par\" \/>\n\t<meta name=\"twitter:data1\" content=\"admin\" \/>\n\t<meta name=\"twitter:label2\" content=\"Dur\u00e9e de lecture estim\u00e9e\" \/>\n\t<meta name=\"twitter:data2\" content=\"2 minutes\" \/>\n<script type=\"application\/ld+json\" class=\"yoast-schema-graph\">{\"@context\":\"https:\\\/\\\/schema.org\",\"@graph\":[{\"@type\":\"Article\",\"@id\":\"https:\\\/\\\/lasentinelle.dz\\\/index.php\\\/2025\\\/05\\\/21\\\/premier-festival-cinematographique-de-biskra-lintelligence-artificielle-dans-le-septieme-art-en-question\\\/#article\",\"isPartOf\":{\"@id\":\"https:\\\/\\\/lasentinelle.dz\\\/index.php\\\/2025\\\/05\\\/21\\\/premier-festival-cinematographique-de-biskra-lintelligence-artificielle-dans-le-septieme-art-en-question\\\/\"},\"author\":{\"name\":\"admin\",\"@id\":\"https:\\\/\\\/lasentinelle.dz\\\/#\\\/schema\\\/person\\\/729ee0024f24e0b8c5ec17232f8e8b41\"},\"headline\":\"Premier festival cin\u00e9matographique de Biskra \u00a0: L&rsquo;intelligence artificielle dans le septi\u00e8me art en question\",\"datePublished\":\"2025-05-21T11:16:35+00:00\",\"mainEntityOfPage\":{\"@id\":\"https:\\\/\\\/lasentinelle.dz\\\/index.php\\\/2025\\\/05\\\/21\\\/premier-festival-cinematographique-de-biskra-lintelligence-artificielle-dans-le-septieme-art-en-question\\\/\"},\"wordCount\":421,\"commentCount\":0,\"publisher\":{\"@id\":\"https:\\\/\\\/lasentinelle.dz\\\/#organization\"},\"image\":{\"@id\":\"https:\\\/\\\/lasentinelle.dz\\\/index.php\\\/2025\\\/05\\\/21\\\/premier-festival-cinematographique-de-biskra-lintelligence-artificielle-dans-le-septieme-art-en-question\\\/#primaryimage\"},\"thumbnailUrl\":\"https:\\\/\\\/lasentinelle.dz\\\/wp-content\\\/uploads\\\/2021\\\/09\\\/tournage.jpeg\",\"articleSection\":[\"Culture\"],\"inLanguage\":\"fr-FR\",\"potentialAction\":[{\"@type\":\"CommentAction\",\"name\":\"Comment\",\"target\":[\"https:\\\/\\\/lasentinelle.dz\\\/index.php\\\/2025\\\/05\\\/21\\\/premier-festival-cinematographique-de-biskra-lintelligence-artificielle-dans-le-septieme-art-en-question\\\/#respond\"]}]},{\"@type\":\"WebPage\",\"@id\":\"https:\\\/\\\/lasentinelle.dz\\\/index.php\\\/2025\\\/05\\\/21\\\/premier-festival-cinematographique-de-biskra-lintelligence-artificielle-dans-le-septieme-art-en-question\\\/\",\"url\":\"https:\\\/\\\/lasentinelle.dz\\\/index.php\\\/2025\\\/05\\\/21\\\/premier-festival-cinematographique-de-biskra-lintelligence-artificielle-dans-le-septieme-art-en-question\\\/\",\"name\":\"Premier festival cin\u00e9matographique de Biskra \u00a0: L&rsquo;intelligence artificielle dans le septi\u00e8me art en question - La Sentinelle\",\"isPartOf\":{\"@id\":\"https:\\\/\\\/lasentinelle.dz\\\/#website\"},\"primaryImageOfPage\":{\"@id\":\"https:\\\/\\\/lasentinelle.dz\\\/index.php\\\/2025\\\/05\\\/21\\\/premier-festival-cinematographique-de-biskra-lintelligence-artificielle-dans-le-septieme-art-en-question\\\/#primaryimage\"},\"image\":{\"@id\":\"https:\\\/\\\/lasentinelle.dz\\\/index.php\\\/2025\\\/05\\\/21\\\/premier-festival-cinematographique-de-biskra-lintelligence-artificielle-dans-le-septieme-art-en-question\\\/#primaryimage\"},\"thumbnailUrl\":\"https:\\\/\\\/lasentinelle.dz\\\/wp-content\\\/uploads\\\/2021\\\/09\\\/tournage.jpeg\",\"datePublished\":\"2025-05-21T11:16:35+00:00\",\"breadcrumb\":{\"@id\":\"https:\\\/\\\/lasentinelle.dz\\\/index.php\\\/2025\\\/05\\\/21\\\/premier-festival-cinematographique-de-biskra-lintelligence-artificielle-dans-le-septieme-art-en-question\\\/#breadcrumb\"},\"inLanguage\":\"fr-FR\",\"potentialAction\":[{\"@type\":\"ReadAction\",\"target\":[\"https:\\\/\\\/lasentinelle.dz\\\/index.php\\\/2025\\\/05\\\/21\\\/premier-festival-cinematographique-de-biskra-lintelligence-artificielle-dans-le-septieme-art-en-question\\\/\"]}]},{\"@type\":\"ImageObject\",\"inLanguage\":\"fr-FR\",\"@id\":\"https:\\\/\\\/lasentinelle.dz\\\/index.php\\\/2025\\\/05\\\/21\\\/premier-festival-cinematographique-de-biskra-lintelligence-artificielle-dans-le-septieme-art-en-question\\\/#primaryimage\",\"url\":\"https:\\\/\\\/lasentinelle.dz\\\/wp-content\\\/uploads\\\/2021\\\/09\\\/tournage.jpeg\",\"contentUrl\":\"https:\\\/\\\/lasentinelle.dz\\\/wp-content\\\/uploads\\\/2021\\\/09\\\/tournage.jpeg\",\"width\":580,\"height\":350},{\"@type\":\"BreadcrumbList\",\"@id\":\"https:\\\/\\\/lasentinelle.dz\\\/index.php\\\/2025\\\/05\\\/21\\\/premier-festival-cinematographique-de-biskra-lintelligence-artificielle-dans-le-septieme-art-en-question\\\/#breadcrumb\",\"itemListElement\":[{\"@type\":\"ListItem\",\"position\":1,\"name\":\"Accueil\",\"item\":\"https:\\\/\\\/lasentinelle.dz\\\/\"},{\"@type\":\"ListItem\",\"position\":2,\"name\":\"Premier festival cin\u00e9matographique de Biskra \u00a0: L&rsquo;intelligence artificielle dans le septi\u00e8me art en question\"}]},{\"@type\":\"WebSite\",\"@id\":\"https:\\\/\\\/lasentinelle.dz\\\/#website\",\"url\":\"https:\\\/\\\/lasentinelle.dz\\\/\",\"name\":\"La Sentinelle\",\"description\":\"Quotidien national d&#039;information\",\"publisher\":{\"@id\":\"https:\\\/\\\/lasentinelle.dz\\\/#organization\"},\"potentialAction\":[{\"@type\":\"SearchAction\",\"target\":{\"@type\":\"EntryPoint\",\"urlTemplate\":\"https:\\\/\\\/lasentinelle.dz\\\/?s={search_term_string}\"},\"query-input\":{\"@type\":\"PropertyValueSpecification\",\"valueRequired\":true,\"valueName\":\"search_term_string\"}}],\"inLanguage\":\"fr-FR\"},{\"@type\":\"Organization\",\"@id\":\"https:\\\/\\\/lasentinelle.dz\\\/#organization\",\"name\":\"Quotidien La Sentinelle\",\"url\":\"https:\\\/\\\/lasentinelle.dz\\\/\",\"logo\":{\"@type\":\"ImageObject\",\"inLanguage\":\"fr-FR\",\"@id\":\"https:\\\/\\\/lasentinelle.dz\\\/#\\\/schema\\\/logo\\\/image\\\/\",\"url\":\"https:\\\/\\\/lasentinelle.dz\\\/wp-content\\\/uploads\\\/2021\\\/09\\\/logo-sentinelleSLOGAN-1.png\",\"contentUrl\":\"https:\\\/\\\/lasentinelle.dz\\\/wp-content\\\/uploads\\\/2021\\\/09\\\/logo-sentinelleSLOGAN-1.png\",\"width\":615,\"height\":142,\"caption\":\"Quotidien La Sentinelle\"},\"image\":{\"@id\":\"https:\\\/\\\/lasentinelle.dz\\\/#\\\/schema\\\/logo\\\/image\\\/\"},\"sameAs\":[\"https:\\\/\\\/www.facebook.com\\\/La-Sentinelle-104059864394773\"]},{\"@type\":\"Person\",\"@id\":\"https:\\\/\\\/lasentinelle.dz\\\/#\\\/schema\\\/person\\\/729ee0024f24e0b8c5ec17232f8e8b41\",\"name\":\"admin\",\"image\":{\"@type\":\"ImageObject\",\"inLanguage\":\"fr-FR\",\"@id\":\"https:\\\/\\\/secure.gravatar.com\\\/avatar\\\/4c81fed838786e9b53f540bf46533e750f5d292099ae3b66cfc6fb1982e29df7?s=96&d=mm&r=g\",\"url\":\"https:\\\/\\\/secure.gravatar.com\\\/avatar\\\/4c81fed838786e9b53f540bf46533e750f5d292099ae3b66cfc6fb1982e29df7?s=96&d=mm&r=g\",\"contentUrl\":\"https:\\\/\\\/secure.gravatar.com\\\/avatar\\\/4c81fed838786e9b53f540bf46533e750f5d292099ae3b66cfc6fb1982e29df7?s=96&d=mm&r=g\",\"caption\":\"admin\"},\"description\":\"admin\",\"url\":\"https:\\\/\\\/lasentinelle.dz\\\/author\\\/admin\\\/\"}]}<\/script>\n<!-- \/ Yoast SEO plugin. -->","yoast_head_json":{"title":"Premier festival cin\u00e9matographique de Biskra \u00a0: L&rsquo;intelligence artificielle dans le septi\u00e8me art en question - La Sentinelle","robots":{"index":"index","follow":"follow","max-snippet":"max-snippet:-1","max-image-preview":"max-image-preview:large","max-video-preview":"max-video-preview:-1"},"canonical":"https:\/\/lasentinelle.dz\/index.php\/2025\/05\/21\/premier-festival-cinematographique-de-biskra-lintelligence-artificielle-dans-le-septieme-art-en-question\/","og_locale":"fr_FR","og_type":"article","og_title":"Premier festival cin\u00e9matographique de Biskra \u00a0: L&rsquo;intelligence artificielle dans le septi\u00e8me art en question - La Sentinelle","og_description":"La salle de cin\u00e9ma Atlas de Biskra a accueilli samedi soir le lancement des premi\u00e8res journ\u00e9es cin\u00e9matographiques plac\u00e9es sous le","og_url":"https:\/\/lasentinelle.dz\/index.php\/2025\/05\/21\/premier-festival-cinematographique-de-biskra-lintelligence-artificielle-dans-le-septieme-art-en-question\/","og_site_name":"La Sentinelle","article_publisher":"https:\/\/www.facebook.com\/La-Sentinelle-104059864394773","article_published_time":"2025-05-21T11:16:35+00:00","og_image":[{"width":580,"height":350,"url":"https:\/\/lasentinelle.dz\/wp-content\/uploads\/2021\/09\/tournage.jpeg","type":"image\/jpeg"}],"author":"admin","twitter_card":"summary_large_image","twitter_misc":{"\u00c9crit par":"admin","Dur\u00e9e de lecture estim\u00e9e":"2 minutes"},"schema":{"@context":"https:\/\/schema.org","@graph":[{"@type":"Article","@id":"https:\/\/lasentinelle.dz\/index.php\/2025\/05\/21\/premier-festival-cinematographique-de-biskra-lintelligence-artificielle-dans-le-septieme-art-en-question\/#article","isPartOf":{"@id":"https:\/\/lasentinelle.dz\/index.php\/2025\/05\/21\/premier-festival-cinematographique-de-biskra-lintelligence-artificielle-dans-le-septieme-art-en-question\/"},"author":{"name":"admin","@id":"https:\/\/lasentinelle.dz\/#\/schema\/person\/729ee0024f24e0b8c5ec17232f8e8b41"},"headline":"Premier festival cin\u00e9matographique de Biskra \u00a0: L&rsquo;intelligence artificielle dans le septi\u00e8me art en question","datePublished":"2025-05-21T11:16:35+00:00","mainEntityOfPage":{"@id":"https:\/\/lasentinelle.dz\/index.php\/2025\/05\/21\/premier-festival-cinematographique-de-biskra-lintelligence-artificielle-dans-le-septieme-art-en-question\/"},"wordCount":421,"commentCount":0,"publisher":{"@id":"https:\/\/lasentinelle.dz\/#organization"},"image":{"@id":"https:\/\/lasentinelle.dz\/index.php\/2025\/05\/21\/premier-festival-cinematographique-de-biskra-lintelligence-artificielle-dans-le-septieme-art-en-question\/#primaryimage"},"thumbnailUrl":"https:\/\/lasentinelle.dz\/wp-content\/uploads\/2021\/09\/tournage.jpeg","articleSection":["Culture"],"inLanguage":"fr-FR","potentialAction":[{"@type":"CommentAction","name":"Comment","target":["https:\/\/lasentinelle.dz\/index.php\/2025\/05\/21\/premier-festival-cinematographique-de-biskra-lintelligence-artificielle-dans-le-septieme-art-en-question\/#respond"]}]},{"@type":"WebPage","@id":"https:\/\/lasentinelle.dz\/index.php\/2025\/05\/21\/premier-festival-cinematographique-de-biskra-lintelligence-artificielle-dans-le-septieme-art-en-question\/","url":"https:\/\/lasentinelle.dz\/index.php\/2025\/05\/21\/premier-festival-cinematographique-de-biskra-lintelligence-artificielle-dans-le-septieme-art-en-question\/","name":"Premier festival cin\u00e9matographique de Biskra \u00a0: L&rsquo;intelligence artificielle dans le septi\u00e8me art en question - La Sentinelle","isPartOf":{"@id":"https:\/\/lasentinelle.dz\/#website"},"primaryImageOfPage":{"@id":"https:\/\/lasentinelle.dz\/index.php\/2025\/05\/21\/premier-festival-cinematographique-de-biskra-lintelligence-artificielle-dans-le-septieme-art-en-question\/#primaryimage"},"image":{"@id":"https:\/\/lasentinelle.dz\/index.php\/2025\/05\/21\/premier-festival-cinematographique-de-biskra-lintelligence-artificielle-dans-le-septieme-art-en-question\/#primaryimage"},"thumbnailUrl":"https:\/\/lasentinelle.dz\/wp-content\/uploads\/2021\/09\/tournage.jpeg","datePublished":"2025-05-21T11:16:35+00:00","breadcrumb":{"@id":"https:\/\/lasentinelle.dz\/index.php\/2025\/05\/21\/premier-festival-cinematographique-de-biskra-lintelligence-artificielle-dans-le-septieme-art-en-question\/#breadcrumb"},"inLanguage":"fr-FR","potentialAction":[{"@type":"ReadAction","target":["https:\/\/lasentinelle.dz\/index.php\/2025\/05\/21\/premier-festival-cinematographique-de-biskra-lintelligence-artificielle-dans-le-septieme-art-en-question\/"]}]},{"@type":"ImageObject","inLanguage":"fr-FR","@id":"https:\/\/lasentinelle.dz\/index.php\/2025\/05\/21\/premier-festival-cinematographique-de-biskra-lintelligence-artificielle-dans-le-septieme-art-en-question\/#primaryimage","url":"https:\/\/lasentinelle.dz\/wp-content\/uploads\/2021\/09\/tournage.jpeg","contentUrl":"https:\/\/lasentinelle.dz\/wp-content\/uploads\/2021\/09\/tournage.jpeg","width":580,"height":350},{"@type":"BreadcrumbList","@id":"https:\/\/lasentinelle.dz\/index.php\/2025\/05\/21\/premier-festival-cinematographique-de-biskra-lintelligence-artificielle-dans-le-septieme-art-en-question\/#breadcrumb","itemListElement":[{"@type":"ListItem","position":1,"name":"Accueil","item":"https:\/\/lasentinelle.dz\/"},{"@type":"ListItem","position":2,"name":"Premier festival cin\u00e9matographique de Biskra \u00a0: L&rsquo;intelligence artificielle dans le septi\u00e8me art en question"}]},{"@type":"WebSite","@id":"https:\/\/lasentinelle.dz\/#website","url":"https:\/\/lasentinelle.dz\/","name":"La Sentinelle","description":"Quotidien national d&#039;information","publisher":{"@id":"https:\/\/lasentinelle.dz\/#organization"},"potentialAction":[{"@type":"SearchAction","target":{"@type":"EntryPoint","urlTemplate":"https:\/\/lasentinelle.dz\/?s={search_term_string}"},"query-input":{"@type":"PropertyValueSpecification","valueRequired":true,"valueName":"search_term_string"}}],"inLanguage":"fr-FR"},{"@type":"Organization","@id":"https:\/\/lasentinelle.dz\/#organization","name":"Quotidien La Sentinelle","url":"https:\/\/lasentinelle.dz\/","logo":{"@type":"ImageObject","inLanguage":"fr-FR","@id":"https:\/\/lasentinelle.dz\/#\/schema\/logo\/image\/","url":"https:\/\/lasentinelle.dz\/wp-content\/uploads\/2021\/09\/logo-sentinelleSLOGAN-1.png","contentUrl":"https:\/\/lasentinelle.dz\/wp-content\/uploads\/2021\/09\/logo-sentinelleSLOGAN-1.png","width":615,"height":142,"caption":"Quotidien La Sentinelle"},"image":{"@id":"https:\/\/lasentinelle.dz\/#\/schema\/logo\/image\/"},"sameAs":["https:\/\/www.facebook.com\/La-Sentinelle-104059864394773"]},{"@type":"Person","@id":"https:\/\/lasentinelle.dz\/#\/schema\/person\/729ee0024f24e0b8c5ec17232f8e8b41","name":"admin","image":{"@type":"ImageObject","inLanguage":"fr-FR","@id":"https:\/\/secure.gravatar.com\/avatar\/4c81fed838786e9b53f540bf46533e750f5d292099ae3b66cfc6fb1982e29df7?s=96&d=mm&r=g","url":"https:\/\/secure.gravatar.com\/avatar\/4c81fed838786e9b53f540bf46533e750f5d292099ae3b66cfc6fb1982e29df7?s=96&d=mm&r=g","contentUrl":"https:\/\/secure.gravatar.com\/avatar\/4c81fed838786e9b53f540bf46533e750f5d292099ae3b66cfc6fb1982e29df7?s=96&d=mm&r=g","caption":"admin"},"description":"admin","url":"https:\/\/lasentinelle.dz\/author\/admin\/"}]}},"_links":{"self":[{"href":"https:\/\/lasentinelle.dz\/index.php\/wp-json\/wp\/v2\/posts\/67663","targetHints":{"allow":["GET"]}}],"collection":[{"href":"https:\/\/lasentinelle.dz\/index.php\/wp-json\/wp\/v2\/posts"}],"about":[{"href":"https:\/\/lasentinelle.dz\/index.php\/wp-json\/wp\/v2\/types\/post"}],"author":[{"embeddable":true,"href":"https:\/\/lasentinelle.dz\/index.php\/wp-json\/wp\/v2\/users\/6"}],"replies":[{"embeddable":true,"href":"https:\/\/lasentinelle.dz\/index.php\/wp-json\/wp\/v2\/comments?post=67663"}],"version-history":[{"count":2,"href":"https:\/\/lasentinelle.dz\/index.php\/wp-json\/wp\/v2\/posts\/67663\/revisions"}],"predecessor-version":[{"id":67665,"href":"https:\/\/lasentinelle.dz\/index.php\/wp-json\/wp\/v2\/posts\/67663\/revisions\/67665"}],"wp:featuredmedia":[{"embeddable":true,"href":"https:\/\/lasentinelle.dz\/index.php\/wp-json\/wp\/v2\/media\/6223"}],"wp:attachment":[{"href":"https:\/\/lasentinelle.dz\/index.php\/wp-json\/wp\/v2\/media?parent=67663"}],"wp:term":[{"taxonomy":"category","embeddable":true,"href":"https:\/\/lasentinelle.dz\/index.php\/wp-json\/wp\/v2\/categories?post=67663"},{"taxonomy":"post_tag","embeddable":true,"href":"https:\/\/lasentinelle.dz\/index.php\/wp-json\/wp\/v2\/tags?post=67663"}],"curies":[{"name":"wp","href":"https:\/\/api.w.org\/{rel}","templated":true}]}}